{"id":168428,"date":"2022-05-26T17:22:49","date_gmt":"2022-05-26T20:22:49","guid":{"rendered":"https:\/\/experienciadevida.com.ar\/portalurbano\/?p=168428"},"modified":"2022-05-26T17:23:40","modified_gmt":"2022-05-26T20:23:40","slug":"jornada-por-la-soberania-alimentaria-en-insurgente-espacio-cultural","status":"publish","type":"post","link":"https:\/\/experienciadevida.com.ar\/portalurbano\/jornada-por-la-soberania-alimentaria-en-insurgente-espacio-cultural\/","title":{"rendered":"Jornada por la soberan\u00eda alimentaria en Insurgente espacio cultural"},"content":{"rendered":"<p>Jornada por la soberan\u00eda alimentaria en <a href=\"https:\/\/www.facebook.com\/Insurgente-Espacio-Cultural-Independiente-506213226198656\">Insurgente<\/a> espacio cultural, ser\u00e1 este domingo 29 de mayo desde las 14 hs se desarrollar\u00e1 una jornada por la soberan\u00eda alimentaria, que constar\u00e1 de diferentes actividades simult\u00e1neas.<\/p>\n<p>Desde las 14 hs se abrir\u00e1 el espacio para realizar un intercambio de semillas. Las personas interesadas podr\u00e1n acceder a nuevas variedades para sus huertos y compartir las suyas.<\/p>\n<p>A las 14:30 hs se dar\u00e1 comienzo a un taller de huerta, con modalidad te\u00f3rico-pr\u00e1ctico, a cargo de Lotta y Leo de huerta \u201cLa Cahuina\u201d. Mientras se acondiciona la huerta del espacio, se compartir\u00e1n saberes sobre las buenas pr\u00e1cticas agrarias, haciendo hincapi\u00e9 en la construcci\u00f3n del sustrato para el huerto y su relaci\u00f3n con el entorno. El valor del taller ser\u00e1 a colaboraci\u00f3n.<\/p>\n<p>En simult\u00e1neo se estar\u00e1n proyectando audiovisuales relacionados a la tem\u00e1tica que nos convoca. Adem\u00e1s habr\u00e1 feria de libros y producciones agroecol\u00f3gicas locales.<\/p>\n<p>A las 16:30 hs se realizar\u00e1 el conversatorio Soberan\u00eda alimentaria: Semillas-Cuerpos-Territorios<\/p>\n<p>Semillas: Breve rese\u00f1a del t\u00e9rmino soberan\u00eda alimentaria. El cuidado de las semillas. Recorrido hist\u00f3rico del policultivo al monocultivo. Alimentos en Argentina. Leyes y pactos internacionales del cuidado del medio ambiente.<\/p>\n<p>A cargo de Raquel Leguizamon, integrante de la red de abogados por la soberan\u00eda alimentaria.<\/p>\n<p>Cuerpos: Diversidad corporal. Despatologizaci\u00f3n de la gordura. La alimentaci\u00f3n y el acceso a los alimentos. Ley de etiquetado frontal. Trigo transg\u00e9nico hb4.<\/p>\n<p>A cargo de Paloma Carlos, estudiante de antropolog\u00eda social y activista gorde.<\/p>\n<p>Territorios: Territorialidades y pedagog\u00edas en disputa. Los proyectos extractivistas y las resistencias sociales en el Abya Yala.<\/p>\n<p>A cargo de Pa\u00f1uelos en Rebeld\u00eda (Tandil)<\/p>\n<p>&nbsp;<\/p>\n<p>Entrada libre. Servicio de Cantina.<\/p>\n","protected":false},"excerpt":{"rendered":"<p>Jornada por la soberan\u00eda alimentaria en Insurgente espacio cultural, ser\u00e1 este domingo 29 de mayo&#8230;<\/p>\n","protected":false},"author":1,"featured_media":168429,"comment_status":"closed","ping_status":"closed","sticky":false,"template":"","format":"standard","meta":{"content-type":""},"categories":[27],"tags":[],"nelio_content":{"isAutoShareEnabled":false,"autoShareEndMode":"default","automationSources":{"useContentSentences":true,"useSocialTemplates":true,"useCustomSentences":false,"customSentences":[]},"followers":[1],"suggestedReferences":[],"includedReferences":[],"efiUrl":"","efiAlt":"","highlights":[]},"yoast_head":"<!-- This site is optimized with the Yoast SEO plugin v20.7 - https:\/\/yoast.com\/wordpress\/plugins\/seo\/ -->\n<title>Jornada por la soberan\u00eda alimentaria en Isurgente espacio cultural<\/title>\n<meta name=\"description\" content=\"Jornada por la soberan\u00eda alimentaria en Insurgente espacio cultural, ser\u00e1 este domingo 29 de mayo desde las 14 hs\" \/>\n<meta name=\"robots\" content=\"index, follow, max-snippet:-1, max-image-preview:large, max-video-preview:-1\" \/>\n<link rel=\"canonical\" href=\"https:\/\/experienciadevida.com.ar\/portalurbano\/jornada-por-la-soberania-alimentaria-en-insurgente-espacio-cultural\/\" \/>\n<meta property=\"og:locale\" content=\"es_ES\" \/>\n<meta property=\"og:type\" content=\"article\" \/>\n<meta property=\"og:title\" content=\"Jornada por la soberan\u00eda alimentaria en Isurgente espacio cultural\" \/>\n<meta property=\"og:description\" content=\"Jornada por la soberan\u00eda alimentaria en Insurgente espacio cultural, ser\u00e1 este domingo 29 de mayo desde las 14 hs\" \/>\n<meta property=\"og:url\" content=\"https:\/\/experienciadevida.com.ar\/portalurbano\/jornada-por-la-soberania-alimentaria-en-insurgente-espacio-cultural\/\" \/>\n<meta property=\"article:publisher\" content=\"https:\/\/www.facebook.com\/Portal-Urbano-171542830093757\/\" \/>\n<meta property=\"article:published_time\" content=\"2022-05-26T20:22:49+00:00\" \/>\n<meta property=\"article:modified_time\" content=\"2022-05-26T20:23:40+00:00\" \/>\n<meta property=\"og:image\" content=\"https:\/\/experienciadevida.com.ar\/portalurbano\/wp-content\/uploads\/2022\/05\/Jornada-por-la-soberania.jpg\" \/>\n\t<meta property=\"og:image:width\" content=\"600\" \/>\n\t<meta property=\"og:image:height\" content=\"452\" \/>\n\t<meta property=\"og:image:type\" content=\"image\/jpeg\" \/>\n<meta name=\"author\" content=\"admpu17wp\" \/>\n<meta name=\"twitter:card\" content=\"summary_large_image\" \/>\n<meta name=\"twitter:creator\" content=\"@portalurbanook\" \/>\n<meta name=\"twitter:site\" content=\"@portalurbanook\" \/>\n<meta name=\"twitter:label1\" content=\"Escrito por\" \/>\n\t<meta name=\"twitter:data1\" content=\"admpu17wp\" \/>\n\t<meta name=\"twitter:label2\" content=\"Tiempo de lectura\" \/>\n\t<meta name=\"twitter:data2\" content=\"2 minutos\" \/>\n<script type=\"application\/ld+json\" class=\"yoast-schema-graph\">{\"@context\":\"https:\/\/schema.org\",\"@graph\":[{\"@type\":\"Article\",\"@id\":\"https:\/\/experienciadevida.com.ar\/portalurbano\/jornada-por-la-soberania-alimentaria-en-insurgente-espacio-cultural\/#article\",\"isPartOf\":{\"@id\":\"https:\/\/experienciadevida.com.ar\/portalurbano\/jornada-por-la-soberania-alimentaria-en-insurgente-espacio-cultural\/\"},\"author\":{\"name\":\"admpu17wp\",\"@id\":\"https:\/\/experienciadevida.com.ar\/portalurbano\/#\/schema\/person\/02dd326b1c4b056e9cc972486934a3a7\"},\"headline\":\"Jornada por la soberan\u00eda alimentaria en Insurgente espacio cultural\",\"datePublished\":\"2022-05-26T20:22:49+00:00\",\"dateModified\":\"2022-05-26T20:23:40+00:00\",\"mainEntityOfPage\":{\"@id\":\"https:\/\/experienciadevida.com.ar\/portalurbano\/jornada-por-la-soberania-alimentaria-en-insurgente-espacio-cultural\/\"},\"wordCount\":301,\"publisher\":{\"@id\":\"https:\/\/experienciadevida.com.ar\/portalurbano\/#organization\"},\"articleSection\":[\"Ciudad\"],\"inLanguage\":\"es\"},{\"@type\":\"WebPage\",\"@id\":\"https:\/\/experienciadevida.com.ar\/portalurbano\/jornada-por-la-soberania-alimentaria-en-insurgente-espacio-cultural\/\",\"url\":\"https:\/\/experienciadevida.com.ar\/portalurbano\/jornada-por-la-soberania-alimentaria-en-insurgente-espacio-cultural\/\",\"name\":\"Jornada por la soberan\u00eda alimentaria en Isurgente espacio cultural\",\"isPartOf\":{\"@id\":\"https:\/\/experienciadevida.com.ar\/portalurbano\/#website\"},\"datePublished\":\"2022-05-26T20:22:49+00:00\",\"dateModified\":\"2022-05-26T20:23:40+00:00\",\"description\":\"Jornada por la soberan\u00eda alimentaria en Insurgente espacio cultural, ser\u00e1 este domingo 29 de mayo desde las 14 hs\",\"breadcrumb\":{\"@id\":\"https:\/\/experienciadevida.com.ar\/portalurbano\/jornada-por-la-soberania-alimentaria-en-insurgente-espacio-cultural\/#breadcrumb\"},\"inLanguage\":\"es\",\"potentialAction\":[{\"@type\":\"ReadAction\",\"target\":[\"https:\/\/experienciadevida.com.ar\/portalurbano\/jornada-por-la-soberania-alimentaria-en-insurgente-espacio-cultural\/\"]}]},{\"@type\":\"BreadcrumbList\",\"@id\":\"https:\/\/experienciadevida.com.ar\/portalurbano\/jornada-por-la-soberania-alimentaria-en-insurgente-espacio-cultural\/#breadcrumb\",\"itemListElement\":[{\"@type\":\"ListItem\",\"position\":1,\"name\":\"Portada\",\"item\":\"https:\/\/experienciadevida.com.ar\/portalurbano\/\"},{\"@type\":\"ListItem\",\"position\":2,\"name\":\"Jornada por la soberan\u00eda alimentaria en Insurgente espacio cultural\"}]},{\"@type\":\"WebSite\",\"@id\":\"https:\/\/experienciadevida.com.ar\/portalurbano\/#website\",\"url\":\"https:\/\/experienciadevida.com.ar\/portalurbano\/\",\"name\":\"\",\"description\":\"\",\"publisher\":{\"@id\":\"https:\/\/experienciadevida.com.ar\/portalurbano\/#organization\"},\"potentialAction\":[{\"@type\":\"SearchAction\",\"target\":{\"@type\":\"EntryPoint\",\"urlTemplate\":\"https:\/\/experienciadevida.com.ar\/portalurbano\/?s={search_term_string}\"},\"query-input\":\"required name=search_term_string\"}],\"inLanguage\":\"es\"},{\"@type\":\"Organization\",\"@id\":\"https:\/\/experienciadevida.com.ar\/portalurbano\/#organization\",\"name\":\"Portal Urbano\",\"url\":\"https:\/\/experienciadevida.com.ar\/portalurbano\/\",\"logo\":{\"@type\":\"ImageObject\",\"inLanguage\":\"es\",\"@id\":\"https:\/\/experienciadevida.com.ar\/portalurbano\/#\/schema\/logo\/image\/\",\"url\":\"https:\/\/experienciadevida.com.ar\/portalurbano\/wp-content\/uploads\/2019\/09\/Logo-Original.png\",\"contentUrl\":\"https:\/\/experienciadevida.com.ar\/portalurbano\/wp-content\/uploads\/2019\/09\/Logo-Original.png\",\"width\":2236,\"height\":1216,\"caption\":\"Portal Urbano\"},\"image\":{\"@id\":\"https:\/\/experienciadevida.com.ar\/portalurbano\/#\/schema\/logo\/image\/\"},\"sameAs\":[\"https:\/\/www.facebook.com\/Portal-Urbano-171542830093757\/\",\"https:\/\/twitter.com\/portalurbanook\",\"https:\/\/www.instagram.com\/_portalurbano\/\",\"https:\/\/www.youtube.com\/channel\/UCXhagIfszH8KxFiOok79zbA?view_as=subscriber\"]},{\"@type\":\"Person\",\"@id\":\"https:\/\/experienciadevida.com.ar\/portalurbano\/#\/schema\/person\/02dd326b1c4b056e9cc972486934a3a7\",\"name\":\"admpu17wp\",\"image\":{\"@type\":\"ImageObject\",\"inLanguage\":\"es\",\"@id\":\"https:\/\/experienciadevida.com.ar\/portalurbano\/#\/schema\/person\/image\/\",\"url\":\"https:\/\/secure.gravatar.com\/avatar\/830d4c57adaae6630765e449a6908047?s=96&d=mm&r=g\",\"contentUrl\":\"https:\/\/secure.gravatar.com\/avatar\/830d4c57adaae6630765e449a6908047?s=96&d=mm&r=g\",\"caption\":\"admpu17wp\"}}]}<\/script>\n<!-- \/ Yoast SEO plugin. -->","yoast_head_json":{"title":"Jornada por la soberan\u00eda alimentaria en Isurgente espacio cultural","description":"Jornada por la soberan\u00eda alimentaria en Insurgente espacio cultural, ser\u00e1 este domingo 29 de mayo desde las 14 hs","robots":{"index":"index","follow":"follow","max-snippet":"max-snippet:-1","max-image-preview":"max-image-preview:large","max-video-preview":"max-video-preview:-1"},"canonical":"https:\/\/experienciadevida.com.ar\/portalurbano\/jornada-por-la-soberania-alimentaria-en-insurgente-espacio-cultural\/","og_locale":"es_ES","og_type":"article","og_title":"Jornada por la soberan\u00eda alimentaria en Isurgente espacio cultural","og_description":"Jornada por la soberan\u00eda alimentaria en Insurgente espacio cultural, ser\u00e1 este domingo 29 de mayo desde las 14 hs","og_url":"https:\/\/experienciadevida.com.ar\/portalurbano\/jornada-por-la-soberania-alimentaria-en-insurgente-espacio-cultural\/","article_publisher":"https:\/\/www.facebook.com\/Portal-Urbano-171542830093757\/","article_published_time":"2022-05-26T20:22:49+00:00","article_modified_time":"2022-05-26T20:23:40+00:00","og_image":[{"width":600,"height":452,"url":"https:\/\/experienciadevida.com.ar\/portalurbano\/wp-content\/uploads\/2022\/05\/Jornada-por-la-soberania.jpg","type":"image\/jpeg"}],"author":"admpu17wp","twitter_card":"summary_large_image","twitter_creator":"@portalurbanook","twitter_site":"@portalurbanook","twitter_misc":{"Escrito por":"admpu17wp","Tiempo de lectura":"2 minutos"},"schema":{"@context":"https:\/\/schema.org","@graph":[{"@type":"Article","@id":"https:\/\/experienciadevida.com.ar\/portalurbano\/jornada-por-la-soberania-alimentaria-en-insurgente-espacio-cultural\/#article","isPartOf":{"@id":"https:\/\/experienciadevida.com.ar\/portalurbano\/jornada-por-la-soberania-alimentaria-en-insurgente-espacio-cultural\/"},"author":{"name":"admpu17wp","@id":"https:\/\/experienciadevida.com.ar\/portalurbano\/#\/schema\/person\/02dd326b1c4b056e9cc972486934a3a7"},"headline":"Jornada por la soberan\u00eda alimentaria en Insurgente espacio cultural","datePublished":"2022-05-26T20:22:49+00:00","dateModified":"2022-05-26T20:23:40+00:00","mainEntityOfPage":{"@id":"https:\/\/experienciadevida.com.ar\/portalurbano\/jornada-por-la-soberania-alimentaria-en-insurgente-espacio-cultural\/"},"wordCount":301,"publisher":{"@id":"https:\/\/experienciadevida.com.ar\/portalurbano\/#organization"},"articleSection":["Ciudad"],"inLanguage":"es"},{"@type":"WebPage","@id":"https:\/\/experienciadevida.com.ar\/portalurbano\/jornada-por-la-soberania-alimentaria-en-insurgente-espacio-cultural\/","url":"https:\/\/experienciadevida.com.ar\/portalurbano\/jornada-por-la-soberania-alimentaria-en-insurgente-espacio-cultural\/","name":"Jornada por la soberan\u00eda alimentaria en Isurgente espacio cultural","isPartOf":{"@id":"https:\/\/experienciadevida.com.ar\/portalurbano\/#website"},"datePublished":"2022-05-26T20:22:49+00:00","dateModified":"2022-05-26T20:23:40+00:00","description":"Jornada por la soberan\u00eda alimentaria en Insurgente espacio cultural, ser\u00e1 este domingo 29 de mayo desde las 14 hs","breadcrumb":{"@id":"https:\/\/experienciadevida.com.ar\/portalurbano\/jornada-por-la-soberania-alimentaria-en-insurgente-espacio-cultural\/#breadcrumb"},"inLanguage":"es","potentialAction":[{"@type":"ReadAction","target":["https:\/\/experienciadevida.com.ar\/portalurbano\/jornada-por-la-soberania-alimentaria-en-insurgente-espacio-cultural\/"]}]},{"@type":"BreadcrumbList","@id":"https:\/\/experienciadevida.com.ar\/portalurbano\/jornada-por-la-soberania-alimentaria-en-insurgente-espacio-cultural\/#breadcrumb","itemListElement":[{"@type":"ListItem","position":1,"name":"Portada","item":"https:\/\/experienciadevida.com.ar\/portalurbano\/"},{"@type":"ListItem","position":2,"name":"Jornada por la soberan\u00eda alimentaria en Insurgente espacio cultural"}]},{"@type":"WebSite","@id":"https:\/\/experienciadevida.com.ar\/portalurbano\/#website","url":"https:\/\/experienciadevida.com.ar\/portalurbano\/","name":"","description":"","publisher":{"@id":"https:\/\/experienciadevida.com.ar\/portalurbano\/#organization"},"potentialAction":[{"@type":"SearchAction","target":{"@type":"EntryPoint","urlTemplate":"https:\/\/experienciadevida.com.ar\/portalurbano\/?s={search_term_string}"},"query-input":"required name=search_term_string"}],"inLanguage":"es"},{"@type":"Organization","@id":"https:\/\/experienciadevida.com.ar\/portalurbano\/#organization","name":"Portal Urbano","url":"https:\/\/experienciadevida.com.ar\/portalurbano\/","logo":{"@type":"ImageObject","inLanguage":"es","@id":"https:\/\/experienciadevida.com.ar\/portalurbano\/#\/schema\/logo\/image\/","url":"https:\/\/experienciadevida.com.ar\/portalurbano\/wp-content\/uploads\/2019\/09\/Logo-Original.png","contentUrl":"https:\/\/experienciadevida.com.ar\/portalurbano\/wp-content\/uploads\/2019\/09\/Logo-Original.png","width":2236,"height":1216,"caption":"Portal Urbano"},"image":{"@id":"https:\/\/experienciadevida.com.ar\/portalurbano\/#\/schema\/logo\/image\/"},"sameAs":["https:\/\/www.facebook.com\/Portal-Urbano-171542830093757\/","https:\/\/twitter.com\/portalurbanook","https:\/\/www.instagram.com\/_portalurbano\/","https:\/\/www.youtube.com\/channel\/UCXhagIfszH8KxFiOok79zbA?view_as=subscriber"]},{"@type":"Person","@id":"https:\/\/experienciadevida.com.ar\/portalurbano\/#\/schema\/person\/02dd326b1c4b056e9cc972486934a3a7","name":"admpu17wp","image":{"@type":"ImageObject","inLanguage":"es","@id":"https:\/\/experienciadevida.com.ar\/portalurbano\/#\/schema\/person\/image\/","url":"https:\/\/secure.gravatar.com\/avatar\/830d4c57adaae6630765e449a6908047?s=96&d=mm&r=g","contentUrl":"https:\/\/secure.gravatar.com\/avatar\/830d4c57adaae6630765e449a6908047?s=96&d=mm&r=g","caption":"admpu17wp"}}]}},"featured_image_urls":{"full":["https:\/\/experienciadevida.com.ar\/portalurbano\/wp-content\/uploads\/2022\/05\/Jornada-por-la-soberania.jpg",600,452,false],"thumbnail":["https:\/\/experienciadevida.com.ar\/portalurbano\/wp-content\/uploads\/2022\/05\/Jornada-por-la-soberania-150x150.jpg",150,150,true],"medium":["https:\/\/experienciadevida.com.ar\/portalurbano\/wp-content\/uploads\/2022\/05\/Jornada-por-la-soberania-300x226.jpg",300,226,true],"medium_large":["https:\/\/experienciadevida.com.ar\/portalurbano\/wp-content\/uploads\/2022\/05\/Jornada-por-la-soberania.jpg",600,452,false],"large":["https:\/\/experienciadevida.com.ar\/portalurbano\/wp-content\/uploads\/2022\/05\/Jornada-por-la-soberania.jpg",600,452,false],"ug_big":["https:\/\/experienciadevida.com.ar\/portalurbano\/wp-content\/uploads\/2022\/05\/Jornada-por-la-soberania.jpg",600,452,false],"1536x1536":["https:\/\/experienciadevida.com.ar\/portalurbano\/wp-content\/uploads\/2022\/05\/Jornada-por-la-soberania.jpg",600,452,false],"2048x2048":["https:\/\/experienciadevida.com.ar\/portalurbano\/wp-content\/uploads\/2022\/05\/Jornada-por-la-soberania.jpg",600,452,false],"newsever-slider-full":["https:\/\/experienciadevida.com.ar\/portalurbano\/wp-content\/uploads\/2022\/05\/Jornada-por-la-soberania.jpg",600,452,false],"newsever-featured":["https:\/\/experienciadevida.com.ar\/portalurbano\/wp-content\/uploads\/2022\/05\/Jornada-por-la-soberania.jpg",600,452,false],"newsever-medium":["https:\/\/experienciadevida.com.ar\/portalurbano\/wp-content\/uploads\/2022\/05\/Jornada-por-la-soberania.jpg",600,452,false],"web-stories-poster-portrait":["https:\/\/experienciadevida.com.ar\/portalurbano\/wp-content\/uploads\/2022\/05\/Jornada-por-la-soberania.jpg",600,452,false],"web-stories-publisher-logo":["https:\/\/experienciadevida.com.ar\/portalurbano\/wp-content\/uploads\/2022\/05\/Jornada-por-la-soberania.jpg",96,72,false],"web-stories-thumbnail":["https:\/\/experienciadevida.com.ar\/portalurbano\/wp-content\/uploads\/2022\/05\/Jornada-por-la-soberania.jpg",150,113,false]},"author_info":{"display_name":"admpu17wp","author_link":"https:\/\/experienciadevida.com.ar\/portalurbano\/author\/admpu17wp\/"},"category_info":"<a href=\"https:\/\/experienciadevida.com.ar\/portalurbano\/category\/ciudad\/\" rel=\"category tag\">Ciudad<\/a>","tag_info":"Ciudad","comment_count":"0","amp_enabled":true,"_links":{"self":[{"href":"https:\/\/experienciadevida.com.ar\/portalurbano\/wp-json\/wp\/v2\/posts\/168428"}],"collection":[{"href":"https:\/\/experienciadevida.com.ar\/portalurbano\/wp-json\/wp\/v2\/posts"}],"about":[{"href":"https:\/\/experienciadevida.com.ar\/portalurbano\/wp-json\/wp\/v2\/types\/post"}],"author":[{"embeddable":true,"href":"https:\/\/experienciadevida.com.ar\/portalurbano\/wp-json\/wp\/v2\/users\/1"}],"replies":[{"embeddable":true,"href":"https:\/\/experienciadevida.com.ar\/portalurbano\/wp-json\/wp\/v2\/comments?post=168428"}],"version-history":[{"count":1,"href":"https:\/\/experienciadevida.com.ar\/portalurbano\/wp-json\/wp\/v2\/posts\/168428\/revisions"}],"predecessor-version":[{"id":168430,"href":"https:\/\/experienciadevida.com.ar\/portalurbano\/wp-json\/wp\/v2\/posts\/168428\/revisions\/168430"}],"wp:featuredmedia":[{"embeddable":true,"href":"https:\/\/experienciadevida.com.ar\/portalurbano\/wp-json\/wp\/v2\/media\/168429"}],"wp:attachment":[{"href":"https:\/\/experienciadevida.com.ar\/portalurbano\/wp-json\/wp\/v2\/media?parent=168428"}],"wp:term":[{"taxonomy":"category","embeddable":true,"href":"https:\/\/experienciadevida.com.ar\/portalurbano\/wp-json\/wp\/v2\/categories?post=168428"},{"taxonomy":"post_tag","embeddable":true,"href":"https:\/\/experienciadevida.com.ar\/portalurbano\/wp-json\/wp\/v2\/tags?post=168428"}],"curies":[{"name":"wp","href":"https:\/\/api.w.org\/{rel}","templated":true}]}}