{"id":168412,"date":"2022-05-26T16:38:08","date_gmt":"2022-05-26T19:38:08","guid":{"rendered":"https:\/\/experienciadevida.com.ar\/portalurbano\/?p=168412"},"modified":"2022-05-26T16:45:22","modified_gmt":"2022-05-26T19:45:22","slug":"decidimos-trabajar-en-soluciones-concretas-no-en-parches-provisorios","status":"publish","type":"post","link":"https:\/\/experienciadevida.com.ar\/portalurbano\/decidimos-trabajar-en-soluciones-concretas-no-en-parches-provisorios\/","title":{"rendered":"\u201cDecidimos trabajar en soluciones concretas, no en parches provisorios\u201d"},"content":{"rendered":"<p>\u201cDecidimos trabajar en soluciones concretas, no en parches provisorios\u201d, el intendente Ezequiel <a href=\"https:\/\/www.facebook.com\/galliezequiel\">Galli<\/a> inaugur\u00f3 -en la ma\u00f1ana de este jueves- la repavimentaci\u00f3n de Av. Eva Per\u00f3n, entre Av. Del Valle hasta Av. Pueyrred\u00f3n, una obra fundamental para mejorar la seguridad vial en uno de los accesos m\u00e1s importantes a la planta urbana de la ciudad.<\/p>\n<p>El Partido de Olavarr\u00eda se encuentra ubicado en un lugar estrat\u00e9gico, en el centro de la provincia de Buenos Aires, y se posiciona en la actualidad como una ciudad cabecera en la regi\u00f3n, desde el punto de vista del desarrollo productivo.<\/p>\n<p>Adem\u00e1s tiene conexi\u00f3n con distintos puntos del pa\u00eds, a trav\u00e9s de rutas nacionales y provinciales, que facilitan la comunicaci\u00f3n vial con puertos y aeropuertos.<\/p>\n<p>Para la gesti\u00f3n municipal es central mejorar las condiciones de transitabalidad y accesibilidad a la ciudad, por ello se destina una importante inversi\u00f3n en materia de mejoramiento de los accesos.<\/p>\n<p>Hoy se concret\u00f3 la inauguraci\u00f3n de la obra de repavimentaci\u00f3n de un tramo de Av. Per\u00f3n que permitir\u00e1 mejorar sustancialmente las condiciones de infraestructura en un sector de alta circulaci\u00f3n vehicular.<\/p>\n<p>Dicho sector tiene conexi\u00f3n directa con Parque Industriales, Centro de Exposiciones y Centro de Convenciones de Olavarr\u00eda, puntos de gran confluencia, debido a la gran diversidad de actividades que all\u00ed se generan a diario.<\/p>\n<p>\u201cEs una ma\u00f1ana importante donde estamos inaugurando una obra fundamental para el tr\u00e1nsito de los vecinos de todo el partido de la Olavarr\u00eda, porque por esta Avenida transita gente que viene de las localidades, transita gente que vive en esta zona de la ciudad, gente que se dirige a los Parques Industriales o para venir al Centro de Exposiciones Municipal\u201d, indic\u00f3 Galli.<\/p>\n<p>\u201cRealmente todos transitamos por este sector y cuando ven\u00eda para ac\u00e1 me acordaba que hace unos cuantos a\u00f1os atr\u00e1s, ya se hac\u00eda bacheo provisorio y no se hac\u00eda algo definitivo. Cuando me toc\u00f3 asumir empezamos a analizar los distintos puntos de la ciudad, las distintas arterias de la ciudad que ten\u00edan este problema de tener mucho bache. Cuando se hac\u00eda el rapibach, con la primera lluvia y el tr\u00e1nsito de los camiones ya iba desapareciendo de a poco. Entonces empezamos a trabajar primero en la repavimentaci\u00f3n de Av. Ituzaing\u00f3 y hacer un hormig\u00f3n como corresponde, que resista el tr\u00e1nsito pesado, despu\u00e9s fuimos por Av. Alberdi donde tambi\u00e9n hicimos la repavimentaci\u00f3n, luego Av. Pueyrred\u00f3n que une con Av. La Rioja y esta con Av. Circunvalaci\u00f3n\u201d, destac\u00f3 el Intendente.<\/p>\n<p>Al mismo tiempo Galli adelant\u00f3 que \u201cpr\u00f3ximamente ya estamos por iniciar la repavimentaci\u00f3n de Av. Avellaneda, ac\u00e1 nom\u00e1s desde Av. Circunvalaci\u00f3n hacia la Ruta 51. En esta primera etapa se va realizar una bicisenda que va a estar separada del camino y que va a estar hecho con hormig\u00f3n como corresponde para que el tr\u00e1nsito pesado pueda circular sin tener que poner un limitador de altura como hubo en alg\u00fan momento\u201d.<\/p>\n<p>\u201cSon soluciones definitivas porque este hormig\u00f3n que estamos inaugurando hoy que sale de una ley de di\u00e1logo entre el gobierno nacional y el gobierno provincial y la oposici\u00f3n. Es un pavimento que va a durar por lo menos 30-40 a\u00f1os y no va a haber que hacer ese bacheo provisorio en cada uno de los de los lugares donde se vaya deteriorando el pavimento, as\u00ed que decidimos trabajar en soluciones concretas, no en hacer parches provisorios. Es pensar a futuro en soluciones concretas que excedan a mi gesti\u00f3n y que excedan a los pr\u00f3ximos intendentes\u201d, asever\u00f3.<\/p>\n<p>\u201cEsto es trabajo, es importante para la ciudad poder decidir hacer este tipo de obras que generan mano de obra, que generan empleo y que generan mejor transitabilidad y mayor seguridad en el tr\u00e1nsito\u201d, enfatiz\u00f3.<\/p>\n<p>\u201cGracias por acompa\u00f1arnos, vamos a seguimos trabajando, seguimos proyectando, vamos a seguir buscando soluciones definitivas para los problemas que tiene el partido de Olavarr\u00eda\u201d, concluy\u00f3.<\/p>\n<p>Cabe recordar que la obra se inici\u00f3 en el mes de noviembre de 2021 y estuvo a cargo de la firma Atak S.R.L., que result\u00f3 adjudicataria de la licitaci\u00f3n por un monto superior los 30 millones de pesos.En detalle, los trabajos comprendieron la pavimentaci\u00f3n de la calzada que tiene un ancho de 7,30 metros, para lo cual se utiliz\u00f3 un hormig\u00f3n tipo H30 con un espesor de 0,18 metros. La base es de tosca compactada con un espesor de 0,20 metros. En tanto que en la rotonda de Avda. Eva Per\u00f3n y Avda. Pueyrred\u00f3n el ancho de la calzada es de 8 metros.<\/p>\n","protected":false},"excerpt":{"rendered":"<p>\u201cDecidimos trabajar en soluciones concretas, no en parches provisorios\u201d, el intendente Ezequiel Galli inaugur\u00f3 -en&#8230;<\/p>\n","protected":false},"author":1,"featured_media":168413,"comment_status":"closed","ping_status":"closed","sticky":false,"template":"","format":"standard","meta":{"content-type":""},"categories":[27,64],"tags":[],"nelio_content":{"isAutoShareEnabled":false,"autoShareEndMode":"default","automationSources":{"useContentSentences":true,"useSocialTemplates":true,"useCustomSentences":false,"customSentences":[]},"followers":[1],"suggestedReferences":[],"includedReferences":[],"efiUrl":"","efiAlt":"","highlights":[]},"yoast_head":"<!-- This site is optimized with the Yoast SEO plugin v20.7 - https:\/\/yoast.com\/wordpress\/plugins\/seo\/ -->\n<title>&quot;Decidimos trabajar en soluciones concretas, no en parches&quot;<\/title>\n<meta name=\"description\" content=\"\u201cDecidimos trabajar en soluciones concretas, no en parches provisorios\u201d, el intendente Ezequiel Galli inaugur\u00f3 este jueves\" \/>\n<meta name=\"robots\" content=\"index, follow, max-snippet:-1, max-image-preview:large, max-video-preview:-1\" \/>\n<link rel=\"canonical\" href=\"https:\/\/experienciadevida.com.ar\/portalurbano\/decidimos-trabajar-en-soluciones-concretas-no-en-parches-provisorios\/\" \/>\n<meta property=\"og:locale\" content=\"es_ES\" \/>\n<meta property=\"og:type\" content=\"article\" \/>\n<meta property=\"og:title\" content=\"&quot;Decidimos trabajar en soluciones concretas, no en parches&quot;\" \/>\n<meta property=\"og:description\" content=\"\u201cDecidimos trabajar en soluciones concretas, no en parches provisorios\u201d, el intendente Ezequiel Galli inaugur\u00f3 este jueves\" \/>\n<meta property=\"og:url\" content=\"https:\/\/experienciadevida.com.ar\/portalurbano\/decidimos-trabajar-en-soluciones-concretas-no-en-parches-provisorios\/\" \/>\n<meta property=\"article:publisher\" content=\"https:\/\/www.facebook.com\/Portal-Urbano-171542830093757\/\" \/>\n<meta property=\"article:published_time\" content=\"2022-05-26T19:38:08+00:00\" \/>\n<meta property=\"article:modified_time\" content=\"2022-05-26T19:45:22+00:00\" \/>\n<meta property=\"og:image\" content=\"https:\/\/experienciadevida.com.ar\/portalurbano\/wp-content\/uploads\/2022\/05\/Decidimos-trabajar-en-soluciones.jpg\" \/>\n\t<meta property=\"og:image:width\" content=\"2560\" \/>\n\t<meta property=\"og:image:height\" content=\"1711\" \/>\n\t<meta property=\"og:image:type\" content=\"image\/jpeg\" \/>\n<meta name=\"author\" content=\"admpu17wp\" \/>\n<meta name=\"twitter:card\" content=\"summary_large_image\" \/>\n<meta name=\"twitter:creator\" content=\"@portalurbanook\" \/>\n<meta name=\"twitter:site\" content=\"@portalurbanook\" \/>\n<meta name=\"twitter:label1\" content=\"Escrito por\" \/>\n\t<meta name=\"twitter:data1\" content=\"admpu17wp\" \/>\n\t<meta name=\"twitter:label2\" content=\"Tiempo de lectura\" \/>\n\t<meta name=\"twitter:data2\" content=\"4 minutos\" \/>\n<script type=\"application\/ld+json\" class=\"yoast-schema-graph\">{\"@context\":\"https:\/\/schema.org\",\"@graph\":[{\"@type\":\"Article\",\"@id\":\"https:\/\/experienciadevida.com.ar\/portalurbano\/decidimos-trabajar-en-soluciones-concretas-no-en-parches-provisorios\/#article\",\"isPartOf\":{\"@id\":\"https:\/\/experienciadevida.com.ar\/portalurbano\/decidimos-trabajar-en-soluciones-concretas-no-en-parches-provisorios\/\"},\"author\":{\"name\":\"admpu17wp\",\"@id\":\"https:\/\/experienciadevida.com.ar\/portalurbano\/#\/schema\/person\/02dd326b1c4b056e9cc972486934a3a7\"},\"headline\":\"\u201cDecidimos trabajar en soluciones concretas, no en parches provisorios\u201d\",\"datePublished\":\"2022-05-26T19:38:08+00:00\",\"dateModified\":\"2022-05-26T19:45:22+00:00\",\"mainEntityOfPage\":{\"@id\":\"https:\/\/experienciadevida.com.ar\/portalurbano\/decidimos-trabajar-en-soluciones-concretas-no-en-parches-provisorios\/\"},\"wordCount\":800,\"publisher\":{\"@id\":\"https:\/\/experienciadevida.com.ar\/portalurbano\/#organization\"},\"articleSection\":[\"Ciudad\",\"Destacadas 2\"],\"inLanguage\":\"es\"},{\"@type\":\"WebPage\",\"@id\":\"https:\/\/experienciadevida.com.ar\/portalurbano\/decidimos-trabajar-en-soluciones-concretas-no-en-parches-provisorios\/\",\"url\":\"https:\/\/experienciadevida.com.ar\/portalurbano\/decidimos-trabajar-en-soluciones-concretas-no-en-parches-provisorios\/\",\"name\":\"\\\"Decidimos trabajar en soluciones concretas, no en parches\\\"\",\"isPartOf\":{\"@id\":\"https:\/\/experienciadevida.com.ar\/portalurbano\/#website\"},\"datePublished\":\"2022-05-26T19:38:08+00:00\",\"dateModified\":\"2022-05-26T19:45:22+00:00\",\"description\":\"\u201cDecidimos trabajar en soluciones concretas, no en parches provisorios\u201d, el intendente Ezequiel Galli inaugur\u00f3 este jueves\",\"breadcrumb\":{\"@id\":\"https:\/\/experienciadevida.com.ar\/portalurbano\/decidimos-trabajar-en-soluciones-concretas-no-en-parches-provisorios\/#breadcrumb\"},\"inLanguage\":\"es\",\"potentialAction\":[{\"@type\":\"ReadAction\",\"target\":[\"https:\/\/experienciadevida.com.ar\/portalurbano\/decidimos-trabajar-en-soluciones-concretas-no-en-parches-provisorios\/\"]}]},{\"@type\":\"BreadcrumbList\",\"@id\":\"https:\/\/experienciadevida.com.ar\/portalurbano\/decidimos-trabajar-en-soluciones-concretas-no-en-parches-provisorios\/#breadcrumb\",\"itemListElement\":[{\"@type\":\"ListItem\",\"position\":1,\"name\":\"Portada\",\"item\":\"https:\/\/experienciadevida.com.ar\/portalurbano\/\"},{\"@type\":\"ListItem\",\"position\":2,\"name\":\"\u201cDecidimos trabajar en soluciones concretas, no en parches provisorios\u201d\"}]},{\"@type\":\"WebSite\",\"@id\":\"https:\/\/experienciadevida.com.ar\/portalurbano\/#website\",\"url\":\"https:\/\/experienciadevida.com.ar\/portalurbano\/\",\"name\":\"\",\"description\":\"\",\"publisher\":{\"@id\":\"https:\/\/experienciadevida.com.ar\/portalurbano\/#organization\"},\"potentialAction\":[{\"@type\":\"SearchAction\",\"target\":{\"@type\":\"EntryPoint\",\"urlTemplate\":\"https:\/\/experienciadevida.com.ar\/portalurbano\/?s={search_term_string}\"},\"query-input\":\"required name=search_term_string\"}],\"inLanguage\":\"es\"},{\"@type\":\"Organization\",\"@id\":\"https:\/\/experienciadevida.com.ar\/portalurbano\/#organization\",\"name\":\"Portal Urbano\",\"url\":\"https:\/\/experienciadevida.com.ar\/portalurbano\/\",\"logo\":{\"@type\":\"ImageObject\",\"inLanguage\":\"es\",\"@id\":\"https:\/\/experienciadevida.com.ar\/portalurbano\/#\/schema\/logo\/image\/\",\"url\":\"https:\/\/experienciadevida.com.ar\/portalurbano\/wp-content\/uploads\/2019\/09\/Logo-Original.png\",\"contentUrl\":\"https:\/\/experienciadevida.com.ar\/portalurbano\/wp-content\/uploads\/2019\/09\/Logo-Original.png\",\"width\":2236,\"height\":1216,\"caption\":\"Portal Urbano\"},\"image\":{\"@id\":\"https:\/\/experienciadevida.com.ar\/portalurbano\/#\/schema\/logo\/image\/\"},\"sameAs\":[\"https:\/\/www.facebook.com\/Portal-Urbano-171542830093757\/\",\"https:\/\/twitter.com\/portalurbanook\",\"https:\/\/www.instagram.com\/_portalurbano\/\",\"https:\/\/www.youtube.com\/channel\/UCXhagIfszH8KxFiOok79zbA?view_as=subscriber\"]},{\"@type\":\"Person\",\"@id\":\"https:\/\/experienciadevida.com.ar\/portalurbano\/#\/schema\/person\/02dd326b1c4b056e9cc972486934a3a7\",\"name\":\"admpu17wp\",\"image\":{\"@type\":\"ImageObject\",\"inLanguage\":\"es\",\"@id\":\"https:\/\/experienciadevida.com.ar\/portalurbano\/#\/schema\/person\/image\/\",\"url\":\"https:\/\/secure.gravatar.com\/avatar\/830d4c57adaae6630765e449a6908047?s=96&d=mm&r=g\",\"contentUrl\":\"https:\/\/secure.gravatar.com\/avatar\/830d4c57adaae6630765e449a6908047?s=96&d=mm&r=g\",\"caption\":\"admpu17wp\"}}]}<\/script>\n<!-- \/ Yoast SEO plugin. -->","yoast_head_json":{"title":"\"Decidimos trabajar en soluciones concretas, no en parches\"","description":"\u201cDecidimos trabajar en soluciones concretas, no en parches provisorios\u201d, el intendente Ezequiel Galli inaugur\u00f3 este jueves","robots":{"index":"index","follow":"follow","max-snippet":"max-snippet:-1","max-image-preview":"max-image-preview:large","max-video-preview":"max-video-preview:-1"},"canonical":"https:\/\/experienciadevida.com.ar\/portalurbano\/decidimos-trabajar-en-soluciones-concretas-no-en-parches-provisorios\/","og_locale":"es_ES","og_type":"article","og_title":"\"Decidimos trabajar en soluciones concretas, no en parches\"","og_description":"\u201cDecidimos trabajar en soluciones concretas, no en parches provisorios\u201d, el intendente Ezequiel Galli inaugur\u00f3 este jueves","og_url":"https:\/\/experienciadevida.com.ar\/portalurbano\/decidimos-trabajar-en-soluciones-concretas-no-en-parches-provisorios\/","article_publisher":"https:\/\/www.facebook.com\/Portal-Urbano-171542830093757\/","article_published_time":"2022-05-26T19:38:08+00:00","article_modified_time":"2022-05-26T19:45:22+00:00","og_image":[{"width":2560,"height":1711,"url":"https:\/\/experienciadevida.com.ar\/portalurbano\/wp-content\/uploads\/2022\/05\/Decidimos-trabajar-en-soluciones.jpg","type":"image\/jpeg"}],"author":"admpu17wp","twitter_card":"summary_large_image","twitter_creator":"@portalurbanook","twitter_site":"@portalurbanook","twitter_misc":{"Escrito por":"admpu17wp","Tiempo de lectura":"4 minutos"},"schema":{"@context":"https:\/\/schema.org","@graph":[{"@type":"Article","@id":"https:\/\/experienciadevida.com.ar\/portalurbano\/decidimos-trabajar-en-soluciones-concretas-no-en-parches-provisorios\/#article","isPartOf":{"@id":"https:\/\/experienciadevida.com.ar\/portalurbano\/decidimos-trabajar-en-soluciones-concretas-no-en-parches-provisorios\/"},"author":{"name":"admpu17wp","@id":"https:\/\/experienciadevida.com.ar\/portalurbano\/#\/schema\/person\/02dd326b1c4b056e9cc972486934a3a7"},"headline":"\u201cDecidimos trabajar en soluciones concretas, no en parches provisorios\u201d","datePublished":"2022-05-26T19:38:08+00:00","dateModified":"2022-05-26T19:45:22+00:00","mainEntityOfPage":{"@id":"https:\/\/experienciadevida.com.ar\/portalurbano\/decidimos-trabajar-en-soluciones-concretas-no-en-parches-provisorios\/"},"wordCount":800,"publisher":{"@id":"https:\/\/experienciadevida.com.ar\/portalurbano\/#organization"},"articleSection":["Ciudad","Destacadas 2"],"inLanguage":"es"},{"@type":"WebPage","@id":"https:\/\/experienciadevida.com.ar\/portalurbano\/decidimos-trabajar-en-soluciones-concretas-no-en-parches-provisorios\/","url":"https:\/\/experienciadevida.com.ar\/portalurbano\/decidimos-trabajar-en-soluciones-concretas-no-en-parches-provisorios\/","name":"\"Decidimos trabajar en soluciones concretas, no en parches\"","isPartOf":{"@id":"https:\/\/experienciadevida.com.ar\/portalurbano\/#website"},"datePublished":"2022-05-26T19:38:08+00:00","dateModified":"2022-05-26T19:45:22+00:00","description":"\u201cDecidimos trabajar en soluciones concretas, no en parches provisorios\u201d, el intendente Ezequiel Galli inaugur\u00f3 este jueves","breadcrumb":{"@id":"https:\/\/experienciadevida.com.ar\/portalurbano\/decidimos-trabajar-en-soluciones-concretas-no-en-parches-provisorios\/#breadcrumb"},"inLanguage":"es","potentialAction":[{"@type":"ReadAction","target":["https:\/\/experienciadevida.com.ar\/portalurbano\/decidimos-trabajar-en-soluciones-concretas-no-en-parches-provisorios\/"]}]},{"@type":"BreadcrumbList","@id":"https:\/\/experienciadevida.com.ar\/portalurbano\/decidimos-trabajar-en-soluciones-concretas-no-en-parches-provisorios\/#breadcrumb","itemListElement":[{"@type":"ListItem","position":1,"name":"Portada","item":"https:\/\/experienciadevida.com.ar\/portalurbano\/"},{"@type":"ListItem","position":2,"name":"\u201cDecidimos trabajar en soluciones concretas, no en parches provisorios\u201d"}]},{"@type":"WebSite","@id":"https:\/\/experienciadevida.com.ar\/portalurbano\/#website","url":"https:\/\/experienciadevida.com.ar\/portalurbano\/","name":"","description":"","publisher":{"@id":"https:\/\/experienciadevida.com.ar\/portalurbano\/#organization"},"potentialAction":[{"@type":"SearchAction","target":{"@type":"EntryPoint","urlTemplate":"https:\/\/experienciadevida.com.ar\/portalurbano\/?s={search_term_string}"},"query-input":"required name=search_term_string"}],"inLanguage":"es"},{"@type":"Organization","@id":"https:\/\/experienciadevida.com.ar\/portalurbano\/#organization","name":"Portal Urbano","url":"https:\/\/experienciadevida.com.ar\/portalurbano\/","logo":{"@type":"ImageObject","inLanguage":"es","@id":"https:\/\/experienciadevida.com.ar\/portalurbano\/#\/schema\/logo\/image\/","url":"https:\/\/experienciadevida.com.ar\/portalurbano\/wp-content\/uploads\/2019\/09\/Logo-Original.png","contentUrl":"https:\/\/experienciadevida.com.ar\/portalurbano\/wp-content\/uploads\/2019\/09\/Logo-Original.png","width":2236,"height":1216,"caption":"Portal Urbano"},"image":{"@id":"https:\/\/experienciadevida.com.ar\/portalurbano\/#\/schema\/logo\/image\/"},"sameAs":["https:\/\/www.facebook.com\/Portal-Urbano-171542830093757\/","https:\/\/twitter.com\/portalurbanook","https:\/\/www.instagram.com\/_portalurbano\/","https:\/\/www.youtube.com\/channel\/UCXhagIfszH8KxFiOok79zbA?view_as=subscriber"]},{"@type":"Person","@id":"https:\/\/experienciadevida.com.ar\/portalurbano\/#\/schema\/person\/02dd326b1c4b056e9cc972486934a3a7","name":"admpu17wp","image":{"@type":"ImageObject","inLanguage":"es","@id":"https:\/\/experienciadevida.com.ar\/portalurbano\/#\/schema\/person\/image\/","url":"https:\/\/secure.gravatar.com\/avatar\/830d4c57adaae6630765e449a6908047?s=96&d=mm&r=g","contentUrl":"https:\/\/secure.gravatar.com\/avatar\/830d4c57adaae6630765e449a6908047?s=96&d=mm&r=g","caption":"admpu17wp"}}]}},"featured_image_urls":{"full":["https:\/\/experienciadevida.com.ar\/portalurbano\/wp-content\/uploads\/2022\/05\/Decidimos-trabajar-en-soluciones.jpg",2560,1711,false],"thumbnail":["https:\/\/experienciadevida.com.ar\/portalurbano\/wp-content\/uploads\/2022\/05\/Decidimos-trabajar-en-soluciones-150x150.jpg",150,150,true],"medium":["https:\/\/experienciadevida.com.ar\/portalurbano\/wp-content\/uploads\/2022\/05\/Decidimos-trabajar-en-soluciones-300x201.jpg",300,201,true],"medium_large":["https:\/\/experienciadevida.com.ar\/portalurbano\/wp-content\/uploads\/2022\/05\/Decidimos-trabajar-en-soluciones-768x513.jpg",640,428,true],"large":["https:\/\/experienciadevida.com.ar\/portalurbano\/wp-content\/uploads\/2022\/05\/Decidimos-trabajar-en-soluciones-1024x684.jpg",640,428,true],"ug_big":["https:\/\/experienciadevida.com.ar\/portalurbano\/wp-content\/uploads\/2022\/05\/Decidimos-trabajar-en-soluciones-768x513.jpg",768,513,true],"1536x1536":["https:\/\/experienciadevida.com.ar\/portalurbano\/wp-content\/uploads\/2022\/05\/Decidimos-trabajar-en-soluciones-1536x1027.jpg",1536,1027,true],"2048x2048":["https:\/\/experienciadevida.com.ar\/portalurbano\/wp-content\/uploads\/2022\/05\/Decidimos-trabajar-en-soluciones-2048x1369.jpg",2048,1369,true],"newsever-slider-full":["https:\/\/experienciadevida.com.ar\/portalurbano\/wp-content\/uploads\/2022\/05\/Decidimos-trabajar-en-soluciones.jpg",1264,845,false],"newsever-featured":["https:\/\/experienciadevida.com.ar\/portalurbano\/wp-content\/uploads\/2022\/05\/Decidimos-trabajar-en-soluciones.jpg",1024,684,false],"newsever-medium":["https:\/\/experienciadevida.com.ar\/portalurbano\/wp-content\/uploads\/2022\/05\/Decidimos-trabajar-en-soluciones.jpg",711,475,false],"web-stories-poster-portrait":["https:\/\/experienciadevida.com.ar\/portalurbano\/wp-content\/uploads\/2022\/05\/Decidimos-trabajar-en-soluciones.jpg",640,428,false],"web-stories-publisher-logo":["https:\/\/experienciadevida.com.ar\/portalurbano\/wp-content\/uploads\/2022\/05\/Decidimos-trabajar-en-soluciones.jpg",96,64,false],"web-stories-thumbnail":["https:\/\/experienciadevida.com.ar\/portalurbano\/wp-content\/uploads\/2022\/05\/Decidimos-trabajar-en-soluciones.jpg",150,100,false]},"author_info":{"display_name":"admpu17wp","author_link":"https:\/\/experienciadevida.com.ar\/portalurbano\/author\/admpu17wp\/"},"category_info":"<a href=\"https:\/\/experienciadevida.com.ar\/portalurbano\/category\/ciudad\/\" rel=\"category tag\">Ciudad<\/a> <a href=\"https:\/\/experienciadevida.com.ar\/portalurbano\/category\/destacadas-2\/\" rel=\"category tag\">Destacadas 2<\/a>","tag_info":"Destacadas 2","comment_count":"0","amp_enabled":true,"_links":{"self":[{"href":"https:\/\/experienciadevida.com.ar\/portalurbano\/wp-json\/wp\/v2\/posts\/168412"}],"collection":[{"href":"https:\/\/experienciadevida.com.ar\/portalurbano\/wp-json\/wp\/v2\/posts"}],"about":[{"href":"https:\/\/experienciadevida.com.ar\/portalurbano\/wp-json\/wp\/v2\/types\/post"}],"author":[{"embeddable":true,"href":"https:\/\/experienciadevida.com.ar\/portalurbano\/wp-json\/wp\/v2\/users\/1"}],"replies":[{"embeddable":true,"href":"https:\/\/experienciadevida.com.ar\/portalurbano\/wp-json\/wp\/v2\/comments?post=168412"}],"version-history":[{"count":2,"href":"https:\/\/experienciadevida.com.ar\/portalurbano\/wp-json\/wp\/v2\/posts\/168412\/revisions"}],"predecessor-version":[{"id":168415,"href":"https:\/\/experienciadevida.com.ar\/portalurbano\/wp-json\/wp\/v2\/posts\/168412\/revisions\/168415"}],"wp:featuredmedia":[{"embeddable":true,"href":"https:\/\/experienciadevida.com.ar\/portalurbano\/wp-json\/wp\/v2\/media\/168413"}],"wp:attachment":[{"href":"https:\/\/experienciadevida.com.ar\/portalurbano\/wp-json\/wp\/v2\/media?parent=168412"}],"wp:term":[{"taxonomy":"category","embeddable":true,"href":"https:\/\/experienciadevida.com.ar\/portalurbano\/wp-json\/wp\/v2\/categories?post=168412"},{"taxonomy":"post_tag","embeddable":true,"href":"https:\/\/experienciadevida.com.ar\/portalurbano\/wp-json\/wp\/v2\/tags?post=168412"}],"curies":[{"name":"wp","href":"https:\/\/api.w.org\/{rel}","templated":true}]}}