{"id":168329,"date":"2022-05-25T13:05:03","date_gmt":"2022-05-25T16:05:03","guid":{"rendered":"https:\/\/experienciadevida.com.ar\/portalurbano\/?p=168329"},"modified":"2022-05-25T13:16:20","modified_gmt":"2022-05-25T16:16:20","slug":"el-intendente-galli-encabezo-las-celebraciones-por-el-212-aniversario-de-la-revolucion-de-mayo","status":"publish","type":"post","link":"https:\/\/experienciadevida.com.ar\/portalurbano\/el-intendente-galli-encabezo-las-celebraciones-por-el-212-aniversario-de-la-revolucion-de-mayo\/","title":{"rendered":"El intendente Galli encabez\u00f3 las celebraciones por el 212\u00b0 Aniversario de la Revoluci\u00f3n de Mayo"},"content":{"rendered":"<p>El intendente Galli encabez\u00f3 las celebraciones por el 212\u00b0 Aniversario de la Revoluci\u00f3n de Mayo, en la ma\u00f1ana de este mi\u00e9rcoles, el intendente Ezequiel <a href=\"https:\/\/www.facebook.com\/galliezequiel\">Galli<\/a> encabez\u00f3 -en la localidad de Sierra Chica- las celebraciones por el 212\u00b0 Aniversario de la Revoluci\u00f3n de Mayo.<\/p>\n<p><a href=\"https:\/\/experienciadevida.com.ar\/portalurbano\/el-intendente-galli-encabezo-las-celebraciones-por-el-212-aniversario-de-la-revolucion-de-mayo\/el-23\/\" rel=\"attachment wp-att-168332\"><img decoding=\"async\" class=\"alignnone size-large wp-image-168332\" src=\"https:\/\/experienciadevida.com.ar\/portalurbano\/wp-content\/uploads\/2022\/05\/El-6-1024x684.jpg\" alt=\"El \" width=\"900\" height=\"601\" srcset=\"https:\/\/experienciadevida.com.ar\/portalurbano\/wp-content\/uploads\/2022\/05\/El-6-1024x684.jpg 1024w, https:\/\/experienciadevida.com.ar\/portalurbano\/wp-content\/uploads\/2022\/05\/El-6-300x201.jpg 300w, https:\/\/experienciadevida.com.ar\/portalurbano\/wp-content\/uploads\/2022\/05\/El-6-768x513.jpg 768w, https:\/\/experienciadevida.com.ar\/portalurbano\/wp-content\/uploads\/2022\/05\/El-6-1536x1027.jpg 1536w, https:\/\/experienciadevida.com.ar\/portalurbano\/wp-content\/uploads\/2022\/05\/El-6-2048x1369.jpg 2048w\" sizes=\"(max-width: 900px) 100vw, 900px\" \/><\/a><\/p>\n<p>Acompa\u00f1ado por estudiantes, la directora de la Escuela Primaria N\u00b02 \u00abCayru Maipu\u00bb Cintia Ib\u00e1\u00f1ez y la presidente del HCD Cecilia Krivochen, con el izamiento de la Bandera Nacional comenz\u00f3 la ceremonia, que luego tuvo un peque\u00f1o acto dentro de la instituci\u00f3n.<\/p>\n<p>El Intendente agradeci\u00f3 el recibimiento a las autoridades educativas y se\u00f1al\u00f3 que \u00abestamos en un momento de la historia, que tambi\u00e9n es bisagra para la Patria. Celebro que hoy estemos ac\u00e1 todas las Fuerzas Vivas de la ciudad, las instituciones intermedias, funcionarios, concejales y particularmente quien porta la bandera de ceremonias y sus escoltas, que son el futuro de nuestro pa\u00eds, el futuro de la patria\u00bb.<\/p>\n<p>\u00abSigamos transmitiendo el legado de aquel 25 de Mayo, que fue tan importante para nuestro pa\u00eds, nuestra historia y que nunca dejen de luchar por la libertad. A todos: agradecerles el tiempo, todos los que estamos ac\u00e1, en el d\u00eda a d\u00eda nos toca en un lugar diferente, pero con el mismo sue\u00f1o de tener una Argentina mejor, pujante y una Argentina que est\u00e9 de pie. Muchas gracias y Viva la Patria\u00bb, concluy\u00f3.<\/p>\n<p>Luego del acto la comitiva se traslad\u00f3 a la Parroquia Nuestra Se\u00f1ora de Luj\u00e1n de Sierra Chica, para participar del Tedeum.<\/p>\n<p>La celebraci\u00f3n culminar\u00e1 esta noche, a partir de las 20 horas en el Teatro Municipal, con la Velada de Gala.<\/p>\n<p><a href=\"https:\/\/experienciadevida.com.ar\/portalurbano\/el-intendente-galli-encabezo-las-celebraciones-por-el-212-aniversario-de-la-revolucion-de-mayo\/intendente-5\/\" rel=\"attachment wp-att-168333\"><img decoding=\"async\" class=\"alignnone size-large wp-image-168333\" src=\"https:\/\/experienciadevida.com.ar\/portalurbano\/wp-content\/uploads\/2022\/05\/Intendente-1-1024x684.jpg\" alt=\"Intendente \" width=\"900\" height=\"601\" srcset=\"https:\/\/experienciadevida.com.ar\/portalurbano\/wp-content\/uploads\/2022\/05\/Intendente-1-1024x684.jpg 1024w, https:\/\/experienciadevida.com.ar\/portalurbano\/wp-content\/uploads\/2022\/05\/Intendente-1-300x201.jpg 300w, https:\/\/experienciadevida.com.ar\/portalurbano\/wp-content\/uploads\/2022\/05\/Intendente-1-768x513.jpg 768w, https:\/\/experienciadevida.com.ar\/portalurbano\/wp-content\/uploads\/2022\/05\/Intendente-1-1536x1027.jpg 1536w, https:\/\/experienciadevida.com.ar\/portalurbano\/wp-content\/uploads\/2022\/05\/Intendente-1-2048x1369.jpg 2048w\" sizes=\"(max-width: 900px) 100vw, 900px\" \/><\/a><\/p>\n<p><a href=\"https:\/\/experienciadevida.com.ar\/portalurbano\/el-intendente-galli-encabezo-las-celebraciones-por-el-212-aniversario-de-la-revolucion-de-mayo\/galli-8\/\" rel=\"attachment wp-att-168335\"><img decoding=\"async\" class=\"alignnone size-large wp-image-168335\" src=\"https:\/\/experienciadevida.com.ar\/portalurbano\/wp-content\/uploads\/2022\/05\/Galli-1-1024x684.jpg\" alt=\"Galli \" width=\"900\" height=\"601\" srcset=\"https:\/\/experienciadevida.com.ar\/portalurbano\/wp-content\/uploads\/2022\/05\/Galli-1-1024x684.jpg 1024w, https:\/\/experienciadevida.com.ar\/portalurbano\/wp-content\/uploads\/2022\/05\/Galli-1-300x201.jpg 300w, https:\/\/experienciadevida.com.ar\/portalurbano\/wp-content\/uploads\/2022\/05\/Galli-1-768x513.jpg 768w, https:\/\/experienciadevida.com.ar\/portalurbano\/wp-content\/uploads\/2022\/05\/Galli-1-1536x1027.jpg 1536w, https:\/\/experienciadevida.com.ar\/portalurbano\/wp-content\/uploads\/2022\/05\/Galli-1-2048x1369.jpg 2048w\" sizes=\"(max-width: 900px) 100vw, 900px\" \/><\/a><\/p>\n","protected":false},"excerpt":{"rendered":"<p>El intendente Galli encabez\u00f3 las celebraciones por el 212\u00b0 Aniversario de la Revoluci\u00f3n de Mayo,&#8230;<\/p>\n","protected":false},"author":1,"featured_media":168330,"comment_status":"closed","ping_status":"closed","sticky":false,"template":"","format":"standard","meta":{"content-type":""},"categories":[27,51],"tags":[],"nelio_content":{"isAutoShareEnabled":false,"autoShareEndMode":"default","automationSources":{"useContentSentences":true,"useSocialTemplates":true,"useCustomSentences":false,"customSentences":[]},"followers":[1],"suggestedReferences":[],"includedReferences":[],"efiUrl":"","efiAlt":"","highlights":[]},"yoast_head":"<!-- This site is optimized with the Yoast SEO plugin v20.7 - https:\/\/yoast.com\/wordpress\/plugins\/seo\/ -->\n<title>El Intendente Galli encabez\u00f3 las celebraciones por el 212\u00b0 Aniversario<\/title>\n<meta name=\"description\" content=\"El intendente Galli encabez\u00f3 las celebraciones por el 212\u00b0 Aniversario de la Revoluci\u00f3n de Mayo, en la ma\u00f1ana de este mi\u00e9rcoles, en S. Chica\" \/>\n<meta name=\"robots\" content=\"index, follow, max-snippet:-1, max-image-preview:large, max-video-preview:-1\" \/>\n<link rel=\"canonical\" href=\"https:\/\/experienciadevida.com.ar\/portalurbano\/el-intendente-galli-encabezo-las-celebraciones-por-el-212-aniversario-de-la-revolucion-de-mayo\/\" \/>\n<meta property=\"og:locale\" content=\"es_ES\" \/>\n<meta property=\"og:type\" content=\"article\" \/>\n<meta property=\"og:title\" content=\"El Intendente Galli encabez\u00f3 las celebraciones por el 212\u00b0 Aniversario\" \/>\n<meta property=\"og:description\" content=\"El intendente Galli encabez\u00f3 las celebraciones por el 212\u00b0 Aniversario de la Revoluci\u00f3n de Mayo, en la ma\u00f1ana de este mi\u00e9rcoles, en S. Chica\" \/>\n<meta property=\"og:url\" content=\"https:\/\/experienciadevida.com.ar\/portalurbano\/el-intendente-galli-encabezo-las-celebraciones-por-el-212-aniversario-de-la-revolucion-de-mayo\/\" \/>\n<meta property=\"article:publisher\" content=\"https:\/\/www.facebook.com\/Portal-Urbano-171542830093757\/\" \/>\n<meta property=\"article:published_time\" content=\"2022-05-25T16:05:03+00:00\" \/>\n<meta property=\"article:modified_time\" content=\"2022-05-25T16:16:20+00:00\" \/>\n<meta property=\"og:image\" content=\"https:\/\/experienciadevida.com.ar\/portalurbano\/wp-content\/uploads\/2022\/05\/El-intendente-Galli-encabezo.jpg\" \/>\n\t<meta property=\"og:image:width\" content=\"2560\" \/>\n\t<meta property=\"og:image:height\" content=\"1711\" \/>\n\t<meta property=\"og:image:type\" content=\"image\/jpeg\" \/>\n<meta name=\"author\" content=\"admpu17wp\" \/>\n<meta name=\"twitter:card\" content=\"summary_large_image\" \/>\n<meta name=\"twitter:creator\" content=\"@portalurbanook\" \/>\n<meta name=\"twitter:site\" content=\"@portalurbanook\" \/>\n<meta name=\"twitter:label1\" content=\"Escrito por\" \/>\n\t<meta name=\"twitter:data1\" content=\"admpu17wp\" \/>\n\t<meta name=\"twitter:label2\" content=\"Tiempo de lectura\" \/>\n\t<meta name=\"twitter:data2\" content=\"2 minutos\" \/>\n<script type=\"application\/ld+json\" class=\"yoast-schema-graph\">{\"@context\":\"https:\/\/schema.org\",\"@graph\":[{\"@type\":\"Article\",\"@id\":\"https:\/\/experienciadevida.com.ar\/portalurbano\/el-intendente-galli-encabezo-las-celebraciones-por-el-212-aniversario-de-la-revolucion-de-mayo\/#article\",\"isPartOf\":{\"@id\":\"https:\/\/experienciadevida.com.ar\/portalurbano\/el-intendente-galli-encabezo-las-celebraciones-por-el-212-aniversario-de-la-revolucion-de-mayo\/\"},\"author\":{\"name\":\"admpu17wp\",\"@id\":\"https:\/\/experienciadevida.com.ar\/portalurbano\/#\/schema\/person\/02dd326b1c4b056e9cc972486934a3a7\"},\"headline\":\"El intendente Galli encabez\u00f3 las celebraciones por el 212\u00b0 Aniversario de la Revoluci\u00f3n de Mayo\",\"datePublished\":\"2022-05-25T16:05:03+00:00\",\"dateModified\":\"2022-05-25T16:16:20+00:00\",\"mainEntityOfPage\":{\"@id\":\"https:\/\/experienciadevida.com.ar\/portalurbano\/el-intendente-galli-encabezo-las-celebraciones-por-el-212-aniversario-de-la-revolucion-de-mayo\/\"},\"wordCount\":293,\"publisher\":{\"@id\":\"https:\/\/experienciadevida.com.ar\/portalurbano\/#organization\"},\"articleSection\":[\"Ciudad\",\"Destacadas\"],\"inLanguage\":\"es\"},{\"@type\":\"WebPage\",\"@id\":\"https:\/\/experienciadevida.com.ar\/portalurbano\/el-intendente-galli-encabezo-las-celebraciones-por-el-212-aniversario-de-la-revolucion-de-mayo\/\",\"url\":\"https:\/\/experienciadevida.com.ar\/portalurbano\/el-intendente-galli-encabezo-las-celebraciones-por-el-212-aniversario-de-la-revolucion-de-mayo\/\",\"name\":\"El Intendente Galli encabez\u00f3 las celebraciones por el 212\u00b0 Aniversario\",\"isPartOf\":{\"@id\":\"https:\/\/experienciadevida.com.ar\/portalurbano\/#website\"},\"datePublished\":\"2022-05-25T16:05:03+00:00\",\"dateModified\":\"2022-05-25T16:16:20+00:00\",\"description\":\"El intendente Galli encabez\u00f3 las celebraciones por el 212\u00b0 Aniversario de la Revoluci\u00f3n de Mayo, en la ma\u00f1ana de este mi\u00e9rcoles, en S. Chica\",\"breadcrumb\":{\"@id\":\"https:\/\/experienciadevida.com.ar\/portalurbano\/el-intendente-galli-encabezo-las-celebraciones-por-el-212-aniversario-de-la-revolucion-de-mayo\/#breadcrumb\"},\"inLanguage\":\"es\",\"potentialAction\":[{\"@type\":\"ReadAction\",\"target\":[\"https:\/\/experienciadevida.com.ar\/portalurbano\/el-intendente-galli-encabezo-las-celebraciones-por-el-212-aniversario-de-la-revolucion-de-mayo\/\"]}]},{\"@type\":\"BreadcrumbList\",\"@id\":\"https:\/\/experienciadevida.com.ar\/portalurbano\/el-intendente-galli-encabezo-las-celebraciones-por-el-212-aniversario-de-la-revolucion-de-mayo\/#breadcrumb\",\"itemListElement\":[{\"@type\":\"ListItem\",\"position\":1,\"name\":\"Portada\",\"item\":\"https:\/\/experienciadevida.com.ar\/portalurbano\/\"},{\"@type\":\"ListItem\",\"position\":2,\"name\":\"El intendente Galli encabez\u00f3 las celebraciones por el 212\u00b0 Aniversario de la Revoluci\u00f3n de Mayo\"}]},{\"@type\":\"WebSite\",\"@id\":\"https:\/\/experienciadevida.com.ar\/portalurbano\/#website\",\"url\":\"https:\/\/experienciadevida.com.ar\/portalurbano\/\",\"name\":\"\",\"description\":\"\",\"publisher\":{\"@id\":\"https:\/\/experienciadevida.com.ar\/portalurbano\/#organization\"},\"potentialAction\":[{\"@type\":\"SearchAction\",\"target\":{\"@type\":\"EntryPoint\",\"urlTemplate\":\"https:\/\/experienciadevida.com.ar\/portalurbano\/?s={search_term_string}\"},\"query-input\":\"required name=search_term_string\"}],\"inLanguage\":\"es\"},{\"@type\":\"Organization\",\"@id\":\"https:\/\/experienciadevida.com.ar\/portalurbano\/#organization\",\"name\":\"Portal Urbano\",\"url\":\"https:\/\/experienciadevida.com.ar\/portalurbano\/\",\"logo\":{\"@type\":\"ImageObject\",\"inLanguage\":\"es\",\"@id\":\"https:\/\/experienciadevida.com.ar\/portalurbano\/#\/schema\/logo\/image\/\",\"url\":\"https:\/\/experienciadevida.com.ar\/portalurbano\/wp-content\/uploads\/2019\/09\/Logo-Original.png\",\"contentUrl\":\"https:\/\/experienciadevida.com.ar\/portalurbano\/wp-content\/uploads\/2019\/09\/Logo-Original.png\",\"width\":2236,\"height\":1216,\"caption\":\"Portal Urbano\"},\"image\":{\"@id\":\"https:\/\/experienciadevida.com.ar\/portalurbano\/#\/schema\/logo\/image\/\"},\"sameAs\":[\"https:\/\/www.facebook.com\/Portal-Urbano-171542830093757\/\",\"https:\/\/twitter.com\/portalurbanook\",\"https:\/\/www.instagram.com\/_portalurbano\/\",\"https:\/\/www.youtube.com\/channel\/UCXhagIfszH8KxFiOok79zbA?view_as=subscriber\"]},{\"@type\":\"Person\",\"@id\":\"https:\/\/experienciadevida.com.ar\/portalurbano\/#\/schema\/person\/02dd326b1c4b056e9cc972486934a3a7\",\"name\":\"admpu17wp\",\"image\":{\"@type\":\"ImageObject\",\"inLanguage\":\"es\",\"@id\":\"https:\/\/experienciadevida.com.ar\/portalurbano\/#\/schema\/person\/image\/\",\"url\":\"https:\/\/secure.gravatar.com\/avatar\/830d4c57adaae6630765e449a6908047?s=96&d=mm&r=g\",\"contentUrl\":\"https:\/\/secure.gravatar.com\/avatar\/830d4c57adaae6630765e449a6908047?s=96&d=mm&r=g\",\"caption\":\"admpu17wp\"}}]}<\/script>\n<!-- \/ Yoast SEO plugin. -->","yoast_head_json":{"title":"El Intendente Galli encabez\u00f3 las celebraciones por el 212\u00b0 Aniversario","description":"El intendente Galli encabez\u00f3 las celebraciones por el 212\u00b0 Aniversario de la Revoluci\u00f3n de Mayo, en la ma\u00f1ana de este mi\u00e9rcoles, en S. Chica","robots":{"index":"index","follow":"follow","max-snippet":"max-snippet:-1","max-image-preview":"max-image-preview:large","max-video-preview":"max-video-preview:-1"},"canonical":"https:\/\/experienciadevida.com.ar\/portalurbano\/el-intendente-galli-encabezo-las-celebraciones-por-el-212-aniversario-de-la-revolucion-de-mayo\/","og_locale":"es_ES","og_type":"article","og_title":"El Intendente Galli encabez\u00f3 las celebraciones por el 212\u00b0 Aniversario","og_description":"El intendente Galli encabez\u00f3 las celebraciones por el 212\u00b0 Aniversario de la Revoluci\u00f3n de Mayo, en la ma\u00f1ana de este mi\u00e9rcoles, en S. Chica","og_url":"https:\/\/experienciadevida.com.ar\/portalurbano\/el-intendente-galli-encabezo-las-celebraciones-por-el-212-aniversario-de-la-revolucion-de-mayo\/","article_publisher":"https:\/\/www.facebook.com\/Portal-Urbano-171542830093757\/","article_published_time":"2022-05-25T16:05:03+00:00","article_modified_time":"2022-05-25T16:16:20+00:00","og_image":[{"width":2560,"height":1711,"url":"https:\/\/experienciadevida.com.ar\/portalurbano\/wp-content\/uploads\/2022\/05\/El-intendente-Galli-encabezo.jpg","type":"image\/jpeg"}],"author":"admpu17wp","twitter_card":"summary_large_image","twitter_creator":"@portalurbanook","twitter_site":"@portalurbanook","twitter_misc":{"Escrito por":"admpu17wp","Tiempo de lectura":"2 minutos"},"schema":{"@context":"https:\/\/schema.org","@graph":[{"@type":"Article","@id":"https:\/\/experienciadevida.com.ar\/portalurbano\/el-intendente-galli-encabezo-las-celebraciones-por-el-212-aniversario-de-la-revolucion-de-mayo\/#article","isPartOf":{"@id":"https:\/\/experienciadevida.com.ar\/portalurbano\/el-intendente-galli-encabezo-las-celebraciones-por-el-212-aniversario-de-la-revolucion-de-mayo\/"},"author":{"name":"admpu17wp","@id":"https:\/\/experienciadevida.com.ar\/portalurbano\/#\/schema\/person\/02dd326b1c4b056e9cc972486934a3a7"},"headline":"El intendente Galli encabez\u00f3 las celebraciones por el 212\u00b0 Aniversario de la Revoluci\u00f3n de Mayo","datePublished":"2022-05-25T16:05:03+00:00","dateModified":"2022-05-25T16:16:20+00:00","mainEntityOfPage":{"@id":"https:\/\/experienciadevida.com.ar\/portalurbano\/el-intendente-galli-encabezo-las-celebraciones-por-el-212-aniversario-de-la-revolucion-de-mayo\/"},"wordCount":293,"publisher":{"@id":"https:\/\/experienciadevida.com.ar\/portalurbano\/#organization"},"articleSection":["Ciudad","Destacadas"],"inLanguage":"es"},{"@type":"WebPage","@id":"https:\/\/experienciadevida.com.ar\/portalurbano\/el-intendente-galli-encabezo-las-celebraciones-por-el-212-aniversario-de-la-revolucion-de-mayo\/","url":"https:\/\/experienciadevida.com.ar\/portalurbano\/el-intendente-galli-encabezo-las-celebraciones-por-el-212-aniversario-de-la-revolucion-de-mayo\/","name":"El Intendente Galli encabez\u00f3 las celebraciones por el 212\u00b0 Aniversario","isPartOf":{"@id":"https:\/\/experienciadevida.com.ar\/portalurbano\/#website"},"datePublished":"2022-05-25T16:05:03+00:00","dateModified":"2022-05-25T16:16:20+00:00","description":"El intendente Galli encabez\u00f3 las celebraciones por el 212\u00b0 Aniversario de la Revoluci\u00f3n de Mayo, en la ma\u00f1ana de este mi\u00e9rcoles, en S. Chica","breadcrumb":{"@id":"https:\/\/experienciadevida.com.ar\/portalurbano\/el-intendente-galli-encabezo-las-celebraciones-por-el-212-aniversario-de-la-revolucion-de-mayo\/#breadcrumb"},"inLanguage":"es","potentialAction":[{"@type":"ReadAction","target":["https:\/\/experienciadevida.com.ar\/portalurbano\/el-intendente-galli-encabezo-las-celebraciones-por-el-212-aniversario-de-la-revolucion-de-mayo\/"]}]},{"@type":"BreadcrumbList","@id":"https:\/\/experienciadevida.com.ar\/portalurbano\/el-intendente-galli-encabezo-las-celebraciones-por-el-212-aniversario-de-la-revolucion-de-mayo\/#breadcrumb","itemListElement":[{"@type":"ListItem","position":1,"name":"Portada","item":"https:\/\/experienciadevida.com.ar\/portalurbano\/"},{"@type":"ListItem","position":2,"name":"El intendente Galli encabez\u00f3 las celebraciones por el 212\u00b0 Aniversario de la Revoluci\u00f3n de Mayo"}]},{"@type":"WebSite","@id":"https:\/\/experienciadevida.com.ar\/portalurbano\/#website","url":"https:\/\/experienciadevida.com.ar\/portalurbano\/","name":"","description":"","publisher":{"@id":"https:\/\/experienciadevida.com.ar\/portalurbano\/#organization"},"potentialAction":[{"@type":"SearchAction","target":{"@type":"EntryPoint","urlTemplate":"https:\/\/experienciadevida.com.ar\/portalurbano\/?s={search_term_string}"},"query-input":"required name=search_term_string"}],"inLanguage":"es"},{"@type":"Organization","@id":"https:\/\/experienciadevida.com.ar\/portalurbano\/#organization","name":"Portal Urbano","url":"https:\/\/experienciadevida.com.ar\/portalurbano\/","logo":{"@type":"ImageObject","inLanguage":"es","@id":"https:\/\/experienciadevida.com.ar\/portalurbano\/#\/schema\/logo\/image\/","url":"https:\/\/experienciadevida.com.ar\/portalurbano\/wp-content\/uploads\/2019\/09\/Logo-Original.png","contentUrl":"https:\/\/experienciadevida.com.ar\/portalurbano\/wp-content\/uploads\/2019\/09\/Logo-Original.png","width":2236,"height":1216,"caption":"Portal Urbano"},"image":{"@id":"https:\/\/experienciadevida.com.ar\/portalurbano\/#\/schema\/logo\/image\/"},"sameAs":["https:\/\/www.facebook.com\/Portal-Urbano-171542830093757\/","https:\/\/twitter.com\/portalurbanook","https:\/\/www.instagram.com\/_portalurbano\/","https:\/\/www.youtube.com\/channel\/UCXhagIfszH8KxFiOok79zbA?view_as=subscriber"]},{"@type":"Person","@id":"https:\/\/experienciadevida.com.ar\/portalurbano\/#\/schema\/person\/02dd326b1c4b056e9cc972486934a3a7","name":"admpu17wp","image":{"@type":"ImageObject","inLanguage":"es","@id":"https:\/\/experienciadevida.com.ar\/portalurbano\/#\/schema\/person\/image\/","url":"https:\/\/secure.gravatar.com\/avatar\/830d4c57adaae6630765e449a6908047?s=96&d=mm&r=g","contentUrl":"https:\/\/secure.gravatar.com\/avatar\/830d4c57adaae6630765e449a6908047?s=96&d=mm&r=g","caption":"admpu17wp"}}]}},"featured_image_urls":{"full":["https:\/\/experienciadevida.com.ar\/portalurbano\/wp-content\/uploads\/2022\/05\/El-intendente-Galli-encabezo.jpg",2560,1711,false],"thumbnail":["https:\/\/experienciadevida.com.ar\/portalurbano\/wp-content\/uploads\/2022\/05\/El-intendente-Galli-encabezo-150x150.jpg",150,150,true],"medium":["https:\/\/experienciadevida.com.ar\/portalurbano\/wp-content\/uploads\/2022\/05\/El-intendente-Galli-encabezo-300x201.jpg",300,201,true],"medium_large":["https:\/\/experienciadevida.com.ar\/portalurbano\/wp-content\/uploads\/2022\/05\/El-intendente-Galli-encabezo-768x513.jpg",640,428,true],"large":["https:\/\/experienciadevida.com.ar\/portalurbano\/wp-content\/uploads\/2022\/05\/El-intendente-Galli-encabezo-1024x684.jpg",640,428,true],"ug_big":["https:\/\/experienciadevida.com.ar\/portalurbano\/wp-content\/uploads\/2022\/05\/El-intendente-Galli-encabezo-768x513.jpg",768,513,true],"1536x1536":["https:\/\/experienciadevida.com.ar\/portalurbano\/wp-content\/uploads\/2022\/05\/El-intendente-Galli-encabezo-1536x1027.jpg",1536,1027,true],"2048x2048":["https:\/\/experienciadevida.com.ar\/portalurbano\/wp-content\/uploads\/2022\/05\/El-intendente-Galli-encabezo-2048x1369.jpg",2048,1369,true],"newsever-slider-full":["https:\/\/experienciadevida.com.ar\/portalurbano\/wp-content\/uploads\/2022\/05\/El-intendente-Galli-encabezo.jpg",1264,845,false],"newsever-featured":["https:\/\/experienciadevida.com.ar\/portalurbano\/wp-content\/uploads\/2022\/05\/El-intendente-Galli-encabezo.jpg",1024,684,false],"newsever-medium":["https:\/\/experienciadevida.com.ar\/portalurbano\/wp-content\/uploads\/2022\/05\/El-intendente-Galli-encabezo.jpg",711,475,false],"web-stories-poster-portrait":["https:\/\/experienciadevida.com.ar\/portalurbano\/wp-content\/uploads\/2022\/05\/El-intendente-Galli-encabezo.jpg",640,428,false],"web-stories-publisher-logo":["https:\/\/experienciadevida.com.ar\/portalurbano\/wp-content\/uploads\/2022\/05\/El-intendente-Galli-encabezo.jpg",96,64,false],"web-stories-thumbnail":["https:\/\/experienciadevida.com.ar\/portalurbano\/wp-content\/uploads\/2022\/05\/El-intendente-Galli-encabezo.jpg",150,100,false]},"author_info":{"display_name":"admpu17wp","author_link":"https:\/\/experienciadevida.com.ar\/portalurbano\/author\/admpu17wp\/"},"category_info":"<a href=\"https:\/\/experienciadevida.com.ar\/portalurbano\/category\/ciudad\/\" rel=\"category tag\">Ciudad<\/a> <a href=\"https:\/\/experienciadevida.com.ar\/portalurbano\/category\/destacadas\/\" rel=\"category tag\">Destacadas<\/a>","tag_info":"Destacadas","comment_count":"0","amp_enabled":true,"_links":{"self":[{"href":"https:\/\/experienciadevida.com.ar\/portalurbano\/wp-json\/wp\/v2\/posts\/168329"}],"collection":[{"href":"https:\/\/experienciadevida.com.ar\/portalurbano\/wp-json\/wp\/v2\/posts"}],"about":[{"href":"https:\/\/experienciadevida.com.ar\/portalurbano\/wp-json\/wp\/v2\/types\/post"}],"author":[{"embeddable":true,"href":"https:\/\/experienciadevida.com.ar\/portalurbano\/wp-json\/wp\/v2\/users\/1"}],"replies":[{"embeddable":true,"href":"https:\/\/experienciadevida.com.ar\/portalurbano\/wp-json\/wp\/v2\/comments?post=168329"}],"version-history":[{"count":4,"href":"https:\/\/experienciadevida.com.ar\/portalurbano\/wp-json\/wp\/v2\/posts\/168329\/revisions"}],"predecessor-version":[{"id":168337,"href":"https:\/\/experienciadevida.com.ar\/portalurbano\/wp-json\/wp\/v2\/posts\/168329\/revisions\/168337"}],"wp:featuredmedia":[{"embeddable":true,"href":"https:\/\/experienciadevida.com.ar\/portalurbano\/wp-json\/wp\/v2\/media\/168330"}],"wp:attachment":[{"href":"https:\/\/experienciadevida.com.ar\/portalurbano\/wp-json\/wp\/v2\/media?parent=168329"}],"wp:term":[{"taxonomy":"category","embeddable":true,"href":"https:\/\/experienciadevida.com.ar\/portalurbano\/wp-json\/wp\/v2\/categories?post=168329"},{"taxonomy":"post_tag","embeddable":true,"href":"https:\/\/experienciadevida.com.ar\/portalurbano\/wp-json\/wp\/v2\/tags?post=168329"}],"curies":[{"name":"wp","href":"https:\/\/api.w.org\/{rel}","templated":true}]}}