{"id":168293,"date":"2022-05-24T20:52:48","date_gmt":"2022-05-24T23:52:48","guid":{"rendered":"https:\/\/experienciadevida.com.ar\/portalurbano\/?p=168293"},"modified":"2022-05-24T20:53:17","modified_gmt":"2022-05-24T23:53:17","slug":"este-jueves-se-aplicaran-vacunas-antirrabicas-en-el-paseo-de-la-salud","status":"publish","type":"post","link":"https:\/\/experienciadevida.com.ar\/portalurbano\/este-jueves-se-aplicaran-vacunas-antirrabicas-en-el-paseo-de-la-salud\/","title":{"rendered":"Este jueves se aplicar\u00e1n vacunas antirr\u00e1bicas en el Paseo de la Salud"},"content":{"rendered":"<p>Este jueves se aplicar\u00e1n vacunas antirr\u00e1bicas en el Paseo de la Salud, as\u00ed lo informaron desde la Direcci\u00f3n de <a href=\"https:\/\/www.facebook.com\/profile.php?id=100009966739206\">Bromatolog\u00eda<\/a> Municipal se record\u00f3 que este jueves se dispondr\u00e1 de un operativo de vacunaci\u00f3n antirr\u00e1bica en el Paseo de la Salud, ubicado en el Parque Mitre.<\/p>\n<p>Se trata de una medida que se puso en marcha el pasado mes de abril y se constituye en una tarea que se reiterar\u00e1 el \u00faltimo jueves de cada mes, de manera complementaria al cronograma anual.<\/p>\n<p>Se detall\u00f3 que se dispondr\u00e1 de un puesto de vacunaci\u00f3n en el paseo situado sobre Almirante Brown y Belgrano, el cual funcionar\u00e1 en el horario de 12 a 13:30. Se solicita que las mascotas sean trasladadas por un adulto, los perros con collar, correa y bozal de ser necesario y los gatos dentro de un bolso transportador.<\/p>\n<p>La rabia es una enfermedad viral zoon\u00f3tica que puede afectar el sistema nervioso central de todos los mam\u00edferos, entre ellos el humano, y una vez que se manifiesta causa inevitablemente la muerte.<\/p>\n<p><strong>\u00bfC\u00f3mo se transmite la rabia?<\/strong><\/p>\n<p>El virus est\u00e1 presente en la saliva y el cerebro de los animales infectados, siendo la saliva el medio de contagio, generalmente a trav\u00e9s de una mordedura.<\/p>\n<p>En nuestra zona, el reservorio del virus son los murci\u00e9lagos, los cuales se alimentan de insectos, no atacan a los animales ni al hombre, pero al estar enfermos pueden caer en techos, patios o en la v\u00eda p\u00fablica y ser encontrados por nuestras mascotas, las cuales se acercar\u00e1n por instinto (para jugar o cazar) y pueden ser mordidos por estos murci\u00e9lagos.<\/p>\n<p><strong>\u00bfC\u00f3mo prevenir la rabia?<\/strong><\/p>\n<p>La prevenci\u00f3n se realiza mediante la vacunaci\u00f3n anual de perros y gatos, a partir de los 3 meses de edad.<\/p>\n<p>Por \u00faltimo, desde la Direcci\u00f3n de Bromatolog\u00eda Municipal se insisti\u00f3 en que esta es una medida adicional al cronograma anual de vacunaci\u00f3n antirr\u00e1bica, y que adem\u00e1s las personas interesadas pueden presentarse de lunes a viernes de 12:00 a 13:00 en el predio de Bromatolog\u00eda.<\/p>\n","protected":false},"excerpt":{"rendered":"<p>Este jueves se aplicar\u00e1n vacunas antirr\u00e1bicas en el Paseo de la Salud, as\u00ed lo informaron&#8230;<\/p>\n","protected":false},"author":1,"featured_media":168294,"comment_status":"closed","ping_status":"closed","sticky":false,"template":"","format":"standard","meta":{"content-type":""},"categories":[27],"tags":[],"nelio_content":{"isAutoShareEnabled":false,"autoShareEndMode":"default","automationSources":{"useContentSentences":true,"useSocialTemplates":true,"useCustomSentences":false,"customSentences":[]},"followers":[1],"suggestedReferences":[],"includedReferences":[],"efiUrl":"","efiAlt":"","highlights":[]},"yoast_head":"<!-- This site is optimized with the Yoast SEO plugin v20.7 - https:\/\/yoast.com\/wordpress\/plugins\/seo\/ -->\n<title>Este jueves se aplicar\u00e1n vacunas antirr\u00e1bicas en el Paseo de la Salud<\/title>\n<meta name=\"description\" content=\"Este jueves se aplicar\u00e1n vacunas antirr\u00e1bicas en el Paseo de la Salud, as\u00ed lo informaron desde la Direcci\u00f3n de Bromatolog\u00eda Municipal\" \/>\n<meta name=\"robots\" content=\"index, follow, max-snippet:-1, max-image-preview:large, max-video-preview:-1\" \/>\n<link rel=\"canonical\" href=\"https:\/\/experienciadevida.com.ar\/portalurbano\/este-jueves-se-aplicaran-vacunas-antirrabicas-en-el-paseo-de-la-salud\/\" \/>\n<meta property=\"og:locale\" content=\"es_ES\" \/>\n<meta property=\"og:type\" content=\"article\" \/>\n<meta property=\"og:title\" content=\"Este jueves se aplicar\u00e1n vacunas antirr\u00e1bicas en el Paseo de la Salud\" \/>\n<meta property=\"og:description\" content=\"Este jueves se aplicar\u00e1n vacunas antirr\u00e1bicas en el Paseo de la Salud, as\u00ed lo informaron desde la Direcci\u00f3n de Bromatolog\u00eda Municipal\" \/>\n<meta property=\"og:url\" content=\"https:\/\/experienciadevida.com.ar\/portalurbano\/este-jueves-se-aplicaran-vacunas-antirrabicas-en-el-paseo-de-la-salud\/\" \/>\n<meta property=\"article:publisher\" content=\"https:\/\/www.facebook.com\/Portal-Urbano-171542830093757\/\" \/>\n<meta property=\"article:published_time\" content=\"2022-05-24T23:52:48+00:00\" \/>\n<meta property=\"article:modified_time\" content=\"2022-05-24T23:53:17+00:00\" \/>\n<meta property=\"og:image\" content=\"https:\/\/experienciadevida.com.ar\/portalurbano\/wp-content\/uploads\/2022\/05\/Este-jueves-se-aplicaran.jpg\" \/>\n\t<meta property=\"og:image:width\" content=\"1024\" \/>\n\t<meta property=\"og:image:height\" content=\"768\" \/>\n\t<meta property=\"og:image:type\" content=\"image\/jpeg\" \/>\n<meta name=\"author\" content=\"admpu17wp\" \/>\n<meta name=\"twitter:card\" content=\"summary_large_image\" \/>\n<meta name=\"twitter:creator\" content=\"@portalurbanook\" \/>\n<meta name=\"twitter:site\" content=\"@portalurbanook\" \/>\n<meta name=\"twitter:label1\" content=\"Escrito por\" \/>\n\t<meta name=\"twitter:data1\" content=\"admpu17wp\" \/>\n\t<meta name=\"twitter:label2\" content=\"Tiempo de lectura\" \/>\n\t<meta name=\"twitter:data2\" content=\"2 minutos\" \/>\n<script type=\"application\/ld+json\" class=\"yoast-schema-graph\">{\"@context\":\"https:\/\/schema.org\",\"@graph\":[{\"@type\":\"Article\",\"@id\":\"https:\/\/experienciadevida.com.ar\/portalurbano\/este-jueves-se-aplicaran-vacunas-antirrabicas-en-el-paseo-de-la-salud\/#article\",\"isPartOf\":{\"@id\":\"https:\/\/experienciadevida.com.ar\/portalurbano\/este-jueves-se-aplicaran-vacunas-antirrabicas-en-el-paseo-de-la-salud\/\"},\"author\":{\"name\":\"admpu17wp\",\"@id\":\"https:\/\/experienciadevida.com.ar\/portalurbano\/#\/schema\/person\/02dd326b1c4b056e9cc972486934a3a7\"},\"headline\":\"Este jueves se aplicar\u00e1n vacunas antirr\u00e1bicas en el Paseo de la Salud\",\"datePublished\":\"2022-05-24T23:52:48+00:00\",\"dateModified\":\"2022-05-24T23:53:17+00:00\",\"mainEntityOfPage\":{\"@id\":\"https:\/\/experienciadevida.com.ar\/portalurbano\/este-jueves-se-aplicaran-vacunas-antirrabicas-en-el-paseo-de-la-salud\/\"},\"wordCount\":365,\"publisher\":{\"@id\":\"https:\/\/experienciadevida.com.ar\/portalurbano\/#organization\"},\"articleSection\":[\"Ciudad\"],\"inLanguage\":\"es\"},{\"@type\":\"WebPage\",\"@id\":\"https:\/\/experienciadevida.com.ar\/portalurbano\/este-jueves-se-aplicaran-vacunas-antirrabicas-en-el-paseo-de-la-salud\/\",\"url\":\"https:\/\/experienciadevida.com.ar\/portalurbano\/este-jueves-se-aplicaran-vacunas-antirrabicas-en-el-paseo-de-la-salud\/\",\"name\":\"Este jueves se aplicar\u00e1n vacunas antirr\u00e1bicas en el Paseo de la Salud\",\"isPartOf\":{\"@id\":\"https:\/\/experienciadevida.com.ar\/portalurbano\/#website\"},\"datePublished\":\"2022-05-24T23:52:48+00:00\",\"dateModified\":\"2022-05-24T23:53:17+00:00\",\"description\":\"Este jueves se aplicar\u00e1n vacunas antirr\u00e1bicas en el Paseo de la Salud, as\u00ed lo informaron desde la Direcci\u00f3n de Bromatolog\u00eda Municipal\",\"breadcrumb\":{\"@id\":\"https:\/\/experienciadevida.com.ar\/portalurbano\/este-jueves-se-aplicaran-vacunas-antirrabicas-en-el-paseo-de-la-salud\/#breadcrumb\"},\"inLanguage\":\"es\",\"potentialAction\":[{\"@type\":\"ReadAction\",\"target\":[\"https:\/\/experienciadevida.com.ar\/portalurbano\/este-jueves-se-aplicaran-vacunas-antirrabicas-en-el-paseo-de-la-salud\/\"]}]},{\"@type\":\"BreadcrumbList\",\"@id\":\"https:\/\/experienciadevida.com.ar\/portalurbano\/este-jueves-se-aplicaran-vacunas-antirrabicas-en-el-paseo-de-la-salud\/#breadcrumb\",\"itemListElement\":[{\"@type\":\"ListItem\",\"position\":1,\"name\":\"Portada\",\"item\":\"https:\/\/experienciadevida.com.ar\/portalurbano\/\"},{\"@type\":\"ListItem\",\"position\":2,\"name\":\"Este jueves se aplicar\u00e1n vacunas antirr\u00e1bicas en el Paseo de la Salud\"}]},{\"@type\":\"WebSite\",\"@id\":\"https:\/\/experienciadevida.com.ar\/portalurbano\/#website\",\"url\":\"https:\/\/experienciadevida.com.ar\/portalurbano\/\",\"name\":\"\",\"description\":\"\",\"publisher\":{\"@id\":\"https:\/\/experienciadevida.com.ar\/portalurbano\/#organization\"},\"potentialAction\":[{\"@type\":\"SearchAction\",\"target\":{\"@type\":\"EntryPoint\",\"urlTemplate\":\"https:\/\/experienciadevida.com.ar\/portalurbano\/?s={search_term_string}\"},\"query-input\":\"required name=search_term_string\"}],\"inLanguage\":\"es\"},{\"@type\":\"Organization\",\"@id\":\"https:\/\/experienciadevida.com.ar\/portalurbano\/#organization\",\"name\":\"Portal Urbano\",\"url\":\"https:\/\/experienciadevida.com.ar\/portalurbano\/\",\"logo\":{\"@type\":\"ImageObject\",\"inLanguage\":\"es\",\"@id\":\"https:\/\/experienciadevida.com.ar\/portalurbano\/#\/schema\/logo\/image\/\",\"url\":\"https:\/\/experienciadevida.com.ar\/portalurbano\/wp-content\/uploads\/2019\/09\/Logo-Original.png\",\"contentUrl\":\"https:\/\/experienciadevida.com.ar\/portalurbano\/wp-content\/uploads\/2019\/09\/Logo-Original.png\",\"width\":2236,\"height\":1216,\"caption\":\"Portal Urbano\"},\"image\":{\"@id\":\"https:\/\/experienciadevida.com.ar\/portalurbano\/#\/schema\/logo\/image\/\"},\"sameAs\":[\"https:\/\/www.facebook.com\/Portal-Urbano-171542830093757\/\",\"https:\/\/twitter.com\/portalurbanook\",\"https:\/\/www.instagram.com\/_portalurbano\/\",\"https:\/\/www.youtube.com\/channel\/UCXhagIfszH8KxFiOok79zbA?view_as=subscriber\"]},{\"@type\":\"Person\",\"@id\":\"https:\/\/experienciadevida.com.ar\/portalurbano\/#\/schema\/person\/02dd326b1c4b056e9cc972486934a3a7\",\"name\":\"admpu17wp\",\"image\":{\"@type\":\"ImageObject\",\"inLanguage\":\"es\",\"@id\":\"https:\/\/experienciadevida.com.ar\/portalurbano\/#\/schema\/person\/image\/\",\"url\":\"https:\/\/secure.gravatar.com\/avatar\/830d4c57adaae6630765e449a6908047?s=96&d=mm&r=g\",\"contentUrl\":\"https:\/\/secure.gravatar.com\/avatar\/830d4c57adaae6630765e449a6908047?s=96&d=mm&r=g\",\"caption\":\"admpu17wp\"}}]}<\/script>\n<!-- \/ Yoast SEO plugin. -->","yoast_head_json":{"title":"Este jueves se aplicar\u00e1n vacunas antirr\u00e1bicas en el Paseo de la Salud","description":"Este jueves se aplicar\u00e1n vacunas antirr\u00e1bicas en el Paseo de la Salud, as\u00ed lo informaron desde la Direcci\u00f3n de Bromatolog\u00eda Municipal","robots":{"index":"index","follow":"follow","max-snippet":"max-snippet:-1","max-image-preview":"max-image-preview:large","max-video-preview":"max-video-preview:-1"},"canonical":"https:\/\/experienciadevida.com.ar\/portalurbano\/este-jueves-se-aplicaran-vacunas-antirrabicas-en-el-paseo-de-la-salud\/","og_locale":"es_ES","og_type":"article","og_title":"Este jueves se aplicar\u00e1n vacunas antirr\u00e1bicas en el Paseo de la Salud","og_description":"Este jueves se aplicar\u00e1n vacunas antirr\u00e1bicas en el Paseo de la Salud, as\u00ed lo informaron desde la Direcci\u00f3n de Bromatolog\u00eda Municipal","og_url":"https:\/\/experienciadevida.com.ar\/portalurbano\/este-jueves-se-aplicaran-vacunas-antirrabicas-en-el-paseo-de-la-salud\/","article_publisher":"https:\/\/www.facebook.com\/Portal-Urbano-171542830093757\/","article_published_time":"2022-05-24T23:52:48+00:00","article_modified_time":"2022-05-24T23:53:17+00:00","og_image":[{"width":1024,"height":768,"url":"https:\/\/experienciadevida.com.ar\/portalurbano\/wp-content\/uploads\/2022\/05\/Este-jueves-se-aplicaran.jpg","type":"image\/jpeg"}],"author":"admpu17wp","twitter_card":"summary_large_image","twitter_creator":"@portalurbanook","twitter_site":"@portalurbanook","twitter_misc":{"Escrito por":"admpu17wp","Tiempo de lectura":"2 minutos"},"schema":{"@context":"https:\/\/schema.org","@graph":[{"@type":"Article","@id":"https:\/\/experienciadevida.com.ar\/portalurbano\/este-jueves-se-aplicaran-vacunas-antirrabicas-en-el-paseo-de-la-salud\/#article","isPartOf":{"@id":"https:\/\/experienciadevida.com.ar\/portalurbano\/este-jueves-se-aplicaran-vacunas-antirrabicas-en-el-paseo-de-la-salud\/"},"author":{"name":"admpu17wp","@id":"https:\/\/experienciadevida.com.ar\/portalurbano\/#\/schema\/person\/02dd326b1c4b056e9cc972486934a3a7"},"headline":"Este jueves se aplicar\u00e1n vacunas antirr\u00e1bicas en el Paseo de la Salud","datePublished":"2022-05-24T23:52:48+00:00","dateModified":"2022-05-24T23:53:17+00:00","mainEntityOfPage":{"@id":"https:\/\/experienciadevida.com.ar\/portalurbano\/este-jueves-se-aplicaran-vacunas-antirrabicas-en-el-paseo-de-la-salud\/"},"wordCount":365,"publisher":{"@id":"https:\/\/experienciadevida.com.ar\/portalurbano\/#organization"},"articleSection":["Ciudad"],"inLanguage":"es"},{"@type":"WebPage","@id":"https:\/\/experienciadevida.com.ar\/portalurbano\/este-jueves-se-aplicaran-vacunas-antirrabicas-en-el-paseo-de-la-salud\/","url":"https:\/\/experienciadevida.com.ar\/portalurbano\/este-jueves-se-aplicaran-vacunas-antirrabicas-en-el-paseo-de-la-salud\/","name":"Este jueves se aplicar\u00e1n vacunas antirr\u00e1bicas en el Paseo de la Salud","isPartOf":{"@id":"https:\/\/experienciadevida.com.ar\/portalurbano\/#website"},"datePublished":"2022-05-24T23:52:48+00:00","dateModified":"2022-05-24T23:53:17+00:00","description":"Este jueves se aplicar\u00e1n vacunas antirr\u00e1bicas en el Paseo de la Salud, as\u00ed lo informaron desde la Direcci\u00f3n de Bromatolog\u00eda Municipal","breadcrumb":{"@id":"https:\/\/experienciadevida.com.ar\/portalurbano\/este-jueves-se-aplicaran-vacunas-antirrabicas-en-el-paseo-de-la-salud\/#breadcrumb"},"inLanguage":"es","potentialAction":[{"@type":"ReadAction","target":["https:\/\/experienciadevida.com.ar\/portalurbano\/este-jueves-se-aplicaran-vacunas-antirrabicas-en-el-paseo-de-la-salud\/"]}]},{"@type":"BreadcrumbList","@id":"https:\/\/experienciadevida.com.ar\/portalurbano\/este-jueves-se-aplicaran-vacunas-antirrabicas-en-el-paseo-de-la-salud\/#breadcrumb","itemListElement":[{"@type":"ListItem","position":1,"name":"Portada","item":"https:\/\/experienciadevida.com.ar\/portalurbano\/"},{"@type":"ListItem","position":2,"name":"Este jueves se aplicar\u00e1n vacunas antirr\u00e1bicas en el Paseo de la Salud"}]},{"@type":"WebSite","@id":"https:\/\/experienciadevida.com.ar\/portalurbano\/#website","url":"https:\/\/experienciadevida.com.ar\/portalurbano\/","name":"","description":"","publisher":{"@id":"https:\/\/experienciadevida.com.ar\/portalurbano\/#organization"},"potentialAction":[{"@type":"SearchAction","target":{"@type":"EntryPoint","urlTemplate":"https:\/\/experienciadevida.com.ar\/portalurbano\/?s={search_term_string}"},"query-input":"required name=search_term_string"}],"inLanguage":"es"},{"@type":"Organization","@id":"https:\/\/experienciadevida.com.ar\/portalurbano\/#organization","name":"Portal Urbano","url":"https:\/\/experienciadevida.com.ar\/portalurbano\/","logo":{"@type":"ImageObject","inLanguage":"es","@id":"https:\/\/experienciadevida.com.ar\/portalurbano\/#\/schema\/logo\/image\/","url":"https:\/\/experienciadevida.com.ar\/portalurbano\/wp-content\/uploads\/2019\/09\/Logo-Original.png","contentUrl":"https:\/\/experienciadevida.com.ar\/portalurbano\/wp-content\/uploads\/2019\/09\/Logo-Original.png","width":2236,"height":1216,"caption":"Portal Urbano"},"image":{"@id":"https:\/\/experienciadevida.com.ar\/portalurbano\/#\/schema\/logo\/image\/"},"sameAs":["https:\/\/www.facebook.com\/Portal-Urbano-171542830093757\/","https:\/\/twitter.com\/portalurbanook","https:\/\/www.instagram.com\/_portalurbano\/","https:\/\/www.youtube.com\/channel\/UCXhagIfszH8KxFiOok79zbA?view_as=subscriber"]},{"@type":"Person","@id":"https:\/\/experienciadevida.com.ar\/portalurbano\/#\/schema\/person\/02dd326b1c4b056e9cc972486934a3a7","name":"admpu17wp","image":{"@type":"ImageObject","inLanguage":"es","@id":"https:\/\/experienciadevida.com.ar\/portalurbano\/#\/schema\/person\/image\/","url":"https:\/\/secure.gravatar.com\/avatar\/830d4c57adaae6630765e449a6908047?s=96&d=mm&r=g","contentUrl":"https:\/\/secure.gravatar.com\/avatar\/830d4c57adaae6630765e449a6908047?s=96&d=mm&r=g","caption":"admpu17wp"}}]}},"featured_image_urls":{"full":["https:\/\/experienciadevida.com.ar\/portalurbano\/wp-content\/uploads\/2022\/05\/Este-jueves-se-aplicaran.jpg",1024,768,false],"thumbnail":["https:\/\/experienciadevida.com.ar\/portalurbano\/wp-content\/uploads\/2022\/05\/Este-jueves-se-aplicaran-150x150.jpg",150,150,true],"medium":["https:\/\/experienciadevida.com.ar\/portalurbano\/wp-content\/uploads\/2022\/05\/Este-jueves-se-aplicaran-300x225.jpg",300,225,true],"medium_large":["https:\/\/experienciadevida.com.ar\/portalurbano\/wp-content\/uploads\/2022\/05\/Este-jueves-se-aplicaran-768x576.jpg",640,480,true],"large":["https:\/\/experienciadevida.com.ar\/portalurbano\/wp-content\/uploads\/2022\/05\/Este-jueves-se-aplicaran.jpg",640,480,false],"ug_big":["https:\/\/experienciadevida.com.ar\/portalurbano\/wp-content\/uploads\/2022\/05\/Este-jueves-se-aplicaran-768x576.jpg",768,576,true],"1536x1536":["https:\/\/experienciadevida.com.ar\/portalurbano\/wp-content\/uploads\/2022\/05\/Este-jueves-se-aplicaran.jpg",1024,768,false],"2048x2048":["https:\/\/experienciadevida.com.ar\/portalurbano\/wp-content\/uploads\/2022\/05\/Este-jueves-se-aplicaran.jpg",1024,768,false],"newsever-slider-full":["https:\/\/experienciadevida.com.ar\/portalurbano\/wp-content\/uploads\/2022\/05\/Este-jueves-se-aplicaran.jpg",1024,768,false],"newsever-featured":["https:\/\/experienciadevida.com.ar\/portalurbano\/wp-content\/uploads\/2022\/05\/Este-jueves-se-aplicaran.jpg",1024,768,false],"newsever-medium":["https:\/\/experienciadevida.com.ar\/portalurbano\/wp-content\/uploads\/2022\/05\/Este-jueves-se-aplicaran.jpg",633,475,false],"web-stories-poster-portrait":["https:\/\/experienciadevida.com.ar\/portalurbano\/wp-content\/uploads\/2022\/05\/Este-jueves-se-aplicaran.jpg",640,480,false],"web-stories-publisher-logo":["https:\/\/experienciadevida.com.ar\/portalurbano\/wp-content\/uploads\/2022\/05\/Este-jueves-se-aplicaran.jpg",96,72,false],"web-stories-thumbnail":["https:\/\/experienciadevida.com.ar\/portalurbano\/wp-content\/uploads\/2022\/05\/Este-jueves-se-aplicaran.jpg",150,113,false]},"author_info":{"display_name":"admpu17wp","author_link":"https:\/\/experienciadevida.com.ar\/portalurbano\/author\/admpu17wp\/"},"category_info":"<a href=\"https:\/\/experienciadevida.com.ar\/portalurbano\/category\/ciudad\/\" rel=\"category tag\">Ciudad<\/a>","tag_info":"Ciudad","comment_count":"0","amp_enabled":true,"_links":{"self":[{"href":"https:\/\/experienciadevida.com.ar\/portalurbano\/wp-json\/wp\/v2\/posts\/168293"}],"collection":[{"href":"https:\/\/experienciadevida.com.ar\/portalurbano\/wp-json\/wp\/v2\/posts"}],"about":[{"href":"https:\/\/experienciadevida.com.ar\/portalurbano\/wp-json\/wp\/v2\/types\/post"}],"author":[{"embeddable":true,"href":"https:\/\/experienciadevida.com.ar\/portalurbano\/wp-json\/wp\/v2\/users\/1"}],"replies":[{"embeddable":true,"href":"https:\/\/experienciadevida.com.ar\/portalurbano\/wp-json\/wp\/v2\/comments?post=168293"}],"version-history":[{"count":1,"href":"https:\/\/experienciadevida.com.ar\/portalurbano\/wp-json\/wp\/v2\/posts\/168293\/revisions"}],"predecessor-version":[{"id":168295,"href":"https:\/\/experienciadevida.com.ar\/portalurbano\/wp-json\/wp\/v2\/posts\/168293\/revisions\/168295"}],"wp:featuredmedia":[{"embeddable":true,"href":"https:\/\/experienciadevida.com.ar\/portalurbano\/wp-json\/wp\/v2\/media\/168294"}],"wp:attachment":[{"href":"https:\/\/experienciadevida.com.ar\/portalurbano\/wp-json\/wp\/v2\/media?parent=168293"}],"wp:term":[{"taxonomy":"category","embeddable":true,"href":"https:\/\/experienciadevida.com.ar\/portalurbano\/wp-json\/wp\/v2\/categories?post=168293"},{"taxonomy":"post_tag","embeddable":true,"href":"https:\/\/experienciadevida.com.ar\/portalurbano\/wp-json\/wp\/v2\/tags?post=168293"}],"curies":[{"name":"wp","href":"https:\/\/api.w.org\/{rel}","templated":true}]}}