{"id":168290,"date":"2022-05-24T20:42:54","date_gmt":"2022-05-24T23:42:54","guid":{"rendered":"https:\/\/experienciadevida.com.ar\/portalurbano\/?p=168290"},"modified":"2022-05-24T20:43:29","modified_gmt":"2022-05-24T23:43:29","slug":"este-jueves-y-durante-todo-el-fin-de-semana-estara-la-muestra-itinerante-malvinas-retrato-de-un-sentimiento","status":"publish","type":"post","link":"https:\/\/experienciadevida.com.ar\/portalurbano\/este-jueves-y-durante-todo-el-fin-de-semana-estara-la-muestra-itinerante-malvinas-retrato-de-un-sentimiento\/","title":{"rendered":"Este jueves y durante todo el fin de semana estar\u00e1 la Muestra Itinerante &#8220;Malvinas, Retrato De Un Sentimiento&#8221;"},"content":{"rendered":"<p>Este jueves y durante todo el fin de semana estar\u00e1 la Muestra Itinerante &#8220;Malvinas, Retrato De Un Sentimiento&#8221;, se podr\u00e1 recorrer desde el jueves 26 de mayo hasta el domingo 29, estar\u00e1 en las inmediaciones del Monumento a San Mart\u00edn, en la plazoleta Alejandro Mar\u00eda de Aguado, ubicada en el Parque del Bicentenario \u201cSenador O. Lara\u201d.<\/p>\n<p>A 40 a\u00f1os del inicio de la guerra de Malvinas, la fundaci\u00f3n y editorial TAEDA, a trav\u00e9s del Ministerio del Interior a cargo de Eduardo \u201cWado\u201d de Pedro y en esta ocasi\u00f3n en articulaci\u00f3n con la Agrupaci\u00f3n Veteranos de Guerra \u201c2 de Abril\u201d, organiza y despliega la muestra itinerante &#8220;Malvinas, retratos de un sentimiento&#8221;, en la cual exhibe una excelente selecci\u00f3n de los trabajos de los reporteros gr\u00e1ficos Eduardo Farr\u00e9, RafaelWollmann, Rom\u00e1n Von Ekstein, Juan Sandoval y Osvaldo Zurlo.<\/p>\n<p>La muestra busca mantener vivo ese hecho hist\u00f3rico y hacer conocer a nuevas generaciones de argentinos el compromiso que tuvieron con la Patria los j\u00f3venes soldados que combatieron en las Islas. Por medio de sus fotograf\u00edas, se puede ver el costado m\u00e1s humano del conflicto y revivir las experiencias de aquellos que no dudaron en dar todo por la Patria. Desde hace varios a\u00f1os la muestra recorre cada rinc\u00f3n del pa\u00eds.<\/p>\n<p>La muestra estar\u00e1 del jueves a domingo, en las inmediaciones del Monumento a San Mart\u00edn, en la plazoleta Alejandro Mar\u00eda de Aguado, ubicada en el Parque del Bicentenario \u201cSenador O. Lara\u201d y es gratuita. El d\u00eda s\u00e1bado a las 11 de la ma\u00f1ana se realizar\u00e1 la apertura formal.<\/p>\n","protected":false},"excerpt":{"rendered":"<p>Este jueves y durante todo el fin de semana estar\u00e1 la Muestra Itinerante &#8220;Malvinas, Retrato&#8230;<\/p>\n","protected":false},"author":1,"featured_media":168291,"comment_status":"closed","ping_status":"closed","sticky":false,"template":"","format":"standard","meta":{"content-type":""},"categories":[27],"tags":[],"nelio_content":{"isAutoShareEnabled":false,"autoShareEndMode":"default","automationSources":{"useContentSentences":true,"useSocialTemplates":true,"useCustomSentences":false,"customSentences":[]},"followers":[1],"suggestedReferences":[],"includedReferences":[],"efiUrl":"","efiAlt":"","highlights":[]},"yoast_head":"<!-- This site is optimized with the Yoast SEO plugin v20.7 - https:\/\/yoast.com\/wordpress\/plugins\/seo\/ -->\n<title>Este jueves y durante todo el fin de semana estar\u00e1 la muestra itinerante<\/title>\n<meta name=\"description\" content=\"Este jueves y durante todo el fin de semana estar\u00e1 la Muestra Itinerante &quot;Malvinas, Retrato De Un Sentimiento&quot;, en el Monumento\" \/>\n<meta name=\"robots\" content=\"index, follow, max-snippet:-1, max-image-preview:large, max-video-preview:-1\" \/>\n<link rel=\"canonical\" href=\"https:\/\/experienciadevida.com.ar\/portalurbano\/este-jueves-y-durante-todo-el-fin-de-semana-estara-la-muestra-itinerante-malvinas-retrato-de-un-sentimiento\/\" \/>\n<meta property=\"og:locale\" content=\"es_ES\" \/>\n<meta property=\"og:type\" content=\"article\" \/>\n<meta property=\"og:title\" content=\"Este jueves y durante todo el fin de semana estar\u00e1 la muestra itinerante\" \/>\n<meta property=\"og:description\" content=\"Este jueves y durante todo el fin de semana estar\u00e1 la Muestra Itinerante &quot;Malvinas, Retrato De Un Sentimiento&quot;, en el Monumento\" \/>\n<meta property=\"og:url\" content=\"https:\/\/experienciadevida.com.ar\/portalurbano\/este-jueves-y-durante-todo-el-fin-de-semana-estara-la-muestra-itinerante-malvinas-retrato-de-un-sentimiento\/\" \/>\n<meta property=\"article:publisher\" content=\"https:\/\/www.facebook.com\/Portal-Urbano-171542830093757\/\" \/>\n<meta property=\"article:published_time\" content=\"2022-05-24T23:42:54+00:00\" \/>\n<meta property=\"article:modified_time\" content=\"2022-05-24T23:43:29+00:00\" \/>\n<meta property=\"og:image\" content=\"https:\/\/experienciadevida.com.ar\/portalurbano\/wp-content\/uploads\/2022\/05\/Este-jueves-y-durante.jpg\" \/>\n\t<meta property=\"og:image:width\" content=\"730\" \/>\n\t<meta property=\"og:image:height\" content=\"500\" \/>\n\t<meta property=\"og:image:type\" content=\"image\/jpeg\" \/>\n<meta name=\"author\" content=\"admpu17wp\" \/>\n<meta name=\"twitter:card\" content=\"summary_large_image\" \/>\n<meta name=\"twitter:creator\" content=\"@portalurbanook\" \/>\n<meta name=\"twitter:site\" content=\"@portalurbanook\" \/>\n<meta name=\"twitter:label1\" content=\"Escrito por\" \/>\n\t<meta name=\"twitter:data1\" content=\"admpu17wp\" \/>\n\t<meta name=\"twitter:label2\" content=\"Tiempo de lectura\" \/>\n\t<meta name=\"twitter:data2\" content=\"2 minutos\" \/>\n<script type=\"application\/ld+json\" class=\"yoast-schema-graph\">{\"@context\":\"https:\/\/schema.org\",\"@graph\":[{\"@type\":\"Article\",\"@id\":\"https:\/\/experienciadevida.com.ar\/portalurbano\/este-jueves-y-durante-todo-el-fin-de-semana-estara-la-muestra-itinerante-malvinas-retrato-de-un-sentimiento\/#article\",\"isPartOf\":{\"@id\":\"https:\/\/experienciadevida.com.ar\/portalurbano\/este-jueves-y-durante-todo-el-fin-de-semana-estara-la-muestra-itinerante-malvinas-retrato-de-un-sentimiento\/\"},\"author\":{\"name\":\"admpu17wp\",\"@id\":\"https:\/\/experienciadevida.com.ar\/portalurbano\/#\/schema\/person\/02dd326b1c4b056e9cc972486934a3a7\"},\"headline\":\"Este jueves y durante todo el fin de semana estar\u00e1 la Muestra Itinerante &#8220;Malvinas, Retrato De Un Sentimiento&#8221;\",\"datePublished\":\"2022-05-24T23:42:54+00:00\",\"dateModified\":\"2022-05-24T23:43:29+00:00\",\"mainEntityOfPage\":{\"@id\":\"https:\/\/experienciadevida.com.ar\/portalurbano\/este-jueves-y-durante-todo-el-fin-de-semana-estara-la-muestra-itinerante-malvinas-retrato-de-un-sentimiento\/\"},\"wordCount\":290,\"publisher\":{\"@id\":\"https:\/\/experienciadevida.com.ar\/portalurbano\/#organization\"},\"articleSection\":[\"Ciudad\"],\"inLanguage\":\"es\"},{\"@type\":\"WebPage\",\"@id\":\"https:\/\/experienciadevida.com.ar\/portalurbano\/este-jueves-y-durante-todo-el-fin-de-semana-estara-la-muestra-itinerante-malvinas-retrato-de-un-sentimiento\/\",\"url\":\"https:\/\/experienciadevida.com.ar\/portalurbano\/este-jueves-y-durante-todo-el-fin-de-semana-estara-la-muestra-itinerante-malvinas-retrato-de-un-sentimiento\/\",\"name\":\"Este jueves y durante todo el fin de semana estar\u00e1 la muestra itinerante\",\"isPartOf\":{\"@id\":\"https:\/\/experienciadevida.com.ar\/portalurbano\/#website\"},\"datePublished\":\"2022-05-24T23:42:54+00:00\",\"dateModified\":\"2022-05-24T23:43:29+00:00\",\"description\":\"Este jueves y durante todo el fin de semana estar\u00e1 la Muestra Itinerante \\\"Malvinas, Retrato De Un Sentimiento\\\", en el Monumento\",\"breadcrumb\":{\"@id\":\"https:\/\/experienciadevida.com.ar\/portalurbano\/este-jueves-y-durante-todo-el-fin-de-semana-estara-la-muestra-itinerante-malvinas-retrato-de-un-sentimiento\/#breadcrumb\"},\"inLanguage\":\"es\",\"potentialAction\":[{\"@type\":\"ReadAction\",\"target\":[\"https:\/\/experienciadevida.com.ar\/portalurbano\/este-jueves-y-durante-todo-el-fin-de-semana-estara-la-muestra-itinerante-malvinas-retrato-de-un-sentimiento\/\"]}]},{\"@type\":\"BreadcrumbList\",\"@id\":\"https:\/\/experienciadevida.com.ar\/portalurbano\/este-jueves-y-durante-todo-el-fin-de-semana-estara-la-muestra-itinerante-malvinas-retrato-de-un-sentimiento\/#breadcrumb\",\"itemListElement\":[{\"@type\":\"ListItem\",\"position\":1,\"name\":\"Portada\",\"item\":\"https:\/\/experienciadevida.com.ar\/portalurbano\/\"},{\"@type\":\"ListItem\",\"position\":2,\"name\":\"Este jueves y durante todo el fin de semana estar\u00e1 la Muestra Itinerante \u00abMalvinas, Retrato De Un Sentimiento\u00bb\"}]},{\"@type\":\"WebSite\",\"@id\":\"https:\/\/experienciadevida.com.ar\/portalurbano\/#website\",\"url\":\"https:\/\/experienciadevida.com.ar\/portalurbano\/\",\"name\":\"\",\"description\":\"\",\"publisher\":{\"@id\":\"https:\/\/experienciadevida.com.ar\/portalurbano\/#organization\"},\"potentialAction\":[{\"@type\":\"SearchAction\",\"target\":{\"@type\":\"EntryPoint\",\"urlTemplate\":\"https:\/\/experienciadevida.com.ar\/portalurbano\/?s={search_term_string}\"},\"query-input\":\"required name=search_term_string\"}],\"inLanguage\":\"es\"},{\"@type\":\"Organization\",\"@id\":\"https:\/\/experienciadevida.com.ar\/portalurbano\/#organization\",\"name\":\"Portal Urbano\",\"url\":\"https:\/\/experienciadevida.com.ar\/portalurbano\/\",\"logo\":{\"@type\":\"ImageObject\",\"inLanguage\":\"es\",\"@id\":\"https:\/\/experienciadevida.com.ar\/portalurbano\/#\/schema\/logo\/image\/\",\"url\":\"https:\/\/experienciadevida.com.ar\/portalurbano\/wp-content\/uploads\/2019\/09\/Logo-Original.png\",\"contentUrl\":\"https:\/\/experienciadevida.com.ar\/portalurbano\/wp-content\/uploads\/2019\/09\/Logo-Original.png\",\"width\":2236,\"height\":1216,\"caption\":\"Portal Urbano\"},\"image\":{\"@id\":\"https:\/\/experienciadevida.com.ar\/portalurbano\/#\/schema\/logo\/image\/\"},\"sameAs\":[\"https:\/\/www.facebook.com\/Portal-Urbano-171542830093757\/\",\"https:\/\/twitter.com\/portalurbanook\",\"https:\/\/www.instagram.com\/_portalurbano\/\",\"https:\/\/www.youtube.com\/channel\/UCXhagIfszH8KxFiOok79zbA?view_as=subscriber\"]},{\"@type\":\"Person\",\"@id\":\"https:\/\/experienciadevida.com.ar\/portalurbano\/#\/schema\/person\/02dd326b1c4b056e9cc972486934a3a7\",\"name\":\"admpu17wp\",\"image\":{\"@type\":\"ImageObject\",\"inLanguage\":\"es\",\"@id\":\"https:\/\/experienciadevida.com.ar\/portalurbano\/#\/schema\/person\/image\/\",\"url\":\"https:\/\/secure.gravatar.com\/avatar\/830d4c57adaae6630765e449a6908047?s=96&d=mm&r=g\",\"contentUrl\":\"https:\/\/secure.gravatar.com\/avatar\/830d4c57adaae6630765e449a6908047?s=96&d=mm&r=g\",\"caption\":\"admpu17wp\"}}]}<\/script>\n<!-- \/ Yoast SEO plugin. -->","yoast_head_json":{"title":"Este jueves y durante todo el fin de semana estar\u00e1 la muestra itinerante","description":"Este jueves y durante todo el fin de semana estar\u00e1 la Muestra Itinerante \"Malvinas, Retrato De Un Sentimiento\", en el Monumento","robots":{"index":"index","follow":"follow","max-snippet":"max-snippet:-1","max-image-preview":"max-image-preview:large","max-video-preview":"max-video-preview:-1"},"canonical":"https:\/\/experienciadevida.com.ar\/portalurbano\/este-jueves-y-durante-todo-el-fin-de-semana-estara-la-muestra-itinerante-malvinas-retrato-de-un-sentimiento\/","og_locale":"es_ES","og_type":"article","og_title":"Este jueves y durante todo el fin de semana estar\u00e1 la muestra itinerante","og_description":"Este jueves y durante todo el fin de semana estar\u00e1 la Muestra Itinerante \"Malvinas, Retrato De Un Sentimiento\", en el Monumento","og_url":"https:\/\/experienciadevida.com.ar\/portalurbano\/este-jueves-y-durante-todo-el-fin-de-semana-estara-la-muestra-itinerante-malvinas-retrato-de-un-sentimiento\/","article_publisher":"https:\/\/www.facebook.com\/Portal-Urbano-171542830093757\/","article_published_time":"2022-05-24T23:42:54+00:00","article_modified_time":"2022-05-24T23:43:29+00:00","og_image":[{"width":730,"height":500,"url":"https:\/\/experienciadevida.com.ar\/portalurbano\/wp-content\/uploads\/2022\/05\/Este-jueves-y-durante.jpg","type":"image\/jpeg"}],"author":"admpu17wp","twitter_card":"summary_large_image","twitter_creator":"@portalurbanook","twitter_site":"@portalurbanook","twitter_misc":{"Escrito por":"admpu17wp","Tiempo de lectura":"2 minutos"},"schema":{"@context":"https:\/\/schema.org","@graph":[{"@type":"Article","@id":"https:\/\/experienciadevida.com.ar\/portalurbano\/este-jueves-y-durante-todo-el-fin-de-semana-estara-la-muestra-itinerante-malvinas-retrato-de-un-sentimiento\/#article","isPartOf":{"@id":"https:\/\/experienciadevida.com.ar\/portalurbano\/este-jueves-y-durante-todo-el-fin-de-semana-estara-la-muestra-itinerante-malvinas-retrato-de-un-sentimiento\/"},"author":{"name":"admpu17wp","@id":"https:\/\/experienciadevida.com.ar\/portalurbano\/#\/schema\/person\/02dd326b1c4b056e9cc972486934a3a7"},"headline":"Este jueves y durante todo el fin de semana estar\u00e1 la Muestra Itinerante &#8220;Malvinas, Retrato De Un Sentimiento&#8221;","datePublished":"2022-05-24T23:42:54+00:00","dateModified":"2022-05-24T23:43:29+00:00","mainEntityOfPage":{"@id":"https:\/\/experienciadevida.com.ar\/portalurbano\/este-jueves-y-durante-todo-el-fin-de-semana-estara-la-muestra-itinerante-malvinas-retrato-de-un-sentimiento\/"},"wordCount":290,"publisher":{"@id":"https:\/\/experienciadevida.com.ar\/portalurbano\/#organization"},"articleSection":["Ciudad"],"inLanguage":"es"},{"@type":"WebPage","@id":"https:\/\/experienciadevida.com.ar\/portalurbano\/este-jueves-y-durante-todo-el-fin-de-semana-estara-la-muestra-itinerante-malvinas-retrato-de-un-sentimiento\/","url":"https:\/\/experienciadevida.com.ar\/portalurbano\/este-jueves-y-durante-todo-el-fin-de-semana-estara-la-muestra-itinerante-malvinas-retrato-de-un-sentimiento\/","name":"Este jueves y durante todo el fin de semana estar\u00e1 la muestra itinerante","isPartOf":{"@id":"https:\/\/experienciadevida.com.ar\/portalurbano\/#website"},"datePublished":"2022-05-24T23:42:54+00:00","dateModified":"2022-05-24T23:43:29+00:00","description":"Este jueves y durante todo el fin de semana estar\u00e1 la Muestra Itinerante \"Malvinas, Retrato De Un Sentimiento\", en el Monumento","breadcrumb":{"@id":"https:\/\/experienciadevida.com.ar\/portalurbano\/este-jueves-y-durante-todo-el-fin-de-semana-estara-la-muestra-itinerante-malvinas-retrato-de-un-sentimiento\/#breadcrumb"},"inLanguage":"es","potentialAction":[{"@type":"ReadAction","target":["https:\/\/experienciadevida.com.ar\/portalurbano\/este-jueves-y-durante-todo-el-fin-de-semana-estara-la-muestra-itinerante-malvinas-retrato-de-un-sentimiento\/"]}]},{"@type":"BreadcrumbList","@id":"https:\/\/experienciadevida.com.ar\/portalurbano\/este-jueves-y-durante-todo-el-fin-de-semana-estara-la-muestra-itinerante-malvinas-retrato-de-un-sentimiento\/#breadcrumb","itemListElement":[{"@type":"ListItem","position":1,"name":"Portada","item":"https:\/\/experienciadevida.com.ar\/portalurbano\/"},{"@type":"ListItem","position":2,"name":"Este jueves y durante todo el fin de semana estar\u00e1 la Muestra Itinerante \u00abMalvinas, Retrato De Un Sentimiento\u00bb"}]},{"@type":"WebSite","@id":"https:\/\/experienciadevida.com.ar\/portalurbano\/#website","url":"https:\/\/experienciadevida.com.ar\/portalurbano\/","name":"","description":"","publisher":{"@id":"https:\/\/experienciadevida.com.ar\/portalurbano\/#organization"},"potentialAction":[{"@type":"SearchAction","target":{"@type":"EntryPoint","urlTemplate":"https:\/\/experienciadevida.com.ar\/portalurbano\/?s={search_term_string}"},"query-input":"required name=search_term_string"}],"inLanguage":"es"},{"@type":"Organization","@id":"https:\/\/experienciadevida.com.ar\/portalurbano\/#organization","name":"Portal Urbano","url":"https:\/\/experienciadevida.com.ar\/portalurbano\/","logo":{"@type":"ImageObject","inLanguage":"es","@id":"https:\/\/experienciadevida.com.ar\/portalurbano\/#\/schema\/logo\/image\/","url":"https:\/\/experienciadevida.com.ar\/portalurbano\/wp-content\/uploads\/2019\/09\/Logo-Original.png","contentUrl":"https:\/\/experienciadevida.com.ar\/portalurbano\/wp-content\/uploads\/2019\/09\/Logo-Original.png","width":2236,"height":1216,"caption":"Portal Urbano"},"image":{"@id":"https:\/\/experienciadevida.com.ar\/portalurbano\/#\/schema\/logo\/image\/"},"sameAs":["https:\/\/www.facebook.com\/Portal-Urbano-171542830093757\/","https:\/\/twitter.com\/portalurbanook","https:\/\/www.instagram.com\/_portalurbano\/","https:\/\/www.youtube.com\/channel\/UCXhagIfszH8KxFiOok79zbA?view_as=subscriber"]},{"@type":"Person","@id":"https:\/\/experienciadevida.com.ar\/portalurbano\/#\/schema\/person\/02dd326b1c4b056e9cc972486934a3a7","name":"admpu17wp","image":{"@type":"ImageObject","inLanguage":"es","@id":"https:\/\/experienciadevida.com.ar\/portalurbano\/#\/schema\/person\/image\/","url":"https:\/\/secure.gravatar.com\/avatar\/830d4c57adaae6630765e449a6908047?s=96&d=mm&r=g","contentUrl":"https:\/\/secure.gravatar.com\/avatar\/830d4c57adaae6630765e449a6908047?s=96&d=mm&r=g","caption":"admpu17wp"}}]}},"featured_image_urls":{"full":["https:\/\/experienciadevida.com.ar\/portalurbano\/wp-content\/uploads\/2022\/05\/Este-jueves-y-durante.jpg",730,500,false],"thumbnail":["https:\/\/experienciadevida.com.ar\/portalurbano\/wp-content\/uploads\/2022\/05\/Este-jueves-y-durante-150x150.jpg",150,150,true],"medium":["https:\/\/experienciadevida.com.ar\/portalurbano\/wp-content\/uploads\/2022\/05\/Este-jueves-y-durante-300x205.jpg",300,205,true],"medium_large":["https:\/\/experienciadevida.com.ar\/portalurbano\/wp-content\/uploads\/2022\/05\/Este-jueves-y-durante.jpg",640,438,false],"large":["https:\/\/experienciadevida.com.ar\/portalurbano\/wp-content\/uploads\/2022\/05\/Este-jueves-y-durante.jpg",640,438,false],"ug_big":["https:\/\/experienciadevida.com.ar\/portalurbano\/wp-content\/uploads\/2022\/05\/Este-jueves-y-durante.jpg",730,500,false],"1536x1536":["https:\/\/experienciadevida.com.ar\/portalurbano\/wp-content\/uploads\/2022\/05\/Este-jueves-y-durante.jpg",730,500,false],"2048x2048":["https:\/\/experienciadevida.com.ar\/portalurbano\/wp-content\/uploads\/2022\/05\/Este-jueves-y-durante.jpg",730,500,false],"newsever-slider-full":["https:\/\/experienciadevida.com.ar\/portalurbano\/wp-content\/uploads\/2022\/05\/Este-jueves-y-durante.jpg",730,500,false],"newsever-featured":["https:\/\/experienciadevida.com.ar\/portalurbano\/wp-content\/uploads\/2022\/05\/Este-jueves-y-durante.jpg",730,500,false],"newsever-medium":["https:\/\/experienciadevida.com.ar\/portalurbano\/wp-content\/uploads\/2022\/05\/Este-jueves-y-durante.jpg",694,475,false],"web-stories-poster-portrait":["https:\/\/experienciadevida.com.ar\/portalurbano\/wp-content\/uploads\/2022\/05\/Este-jueves-y-durante.jpg",640,438,false],"web-stories-publisher-logo":["https:\/\/experienciadevida.com.ar\/portalurbano\/wp-content\/uploads\/2022\/05\/Este-jueves-y-durante.jpg",96,66,false],"web-stories-thumbnail":["https:\/\/experienciadevida.com.ar\/portalurbano\/wp-content\/uploads\/2022\/05\/Este-jueves-y-durante.jpg",150,103,false]},"author_info":{"display_name":"admpu17wp","author_link":"https:\/\/experienciadevida.com.ar\/portalurbano\/author\/admpu17wp\/"},"category_info":"<a href=\"https:\/\/experienciadevida.com.ar\/portalurbano\/category\/ciudad\/\" rel=\"category tag\">Ciudad<\/a>","tag_info":"Ciudad","comment_count":"0","amp_enabled":true,"_links":{"self":[{"href":"https:\/\/experienciadevida.com.ar\/portalurbano\/wp-json\/wp\/v2\/posts\/168290"}],"collection":[{"href":"https:\/\/experienciadevida.com.ar\/portalurbano\/wp-json\/wp\/v2\/posts"}],"about":[{"href":"https:\/\/experienciadevida.com.ar\/portalurbano\/wp-json\/wp\/v2\/types\/post"}],"author":[{"embeddable":true,"href":"https:\/\/experienciadevida.com.ar\/portalurbano\/wp-json\/wp\/v2\/users\/1"}],"replies":[{"embeddable":true,"href":"https:\/\/experienciadevida.com.ar\/portalurbano\/wp-json\/wp\/v2\/comments?post=168290"}],"version-history":[{"count":1,"href":"https:\/\/experienciadevida.com.ar\/portalurbano\/wp-json\/wp\/v2\/posts\/168290\/revisions"}],"predecessor-version":[{"id":168292,"href":"https:\/\/experienciadevida.com.ar\/portalurbano\/wp-json\/wp\/v2\/posts\/168290\/revisions\/168292"}],"wp:featuredmedia":[{"embeddable":true,"href":"https:\/\/experienciadevida.com.ar\/portalurbano\/wp-json\/wp\/v2\/media\/168291"}],"wp:attachment":[{"href":"https:\/\/experienciadevida.com.ar\/portalurbano\/wp-json\/wp\/v2\/media?parent=168290"}],"wp:term":[{"taxonomy":"category","embeddable":true,"href":"https:\/\/experienciadevida.com.ar\/portalurbano\/wp-json\/wp\/v2\/categories?post=168290"},{"taxonomy":"post_tag","embeddable":true,"href":"https:\/\/experienciadevida.com.ar\/portalurbano\/wp-json\/wp\/v2\/tags?post=168290"}],"curies":[{"name":"wp","href":"https:\/\/api.w.org\/{rel}","templated":true}]}}