{"id":168254,"date":"2022-05-24T18:32:14","date_gmt":"2022-05-24T21:32:14","guid":{"rendered":"https:\/\/experienciadevida.com.ar\/portalurbano\/?p=168254"},"modified":"2022-05-24T18:36:33","modified_gmt":"2022-05-24T21:36:33","slug":"el-soeco-efectuo-donacion-de-bandera-de-ceremonia-a-la-e-e-p-a-n-701","status":"publish","type":"post","link":"https:\/\/experienciadevida.com.ar\/portalurbano\/el-soeco-efectuo-donacion-de-bandera-de-ceremonia-a-la-e-e-p-a-n-701\/","title":{"rendered":"El SOECO efectu\u00f3 Donaci\u00f3n de Bandera de Ceremonia a la E.E.P.A. N\u00b0 701"},"content":{"rendered":"<p>El SOECO efectu\u00f3 Donaci\u00f3n de Bandera de Ceremonia a la E.E.P.A. N\u00b0 701, el Sindicato de Obreros Ceramistas de Olavarr\u00eda (SOECO), que conduce Gustavo Bustamante, realiz\u00f3, hoy martes 24 de mayo, la donaci\u00f3n de una Bandera de Ceremonia a la Escuela de Educaci\u00f3n Primaria para Adultos N\u00b0 701 que funciona en las tres unidades del Servicio Penitenciario de Sierra Chica.<\/p>\n<p><a href=\"https:\/\/experienciadevida.com.ar\/portalurbano\/el-soeco-efectuo-donacion-de-bandera-de-ceremonia-a-la-e-e-p-a-n-701\/el-22\/\" rel=\"attachment wp-att-168258\"><img decoding=\"async\" class=\"alignnone size-large wp-image-168258\" src=\"https:\/\/experienciadevida.com.ar\/portalurbano\/wp-content\/uploads\/2022\/05\/El-1024x741.webp\" alt=\"El \" width=\"900\" height=\"651\" srcset=\"https:\/\/experienciadevida.com.ar\/portalurbano\/wp-content\/uploads\/2022\/05\/El-1024x741.webp 1024w, https:\/\/experienciadevida.com.ar\/portalurbano\/wp-content\/uploads\/2022\/05\/El-300x217.webp 300w, https:\/\/experienciadevida.com.ar\/portalurbano\/wp-content\/uploads\/2022\/05\/El-768x555.webp 768w, https:\/\/experienciadevida.com.ar\/portalurbano\/wp-content\/uploads\/2022\/05\/El.webp 1080w\" sizes=\"(max-width: 900px) 100vw, 900px\" \/><\/a><\/p>\n<p>\ufe0f\ufe0f La donaci\u00f3n fue recibida, en la sede del sindicato ubicada en Coronel Su\u00e1rez N\u00b0 2228, por la directora de la instituci\u00f3n, Mariel Lasso, y la secretaria Marta Montenegro.<\/p>\n<p>En representaci\u00f3n del SOECO hicieron entrega del s\u00edmbolo patrio el secretario adjunto, Ramiro Sciliabba, el tesorero de la entidad, Javier Damiano y el secretario gremial, Jes\u00fas Goroso.<\/p>\n<p>En representaci\u00f3n de la Direcci\u00f3n de Educaci\u00f3n de Adultos, de la provincia de Buenos Aires estuvo presente el Referente T\u00e9cnico Territorial de la modalidad, Guillermo Perez.<\/p>\n<p>La solidaridad del sindicato se enmarca dentro de un nuevo aniversario del nacimiento del Primer Gobierno Patrio, que marc\u00f3 un antes y un despu\u00e9s en la formaci\u00f3n de nuestra historia y sell\u00f3 el paso al primer proceso emancipatorio ante el imperio espa\u00f1ol.<\/p>\n<p>Guillermo Perez, en representaci\u00f3n de la direcci\u00f3n de adultos provincial, en Regi\u00f3n 25, se pronunci\u00f3 ante el hecho de solidaridad: &#8220;agradecemos, de coraz\u00f3n, a toda la comunidad que integra el SOECO por el gran gesto solidario y acompa\u00f1amiento a la educaci\u00f3n p\u00fablica&#8221;.<\/p>\n<p><a href=\"https:\/\/experienciadevida.com.ar\/portalurbano\/el-soeco-efectuo-donacion-de-bandera-de-ceremonia-a-la-e-e-p-a-n-701\/soeco-3\/\" rel=\"attachment wp-att-168259\"><img decoding=\"async\" class=\"alignnone size-large wp-image-168259\" src=\"https:\/\/experienciadevida.com.ar\/portalurbano\/wp-content\/uploads\/2022\/05\/SOECO-1024x660.webp\" alt=\"SOECO \" width=\"900\" height=\"580\" srcset=\"https:\/\/experienciadevida.com.ar\/portalurbano\/wp-content\/uploads\/2022\/05\/SOECO-1024x660.webp 1024w, https:\/\/experienciadevida.com.ar\/portalurbano\/wp-content\/uploads\/2022\/05\/SOECO-300x193.webp 300w, https:\/\/experienciadevida.com.ar\/portalurbano\/wp-content\/uploads\/2022\/05\/SOECO-768x495.webp 768w, https:\/\/experienciadevida.com.ar\/portalurbano\/wp-content\/uploads\/2022\/05\/SOECO.webp 1080w\" sizes=\"(max-width: 900px) 100vw, 900px\" \/><\/a><\/p>\n","protected":false},"excerpt":{"rendered":"<p>El SOECO efectu\u00f3 Donaci\u00f3n de Bandera de Ceremonia a la E.E.P.A. N\u00b0 701, el Sindicato&#8230;<\/p>\n","protected":false},"author":1,"featured_media":168255,"comment_status":"closed","ping_status":"closed","sticky":false,"template":"","format":"standard","meta":{"content-type":""},"categories":[27],"tags":[],"nelio_content":{"isAutoShareEnabled":false,"autoShareEndMode":"default","automationSources":{"useContentSentences":true,"useSocialTemplates":true,"useCustomSentences":false,"customSentences":[]},"followers":[1],"suggestedReferences":[],"includedReferences":[],"efiUrl":"","efiAlt":"","highlights":[]},"yoast_head":"<!-- This site is optimized with the Yoast SEO plugin v20.7 - https:\/\/yoast.com\/wordpress\/plugins\/seo\/ -->\n<title>El SOECO efectu\u00f3 Donaci\u00f3n de Bandera de Ceremonia<\/title>\n<meta name=\"description\" content=\"El SOECO efectu\u00f3 Donaci\u00f3n de Bandera de Ceremonia a la E.E.P.A. N\u00b0 701, realiz\u00f3, hoy martes 24 de mayo, la donaci\u00f3n de la bandera\" \/>\n<meta name=\"robots\" content=\"index, follow, max-snippet:-1, max-image-preview:large, max-video-preview:-1\" \/>\n<link rel=\"canonical\" href=\"https:\/\/experienciadevida.com.ar\/portalurbano\/el-soeco-efectuo-donacion-de-bandera-de-ceremonia-a-la-e-e-p-a-n-701\/\" \/>\n<meta property=\"og:locale\" content=\"es_ES\" \/>\n<meta property=\"og:type\" content=\"article\" \/>\n<meta property=\"og:title\" content=\"El SOECO efectu\u00f3 Donaci\u00f3n de Bandera de Ceremonia\" \/>\n<meta property=\"og:description\" content=\"El SOECO efectu\u00f3 Donaci\u00f3n de Bandera de Ceremonia a la E.E.P.A. N\u00b0 701, realiz\u00f3, hoy martes 24 de mayo, la donaci\u00f3n de la bandera\" \/>\n<meta property=\"og:url\" content=\"https:\/\/experienciadevida.com.ar\/portalurbano\/el-soeco-efectuo-donacion-de-bandera-de-ceremonia-a-la-e-e-p-a-n-701\/\" \/>\n<meta property=\"article:publisher\" content=\"https:\/\/www.facebook.com\/Portal-Urbano-171542830093757\/\" \/>\n<meta property=\"article:published_time\" content=\"2022-05-24T21:32:14+00:00\" \/>\n<meta property=\"article:modified_time\" content=\"2022-05-24T21:36:33+00:00\" \/>\n<meta property=\"og:image\" content=\"https:\/\/experienciadevida.com.ar\/portalurbano\/wp-content\/uploads\/2022\/05\/SOECO.jpg\" \/>\n\t<meta property=\"og:image:width\" content=\"696\" \/>\n\t<meta property=\"og:image:height\" content=\"457\" \/>\n\t<meta property=\"og:image:type\" content=\"image\/jpeg\" \/>\n<meta name=\"author\" content=\"admpu17wp\" \/>\n<meta name=\"twitter:card\" content=\"summary_large_image\" \/>\n<meta name=\"twitter:creator\" content=\"@portalurbanook\" \/>\n<meta name=\"twitter:site\" content=\"@portalurbanook\" \/>\n<meta name=\"twitter:label1\" content=\"Escrito por\" \/>\n\t<meta name=\"twitter:data1\" content=\"admpu17wp\" \/>\n\t<meta name=\"twitter:label2\" content=\"Tiempo de lectura\" \/>\n\t<meta name=\"twitter:data2\" content=\"2 minutos\" \/>\n<script type=\"application\/ld+json\" class=\"yoast-schema-graph\">{\"@context\":\"https:\/\/schema.org\",\"@graph\":[{\"@type\":\"Article\",\"@id\":\"https:\/\/experienciadevida.com.ar\/portalurbano\/el-soeco-efectuo-donacion-de-bandera-de-ceremonia-a-la-e-e-p-a-n-701\/#article\",\"isPartOf\":{\"@id\":\"https:\/\/experienciadevida.com.ar\/portalurbano\/el-soeco-efectuo-donacion-de-bandera-de-ceremonia-a-la-e-e-p-a-n-701\/\"},\"author\":{\"name\":\"admpu17wp\",\"@id\":\"https:\/\/experienciadevida.com.ar\/portalurbano\/#\/schema\/person\/02dd326b1c4b056e9cc972486934a3a7\"},\"headline\":\"El SOECO efectu\u00f3 Donaci\u00f3n de Bandera de Ceremonia a la E.E.P.A. N\u00b0 701\",\"datePublished\":\"2022-05-24T21:32:14+00:00\",\"dateModified\":\"2022-05-24T21:36:33+00:00\",\"mainEntityOfPage\":{\"@id\":\"https:\/\/experienciadevida.com.ar\/portalurbano\/el-soeco-efectuo-donacion-de-bandera-de-ceremonia-a-la-e-e-p-a-n-701\/\"},\"wordCount\":263,\"publisher\":{\"@id\":\"https:\/\/experienciadevida.com.ar\/portalurbano\/#organization\"},\"articleSection\":[\"Ciudad\"],\"inLanguage\":\"es\"},{\"@type\":\"WebPage\",\"@id\":\"https:\/\/experienciadevida.com.ar\/portalurbano\/el-soeco-efectuo-donacion-de-bandera-de-ceremonia-a-la-e-e-p-a-n-701\/\",\"url\":\"https:\/\/experienciadevida.com.ar\/portalurbano\/el-soeco-efectuo-donacion-de-bandera-de-ceremonia-a-la-e-e-p-a-n-701\/\",\"name\":\"El SOECO efectu\u00f3 Donaci\u00f3n de Bandera de Ceremonia\",\"isPartOf\":{\"@id\":\"https:\/\/experienciadevida.com.ar\/portalurbano\/#website\"},\"datePublished\":\"2022-05-24T21:32:14+00:00\",\"dateModified\":\"2022-05-24T21:36:33+00:00\",\"description\":\"El SOECO efectu\u00f3 Donaci\u00f3n de Bandera de Ceremonia a la E.E.P.A. N\u00b0 701, realiz\u00f3, hoy martes 24 de mayo, la donaci\u00f3n de la bandera\",\"breadcrumb\":{\"@id\":\"https:\/\/experienciadevida.com.ar\/portalurbano\/el-soeco-efectuo-donacion-de-bandera-de-ceremonia-a-la-e-e-p-a-n-701\/#breadcrumb\"},\"inLanguage\":\"es\",\"potentialAction\":[{\"@type\":\"ReadAction\",\"target\":[\"https:\/\/experienciadevida.com.ar\/portalurbano\/el-soeco-efectuo-donacion-de-bandera-de-ceremonia-a-la-e-e-p-a-n-701\/\"]}]},{\"@type\":\"BreadcrumbList\",\"@id\":\"https:\/\/experienciadevida.com.ar\/portalurbano\/el-soeco-efectuo-donacion-de-bandera-de-ceremonia-a-la-e-e-p-a-n-701\/#breadcrumb\",\"itemListElement\":[{\"@type\":\"ListItem\",\"position\":1,\"name\":\"Portada\",\"item\":\"https:\/\/experienciadevida.com.ar\/portalurbano\/\"},{\"@type\":\"ListItem\",\"position\":2,\"name\":\"El SOECO efectu\u00f3 Donaci\u00f3n de Bandera de Ceremonia a la E.E.P.A. N\u00b0 701\"}]},{\"@type\":\"WebSite\",\"@id\":\"https:\/\/experienciadevida.com.ar\/portalurbano\/#website\",\"url\":\"https:\/\/experienciadevida.com.ar\/portalurbano\/\",\"name\":\"\",\"description\":\"\",\"publisher\":{\"@id\":\"https:\/\/experienciadevida.com.ar\/portalurbano\/#organization\"},\"potentialAction\":[{\"@type\":\"SearchAction\",\"target\":{\"@type\":\"EntryPoint\",\"urlTemplate\":\"https:\/\/experienciadevida.com.ar\/portalurbano\/?s={search_term_string}\"},\"query-input\":\"required name=search_term_string\"}],\"inLanguage\":\"es\"},{\"@type\":\"Organization\",\"@id\":\"https:\/\/experienciadevida.com.ar\/portalurbano\/#organization\",\"name\":\"Portal Urbano\",\"url\":\"https:\/\/experienciadevida.com.ar\/portalurbano\/\",\"logo\":{\"@type\":\"ImageObject\",\"inLanguage\":\"es\",\"@id\":\"https:\/\/experienciadevida.com.ar\/portalurbano\/#\/schema\/logo\/image\/\",\"url\":\"https:\/\/experienciadevida.com.ar\/portalurbano\/wp-content\/uploads\/2019\/09\/Logo-Original.png\",\"contentUrl\":\"https:\/\/experienciadevida.com.ar\/portalurbano\/wp-content\/uploads\/2019\/09\/Logo-Original.png\",\"width\":2236,\"height\":1216,\"caption\":\"Portal Urbano\"},\"image\":{\"@id\":\"https:\/\/experienciadevida.com.ar\/portalurbano\/#\/schema\/logo\/image\/\"},\"sameAs\":[\"https:\/\/www.facebook.com\/Portal-Urbano-171542830093757\/\",\"https:\/\/twitter.com\/portalurbanook\",\"https:\/\/www.instagram.com\/_portalurbano\/\",\"https:\/\/www.youtube.com\/channel\/UCXhagIfszH8KxFiOok79zbA?view_as=subscriber\"]},{\"@type\":\"Person\",\"@id\":\"https:\/\/experienciadevida.com.ar\/portalurbano\/#\/schema\/person\/02dd326b1c4b056e9cc972486934a3a7\",\"name\":\"admpu17wp\",\"image\":{\"@type\":\"ImageObject\",\"inLanguage\":\"es\",\"@id\":\"https:\/\/experienciadevida.com.ar\/portalurbano\/#\/schema\/person\/image\/\",\"url\":\"https:\/\/secure.gravatar.com\/avatar\/830d4c57adaae6630765e449a6908047?s=96&d=mm&r=g\",\"contentUrl\":\"https:\/\/secure.gravatar.com\/avatar\/830d4c57adaae6630765e449a6908047?s=96&d=mm&r=g\",\"caption\":\"admpu17wp\"}}]}<\/script>\n<!-- \/ Yoast SEO plugin. -->","yoast_head_json":{"title":"El SOECO efectu\u00f3 Donaci\u00f3n de Bandera de Ceremonia","description":"El SOECO efectu\u00f3 Donaci\u00f3n de Bandera de Ceremonia a la E.E.P.A. N\u00b0 701, realiz\u00f3, hoy martes 24 de mayo, la donaci\u00f3n de la bandera","robots":{"index":"index","follow":"follow","max-snippet":"max-snippet:-1","max-image-preview":"max-image-preview:large","max-video-preview":"max-video-preview:-1"},"canonical":"https:\/\/experienciadevida.com.ar\/portalurbano\/el-soeco-efectuo-donacion-de-bandera-de-ceremonia-a-la-e-e-p-a-n-701\/","og_locale":"es_ES","og_type":"article","og_title":"El SOECO efectu\u00f3 Donaci\u00f3n de Bandera de Ceremonia","og_description":"El SOECO efectu\u00f3 Donaci\u00f3n de Bandera de Ceremonia a la E.E.P.A. N\u00b0 701, realiz\u00f3, hoy martes 24 de mayo, la donaci\u00f3n de la bandera","og_url":"https:\/\/experienciadevida.com.ar\/portalurbano\/el-soeco-efectuo-donacion-de-bandera-de-ceremonia-a-la-e-e-p-a-n-701\/","article_publisher":"https:\/\/www.facebook.com\/Portal-Urbano-171542830093757\/","article_published_time":"2022-05-24T21:32:14+00:00","article_modified_time":"2022-05-24T21:36:33+00:00","og_image":[{"width":696,"height":457,"url":"https:\/\/experienciadevida.com.ar\/portalurbano\/wp-content\/uploads\/2022\/05\/SOECO.jpg","type":"image\/jpeg"}],"author":"admpu17wp","twitter_card":"summary_large_image","twitter_creator":"@portalurbanook","twitter_site":"@portalurbanook","twitter_misc":{"Escrito por":"admpu17wp","Tiempo de lectura":"2 minutos"},"schema":{"@context":"https:\/\/schema.org","@graph":[{"@type":"Article","@id":"https:\/\/experienciadevida.com.ar\/portalurbano\/el-soeco-efectuo-donacion-de-bandera-de-ceremonia-a-la-e-e-p-a-n-701\/#article","isPartOf":{"@id":"https:\/\/experienciadevida.com.ar\/portalurbano\/el-soeco-efectuo-donacion-de-bandera-de-ceremonia-a-la-e-e-p-a-n-701\/"},"author":{"name":"admpu17wp","@id":"https:\/\/experienciadevida.com.ar\/portalurbano\/#\/schema\/person\/02dd326b1c4b056e9cc972486934a3a7"},"headline":"El SOECO efectu\u00f3 Donaci\u00f3n de Bandera de Ceremonia a la E.E.P.A. N\u00b0 701","datePublished":"2022-05-24T21:32:14+00:00","dateModified":"2022-05-24T21:36:33+00:00","mainEntityOfPage":{"@id":"https:\/\/experienciadevida.com.ar\/portalurbano\/el-soeco-efectuo-donacion-de-bandera-de-ceremonia-a-la-e-e-p-a-n-701\/"},"wordCount":263,"publisher":{"@id":"https:\/\/experienciadevida.com.ar\/portalurbano\/#organization"},"articleSection":["Ciudad"],"inLanguage":"es"},{"@type":"WebPage","@id":"https:\/\/experienciadevida.com.ar\/portalurbano\/el-soeco-efectuo-donacion-de-bandera-de-ceremonia-a-la-e-e-p-a-n-701\/","url":"https:\/\/experienciadevida.com.ar\/portalurbano\/el-soeco-efectuo-donacion-de-bandera-de-ceremonia-a-la-e-e-p-a-n-701\/","name":"El SOECO efectu\u00f3 Donaci\u00f3n de Bandera de Ceremonia","isPartOf":{"@id":"https:\/\/experienciadevida.com.ar\/portalurbano\/#website"},"datePublished":"2022-05-24T21:32:14+00:00","dateModified":"2022-05-24T21:36:33+00:00","description":"El SOECO efectu\u00f3 Donaci\u00f3n de Bandera de Ceremonia a la E.E.P.A. N\u00b0 701, realiz\u00f3, hoy martes 24 de mayo, la donaci\u00f3n de la bandera","breadcrumb":{"@id":"https:\/\/experienciadevida.com.ar\/portalurbano\/el-soeco-efectuo-donacion-de-bandera-de-ceremonia-a-la-e-e-p-a-n-701\/#breadcrumb"},"inLanguage":"es","potentialAction":[{"@type":"ReadAction","target":["https:\/\/experienciadevida.com.ar\/portalurbano\/el-soeco-efectuo-donacion-de-bandera-de-ceremonia-a-la-e-e-p-a-n-701\/"]}]},{"@type":"BreadcrumbList","@id":"https:\/\/experienciadevida.com.ar\/portalurbano\/el-soeco-efectuo-donacion-de-bandera-de-ceremonia-a-la-e-e-p-a-n-701\/#breadcrumb","itemListElement":[{"@type":"ListItem","position":1,"name":"Portada","item":"https:\/\/experienciadevida.com.ar\/portalurbano\/"},{"@type":"ListItem","position":2,"name":"El SOECO efectu\u00f3 Donaci\u00f3n de Bandera de Ceremonia a la E.E.P.A. N\u00b0 701"}]},{"@type":"WebSite","@id":"https:\/\/experienciadevida.com.ar\/portalurbano\/#website","url":"https:\/\/experienciadevida.com.ar\/portalurbano\/","name":"","description":"","publisher":{"@id":"https:\/\/experienciadevida.com.ar\/portalurbano\/#organization"},"potentialAction":[{"@type":"SearchAction","target":{"@type":"EntryPoint","urlTemplate":"https:\/\/experienciadevida.com.ar\/portalurbano\/?s={search_term_string}"},"query-input":"required name=search_term_string"}],"inLanguage":"es"},{"@type":"Organization","@id":"https:\/\/experienciadevida.com.ar\/portalurbano\/#organization","name":"Portal Urbano","url":"https:\/\/experienciadevida.com.ar\/portalurbano\/","logo":{"@type":"ImageObject","inLanguage":"es","@id":"https:\/\/experienciadevida.com.ar\/portalurbano\/#\/schema\/logo\/image\/","url":"https:\/\/experienciadevida.com.ar\/portalurbano\/wp-content\/uploads\/2019\/09\/Logo-Original.png","contentUrl":"https:\/\/experienciadevida.com.ar\/portalurbano\/wp-content\/uploads\/2019\/09\/Logo-Original.png","width":2236,"height":1216,"caption":"Portal Urbano"},"image":{"@id":"https:\/\/experienciadevida.com.ar\/portalurbano\/#\/schema\/logo\/image\/"},"sameAs":["https:\/\/www.facebook.com\/Portal-Urbano-171542830093757\/","https:\/\/twitter.com\/portalurbanook","https:\/\/www.instagram.com\/_portalurbano\/","https:\/\/www.youtube.com\/channel\/UCXhagIfszH8KxFiOok79zbA?view_as=subscriber"]},{"@type":"Person","@id":"https:\/\/experienciadevida.com.ar\/portalurbano\/#\/schema\/person\/02dd326b1c4b056e9cc972486934a3a7","name":"admpu17wp","image":{"@type":"ImageObject","inLanguage":"es","@id":"https:\/\/experienciadevida.com.ar\/portalurbano\/#\/schema\/person\/image\/","url":"https:\/\/secure.gravatar.com\/avatar\/830d4c57adaae6630765e449a6908047?s=96&d=mm&r=g","contentUrl":"https:\/\/secure.gravatar.com\/avatar\/830d4c57adaae6630765e449a6908047?s=96&d=mm&r=g","caption":"admpu17wp"}}]}},"featured_image_urls":{"full":["https:\/\/experienciadevida.com.ar\/portalurbano\/wp-content\/uploads\/2022\/05\/SOECO.jpg",696,457,false],"thumbnail":["https:\/\/experienciadevida.com.ar\/portalurbano\/wp-content\/uploads\/2022\/05\/SOECO-150x150.jpg",150,150,true],"medium":["https:\/\/experienciadevida.com.ar\/portalurbano\/wp-content\/uploads\/2022\/05\/SOECO-300x197.jpg",300,197,true],"medium_large":["https:\/\/experienciadevida.com.ar\/portalurbano\/wp-content\/uploads\/2022\/05\/SOECO.jpg",640,420,false],"large":["https:\/\/experienciadevida.com.ar\/portalurbano\/wp-content\/uploads\/2022\/05\/SOECO.jpg",640,420,false],"ug_big":["https:\/\/experienciadevida.com.ar\/portalurbano\/wp-content\/uploads\/2022\/05\/SOECO.jpg",696,457,false],"1536x1536":["https:\/\/experienciadevida.com.ar\/portalurbano\/wp-content\/uploads\/2022\/05\/SOECO.jpg",696,457,false],"2048x2048":["https:\/\/experienciadevida.com.ar\/portalurbano\/wp-content\/uploads\/2022\/05\/SOECO.jpg",696,457,false],"newsever-slider-full":["https:\/\/experienciadevida.com.ar\/portalurbano\/wp-content\/uploads\/2022\/05\/SOECO.jpg",696,457,false],"newsever-featured":["https:\/\/experienciadevida.com.ar\/portalurbano\/wp-content\/uploads\/2022\/05\/SOECO.jpg",696,457,false],"newsever-medium":["https:\/\/experienciadevida.com.ar\/portalurbano\/wp-content\/uploads\/2022\/05\/SOECO.jpg",696,457,false],"web-stories-poster-portrait":["https:\/\/experienciadevida.com.ar\/portalurbano\/wp-content\/uploads\/2022\/05\/SOECO.jpg",640,420,false],"web-stories-publisher-logo":["https:\/\/experienciadevida.com.ar\/portalurbano\/wp-content\/uploads\/2022\/05\/SOECO.jpg",96,63,false],"web-stories-thumbnail":["https:\/\/experienciadevida.com.ar\/portalurbano\/wp-content\/uploads\/2022\/05\/SOECO.jpg",150,98,false]},"author_info":{"display_name":"admpu17wp","author_link":"https:\/\/experienciadevida.com.ar\/portalurbano\/author\/admpu17wp\/"},"category_info":"<a href=\"https:\/\/experienciadevida.com.ar\/portalurbano\/category\/ciudad\/\" rel=\"category tag\">Ciudad<\/a>","tag_info":"Ciudad","comment_count":"0","amp_enabled":true,"_links":{"self":[{"href":"https:\/\/experienciadevida.com.ar\/portalurbano\/wp-json\/wp\/v2\/posts\/168254"}],"collection":[{"href":"https:\/\/experienciadevida.com.ar\/portalurbano\/wp-json\/wp\/v2\/posts"}],"about":[{"href":"https:\/\/experienciadevida.com.ar\/portalurbano\/wp-json\/wp\/v2\/types\/post"}],"author":[{"embeddable":true,"href":"https:\/\/experienciadevida.com.ar\/portalurbano\/wp-json\/wp\/v2\/users\/1"}],"replies":[{"embeddable":true,"href":"https:\/\/experienciadevida.com.ar\/portalurbano\/wp-json\/wp\/v2\/comments?post=168254"}],"version-history":[{"count":3,"href":"https:\/\/experienciadevida.com.ar\/portalurbano\/wp-json\/wp\/v2\/posts\/168254\/revisions"}],"predecessor-version":[{"id":168260,"href":"https:\/\/experienciadevida.com.ar\/portalurbano\/wp-json\/wp\/v2\/posts\/168254\/revisions\/168260"}],"wp:featuredmedia":[{"embeddable":true,"href":"https:\/\/experienciadevida.com.ar\/portalurbano\/wp-json\/wp\/v2\/media\/168255"}],"wp:attachment":[{"href":"https:\/\/experienciadevida.com.ar\/portalurbano\/wp-json\/wp\/v2\/media?parent=168254"}],"wp:term":[{"taxonomy":"category","embeddable":true,"href":"https:\/\/experienciadevida.com.ar\/portalurbano\/wp-json\/wp\/v2\/categories?post=168254"},{"taxonomy":"post_tag","embeddable":true,"href":"https:\/\/experienciadevida.com.ar\/portalurbano\/wp-json\/wp\/v2\/tags?post=168254"}],"curies":[{"name":"wp","href":"https:\/\/api.w.org\/{rel}","templated":true}]}}