{"id":168215,"date":"2022-05-24T10:06:28","date_gmt":"2022-05-24T13:06:28","guid":{"rendered":"https:\/\/experienciadevida.com.ar\/portalurbano\/?p=168215"},"modified":"2022-05-24T10:22:46","modified_gmt":"2022-05-24T13:22:46","slug":"charlas-sobre-concientizacion-y-educacion-en-seguridad-vial","status":"publish","type":"post","link":"https:\/\/experienciadevida.com.ar\/portalurbano\/charlas-sobre-concientizacion-y-educacion-en-seguridad-vial\/","title":{"rendered":"Charlas sobre Concientizaci\u00f3n y Educaci\u00f3n en Seguridad Vial"},"content":{"rendered":"<p>Charlas sobre Concientizaci\u00f3n y Educaci\u00f3n en Seguridad Vial, d\u00edas atr\u00e1s en el jard\u00edn Barquito de Papel se llev\u00f3 a cabo una charla sobre Concientizaci\u00f3n y Educaci\u00f3n en Seguridad Vial, que fue liderada por el ingeniero Agust\u00edn Falivene, responsable del \u00e1rea de Tr\u00e1nsito y Seguridad Vial de la Subsecretar\u00eda de Seguridad <a href=\"https:\/\/www.facebook.com\/municipiodeolavarria\">Municipal<\/a>. La jornada se enmarc\u00f3 en el Programa de Educaci\u00f3n Vial que se viene llevando a cabo desde la Direcci\u00f3n de Acci\u00f3n y Control Urbano en establecimientos educativos de la ciudad.<\/p>\n<p>La actividad tuvo como destinatarios a ni\u00f1os y ni\u00f1as del mencionado jard\u00edn y consisti\u00f3 en una introducci\u00f3n al tr\u00e1nsito, adem\u00e1s de c\u00f3mo se tienen que manejar en la v\u00eda p\u00fablica. Tambi\u00e9n se habl\u00f3 acerca del uso del cintur\u00f3n de seguridad, celular, sem\u00e1foro, sendas peatonales, casco y c\u00f3mo comportarnos a la salida tanto del jard\u00edn como de la escuela.<\/p>\n<p>\u201cTodos estos conocimientos son para que desde chicos tengan conciencia vial y puedan replicar este mensaje a sus padres\u201d, enfatiz\u00f3 el ingeniero Agust\u00edn Falivene.<\/p>\n<p>Por \u00faltimo, se record\u00f3 que para solicitar este tipo de charlas las instituciones educativas interesadas, de cualquier nivel de ense\u00f1anza, deber\u00e1n coordinar la misma al correo controlmunicipal@olavarria.gov.ar o a los tel\u00e9fonos 412533 o 412538.<\/p>\n<p><a href=\"https:\/\/experienciadevida.com.ar\/portalurbano\/charlas-sobre-concientizacion-y-educacion-en-seguridad-vial\/charlas-sobre\/\" rel=\"attachment wp-att-168219\"><img decoding=\"async\" class=\"alignnone size-large wp-image-168219\" src=\"https:\/\/experienciadevida.com.ar\/portalurbano\/wp-content\/uploads\/2022\/05\/Charlas-sobre-1024x682.jpg\" alt=\"Charlas sobre \" width=\"900\" height=\"599\" srcset=\"https:\/\/experienciadevida.com.ar\/portalurbano\/wp-content\/uploads\/2022\/05\/Charlas-sobre-1024x682.jpg 1024w, https:\/\/experienciadevida.com.ar\/portalurbano\/wp-content\/uploads\/2022\/05\/Charlas-sobre-300x200.jpg 300w, https:\/\/experienciadevida.com.ar\/portalurbano\/wp-content\/uploads\/2022\/05\/Charlas-sobre-768x512.jpg 768w, https:\/\/experienciadevida.com.ar\/portalurbano\/wp-content\/uploads\/2022\/05\/Charlas-sobre-1536x1024.jpg 1536w, https:\/\/experienciadevida.com.ar\/portalurbano\/wp-content\/uploads\/2022\/05\/Charlas-sobre.jpg 1772w\" sizes=\"(max-width: 900px) 100vw, 900px\" \/><\/a><\/p>\n","protected":false},"excerpt":{"rendered":"<p>Charlas sobre Concientizaci\u00f3n y Educaci\u00f3n en Seguridad Vial, d\u00edas atr\u00e1s en el jard\u00edn Barquito de&#8230;<\/p>\n","protected":false},"author":1,"featured_media":168216,"comment_status":"closed","ping_status":"closed","sticky":false,"template":"","format":"standard","meta":{"content-type":""},"categories":[27,64],"tags":[],"nelio_content":{"isAutoShareEnabled":false,"autoShareEndMode":"default","automationSources":{"useContentSentences":true,"useSocialTemplates":true,"useCustomSentences":false,"customSentences":[]},"followers":[1],"suggestedReferences":[],"includedReferences":[],"efiUrl":"","efiAlt":"","highlights":[]},"yoast_head":"<!-- This site is optimized with the Yoast SEO plugin v20.7 - https:\/\/yoast.com\/wordpress\/plugins\/seo\/ -->\n<title>Charlas sobre Concientizaci\u00f3n y Educaci\u00f3n en Seguridad Vial<\/title>\n<meta name=\"description\" content=\"Charlas sobre Concientizaci\u00f3n y Educaci\u00f3n en Seguridad Vial, d\u00edas atr\u00e1s en el jard\u00edn Barquito de Papel se llev\u00f3 a cabo una charla\" \/>\n<meta name=\"robots\" content=\"index, follow, max-snippet:-1, max-image-preview:large, max-video-preview:-1\" \/>\n<link rel=\"canonical\" href=\"https:\/\/experienciadevida.com.ar\/portalurbano\/charlas-sobre-concientizacion-y-educacion-en-seguridad-vial\/\" \/>\n<meta property=\"og:locale\" content=\"es_ES\" \/>\n<meta property=\"og:type\" content=\"article\" \/>\n<meta property=\"og:title\" content=\"Charlas sobre Concientizaci\u00f3n y Educaci\u00f3n en Seguridad Vial\" \/>\n<meta property=\"og:description\" content=\"Charlas sobre Concientizaci\u00f3n y Educaci\u00f3n en Seguridad Vial, d\u00edas atr\u00e1s en el jard\u00edn Barquito de Papel se llev\u00f3 a cabo una charla\" \/>\n<meta property=\"og:url\" content=\"https:\/\/experienciadevida.com.ar\/portalurbano\/charlas-sobre-concientizacion-y-educacion-en-seguridad-vial\/\" \/>\n<meta property=\"article:publisher\" content=\"https:\/\/www.facebook.com\/Portal-Urbano-171542830093757\/\" \/>\n<meta property=\"article:published_time\" content=\"2022-05-24T13:06:28+00:00\" \/>\n<meta property=\"article:modified_time\" content=\"2022-05-24T13:22:46+00:00\" \/>\n<meta property=\"og:image\" content=\"https:\/\/experienciadevida.com.ar\/portalurbano\/wp-content\/uploads\/2022\/05\/Charlas-sobre-Concientizacion-y.jpg\" \/>\n\t<meta property=\"og:image:width\" content=\"1772\" \/>\n\t<meta property=\"og:image:height\" content=\"1181\" \/>\n\t<meta property=\"og:image:type\" content=\"image\/jpeg\" \/>\n<meta name=\"author\" content=\"admpu17wp\" \/>\n<meta name=\"twitter:card\" content=\"summary_large_image\" \/>\n<meta name=\"twitter:creator\" content=\"@portalurbanook\" \/>\n<meta name=\"twitter:site\" content=\"@portalurbanook\" \/>\n<meta name=\"twitter:label1\" content=\"Escrito por\" \/>\n\t<meta name=\"twitter:data1\" content=\"admpu17wp\" \/>\n\t<meta name=\"twitter:label2\" content=\"Tiempo de lectura\" \/>\n\t<meta name=\"twitter:data2\" content=\"2 minutos\" \/>\n<script type=\"application\/ld+json\" class=\"yoast-schema-graph\">{\"@context\":\"https:\/\/schema.org\",\"@graph\":[{\"@type\":\"Article\",\"@id\":\"https:\/\/experienciadevida.com.ar\/portalurbano\/charlas-sobre-concientizacion-y-educacion-en-seguridad-vial\/#article\",\"isPartOf\":{\"@id\":\"https:\/\/experienciadevida.com.ar\/portalurbano\/charlas-sobre-concientizacion-y-educacion-en-seguridad-vial\/\"},\"author\":{\"name\":\"admpu17wp\",\"@id\":\"https:\/\/experienciadevida.com.ar\/portalurbano\/#\/schema\/person\/02dd326b1c4b056e9cc972486934a3a7\"},\"headline\":\"Charlas sobre Concientizaci\u00f3n y Educaci\u00f3n en Seguridad Vial\",\"datePublished\":\"2022-05-24T13:06:28+00:00\",\"dateModified\":\"2022-05-24T13:22:46+00:00\",\"mainEntityOfPage\":{\"@id\":\"https:\/\/experienciadevida.com.ar\/portalurbano\/charlas-sobre-concientizacion-y-educacion-en-seguridad-vial\/\"},\"wordCount\":239,\"publisher\":{\"@id\":\"https:\/\/experienciadevida.com.ar\/portalurbano\/#organization\"},\"articleSection\":[\"Ciudad\",\"Destacadas 2\"],\"inLanguage\":\"es\"},{\"@type\":\"WebPage\",\"@id\":\"https:\/\/experienciadevida.com.ar\/portalurbano\/charlas-sobre-concientizacion-y-educacion-en-seguridad-vial\/\",\"url\":\"https:\/\/experienciadevida.com.ar\/portalurbano\/charlas-sobre-concientizacion-y-educacion-en-seguridad-vial\/\",\"name\":\"Charlas sobre Concientizaci\u00f3n y Educaci\u00f3n en Seguridad Vial\",\"isPartOf\":{\"@id\":\"https:\/\/experienciadevida.com.ar\/portalurbano\/#website\"},\"datePublished\":\"2022-05-24T13:06:28+00:00\",\"dateModified\":\"2022-05-24T13:22:46+00:00\",\"description\":\"Charlas sobre Concientizaci\u00f3n y Educaci\u00f3n en Seguridad Vial, d\u00edas atr\u00e1s en el jard\u00edn Barquito de Papel se llev\u00f3 a cabo una charla\",\"breadcrumb\":{\"@id\":\"https:\/\/experienciadevida.com.ar\/portalurbano\/charlas-sobre-concientizacion-y-educacion-en-seguridad-vial\/#breadcrumb\"},\"inLanguage\":\"es\",\"potentialAction\":[{\"@type\":\"ReadAction\",\"target\":[\"https:\/\/experienciadevida.com.ar\/portalurbano\/charlas-sobre-concientizacion-y-educacion-en-seguridad-vial\/\"]}]},{\"@type\":\"BreadcrumbList\",\"@id\":\"https:\/\/experienciadevida.com.ar\/portalurbano\/charlas-sobre-concientizacion-y-educacion-en-seguridad-vial\/#breadcrumb\",\"itemListElement\":[{\"@type\":\"ListItem\",\"position\":1,\"name\":\"Portada\",\"item\":\"https:\/\/experienciadevida.com.ar\/portalurbano\/\"},{\"@type\":\"ListItem\",\"position\":2,\"name\":\"Charlas sobre Concientizaci\u00f3n y Educaci\u00f3n en Seguridad Vial\"}]},{\"@type\":\"WebSite\",\"@id\":\"https:\/\/experienciadevida.com.ar\/portalurbano\/#website\",\"url\":\"https:\/\/experienciadevida.com.ar\/portalurbano\/\",\"name\":\"\",\"description\":\"\",\"publisher\":{\"@id\":\"https:\/\/experienciadevida.com.ar\/portalurbano\/#organization\"},\"potentialAction\":[{\"@type\":\"SearchAction\",\"target\":{\"@type\":\"EntryPoint\",\"urlTemplate\":\"https:\/\/experienciadevida.com.ar\/portalurbano\/?s={search_term_string}\"},\"query-input\":\"required name=search_term_string\"}],\"inLanguage\":\"es\"},{\"@type\":\"Organization\",\"@id\":\"https:\/\/experienciadevida.com.ar\/portalurbano\/#organization\",\"name\":\"Portal Urbano\",\"url\":\"https:\/\/experienciadevida.com.ar\/portalurbano\/\",\"logo\":{\"@type\":\"ImageObject\",\"inLanguage\":\"es\",\"@id\":\"https:\/\/experienciadevida.com.ar\/portalurbano\/#\/schema\/logo\/image\/\",\"url\":\"https:\/\/experienciadevida.com.ar\/portalurbano\/wp-content\/uploads\/2019\/09\/Logo-Original.png\",\"contentUrl\":\"https:\/\/experienciadevida.com.ar\/portalurbano\/wp-content\/uploads\/2019\/09\/Logo-Original.png\",\"width\":2236,\"height\":1216,\"caption\":\"Portal Urbano\"},\"image\":{\"@id\":\"https:\/\/experienciadevida.com.ar\/portalurbano\/#\/schema\/logo\/image\/\"},\"sameAs\":[\"https:\/\/www.facebook.com\/Portal-Urbano-171542830093757\/\",\"https:\/\/twitter.com\/portalurbanook\",\"https:\/\/www.instagram.com\/_portalurbano\/\",\"https:\/\/www.youtube.com\/channel\/UCXhagIfszH8KxFiOok79zbA?view_as=subscriber\"]},{\"@type\":\"Person\",\"@id\":\"https:\/\/experienciadevida.com.ar\/portalurbano\/#\/schema\/person\/02dd326b1c4b056e9cc972486934a3a7\",\"name\":\"admpu17wp\",\"image\":{\"@type\":\"ImageObject\",\"inLanguage\":\"es\",\"@id\":\"https:\/\/experienciadevida.com.ar\/portalurbano\/#\/schema\/person\/image\/\",\"url\":\"https:\/\/secure.gravatar.com\/avatar\/830d4c57adaae6630765e449a6908047?s=96&d=mm&r=g\",\"contentUrl\":\"https:\/\/secure.gravatar.com\/avatar\/830d4c57adaae6630765e449a6908047?s=96&d=mm&r=g\",\"caption\":\"admpu17wp\"}}]}<\/script>\n<!-- \/ Yoast SEO plugin. -->","yoast_head_json":{"title":"Charlas sobre Concientizaci\u00f3n y Educaci\u00f3n en Seguridad Vial","description":"Charlas sobre Concientizaci\u00f3n y Educaci\u00f3n en Seguridad Vial, d\u00edas atr\u00e1s en el jard\u00edn Barquito de Papel se llev\u00f3 a cabo una charla","robots":{"index":"index","follow":"follow","max-snippet":"max-snippet:-1","max-image-preview":"max-image-preview:large","max-video-preview":"max-video-preview:-1"},"canonical":"https:\/\/experienciadevida.com.ar\/portalurbano\/charlas-sobre-concientizacion-y-educacion-en-seguridad-vial\/","og_locale":"es_ES","og_type":"article","og_title":"Charlas sobre Concientizaci\u00f3n y Educaci\u00f3n en Seguridad Vial","og_description":"Charlas sobre Concientizaci\u00f3n y Educaci\u00f3n en Seguridad Vial, d\u00edas atr\u00e1s en el jard\u00edn Barquito de Papel se llev\u00f3 a cabo una charla","og_url":"https:\/\/experienciadevida.com.ar\/portalurbano\/charlas-sobre-concientizacion-y-educacion-en-seguridad-vial\/","article_publisher":"https:\/\/www.facebook.com\/Portal-Urbano-171542830093757\/","article_published_time":"2022-05-24T13:06:28+00:00","article_modified_time":"2022-05-24T13:22:46+00:00","og_image":[{"width":1772,"height":1181,"url":"https:\/\/experienciadevida.com.ar\/portalurbano\/wp-content\/uploads\/2022\/05\/Charlas-sobre-Concientizacion-y.jpg","type":"image\/jpeg"}],"author":"admpu17wp","twitter_card":"summary_large_image","twitter_creator":"@portalurbanook","twitter_site":"@portalurbanook","twitter_misc":{"Escrito por":"admpu17wp","Tiempo de lectura":"2 minutos"},"schema":{"@context":"https:\/\/schema.org","@graph":[{"@type":"Article","@id":"https:\/\/experienciadevida.com.ar\/portalurbano\/charlas-sobre-concientizacion-y-educacion-en-seguridad-vial\/#article","isPartOf":{"@id":"https:\/\/experienciadevida.com.ar\/portalurbano\/charlas-sobre-concientizacion-y-educacion-en-seguridad-vial\/"},"author":{"name":"admpu17wp","@id":"https:\/\/experienciadevida.com.ar\/portalurbano\/#\/schema\/person\/02dd326b1c4b056e9cc972486934a3a7"},"headline":"Charlas sobre Concientizaci\u00f3n y Educaci\u00f3n en Seguridad Vial","datePublished":"2022-05-24T13:06:28+00:00","dateModified":"2022-05-24T13:22:46+00:00","mainEntityOfPage":{"@id":"https:\/\/experienciadevida.com.ar\/portalurbano\/charlas-sobre-concientizacion-y-educacion-en-seguridad-vial\/"},"wordCount":239,"publisher":{"@id":"https:\/\/experienciadevida.com.ar\/portalurbano\/#organization"},"articleSection":["Ciudad","Destacadas 2"],"inLanguage":"es"},{"@type":"WebPage","@id":"https:\/\/experienciadevida.com.ar\/portalurbano\/charlas-sobre-concientizacion-y-educacion-en-seguridad-vial\/","url":"https:\/\/experienciadevida.com.ar\/portalurbano\/charlas-sobre-concientizacion-y-educacion-en-seguridad-vial\/","name":"Charlas sobre Concientizaci\u00f3n y Educaci\u00f3n en Seguridad Vial","isPartOf":{"@id":"https:\/\/experienciadevida.com.ar\/portalurbano\/#website"},"datePublished":"2022-05-24T13:06:28+00:00","dateModified":"2022-05-24T13:22:46+00:00","description":"Charlas sobre Concientizaci\u00f3n y Educaci\u00f3n en Seguridad Vial, d\u00edas atr\u00e1s en el jard\u00edn Barquito de Papel se llev\u00f3 a cabo una charla","breadcrumb":{"@id":"https:\/\/experienciadevida.com.ar\/portalurbano\/charlas-sobre-concientizacion-y-educacion-en-seguridad-vial\/#breadcrumb"},"inLanguage":"es","potentialAction":[{"@type":"ReadAction","target":["https:\/\/experienciadevida.com.ar\/portalurbano\/charlas-sobre-concientizacion-y-educacion-en-seguridad-vial\/"]}]},{"@type":"BreadcrumbList","@id":"https:\/\/experienciadevida.com.ar\/portalurbano\/charlas-sobre-concientizacion-y-educacion-en-seguridad-vial\/#breadcrumb","itemListElement":[{"@type":"ListItem","position":1,"name":"Portada","item":"https:\/\/experienciadevida.com.ar\/portalurbano\/"},{"@type":"ListItem","position":2,"name":"Charlas sobre Concientizaci\u00f3n y Educaci\u00f3n en Seguridad Vial"}]},{"@type":"WebSite","@id":"https:\/\/experienciadevida.com.ar\/portalurbano\/#website","url":"https:\/\/experienciadevida.com.ar\/portalurbano\/","name":"","description":"","publisher":{"@id":"https:\/\/experienciadevida.com.ar\/portalurbano\/#organization"},"potentialAction":[{"@type":"SearchAction","target":{"@type":"EntryPoint","urlTemplate":"https:\/\/experienciadevida.com.ar\/portalurbano\/?s={search_term_string}"},"query-input":"required name=search_term_string"}],"inLanguage":"es"},{"@type":"Organization","@id":"https:\/\/experienciadevida.com.ar\/portalurbano\/#organization","name":"Portal Urbano","url":"https:\/\/experienciadevida.com.ar\/portalurbano\/","logo":{"@type":"ImageObject","inLanguage":"es","@id":"https:\/\/experienciadevida.com.ar\/portalurbano\/#\/schema\/logo\/image\/","url":"https:\/\/experienciadevida.com.ar\/portalurbano\/wp-content\/uploads\/2019\/09\/Logo-Original.png","contentUrl":"https:\/\/experienciadevida.com.ar\/portalurbano\/wp-content\/uploads\/2019\/09\/Logo-Original.png","width":2236,"height":1216,"caption":"Portal Urbano"},"image":{"@id":"https:\/\/experienciadevida.com.ar\/portalurbano\/#\/schema\/logo\/image\/"},"sameAs":["https:\/\/www.facebook.com\/Portal-Urbano-171542830093757\/","https:\/\/twitter.com\/portalurbanook","https:\/\/www.instagram.com\/_portalurbano\/","https:\/\/www.youtube.com\/channel\/UCXhagIfszH8KxFiOok79zbA?view_as=subscriber"]},{"@type":"Person","@id":"https:\/\/experienciadevida.com.ar\/portalurbano\/#\/schema\/person\/02dd326b1c4b056e9cc972486934a3a7","name":"admpu17wp","image":{"@type":"ImageObject","inLanguage":"es","@id":"https:\/\/experienciadevida.com.ar\/portalurbano\/#\/schema\/person\/image\/","url":"https:\/\/secure.gravatar.com\/avatar\/830d4c57adaae6630765e449a6908047?s=96&d=mm&r=g","contentUrl":"https:\/\/secure.gravatar.com\/avatar\/830d4c57adaae6630765e449a6908047?s=96&d=mm&r=g","caption":"admpu17wp"}}]}},"featured_image_urls":{"full":["https:\/\/experienciadevida.com.ar\/portalurbano\/wp-content\/uploads\/2022\/05\/Charlas-sobre-Concientizacion-y.jpg",1772,1181,false],"thumbnail":["https:\/\/experienciadevida.com.ar\/portalurbano\/wp-content\/uploads\/2022\/05\/Charlas-sobre-Concientizacion-y-150x150.jpg",150,150,true],"medium":["https:\/\/experienciadevida.com.ar\/portalurbano\/wp-content\/uploads\/2022\/05\/Charlas-sobre-Concientizacion-y-300x200.jpg",300,200,true],"medium_large":["https:\/\/experienciadevida.com.ar\/portalurbano\/wp-content\/uploads\/2022\/05\/Charlas-sobre-Concientizacion-y-768x512.jpg",640,427,true],"large":["https:\/\/experienciadevida.com.ar\/portalurbano\/wp-content\/uploads\/2022\/05\/Charlas-sobre-Concientizacion-y-1024x682.jpg",640,426,true],"ug_big":["https:\/\/experienciadevida.com.ar\/portalurbano\/wp-content\/uploads\/2022\/05\/Charlas-sobre-Concientizacion-y-768x512.jpg",768,512,true],"1536x1536":["https:\/\/experienciadevida.com.ar\/portalurbano\/wp-content\/uploads\/2022\/05\/Charlas-sobre-Concientizacion-y-1536x1024.jpg",1536,1024,true],"2048x2048":["https:\/\/experienciadevida.com.ar\/portalurbano\/wp-content\/uploads\/2022\/05\/Charlas-sobre-Concientizacion-y.jpg",1772,1181,false],"newsever-slider-full":["https:\/\/experienciadevida.com.ar\/portalurbano\/wp-content\/uploads\/2022\/05\/Charlas-sobre-Concientizacion-y.jpg",1268,845,false],"newsever-featured":["https:\/\/experienciadevida.com.ar\/portalurbano\/wp-content\/uploads\/2022\/05\/Charlas-sobre-Concientizacion-y.jpg",1024,682,false],"newsever-medium":["https:\/\/experienciadevida.com.ar\/portalurbano\/wp-content\/uploads\/2022\/05\/Charlas-sobre-Concientizacion-y.jpg",713,475,false],"web-stories-poster-portrait":["https:\/\/experienciadevida.com.ar\/portalurbano\/wp-content\/uploads\/2022\/05\/Charlas-sobre-Concientizacion-y.jpg",640,427,false],"web-stories-publisher-logo":["https:\/\/experienciadevida.com.ar\/portalurbano\/wp-content\/uploads\/2022\/05\/Charlas-sobre-Concientizacion-y.jpg",96,64,false],"web-stories-thumbnail":["https:\/\/experienciadevida.com.ar\/portalurbano\/wp-content\/uploads\/2022\/05\/Charlas-sobre-Concientizacion-y.jpg",150,100,false]},"author_info":{"display_name":"admpu17wp","author_link":"https:\/\/experienciadevida.com.ar\/portalurbano\/author\/admpu17wp\/"},"category_info":"<a href=\"https:\/\/experienciadevida.com.ar\/portalurbano\/category\/ciudad\/\" rel=\"category tag\">Ciudad<\/a> <a href=\"https:\/\/experienciadevida.com.ar\/portalurbano\/category\/destacadas-2\/\" rel=\"category tag\">Destacadas 2<\/a>","tag_info":"Destacadas 2","comment_count":"0","amp_enabled":true,"_links":{"self":[{"href":"https:\/\/experienciadevida.com.ar\/portalurbano\/wp-json\/wp\/v2\/posts\/168215"}],"collection":[{"href":"https:\/\/experienciadevida.com.ar\/portalurbano\/wp-json\/wp\/v2\/posts"}],"about":[{"href":"https:\/\/experienciadevida.com.ar\/portalurbano\/wp-json\/wp\/v2\/types\/post"}],"author":[{"embeddable":true,"href":"https:\/\/experienciadevida.com.ar\/portalurbano\/wp-json\/wp\/v2\/users\/1"}],"replies":[{"embeddable":true,"href":"https:\/\/experienciadevida.com.ar\/portalurbano\/wp-json\/wp\/v2\/comments?post=168215"}],"version-history":[{"count":3,"href":"https:\/\/experienciadevida.com.ar\/portalurbano\/wp-json\/wp\/v2\/posts\/168215\/revisions"}],"predecessor-version":[{"id":168218,"href":"https:\/\/experienciadevida.com.ar\/portalurbano\/wp-json\/wp\/v2\/posts\/168215\/revisions\/168218"}],"wp:featuredmedia":[{"embeddable":true,"href":"https:\/\/experienciadevida.com.ar\/portalurbano\/wp-json\/wp\/v2\/media\/168216"}],"wp:attachment":[{"href":"https:\/\/experienciadevida.com.ar\/portalurbano\/wp-json\/wp\/v2\/media?parent=168215"}],"wp:term":[{"taxonomy":"category","embeddable":true,"href":"https:\/\/experienciadevida.com.ar\/portalurbano\/wp-json\/wp\/v2\/categories?post=168215"},{"taxonomy":"post_tag","embeddable":true,"href":"https:\/\/experienciadevida.com.ar\/portalurbano\/wp-json\/wp\/v2\/tags?post=168215"}],"curies":[{"name":"wp","href":"https:\/\/api.w.org\/{rel}","templated":true}]}}