{"id":168194,"date":"2022-05-23T16:22:53","date_gmt":"2022-05-23T19:22:53","guid":{"rendered":"https:\/\/experienciadevida.com.ar\/portalurbano\/?p=168194"},"modified":"2022-05-23T16:24:59","modified_gmt":"2022-05-23T19:24:59","slug":"taller-de-actualizacion-comunicacion-de-la-ciencia-en-las-organizaciones-2","status":"publish","type":"post","link":"https:\/\/experienciadevida.com.ar\/portalurbano\/taller-de-actualizacion-comunicacion-de-la-ciencia-en-las-organizaciones-2\/","title":{"rendered":"Taller de actualizaci\u00f3n \u201cComunicaci\u00f3n de la ciencia en las organizaciones\u201d"},"content":{"rendered":"<p>Taller de actualizaci\u00f3n \u201cComunicaci\u00f3n de la ciencia en las organizaciones\u201d, entre el <em>13 de junio y el 15 de julio de 2022 se dictar\u00e1 en la Facultad de Ciencias Sociales el taller de actualizaci\u00f3n denominado \u201cComunicaci\u00f3n de la ciencia en las organizaciones\u201d, en el marco de la Diplomatura Universitaria Superior en Comunicaci\u00f3n P\u00fablica de la Ciencia. La modalidad de cursada ser\u00e1 a distancia, a trav\u00e9s del campus virtual de la <a href=\"https:\/\/www.facebook.com\/facultadcienciassociales.unicen\">FACSO<\/a>.<\/em><\/p>\n<p>La Facultad de Ciencias Sociales ofrecer\u00e1 un taller de actualizaci\u00f3n denominado \u201cComunicaci\u00f3n de la ciencia en las organizaciones\u201d, modalidad virtual, que se dictar\u00e1 entre el 13 de junio y el 15 de julio de 2022.<\/p>\n<p>El mismo estar\u00e1 a cargo de Silvina Chaves, Doctora en Comunicaci\u00f3n Social (Universidad Nacional de C\u00f3rdoba), Licenciada en Comunicaci\u00f3n Social y Periodista (Universidad Nacional de San Luis), Diplomada en Comunicaci\u00f3n Cient\u00edfica, M\u00e9dica y Ambiental (Universidad Pompeu Fabra). Actualmente se desempe\u00f1a como investigadora y docente en la Facultad de Ciencias Humanas (UNSL).<\/p>\n<p>Este taller pretende generar aportes conceptuales y metodol\u00f3gicos para abordar la comunicaci\u00f3n de la ciencia en las organizaciones propiciando el acercamiento a la teor\u00eda y a la pr\u00e1ctica. A partir de comprender la dimensi\u00f3n pol\u00edtica de la actividad cient\u00edfica se buscar\u00e1 desarrollar habilidades para planificar la comunicaci\u00f3n de la ciencia en organizaciones cient\u00edficas p\u00fablicas o privadas.<\/p>\n<p>La propuesta est\u00e1 orientada a estudiantes que cuenten con titulaci\u00f3n de nivel superior y tendr\u00e1 una duraci\u00f3n 30 horas reloj, distribuidas durante las cinco semanas de duraci\u00f3n.<\/p>\n<p>El taller es organizado por la Facultad de Ciencias Sociales y cuenta con el auspicio del Centro Cient\u00edfico Tecnol\u00f3gico CONICET\u2013TANDIL (CCT CONICET\u2013TANDIL).<\/p>\n<p>La inscripci\u00f3n estar\u00e1 abierta hasta el viernes 10 de junio de 2022. Los interesados deber\u00e1n completar la ficha de inscripci\u00f3n disponible aqu\u00ed y enviarla por correo electr\u00f3nico a la Secretar\u00eda de Investigaci\u00f3n y Postgrado de la FACSO: diplomatura.cpc@soc.unicen.edu.ar, acompa\u00f1ada de copia escaneada del DNI y del t\u00edtulo de nivel superior.<\/p>\n<p>El costo del taller para argentinas\/os es de $6500 y para estudiantes extranjeras\/os tiene un costo de 70 d\u00f3lares. El plazo para abonarlo es hasta el viernes 10 de junio.<\/p>\n<div class=\"icons\"><\/div>\n","protected":false},"excerpt":{"rendered":"<p>Taller de actualizaci\u00f3n \u201cComunicaci\u00f3n de la ciencia en las organizaciones\u201d, entre el 13 de junio&#8230;<\/p>\n","protected":false},"author":1,"featured_media":168195,"comment_status":"closed","ping_status":"closed","sticky":false,"template":"","format":"standard","meta":{"content-type":""},"categories":[31],"tags":[],"nelio_content":{"isAutoShareEnabled":false,"autoShareEndMode":"default","automationSources":{"useContentSentences":true,"useSocialTemplates":true,"useCustomSentences":false,"customSentences":[]},"followers":[1],"suggestedReferences":[],"includedReferences":[],"efiUrl":"","efiAlt":"","highlights":[]},"yoast_head":"<!-- This site is optimized with the Yoast SEO plugin v20.7 - https:\/\/yoast.com\/wordpress\/plugins\/seo\/ -->\n<title>Taller de actualizaci\u00f3n &quot;Comunicaci\u00f3n de la ciencia en las organizaciones&quot;<\/title>\n<meta name=\"description\" content=\"Taller de actualizaci\u00f3n \u201cComunicaci\u00f3n de la ciencia en las organizaciones\u201d, entre el 13 de junio y el 15 de julio de 2022\" \/>\n<meta name=\"robots\" content=\"index, follow, max-snippet:-1, max-image-preview:large, max-video-preview:-1\" \/>\n<link rel=\"canonical\" href=\"https:\/\/experienciadevida.com.ar\/portalurbano\/taller-de-actualizacion-comunicacion-de-la-ciencia-en-las-organizaciones-2\/\" \/>\n<meta property=\"og:locale\" content=\"es_ES\" \/>\n<meta property=\"og:type\" content=\"article\" \/>\n<meta property=\"og:title\" content=\"Taller de actualizaci\u00f3n &quot;Comunicaci\u00f3n de la ciencia en las organizaciones&quot;\" \/>\n<meta property=\"og:description\" content=\"Taller de actualizaci\u00f3n \u201cComunicaci\u00f3n de la ciencia en las organizaciones\u201d, entre el 13 de junio y el 15 de julio de 2022\" \/>\n<meta property=\"og:url\" content=\"https:\/\/experienciadevida.com.ar\/portalurbano\/taller-de-actualizacion-comunicacion-de-la-ciencia-en-las-organizaciones-2\/\" \/>\n<meta property=\"article:publisher\" content=\"https:\/\/www.facebook.com\/Portal-Urbano-171542830093757\/\" \/>\n<meta property=\"article:published_time\" content=\"2022-05-23T19:22:53+00:00\" \/>\n<meta property=\"article:modified_time\" content=\"2022-05-23T19:24:59+00:00\" \/>\n<meta property=\"og:image\" content=\"https:\/\/experienciadevida.com.ar\/portalurbano\/wp-content\/uploads\/2022\/05\/Taller-de-actualizacion.jpg\" \/>\n\t<meta property=\"og:image:width\" content=\"1000\" \/>\n\t<meta property=\"og:image:height\" content=\"1000\" \/>\n\t<meta property=\"og:image:type\" content=\"image\/jpeg\" \/>\n<meta name=\"author\" content=\"admpu17wp\" \/>\n<meta name=\"twitter:card\" content=\"summary_large_image\" \/>\n<meta name=\"twitter:creator\" content=\"@portalurbanook\" \/>\n<meta name=\"twitter:site\" content=\"@portalurbanook\" \/>\n<meta name=\"twitter:label1\" content=\"Escrito por\" \/>\n\t<meta name=\"twitter:data1\" content=\"admpu17wp\" \/>\n\t<meta name=\"twitter:label2\" content=\"Tiempo de lectura\" \/>\n\t<meta name=\"twitter:data2\" content=\"2 minutos\" \/>\n<script type=\"application\/ld+json\" class=\"yoast-schema-graph\">{\"@context\":\"https:\/\/schema.org\",\"@graph\":[{\"@type\":\"Article\",\"@id\":\"https:\/\/experienciadevida.com.ar\/portalurbano\/taller-de-actualizacion-comunicacion-de-la-ciencia-en-las-organizaciones-2\/#article\",\"isPartOf\":{\"@id\":\"https:\/\/experienciadevida.com.ar\/portalurbano\/taller-de-actualizacion-comunicacion-de-la-ciencia-en-las-organizaciones-2\/\"},\"author\":{\"name\":\"admpu17wp\",\"@id\":\"https:\/\/experienciadevida.com.ar\/portalurbano\/#\/schema\/person\/02dd326b1c4b056e9cc972486934a3a7\"},\"headline\":\"Taller de actualizaci\u00f3n \u201cComunicaci\u00f3n de la ciencia en las organizaciones\u201d\",\"datePublished\":\"2022-05-23T19:22:53+00:00\",\"dateModified\":\"2022-05-23T19:24:59+00:00\",\"mainEntityOfPage\":{\"@id\":\"https:\/\/experienciadevida.com.ar\/portalurbano\/taller-de-actualizacion-comunicacion-de-la-ciencia-en-las-organizaciones-2\/\"},\"wordCount\":391,\"publisher\":{\"@id\":\"https:\/\/experienciadevida.com.ar\/portalurbano\/#organization\"},\"articleSection\":[\"Educaci\u00f3n\"],\"inLanguage\":\"es\"},{\"@type\":\"WebPage\",\"@id\":\"https:\/\/experienciadevida.com.ar\/portalurbano\/taller-de-actualizacion-comunicacion-de-la-ciencia-en-las-organizaciones-2\/\",\"url\":\"https:\/\/experienciadevida.com.ar\/portalurbano\/taller-de-actualizacion-comunicacion-de-la-ciencia-en-las-organizaciones-2\/\",\"name\":\"Taller de actualizaci\u00f3n \\\"Comunicaci\u00f3n de la ciencia en las organizaciones\\\"\",\"isPartOf\":{\"@id\":\"https:\/\/experienciadevida.com.ar\/portalurbano\/#website\"},\"datePublished\":\"2022-05-23T19:22:53+00:00\",\"dateModified\":\"2022-05-23T19:24:59+00:00\",\"description\":\"Taller de actualizaci\u00f3n \u201cComunicaci\u00f3n de la ciencia en las organizaciones\u201d, entre el 13 de junio y el 15 de julio de 2022\",\"breadcrumb\":{\"@id\":\"https:\/\/experienciadevida.com.ar\/portalurbano\/taller-de-actualizacion-comunicacion-de-la-ciencia-en-las-organizaciones-2\/#breadcrumb\"},\"inLanguage\":\"es\",\"potentialAction\":[{\"@type\":\"ReadAction\",\"target\":[\"https:\/\/experienciadevida.com.ar\/portalurbano\/taller-de-actualizacion-comunicacion-de-la-ciencia-en-las-organizaciones-2\/\"]}]},{\"@type\":\"BreadcrumbList\",\"@id\":\"https:\/\/experienciadevida.com.ar\/portalurbano\/taller-de-actualizacion-comunicacion-de-la-ciencia-en-las-organizaciones-2\/#breadcrumb\",\"itemListElement\":[{\"@type\":\"ListItem\",\"position\":1,\"name\":\"Portada\",\"item\":\"https:\/\/experienciadevida.com.ar\/portalurbano\/\"},{\"@type\":\"ListItem\",\"position\":2,\"name\":\"Taller de actualizaci\u00f3n \u201cComunicaci\u00f3n de la ciencia en las organizaciones\u201d\"}]},{\"@type\":\"WebSite\",\"@id\":\"https:\/\/experienciadevida.com.ar\/portalurbano\/#website\",\"url\":\"https:\/\/experienciadevida.com.ar\/portalurbano\/\",\"name\":\"\",\"description\":\"\",\"publisher\":{\"@id\":\"https:\/\/experienciadevida.com.ar\/portalurbano\/#organization\"},\"potentialAction\":[{\"@type\":\"SearchAction\",\"target\":{\"@type\":\"EntryPoint\",\"urlTemplate\":\"https:\/\/experienciadevida.com.ar\/portalurbano\/?s={search_term_string}\"},\"query-input\":\"required name=search_term_string\"}],\"inLanguage\":\"es\"},{\"@type\":\"Organization\",\"@id\":\"https:\/\/experienciadevida.com.ar\/portalurbano\/#organization\",\"name\":\"Portal Urbano\",\"url\":\"https:\/\/experienciadevida.com.ar\/portalurbano\/\",\"logo\":{\"@type\":\"ImageObject\",\"inLanguage\":\"es\",\"@id\":\"https:\/\/experienciadevida.com.ar\/portalurbano\/#\/schema\/logo\/image\/\",\"url\":\"https:\/\/experienciadevida.com.ar\/portalurbano\/wp-content\/uploads\/2019\/09\/Logo-Original.png\",\"contentUrl\":\"https:\/\/experienciadevida.com.ar\/portalurbano\/wp-content\/uploads\/2019\/09\/Logo-Original.png\",\"width\":2236,\"height\":1216,\"caption\":\"Portal Urbano\"},\"image\":{\"@id\":\"https:\/\/experienciadevida.com.ar\/portalurbano\/#\/schema\/logo\/image\/\"},\"sameAs\":[\"https:\/\/www.facebook.com\/Portal-Urbano-171542830093757\/\",\"https:\/\/twitter.com\/portalurbanook\",\"https:\/\/www.instagram.com\/_portalurbano\/\",\"https:\/\/www.youtube.com\/channel\/UCXhagIfszH8KxFiOok79zbA?view_as=subscriber\"]},{\"@type\":\"Person\",\"@id\":\"https:\/\/experienciadevida.com.ar\/portalurbano\/#\/schema\/person\/02dd326b1c4b056e9cc972486934a3a7\",\"name\":\"admpu17wp\",\"image\":{\"@type\":\"ImageObject\",\"inLanguage\":\"es\",\"@id\":\"https:\/\/experienciadevida.com.ar\/portalurbano\/#\/schema\/person\/image\/\",\"url\":\"https:\/\/secure.gravatar.com\/avatar\/830d4c57adaae6630765e449a6908047?s=96&d=mm&r=g\",\"contentUrl\":\"https:\/\/secure.gravatar.com\/avatar\/830d4c57adaae6630765e449a6908047?s=96&d=mm&r=g\",\"caption\":\"admpu17wp\"}}]}<\/script>\n<!-- \/ Yoast SEO plugin. -->","yoast_head_json":{"title":"Taller de actualizaci\u00f3n \"Comunicaci\u00f3n de la ciencia en las organizaciones\"","description":"Taller de actualizaci\u00f3n \u201cComunicaci\u00f3n de la ciencia en las organizaciones\u201d, entre el 13 de junio y el 15 de julio de 2022","robots":{"index":"index","follow":"follow","max-snippet":"max-snippet:-1","max-image-preview":"max-image-preview:large","max-video-preview":"max-video-preview:-1"},"canonical":"https:\/\/experienciadevida.com.ar\/portalurbano\/taller-de-actualizacion-comunicacion-de-la-ciencia-en-las-organizaciones-2\/","og_locale":"es_ES","og_type":"article","og_title":"Taller de actualizaci\u00f3n \"Comunicaci\u00f3n de la ciencia en las organizaciones\"","og_description":"Taller de actualizaci\u00f3n \u201cComunicaci\u00f3n de la ciencia en las organizaciones\u201d, entre el 13 de junio y el 15 de julio de 2022","og_url":"https:\/\/experienciadevida.com.ar\/portalurbano\/taller-de-actualizacion-comunicacion-de-la-ciencia-en-las-organizaciones-2\/","article_publisher":"https:\/\/www.facebook.com\/Portal-Urbano-171542830093757\/","article_published_time":"2022-05-23T19:22:53+00:00","article_modified_time":"2022-05-23T19:24:59+00:00","og_image":[{"width":1000,"height":1000,"url":"https:\/\/experienciadevida.com.ar\/portalurbano\/wp-content\/uploads\/2022\/05\/Taller-de-actualizacion.jpg","type":"image\/jpeg"}],"author":"admpu17wp","twitter_card":"summary_large_image","twitter_creator":"@portalurbanook","twitter_site":"@portalurbanook","twitter_misc":{"Escrito por":"admpu17wp","Tiempo de lectura":"2 minutos"},"schema":{"@context":"https:\/\/schema.org","@graph":[{"@type":"Article","@id":"https:\/\/experienciadevida.com.ar\/portalurbano\/taller-de-actualizacion-comunicacion-de-la-ciencia-en-las-organizaciones-2\/#article","isPartOf":{"@id":"https:\/\/experienciadevida.com.ar\/portalurbano\/taller-de-actualizacion-comunicacion-de-la-ciencia-en-las-organizaciones-2\/"},"author":{"name":"admpu17wp","@id":"https:\/\/experienciadevida.com.ar\/portalurbano\/#\/schema\/person\/02dd326b1c4b056e9cc972486934a3a7"},"headline":"Taller de actualizaci\u00f3n \u201cComunicaci\u00f3n de la ciencia en las organizaciones\u201d","datePublished":"2022-05-23T19:22:53+00:00","dateModified":"2022-05-23T19:24:59+00:00","mainEntityOfPage":{"@id":"https:\/\/experienciadevida.com.ar\/portalurbano\/taller-de-actualizacion-comunicacion-de-la-ciencia-en-las-organizaciones-2\/"},"wordCount":391,"publisher":{"@id":"https:\/\/experienciadevida.com.ar\/portalurbano\/#organization"},"articleSection":["Educaci\u00f3n"],"inLanguage":"es"},{"@type":"WebPage","@id":"https:\/\/experienciadevida.com.ar\/portalurbano\/taller-de-actualizacion-comunicacion-de-la-ciencia-en-las-organizaciones-2\/","url":"https:\/\/experienciadevida.com.ar\/portalurbano\/taller-de-actualizacion-comunicacion-de-la-ciencia-en-las-organizaciones-2\/","name":"Taller de actualizaci\u00f3n \"Comunicaci\u00f3n de la ciencia en las organizaciones\"","isPartOf":{"@id":"https:\/\/experienciadevida.com.ar\/portalurbano\/#website"},"datePublished":"2022-05-23T19:22:53+00:00","dateModified":"2022-05-23T19:24:59+00:00","description":"Taller de actualizaci\u00f3n \u201cComunicaci\u00f3n de la ciencia en las organizaciones\u201d, entre el 13 de junio y el 15 de julio de 2022","breadcrumb":{"@id":"https:\/\/experienciadevida.com.ar\/portalurbano\/taller-de-actualizacion-comunicacion-de-la-ciencia-en-las-organizaciones-2\/#breadcrumb"},"inLanguage":"es","potentialAction":[{"@type":"ReadAction","target":["https:\/\/experienciadevida.com.ar\/portalurbano\/taller-de-actualizacion-comunicacion-de-la-ciencia-en-las-organizaciones-2\/"]}]},{"@type":"BreadcrumbList","@id":"https:\/\/experienciadevida.com.ar\/portalurbano\/taller-de-actualizacion-comunicacion-de-la-ciencia-en-las-organizaciones-2\/#breadcrumb","itemListElement":[{"@type":"ListItem","position":1,"name":"Portada","item":"https:\/\/experienciadevida.com.ar\/portalurbano\/"},{"@type":"ListItem","position":2,"name":"Taller de actualizaci\u00f3n \u201cComunicaci\u00f3n de la ciencia en las organizaciones\u201d"}]},{"@type":"WebSite","@id":"https:\/\/experienciadevida.com.ar\/portalurbano\/#website","url":"https:\/\/experienciadevida.com.ar\/portalurbano\/","name":"","description":"","publisher":{"@id":"https:\/\/experienciadevida.com.ar\/portalurbano\/#organization"},"potentialAction":[{"@type":"SearchAction","target":{"@type":"EntryPoint","urlTemplate":"https:\/\/experienciadevida.com.ar\/portalurbano\/?s={search_term_string}"},"query-input":"required name=search_term_string"}],"inLanguage":"es"},{"@type":"Organization","@id":"https:\/\/experienciadevida.com.ar\/portalurbano\/#organization","name":"Portal Urbano","url":"https:\/\/experienciadevida.com.ar\/portalurbano\/","logo":{"@type":"ImageObject","inLanguage":"es","@id":"https:\/\/experienciadevida.com.ar\/portalurbano\/#\/schema\/logo\/image\/","url":"https:\/\/experienciadevida.com.ar\/portalurbano\/wp-content\/uploads\/2019\/09\/Logo-Original.png","contentUrl":"https:\/\/experienciadevida.com.ar\/portalurbano\/wp-content\/uploads\/2019\/09\/Logo-Original.png","width":2236,"height":1216,"caption":"Portal Urbano"},"image":{"@id":"https:\/\/experienciadevida.com.ar\/portalurbano\/#\/schema\/logo\/image\/"},"sameAs":["https:\/\/www.facebook.com\/Portal-Urbano-171542830093757\/","https:\/\/twitter.com\/portalurbanook","https:\/\/www.instagram.com\/_portalurbano\/","https:\/\/www.youtube.com\/channel\/UCXhagIfszH8KxFiOok79zbA?view_as=subscriber"]},{"@type":"Person","@id":"https:\/\/experienciadevida.com.ar\/portalurbano\/#\/schema\/person\/02dd326b1c4b056e9cc972486934a3a7","name":"admpu17wp","image":{"@type":"ImageObject","inLanguage":"es","@id":"https:\/\/experienciadevida.com.ar\/portalurbano\/#\/schema\/person\/image\/","url":"https:\/\/secure.gravatar.com\/avatar\/830d4c57adaae6630765e449a6908047?s=96&d=mm&r=g","contentUrl":"https:\/\/secure.gravatar.com\/avatar\/830d4c57adaae6630765e449a6908047?s=96&d=mm&r=g","caption":"admpu17wp"}}]}},"featured_image_urls":{"full":["https:\/\/experienciadevida.com.ar\/portalurbano\/wp-content\/uploads\/2022\/05\/Taller-de-actualizacion.jpg",1000,1000,false],"thumbnail":["https:\/\/experienciadevida.com.ar\/portalurbano\/wp-content\/uploads\/2022\/05\/Taller-de-actualizacion-150x150.jpg",150,150,true],"medium":["https:\/\/experienciadevida.com.ar\/portalurbano\/wp-content\/uploads\/2022\/05\/Taller-de-actualizacion-300x300.jpg",300,300,true],"medium_large":["https:\/\/experienciadevida.com.ar\/portalurbano\/wp-content\/uploads\/2022\/05\/Taller-de-actualizacion-768x768.jpg",640,640,true],"large":["https:\/\/experienciadevida.com.ar\/portalurbano\/wp-content\/uploads\/2022\/05\/Taller-de-actualizacion.jpg",640,640,false],"ug_big":["https:\/\/experienciadevida.com.ar\/portalurbano\/wp-content\/uploads\/2022\/05\/Taller-de-actualizacion-768x768.jpg",768,768,true],"1536x1536":["https:\/\/experienciadevida.com.ar\/portalurbano\/wp-content\/uploads\/2022\/05\/Taller-de-actualizacion.jpg",1000,1000,false],"2048x2048":["https:\/\/experienciadevida.com.ar\/portalurbano\/wp-content\/uploads\/2022\/05\/Taller-de-actualizacion.jpg",1000,1000,false],"newsever-slider-full":["https:\/\/experienciadevida.com.ar\/portalurbano\/wp-content\/uploads\/2022\/05\/Taller-de-actualizacion.jpg",845,845,false],"newsever-featured":["https:\/\/experienciadevida.com.ar\/portalurbano\/wp-content\/uploads\/2022\/05\/Taller-de-actualizacion.jpg",1000,1000,false],"newsever-medium":["https:\/\/experienciadevida.com.ar\/portalurbano\/wp-content\/uploads\/2022\/05\/Taller-de-actualizacion.jpg",475,475,false],"web-stories-poster-portrait":["https:\/\/experienciadevida.com.ar\/portalurbano\/wp-content\/uploads\/2022\/05\/Taller-de-actualizacion.jpg",640,640,false],"web-stories-publisher-logo":["https:\/\/experienciadevida.com.ar\/portalurbano\/wp-content\/uploads\/2022\/05\/Taller-de-actualizacion.jpg",96,96,false],"web-stories-thumbnail":["https:\/\/experienciadevida.com.ar\/portalurbano\/wp-content\/uploads\/2022\/05\/Taller-de-actualizacion.jpg",150,150,false]},"author_info":{"display_name":"admpu17wp","author_link":"https:\/\/experienciadevida.com.ar\/portalurbano\/author\/admpu17wp\/"},"category_info":"<a href=\"https:\/\/experienciadevida.com.ar\/portalurbano\/category\/ciudad\/educacion\/\" rel=\"category tag\">Educaci\u00f3n<\/a>","tag_info":"Educaci\u00f3n","comment_count":"0","amp_enabled":true,"_links":{"self":[{"href":"https:\/\/experienciadevida.com.ar\/portalurbano\/wp-json\/wp\/v2\/posts\/168194"}],"collection":[{"href":"https:\/\/experienciadevida.com.ar\/portalurbano\/wp-json\/wp\/v2\/posts"}],"about":[{"href":"https:\/\/experienciadevida.com.ar\/portalurbano\/wp-json\/wp\/v2\/types\/post"}],"author":[{"embeddable":true,"href":"https:\/\/experienciadevida.com.ar\/portalurbano\/wp-json\/wp\/v2\/users\/1"}],"replies":[{"embeddable":true,"href":"https:\/\/experienciadevida.com.ar\/portalurbano\/wp-json\/wp\/v2\/comments?post=168194"}],"version-history":[{"count":2,"href":"https:\/\/experienciadevida.com.ar\/portalurbano\/wp-json\/wp\/v2\/posts\/168194\/revisions"}],"predecessor-version":[{"id":168197,"href":"https:\/\/experienciadevida.com.ar\/portalurbano\/wp-json\/wp\/v2\/posts\/168194\/revisions\/168197"}],"wp:featuredmedia":[{"embeddable":true,"href":"https:\/\/experienciadevida.com.ar\/portalurbano\/wp-json\/wp\/v2\/media\/168195"}],"wp:attachment":[{"href":"https:\/\/experienciadevida.com.ar\/portalurbano\/wp-json\/wp\/v2\/media?parent=168194"}],"wp:term":[{"taxonomy":"category","embeddable":true,"href":"https:\/\/experienciadevida.com.ar\/portalurbano\/wp-json\/wp\/v2\/categories?post=168194"},{"taxonomy":"post_tag","embeddable":true,"href":"https:\/\/experienciadevida.com.ar\/portalurbano\/wp-json\/wp\/v2\/tags?post=168194"}],"curies":[{"name":"wp","href":"https:\/\/api.w.org\/{rel}","templated":true}]}}