{"id":168179,"date":"2022-05-23T11:50:43","date_gmt":"2022-05-23T14:50:43","guid":{"rendered":"https:\/\/experienciadevida.com.ar\/portalurbano\/?p=168179"},"modified":"2022-05-23T11:51:32","modified_gmt":"2022-05-23T14:51:32","slug":"nocturnidad-y-seguridad-vial-se-labraron-numerosas-infracciones-durante-el-fin-de-semana","status":"publish","type":"post","link":"https:\/\/experienciadevida.com.ar\/portalurbano\/nocturnidad-y-seguridad-vial-se-labraron-numerosas-infracciones-durante-el-fin-de-semana\/","title":{"rendered":"Nocturnidad y Seguridad Vial: Se labraron numerosas infracciones durante el fin de semana"},"content":{"rendered":"<div class=\"page-title\">\n<p>Nocturnidad y Seguridad Vial: Se labraron numerosas infracciones durante el fin de semana, as\u00ed lo informaron desde la\u00a0 Subsecretar\u00eda de Seguridad Municipal se inform\u00f3 que durante el transcurso del pasado fin de semana se realizaron numerosas tareas preventivas tanto en materia de nocturnidad como de seguridad vial, marco en el que se labraron numerosas infracciones que ahora cuentan con la intervenci\u00f3n del Juzgado de Faltas Municipal.<\/p>\n<p>Se detall\u00f3 que entre la tarde y noche del \u00faltimo viernes y la madrugada del s\u00e1bado agentes del \u00e1rea de Tr\u00e1nsito y de la Direcci\u00f3n de Acci\u00f3n y Control Urbano, con la colaboraci\u00f3n de Moto Polic\u00edas, interceptaron e identificaron 122 rodados entre autos y motos. A partir de esas tareas se labraron 48 actas, en las que se marcaron 72 infracciones a la Ley de Tr\u00e1nsito (24.449).<\/p>\n<p>A la par, se constataron 3 alcoholemias positivas y un conductor fue sorprendido cruzando un sem\u00e1foro en rojo. El saldo total fue el secuestro 5 autom\u00f3viles y 6 ciclomotores, adem\u00e1s de 5 licencias de conducir. Por \u00faltimo, en lo que a labores de seguridad vial respecta, en la madrugada de este lunes se intercept\u00f3 un veh\u00edculo en Ituzaing\u00f3 entre Pelegrino y Balcarce, y se detect\u00f3 que el conductor estaba alcoholizado. El test arroj\u00f3 un dosaje de alcohol en sangre de 0,89 g\/l.<\/p>\n<\/div>\n<p>Asimismo, en materia de nocturnidad, un bar c\u00e9ntrico fue infraccionado tanto en la noche del viernes como en la noche del s\u00e1bado por permitir el ingreso de personas luego de las 2 de la madrugada. Inclusive, tambi\u00e9n se le iniciaron actuaciones por el volumen de la m\u00fasica, algo que fue denunciado por vecinos del sector ante el Centro de Monitoreo Municipal mediante Ojos en Alerta.<\/p>\n","protected":false},"excerpt":{"rendered":"<p>Nocturnidad y Seguridad Vial: Se labraron numerosas infracciones durante el fin de semana, as\u00ed lo&#8230;<\/p>\n","protected":false},"author":1,"featured_media":168180,"comment_status":"closed","ping_status":"closed","sticky":false,"template":"","format":"standard","meta":{"content-type":""},"categories":[27,51],"tags":[],"nelio_content":{"isAutoShareEnabled":false,"autoShareEndMode":"default","automationSources":{"useContentSentences":true,"useSocialTemplates":true,"useCustomSentences":false,"customSentences":[]},"followers":[1],"suggestedReferences":[],"includedReferences":[],"efiUrl":"","efiAlt":"","highlights":[]},"yoast_head":"<!-- This site is optimized with the Yoast SEO plugin v20.7 - https:\/\/yoast.com\/wordpress\/plugins\/seo\/ -->\n<title>Nocturnidad y Seguridad Vial: Se labraron numerosas infracciones durante el fin de semana -<\/title>\n<meta name=\"robots\" content=\"index, follow, max-snippet:-1, max-image-preview:large, max-video-preview:-1\" \/>\n<link rel=\"canonical\" href=\"https:\/\/experienciadevida.com.ar\/portalurbano\/nocturnidad-y-seguridad-vial-se-labraron-numerosas-infracciones-durante-el-fin-de-semana\/\" \/>\n<meta property=\"og:locale\" content=\"es_ES\" \/>\n<meta property=\"og:type\" content=\"article\" \/>\n<meta property=\"og:title\" content=\"Nocturnidad y Seguridad Vial: Se labraron numerosas infracciones durante el fin de semana -\" \/>\n<meta property=\"og:description\" content=\"Nocturnidad y Seguridad Vial: Se labraron numerosas infracciones durante el fin de semana, as\u00ed lo...\" \/>\n<meta property=\"og:url\" content=\"https:\/\/experienciadevida.com.ar\/portalurbano\/nocturnidad-y-seguridad-vial-se-labraron-numerosas-infracciones-durante-el-fin-de-semana\/\" \/>\n<meta property=\"article:publisher\" content=\"https:\/\/www.facebook.com\/Portal-Urbano-171542830093757\/\" \/>\n<meta property=\"article:published_time\" content=\"2022-05-23T14:50:43+00:00\" \/>\n<meta property=\"article:modified_time\" content=\"2022-05-23T14:51:32+00:00\" \/>\n<meta property=\"og:image\" content=\"https:\/\/experienciadevida.com.ar\/portalurbano\/wp-content\/uploads\/2022\/05\/Nocturnidad-y-seguridad-vial.jpg\" \/>\n\t<meta property=\"og:image:width\" content=\"1024\" \/>\n\t<meta property=\"og:image:height\" content=\"682\" \/>\n\t<meta property=\"og:image:type\" content=\"image\/jpeg\" \/>\n<meta name=\"author\" content=\"admpu17wp\" \/>\n<meta name=\"twitter:card\" content=\"summary_large_image\" \/>\n<meta name=\"twitter:creator\" content=\"@portalurbanook\" \/>\n<meta name=\"twitter:site\" content=\"@portalurbanook\" \/>\n<meta name=\"twitter:label1\" content=\"Escrito por\" \/>\n\t<meta name=\"twitter:data1\" content=\"admpu17wp\" \/>\n\t<meta name=\"twitter:label2\" content=\"Tiempo de lectura\" \/>\n\t<meta name=\"twitter:data2\" content=\"2 minutos\" \/>\n<script type=\"application\/ld+json\" class=\"yoast-schema-graph\">{\"@context\":\"https:\/\/schema.org\",\"@graph\":[{\"@type\":\"Article\",\"@id\":\"https:\/\/experienciadevida.com.ar\/portalurbano\/nocturnidad-y-seguridad-vial-se-labraron-numerosas-infracciones-durante-el-fin-de-semana\/#article\",\"isPartOf\":{\"@id\":\"https:\/\/experienciadevida.com.ar\/portalurbano\/nocturnidad-y-seguridad-vial-se-labraron-numerosas-infracciones-durante-el-fin-de-semana\/\"},\"author\":{\"name\":\"admpu17wp\",\"@id\":\"https:\/\/experienciadevida.com.ar\/portalurbano\/#\/schema\/person\/02dd326b1c4b056e9cc972486934a3a7\"},\"headline\":\"Nocturnidad y Seguridad Vial: Se labraron numerosas infracciones durante el fin de semana\",\"datePublished\":\"2022-05-23T14:50:43+00:00\",\"dateModified\":\"2022-05-23T14:51:32+00:00\",\"mainEntityOfPage\":{\"@id\":\"https:\/\/experienciadevida.com.ar\/portalurbano\/nocturnidad-y-seguridad-vial-se-labraron-numerosas-infracciones-durante-el-fin-de-semana\/\"},\"wordCount\":301,\"publisher\":{\"@id\":\"https:\/\/experienciadevida.com.ar\/portalurbano\/#organization\"},\"articleSection\":[\"Ciudad\",\"Destacadas\"],\"inLanguage\":\"es\"},{\"@type\":\"WebPage\",\"@id\":\"https:\/\/experienciadevida.com.ar\/portalurbano\/nocturnidad-y-seguridad-vial-se-labraron-numerosas-infracciones-durante-el-fin-de-semana\/\",\"url\":\"https:\/\/experienciadevida.com.ar\/portalurbano\/nocturnidad-y-seguridad-vial-se-labraron-numerosas-infracciones-durante-el-fin-de-semana\/\",\"name\":\"Nocturnidad y Seguridad Vial: Se labraron numerosas infracciones durante el fin de semana -\",\"isPartOf\":{\"@id\":\"https:\/\/experienciadevida.com.ar\/portalurbano\/#website\"},\"datePublished\":\"2022-05-23T14:50:43+00:00\",\"dateModified\":\"2022-05-23T14:51:32+00:00\",\"breadcrumb\":{\"@id\":\"https:\/\/experienciadevida.com.ar\/portalurbano\/nocturnidad-y-seguridad-vial-se-labraron-numerosas-infracciones-durante-el-fin-de-semana\/#breadcrumb\"},\"inLanguage\":\"es\",\"potentialAction\":[{\"@type\":\"ReadAction\",\"target\":[\"https:\/\/experienciadevida.com.ar\/portalurbano\/nocturnidad-y-seguridad-vial-se-labraron-numerosas-infracciones-durante-el-fin-de-semana\/\"]}]},{\"@type\":\"BreadcrumbList\",\"@id\":\"https:\/\/experienciadevida.com.ar\/portalurbano\/nocturnidad-y-seguridad-vial-se-labraron-numerosas-infracciones-durante-el-fin-de-semana\/#breadcrumb\",\"itemListElement\":[{\"@type\":\"ListItem\",\"position\":1,\"name\":\"Portada\",\"item\":\"https:\/\/experienciadevida.com.ar\/portalurbano\/\"},{\"@type\":\"ListItem\",\"position\":2,\"name\":\"Nocturnidad y Seguridad Vial: Se labraron numerosas infracciones durante el fin de semana\"}]},{\"@type\":\"WebSite\",\"@id\":\"https:\/\/experienciadevida.com.ar\/portalurbano\/#website\",\"url\":\"https:\/\/experienciadevida.com.ar\/portalurbano\/\",\"name\":\"\",\"description\":\"\",\"publisher\":{\"@id\":\"https:\/\/experienciadevida.com.ar\/portalurbano\/#organization\"},\"potentialAction\":[{\"@type\":\"SearchAction\",\"target\":{\"@type\":\"EntryPoint\",\"urlTemplate\":\"https:\/\/experienciadevida.com.ar\/portalurbano\/?s={search_term_string}\"},\"query-input\":\"required name=search_term_string\"}],\"inLanguage\":\"es\"},{\"@type\":\"Organization\",\"@id\":\"https:\/\/experienciadevida.com.ar\/portalurbano\/#organization\",\"name\":\"Portal Urbano\",\"url\":\"https:\/\/experienciadevida.com.ar\/portalurbano\/\",\"logo\":{\"@type\":\"ImageObject\",\"inLanguage\":\"es\",\"@id\":\"https:\/\/experienciadevida.com.ar\/portalurbano\/#\/schema\/logo\/image\/\",\"url\":\"https:\/\/experienciadevida.com.ar\/portalurbano\/wp-content\/uploads\/2019\/09\/Logo-Original.png\",\"contentUrl\":\"https:\/\/experienciadevida.com.ar\/portalurbano\/wp-content\/uploads\/2019\/09\/Logo-Original.png\",\"width\":2236,\"height\":1216,\"caption\":\"Portal Urbano\"},\"image\":{\"@id\":\"https:\/\/experienciadevida.com.ar\/portalurbano\/#\/schema\/logo\/image\/\"},\"sameAs\":[\"https:\/\/www.facebook.com\/Portal-Urbano-171542830093757\/\",\"https:\/\/twitter.com\/portalurbanook\",\"https:\/\/www.instagram.com\/_portalurbano\/\",\"https:\/\/www.youtube.com\/channel\/UCXhagIfszH8KxFiOok79zbA?view_as=subscriber\"]},{\"@type\":\"Person\",\"@id\":\"https:\/\/experienciadevida.com.ar\/portalurbano\/#\/schema\/person\/02dd326b1c4b056e9cc972486934a3a7\",\"name\":\"admpu17wp\",\"image\":{\"@type\":\"ImageObject\",\"inLanguage\":\"es\",\"@id\":\"https:\/\/experienciadevida.com.ar\/portalurbano\/#\/schema\/person\/image\/\",\"url\":\"https:\/\/secure.gravatar.com\/avatar\/830d4c57adaae6630765e449a6908047?s=96&d=mm&r=g\",\"contentUrl\":\"https:\/\/secure.gravatar.com\/avatar\/830d4c57adaae6630765e449a6908047?s=96&d=mm&r=g\",\"caption\":\"admpu17wp\"}}]}<\/script>\n<!-- \/ Yoast SEO plugin. -->","yoast_head_json":{"title":"Nocturnidad y Seguridad Vial: Se labraron numerosas infracciones durante el fin de semana -","robots":{"index":"index","follow":"follow","max-snippet":"max-snippet:-1","max-image-preview":"max-image-preview:large","max-video-preview":"max-video-preview:-1"},"canonical":"https:\/\/experienciadevida.com.ar\/portalurbano\/nocturnidad-y-seguridad-vial-se-labraron-numerosas-infracciones-durante-el-fin-de-semana\/","og_locale":"es_ES","og_type":"article","og_title":"Nocturnidad y Seguridad Vial: Se labraron numerosas infracciones durante el fin de semana -","og_description":"Nocturnidad y Seguridad Vial: Se labraron numerosas infracciones durante el fin de semana, as\u00ed lo...","og_url":"https:\/\/experienciadevida.com.ar\/portalurbano\/nocturnidad-y-seguridad-vial-se-labraron-numerosas-infracciones-durante-el-fin-de-semana\/","article_publisher":"https:\/\/www.facebook.com\/Portal-Urbano-171542830093757\/","article_published_time":"2022-05-23T14:50:43+00:00","article_modified_time":"2022-05-23T14:51:32+00:00","og_image":[{"width":1024,"height":682,"url":"https:\/\/experienciadevida.com.ar\/portalurbano\/wp-content\/uploads\/2022\/05\/Nocturnidad-y-seguridad-vial.jpg","type":"image\/jpeg"}],"author":"admpu17wp","twitter_card":"summary_large_image","twitter_creator":"@portalurbanook","twitter_site":"@portalurbanook","twitter_misc":{"Escrito por":"admpu17wp","Tiempo de lectura":"2 minutos"},"schema":{"@context":"https:\/\/schema.org","@graph":[{"@type":"Article","@id":"https:\/\/experienciadevida.com.ar\/portalurbano\/nocturnidad-y-seguridad-vial-se-labraron-numerosas-infracciones-durante-el-fin-de-semana\/#article","isPartOf":{"@id":"https:\/\/experienciadevida.com.ar\/portalurbano\/nocturnidad-y-seguridad-vial-se-labraron-numerosas-infracciones-durante-el-fin-de-semana\/"},"author":{"name":"admpu17wp","@id":"https:\/\/experienciadevida.com.ar\/portalurbano\/#\/schema\/person\/02dd326b1c4b056e9cc972486934a3a7"},"headline":"Nocturnidad y Seguridad Vial: Se labraron numerosas infracciones durante el fin de semana","datePublished":"2022-05-23T14:50:43+00:00","dateModified":"2022-05-23T14:51:32+00:00","mainEntityOfPage":{"@id":"https:\/\/experienciadevida.com.ar\/portalurbano\/nocturnidad-y-seguridad-vial-se-labraron-numerosas-infracciones-durante-el-fin-de-semana\/"},"wordCount":301,"publisher":{"@id":"https:\/\/experienciadevida.com.ar\/portalurbano\/#organization"},"articleSection":["Ciudad","Destacadas"],"inLanguage":"es"},{"@type":"WebPage","@id":"https:\/\/experienciadevida.com.ar\/portalurbano\/nocturnidad-y-seguridad-vial-se-labraron-numerosas-infracciones-durante-el-fin-de-semana\/","url":"https:\/\/experienciadevida.com.ar\/portalurbano\/nocturnidad-y-seguridad-vial-se-labraron-numerosas-infracciones-durante-el-fin-de-semana\/","name":"Nocturnidad y Seguridad Vial: Se labraron numerosas infracciones durante el fin de semana -","isPartOf":{"@id":"https:\/\/experienciadevida.com.ar\/portalurbano\/#website"},"datePublished":"2022-05-23T14:50:43+00:00","dateModified":"2022-05-23T14:51:32+00:00","breadcrumb":{"@id":"https:\/\/experienciadevida.com.ar\/portalurbano\/nocturnidad-y-seguridad-vial-se-labraron-numerosas-infracciones-durante-el-fin-de-semana\/#breadcrumb"},"inLanguage":"es","potentialAction":[{"@type":"ReadAction","target":["https:\/\/experienciadevida.com.ar\/portalurbano\/nocturnidad-y-seguridad-vial-se-labraron-numerosas-infracciones-durante-el-fin-de-semana\/"]}]},{"@type":"BreadcrumbList","@id":"https:\/\/experienciadevida.com.ar\/portalurbano\/nocturnidad-y-seguridad-vial-se-labraron-numerosas-infracciones-durante-el-fin-de-semana\/#breadcrumb","itemListElement":[{"@type":"ListItem","position":1,"name":"Portada","item":"https:\/\/experienciadevida.com.ar\/portalurbano\/"},{"@type":"ListItem","position":2,"name":"Nocturnidad y Seguridad Vial: Se labraron numerosas infracciones durante el fin de semana"}]},{"@type":"WebSite","@id":"https:\/\/experienciadevida.com.ar\/portalurbano\/#website","url":"https:\/\/experienciadevida.com.ar\/portalurbano\/","name":"","description":"","publisher":{"@id":"https:\/\/experienciadevida.com.ar\/portalurbano\/#organization"},"potentialAction":[{"@type":"SearchAction","target":{"@type":"EntryPoint","urlTemplate":"https:\/\/experienciadevida.com.ar\/portalurbano\/?s={search_term_string}"},"query-input":"required name=search_term_string"}],"inLanguage":"es"},{"@type":"Organization","@id":"https:\/\/experienciadevida.com.ar\/portalurbano\/#organization","name":"Portal Urbano","url":"https:\/\/experienciadevida.com.ar\/portalurbano\/","logo":{"@type":"ImageObject","inLanguage":"es","@id":"https:\/\/experienciadevida.com.ar\/portalurbano\/#\/schema\/logo\/image\/","url":"https:\/\/experienciadevida.com.ar\/portalurbano\/wp-content\/uploads\/2019\/09\/Logo-Original.png","contentUrl":"https:\/\/experienciadevida.com.ar\/portalurbano\/wp-content\/uploads\/2019\/09\/Logo-Original.png","width":2236,"height":1216,"caption":"Portal Urbano"},"image":{"@id":"https:\/\/experienciadevida.com.ar\/portalurbano\/#\/schema\/logo\/image\/"},"sameAs":["https:\/\/www.facebook.com\/Portal-Urbano-171542830093757\/","https:\/\/twitter.com\/portalurbanook","https:\/\/www.instagram.com\/_portalurbano\/","https:\/\/www.youtube.com\/channel\/UCXhagIfszH8KxFiOok79zbA?view_as=subscriber"]},{"@type":"Person","@id":"https:\/\/experienciadevida.com.ar\/portalurbano\/#\/schema\/person\/02dd326b1c4b056e9cc972486934a3a7","name":"admpu17wp","image":{"@type":"ImageObject","inLanguage":"es","@id":"https:\/\/experienciadevida.com.ar\/portalurbano\/#\/schema\/person\/image\/","url":"https:\/\/secure.gravatar.com\/avatar\/830d4c57adaae6630765e449a6908047?s=96&d=mm&r=g","contentUrl":"https:\/\/secure.gravatar.com\/avatar\/830d4c57adaae6630765e449a6908047?s=96&d=mm&r=g","caption":"admpu17wp"}}]}},"featured_image_urls":{"full":["https:\/\/experienciadevida.com.ar\/portalurbano\/wp-content\/uploads\/2022\/05\/Nocturnidad-y-seguridad-vial.jpg",1024,682,false],"thumbnail":["https:\/\/experienciadevida.com.ar\/portalurbano\/wp-content\/uploads\/2022\/05\/Nocturnidad-y-seguridad-vial-150x150.jpg",150,150,true],"medium":["https:\/\/experienciadevida.com.ar\/portalurbano\/wp-content\/uploads\/2022\/05\/Nocturnidad-y-seguridad-vial-300x200.jpg",300,200,true],"medium_large":["https:\/\/experienciadevida.com.ar\/portalurbano\/wp-content\/uploads\/2022\/05\/Nocturnidad-y-seguridad-vial-768x512.jpg",640,427,true],"large":["https:\/\/experienciadevida.com.ar\/portalurbano\/wp-content\/uploads\/2022\/05\/Nocturnidad-y-seguridad-vial.jpg",640,426,false],"ug_big":["https:\/\/experienciadevida.com.ar\/portalurbano\/wp-content\/uploads\/2022\/05\/Nocturnidad-y-seguridad-vial-768x512.jpg",768,512,true],"1536x1536":["https:\/\/experienciadevida.com.ar\/portalurbano\/wp-content\/uploads\/2022\/05\/Nocturnidad-y-seguridad-vial.jpg",1024,682,false],"2048x2048":["https:\/\/experienciadevida.com.ar\/portalurbano\/wp-content\/uploads\/2022\/05\/Nocturnidad-y-seguridad-vial.jpg",1024,682,false],"newsever-slider-full":["https:\/\/experienciadevida.com.ar\/portalurbano\/wp-content\/uploads\/2022\/05\/Nocturnidad-y-seguridad-vial.jpg",1024,682,false],"newsever-featured":["https:\/\/experienciadevida.com.ar\/portalurbano\/wp-content\/uploads\/2022\/05\/Nocturnidad-y-seguridad-vial.jpg",1024,682,false],"newsever-medium":["https:\/\/experienciadevida.com.ar\/portalurbano\/wp-content\/uploads\/2022\/05\/Nocturnidad-y-seguridad-vial.jpg",713,475,false],"web-stories-poster-portrait":["https:\/\/experienciadevida.com.ar\/portalurbano\/wp-content\/uploads\/2022\/05\/Nocturnidad-y-seguridad-vial.jpg",640,426,false],"web-stories-publisher-logo":["https:\/\/experienciadevida.com.ar\/portalurbano\/wp-content\/uploads\/2022\/05\/Nocturnidad-y-seguridad-vial.jpg",96,64,false],"web-stories-thumbnail":["https:\/\/experienciadevida.com.ar\/portalurbano\/wp-content\/uploads\/2022\/05\/Nocturnidad-y-seguridad-vial.jpg",150,100,false]},"author_info":{"display_name":"admpu17wp","author_link":"https:\/\/experienciadevida.com.ar\/portalurbano\/author\/admpu17wp\/"},"category_info":"<a href=\"https:\/\/experienciadevida.com.ar\/portalurbano\/category\/ciudad\/\" rel=\"category tag\">Ciudad<\/a> <a href=\"https:\/\/experienciadevida.com.ar\/portalurbano\/category\/destacadas\/\" rel=\"category tag\">Destacadas<\/a>","tag_info":"Destacadas","comment_count":"0","amp_enabled":true,"_links":{"self":[{"href":"https:\/\/experienciadevida.com.ar\/portalurbano\/wp-json\/wp\/v2\/posts\/168179"}],"collection":[{"href":"https:\/\/experienciadevida.com.ar\/portalurbano\/wp-json\/wp\/v2\/posts"}],"about":[{"href":"https:\/\/experienciadevida.com.ar\/portalurbano\/wp-json\/wp\/v2\/types\/post"}],"author":[{"embeddable":true,"href":"https:\/\/experienciadevida.com.ar\/portalurbano\/wp-json\/wp\/v2\/users\/1"}],"replies":[{"embeddable":true,"href":"https:\/\/experienciadevida.com.ar\/portalurbano\/wp-json\/wp\/v2\/comments?post=168179"}],"version-history":[{"count":2,"href":"https:\/\/experienciadevida.com.ar\/portalurbano\/wp-json\/wp\/v2\/posts\/168179\/revisions"}],"predecessor-version":[{"id":168182,"href":"https:\/\/experienciadevida.com.ar\/portalurbano\/wp-json\/wp\/v2\/posts\/168179\/revisions\/168182"}],"wp:featuredmedia":[{"embeddable":true,"href":"https:\/\/experienciadevida.com.ar\/portalurbano\/wp-json\/wp\/v2\/media\/168180"}],"wp:attachment":[{"href":"https:\/\/experienciadevida.com.ar\/portalurbano\/wp-json\/wp\/v2\/media?parent=168179"}],"wp:term":[{"taxonomy":"category","embeddable":true,"href":"https:\/\/experienciadevida.com.ar\/portalurbano\/wp-json\/wp\/v2\/categories?post=168179"},{"taxonomy":"post_tag","embeddable":true,"href":"https:\/\/experienciadevida.com.ar\/portalurbano\/wp-json\/wp\/v2\/tags?post=168179"}],"curies":[{"name":"wp","href":"https:\/\/api.w.org\/{rel}","templated":true}]}}