{"id":168161,"date":"2022-05-23T10:13:47","date_gmt":"2022-05-23T13:13:47","guid":{"rendered":"https:\/\/experienciadevida.com.ar\/portalurbano\/?p=168161"},"modified":"2022-05-23T10:35:03","modified_gmt":"2022-05-23T13:35:03","slug":"politicas-de-genero-realizo-el-segundo-encuentro-interdisciplinario-de-diversidad","status":"publish","type":"post","link":"https:\/\/experienciadevida.com.ar\/portalurbano\/politicas-de-genero-realizo-el-segundo-encuentro-interdisciplinario-de-diversidad\/","title":{"rendered":"Pol\u00edticas de G\u00e9nero realiz\u00f3 el segundo encuentro interdisciplinario de Diversidad"},"content":{"rendered":"<p><a href=\"https:\/\/www.facebook.com\/profile.php?id=100068946798522\">Pol\u00edticas de G\u00e9nero<\/a> realiz\u00f3 el segundo encuentro interdisciplinario de Diversidad, fue en la sede de la Direcci\u00f3n de Pol\u00edticas de G\u00e9nero d\u00edas atr\u00e1s se desarroll\u00f3 un nuevo encuentro interdisciplinario de diversidad con el personal que conforma el organismo.<\/p>\n<p>Durante la jornada se abordaron los ejes de informaci\u00f3n, articulaci\u00f3n y acci\u00f3n para establecer acuerdos de trabajo y generar puntos en com\u00fan sobre todos ellos.<\/p>\n<p>Desde el \u00e1rea de Diversidad se\u00f1alaron que \u201cel objetivo fue generar un nuevo espacio de intercambio y debate para fortalecer la tem\u00e1tica de diversidad dentro de cada equipo que integra la direcci\u00f3n, para seguir reforzando las pr\u00e1cticas, los enlaces entre espacios y organizaciones y proyectar actividades en conjunto entre toda la DPG\u201d.<\/p>\n<p>&nbsp;<\/p>\n","protected":false},"excerpt":{"rendered":"<p>Pol\u00edticas de G\u00e9nero realiz\u00f3 el segundo encuentro interdisciplinario de Diversidad, fue en la sede de&#8230;<\/p>\n","protected":false},"author":1,"featured_media":168162,"comment_status":"closed","ping_status":"closed","sticky":false,"template":"","format":"standard","meta":{"content-type":""},"categories":[27,51],"tags":[],"nelio_content":{"isAutoShareEnabled":false,"autoShareEndMode":"default","automationSources":{"useContentSentences":true,"useSocialTemplates":true,"useCustomSentences":false,"customSentences":[]},"followers":[1],"suggestedReferences":[],"includedReferences":[],"efiUrl":"","efiAlt":"","highlights":[]},"yoast_head":"<!-- This site is optimized with the Yoast SEO plugin v20.7 - https:\/\/yoast.com\/wordpress\/plugins\/seo\/ -->\n<title>Pol\u00edticas de G\u00e9nero realiz\u00f3 el segundo encuentro interdisciplinario<\/title>\n<meta name=\"description\" content=\"Pol\u00edticas de G\u00e9nero realiz\u00f3 el segundo encuentro interdisciplinario de Diversidad, fue en la sede de la Direcci\u00f3n de Pol\u00edticas d\u00edas atr\u00e1s\" \/>\n<meta name=\"robots\" content=\"index, follow, max-snippet:-1, max-image-preview:large, max-video-preview:-1\" \/>\n<link rel=\"canonical\" href=\"https:\/\/experienciadevida.com.ar\/portalurbano\/politicas-de-genero-realizo-el-segundo-encuentro-interdisciplinario-de-diversidad\/\" \/>\n<meta property=\"og:locale\" content=\"es_ES\" \/>\n<meta property=\"og:type\" content=\"article\" \/>\n<meta property=\"og:title\" content=\"Pol\u00edticas de G\u00e9nero realiz\u00f3 el segundo encuentro interdisciplinario\" \/>\n<meta property=\"og:description\" content=\"Pol\u00edticas de G\u00e9nero realiz\u00f3 el segundo encuentro interdisciplinario de Diversidad, fue en la sede de la Direcci\u00f3n de Pol\u00edticas d\u00edas atr\u00e1s\" \/>\n<meta property=\"og:url\" content=\"https:\/\/experienciadevida.com.ar\/portalurbano\/politicas-de-genero-realizo-el-segundo-encuentro-interdisciplinario-de-diversidad\/\" \/>\n<meta property=\"article:publisher\" content=\"https:\/\/www.facebook.com\/Portal-Urbano-171542830093757\/\" \/>\n<meta property=\"article:published_time\" content=\"2022-05-23T13:13:47+00:00\" \/>\n<meta property=\"article:modified_time\" content=\"2022-05-23T13:35:03+00:00\" \/>\n<meta property=\"og:image\" content=\"https:\/\/experienciadevida.com.ar\/portalurbano\/wp-content\/uploads\/2022\/05\/Politicas-de-Genero-realizo.jpg\" \/>\n\t<meta property=\"og:image:width\" content=\"1024\" \/>\n\t<meta property=\"og:image:height\" content=\"682\" \/>\n\t<meta property=\"og:image:type\" content=\"image\/jpeg\" \/>\n<meta name=\"author\" content=\"admpu17wp\" \/>\n<meta name=\"twitter:card\" content=\"summary_large_image\" \/>\n<meta name=\"twitter:creator\" content=\"@portalurbanook\" \/>\n<meta name=\"twitter:site\" content=\"@portalurbanook\" \/>\n<meta name=\"twitter:label1\" content=\"Escrito por\" \/>\n\t<meta name=\"twitter:data1\" content=\"admpu17wp\" \/>\n\t<meta name=\"twitter:label2\" content=\"Tiempo de lectura\" \/>\n\t<meta name=\"twitter:data2\" content=\"1 minuto\" \/>\n<script type=\"application\/ld+json\" class=\"yoast-schema-graph\">{\"@context\":\"https:\/\/schema.org\",\"@graph\":[{\"@type\":\"Article\",\"@id\":\"https:\/\/experienciadevida.com.ar\/portalurbano\/politicas-de-genero-realizo-el-segundo-encuentro-interdisciplinario-de-diversidad\/#article\",\"isPartOf\":{\"@id\":\"https:\/\/experienciadevida.com.ar\/portalurbano\/politicas-de-genero-realizo-el-segundo-encuentro-interdisciplinario-de-diversidad\/\"},\"author\":{\"name\":\"admpu17wp\",\"@id\":\"https:\/\/experienciadevida.com.ar\/portalurbano\/#\/schema\/person\/02dd326b1c4b056e9cc972486934a3a7\"},\"headline\":\"Pol\u00edticas de G\u00e9nero realiz\u00f3 el segundo encuentro interdisciplinario de Diversidad\",\"datePublished\":\"2022-05-23T13:13:47+00:00\",\"dateModified\":\"2022-05-23T13:35:03+00:00\",\"mainEntityOfPage\":{\"@id\":\"https:\/\/experienciadevida.com.ar\/portalurbano\/politicas-de-genero-realizo-el-segundo-encuentro-interdisciplinario-de-diversidad\/\"},\"wordCount\":143,\"publisher\":{\"@id\":\"https:\/\/experienciadevida.com.ar\/portalurbano\/#organization\"},\"articleSection\":[\"Ciudad\",\"Destacadas\"],\"inLanguage\":\"es\"},{\"@type\":\"WebPage\",\"@id\":\"https:\/\/experienciadevida.com.ar\/portalurbano\/politicas-de-genero-realizo-el-segundo-encuentro-interdisciplinario-de-diversidad\/\",\"url\":\"https:\/\/experienciadevida.com.ar\/portalurbano\/politicas-de-genero-realizo-el-segundo-encuentro-interdisciplinario-de-diversidad\/\",\"name\":\"Pol\u00edticas de G\u00e9nero realiz\u00f3 el segundo encuentro interdisciplinario\",\"isPartOf\":{\"@id\":\"https:\/\/experienciadevida.com.ar\/portalurbano\/#website\"},\"datePublished\":\"2022-05-23T13:13:47+00:00\",\"dateModified\":\"2022-05-23T13:35:03+00:00\",\"description\":\"Pol\u00edticas de G\u00e9nero realiz\u00f3 el segundo encuentro interdisciplinario de Diversidad, fue en la sede de la Direcci\u00f3n de Pol\u00edticas d\u00edas atr\u00e1s\",\"breadcrumb\":{\"@id\":\"https:\/\/experienciadevida.com.ar\/portalurbano\/politicas-de-genero-realizo-el-segundo-encuentro-interdisciplinario-de-diversidad\/#breadcrumb\"},\"inLanguage\":\"es\",\"potentialAction\":[{\"@type\":\"ReadAction\",\"target\":[\"https:\/\/experienciadevida.com.ar\/portalurbano\/politicas-de-genero-realizo-el-segundo-encuentro-interdisciplinario-de-diversidad\/\"]}]},{\"@type\":\"BreadcrumbList\",\"@id\":\"https:\/\/experienciadevida.com.ar\/portalurbano\/politicas-de-genero-realizo-el-segundo-encuentro-interdisciplinario-de-diversidad\/#breadcrumb\",\"itemListElement\":[{\"@type\":\"ListItem\",\"position\":1,\"name\":\"Portada\",\"item\":\"https:\/\/experienciadevida.com.ar\/portalurbano\/\"},{\"@type\":\"ListItem\",\"position\":2,\"name\":\"Pol\u00edticas de G\u00e9nero realiz\u00f3 el segundo encuentro interdisciplinario de Diversidad\"}]},{\"@type\":\"WebSite\",\"@id\":\"https:\/\/experienciadevida.com.ar\/portalurbano\/#website\",\"url\":\"https:\/\/experienciadevida.com.ar\/portalurbano\/\",\"name\":\"\",\"description\":\"\",\"publisher\":{\"@id\":\"https:\/\/experienciadevida.com.ar\/portalurbano\/#organization\"},\"potentialAction\":[{\"@type\":\"SearchAction\",\"target\":{\"@type\":\"EntryPoint\",\"urlTemplate\":\"https:\/\/experienciadevida.com.ar\/portalurbano\/?s={search_term_string}\"},\"query-input\":\"required name=search_term_string\"}],\"inLanguage\":\"es\"},{\"@type\":\"Organization\",\"@id\":\"https:\/\/experienciadevida.com.ar\/portalurbano\/#organization\",\"name\":\"Portal Urbano\",\"url\":\"https:\/\/experienciadevida.com.ar\/portalurbano\/\",\"logo\":{\"@type\":\"ImageObject\",\"inLanguage\":\"es\",\"@id\":\"https:\/\/experienciadevida.com.ar\/portalurbano\/#\/schema\/logo\/image\/\",\"url\":\"https:\/\/experienciadevida.com.ar\/portalurbano\/wp-content\/uploads\/2019\/09\/Logo-Original.png\",\"contentUrl\":\"https:\/\/experienciadevida.com.ar\/portalurbano\/wp-content\/uploads\/2019\/09\/Logo-Original.png\",\"width\":2236,\"height\":1216,\"caption\":\"Portal Urbano\"},\"image\":{\"@id\":\"https:\/\/experienciadevida.com.ar\/portalurbano\/#\/schema\/logo\/image\/\"},\"sameAs\":[\"https:\/\/www.facebook.com\/Portal-Urbano-171542830093757\/\",\"https:\/\/twitter.com\/portalurbanook\",\"https:\/\/www.instagram.com\/_portalurbano\/\",\"https:\/\/www.youtube.com\/channel\/UCXhagIfszH8KxFiOok79zbA?view_as=subscriber\"]},{\"@type\":\"Person\",\"@id\":\"https:\/\/experienciadevida.com.ar\/portalurbano\/#\/schema\/person\/02dd326b1c4b056e9cc972486934a3a7\",\"name\":\"admpu17wp\",\"image\":{\"@type\":\"ImageObject\",\"inLanguage\":\"es\",\"@id\":\"https:\/\/experienciadevida.com.ar\/portalurbano\/#\/schema\/person\/image\/\",\"url\":\"https:\/\/secure.gravatar.com\/avatar\/830d4c57adaae6630765e449a6908047?s=96&d=mm&r=g\",\"contentUrl\":\"https:\/\/secure.gravatar.com\/avatar\/830d4c57adaae6630765e449a6908047?s=96&d=mm&r=g\",\"caption\":\"admpu17wp\"}}]}<\/script>\n<!-- \/ Yoast SEO plugin. -->","yoast_head_json":{"title":"Pol\u00edticas de G\u00e9nero realiz\u00f3 el segundo encuentro interdisciplinario","description":"Pol\u00edticas de G\u00e9nero realiz\u00f3 el segundo encuentro interdisciplinario de Diversidad, fue en la sede de la Direcci\u00f3n de Pol\u00edticas d\u00edas atr\u00e1s","robots":{"index":"index","follow":"follow","max-snippet":"max-snippet:-1","max-image-preview":"max-image-preview:large","max-video-preview":"max-video-preview:-1"},"canonical":"https:\/\/experienciadevida.com.ar\/portalurbano\/politicas-de-genero-realizo-el-segundo-encuentro-interdisciplinario-de-diversidad\/","og_locale":"es_ES","og_type":"article","og_title":"Pol\u00edticas de G\u00e9nero realiz\u00f3 el segundo encuentro interdisciplinario","og_description":"Pol\u00edticas de G\u00e9nero realiz\u00f3 el segundo encuentro interdisciplinario de Diversidad, fue en la sede de la Direcci\u00f3n de Pol\u00edticas d\u00edas atr\u00e1s","og_url":"https:\/\/experienciadevida.com.ar\/portalurbano\/politicas-de-genero-realizo-el-segundo-encuentro-interdisciplinario-de-diversidad\/","article_publisher":"https:\/\/www.facebook.com\/Portal-Urbano-171542830093757\/","article_published_time":"2022-05-23T13:13:47+00:00","article_modified_time":"2022-05-23T13:35:03+00:00","og_image":[{"width":1024,"height":682,"url":"https:\/\/experienciadevida.com.ar\/portalurbano\/wp-content\/uploads\/2022\/05\/Politicas-de-Genero-realizo.jpg","type":"image\/jpeg"}],"author":"admpu17wp","twitter_card":"summary_large_image","twitter_creator":"@portalurbanook","twitter_site":"@portalurbanook","twitter_misc":{"Escrito por":"admpu17wp","Tiempo de lectura":"1 minuto"},"schema":{"@context":"https:\/\/schema.org","@graph":[{"@type":"Article","@id":"https:\/\/experienciadevida.com.ar\/portalurbano\/politicas-de-genero-realizo-el-segundo-encuentro-interdisciplinario-de-diversidad\/#article","isPartOf":{"@id":"https:\/\/experienciadevida.com.ar\/portalurbano\/politicas-de-genero-realizo-el-segundo-encuentro-interdisciplinario-de-diversidad\/"},"author":{"name":"admpu17wp","@id":"https:\/\/experienciadevida.com.ar\/portalurbano\/#\/schema\/person\/02dd326b1c4b056e9cc972486934a3a7"},"headline":"Pol\u00edticas de G\u00e9nero realiz\u00f3 el segundo encuentro interdisciplinario de Diversidad","datePublished":"2022-05-23T13:13:47+00:00","dateModified":"2022-05-23T13:35:03+00:00","mainEntityOfPage":{"@id":"https:\/\/experienciadevida.com.ar\/portalurbano\/politicas-de-genero-realizo-el-segundo-encuentro-interdisciplinario-de-diversidad\/"},"wordCount":143,"publisher":{"@id":"https:\/\/experienciadevida.com.ar\/portalurbano\/#organization"},"articleSection":["Ciudad","Destacadas"],"inLanguage":"es"},{"@type":"WebPage","@id":"https:\/\/experienciadevida.com.ar\/portalurbano\/politicas-de-genero-realizo-el-segundo-encuentro-interdisciplinario-de-diversidad\/","url":"https:\/\/experienciadevida.com.ar\/portalurbano\/politicas-de-genero-realizo-el-segundo-encuentro-interdisciplinario-de-diversidad\/","name":"Pol\u00edticas de G\u00e9nero realiz\u00f3 el segundo encuentro interdisciplinario","isPartOf":{"@id":"https:\/\/experienciadevida.com.ar\/portalurbano\/#website"},"datePublished":"2022-05-23T13:13:47+00:00","dateModified":"2022-05-23T13:35:03+00:00","description":"Pol\u00edticas de G\u00e9nero realiz\u00f3 el segundo encuentro interdisciplinario de Diversidad, fue en la sede de la Direcci\u00f3n de Pol\u00edticas d\u00edas atr\u00e1s","breadcrumb":{"@id":"https:\/\/experienciadevida.com.ar\/portalurbano\/politicas-de-genero-realizo-el-segundo-encuentro-interdisciplinario-de-diversidad\/#breadcrumb"},"inLanguage":"es","potentialAction":[{"@type":"ReadAction","target":["https:\/\/experienciadevida.com.ar\/portalurbano\/politicas-de-genero-realizo-el-segundo-encuentro-interdisciplinario-de-diversidad\/"]}]},{"@type":"BreadcrumbList","@id":"https:\/\/experienciadevida.com.ar\/portalurbano\/politicas-de-genero-realizo-el-segundo-encuentro-interdisciplinario-de-diversidad\/#breadcrumb","itemListElement":[{"@type":"ListItem","position":1,"name":"Portada","item":"https:\/\/experienciadevida.com.ar\/portalurbano\/"},{"@type":"ListItem","position":2,"name":"Pol\u00edticas de G\u00e9nero realiz\u00f3 el segundo encuentro interdisciplinario de Diversidad"}]},{"@type":"WebSite","@id":"https:\/\/experienciadevida.com.ar\/portalurbano\/#website","url":"https:\/\/experienciadevida.com.ar\/portalurbano\/","name":"","description":"","publisher":{"@id":"https:\/\/experienciadevida.com.ar\/portalurbano\/#organization"},"potentialAction":[{"@type":"SearchAction","target":{"@type":"EntryPoint","urlTemplate":"https:\/\/experienciadevida.com.ar\/portalurbano\/?s={search_term_string}"},"query-input":"required name=search_term_string"}],"inLanguage":"es"},{"@type":"Organization","@id":"https:\/\/experienciadevida.com.ar\/portalurbano\/#organization","name":"Portal Urbano","url":"https:\/\/experienciadevida.com.ar\/portalurbano\/","logo":{"@type":"ImageObject","inLanguage":"es","@id":"https:\/\/experienciadevida.com.ar\/portalurbano\/#\/schema\/logo\/image\/","url":"https:\/\/experienciadevida.com.ar\/portalurbano\/wp-content\/uploads\/2019\/09\/Logo-Original.png","contentUrl":"https:\/\/experienciadevida.com.ar\/portalurbano\/wp-content\/uploads\/2019\/09\/Logo-Original.png","width":2236,"height":1216,"caption":"Portal Urbano"},"image":{"@id":"https:\/\/experienciadevida.com.ar\/portalurbano\/#\/schema\/logo\/image\/"},"sameAs":["https:\/\/www.facebook.com\/Portal-Urbano-171542830093757\/","https:\/\/twitter.com\/portalurbanook","https:\/\/www.instagram.com\/_portalurbano\/","https:\/\/www.youtube.com\/channel\/UCXhagIfszH8KxFiOok79zbA?view_as=subscriber"]},{"@type":"Person","@id":"https:\/\/experienciadevida.com.ar\/portalurbano\/#\/schema\/person\/02dd326b1c4b056e9cc972486934a3a7","name":"admpu17wp","image":{"@type":"ImageObject","inLanguage":"es","@id":"https:\/\/experienciadevida.com.ar\/portalurbano\/#\/schema\/person\/image\/","url":"https:\/\/secure.gravatar.com\/avatar\/830d4c57adaae6630765e449a6908047?s=96&d=mm&r=g","contentUrl":"https:\/\/secure.gravatar.com\/avatar\/830d4c57adaae6630765e449a6908047?s=96&d=mm&r=g","caption":"admpu17wp"}}]}},"featured_image_urls":{"full":["https:\/\/experienciadevida.com.ar\/portalurbano\/wp-content\/uploads\/2022\/05\/Politicas-de-Genero-realizo.jpg",1024,682,false],"thumbnail":["https:\/\/experienciadevida.com.ar\/portalurbano\/wp-content\/uploads\/2022\/05\/Politicas-de-Genero-realizo-150x150.jpg",150,150,true],"medium":["https:\/\/experienciadevida.com.ar\/portalurbano\/wp-content\/uploads\/2022\/05\/Politicas-de-Genero-realizo-300x200.jpg",300,200,true],"medium_large":["https:\/\/experienciadevida.com.ar\/portalurbano\/wp-content\/uploads\/2022\/05\/Politicas-de-Genero-realizo-768x512.jpg",640,427,true],"large":["https:\/\/experienciadevida.com.ar\/portalurbano\/wp-content\/uploads\/2022\/05\/Politicas-de-Genero-realizo.jpg",640,426,false],"ug_big":["https:\/\/experienciadevida.com.ar\/portalurbano\/wp-content\/uploads\/2022\/05\/Politicas-de-Genero-realizo-768x512.jpg",768,512,true],"1536x1536":["https:\/\/experienciadevida.com.ar\/portalurbano\/wp-content\/uploads\/2022\/05\/Politicas-de-Genero-realizo.jpg",1024,682,false],"2048x2048":["https:\/\/experienciadevida.com.ar\/portalurbano\/wp-content\/uploads\/2022\/05\/Politicas-de-Genero-realizo.jpg",1024,682,false],"newsever-slider-full":["https:\/\/experienciadevida.com.ar\/portalurbano\/wp-content\/uploads\/2022\/05\/Politicas-de-Genero-realizo.jpg",1024,682,false],"newsever-featured":["https:\/\/experienciadevida.com.ar\/portalurbano\/wp-content\/uploads\/2022\/05\/Politicas-de-Genero-realizo.jpg",1024,682,false],"newsever-medium":["https:\/\/experienciadevida.com.ar\/portalurbano\/wp-content\/uploads\/2022\/05\/Politicas-de-Genero-realizo.jpg",713,475,false],"web-stories-poster-portrait":["https:\/\/experienciadevida.com.ar\/portalurbano\/wp-content\/uploads\/2022\/05\/Politicas-de-Genero-realizo.jpg",640,426,false],"web-stories-publisher-logo":["https:\/\/experienciadevida.com.ar\/portalurbano\/wp-content\/uploads\/2022\/05\/Politicas-de-Genero-realizo.jpg",96,64,false],"web-stories-thumbnail":["https:\/\/experienciadevida.com.ar\/portalurbano\/wp-content\/uploads\/2022\/05\/Politicas-de-Genero-realizo.jpg",150,100,false]},"author_info":{"display_name":"admpu17wp","author_link":"https:\/\/experienciadevida.com.ar\/portalurbano\/author\/admpu17wp\/"},"category_info":"<a href=\"https:\/\/experienciadevida.com.ar\/portalurbano\/category\/ciudad\/\" rel=\"category tag\">Ciudad<\/a> <a href=\"https:\/\/experienciadevida.com.ar\/portalurbano\/category\/destacadas\/\" rel=\"category tag\">Destacadas<\/a>","tag_info":"Destacadas","comment_count":"0","amp_enabled":true,"_links":{"self":[{"href":"https:\/\/experienciadevida.com.ar\/portalurbano\/wp-json\/wp\/v2\/posts\/168161"}],"collection":[{"href":"https:\/\/experienciadevida.com.ar\/portalurbano\/wp-json\/wp\/v2\/posts"}],"about":[{"href":"https:\/\/experienciadevida.com.ar\/portalurbano\/wp-json\/wp\/v2\/types\/post"}],"author":[{"embeddable":true,"href":"https:\/\/experienciadevida.com.ar\/portalurbano\/wp-json\/wp\/v2\/users\/1"}],"replies":[{"embeddable":true,"href":"https:\/\/experienciadevida.com.ar\/portalurbano\/wp-json\/wp\/v2\/comments?post=168161"}],"version-history":[{"count":2,"href":"https:\/\/experienciadevida.com.ar\/portalurbano\/wp-json\/wp\/v2\/posts\/168161\/revisions"}],"predecessor-version":[{"id":168164,"href":"https:\/\/experienciadevida.com.ar\/portalurbano\/wp-json\/wp\/v2\/posts\/168161\/revisions\/168164"}],"wp:featuredmedia":[{"embeddable":true,"href":"https:\/\/experienciadevida.com.ar\/portalurbano\/wp-json\/wp\/v2\/media\/168162"}],"wp:attachment":[{"href":"https:\/\/experienciadevida.com.ar\/portalurbano\/wp-json\/wp\/v2\/media?parent=168161"}],"wp:term":[{"taxonomy":"category","embeddable":true,"href":"https:\/\/experienciadevida.com.ar\/portalurbano\/wp-json\/wp\/v2\/categories?post=168161"},{"taxonomy":"post_tag","embeddable":true,"href":"https:\/\/experienciadevida.com.ar\/portalurbano\/wp-json\/wp\/v2\/tags?post=168161"}],"curies":[{"name":"wp","href":"https:\/\/api.w.org\/{rel}","templated":true}]}}