{"id":168122,"date":"2022-05-22T12:58:37","date_gmt":"2022-05-22T15:58:37","guid":{"rendered":"https:\/\/experienciadevida.com.ar\/portalurbano\/?p=168122"},"modified":"2022-05-22T13:07:53","modified_gmt":"2022-05-22T16:07:53","slug":"nocturnidad-y-violencias-reunion-con-salud-habilitaciones-y-el-juzgado-de-faltas-municipal","status":"publish","type":"post","link":"https:\/\/experienciadevida.com.ar\/portalurbano\/nocturnidad-y-violencias-reunion-con-salud-habilitaciones-y-el-juzgado-de-faltas-municipal\/","title":{"rendered":"Nocturnidad y violencias: reuni\u00f3n con Salud, Habilitaciones y el Juzgado de Faltas municipal"},"content":{"rendered":"<p>Nocturnidad y violencias: reuni\u00f3n con Salud, Habilitaciones y el Juzgado de Faltas municipal, las mismas se realizaron durante los d\u00edas jueves y viernes por la ma\u00f1ana, en el Sal\u00f3n Blanco municipal, se realizaron reuniones entre la Direcci\u00f3n de Pol\u00edticas de G\u00e9nero, referentes de la Secretar\u00eda de Salud y del \u00e1rea de Habilitaciones Municipal, con el objetivo de avanzar en la construcci\u00f3n de protocolos de actuaci\u00f3n en materia de violencias contra las mujeres y diversidades en el \u00e1mbito de la nocturnidad.<\/p>\n<p>Estuvieron presentes los secretarios de Salud, Germ\u00e1n Caputo, y Desarrollo Humano y Calidad de Vida, Diego <a href=\"https:\/\/www.instagram.com\/diegorobbiani\/?hl=es-la\">Robbiani<\/a>; la directora del Hospital Silvina Guanuco, la Jefa de Guardia de adultos Alicia Messina y la Jefa del \u00e1rea de Pediatr\u00eda Rosana Della Maggiora. Por Habilitaciones, particip\u00f3 la directora Mar\u00eda Celia Alem; Luciano Blanco como titular del Juzgado de Faltas N\u00ba 1, y el equipo de Pol\u00edticas de G\u00e9nero, que convoc\u00f3 al encuentro.<\/p>\n<p>La directora de la dependencia, Florencia Caro, manifest\u00f3 que \u201cSeguimos avanzando en la construcci\u00f3n del protocolo, recuperamos qu\u00e9 aportes se pueden hacer desde el \u00e1rea de Salud cuando ingresan situaciones de presunto abuso e intoxicaci\u00f3n de mujeres, que incluyen s\u00edntomas de intoxicaci\u00f3n\u201d, se\u00f1al\u00f3.<\/p>\n<p>Adem\u00e1s, manifest\u00f3 que el aporte de la Direcci\u00f3n es \u201cseguir trabajando en incorporar la perspectiva de g\u00e9nero en todos los servicios que tienen el contacto con situaciones de esas caracter\u00edsticas: cuando se identifica vulneraci\u00f3n de derechos, y se presume una finalidad que estar\u00eda vinculada a un delito sexual\u201d.<\/p>\n<p>Esta iniciativa se enmarca en el proyecto de nocturnidad en el que est\u00e1n trabajando diversas \u00e1reas del Municipio y organismos vinculados, para abordar, por un lado, la construcci\u00f3n de dispositivos de prevenci\u00f3n del acoso y abuso sexual en la nocturnidad, y articular acciones en corresponsabilidad para mejorar los servicios de atenci\u00f3n del circuito de atenci\u00f3n integral de las violencias.<\/p>\n","protected":false},"excerpt":{"rendered":"<p>Nocturnidad y violencias: reuni\u00f3n con Salud, Habilitaciones y el Juzgado de Faltas municipal, las mismas&#8230;<\/p>\n","protected":false},"author":1,"featured_media":168124,"comment_status":"closed","ping_status":"closed","sticky":false,"template":"","format":"standard","meta":{"content-type":""},"categories":[27,64],"tags":[],"nelio_content":{"isAutoShareEnabled":false,"autoShareEndMode":"default","automationSources":{"useContentSentences":true,"useSocialTemplates":true,"useCustomSentences":false,"customSentences":[]},"followers":[1],"suggestedReferences":[],"includedReferences":[],"efiUrl":"","efiAlt":"","highlights":[]},"yoast_head":"<!-- This site is optimized with the Yoast SEO plugin v20.7 - https:\/\/yoast.com\/wordpress\/plugins\/seo\/ -->\n<title>Nocturnidad y violencias: reuni\u00f3n con salud, habilitaciones y el Juzgado<\/title>\n<meta name=\"description\" content=\"Nocturnidad y violencias: reuni\u00f3n con Salud, Habilitaciones y el Juzgado de Faltas municipal, las mismas se hicieron jueves y viernes\" \/>\n<meta name=\"robots\" content=\"index, follow, max-snippet:-1, max-image-preview:large, max-video-preview:-1\" \/>\n<link rel=\"canonical\" href=\"https:\/\/experienciadevida.com.ar\/portalurbano\/nocturnidad-y-violencias-reunion-con-salud-habilitaciones-y-el-juzgado-de-faltas-municipal\/\" \/>\n<meta property=\"og:locale\" content=\"es_ES\" \/>\n<meta property=\"og:type\" content=\"article\" \/>\n<meta property=\"og:title\" content=\"Nocturnidad y violencias: reuni\u00f3n con salud, habilitaciones y el Juzgado\" \/>\n<meta property=\"og:description\" content=\"Nocturnidad y violencias: reuni\u00f3n con Salud, Habilitaciones y el Juzgado de Faltas municipal, las mismas se hicieron jueves y viernes\" \/>\n<meta property=\"og:url\" content=\"https:\/\/experienciadevida.com.ar\/portalurbano\/nocturnidad-y-violencias-reunion-con-salud-habilitaciones-y-el-juzgado-de-faltas-municipal\/\" \/>\n<meta property=\"article:publisher\" content=\"https:\/\/www.facebook.com\/Portal-Urbano-171542830093757\/\" \/>\n<meta property=\"article:published_time\" content=\"2022-05-22T15:58:37+00:00\" \/>\n<meta property=\"article:modified_time\" content=\"2022-05-22T16:07:53+00:00\" \/>\n<meta property=\"og:image\" content=\"https:\/\/experienciadevida.com.ar\/portalurbano\/wp-content\/uploads\/2022\/05\/Nocturnidad-y-violencias-1.jpg\" \/>\n\t<meta property=\"og:image:width\" content=\"765\" \/>\n\t<meta property=\"og:image:height\" content=\"510\" \/>\n\t<meta property=\"og:image:type\" content=\"image\/jpeg\" \/>\n<meta name=\"author\" content=\"admpu17wp\" \/>\n<meta name=\"twitter:card\" content=\"summary_large_image\" \/>\n<meta name=\"twitter:creator\" content=\"@portalurbanook\" \/>\n<meta name=\"twitter:site\" content=\"@portalurbanook\" \/>\n<meta name=\"twitter:label1\" content=\"Escrito por\" \/>\n\t<meta name=\"twitter:data1\" content=\"admpu17wp\" \/>\n\t<meta name=\"twitter:label2\" content=\"Tiempo de lectura\" \/>\n\t<meta name=\"twitter:data2\" content=\"2 minutos\" \/>\n<script type=\"application\/ld+json\" class=\"yoast-schema-graph\">{\"@context\":\"https:\/\/schema.org\",\"@graph\":[{\"@type\":\"Article\",\"@id\":\"https:\/\/experienciadevida.com.ar\/portalurbano\/nocturnidad-y-violencias-reunion-con-salud-habilitaciones-y-el-juzgado-de-faltas-municipal\/#article\",\"isPartOf\":{\"@id\":\"https:\/\/experienciadevida.com.ar\/portalurbano\/nocturnidad-y-violencias-reunion-con-salud-habilitaciones-y-el-juzgado-de-faltas-municipal\/\"},\"author\":{\"name\":\"admpu17wp\",\"@id\":\"https:\/\/experienciadevida.com.ar\/portalurbano\/#\/schema\/person\/02dd326b1c4b056e9cc972486934a3a7\"},\"headline\":\"Nocturnidad y violencias: reuni\u00f3n con Salud, Habilitaciones y el Juzgado de Faltas municipal\",\"datePublished\":\"2022-05-22T15:58:37+00:00\",\"dateModified\":\"2022-05-22T16:07:53+00:00\",\"mainEntityOfPage\":{\"@id\":\"https:\/\/experienciadevida.com.ar\/portalurbano\/nocturnidad-y-violencias-reunion-con-salud-habilitaciones-y-el-juzgado-de-faltas-municipal\/\"},\"wordCount\":344,\"publisher\":{\"@id\":\"https:\/\/experienciadevida.com.ar\/portalurbano\/#organization\"},\"articleSection\":[\"Ciudad\",\"Destacadas 2\"],\"inLanguage\":\"es\"},{\"@type\":\"WebPage\",\"@id\":\"https:\/\/experienciadevida.com.ar\/portalurbano\/nocturnidad-y-violencias-reunion-con-salud-habilitaciones-y-el-juzgado-de-faltas-municipal\/\",\"url\":\"https:\/\/experienciadevida.com.ar\/portalurbano\/nocturnidad-y-violencias-reunion-con-salud-habilitaciones-y-el-juzgado-de-faltas-municipal\/\",\"name\":\"Nocturnidad y violencias: reuni\u00f3n con salud, habilitaciones y el Juzgado\",\"isPartOf\":{\"@id\":\"https:\/\/experienciadevida.com.ar\/portalurbano\/#website\"},\"datePublished\":\"2022-05-22T15:58:37+00:00\",\"dateModified\":\"2022-05-22T16:07:53+00:00\",\"description\":\"Nocturnidad y violencias: reuni\u00f3n con Salud, Habilitaciones y el Juzgado de Faltas municipal, las mismas se hicieron jueves y viernes\",\"breadcrumb\":{\"@id\":\"https:\/\/experienciadevida.com.ar\/portalurbano\/nocturnidad-y-violencias-reunion-con-salud-habilitaciones-y-el-juzgado-de-faltas-municipal\/#breadcrumb\"},\"inLanguage\":\"es\",\"potentialAction\":[{\"@type\":\"ReadAction\",\"target\":[\"https:\/\/experienciadevida.com.ar\/portalurbano\/nocturnidad-y-violencias-reunion-con-salud-habilitaciones-y-el-juzgado-de-faltas-municipal\/\"]}]},{\"@type\":\"BreadcrumbList\",\"@id\":\"https:\/\/experienciadevida.com.ar\/portalurbano\/nocturnidad-y-violencias-reunion-con-salud-habilitaciones-y-el-juzgado-de-faltas-municipal\/#breadcrumb\",\"itemListElement\":[{\"@type\":\"ListItem\",\"position\":1,\"name\":\"Portada\",\"item\":\"https:\/\/experienciadevida.com.ar\/portalurbano\/\"},{\"@type\":\"ListItem\",\"position\":2,\"name\":\"Nocturnidad y violencias: reuni\u00f3n con Salud, Habilitaciones y el Juzgado de Faltas municipal\"}]},{\"@type\":\"WebSite\",\"@id\":\"https:\/\/experienciadevida.com.ar\/portalurbano\/#website\",\"url\":\"https:\/\/experienciadevida.com.ar\/portalurbano\/\",\"name\":\"\",\"description\":\"\",\"publisher\":{\"@id\":\"https:\/\/experienciadevida.com.ar\/portalurbano\/#organization\"},\"potentialAction\":[{\"@type\":\"SearchAction\",\"target\":{\"@type\":\"EntryPoint\",\"urlTemplate\":\"https:\/\/experienciadevida.com.ar\/portalurbano\/?s={search_term_string}\"},\"query-input\":\"required name=search_term_string\"}],\"inLanguage\":\"es\"},{\"@type\":\"Organization\",\"@id\":\"https:\/\/experienciadevida.com.ar\/portalurbano\/#organization\",\"name\":\"Portal Urbano\",\"url\":\"https:\/\/experienciadevida.com.ar\/portalurbano\/\",\"logo\":{\"@type\":\"ImageObject\",\"inLanguage\":\"es\",\"@id\":\"https:\/\/experienciadevida.com.ar\/portalurbano\/#\/schema\/logo\/image\/\",\"url\":\"https:\/\/experienciadevida.com.ar\/portalurbano\/wp-content\/uploads\/2019\/09\/Logo-Original.png\",\"contentUrl\":\"https:\/\/experienciadevida.com.ar\/portalurbano\/wp-content\/uploads\/2019\/09\/Logo-Original.png\",\"width\":2236,\"height\":1216,\"caption\":\"Portal Urbano\"},\"image\":{\"@id\":\"https:\/\/experienciadevida.com.ar\/portalurbano\/#\/schema\/logo\/image\/\"},\"sameAs\":[\"https:\/\/www.facebook.com\/Portal-Urbano-171542830093757\/\",\"https:\/\/twitter.com\/portalurbanook\",\"https:\/\/www.instagram.com\/_portalurbano\/\",\"https:\/\/www.youtube.com\/channel\/UCXhagIfszH8KxFiOok79zbA?view_as=subscriber\"]},{\"@type\":\"Person\",\"@id\":\"https:\/\/experienciadevida.com.ar\/portalurbano\/#\/schema\/person\/02dd326b1c4b056e9cc972486934a3a7\",\"name\":\"admpu17wp\",\"image\":{\"@type\":\"ImageObject\",\"inLanguage\":\"es\",\"@id\":\"https:\/\/experienciadevida.com.ar\/portalurbano\/#\/schema\/person\/image\/\",\"url\":\"https:\/\/secure.gravatar.com\/avatar\/830d4c57adaae6630765e449a6908047?s=96&d=mm&r=g\",\"contentUrl\":\"https:\/\/secure.gravatar.com\/avatar\/830d4c57adaae6630765e449a6908047?s=96&d=mm&r=g\",\"caption\":\"admpu17wp\"}}]}<\/script>\n<!-- \/ Yoast SEO plugin. -->","yoast_head_json":{"title":"Nocturnidad y violencias: reuni\u00f3n con salud, habilitaciones y el Juzgado","description":"Nocturnidad y violencias: reuni\u00f3n con Salud, Habilitaciones y el Juzgado de Faltas municipal, las mismas se hicieron jueves y viernes","robots":{"index":"index","follow":"follow","max-snippet":"max-snippet:-1","max-image-preview":"max-image-preview:large","max-video-preview":"max-video-preview:-1"},"canonical":"https:\/\/experienciadevida.com.ar\/portalurbano\/nocturnidad-y-violencias-reunion-con-salud-habilitaciones-y-el-juzgado-de-faltas-municipal\/","og_locale":"es_ES","og_type":"article","og_title":"Nocturnidad y violencias: reuni\u00f3n con salud, habilitaciones y el Juzgado","og_description":"Nocturnidad y violencias: reuni\u00f3n con Salud, Habilitaciones y el Juzgado de Faltas municipal, las mismas se hicieron jueves y viernes","og_url":"https:\/\/experienciadevida.com.ar\/portalurbano\/nocturnidad-y-violencias-reunion-con-salud-habilitaciones-y-el-juzgado-de-faltas-municipal\/","article_publisher":"https:\/\/www.facebook.com\/Portal-Urbano-171542830093757\/","article_published_time":"2022-05-22T15:58:37+00:00","article_modified_time":"2022-05-22T16:07:53+00:00","og_image":[{"width":765,"height":510,"url":"https:\/\/experienciadevida.com.ar\/portalurbano\/wp-content\/uploads\/2022\/05\/Nocturnidad-y-violencias-1.jpg","type":"image\/jpeg"}],"author":"admpu17wp","twitter_card":"summary_large_image","twitter_creator":"@portalurbanook","twitter_site":"@portalurbanook","twitter_misc":{"Escrito por":"admpu17wp","Tiempo de lectura":"2 minutos"},"schema":{"@context":"https:\/\/schema.org","@graph":[{"@type":"Article","@id":"https:\/\/experienciadevida.com.ar\/portalurbano\/nocturnidad-y-violencias-reunion-con-salud-habilitaciones-y-el-juzgado-de-faltas-municipal\/#article","isPartOf":{"@id":"https:\/\/experienciadevida.com.ar\/portalurbano\/nocturnidad-y-violencias-reunion-con-salud-habilitaciones-y-el-juzgado-de-faltas-municipal\/"},"author":{"name":"admpu17wp","@id":"https:\/\/experienciadevida.com.ar\/portalurbano\/#\/schema\/person\/02dd326b1c4b056e9cc972486934a3a7"},"headline":"Nocturnidad y violencias: reuni\u00f3n con Salud, Habilitaciones y el Juzgado de Faltas municipal","datePublished":"2022-05-22T15:58:37+00:00","dateModified":"2022-05-22T16:07:53+00:00","mainEntityOfPage":{"@id":"https:\/\/experienciadevida.com.ar\/portalurbano\/nocturnidad-y-violencias-reunion-con-salud-habilitaciones-y-el-juzgado-de-faltas-municipal\/"},"wordCount":344,"publisher":{"@id":"https:\/\/experienciadevida.com.ar\/portalurbano\/#organization"},"articleSection":["Ciudad","Destacadas 2"],"inLanguage":"es"},{"@type":"WebPage","@id":"https:\/\/experienciadevida.com.ar\/portalurbano\/nocturnidad-y-violencias-reunion-con-salud-habilitaciones-y-el-juzgado-de-faltas-municipal\/","url":"https:\/\/experienciadevida.com.ar\/portalurbano\/nocturnidad-y-violencias-reunion-con-salud-habilitaciones-y-el-juzgado-de-faltas-municipal\/","name":"Nocturnidad y violencias: reuni\u00f3n con salud, habilitaciones y el Juzgado","isPartOf":{"@id":"https:\/\/experienciadevida.com.ar\/portalurbano\/#website"},"datePublished":"2022-05-22T15:58:37+00:00","dateModified":"2022-05-22T16:07:53+00:00","description":"Nocturnidad y violencias: reuni\u00f3n con Salud, Habilitaciones y el Juzgado de Faltas municipal, las mismas se hicieron jueves y viernes","breadcrumb":{"@id":"https:\/\/experienciadevida.com.ar\/portalurbano\/nocturnidad-y-violencias-reunion-con-salud-habilitaciones-y-el-juzgado-de-faltas-municipal\/#breadcrumb"},"inLanguage":"es","potentialAction":[{"@type":"ReadAction","target":["https:\/\/experienciadevida.com.ar\/portalurbano\/nocturnidad-y-violencias-reunion-con-salud-habilitaciones-y-el-juzgado-de-faltas-municipal\/"]}]},{"@type":"BreadcrumbList","@id":"https:\/\/experienciadevida.com.ar\/portalurbano\/nocturnidad-y-violencias-reunion-con-salud-habilitaciones-y-el-juzgado-de-faltas-municipal\/#breadcrumb","itemListElement":[{"@type":"ListItem","position":1,"name":"Portada","item":"https:\/\/experienciadevida.com.ar\/portalurbano\/"},{"@type":"ListItem","position":2,"name":"Nocturnidad y violencias: reuni\u00f3n con Salud, Habilitaciones y el Juzgado de Faltas municipal"}]},{"@type":"WebSite","@id":"https:\/\/experienciadevida.com.ar\/portalurbano\/#website","url":"https:\/\/experienciadevida.com.ar\/portalurbano\/","name":"","description":"","publisher":{"@id":"https:\/\/experienciadevida.com.ar\/portalurbano\/#organization"},"potentialAction":[{"@type":"SearchAction","target":{"@type":"EntryPoint","urlTemplate":"https:\/\/experienciadevida.com.ar\/portalurbano\/?s={search_term_string}"},"query-input":"required name=search_term_string"}],"inLanguage":"es"},{"@type":"Organization","@id":"https:\/\/experienciadevida.com.ar\/portalurbano\/#organization","name":"Portal Urbano","url":"https:\/\/experienciadevida.com.ar\/portalurbano\/","logo":{"@type":"ImageObject","inLanguage":"es","@id":"https:\/\/experienciadevida.com.ar\/portalurbano\/#\/schema\/logo\/image\/","url":"https:\/\/experienciadevida.com.ar\/portalurbano\/wp-content\/uploads\/2019\/09\/Logo-Original.png","contentUrl":"https:\/\/experienciadevida.com.ar\/portalurbano\/wp-content\/uploads\/2019\/09\/Logo-Original.png","width":2236,"height":1216,"caption":"Portal Urbano"},"image":{"@id":"https:\/\/experienciadevida.com.ar\/portalurbano\/#\/schema\/logo\/image\/"},"sameAs":["https:\/\/www.facebook.com\/Portal-Urbano-171542830093757\/","https:\/\/twitter.com\/portalurbanook","https:\/\/www.instagram.com\/_portalurbano\/","https:\/\/www.youtube.com\/channel\/UCXhagIfszH8KxFiOok79zbA?view_as=subscriber"]},{"@type":"Person","@id":"https:\/\/experienciadevida.com.ar\/portalurbano\/#\/schema\/person\/02dd326b1c4b056e9cc972486934a3a7","name":"admpu17wp","image":{"@type":"ImageObject","inLanguage":"es","@id":"https:\/\/experienciadevida.com.ar\/portalurbano\/#\/schema\/person\/image\/","url":"https:\/\/secure.gravatar.com\/avatar\/830d4c57adaae6630765e449a6908047?s=96&d=mm&r=g","contentUrl":"https:\/\/secure.gravatar.com\/avatar\/830d4c57adaae6630765e449a6908047?s=96&d=mm&r=g","caption":"admpu17wp"}}]}},"featured_image_urls":{"full":["https:\/\/experienciadevida.com.ar\/portalurbano\/wp-content\/uploads\/2022\/05\/Nocturnidad-y-violencias-1.jpg",765,510,false],"thumbnail":["https:\/\/experienciadevida.com.ar\/portalurbano\/wp-content\/uploads\/2022\/05\/Nocturnidad-y-violencias-1-150x150.jpg",150,150,true],"medium":["https:\/\/experienciadevida.com.ar\/portalurbano\/wp-content\/uploads\/2022\/05\/Nocturnidad-y-violencias-1-300x200.jpg",300,200,true],"medium_large":["https:\/\/experienciadevida.com.ar\/portalurbano\/wp-content\/uploads\/2022\/05\/Nocturnidad-y-violencias-1.jpg",640,427,false],"large":["https:\/\/experienciadevida.com.ar\/portalurbano\/wp-content\/uploads\/2022\/05\/Nocturnidad-y-violencias-1.jpg",640,427,false],"ug_big":["https:\/\/experienciadevida.com.ar\/portalurbano\/wp-content\/uploads\/2022\/05\/Nocturnidad-y-violencias-1.jpg",765,510,false],"1536x1536":["https:\/\/experienciadevida.com.ar\/portalurbano\/wp-content\/uploads\/2022\/05\/Nocturnidad-y-violencias-1.jpg",765,510,false],"2048x2048":["https:\/\/experienciadevida.com.ar\/portalurbano\/wp-content\/uploads\/2022\/05\/Nocturnidad-y-violencias-1.jpg",765,510,false],"newsever-slider-full":["https:\/\/experienciadevida.com.ar\/portalurbano\/wp-content\/uploads\/2022\/05\/Nocturnidad-y-violencias-1.jpg",765,510,false],"newsever-featured":["https:\/\/experienciadevida.com.ar\/portalurbano\/wp-content\/uploads\/2022\/05\/Nocturnidad-y-violencias-1.jpg",765,510,false],"newsever-medium":["https:\/\/experienciadevida.com.ar\/portalurbano\/wp-content\/uploads\/2022\/05\/Nocturnidad-y-violencias-1.jpg",713,475,false],"web-stories-poster-portrait":["https:\/\/experienciadevida.com.ar\/portalurbano\/wp-content\/uploads\/2022\/05\/Nocturnidad-y-violencias-1.jpg",640,427,false],"web-stories-publisher-logo":["https:\/\/experienciadevida.com.ar\/portalurbano\/wp-content\/uploads\/2022\/05\/Nocturnidad-y-violencias-1.jpg",96,64,false],"web-stories-thumbnail":["https:\/\/experienciadevida.com.ar\/portalurbano\/wp-content\/uploads\/2022\/05\/Nocturnidad-y-violencias-1.jpg",150,100,false]},"author_info":{"display_name":"admpu17wp","author_link":"https:\/\/experienciadevida.com.ar\/portalurbano\/author\/admpu17wp\/"},"category_info":"<a href=\"https:\/\/experienciadevida.com.ar\/portalurbano\/category\/ciudad\/\" rel=\"category tag\">Ciudad<\/a> <a href=\"https:\/\/experienciadevida.com.ar\/portalurbano\/category\/destacadas-2\/\" rel=\"category tag\">Destacadas 2<\/a>","tag_info":"Destacadas 2","comment_count":"0","amp_enabled":true,"_links":{"self":[{"href":"https:\/\/experienciadevida.com.ar\/portalurbano\/wp-json\/wp\/v2\/posts\/168122"}],"collection":[{"href":"https:\/\/experienciadevida.com.ar\/portalurbano\/wp-json\/wp\/v2\/posts"}],"about":[{"href":"https:\/\/experienciadevida.com.ar\/portalurbano\/wp-json\/wp\/v2\/types\/post"}],"author":[{"embeddable":true,"href":"https:\/\/experienciadevida.com.ar\/portalurbano\/wp-json\/wp\/v2\/users\/1"}],"replies":[{"embeddable":true,"href":"https:\/\/experienciadevida.com.ar\/portalurbano\/wp-json\/wp\/v2\/comments?post=168122"}],"version-history":[{"count":3,"href":"https:\/\/experienciadevida.com.ar\/portalurbano\/wp-json\/wp\/v2\/posts\/168122\/revisions"}],"predecessor-version":[{"id":168126,"href":"https:\/\/experienciadevida.com.ar\/portalurbano\/wp-json\/wp\/v2\/posts\/168122\/revisions\/168126"}],"wp:featuredmedia":[{"embeddable":true,"href":"https:\/\/experienciadevida.com.ar\/portalurbano\/wp-json\/wp\/v2\/media\/168124"}],"wp:attachment":[{"href":"https:\/\/experienciadevida.com.ar\/portalurbano\/wp-json\/wp\/v2\/media?parent=168122"}],"wp:term":[{"taxonomy":"category","embeddable":true,"href":"https:\/\/experienciadevida.com.ar\/portalurbano\/wp-json\/wp\/v2\/categories?post=168122"},{"taxonomy":"post_tag","embeddable":true,"href":"https:\/\/experienciadevida.com.ar\/portalurbano\/wp-json\/wp\/v2\/tags?post=168122"}],"curies":[{"name":"wp","href":"https:\/\/api.w.org\/{rel}","templated":true}]}}