{"id":168114,"date":"2022-05-21T20:30:48","date_gmt":"2022-05-21T23:30:48","guid":{"rendered":"https:\/\/experienciadevida.com.ar\/portalurbano\/?p=168114"},"modified":"2022-05-21T20:32:50","modified_gmt":"2022-05-21T23:32:50","slug":"la-ucr-local-continua-con-la-recuperacion-del-comite","status":"publish","type":"post","link":"https:\/\/experienciadevida.com.ar\/portalurbano\/la-ucr-local-continua-con-la-recuperacion-del-comite\/","title":{"rendered":"La UCR local contin\u00faa con la recuperaci\u00f3n del Comit\u00e9"},"content":{"rendered":"<p>La UCR (Uni\u00f3n C\u00edvica Radical)\u00a0 local sigue trabajando en nuevas actividades para seguir avanzando en la reconstrucci\u00f3n de su sede partidaria en la calle 25 de Mayo. Es por ello que, al igual que cada a\u00f1o, vender\u00e1n porciones de CARBONADA el pr\u00f3ximo 25 de mayo.<\/p>\n<p>Desde el a\u00f1o 2013, a\u00f1o en que sucedi\u00f3 el incendio, la conducci\u00f3n del radicalismo de nuestra ciudad se encuentra abocada a volver a poner en funcionamiento su sede de 25 de Mayo 2758, y con mucho esfuerzo han<br \/>\nmostrado en los \u00faltimos a\u00f1os importantes avances en la obra. Las \u00faltimas gestiones del centenario partido lo han puesto c\u00f3mo prioritario, y de a poco van acerc\u00e1ndose a ese gran objetivo.<\/p>\n<p>En ese sentido, invitan a afiliados y vecinos que quieran colaborar con la recuperaci\u00f3n de la sede radical en una nueva venta de \u201cCarbonada\u201d, plato tradicional de nuestro pa\u00eds, aprovechando la fecha patria del 25 de mayo.<br \/>\nLa venta se realiza en forma anticipada, y se toman pedidos al 2284 516770, y con un valor por porci\u00f3n de $800.<\/p>\n<p>El Presidente del Comit\u00e9 de la UCR de Olavarr\u00eda, Gonzalo Dolagaray, remarc\u00f3 \u201cinvitamos a la gente de Olavarr\u00eda a una nueva oportunidad para colaborar en la reconstrucci\u00f3n de nuestra casa. Esta reconstrucci\u00f3n la vamos haciendo<br \/>\ncon mucho esfuerzo, a pulm\u00f3n, y somos agradecidos del gran apoyo que tenemos en cada propuesta para recaudar fondos\u201d.<\/p>\n<p>\u201cComo ya he dicho en otras oportunidades, que el Comit\u00e9 est\u00e9 nuevamente en funcionamiento es fundamental para la vida pol\u00edtica de nuestra ciudad. Hay una conducci\u00f3n partidaria convencida de que esto sea una realidad, y<br \/>\nseguiremos trabajando fervientemente en el mismo sentido\u201d finaliz\u00f3.<\/p>\n<p><strong>\u00bfQu\u00e9 es la carbonada?<\/strong><\/p>\n<p>Seg\u00fan se conoce, es un plato proveniente de B\u00e9lgica, pero que tuvo un fuerte arraigo y popularidad en el noroeste de nuestro pa\u00eds, Bolivia y Chile. Se presenta como una alternativa al Locro en fechas tradicionales argentinas.<\/p>\n<p>Sus principales ingredientes son: Papa, choclo, carne, batata, calabaza, cebolla, morr\u00f3n, zanahoria, y orejones de durazno. Un plato ideal para hacer frente a las bajas temperaturas.<\/p>\n<p>Una interesante alternativa gastron\u00f3mica para conmemorar un nuevo aniversario de la Revoluci\u00f3n de Mayo, y colaborar con la recuperaci\u00f3n del comit\u00e9 de la Uni\u00f3n C\u00edvica Radical de Olavarr\u00eda.<\/p>\n","protected":false},"excerpt":{"rendered":"<p>La UCR (Uni\u00f3n C\u00edvica Radical)\u00a0 local sigue trabajando en nuevas actividades para seguir avanzando en&#8230;<\/p>\n","protected":false},"author":1,"featured_media":168115,"comment_status":"closed","ping_status":"closed","sticky":false,"template":"","format":"standard","meta":{"content-type":""},"categories":[27,51],"tags":[],"nelio_content":{"isAutoShareEnabled":false,"autoShareEndMode":"default","automationSources":{"useContentSentences":true,"useSocialTemplates":true,"useCustomSentences":false,"customSentences":[]},"followers":[1],"suggestedReferences":[],"includedReferences":[],"efiUrl":"","efiAlt":"","highlights":[]},"yoast_head":"<!-- This site is optimized with the Yoast SEO plugin v20.7 - https:\/\/yoast.com\/wordpress\/plugins\/seo\/ -->\n<title>La UCR local contin\u00faa con la recuperaci\u00f3n del Comit\u00e9<\/title>\n<meta name=\"description\" content=\"La UCR (Uni\u00f3n C\u00edvica Radical)\u00a0 local sigue trabajando en nuevas actividades para seguir avanzando en la reconstrucci\u00f3n de su sede partidaria\" \/>\n<meta name=\"robots\" content=\"index, follow, max-snippet:-1, max-image-preview:large, max-video-preview:-1\" \/>\n<link rel=\"canonical\" href=\"https:\/\/experienciadevida.com.ar\/portalurbano\/la-ucr-local-continua-con-la-recuperacion-del-comite\/\" \/>\n<meta property=\"og:locale\" content=\"es_ES\" \/>\n<meta property=\"og:type\" content=\"article\" \/>\n<meta property=\"og:title\" content=\"La UCR local contin\u00faa con la recuperaci\u00f3n del Comit\u00e9\" \/>\n<meta property=\"og:description\" content=\"La UCR (Uni\u00f3n C\u00edvica Radical)\u00a0 local sigue trabajando en nuevas actividades para seguir avanzando en la reconstrucci\u00f3n de su sede partidaria\" \/>\n<meta property=\"og:url\" content=\"https:\/\/experienciadevida.com.ar\/portalurbano\/la-ucr-local-continua-con-la-recuperacion-del-comite\/\" \/>\n<meta property=\"article:publisher\" content=\"https:\/\/www.facebook.com\/Portal-Urbano-171542830093757\/\" \/>\n<meta property=\"article:published_time\" content=\"2022-05-21T23:30:48+00:00\" \/>\n<meta property=\"article:modified_time\" content=\"2022-05-21T23:32:50+00:00\" \/>\n<meta property=\"og:image\" content=\"https:\/\/experienciadevida.com.ar\/portalurbano\/wp-content\/uploads\/2022\/05\/IMG_20210709_114741_2.jpg\" \/>\n\t<meta property=\"og:image:width\" content=\"647\" \/>\n\t<meta property=\"og:image:height\" content=\"480\" \/>\n\t<meta property=\"og:image:type\" content=\"image\/jpeg\" \/>\n<meta name=\"author\" content=\"admpu17wp\" \/>\n<meta name=\"twitter:card\" content=\"summary_large_image\" \/>\n<meta name=\"twitter:creator\" content=\"@portalurbanook\" \/>\n<meta name=\"twitter:site\" content=\"@portalurbanook\" \/>\n<meta name=\"twitter:label1\" content=\"Escrito por\" \/>\n\t<meta name=\"twitter:data1\" content=\"admpu17wp\" \/>\n\t<meta name=\"twitter:label2\" content=\"Tiempo de lectura\" \/>\n\t<meta name=\"twitter:data2\" content=\"2 minutos\" \/>\n<script type=\"application\/ld+json\" class=\"yoast-schema-graph\">{\"@context\":\"https:\/\/schema.org\",\"@graph\":[{\"@type\":\"Article\",\"@id\":\"https:\/\/experienciadevida.com.ar\/portalurbano\/la-ucr-local-continua-con-la-recuperacion-del-comite\/#article\",\"isPartOf\":{\"@id\":\"https:\/\/experienciadevida.com.ar\/portalurbano\/la-ucr-local-continua-con-la-recuperacion-del-comite\/\"},\"author\":{\"name\":\"admpu17wp\",\"@id\":\"https:\/\/experienciadevida.com.ar\/portalurbano\/#\/schema\/person\/02dd326b1c4b056e9cc972486934a3a7\"},\"headline\":\"La UCR local contin\u00faa con la recuperaci\u00f3n del Comit\u00e9\",\"datePublished\":\"2022-05-21T23:30:48+00:00\",\"dateModified\":\"2022-05-21T23:32:50+00:00\",\"mainEntityOfPage\":{\"@id\":\"https:\/\/experienciadevida.com.ar\/portalurbano\/la-ucr-local-continua-con-la-recuperacion-del-comite\/\"},\"wordCount\":399,\"publisher\":{\"@id\":\"https:\/\/experienciadevida.com.ar\/portalurbano\/#organization\"},\"articleSection\":[\"Ciudad\",\"Destacadas\"],\"inLanguage\":\"es\"},{\"@type\":\"WebPage\",\"@id\":\"https:\/\/experienciadevida.com.ar\/portalurbano\/la-ucr-local-continua-con-la-recuperacion-del-comite\/\",\"url\":\"https:\/\/experienciadevida.com.ar\/portalurbano\/la-ucr-local-continua-con-la-recuperacion-del-comite\/\",\"name\":\"La UCR local contin\u00faa con la recuperaci\u00f3n del Comit\u00e9\",\"isPartOf\":{\"@id\":\"https:\/\/experienciadevida.com.ar\/portalurbano\/#website\"},\"datePublished\":\"2022-05-21T23:30:48+00:00\",\"dateModified\":\"2022-05-21T23:32:50+00:00\",\"description\":\"La UCR (Uni\u00f3n C\u00edvica Radical)\u00a0 local sigue trabajando en nuevas actividades para seguir avanzando en la reconstrucci\u00f3n de su sede partidaria\",\"breadcrumb\":{\"@id\":\"https:\/\/experienciadevida.com.ar\/portalurbano\/la-ucr-local-continua-con-la-recuperacion-del-comite\/#breadcrumb\"},\"inLanguage\":\"es\",\"potentialAction\":[{\"@type\":\"ReadAction\",\"target\":[\"https:\/\/experienciadevida.com.ar\/portalurbano\/la-ucr-local-continua-con-la-recuperacion-del-comite\/\"]}]},{\"@type\":\"BreadcrumbList\",\"@id\":\"https:\/\/experienciadevida.com.ar\/portalurbano\/la-ucr-local-continua-con-la-recuperacion-del-comite\/#breadcrumb\",\"itemListElement\":[{\"@type\":\"ListItem\",\"position\":1,\"name\":\"Portada\",\"item\":\"https:\/\/experienciadevida.com.ar\/portalurbano\/\"},{\"@type\":\"ListItem\",\"position\":2,\"name\":\"La UCR local contin\u00faa con la recuperaci\u00f3n del Comit\u00e9\"}]},{\"@type\":\"WebSite\",\"@id\":\"https:\/\/experienciadevida.com.ar\/portalurbano\/#website\",\"url\":\"https:\/\/experienciadevida.com.ar\/portalurbano\/\",\"name\":\"\",\"description\":\"\",\"publisher\":{\"@id\":\"https:\/\/experienciadevida.com.ar\/portalurbano\/#organization\"},\"potentialAction\":[{\"@type\":\"SearchAction\",\"target\":{\"@type\":\"EntryPoint\",\"urlTemplate\":\"https:\/\/experienciadevida.com.ar\/portalurbano\/?s={search_term_string}\"},\"query-input\":\"required name=search_term_string\"}],\"inLanguage\":\"es\"},{\"@type\":\"Organization\",\"@id\":\"https:\/\/experienciadevida.com.ar\/portalurbano\/#organization\",\"name\":\"Portal Urbano\",\"url\":\"https:\/\/experienciadevida.com.ar\/portalurbano\/\",\"logo\":{\"@type\":\"ImageObject\",\"inLanguage\":\"es\",\"@id\":\"https:\/\/experienciadevida.com.ar\/portalurbano\/#\/schema\/logo\/image\/\",\"url\":\"https:\/\/experienciadevida.com.ar\/portalurbano\/wp-content\/uploads\/2019\/09\/Logo-Original.png\",\"contentUrl\":\"https:\/\/experienciadevida.com.ar\/portalurbano\/wp-content\/uploads\/2019\/09\/Logo-Original.png\",\"width\":2236,\"height\":1216,\"caption\":\"Portal Urbano\"},\"image\":{\"@id\":\"https:\/\/experienciadevida.com.ar\/portalurbano\/#\/schema\/logo\/image\/\"},\"sameAs\":[\"https:\/\/www.facebook.com\/Portal-Urbano-171542830093757\/\",\"https:\/\/twitter.com\/portalurbanook\",\"https:\/\/www.instagram.com\/_portalurbano\/\",\"https:\/\/www.youtube.com\/channel\/UCXhagIfszH8KxFiOok79zbA?view_as=subscriber\"]},{\"@type\":\"Person\",\"@id\":\"https:\/\/experienciadevida.com.ar\/portalurbano\/#\/schema\/person\/02dd326b1c4b056e9cc972486934a3a7\",\"name\":\"admpu17wp\",\"image\":{\"@type\":\"ImageObject\",\"inLanguage\":\"es\",\"@id\":\"https:\/\/experienciadevida.com.ar\/portalurbano\/#\/schema\/person\/image\/\",\"url\":\"https:\/\/secure.gravatar.com\/avatar\/830d4c57adaae6630765e449a6908047?s=96&d=mm&r=g\",\"contentUrl\":\"https:\/\/secure.gravatar.com\/avatar\/830d4c57adaae6630765e449a6908047?s=96&d=mm&r=g\",\"caption\":\"admpu17wp\"}}]}<\/script>\n<!-- \/ Yoast SEO plugin. -->","yoast_head_json":{"title":"La UCR local contin\u00faa con la recuperaci\u00f3n del Comit\u00e9","description":"La UCR (Uni\u00f3n C\u00edvica Radical)\u00a0 local sigue trabajando en nuevas actividades para seguir avanzando en la reconstrucci\u00f3n de su sede partidaria","robots":{"index":"index","follow":"follow","max-snippet":"max-snippet:-1","max-image-preview":"max-image-preview:large","max-video-preview":"max-video-preview:-1"},"canonical":"https:\/\/experienciadevida.com.ar\/portalurbano\/la-ucr-local-continua-con-la-recuperacion-del-comite\/","og_locale":"es_ES","og_type":"article","og_title":"La UCR local contin\u00faa con la recuperaci\u00f3n del Comit\u00e9","og_description":"La UCR (Uni\u00f3n C\u00edvica Radical)\u00a0 local sigue trabajando en nuevas actividades para seguir avanzando en la reconstrucci\u00f3n de su sede partidaria","og_url":"https:\/\/experienciadevida.com.ar\/portalurbano\/la-ucr-local-continua-con-la-recuperacion-del-comite\/","article_publisher":"https:\/\/www.facebook.com\/Portal-Urbano-171542830093757\/","article_published_time":"2022-05-21T23:30:48+00:00","article_modified_time":"2022-05-21T23:32:50+00:00","og_image":[{"width":647,"height":480,"url":"https:\/\/experienciadevida.com.ar\/portalurbano\/wp-content\/uploads\/2022\/05\/IMG_20210709_114741_2.jpg","type":"image\/jpeg"}],"author":"admpu17wp","twitter_card":"summary_large_image","twitter_creator":"@portalurbanook","twitter_site":"@portalurbanook","twitter_misc":{"Escrito por":"admpu17wp","Tiempo de lectura":"2 minutos"},"schema":{"@context":"https:\/\/schema.org","@graph":[{"@type":"Article","@id":"https:\/\/experienciadevida.com.ar\/portalurbano\/la-ucr-local-continua-con-la-recuperacion-del-comite\/#article","isPartOf":{"@id":"https:\/\/experienciadevida.com.ar\/portalurbano\/la-ucr-local-continua-con-la-recuperacion-del-comite\/"},"author":{"name":"admpu17wp","@id":"https:\/\/experienciadevida.com.ar\/portalurbano\/#\/schema\/person\/02dd326b1c4b056e9cc972486934a3a7"},"headline":"La UCR local contin\u00faa con la recuperaci\u00f3n del Comit\u00e9","datePublished":"2022-05-21T23:30:48+00:00","dateModified":"2022-05-21T23:32:50+00:00","mainEntityOfPage":{"@id":"https:\/\/experienciadevida.com.ar\/portalurbano\/la-ucr-local-continua-con-la-recuperacion-del-comite\/"},"wordCount":399,"publisher":{"@id":"https:\/\/experienciadevida.com.ar\/portalurbano\/#organization"},"articleSection":["Ciudad","Destacadas"],"inLanguage":"es"},{"@type":"WebPage","@id":"https:\/\/experienciadevida.com.ar\/portalurbano\/la-ucr-local-continua-con-la-recuperacion-del-comite\/","url":"https:\/\/experienciadevida.com.ar\/portalurbano\/la-ucr-local-continua-con-la-recuperacion-del-comite\/","name":"La UCR local contin\u00faa con la recuperaci\u00f3n del Comit\u00e9","isPartOf":{"@id":"https:\/\/experienciadevida.com.ar\/portalurbano\/#website"},"datePublished":"2022-05-21T23:30:48+00:00","dateModified":"2022-05-21T23:32:50+00:00","description":"La UCR (Uni\u00f3n C\u00edvica Radical)\u00a0 local sigue trabajando en nuevas actividades para seguir avanzando en la reconstrucci\u00f3n de su sede partidaria","breadcrumb":{"@id":"https:\/\/experienciadevida.com.ar\/portalurbano\/la-ucr-local-continua-con-la-recuperacion-del-comite\/#breadcrumb"},"inLanguage":"es","potentialAction":[{"@type":"ReadAction","target":["https:\/\/experienciadevida.com.ar\/portalurbano\/la-ucr-local-continua-con-la-recuperacion-del-comite\/"]}]},{"@type":"BreadcrumbList","@id":"https:\/\/experienciadevida.com.ar\/portalurbano\/la-ucr-local-continua-con-la-recuperacion-del-comite\/#breadcrumb","itemListElement":[{"@type":"ListItem","position":1,"name":"Portada","item":"https:\/\/experienciadevida.com.ar\/portalurbano\/"},{"@type":"ListItem","position":2,"name":"La UCR local contin\u00faa con la recuperaci\u00f3n del Comit\u00e9"}]},{"@type":"WebSite","@id":"https:\/\/experienciadevida.com.ar\/portalurbano\/#website","url":"https:\/\/experienciadevida.com.ar\/portalurbano\/","name":"","description":"","publisher":{"@id":"https:\/\/experienciadevida.com.ar\/portalurbano\/#organization"},"potentialAction":[{"@type":"SearchAction","target":{"@type":"EntryPoint","urlTemplate":"https:\/\/experienciadevida.com.ar\/portalurbano\/?s={search_term_string}"},"query-input":"required name=search_term_string"}],"inLanguage":"es"},{"@type":"Organization","@id":"https:\/\/experienciadevida.com.ar\/portalurbano\/#organization","name":"Portal Urbano","url":"https:\/\/experienciadevida.com.ar\/portalurbano\/","logo":{"@type":"ImageObject","inLanguage":"es","@id":"https:\/\/experienciadevida.com.ar\/portalurbano\/#\/schema\/logo\/image\/","url":"https:\/\/experienciadevida.com.ar\/portalurbano\/wp-content\/uploads\/2019\/09\/Logo-Original.png","contentUrl":"https:\/\/experienciadevida.com.ar\/portalurbano\/wp-content\/uploads\/2019\/09\/Logo-Original.png","width":2236,"height":1216,"caption":"Portal Urbano"},"image":{"@id":"https:\/\/experienciadevida.com.ar\/portalurbano\/#\/schema\/logo\/image\/"},"sameAs":["https:\/\/www.facebook.com\/Portal-Urbano-171542830093757\/","https:\/\/twitter.com\/portalurbanook","https:\/\/www.instagram.com\/_portalurbano\/","https:\/\/www.youtube.com\/channel\/UCXhagIfszH8KxFiOok79zbA?view_as=subscriber"]},{"@type":"Person","@id":"https:\/\/experienciadevida.com.ar\/portalurbano\/#\/schema\/person\/02dd326b1c4b056e9cc972486934a3a7","name":"admpu17wp","image":{"@type":"ImageObject","inLanguage":"es","@id":"https:\/\/experienciadevida.com.ar\/portalurbano\/#\/schema\/person\/image\/","url":"https:\/\/secure.gravatar.com\/avatar\/830d4c57adaae6630765e449a6908047?s=96&d=mm&r=g","contentUrl":"https:\/\/secure.gravatar.com\/avatar\/830d4c57adaae6630765e449a6908047?s=96&d=mm&r=g","caption":"admpu17wp"}}]}},"featured_image_urls":{"full":["https:\/\/experienciadevida.com.ar\/portalurbano\/wp-content\/uploads\/2022\/05\/IMG_20210709_114741_2.jpg",647,480,false],"thumbnail":["https:\/\/experienciadevida.com.ar\/portalurbano\/wp-content\/uploads\/2022\/05\/IMG_20210709_114741_2-150x150.jpg",150,150,true],"medium":["https:\/\/experienciadevida.com.ar\/portalurbano\/wp-content\/uploads\/2022\/05\/IMG_20210709_114741_2-300x223.jpg",300,223,true],"medium_large":["https:\/\/experienciadevida.com.ar\/portalurbano\/wp-content\/uploads\/2022\/05\/IMG_20210709_114741_2.jpg",640,475,false],"large":["https:\/\/experienciadevida.com.ar\/portalurbano\/wp-content\/uploads\/2022\/05\/IMG_20210709_114741_2.jpg",640,475,false],"ug_big":["https:\/\/experienciadevida.com.ar\/portalurbano\/wp-content\/uploads\/2022\/05\/IMG_20210709_114741_2.jpg",647,480,false],"1536x1536":["https:\/\/experienciadevida.com.ar\/portalurbano\/wp-content\/uploads\/2022\/05\/IMG_20210709_114741_2.jpg",647,480,false],"2048x2048":["https:\/\/experienciadevida.com.ar\/portalurbano\/wp-content\/uploads\/2022\/05\/IMG_20210709_114741_2.jpg",647,480,false],"newsever-slider-full":["https:\/\/experienciadevida.com.ar\/portalurbano\/wp-content\/uploads\/2022\/05\/IMG_20210709_114741_2.jpg",647,480,false],"newsever-featured":["https:\/\/experienciadevida.com.ar\/portalurbano\/wp-content\/uploads\/2022\/05\/IMG_20210709_114741_2.jpg",647,480,false],"newsever-medium":["https:\/\/experienciadevida.com.ar\/portalurbano\/wp-content\/uploads\/2022\/05\/IMG_20210709_114741_2.jpg",640,475,false],"web-stories-poster-portrait":["https:\/\/experienciadevida.com.ar\/portalurbano\/wp-content\/uploads\/2022\/05\/IMG_20210709_114741_2.jpg",640,475,false],"web-stories-publisher-logo":["https:\/\/experienciadevida.com.ar\/portalurbano\/wp-content\/uploads\/2022\/05\/IMG_20210709_114741_2.jpg",96,71,false],"web-stories-thumbnail":["https:\/\/experienciadevida.com.ar\/portalurbano\/wp-content\/uploads\/2022\/05\/IMG_20210709_114741_2.jpg",150,111,false]},"author_info":{"display_name":"admpu17wp","author_link":"https:\/\/experienciadevida.com.ar\/portalurbano\/author\/admpu17wp\/"},"category_info":"<a href=\"https:\/\/experienciadevida.com.ar\/portalurbano\/category\/ciudad\/\" rel=\"category tag\">Ciudad<\/a> <a href=\"https:\/\/experienciadevida.com.ar\/portalurbano\/category\/destacadas\/\" rel=\"category tag\">Destacadas<\/a>","tag_info":"Destacadas","comment_count":"0","amp_enabled":true,"_links":{"self":[{"href":"https:\/\/experienciadevida.com.ar\/portalurbano\/wp-json\/wp\/v2\/posts\/168114"}],"collection":[{"href":"https:\/\/experienciadevida.com.ar\/portalurbano\/wp-json\/wp\/v2\/posts"}],"about":[{"href":"https:\/\/experienciadevida.com.ar\/portalurbano\/wp-json\/wp\/v2\/types\/post"}],"author":[{"embeddable":true,"href":"https:\/\/experienciadevida.com.ar\/portalurbano\/wp-json\/wp\/v2\/users\/1"}],"replies":[{"embeddable":true,"href":"https:\/\/experienciadevida.com.ar\/portalurbano\/wp-json\/wp\/v2\/comments?post=168114"}],"version-history":[{"count":3,"href":"https:\/\/experienciadevida.com.ar\/portalurbano\/wp-json\/wp\/v2\/posts\/168114\/revisions"}],"predecessor-version":[{"id":168118,"href":"https:\/\/experienciadevida.com.ar\/portalurbano\/wp-json\/wp\/v2\/posts\/168114\/revisions\/168118"}],"wp:featuredmedia":[{"embeddable":true,"href":"https:\/\/experienciadevida.com.ar\/portalurbano\/wp-json\/wp\/v2\/media\/168115"}],"wp:attachment":[{"href":"https:\/\/experienciadevida.com.ar\/portalurbano\/wp-json\/wp\/v2\/media?parent=168114"}],"wp:term":[{"taxonomy":"category","embeddable":true,"href":"https:\/\/experienciadevida.com.ar\/portalurbano\/wp-json\/wp\/v2\/categories?post=168114"},{"taxonomy":"post_tag","embeddable":true,"href":"https:\/\/experienciadevida.com.ar\/portalurbano\/wp-json\/wp\/v2\/tags?post=168114"}],"curies":[{"name":"wp","href":"https:\/\/api.w.org\/{rel}","templated":true}]}}