{"id":168110,"date":"2022-05-21T20:22:55","date_gmt":"2022-05-21T23:22:55","guid":{"rendered":"https:\/\/experienciadevida.com.ar\/portalurbano\/?p=168110"},"modified":"2022-05-21T20:25:43","modified_gmt":"2022-05-21T23:25:43","slug":"coopelectric-se-reunio-con-ferro-carril-sud-y-la-sociedad-de-fomento-hipolito-yrigoyen","status":"publish","type":"post","link":"https:\/\/experienciadevida.com.ar\/portalurbano\/coopelectric-se-reunio-con-ferro-carril-sud-y-la-sociedad-de-fomento-hipolito-yrigoyen\/","title":{"rendered":"Coopelectric se reunio con Ferro Carril Sud y la sociedad de Fomento Hip\u00f3lito Yrigoyen"},"content":{"rendered":"<p>En el marco del Programa Di\u00e1logos Comunitarios, Coopelectric recibi\u00f3 la visita de los representantes de las Comisiones Directivas del Club Ferro Carril Sud y de la Sociedad de Fomento del barrio Hip\u00f3lito Yrigoyen.<\/p>\n<p>Cada encuentro constituy\u00f3 un espacio de di\u00e1logo en el que se abordaron tem\u00e1ticas institucionales, se brind\u00f3 informaci\u00f3n sobre los Servicios que presta la Cooperativa, se canalizaron consultas e inquietudes y las<br \/>\nentidades se refirieron a los proyectos en los que se encuentran trabajando.<\/p>\n<p>De la primera reuni\u00f3n participaron el presidente del Consejo de Administraci\u00f3n de Coopelectric Cruz Arouxet, el secretario Alberto Miotti, el tesorero Carlos D\u00edaz, el prosecretario Oscar Angeletti, los vocales Jos\u00e9 Mor\u00e1n y Juan Urrutia, el s\u00edndico Horacio Balbiani, el presidente del cuerpo de Delegados Ignacio Pagano, el gerente de Coordinaci\u00f3n Ejecutiva Oscar L\u00f3pez, el presidente de Ferro Carril Sud Roberto Vidal y el vocal Julio<br \/>\nGonz\u00e1lez.<\/p>\n<p>Entre los temas tratados, se destac\u00f3 el proyecto que llevan adelante para la construcci\u00f3n de cuatro canchas de f\u00fatbol en el predio de la entidad ubicado en Av. Pueyrred\u00f3n casi Circunvalaci\u00f3n. \u201cGracias a las gestiones realizadas<br \/>\ncon el Municipio, pudimos volver a disponer de ese predio y planificamos una gran obra\u201d coment\u00f3 Vidal.<\/p>\n<p>En tal sentido, Coopelectric se puso a disposici\u00f3n de la entidad carbonera para colaborar en el estudio lum\u00ednico del proyecto realizando la evaluaci\u00f3n t\u00e9cnica en funci\u00f3n de la potencia que requiera cada cancha.<\/p>\n<p>Al mismo tiempo, Roberto Vidal y Julio Gonz\u00e1lez detallaron el trabajo que se realiza desde la Comisi\u00f3n Directiva, las reformas y tareas de mantenimiento que se est\u00e1n llevando a cabo y el funcionamiento de las diferentes<br \/>\ndisciplinas deportivas que se ofrecen a la comunidad.<\/p>\n<p>En tanto, en la segunda reuni\u00f3n estuvieron presentes Cruz Arouxet, Carlos D\u00edaz, Jos\u00e9 Mor\u00e1n, Juan Urrutia, Ignacio Pagano, Oscar L\u00f3pez, el presidente de la Sociedad de Fomento Hip\u00f3lito Yrigoyen Oscar Atencio y el secretario<br \/>\nRub\u00e9n Bonifacio.<\/p>\n<p>\u201cA trav\u00e9s de las entidades intermedias podemos recibir y dar respuesta a las demandas o consultas de los vecinos de cada barrio, por eso es fundamental fortalecer este espacio de encuentro y que sepan que estamos a su<br \/>\ndisposici\u00f3n para lo que necesiten\u201d expres\u00f3 el titular del Consejo de Administraci\u00f3n de Coopelectric.<\/p>\n<p>El servicio de Alumbrado P\u00fablico fue uno de los temas salientes de la reuni\u00f3n, los fomentistas destacaron el trabajo conjunto que realizan con el \u00e1rea t\u00e9cnica para identificar los artefactos que se encuentran apagados a los efectos de realizar su posterior reparaci\u00f3n. En ese sentido, desde Coopelectric tambi\u00e9n se subray\u00f3 la posibilidad de reclamar v\u00eda WhatsApp a trav\u00e9s del 2284-230707, \u201ces una manera \u00e1gil y sencilla de reclamar, por lo que solicitamos a los asociados que lo agenden como contacto\u201d indicaron.<\/p>\n<p>Finalmente se brind\u00f3 asesoramiento sobre los planes de pago que pueden realizar aquellas familias que se encuentren atravesando una dif\u00edcil situaci\u00f3n socioecon\u00f3mica. \u201cLas puertas de la Cooperativa est\u00e1n abiertas para<br \/>\nacompa\u00f1ar a los asociados, para poder regularizar situaciones de deuda garantizando la prestaci\u00f3n y contemplando la realidad de cada familia\u201d concluyeron.<\/p>\n<p><strong>\u00a0Programa \u201cDi\u00e1logos Comunitarios\u201d<\/strong><\/p>\n<p>El Programa impulsado por Coopelectric, promueve espacios de encuentro con referentes de juntas vecinales, sociedades de fomento, entidades barriales, instituciones deportivas, educativas, asociaciones civiles sin fines de<br \/>\nlucro, ONG\u00b4s, entre otras. Su finalidad consiste en abordar tem\u00e1ticas vinculadas a las prestaciones que brinda Coopelectric, profundizar el v\u00ednculo institucional y acordar acciones de trabajo.<\/p>\n<p>Las entidades interesadas en participar pueden solicitar un encuentro acerc\u00e1ndose de lunes a viernes de 7:30 a 14:30 hs. al \u00e1rea de Secretar\u00eda en la sede de Belgrano N\u00b0 2850 o contact\u00e1ndose a trav\u00e9s de la casilla de correo<br \/>\n<a href=\"https:\/\/webmail.portalurbano.com.ar\/cpsess3168741030\/horde\/imp\/dynamic.php?page=message&amp;buid=17888&amp;mailbox=SU5CT1g&amp;token=j-nLkCckOGAaLQeVfmTk03Z&amp;uniq=1653175022120#\">secretariaadministracion@coopelectric.com.ar\u00a0<\/a><\/p>\n","protected":false},"excerpt":{"rendered":"<p>En el marco del Programa Di\u00e1logos Comunitarios, Coopelectric recibi\u00f3 la visita de los representantes de&#8230;<\/p>\n","protected":false},"author":1,"featured_media":168111,"comment_status":"closed","ping_status":"closed","sticky":false,"template":"","format":"standard","meta":{"content-type":""},"categories":[27,64],"tags":[],"nelio_content":{"isAutoShareEnabled":false,"autoShareEndMode":"default","automationSources":{"useContentSentences":true,"useSocialTemplates":true,"useCustomSentences":false,"customSentences":[]},"followers":[1],"suggestedReferences":[],"includedReferences":["https:\/\/webmail.portalurbano.com.ar\/cpsess3168741030\/horde\/imp\/dynamic.php?page=message&amp;buid=17888&amp;mailbox=SU5CT1g&amp;token=j-nLkCckOGAaLQeVfmTk03Z&amp;uniq=1653175022120#"],"efiUrl":"","efiAlt":"","highlights":[]},"yoast_head":"<!-- This site is optimized with the Yoast SEO plugin v20.7 - https:\/\/yoast.com\/wordpress\/plugins\/seo\/ -->\n<title>Coopelectric se reunio con Ferro Carril Sud y Sociedad de Fomento<\/title>\n<meta name=\"description\" content=\"En el marco del Programa Di\u00e1logos Comunitarios, Coopelectric recibi\u00f3 la visita de los representantes de las Comisiones Directivas\" \/>\n<meta name=\"robots\" content=\"index, follow, max-snippet:-1, max-image-preview:large, max-video-preview:-1\" \/>\n<link rel=\"canonical\" href=\"https:\/\/experienciadevida.com.ar\/portalurbano\/coopelectric-se-reunio-con-ferro-carril-sud-y-la-sociedad-de-fomento-hipolito-yrigoyen\/\" \/>\n<meta property=\"og:locale\" content=\"es_ES\" \/>\n<meta property=\"og:type\" content=\"article\" \/>\n<meta property=\"og:title\" content=\"Coopelectric se reunio con Ferro Carril Sud y Sociedad de Fomento\" \/>\n<meta property=\"og:description\" content=\"En el marco del Programa Di\u00e1logos Comunitarios, Coopelectric recibi\u00f3 la visita de los representantes de las Comisiones Directivas\" \/>\n<meta property=\"og:url\" content=\"https:\/\/experienciadevida.com.ar\/portalurbano\/coopelectric-se-reunio-con-ferro-carril-sud-y-la-sociedad-de-fomento-hipolito-yrigoyen\/\" \/>\n<meta property=\"article:publisher\" content=\"https:\/\/www.facebook.com\/Portal-Urbano-171542830093757\/\" \/>\n<meta property=\"article:published_time\" content=\"2022-05-21T23:22:55+00:00\" \/>\n<meta property=\"article:modified_time\" content=\"2022-05-21T23:25:43+00:00\" \/>\n<meta property=\"og:image\" content=\"https:\/\/experienciadevida.com.ar\/portalurbano\/wp-content\/uploads\/2022\/05\/Reunion-Ferro-Carril-Sud-02-e1653175313988.jpg\" \/>\n\t<meta property=\"og:image:width\" content=\"800\" \/>\n\t<meta property=\"og:image:height\" content=\"600\" \/>\n\t<meta property=\"og:image:type\" content=\"image\/jpeg\" \/>\n<meta name=\"author\" content=\"admpu17wp\" \/>\n<meta name=\"twitter:card\" content=\"summary_large_image\" \/>\n<meta name=\"twitter:creator\" content=\"@portalurbanook\" \/>\n<meta name=\"twitter:site\" content=\"@portalurbanook\" \/>\n<meta name=\"twitter:label1\" content=\"Escrito por\" \/>\n\t<meta name=\"twitter:data1\" content=\"admpu17wp\" \/>\n\t<meta name=\"twitter:label2\" content=\"Tiempo de lectura\" \/>\n\t<meta name=\"twitter:data2\" content=\"3 minutos\" \/>\n<script type=\"application\/ld+json\" class=\"yoast-schema-graph\">{\"@context\":\"https:\/\/schema.org\",\"@graph\":[{\"@type\":\"Article\",\"@id\":\"https:\/\/experienciadevida.com.ar\/portalurbano\/coopelectric-se-reunio-con-ferro-carril-sud-y-la-sociedad-de-fomento-hipolito-yrigoyen\/#article\",\"isPartOf\":{\"@id\":\"https:\/\/experienciadevida.com.ar\/portalurbano\/coopelectric-se-reunio-con-ferro-carril-sud-y-la-sociedad-de-fomento-hipolito-yrigoyen\/\"},\"author\":{\"name\":\"admpu17wp\",\"@id\":\"https:\/\/experienciadevida.com.ar\/portalurbano\/#\/schema\/person\/02dd326b1c4b056e9cc972486934a3a7\"},\"headline\":\"Coopelectric se reunio con Ferro Carril Sud y la sociedad de Fomento Hip\u00f3lito Yrigoyen\",\"datePublished\":\"2022-05-21T23:22:55+00:00\",\"dateModified\":\"2022-05-21T23:25:43+00:00\",\"mainEntityOfPage\":{\"@id\":\"https:\/\/experienciadevida.com.ar\/portalurbano\/coopelectric-se-reunio-con-ferro-carril-sud-y-la-sociedad-de-fomento-hipolito-yrigoyen\/\"},\"wordCount\":658,\"publisher\":{\"@id\":\"https:\/\/experienciadevida.com.ar\/portalurbano\/#organization\"},\"articleSection\":[\"Ciudad\",\"Destacadas 2\"],\"inLanguage\":\"es\"},{\"@type\":\"WebPage\",\"@id\":\"https:\/\/experienciadevida.com.ar\/portalurbano\/coopelectric-se-reunio-con-ferro-carril-sud-y-la-sociedad-de-fomento-hipolito-yrigoyen\/\",\"url\":\"https:\/\/experienciadevida.com.ar\/portalurbano\/coopelectric-se-reunio-con-ferro-carril-sud-y-la-sociedad-de-fomento-hipolito-yrigoyen\/\",\"name\":\"Coopelectric se reunio con Ferro Carril Sud y Sociedad de Fomento\",\"isPartOf\":{\"@id\":\"https:\/\/experienciadevida.com.ar\/portalurbano\/#website\"},\"datePublished\":\"2022-05-21T23:22:55+00:00\",\"dateModified\":\"2022-05-21T23:25:43+00:00\",\"description\":\"En el marco del Programa Di\u00e1logos Comunitarios, Coopelectric recibi\u00f3 la visita de los representantes de las Comisiones Directivas\",\"breadcrumb\":{\"@id\":\"https:\/\/experienciadevida.com.ar\/portalurbano\/coopelectric-se-reunio-con-ferro-carril-sud-y-la-sociedad-de-fomento-hipolito-yrigoyen\/#breadcrumb\"},\"inLanguage\":\"es\",\"potentialAction\":[{\"@type\":\"ReadAction\",\"target\":[\"https:\/\/experienciadevida.com.ar\/portalurbano\/coopelectric-se-reunio-con-ferro-carril-sud-y-la-sociedad-de-fomento-hipolito-yrigoyen\/\"]}]},{\"@type\":\"BreadcrumbList\",\"@id\":\"https:\/\/experienciadevida.com.ar\/portalurbano\/coopelectric-se-reunio-con-ferro-carril-sud-y-la-sociedad-de-fomento-hipolito-yrigoyen\/#breadcrumb\",\"itemListElement\":[{\"@type\":\"ListItem\",\"position\":1,\"name\":\"Portada\",\"item\":\"https:\/\/experienciadevida.com.ar\/portalurbano\/\"},{\"@type\":\"ListItem\",\"position\":2,\"name\":\"Coopelectric se reunio con Ferro Carril Sud y la sociedad de Fomento Hip\u00f3lito Yrigoyen\"}]},{\"@type\":\"WebSite\",\"@id\":\"https:\/\/experienciadevida.com.ar\/portalurbano\/#website\",\"url\":\"https:\/\/experienciadevida.com.ar\/portalurbano\/\",\"name\":\"\",\"description\":\"\",\"publisher\":{\"@id\":\"https:\/\/experienciadevida.com.ar\/portalurbano\/#organization\"},\"potentialAction\":[{\"@type\":\"SearchAction\",\"target\":{\"@type\":\"EntryPoint\",\"urlTemplate\":\"https:\/\/experienciadevida.com.ar\/portalurbano\/?s={search_term_string}\"},\"query-input\":\"required name=search_term_string\"}],\"inLanguage\":\"es\"},{\"@type\":\"Organization\",\"@id\":\"https:\/\/experienciadevida.com.ar\/portalurbano\/#organization\",\"name\":\"Portal Urbano\",\"url\":\"https:\/\/experienciadevida.com.ar\/portalurbano\/\",\"logo\":{\"@type\":\"ImageObject\",\"inLanguage\":\"es\",\"@id\":\"https:\/\/experienciadevida.com.ar\/portalurbano\/#\/schema\/logo\/image\/\",\"url\":\"https:\/\/experienciadevida.com.ar\/portalurbano\/wp-content\/uploads\/2019\/09\/Logo-Original.png\",\"contentUrl\":\"https:\/\/experienciadevida.com.ar\/portalurbano\/wp-content\/uploads\/2019\/09\/Logo-Original.png\",\"width\":2236,\"height\":1216,\"caption\":\"Portal Urbano\"},\"image\":{\"@id\":\"https:\/\/experienciadevida.com.ar\/portalurbano\/#\/schema\/logo\/image\/\"},\"sameAs\":[\"https:\/\/www.facebook.com\/Portal-Urbano-171542830093757\/\",\"https:\/\/twitter.com\/portalurbanook\",\"https:\/\/www.instagram.com\/_portalurbano\/\",\"https:\/\/www.youtube.com\/channel\/UCXhagIfszH8KxFiOok79zbA?view_as=subscriber\"]},{\"@type\":\"Person\",\"@id\":\"https:\/\/experienciadevida.com.ar\/portalurbano\/#\/schema\/person\/02dd326b1c4b056e9cc972486934a3a7\",\"name\":\"admpu17wp\",\"image\":{\"@type\":\"ImageObject\",\"inLanguage\":\"es\",\"@id\":\"https:\/\/experienciadevida.com.ar\/portalurbano\/#\/schema\/person\/image\/\",\"url\":\"https:\/\/secure.gravatar.com\/avatar\/830d4c57adaae6630765e449a6908047?s=96&d=mm&r=g\",\"contentUrl\":\"https:\/\/secure.gravatar.com\/avatar\/830d4c57adaae6630765e449a6908047?s=96&d=mm&r=g\",\"caption\":\"admpu17wp\"}}]}<\/script>\n<!-- \/ Yoast SEO plugin. -->","yoast_head_json":{"title":"Coopelectric se reunio con Ferro Carril Sud y Sociedad de Fomento","description":"En el marco del Programa Di\u00e1logos Comunitarios, Coopelectric recibi\u00f3 la visita de los representantes de las Comisiones Directivas","robots":{"index":"index","follow":"follow","max-snippet":"max-snippet:-1","max-image-preview":"max-image-preview:large","max-video-preview":"max-video-preview:-1"},"canonical":"https:\/\/experienciadevida.com.ar\/portalurbano\/coopelectric-se-reunio-con-ferro-carril-sud-y-la-sociedad-de-fomento-hipolito-yrigoyen\/","og_locale":"es_ES","og_type":"article","og_title":"Coopelectric se reunio con Ferro Carril Sud y Sociedad de Fomento","og_description":"En el marco del Programa Di\u00e1logos Comunitarios, Coopelectric recibi\u00f3 la visita de los representantes de las Comisiones Directivas","og_url":"https:\/\/experienciadevida.com.ar\/portalurbano\/coopelectric-se-reunio-con-ferro-carril-sud-y-la-sociedad-de-fomento-hipolito-yrigoyen\/","article_publisher":"https:\/\/www.facebook.com\/Portal-Urbano-171542830093757\/","article_published_time":"2022-05-21T23:22:55+00:00","article_modified_time":"2022-05-21T23:25:43+00:00","og_image":[{"width":800,"height":600,"url":"https:\/\/experienciadevida.com.ar\/portalurbano\/wp-content\/uploads\/2022\/05\/Reunion-Ferro-Carril-Sud-02-e1653175313988.jpg","type":"image\/jpeg"}],"author":"admpu17wp","twitter_card":"summary_large_image","twitter_creator":"@portalurbanook","twitter_site":"@portalurbanook","twitter_misc":{"Escrito por":"admpu17wp","Tiempo de lectura":"3 minutos"},"schema":{"@context":"https:\/\/schema.org","@graph":[{"@type":"Article","@id":"https:\/\/experienciadevida.com.ar\/portalurbano\/coopelectric-se-reunio-con-ferro-carril-sud-y-la-sociedad-de-fomento-hipolito-yrigoyen\/#article","isPartOf":{"@id":"https:\/\/experienciadevida.com.ar\/portalurbano\/coopelectric-se-reunio-con-ferro-carril-sud-y-la-sociedad-de-fomento-hipolito-yrigoyen\/"},"author":{"name":"admpu17wp","@id":"https:\/\/experienciadevida.com.ar\/portalurbano\/#\/schema\/person\/02dd326b1c4b056e9cc972486934a3a7"},"headline":"Coopelectric se reunio con Ferro Carril Sud y la sociedad de Fomento Hip\u00f3lito Yrigoyen","datePublished":"2022-05-21T23:22:55+00:00","dateModified":"2022-05-21T23:25:43+00:00","mainEntityOfPage":{"@id":"https:\/\/experienciadevida.com.ar\/portalurbano\/coopelectric-se-reunio-con-ferro-carril-sud-y-la-sociedad-de-fomento-hipolito-yrigoyen\/"},"wordCount":658,"publisher":{"@id":"https:\/\/experienciadevida.com.ar\/portalurbano\/#organization"},"articleSection":["Ciudad","Destacadas 2"],"inLanguage":"es"},{"@type":"WebPage","@id":"https:\/\/experienciadevida.com.ar\/portalurbano\/coopelectric-se-reunio-con-ferro-carril-sud-y-la-sociedad-de-fomento-hipolito-yrigoyen\/","url":"https:\/\/experienciadevida.com.ar\/portalurbano\/coopelectric-se-reunio-con-ferro-carril-sud-y-la-sociedad-de-fomento-hipolito-yrigoyen\/","name":"Coopelectric se reunio con Ferro Carril Sud y Sociedad de Fomento","isPartOf":{"@id":"https:\/\/experienciadevida.com.ar\/portalurbano\/#website"},"datePublished":"2022-05-21T23:22:55+00:00","dateModified":"2022-05-21T23:25:43+00:00","description":"En el marco del Programa Di\u00e1logos Comunitarios, Coopelectric recibi\u00f3 la visita de los representantes de las Comisiones Directivas","breadcrumb":{"@id":"https:\/\/experienciadevida.com.ar\/portalurbano\/coopelectric-se-reunio-con-ferro-carril-sud-y-la-sociedad-de-fomento-hipolito-yrigoyen\/#breadcrumb"},"inLanguage":"es","potentialAction":[{"@type":"ReadAction","target":["https:\/\/experienciadevida.com.ar\/portalurbano\/coopelectric-se-reunio-con-ferro-carril-sud-y-la-sociedad-de-fomento-hipolito-yrigoyen\/"]}]},{"@type":"BreadcrumbList","@id":"https:\/\/experienciadevida.com.ar\/portalurbano\/coopelectric-se-reunio-con-ferro-carril-sud-y-la-sociedad-de-fomento-hipolito-yrigoyen\/#breadcrumb","itemListElement":[{"@type":"ListItem","position":1,"name":"Portada","item":"https:\/\/experienciadevida.com.ar\/portalurbano\/"},{"@type":"ListItem","position":2,"name":"Coopelectric se reunio con Ferro Carril Sud y la sociedad de Fomento Hip\u00f3lito Yrigoyen"}]},{"@type":"WebSite","@id":"https:\/\/experienciadevida.com.ar\/portalurbano\/#website","url":"https:\/\/experienciadevida.com.ar\/portalurbano\/","name":"","description":"","publisher":{"@id":"https:\/\/experienciadevida.com.ar\/portalurbano\/#organization"},"potentialAction":[{"@type":"SearchAction","target":{"@type":"EntryPoint","urlTemplate":"https:\/\/experienciadevida.com.ar\/portalurbano\/?s={search_term_string}"},"query-input":"required name=search_term_string"}],"inLanguage":"es"},{"@type":"Organization","@id":"https:\/\/experienciadevida.com.ar\/portalurbano\/#organization","name":"Portal Urbano","url":"https:\/\/experienciadevida.com.ar\/portalurbano\/","logo":{"@type":"ImageObject","inLanguage":"es","@id":"https:\/\/experienciadevida.com.ar\/portalurbano\/#\/schema\/logo\/image\/","url":"https:\/\/experienciadevida.com.ar\/portalurbano\/wp-content\/uploads\/2019\/09\/Logo-Original.png","contentUrl":"https:\/\/experienciadevida.com.ar\/portalurbano\/wp-content\/uploads\/2019\/09\/Logo-Original.png","width":2236,"height":1216,"caption":"Portal Urbano"},"image":{"@id":"https:\/\/experienciadevida.com.ar\/portalurbano\/#\/schema\/logo\/image\/"},"sameAs":["https:\/\/www.facebook.com\/Portal-Urbano-171542830093757\/","https:\/\/twitter.com\/portalurbanook","https:\/\/www.instagram.com\/_portalurbano\/","https:\/\/www.youtube.com\/channel\/UCXhagIfszH8KxFiOok79zbA?view_as=subscriber"]},{"@type":"Person","@id":"https:\/\/experienciadevida.com.ar\/portalurbano\/#\/schema\/person\/02dd326b1c4b056e9cc972486934a3a7","name":"admpu17wp","image":{"@type":"ImageObject","inLanguage":"es","@id":"https:\/\/experienciadevida.com.ar\/portalurbano\/#\/schema\/person\/image\/","url":"https:\/\/secure.gravatar.com\/avatar\/830d4c57adaae6630765e449a6908047?s=96&d=mm&r=g","contentUrl":"https:\/\/secure.gravatar.com\/avatar\/830d4c57adaae6630765e449a6908047?s=96&d=mm&r=g","caption":"admpu17wp"}}]}},"featured_image_urls":{"full":["https:\/\/experienciadevida.com.ar\/portalurbano\/wp-content\/uploads\/2022\/05\/Reunion-Ferro-Carril-Sud-02-e1653175313988.jpg",800,600,false],"thumbnail":["https:\/\/experienciadevida.com.ar\/portalurbano\/wp-content\/uploads\/2022\/05\/Reunion-Ferro-Carril-Sud-02-150x150.jpg",150,150,true],"medium":["https:\/\/experienciadevida.com.ar\/portalurbano\/wp-content\/uploads\/2022\/05\/Reunion-Ferro-Carril-Sud-02-300x225.jpg",300,225,true],"medium_large":["https:\/\/experienciadevida.com.ar\/portalurbano\/wp-content\/uploads\/2022\/05\/Reunion-Ferro-Carril-Sud-02-768x576.jpg",640,480,true],"large":["https:\/\/experienciadevida.com.ar\/portalurbano\/wp-content\/uploads\/2022\/05\/Reunion-Ferro-Carril-Sud-02-1024x768.jpg",640,480,true],"ug_big":["https:\/\/experienciadevida.com.ar\/portalurbano\/wp-content\/uploads\/2022\/05\/Reunion-Ferro-Carril-Sud-02-768x576.jpg",768,576,true],"1536x1536":["https:\/\/experienciadevida.com.ar\/portalurbano\/wp-content\/uploads\/2022\/05\/Reunion-Ferro-Carril-Sud-02-1536x1152.jpg",1536,1152,true],"2048x2048":["https:\/\/experienciadevida.com.ar\/portalurbano\/wp-content\/uploads\/2022\/05\/Reunion-Ferro-Carril-Sud-02-e1653175313988.jpg",800,600,false],"newsever-slider-full":["https:\/\/experienciadevida.com.ar\/portalurbano\/wp-content\/uploads\/2022\/05\/Reunion-Ferro-Carril-Sud-02-e1653175313988.jpg",800,600,false],"newsever-featured":["https:\/\/experienciadevida.com.ar\/portalurbano\/wp-content\/uploads\/2022\/05\/Reunion-Ferro-Carril-Sud-02-e1653175313988.jpg",800,600,false],"newsever-medium":["https:\/\/experienciadevida.com.ar\/portalurbano\/wp-content\/uploads\/2022\/05\/Reunion-Ferro-Carril-Sud-02-e1653175313988.jpg",633,475,false],"web-stories-poster-portrait":["https:\/\/experienciadevida.com.ar\/portalurbano\/wp-content\/uploads\/2022\/05\/Reunion-Ferro-Carril-Sud-02-e1653175313988.jpg",640,480,false],"web-stories-publisher-logo":["https:\/\/experienciadevida.com.ar\/portalurbano\/wp-content\/uploads\/2022\/05\/Reunion-Ferro-Carril-Sud-02-e1653175313988.jpg",96,72,false],"web-stories-thumbnail":["https:\/\/experienciadevida.com.ar\/portalurbano\/wp-content\/uploads\/2022\/05\/Reunion-Ferro-Carril-Sud-02-e1653175313988.jpg",150,113,false]},"author_info":{"display_name":"admpu17wp","author_link":"https:\/\/experienciadevida.com.ar\/portalurbano\/author\/admpu17wp\/"},"category_info":"<a href=\"https:\/\/experienciadevida.com.ar\/portalurbano\/category\/ciudad\/\" rel=\"category tag\">Ciudad<\/a> <a href=\"https:\/\/experienciadevida.com.ar\/portalurbano\/category\/destacadas-2\/\" rel=\"category tag\">Destacadas 2<\/a>","tag_info":"Destacadas 2","comment_count":"0","amp_enabled":true,"_links":{"self":[{"href":"https:\/\/experienciadevida.com.ar\/portalurbano\/wp-json\/wp\/v2\/posts\/168110"}],"collection":[{"href":"https:\/\/experienciadevida.com.ar\/portalurbano\/wp-json\/wp\/v2\/posts"}],"about":[{"href":"https:\/\/experienciadevida.com.ar\/portalurbano\/wp-json\/wp\/v2\/types\/post"}],"author":[{"embeddable":true,"href":"https:\/\/experienciadevida.com.ar\/portalurbano\/wp-json\/wp\/v2\/users\/1"}],"replies":[{"embeddable":true,"href":"https:\/\/experienciadevida.com.ar\/portalurbano\/wp-json\/wp\/v2\/comments?post=168110"}],"version-history":[{"count":1,"href":"https:\/\/experienciadevida.com.ar\/portalurbano\/wp-json\/wp\/v2\/posts\/168110\/revisions"}],"predecessor-version":[{"id":168112,"href":"https:\/\/experienciadevida.com.ar\/portalurbano\/wp-json\/wp\/v2\/posts\/168110\/revisions\/168112"}],"wp:featuredmedia":[{"embeddable":true,"href":"https:\/\/experienciadevida.com.ar\/portalurbano\/wp-json\/wp\/v2\/media\/168111"}],"wp:attachment":[{"href":"https:\/\/experienciadevida.com.ar\/portalurbano\/wp-json\/wp\/v2\/media?parent=168110"}],"wp:term":[{"taxonomy":"category","embeddable":true,"href":"https:\/\/experienciadevida.com.ar\/portalurbano\/wp-json\/wp\/v2\/categories?post=168110"},{"taxonomy":"post_tag","embeddable":true,"href":"https:\/\/experienciadevida.com.ar\/portalurbano\/wp-json\/wp\/v2\/tags?post=168110"}],"curies":[{"name":"wp","href":"https:\/\/api.w.org\/{rel}","templated":true}]}}