{"id":168083,"date":"2022-05-21T10:40:28","date_gmt":"2022-05-21T13:40:28","guid":{"rendered":"https:\/\/experienciadevida.com.ar\/portalurbano\/?p=168083"},"modified":"2022-05-21T10:52:23","modified_gmt":"2022-05-21T13:52:23","slug":"reconociendo-a-sus-afiliados-el-ceco-celebro-su-aniversario","status":"publish","type":"post","link":"https:\/\/experienciadevida.com.ar\/portalurbano\/reconociendo-a-sus-afiliados-el-ceco-celebro-su-aniversario\/","title":{"rendered":"Reconociendo a sus afiliados el CECO celebr\u00f3 su aniversario"},"content":{"rendered":"<p>Reconociendo a sus afiliados el <a href=\"https:\/\/www.facebook.com\/CECOOlavarria\">CECO<\/a> celebr\u00f3 su aniversario, aquellos con m\u00e1s de 25 a\u00f1os y dio por finalizada la<br \/>\nmuestra sobre Evita \u201cMaravillosa Furia\u201d.<\/p>\n<p><a href=\"https:\/\/experienciadevida.com.ar\/portalurbano\/reconociendo-a-sus-afiliados-el-ceco-celebro-su-aniversario\/reconociendo\/\" rel=\"attachment wp-att-168085\"><img decoding=\"async\" class=\"alignnone size-large wp-image-168085\" src=\"https:\/\/experienciadevida.com.ar\/portalurbano\/wp-content\/uploads\/2022\/05\/Reconociendo-1024x682.jpeg\" alt=\"Reconociendo \" width=\"900\" height=\"599\" srcset=\"https:\/\/experienciadevida.com.ar\/portalurbano\/wp-content\/uploads\/2022\/05\/Reconociendo-1024x682.jpeg 1024w, https:\/\/experienciadevida.com.ar\/portalurbano\/wp-content\/uploads\/2022\/05\/Reconociendo-300x200.jpeg 300w, https:\/\/experienciadevida.com.ar\/portalurbano\/wp-content\/uploads\/2022\/05\/Reconociendo-768x512.jpeg 768w, https:\/\/experienciadevida.com.ar\/portalurbano\/wp-content\/uploads\/2022\/05\/Reconociendo.jpeg 1280w\" sizes=\"(max-width: 900px) 100vw, 900px\" \/><\/a><\/p>\n<p>El Centro Empleados de Comercio Olavarr\u00eda (CECO) celebr\u00f3 el martes su 119\u00ba aniversario en defensa de los empleados y empleadas mercantiles de nuestra ciudad. El gremio fundado el 17 de mayo de 1903 contin\u00faa trabajando constantemente en m\u00e1s y mejores servicios para los trabajadores y trabajadoras mercantiles de Olavarr\u00eda, Laprida, y La Madrid.<\/p>\n<p>Con el objetivo de destacar la labor desarrollada por los empleados y empleadas de comercio con m\u00e1s de 25 a\u00f1os de afiliaci\u00f3n se llev\u00f3 a cabo desde las 13 horas un acto donde se le brind\u00f3 un reconocimiento a los hombres y mujeres que est\u00e1n afiliados con anterioridad al a\u00f1o 1997. En el segundo piso del CECO se reunieron cerca de un centenar de agasajados junto a la comisi\u00f3n directiva mercantil para hacerles entrega de un presente en reconocimiento por acompa\u00f1ar solidariamente la trayectoria del sindicato en los \u00faltimos 25 a\u00f1os.<\/p>\n<p>Miguel Santell\u00e1n Secretario General del gremio se manifest\u00f3 respecto a estas modificaciones en el estatuto \u201cNosotros hac\u00eda tiempo que ten\u00edamos la necesidad de reformar los estatutos para permitir mayor participaci\u00f3n y<br \/>\nmayor inclusi\u00f3n para los trabajadores y trabajadoras. Tener mayor acci\u00f3n para defender a nuestros trabajadores y trabajadoras y poder llevar adelante todas las tareas\u201d.<\/p>\n<p>\u201cLa participaci\u00f3n, la solidaridad y el compromiso con el trabajo es lo que nosotros tratamos de plasmar en el Estatuto y tambi\u00e9n en la conciencia de cada empleado y empleada de comercio\u201d expres\u00f3 el dirigente mercantil,<br \/>\nen un clima de mucha emoci\u00f3n y alegr\u00eda junto a los hombres y mujeres que recibieron su merecido reconocimiento. M\u00e1s de 150 trabajadores de Olavarr\u00eda, Laprida y La Madrid cumplieron m\u00e1s de 25 a\u00f1os acompa\u00f1ados por el<br \/>\nCentro Empleados de Comercio.<\/p>\n<p>Reconociendo a sus afiliados el CECO celebr\u00f3 su aniversario, con la presencia de la artista pl\u00e1stica Mar\u00eda de los \u00c1ngeles Crovetto, finaliz\u00f3 la muestra inspirada en la figura de Evita, que se exhibi\u00f3 en el Centro Empleados de Comercio de Olavarr\u00eda con entrada libre y gratuita, en el marco del aniversario del gremio mercantil. \u201cElegimos recordar a lo largo de este mes aniversario a la enorme figura de Eva Duarte de Per\u00f3n, siempre cercana a los m\u00e1s humildes, a los trabajadores y trabajadoras y fundamentalmente a las luchas de los sindicatos\u201d manifest\u00f3 Santell\u00e1n.<\/p>\n<p>Reconociendo a sus afiliados el CECO celebr\u00f3 su aniversario, a lo largo de los d\u00edas en que estuvo expuesta la muestra asistieron trabajadores y trabajadoras de comercio, alumnos de distintas escuelas secundarias de la ciudad, del Plan FINES, del los Centros de Formaci\u00f3n Profesional y vecinos y vecinas de Olavarr\u00eda. La muestra \u201cMaravillosa<br \/>\nfuria\u201d est\u00e1 centrada en la figura ineludible de Evita, un fen\u00f3meno como todo el movimiento Peronista que atraves\u00f3 la vida de los argentinos y argentinas.<\/p>\n<p>Bajo esa l\u00ednea, en su propuesta Crovetto traza pinceladas de emociones en torno al encuentro de la \u201cabanderada de los humildes\u201d con el Pueblo y los ni\u00f1os, que en un sentimiento rec\u00edproco la abrazan y trascienden fraternalmente. La muestra que se expuso en el CECO, ya hab\u00eda estado exhibida en el Congreso de la Naci\u00f3n entre otros espacios p\u00fablicos del pa\u00eds.<\/p>\n<p>&nbsp;<\/p>\n","protected":false},"excerpt":{"rendered":"<p>Reconociendo a sus afiliados el CECO celebr\u00f3 su aniversario, aquellos con m\u00e1s de 25 a\u00f1os&#8230;<\/p>\n","protected":false},"author":1,"featured_media":168084,"comment_status":"closed","ping_status":"closed","sticky":false,"template":"","format":"standard","meta":{"content-type":""},"categories":[27],"tags":[],"nelio_content":{"isAutoShareEnabled":false,"autoShareEndMode":"default","automationSources":{"useContentSentences":true,"useSocialTemplates":true,"useCustomSentences":false,"customSentences":[]},"followers":[1],"suggestedReferences":[],"includedReferences":[],"efiUrl":"","efiAlt":"","highlights":[]},"yoast_head":"<!-- This site is optimized with the Yoast SEO plugin v20.7 - https:\/\/yoast.com\/wordpress\/plugins\/seo\/ -->\n<title>Reconociendo a sus afiliados el CECO celebr\u00f3 su aniversario<\/title>\n<meta name=\"description\" content=\"Reconociendo a sus afiliados el CECO celebr\u00f3 su aniversario, aquellos con m\u00e1s de 25 a\u00f1os y dio por finalizada la muestra\" \/>\n<meta name=\"robots\" content=\"index, follow, max-snippet:-1, max-image-preview:large, max-video-preview:-1\" \/>\n<link rel=\"canonical\" href=\"https:\/\/experienciadevida.com.ar\/portalurbano\/reconociendo-a-sus-afiliados-el-ceco-celebro-su-aniversario\/\" \/>\n<meta property=\"og:locale\" content=\"es_ES\" \/>\n<meta property=\"og:type\" content=\"article\" \/>\n<meta property=\"og:title\" content=\"Reconociendo a sus afiliados el CECO celebr\u00f3 su aniversario\" \/>\n<meta property=\"og:description\" content=\"Reconociendo a sus afiliados el CECO celebr\u00f3 su aniversario, aquellos con m\u00e1s de 25 a\u00f1os y dio por finalizada la muestra\" \/>\n<meta property=\"og:url\" content=\"https:\/\/experienciadevida.com.ar\/portalurbano\/reconociendo-a-sus-afiliados-el-ceco-celebro-su-aniversario\/\" \/>\n<meta property=\"article:publisher\" content=\"https:\/\/www.facebook.com\/Portal-Urbano-171542830093757\/\" \/>\n<meta property=\"article:published_time\" content=\"2022-05-21T13:40:28+00:00\" \/>\n<meta property=\"article:modified_time\" content=\"2022-05-21T13:52:23+00:00\" \/>\n<meta property=\"og:image\" content=\"https:\/\/experienciadevida.com.ar\/portalurbano\/wp-content\/uploads\/2022\/05\/Reconociendo-a-sus-afiliados.jpeg\" \/>\n\t<meta property=\"og:image:width\" content=\"1280\" \/>\n\t<meta property=\"og:image:height\" content=\"374\" \/>\n\t<meta property=\"og:image:type\" content=\"image\/jpeg\" \/>\n<meta name=\"author\" content=\"admpu17wp\" \/>\n<meta name=\"twitter:card\" content=\"summary_large_image\" \/>\n<meta name=\"twitter:creator\" content=\"@portalurbanook\" \/>\n<meta name=\"twitter:site\" content=\"@portalurbanook\" \/>\n<meta name=\"twitter:label1\" content=\"Escrito por\" \/>\n\t<meta name=\"twitter:data1\" content=\"admpu17wp\" \/>\n\t<meta name=\"twitter:label2\" content=\"Tiempo de lectura\" \/>\n\t<meta name=\"twitter:data2\" content=\"3 minutos\" \/>\n<script type=\"application\/ld+json\" class=\"yoast-schema-graph\">{\"@context\":\"https:\/\/schema.org\",\"@graph\":[{\"@type\":\"Article\",\"@id\":\"https:\/\/experienciadevida.com.ar\/portalurbano\/reconociendo-a-sus-afiliados-el-ceco-celebro-su-aniversario\/#article\",\"isPartOf\":{\"@id\":\"https:\/\/experienciadevida.com.ar\/portalurbano\/reconociendo-a-sus-afiliados-el-ceco-celebro-su-aniversario\/\"},\"author\":{\"name\":\"admpu17wp\",\"@id\":\"https:\/\/experienciadevida.com.ar\/portalurbano\/#\/schema\/person\/02dd326b1c4b056e9cc972486934a3a7\"},\"headline\":\"Reconociendo a sus afiliados el CECO celebr\u00f3 su aniversario\",\"datePublished\":\"2022-05-21T13:40:28+00:00\",\"dateModified\":\"2022-05-21T13:52:23+00:00\",\"mainEntityOfPage\":{\"@id\":\"https:\/\/experienciadevida.com.ar\/portalurbano\/reconociendo-a-sus-afiliados-el-ceco-celebro-su-aniversario\/\"},\"wordCount\":579,\"publisher\":{\"@id\":\"https:\/\/experienciadevida.com.ar\/portalurbano\/#organization\"},\"articleSection\":[\"Ciudad\"],\"inLanguage\":\"es\"},{\"@type\":\"WebPage\",\"@id\":\"https:\/\/experienciadevida.com.ar\/portalurbano\/reconociendo-a-sus-afiliados-el-ceco-celebro-su-aniversario\/\",\"url\":\"https:\/\/experienciadevida.com.ar\/portalurbano\/reconociendo-a-sus-afiliados-el-ceco-celebro-su-aniversario\/\",\"name\":\"Reconociendo a sus afiliados el CECO celebr\u00f3 su aniversario\",\"isPartOf\":{\"@id\":\"https:\/\/experienciadevida.com.ar\/portalurbano\/#website\"},\"datePublished\":\"2022-05-21T13:40:28+00:00\",\"dateModified\":\"2022-05-21T13:52:23+00:00\",\"description\":\"Reconociendo a sus afiliados el CECO celebr\u00f3 su aniversario, aquellos con m\u00e1s de 25 a\u00f1os y dio por finalizada la muestra\",\"breadcrumb\":{\"@id\":\"https:\/\/experienciadevida.com.ar\/portalurbano\/reconociendo-a-sus-afiliados-el-ceco-celebro-su-aniversario\/#breadcrumb\"},\"inLanguage\":\"es\",\"potentialAction\":[{\"@type\":\"ReadAction\",\"target\":[\"https:\/\/experienciadevida.com.ar\/portalurbano\/reconociendo-a-sus-afiliados-el-ceco-celebro-su-aniversario\/\"]}]},{\"@type\":\"BreadcrumbList\",\"@id\":\"https:\/\/experienciadevida.com.ar\/portalurbano\/reconociendo-a-sus-afiliados-el-ceco-celebro-su-aniversario\/#breadcrumb\",\"itemListElement\":[{\"@type\":\"ListItem\",\"position\":1,\"name\":\"Portada\",\"item\":\"https:\/\/experienciadevida.com.ar\/portalurbano\/\"},{\"@type\":\"ListItem\",\"position\":2,\"name\":\"Reconociendo a sus afiliados el CECO celebr\u00f3 su aniversario\"}]},{\"@type\":\"WebSite\",\"@id\":\"https:\/\/experienciadevida.com.ar\/portalurbano\/#website\",\"url\":\"https:\/\/experienciadevida.com.ar\/portalurbano\/\",\"name\":\"\",\"description\":\"\",\"publisher\":{\"@id\":\"https:\/\/experienciadevida.com.ar\/portalurbano\/#organization\"},\"potentialAction\":[{\"@type\":\"SearchAction\",\"target\":{\"@type\":\"EntryPoint\",\"urlTemplate\":\"https:\/\/experienciadevida.com.ar\/portalurbano\/?s={search_term_string}\"},\"query-input\":\"required name=search_term_string\"}],\"inLanguage\":\"es\"},{\"@type\":\"Organization\",\"@id\":\"https:\/\/experienciadevida.com.ar\/portalurbano\/#organization\",\"name\":\"Portal Urbano\",\"url\":\"https:\/\/experienciadevida.com.ar\/portalurbano\/\",\"logo\":{\"@type\":\"ImageObject\",\"inLanguage\":\"es\",\"@id\":\"https:\/\/experienciadevida.com.ar\/portalurbano\/#\/schema\/logo\/image\/\",\"url\":\"https:\/\/experienciadevida.com.ar\/portalurbano\/wp-content\/uploads\/2019\/09\/Logo-Original.png\",\"contentUrl\":\"https:\/\/experienciadevida.com.ar\/portalurbano\/wp-content\/uploads\/2019\/09\/Logo-Original.png\",\"width\":2236,\"height\":1216,\"caption\":\"Portal Urbano\"},\"image\":{\"@id\":\"https:\/\/experienciadevida.com.ar\/portalurbano\/#\/schema\/logo\/image\/\"},\"sameAs\":[\"https:\/\/www.facebook.com\/Portal-Urbano-171542830093757\/\",\"https:\/\/twitter.com\/portalurbanook\",\"https:\/\/www.instagram.com\/_portalurbano\/\",\"https:\/\/www.youtube.com\/channel\/UCXhagIfszH8KxFiOok79zbA?view_as=subscriber\"]},{\"@type\":\"Person\",\"@id\":\"https:\/\/experienciadevida.com.ar\/portalurbano\/#\/schema\/person\/02dd326b1c4b056e9cc972486934a3a7\",\"name\":\"admpu17wp\",\"image\":{\"@type\":\"ImageObject\",\"inLanguage\":\"es\",\"@id\":\"https:\/\/experienciadevida.com.ar\/portalurbano\/#\/schema\/person\/image\/\",\"url\":\"https:\/\/secure.gravatar.com\/avatar\/830d4c57adaae6630765e449a6908047?s=96&d=mm&r=g\",\"contentUrl\":\"https:\/\/secure.gravatar.com\/avatar\/830d4c57adaae6630765e449a6908047?s=96&d=mm&r=g\",\"caption\":\"admpu17wp\"}}]}<\/script>\n<!-- \/ Yoast SEO plugin. -->","yoast_head_json":{"title":"Reconociendo a sus afiliados el CECO celebr\u00f3 su aniversario","description":"Reconociendo a sus afiliados el CECO celebr\u00f3 su aniversario, aquellos con m\u00e1s de 25 a\u00f1os y dio por finalizada la muestra","robots":{"index":"index","follow":"follow","max-snippet":"max-snippet:-1","max-image-preview":"max-image-preview:large","max-video-preview":"max-video-preview:-1"},"canonical":"https:\/\/experienciadevida.com.ar\/portalurbano\/reconociendo-a-sus-afiliados-el-ceco-celebro-su-aniversario\/","og_locale":"es_ES","og_type":"article","og_title":"Reconociendo a sus afiliados el CECO celebr\u00f3 su aniversario","og_description":"Reconociendo a sus afiliados el CECO celebr\u00f3 su aniversario, aquellos con m\u00e1s de 25 a\u00f1os y dio por finalizada la muestra","og_url":"https:\/\/experienciadevida.com.ar\/portalurbano\/reconociendo-a-sus-afiliados-el-ceco-celebro-su-aniversario\/","article_publisher":"https:\/\/www.facebook.com\/Portal-Urbano-171542830093757\/","article_published_time":"2022-05-21T13:40:28+00:00","article_modified_time":"2022-05-21T13:52:23+00:00","og_image":[{"width":1280,"height":374,"url":"https:\/\/experienciadevida.com.ar\/portalurbano\/wp-content\/uploads\/2022\/05\/Reconociendo-a-sus-afiliados.jpeg","type":"image\/jpeg"}],"author":"admpu17wp","twitter_card":"summary_large_image","twitter_creator":"@portalurbanook","twitter_site":"@portalurbanook","twitter_misc":{"Escrito por":"admpu17wp","Tiempo de lectura":"3 minutos"},"schema":{"@context":"https:\/\/schema.org","@graph":[{"@type":"Article","@id":"https:\/\/experienciadevida.com.ar\/portalurbano\/reconociendo-a-sus-afiliados-el-ceco-celebro-su-aniversario\/#article","isPartOf":{"@id":"https:\/\/experienciadevida.com.ar\/portalurbano\/reconociendo-a-sus-afiliados-el-ceco-celebro-su-aniversario\/"},"author":{"name":"admpu17wp","@id":"https:\/\/experienciadevida.com.ar\/portalurbano\/#\/schema\/person\/02dd326b1c4b056e9cc972486934a3a7"},"headline":"Reconociendo a sus afiliados el CECO celebr\u00f3 su aniversario","datePublished":"2022-05-21T13:40:28+00:00","dateModified":"2022-05-21T13:52:23+00:00","mainEntityOfPage":{"@id":"https:\/\/experienciadevida.com.ar\/portalurbano\/reconociendo-a-sus-afiliados-el-ceco-celebro-su-aniversario\/"},"wordCount":579,"publisher":{"@id":"https:\/\/experienciadevida.com.ar\/portalurbano\/#organization"},"articleSection":["Ciudad"],"inLanguage":"es"},{"@type":"WebPage","@id":"https:\/\/experienciadevida.com.ar\/portalurbano\/reconociendo-a-sus-afiliados-el-ceco-celebro-su-aniversario\/","url":"https:\/\/experienciadevida.com.ar\/portalurbano\/reconociendo-a-sus-afiliados-el-ceco-celebro-su-aniversario\/","name":"Reconociendo a sus afiliados el CECO celebr\u00f3 su aniversario","isPartOf":{"@id":"https:\/\/experienciadevida.com.ar\/portalurbano\/#website"},"datePublished":"2022-05-21T13:40:28+00:00","dateModified":"2022-05-21T13:52:23+00:00","description":"Reconociendo a sus afiliados el CECO celebr\u00f3 su aniversario, aquellos con m\u00e1s de 25 a\u00f1os y dio por finalizada la muestra","breadcrumb":{"@id":"https:\/\/experienciadevida.com.ar\/portalurbano\/reconociendo-a-sus-afiliados-el-ceco-celebro-su-aniversario\/#breadcrumb"},"inLanguage":"es","potentialAction":[{"@type":"ReadAction","target":["https:\/\/experienciadevida.com.ar\/portalurbano\/reconociendo-a-sus-afiliados-el-ceco-celebro-su-aniversario\/"]}]},{"@type":"BreadcrumbList","@id":"https:\/\/experienciadevida.com.ar\/portalurbano\/reconociendo-a-sus-afiliados-el-ceco-celebro-su-aniversario\/#breadcrumb","itemListElement":[{"@type":"ListItem","position":1,"name":"Portada","item":"https:\/\/experienciadevida.com.ar\/portalurbano\/"},{"@type":"ListItem","position":2,"name":"Reconociendo a sus afiliados el CECO celebr\u00f3 su aniversario"}]},{"@type":"WebSite","@id":"https:\/\/experienciadevida.com.ar\/portalurbano\/#website","url":"https:\/\/experienciadevida.com.ar\/portalurbano\/","name":"","description":"","publisher":{"@id":"https:\/\/experienciadevida.com.ar\/portalurbano\/#organization"},"potentialAction":[{"@type":"SearchAction","target":{"@type":"EntryPoint","urlTemplate":"https:\/\/experienciadevida.com.ar\/portalurbano\/?s={search_term_string}"},"query-input":"required name=search_term_string"}],"inLanguage":"es"},{"@type":"Organization","@id":"https:\/\/experienciadevida.com.ar\/portalurbano\/#organization","name":"Portal Urbano","url":"https:\/\/experienciadevida.com.ar\/portalurbano\/","logo":{"@type":"ImageObject","inLanguage":"es","@id":"https:\/\/experienciadevida.com.ar\/portalurbano\/#\/schema\/logo\/image\/","url":"https:\/\/experienciadevida.com.ar\/portalurbano\/wp-content\/uploads\/2019\/09\/Logo-Original.png","contentUrl":"https:\/\/experienciadevida.com.ar\/portalurbano\/wp-content\/uploads\/2019\/09\/Logo-Original.png","width":2236,"height":1216,"caption":"Portal Urbano"},"image":{"@id":"https:\/\/experienciadevida.com.ar\/portalurbano\/#\/schema\/logo\/image\/"},"sameAs":["https:\/\/www.facebook.com\/Portal-Urbano-171542830093757\/","https:\/\/twitter.com\/portalurbanook","https:\/\/www.instagram.com\/_portalurbano\/","https:\/\/www.youtube.com\/channel\/UCXhagIfszH8KxFiOok79zbA?view_as=subscriber"]},{"@type":"Person","@id":"https:\/\/experienciadevida.com.ar\/portalurbano\/#\/schema\/person\/02dd326b1c4b056e9cc972486934a3a7","name":"admpu17wp","image":{"@type":"ImageObject","inLanguage":"es","@id":"https:\/\/experienciadevida.com.ar\/portalurbano\/#\/schema\/person\/image\/","url":"https:\/\/secure.gravatar.com\/avatar\/830d4c57adaae6630765e449a6908047?s=96&d=mm&r=g","contentUrl":"https:\/\/secure.gravatar.com\/avatar\/830d4c57adaae6630765e449a6908047?s=96&d=mm&r=g","caption":"admpu17wp"}}]}},"featured_image_urls":{"full":["https:\/\/experienciadevida.com.ar\/portalurbano\/wp-content\/uploads\/2022\/05\/Reconociendo-a-sus-afiliados.jpeg",1280,374,false],"thumbnail":["https:\/\/experienciadevida.com.ar\/portalurbano\/wp-content\/uploads\/2022\/05\/Reconociendo-a-sus-afiliados-150x150.jpeg",150,150,true],"medium":["https:\/\/experienciadevida.com.ar\/portalurbano\/wp-content\/uploads\/2022\/05\/Reconociendo-a-sus-afiliados-300x88.jpeg",300,88,true],"medium_large":["https:\/\/experienciadevida.com.ar\/portalurbano\/wp-content\/uploads\/2022\/05\/Reconociendo-a-sus-afiliados-768x224.jpeg",640,187,true],"large":["https:\/\/experienciadevida.com.ar\/portalurbano\/wp-content\/uploads\/2022\/05\/Reconociendo-a-sus-afiliados-1024x299.jpeg",640,187,true],"ug_big":["https:\/\/experienciadevida.com.ar\/portalurbano\/wp-content\/uploads\/2022\/05\/Reconociendo-a-sus-afiliados-768x224.jpeg",768,224,true],"1536x1536":["https:\/\/experienciadevida.com.ar\/portalurbano\/wp-content\/uploads\/2022\/05\/Reconociendo-a-sus-afiliados.jpeg",1280,374,false],"2048x2048":["https:\/\/experienciadevida.com.ar\/portalurbano\/wp-content\/uploads\/2022\/05\/Reconociendo-a-sus-afiliados.jpeg",1280,374,false],"newsever-slider-full":["https:\/\/experienciadevida.com.ar\/portalurbano\/wp-content\/uploads\/2022\/05\/Reconociendo-a-sus-afiliados.jpeg",1280,374,false],"newsever-featured":["https:\/\/experienciadevida.com.ar\/portalurbano\/wp-content\/uploads\/2022\/05\/Reconociendo-a-sus-afiliados.jpeg",1024,299,false],"newsever-medium":["https:\/\/experienciadevida.com.ar\/portalurbano\/wp-content\/uploads\/2022\/05\/Reconociendo-a-sus-afiliados.jpeg",720,210,false],"web-stories-poster-portrait":["https:\/\/experienciadevida.com.ar\/portalurbano\/wp-content\/uploads\/2022\/05\/Reconociendo-a-sus-afiliados.jpeg",640,187,false],"web-stories-publisher-logo":["https:\/\/experienciadevida.com.ar\/portalurbano\/wp-content\/uploads\/2022\/05\/Reconociendo-a-sus-afiliados.jpeg",96,28,false],"web-stories-thumbnail":["https:\/\/experienciadevida.com.ar\/portalurbano\/wp-content\/uploads\/2022\/05\/Reconociendo-a-sus-afiliados.jpeg",150,44,false]},"author_info":{"display_name":"admpu17wp","author_link":"https:\/\/experienciadevida.com.ar\/portalurbano\/author\/admpu17wp\/"},"category_info":"<a href=\"https:\/\/experienciadevida.com.ar\/portalurbano\/category\/ciudad\/\" rel=\"category tag\">Ciudad<\/a>","tag_info":"Ciudad","comment_count":"0","amp_enabled":true,"_links":{"self":[{"href":"https:\/\/experienciadevida.com.ar\/portalurbano\/wp-json\/wp\/v2\/posts\/168083"}],"collection":[{"href":"https:\/\/experienciadevida.com.ar\/portalurbano\/wp-json\/wp\/v2\/posts"}],"about":[{"href":"https:\/\/experienciadevida.com.ar\/portalurbano\/wp-json\/wp\/v2\/types\/post"}],"author":[{"embeddable":true,"href":"https:\/\/experienciadevida.com.ar\/portalurbano\/wp-json\/wp\/v2\/users\/1"}],"replies":[{"embeddable":true,"href":"https:\/\/experienciadevida.com.ar\/portalurbano\/wp-json\/wp\/v2\/comments?post=168083"}],"version-history":[{"count":2,"href":"https:\/\/experienciadevida.com.ar\/portalurbano\/wp-json\/wp\/v2\/posts\/168083\/revisions"}],"predecessor-version":[{"id":168087,"href":"https:\/\/experienciadevida.com.ar\/portalurbano\/wp-json\/wp\/v2\/posts\/168083\/revisions\/168087"}],"wp:featuredmedia":[{"embeddable":true,"href":"https:\/\/experienciadevida.com.ar\/portalurbano\/wp-json\/wp\/v2\/media\/168084"}],"wp:attachment":[{"href":"https:\/\/experienciadevida.com.ar\/portalurbano\/wp-json\/wp\/v2\/media?parent=168083"}],"wp:term":[{"taxonomy":"category","embeddable":true,"href":"https:\/\/experienciadevida.com.ar\/portalurbano\/wp-json\/wp\/v2\/categories?post=168083"},{"taxonomy":"post_tag","embeddable":true,"href":"https:\/\/experienciadevida.com.ar\/portalurbano\/wp-json\/wp\/v2\/tags?post=168083"}],"curies":[{"name":"wp","href":"https:\/\/api.w.org\/{rel}","templated":true}]}}