{"id":168043,"date":"2022-05-20T14:16:06","date_gmt":"2022-05-20T17:16:06","guid":{"rendered":"https:\/\/experienciadevida.com.ar\/portalurbano\/?p=168043"},"modified":"2022-05-20T14:16:46","modified_gmt":"2022-05-20T17:16:46","slug":"conferencia-abierta-el-smartphone-en-el-ecosistema-de-medios-algunas-claves-para-su-indagacion","status":"publish","type":"post","link":"https:\/\/experienciadevida.com.ar\/portalurbano\/conferencia-abierta-el-smartphone-en-el-ecosistema-de-medios-algunas-claves-para-su-indagacion\/","title":{"rendered":"Conferencia abierta \u201cEl smartphone en el ecosistema de medios: algunas claves para su indagaci\u00f3n\u201d"},"content":{"rendered":"<p>Conferencia abierta \u201cEl smartphone en el ecosistema de medios: algunas claves para su indagaci\u00f3n\u201d, en el marco de la c\u00e1tedra de Lenguajes I de las carreras de Periodismo y Comunicaci\u00f3n Social de la Facultad de Ciencias <a href=\"https:\/\/www.facebook.com\/facultadcienciassociales.unicen\">Sociales<\/a> el martes 24 de mayo brindar\u00e1 una charla el Dr. Francisco Arri.<\/p>\n<p>En la oportunidad el Dr. Arri brindar\u00e1 una serie de tips para comenzar a plantear interrogantes sobre la influencia de los tel\u00e9fonos m\u00f3viles inteligentes, los \u201csmartphones\u201d, en los procesos comunicacionales.<\/p>\n<p>Francisco Arri es Doctor en Comunicaci\u00f3n Social (Universidad Austral), M\u00e1ster en Comunicaci\u00f3n y Educaci\u00f3n (Universitat Aut\u00f2noma de Barcelona), Licenciado y Profesor en Periodismo y Analista en Medios de Comunicaci\u00f3n Social (USAL) y Locutor Nacional (ISER).<\/p>\n<p>En la actualidad dirige el \u00c1rea de Educaci\u00f3n de la Facultad de Ciencias de la Educaci\u00f3n y de la Comunicaci\u00f3n Social de la USAL. Asimismo se desempe\u00f1a como docente invitado en el posgrado de la Universidad Nacional de Rosario y en la Universidad Columbia del Paraguay, mientras que en las carrera de grado es titular en las Universidades del Salvador, UAI y UCES.<\/p>\n<p>La conferencia se llevar\u00e1 adelante el martes 24 de mayo desde las 15.30 horas en el aula C6 de Aulas Comunes del Complejo Universitario. Quienes est\u00e9n interesados\/as en participar pueden seguir la charla de manera virtual<\/p>\n","protected":false},"excerpt":{"rendered":"<p>Conferencia abierta \u201cEl smartphone en el ecosistema de medios: algunas claves para su indagaci\u00f3n\u201d, en&#8230;<\/p>\n","protected":false},"author":1,"featured_media":168044,"comment_status":"closed","ping_status":"closed","sticky":false,"template":"","format":"standard","meta":{"content-type":""},"categories":[31],"tags":[],"nelio_content":{"isAutoShareEnabled":false,"autoShareEndMode":"default","automationSources":{"useContentSentences":true,"useSocialTemplates":true,"useCustomSentences":false,"customSentences":[]},"followers":[1],"suggestedReferences":[],"includedReferences":[],"efiUrl":"","efiAlt":"","highlights":[]},"yoast_head":"<!-- This site is optimized with the Yoast SEO plugin v20.7 - https:\/\/yoast.com\/wordpress\/plugins\/seo\/ -->\n<title>Conferencia abierta &quot;El Smartphone en el ecosistema de medios&quot;<\/title>\n<meta name=\"description\" content=\"Conferencia abierta \u201cEl smartphone en el ecosistema de medios: algunas claves para su indagaci\u00f3n\u201d, en el marco de la c\u00e1tedra de lenguajes I\" \/>\n<meta name=\"robots\" content=\"index, follow, max-snippet:-1, max-image-preview:large, max-video-preview:-1\" \/>\n<link rel=\"canonical\" href=\"https:\/\/experienciadevida.com.ar\/portalurbano\/conferencia-abierta-el-smartphone-en-el-ecosistema-de-medios-algunas-claves-para-su-indagacion\/\" \/>\n<meta property=\"og:locale\" content=\"es_ES\" \/>\n<meta property=\"og:type\" content=\"article\" \/>\n<meta property=\"og:title\" content=\"Conferencia abierta &quot;El Smartphone en el ecosistema de medios&quot;\" \/>\n<meta property=\"og:description\" content=\"Conferencia abierta \u201cEl smartphone en el ecosistema de medios: algunas claves para su indagaci\u00f3n\u201d, en el marco de la c\u00e1tedra de lenguajes I\" \/>\n<meta property=\"og:url\" content=\"https:\/\/experienciadevida.com.ar\/portalurbano\/conferencia-abierta-el-smartphone-en-el-ecosistema-de-medios-algunas-claves-para-su-indagacion\/\" \/>\n<meta property=\"article:publisher\" content=\"https:\/\/www.facebook.com\/Portal-Urbano-171542830093757\/\" \/>\n<meta property=\"article:published_time\" content=\"2022-05-20T17:16:06+00:00\" \/>\n<meta property=\"article:modified_time\" content=\"2022-05-20T17:16:46+00:00\" \/>\n<meta property=\"og:image\" content=\"https:\/\/experienciadevida.com.ar\/portalurbano\/wp-content\/uploads\/2022\/05\/Conferencia-abierta.jpg\" \/>\n\t<meta property=\"og:image:width\" content=\"1000\" \/>\n\t<meta property=\"og:image:height\" content=\"1001\" \/>\n\t<meta property=\"og:image:type\" content=\"image\/jpeg\" \/>\n<meta name=\"author\" content=\"admpu17wp\" \/>\n<meta name=\"twitter:card\" content=\"summary_large_image\" \/>\n<meta name=\"twitter:creator\" content=\"@portalurbanook\" \/>\n<meta name=\"twitter:site\" content=\"@portalurbanook\" \/>\n<meta name=\"twitter:label1\" content=\"Escrito por\" \/>\n\t<meta name=\"twitter:data1\" content=\"admpu17wp\" \/>\n\t<meta name=\"twitter:label2\" content=\"Tiempo de lectura\" \/>\n\t<meta name=\"twitter:data2\" content=\"1 minuto\" \/>\n<script type=\"application\/ld+json\" class=\"yoast-schema-graph\">{\"@context\":\"https:\/\/schema.org\",\"@graph\":[{\"@type\":\"Article\",\"@id\":\"https:\/\/experienciadevida.com.ar\/portalurbano\/conferencia-abierta-el-smartphone-en-el-ecosistema-de-medios-algunas-claves-para-su-indagacion\/#article\",\"isPartOf\":{\"@id\":\"https:\/\/experienciadevida.com.ar\/portalurbano\/conferencia-abierta-el-smartphone-en-el-ecosistema-de-medios-algunas-claves-para-su-indagacion\/\"},\"author\":{\"name\":\"admpu17wp\",\"@id\":\"https:\/\/experienciadevida.com.ar\/portalurbano\/#\/schema\/person\/02dd326b1c4b056e9cc972486934a3a7\"},\"headline\":\"Conferencia abierta \u201cEl smartphone en el ecosistema de medios: algunas claves para su indagaci\u00f3n\u201d\",\"datePublished\":\"2022-05-20T17:16:06+00:00\",\"dateModified\":\"2022-05-20T17:16:46+00:00\",\"mainEntityOfPage\":{\"@id\":\"https:\/\/experienciadevida.com.ar\/portalurbano\/conferencia-abierta-el-smartphone-en-el-ecosistema-de-medios-algunas-claves-para-su-indagacion\/\"},\"wordCount\":242,\"publisher\":{\"@id\":\"https:\/\/experienciadevida.com.ar\/portalurbano\/#organization\"},\"articleSection\":[\"Educaci\u00f3n\"],\"inLanguage\":\"es\"},{\"@type\":\"WebPage\",\"@id\":\"https:\/\/experienciadevida.com.ar\/portalurbano\/conferencia-abierta-el-smartphone-en-el-ecosistema-de-medios-algunas-claves-para-su-indagacion\/\",\"url\":\"https:\/\/experienciadevida.com.ar\/portalurbano\/conferencia-abierta-el-smartphone-en-el-ecosistema-de-medios-algunas-claves-para-su-indagacion\/\",\"name\":\"Conferencia abierta \\\"El Smartphone en el ecosistema de medios\\\"\",\"isPartOf\":{\"@id\":\"https:\/\/experienciadevida.com.ar\/portalurbano\/#website\"},\"datePublished\":\"2022-05-20T17:16:06+00:00\",\"dateModified\":\"2022-05-20T17:16:46+00:00\",\"description\":\"Conferencia abierta \u201cEl smartphone en el ecosistema de medios: algunas claves para su indagaci\u00f3n\u201d, en el marco de la c\u00e1tedra de lenguajes I\",\"breadcrumb\":{\"@id\":\"https:\/\/experienciadevida.com.ar\/portalurbano\/conferencia-abierta-el-smartphone-en-el-ecosistema-de-medios-algunas-claves-para-su-indagacion\/#breadcrumb\"},\"inLanguage\":\"es\",\"potentialAction\":[{\"@type\":\"ReadAction\",\"target\":[\"https:\/\/experienciadevida.com.ar\/portalurbano\/conferencia-abierta-el-smartphone-en-el-ecosistema-de-medios-algunas-claves-para-su-indagacion\/\"]}]},{\"@type\":\"BreadcrumbList\",\"@id\":\"https:\/\/experienciadevida.com.ar\/portalurbano\/conferencia-abierta-el-smartphone-en-el-ecosistema-de-medios-algunas-claves-para-su-indagacion\/#breadcrumb\",\"itemListElement\":[{\"@type\":\"ListItem\",\"position\":1,\"name\":\"Portada\",\"item\":\"https:\/\/experienciadevida.com.ar\/portalurbano\/\"},{\"@type\":\"ListItem\",\"position\":2,\"name\":\"Conferencia abierta \u201cEl smartphone en el ecosistema de medios: algunas claves para su indagaci\u00f3n\u201d\"}]},{\"@type\":\"WebSite\",\"@id\":\"https:\/\/experienciadevida.com.ar\/portalurbano\/#website\",\"url\":\"https:\/\/experienciadevida.com.ar\/portalurbano\/\",\"name\":\"\",\"description\":\"\",\"publisher\":{\"@id\":\"https:\/\/experienciadevida.com.ar\/portalurbano\/#organization\"},\"potentialAction\":[{\"@type\":\"SearchAction\",\"target\":{\"@type\":\"EntryPoint\",\"urlTemplate\":\"https:\/\/experienciadevida.com.ar\/portalurbano\/?s={search_term_string}\"},\"query-input\":\"required name=search_term_string\"}],\"inLanguage\":\"es\"},{\"@type\":\"Organization\",\"@id\":\"https:\/\/experienciadevida.com.ar\/portalurbano\/#organization\",\"name\":\"Portal Urbano\",\"url\":\"https:\/\/experienciadevida.com.ar\/portalurbano\/\",\"logo\":{\"@type\":\"ImageObject\",\"inLanguage\":\"es\",\"@id\":\"https:\/\/experienciadevida.com.ar\/portalurbano\/#\/schema\/logo\/image\/\",\"url\":\"https:\/\/experienciadevida.com.ar\/portalurbano\/wp-content\/uploads\/2019\/09\/Logo-Original.png\",\"contentUrl\":\"https:\/\/experienciadevida.com.ar\/portalurbano\/wp-content\/uploads\/2019\/09\/Logo-Original.png\",\"width\":2236,\"height\":1216,\"caption\":\"Portal Urbano\"},\"image\":{\"@id\":\"https:\/\/experienciadevida.com.ar\/portalurbano\/#\/schema\/logo\/image\/\"},\"sameAs\":[\"https:\/\/www.facebook.com\/Portal-Urbano-171542830093757\/\",\"https:\/\/twitter.com\/portalurbanook\",\"https:\/\/www.instagram.com\/_portalurbano\/\",\"https:\/\/www.youtube.com\/channel\/UCXhagIfszH8KxFiOok79zbA?view_as=subscriber\"]},{\"@type\":\"Person\",\"@id\":\"https:\/\/experienciadevida.com.ar\/portalurbano\/#\/schema\/person\/02dd326b1c4b056e9cc972486934a3a7\",\"name\":\"admpu17wp\",\"image\":{\"@type\":\"ImageObject\",\"inLanguage\":\"es\",\"@id\":\"https:\/\/experienciadevida.com.ar\/portalurbano\/#\/schema\/person\/image\/\",\"url\":\"https:\/\/secure.gravatar.com\/avatar\/830d4c57adaae6630765e449a6908047?s=96&d=mm&r=g\",\"contentUrl\":\"https:\/\/secure.gravatar.com\/avatar\/830d4c57adaae6630765e449a6908047?s=96&d=mm&r=g\",\"caption\":\"admpu17wp\"}}]}<\/script>\n<!-- \/ Yoast SEO plugin. -->","yoast_head_json":{"title":"Conferencia abierta \"El Smartphone en el ecosistema de medios\"","description":"Conferencia abierta \u201cEl smartphone en el ecosistema de medios: algunas claves para su indagaci\u00f3n\u201d, en el marco de la c\u00e1tedra de lenguajes I","robots":{"index":"index","follow":"follow","max-snippet":"max-snippet:-1","max-image-preview":"max-image-preview:large","max-video-preview":"max-video-preview:-1"},"canonical":"https:\/\/experienciadevida.com.ar\/portalurbano\/conferencia-abierta-el-smartphone-en-el-ecosistema-de-medios-algunas-claves-para-su-indagacion\/","og_locale":"es_ES","og_type":"article","og_title":"Conferencia abierta \"El Smartphone en el ecosistema de medios\"","og_description":"Conferencia abierta \u201cEl smartphone en el ecosistema de medios: algunas claves para su indagaci\u00f3n\u201d, en el marco de la c\u00e1tedra de lenguajes I","og_url":"https:\/\/experienciadevida.com.ar\/portalurbano\/conferencia-abierta-el-smartphone-en-el-ecosistema-de-medios-algunas-claves-para-su-indagacion\/","article_publisher":"https:\/\/www.facebook.com\/Portal-Urbano-171542830093757\/","article_published_time":"2022-05-20T17:16:06+00:00","article_modified_time":"2022-05-20T17:16:46+00:00","og_image":[{"width":1000,"height":1001,"url":"https:\/\/experienciadevida.com.ar\/portalurbano\/wp-content\/uploads\/2022\/05\/Conferencia-abierta.jpg","type":"image\/jpeg"}],"author":"admpu17wp","twitter_card":"summary_large_image","twitter_creator":"@portalurbanook","twitter_site":"@portalurbanook","twitter_misc":{"Escrito por":"admpu17wp","Tiempo de lectura":"1 minuto"},"schema":{"@context":"https:\/\/schema.org","@graph":[{"@type":"Article","@id":"https:\/\/experienciadevida.com.ar\/portalurbano\/conferencia-abierta-el-smartphone-en-el-ecosistema-de-medios-algunas-claves-para-su-indagacion\/#article","isPartOf":{"@id":"https:\/\/experienciadevida.com.ar\/portalurbano\/conferencia-abierta-el-smartphone-en-el-ecosistema-de-medios-algunas-claves-para-su-indagacion\/"},"author":{"name":"admpu17wp","@id":"https:\/\/experienciadevida.com.ar\/portalurbano\/#\/schema\/person\/02dd326b1c4b056e9cc972486934a3a7"},"headline":"Conferencia abierta \u201cEl smartphone en el ecosistema de medios: algunas claves para su indagaci\u00f3n\u201d","datePublished":"2022-05-20T17:16:06+00:00","dateModified":"2022-05-20T17:16:46+00:00","mainEntityOfPage":{"@id":"https:\/\/experienciadevida.com.ar\/portalurbano\/conferencia-abierta-el-smartphone-en-el-ecosistema-de-medios-algunas-claves-para-su-indagacion\/"},"wordCount":242,"publisher":{"@id":"https:\/\/experienciadevida.com.ar\/portalurbano\/#organization"},"articleSection":["Educaci\u00f3n"],"inLanguage":"es"},{"@type":"WebPage","@id":"https:\/\/experienciadevida.com.ar\/portalurbano\/conferencia-abierta-el-smartphone-en-el-ecosistema-de-medios-algunas-claves-para-su-indagacion\/","url":"https:\/\/experienciadevida.com.ar\/portalurbano\/conferencia-abierta-el-smartphone-en-el-ecosistema-de-medios-algunas-claves-para-su-indagacion\/","name":"Conferencia abierta \"El Smartphone en el ecosistema de medios\"","isPartOf":{"@id":"https:\/\/experienciadevida.com.ar\/portalurbano\/#website"},"datePublished":"2022-05-20T17:16:06+00:00","dateModified":"2022-05-20T17:16:46+00:00","description":"Conferencia abierta \u201cEl smartphone en el ecosistema de medios: algunas claves para su indagaci\u00f3n\u201d, en el marco de la c\u00e1tedra de lenguajes I","breadcrumb":{"@id":"https:\/\/experienciadevida.com.ar\/portalurbano\/conferencia-abierta-el-smartphone-en-el-ecosistema-de-medios-algunas-claves-para-su-indagacion\/#breadcrumb"},"inLanguage":"es","potentialAction":[{"@type":"ReadAction","target":["https:\/\/experienciadevida.com.ar\/portalurbano\/conferencia-abierta-el-smartphone-en-el-ecosistema-de-medios-algunas-claves-para-su-indagacion\/"]}]},{"@type":"BreadcrumbList","@id":"https:\/\/experienciadevida.com.ar\/portalurbano\/conferencia-abierta-el-smartphone-en-el-ecosistema-de-medios-algunas-claves-para-su-indagacion\/#breadcrumb","itemListElement":[{"@type":"ListItem","position":1,"name":"Portada","item":"https:\/\/experienciadevida.com.ar\/portalurbano\/"},{"@type":"ListItem","position":2,"name":"Conferencia abierta \u201cEl smartphone en el ecosistema de medios: algunas claves para su indagaci\u00f3n\u201d"}]},{"@type":"WebSite","@id":"https:\/\/experienciadevida.com.ar\/portalurbano\/#website","url":"https:\/\/experienciadevida.com.ar\/portalurbano\/","name":"","description":"","publisher":{"@id":"https:\/\/experienciadevida.com.ar\/portalurbano\/#organization"},"potentialAction":[{"@type":"SearchAction","target":{"@type":"EntryPoint","urlTemplate":"https:\/\/experienciadevida.com.ar\/portalurbano\/?s={search_term_string}"},"query-input":"required name=search_term_string"}],"inLanguage":"es"},{"@type":"Organization","@id":"https:\/\/experienciadevida.com.ar\/portalurbano\/#organization","name":"Portal Urbano","url":"https:\/\/experienciadevida.com.ar\/portalurbano\/","logo":{"@type":"ImageObject","inLanguage":"es","@id":"https:\/\/experienciadevida.com.ar\/portalurbano\/#\/schema\/logo\/image\/","url":"https:\/\/experienciadevida.com.ar\/portalurbano\/wp-content\/uploads\/2019\/09\/Logo-Original.png","contentUrl":"https:\/\/experienciadevida.com.ar\/portalurbano\/wp-content\/uploads\/2019\/09\/Logo-Original.png","width":2236,"height":1216,"caption":"Portal Urbano"},"image":{"@id":"https:\/\/experienciadevida.com.ar\/portalurbano\/#\/schema\/logo\/image\/"},"sameAs":["https:\/\/www.facebook.com\/Portal-Urbano-171542830093757\/","https:\/\/twitter.com\/portalurbanook","https:\/\/www.instagram.com\/_portalurbano\/","https:\/\/www.youtube.com\/channel\/UCXhagIfszH8KxFiOok79zbA?view_as=subscriber"]},{"@type":"Person","@id":"https:\/\/experienciadevida.com.ar\/portalurbano\/#\/schema\/person\/02dd326b1c4b056e9cc972486934a3a7","name":"admpu17wp","image":{"@type":"ImageObject","inLanguage":"es","@id":"https:\/\/experienciadevida.com.ar\/portalurbano\/#\/schema\/person\/image\/","url":"https:\/\/secure.gravatar.com\/avatar\/830d4c57adaae6630765e449a6908047?s=96&d=mm&r=g","contentUrl":"https:\/\/secure.gravatar.com\/avatar\/830d4c57adaae6630765e449a6908047?s=96&d=mm&r=g","caption":"admpu17wp"}}]}},"featured_image_urls":{"full":["https:\/\/experienciadevida.com.ar\/portalurbano\/wp-content\/uploads\/2022\/05\/Conferencia-abierta.jpg",1000,1001,false],"thumbnail":["https:\/\/experienciadevida.com.ar\/portalurbano\/wp-content\/uploads\/2022\/05\/Conferencia-abierta-150x150.jpg",150,150,true],"medium":["https:\/\/experienciadevida.com.ar\/portalurbano\/wp-content\/uploads\/2022\/05\/Conferencia-abierta-300x300.jpg",300,300,true],"medium_large":["https:\/\/experienciadevida.com.ar\/portalurbano\/wp-content\/uploads\/2022\/05\/Conferencia-abierta-768x769.jpg",640,641,true],"large":["https:\/\/experienciadevida.com.ar\/portalurbano\/wp-content\/uploads\/2022\/05\/Conferencia-abierta.jpg",640,641,false],"ug_big":["https:\/\/experienciadevida.com.ar\/portalurbano\/wp-content\/uploads\/2022\/05\/Conferencia-abierta-768x768.jpg",768,768,true],"1536x1536":["https:\/\/experienciadevida.com.ar\/portalurbano\/wp-content\/uploads\/2022\/05\/Conferencia-abierta.jpg",1000,1001,false],"2048x2048":["https:\/\/experienciadevida.com.ar\/portalurbano\/wp-content\/uploads\/2022\/05\/Conferencia-abierta.jpg",1000,1001,false],"newsever-slider-full":["https:\/\/experienciadevida.com.ar\/portalurbano\/wp-content\/uploads\/2022\/05\/Conferencia-abierta.jpg",844,845,false],"newsever-featured":["https:\/\/experienciadevida.com.ar\/portalurbano\/wp-content\/uploads\/2022\/05\/Conferencia-abierta.jpg",1000,1001,false],"newsever-medium":["https:\/\/experienciadevida.com.ar\/portalurbano\/wp-content\/uploads\/2022\/05\/Conferencia-abierta.jpg",475,475,false],"web-stories-poster-portrait":["https:\/\/experienciadevida.com.ar\/portalurbano\/wp-content\/uploads\/2022\/05\/Conferencia-abierta.jpg",640,641,false],"web-stories-publisher-logo":["https:\/\/experienciadevida.com.ar\/portalurbano\/wp-content\/uploads\/2022\/05\/Conferencia-abierta.jpg",96,96,false],"web-stories-thumbnail":["https:\/\/experienciadevida.com.ar\/portalurbano\/wp-content\/uploads\/2022\/05\/Conferencia-abierta.jpg",150,150,false]},"author_info":{"display_name":"admpu17wp","author_link":"https:\/\/experienciadevida.com.ar\/portalurbano\/author\/admpu17wp\/"},"category_info":"<a href=\"https:\/\/experienciadevida.com.ar\/portalurbano\/category\/ciudad\/educacion\/\" rel=\"category tag\">Educaci\u00f3n<\/a>","tag_info":"Educaci\u00f3n","comment_count":"0","amp_enabled":true,"_links":{"self":[{"href":"https:\/\/experienciadevida.com.ar\/portalurbano\/wp-json\/wp\/v2\/posts\/168043"}],"collection":[{"href":"https:\/\/experienciadevida.com.ar\/portalurbano\/wp-json\/wp\/v2\/posts"}],"about":[{"href":"https:\/\/experienciadevida.com.ar\/portalurbano\/wp-json\/wp\/v2\/types\/post"}],"author":[{"embeddable":true,"href":"https:\/\/experienciadevida.com.ar\/portalurbano\/wp-json\/wp\/v2\/users\/1"}],"replies":[{"embeddable":true,"href":"https:\/\/experienciadevida.com.ar\/portalurbano\/wp-json\/wp\/v2\/comments?post=168043"}],"version-history":[{"count":2,"href":"https:\/\/experienciadevida.com.ar\/portalurbano\/wp-json\/wp\/v2\/posts\/168043\/revisions"}],"predecessor-version":[{"id":168046,"href":"https:\/\/experienciadevida.com.ar\/portalurbano\/wp-json\/wp\/v2\/posts\/168043\/revisions\/168046"}],"wp:featuredmedia":[{"embeddable":true,"href":"https:\/\/experienciadevida.com.ar\/portalurbano\/wp-json\/wp\/v2\/media\/168044"}],"wp:attachment":[{"href":"https:\/\/experienciadevida.com.ar\/portalurbano\/wp-json\/wp\/v2\/media?parent=168043"}],"wp:term":[{"taxonomy":"category","embeddable":true,"href":"https:\/\/experienciadevida.com.ar\/portalurbano\/wp-json\/wp\/v2\/categories?post=168043"},{"taxonomy":"post_tag","embeddable":true,"href":"https:\/\/experienciadevida.com.ar\/portalurbano\/wp-json\/wp\/v2\/tags?post=168043"}],"curies":[{"name":"wp","href":"https:\/\/api.w.org\/{rel}","templated":true}]}}