{"id":168028,"date":"2022-05-20T13:55:51","date_gmt":"2022-05-20T16:55:51","guid":{"rendered":"https:\/\/experienciadevida.com.ar\/portalurbano\/?p=168028"},"modified":"2022-05-20T13:58:50","modified_gmt":"2022-05-20T16:58:50","slug":"margarita-en-viernes-de-adopciones-se-merece-una-oportunidad-de-dormir-en-un-hogar","status":"publish","type":"post","link":"https:\/\/experienciadevida.com.ar\/portalurbano\/margarita-en-viernes-de-adopciones-se-merece-una-oportunidad-de-dormir-en-un-hogar\/","title":{"rendered":"Margarita en viernes de adopciones: &#8220;Se merece una oportunidad de dormir en un hogar&#8221;"},"content":{"rendered":"<p>Margarita en viernes de adopciones: &#8220;Se merece una oportunidad de dormir en un hogar&#8221;, la Direcci\u00f3n de <a href=\"https:\/\/www.facebook.com\/profile.php?id=100009966739206\">bromatolog\u00eda<\/a> presenta a esta perrita, que lleg\u00f3 este 2022 al predio\u00a0 con un cuadro de sarna avanzado, al punto que se desconoc\u00eda cu\u00e1l era su pelaje. De aproximadamente dos a\u00f1os de edad, a Margarita, como a todo galgo, le encanta correr y gastar energ\u00eda. Es muy sociable con otros perros. Ya se encuentra castrada y con su plan sanitario al d\u00eda. Se merece una oportunidad de dormir en un hogar.<\/p>\n<p><a href=\"https:\/\/experienciadevida.com.ar\/portalurbano\/margarita-en-viernes-de-adopciones-se-merece-una-oportunidad-de-dormir-en-un-hogar\/margarita-3\/\" rel=\"attachment wp-att-168032\"><img decoding=\"async\" class=\"alignnone size-large wp-image-168032\" src=\"https:\/\/experienciadevida.com.ar\/portalurbano\/wp-content\/uploads\/2022\/05\/Margarita-1024x684.jpg\" alt=\"Margarita \" width=\"900\" height=\"601\" srcset=\"https:\/\/experienciadevida.com.ar\/portalurbano\/wp-content\/uploads\/2022\/05\/Margarita-1024x684.jpg 1024w, https:\/\/experienciadevida.com.ar\/portalurbano\/wp-content\/uploads\/2022\/05\/Margarita-300x201.jpg 300w, https:\/\/experienciadevida.com.ar\/portalurbano\/wp-content\/uploads\/2022\/05\/Margarita-768x513.jpg 768w, https:\/\/experienciadevida.com.ar\/portalurbano\/wp-content\/uploads\/2022\/05\/Margarita-1536x1027.jpg 1536w, https:\/\/experienciadevida.com.ar\/portalurbano\/wp-content\/uploads\/2022\/05\/Margarita-2048x1369.jpg 2048w\" sizes=\"(max-width: 900px) 100vw, 900px\" \/><\/a><\/p>\n<p>En el marco de los #ViernesDeAdopciones, de forma semanal se ofrecen animales en adopci\u00f3n; los cuales pueden conocerse en el predio de Bromatolog\u00eda (Av. Urquiza 5493), de lunes a viernes entre las 9:00 y las 13:00 horas. All\u00ed, un profesional veterinario los presentar\u00e1 y contar\u00e1 sus caracter\u00edsticas. Tambi\u00e9n, para conocer el listado de animales en adopci\u00f3n, se puede consultar en las redes oficiales del Municipio.<\/p>\n<p>Un animal que encuentra un hogar es un animal menos en la calle, expuesto a los peligros que ocasiona deambular por la v\u00eda p\u00fablica: los animales callejeros pueden ocasionar mordeduras, accidentes de tr\u00e1nsito y riesgo a la poblaci\u00f3n de contraer enfermedades como rabia, leptospirosis, parasitosis, entre otras.<\/p>\n<p>Por ello, es importante que desde el Municipio se trabaje en favor de controlar y disminuir la poblaci\u00f3n de animales callejeros. Una de las medidas que se implementan para contribuir al control poblacional tiene que ver con propiciar las adopciones.<\/p>\n<p><a href=\"https:\/\/experienciadevida.com.ar\/portalurbano\/margarita-en-viernes-de-adopciones-se-merece-una-oportunidad-de-dormir-en-un-hogar\/en-viernes\/\" rel=\"attachment wp-att-168033\"><img decoding=\"async\" class=\"alignnone size-large wp-image-168033\" src=\"https:\/\/experienciadevida.com.ar\/portalurbano\/wp-content\/uploads\/2022\/05\/en-viernes-1024x684.jpg\" alt=\"en viernes \" width=\"900\" height=\"601\" srcset=\"https:\/\/experienciadevida.com.ar\/portalurbano\/wp-content\/uploads\/2022\/05\/en-viernes-1024x684.jpg 1024w, https:\/\/experienciadevida.com.ar\/portalurbano\/wp-content\/uploads\/2022\/05\/en-viernes-300x201.jpg 300w, https:\/\/experienciadevida.com.ar\/portalurbano\/wp-content\/uploads\/2022\/05\/en-viernes-768x513.jpg 768w, https:\/\/experienciadevida.com.ar\/portalurbano\/wp-content\/uploads\/2022\/05\/en-viernes-1536x1027.jpg 1536w, https:\/\/experienciadevida.com.ar\/portalurbano\/wp-content\/uploads\/2022\/05\/en-viernes-2048x1369.jpg 2048w\" sizes=\"(max-width: 900px) 100vw, 900px\" \/><\/a><\/p>\n","protected":false},"excerpt":{"rendered":"<p>Margarita en viernes de adopciones: &#8220;Se merece una oportunidad de dormir en un hogar&#8221;, la&#8230;<\/p>\n","protected":false},"author":1,"featured_media":168029,"comment_status":"closed","ping_status":"closed","sticky":false,"template":"","format":"standard","meta":{"content-type":""},"categories":[27,64],"tags":[],"nelio_content":{"isAutoShareEnabled":false,"autoShareEndMode":"default","automationSources":{"useContentSentences":true,"useSocialTemplates":true,"useCustomSentences":false,"customSentences":[]},"followers":[1],"suggestedReferences":[],"includedReferences":[],"efiUrl":"","efiAlt":"","highlights":[]},"yoast_head":"<!-- This site is optimized with the Yoast SEO plugin v20.7 - https:\/\/yoast.com\/wordpress\/plugins\/seo\/ -->\n<title>Margarita en viernes de adopciones: &quot;Se merece una oportunidad&quot;<\/title>\n<meta name=\"description\" content=\"Margarita en viernes de adopciones: &quot;Se merece una oportunidad de dormir en un hogar&quot;, as\u00ed lo dijo la Direcci\u00f3n de Bromatolog\u00eda.\" \/>\n<meta name=\"robots\" content=\"index, follow, max-snippet:-1, max-image-preview:large, max-video-preview:-1\" \/>\n<link rel=\"canonical\" href=\"https:\/\/experienciadevida.com.ar\/portalurbano\/margarita-en-viernes-de-adopciones-se-merece-una-oportunidad-de-dormir-en-un-hogar\/\" \/>\n<meta property=\"og:locale\" content=\"es_ES\" \/>\n<meta property=\"og:type\" content=\"article\" \/>\n<meta property=\"og:title\" content=\"Margarita en viernes de adopciones: &quot;Se merece una oportunidad&quot;\" \/>\n<meta property=\"og:description\" content=\"Margarita en viernes de adopciones: &quot;Se merece una oportunidad de dormir en un hogar&quot;, as\u00ed lo dijo la Direcci\u00f3n de Bromatolog\u00eda.\" \/>\n<meta property=\"og:url\" content=\"https:\/\/experienciadevida.com.ar\/portalurbano\/margarita-en-viernes-de-adopciones-se-merece-una-oportunidad-de-dormir-en-un-hogar\/\" \/>\n<meta property=\"article:publisher\" content=\"https:\/\/www.facebook.com\/Portal-Urbano-171542830093757\/\" \/>\n<meta property=\"article:published_time\" content=\"2022-05-20T16:55:51+00:00\" \/>\n<meta property=\"article:modified_time\" content=\"2022-05-20T16:58:50+00:00\" \/>\n<meta property=\"og:image\" content=\"https:\/\/experienciadevida.com.ar\/portalurbano\/wp-content\/uploads\/2022\/05\/Margarita-en-viernes-de.jpg\" \/>\n\t<meta property=\"og:image:width\" content=\"2560\" \/>\n\t<meta property=\"og:image:height\" content=\"1711\" \/>\n\t<meta property=\"og:image:type\" content=\"image\/jpeg\" \/>\n<meta name=\"author\" content=\"admpu17wp\" \/>\n<meta name=\"twitter:card\" content=\"summary_large_image\" \/>\n<meta name=\"twitter:creator\" content=\"@portalurbanook\" \/>\n<meta name=\"twitter:site\" content=\"@portalurbanook\" \/>\n<meta name=\"twitter:label1\" content=\"Escrito por\" \/>\n\t<meta name=\"twitter:data1\" content=\"admpu17wp\" \/>\n\t<meta name=\"twitter:label2\" content=\"Tiempo de lectura\" \/>\n\t<meta name=\"twitter:data2\" content=\"2 minutos\" \/>\n<script type=\"application\/ld+json\" class=\"yoast-schema-graph\">{\"@context\":\"https:\/\/schema.org\",\"@graph\":[{\"@type\":\"Article\",\"@id\":\"https:\/\/experienciadevida.com.ar\/portalurbano\/margarita-en-viernes-de-adopciones-se-merece-una-oportunidad-de-dormir-en-un-hogar\/#article\",\"isPartOf\":{\"@id\":\"https:\/\/experienciadevida.com.ar\/portalurbano\/margarita-en-viernes-de-adopciones-se-merece-una-oportunidad-de-dormir-en-un-hogar\/\"},\"author\":{\"name\":\"admpu17wp\",\"@id\":\"https:\/\/experienciadevida.com.ar\/portalurbano\/#\/schema\/person\/02dd326b1c4b056e9cc972486934a3a7\"},\"headline\":\"Margarita en viernes de adopciones: &#8220;Se merece una oportunidad de dormir en un hogar&#8221;\",\"datePublished\":\"2022-05-20T16:55:51+00:00\",\"dateModified\":\"2022-05-20T16:58:50+00:00\",\"mainEntityOfPage\":{\"@id\":\"https:\/\/experienciadevida.com.ar\/portalurbano\/margarita-en-viernes-de-adopciones-se-merece-una-oportunidad-de-dormir-en-un-hogar\/\"},\"wordCount\":266,\"publisher\":{\"@id\":\"https:\/\/experienciadevida.com.ar\/portalurbano\/#organization\"},\"articleSection\":[\"Ciudad\",\"Destacadas 2\"],\"inLanguage\":\"es\"},{\"@type\":\"WebPage\",\"@id\":\"https:\/\/experienciadevida.com.ar\/portalurbano\/margarita-en-viernes-de-adopciones-se-merece-una-oportunidad-de-dormir-en-un-hogar\/\",\"url\":\"https:\/\/experienciadevida.com.ar\/portalurbano\/margarita-en-viernes-de-adopciones-se-merece-una-oportunidad-de-dormir-en-un-hogar\/\",\"name\":\"Margarita en viernes de adopciones: \\\"Se merece una oportunidad\\\"\",\"isPartOf\":{\"@id\":\"https:\/\/experienciadevida.com.ar\/portalurbano\/#website\"},\"datePublished\":\"2022-05-20T16:55:51+00:00\",\"dateModified\":\"2022-05-20T16:58:50+00:00\",\"description\":\"Margarita en viernes de adopciones: \\\"Se merece una oportunidad de dormir en un hogar\\\", as\u00ed lo dijo la Direcci\u00f3n de Bromatolog\u00eda.\",\"breadcrumb\":{\"@id\":\"https:\/\/experienciadevida.com.ar\/portalurbano\/margarita-en-viernes-de-adopciones-se-merece-una-oportunidad-de-dormir-en-un-hogar\/#breadcrumb\"},\"inLanguage\":\"es\",\"potentialAction\":[{\"@type\":\"ReadAction\",\"target\":[\"https:\/\/experienciadevida.com.ar\/portalurbano\/margarita-en-viernes-de-adopciones-se-merece-una-oportunidad-de-dormir-en-un-hogar\/\"]}]},{\"@type\":\"BreadcrumbList\",\"@id\":\"https:\/\/experienciadevida.com.ar\/portalurbano\/margarita-en-viernes-de-adopciones-se-merece-una-oportunidad-de-dormir-en-un-hogar\/#breadcrumb\",\"itemListElement\":[{\"@type\":\"ListItem\",\"position\":1,\"name\":\"Portada\",\"item\":\"https:\/\/experienciadevida.com.ar\/portalurbano\/\"},{\"@type\":\"ListItem\",\"position\":2,\"name\":\"Margarita en viernes de adopciones: \u00abSe merece una oportunidad de dormir en un hogar\u00bb\"}]},{\"@type\":\"WebSite\",\"@id\":\"https:\/\/experienciadevida.com.ar\/portalurbano\/#website\",\"url\":\"https:\/\/experienciadevida.com.ar\/portalurbano\/\",\"name\":\"\",\"description\":\"\",\"publisher\":{\"@id\":\"https:\/\/experienciadevida.com.ar\/portalurbano\/#organization\"},\"potentialAction\":[{\"@type\":\"SearchAction\",\"target\":{\"@type\":\"EntryPoint\",\"urlTemplate\":\"https:\/\/experienciadevida.com.ar\/portalurbano\/?s={search_term_string}\"},\"query-input\":\"required name=search_term_string\"}],\"inLanguage\":\"es\"},{\"@type\":\"Organization\",\"@id\":\"https:\/\/experienciadevida.com.ar\/portalurbano\/#organization\",\"name\":\"Portal Urbano\",\"url\":\"https:\/\/experienciadevida.com.ar\/portalurbano\/\",\"logo\":{\"@type\":\"ImageObject\",\"inLanguage\":\"es\",\"@id\":\"https:\/\/experienciadevida.com.ar\/portalurbano\/#\/schema\/logo\/image\/\",\"url\":\"https:\/\/experienciadevida.com.ar\/portalurbano\/wp-content\/uploads\/2019\/09\/Logo-Original.png\",\"contentUrl\":\"https:\/\/experienciadevida.com.ar\/portalurbano\/wp-content\/uploads\/2019\/09\/Logo-Original.png\",\"width\":2236,\"height\":1216,\"caption\":\"Portal Urbano\"},\"image\":{\"@id\":\"https:\/\/experienciadevida.com.ar\/portalurbano\/#\/schema\/logo\/image\/\"},\"sameAs\":[\"https:\/\/www.facebook.com\/Portal-Urbano-171542830093757\/\",\"https:\/\/twitter.com\/portalurbanook\",\"https:\/\/www.instagram.com\/_portalurbano\/\",\"https:\/\/www.youtube.com\/channel\/UCXhagIfszH8KxFiOok79zbA?view_as=subscriber\"]},{\"@type\":\"Person\",\"@id\":\"https:\/\/experienciadevida.com.ar\/portalurbano\/#\/schema\/person\/02dd326b1c4b056e9cc972486934a3a7\",\"name\":\"admpu17wp\",\"image\":{\"@type\":\"ImageObject\",\"inLanguage\":\"es\",\"@id\":\"https:\/\/experienciadevida.com.ar\/portalurbano\/#\/schema\/person\/image\/\",\"url\":\"https:\/\/secure.gravatar.com\/avatar\/830d4c57adaae6630765e449a6908047?s=96&d=mm&r=g\",\"contentUrl\":\"https:\/\/secure.gravatar.com\/avatar\/830d4c57adaae6630765e449a6908047?s=96&d=mm&r=g\",\"caption\":\"admpu17wp\"}}]}<\/script>\n<!-- \/ Yoast SEO plugin. -->","yoast_head_json":{"title":"Margarita en viernes de adopciones: \"Se merece una oportunidad\"","description":"Margarita en viernes de adopciones: \"Se merece una oportunidad de dormir en un hogar\", as\u00ed lo dijo la Direcci\u00f3n de Bromatolog\u00eda.","robots":{"index":"index","follow":"follow","max-snippet":"max-snippet:-1","max-image-preview":"max-image-preview:large","max-video-preview":"max-video-preview:-1"},"canonical":"https:\/\/experienciadevida.com.ar\/portalurbano\/margarita-en-viernes-de-adopciones-se-merece-una-oportunidad-de-dormir-en-un-hogar\/","og_locale":"es_ES","og_type":"article","og_title":"Margarita en viernes de adopciones: \"Se merece una oportunidad\"","og_description":"Margarita en viernes de adopciones: \"Se merece una oportunidad de dormir en un hogar\", as\u00ed lo dijo la Direcci\u00f3n de Bromatolog\u00eda.","og_url":"https:\/\/experienciadevida.com.ar\/portalurbano\/margarita-en-viernes-de-adopciones-se-merece-una-oportunidad-de-dormir-en-un-hogar\/","article_publisher":"https:\/\/www.facebook.com\/Portal-Urbano-171542830093757\/","article_published_time":"2022-05-20T16:55:51+00:00","article_modified_time":"2022-05-20T16:58:50+00:00","og_image":[{"width":2560,"height":1711,"url":"https:\/\/experienciadevida.com.ar\/portalurbano\/wp-content\/uploads\/2022\/05\/Margarita-en-viernes-de.jpg","type":"image\/jpeg"}],"author":"admpu17wp","twitter_card":"summary_large_image","twitter_creator":"@portalurbanook","twitter_site":"@portalurbanook","twitter_misc":{"Escrito por":"admpu17wp","Tiempo de lectura":"2 minutos"},"schema":{"@context":"https:\/\/schema.org","@graph":[{"@type":"Article","@id":"https:\/\/experienciadevida.com.ar\/portalurbano\/margarita-en-viernes-de-adopciones-se-merece-una-oportunidad-de-dormir-en-un-hogar\/#article","isPartOf":{"@id":"https:\/\/experienciadevida.com.ar\/portalurbano\/margarita-en-viernes-de-adopciones-se-merece-una-oportunidad-de-dormir-en-un-hogar\/"},"author":{"name":"admpu17wp","@id":"https:\/\/experienciadevida.com.ar\/portalurbano\/#\/schema\/person\/02dd326b1c4b056e9cc972486934a3a7"},"headline":"Margarita en viernes de adopciones: &#8220;Se merece una oportunidad de dormir en un hogar&#8221;","datePublished":"2022-05-20T16:55:51+00:00","dateModified":"2022-05-20T16:58:50+00:00","mainEntityOfPage":{"@id":"https:\/\/experienciadevida.com.ar\/portalurbano\/margarita-en-viernes-de-adopciones-se-merece-una-oportunidad-de-dormir-en-un-hogar\/"},"wordCount":266,"publisher":{"@id":"https:\/\/experienciadevida.com.ar\/portalurbano\/#organization"},"articleSection":["Ciudad","Destacadas 2"],"inLanguage":"es"},{"@type":"WebPage","@id":"https:\/\/experienciadevida.com.ar\/portalurbano\/margarita-en-viernes-de-adopciones-se-merece-una-oportunidad-de-dormir-en-un-hogar\/","url":"https:\/\/experienciadevida.com.ar\/portalurbano\/margarita-en-viernes-de-adopciones-se-merece-una-oportunidad-de-dormir-en-un-hogar\/","name":"Margarita en viernes de adopciones: \"Se merece una oportunidad\"","isPartOf":{"@id":"https:\/\/experienciadevida.com.ar\/portalurbano\/#website"},"datePublished":"2022-05-20T16:55:51+00:00","dateModified":"2022-05-20T16:58:50+00:00","description":"Margarita en viernes de adopciones: \"Se merece una oportunidad de dormir en un hogar\", as\u00ed lo dijo la Direcci\u00f3n de Bromatolog\u00eda.","breadcrumb":{"@id":"https:\/\/experienciadevida.com.ar\/portalurbano\/margarita-en-viernes-de-adopciones-se-merece-una-oportunidad-de-dormir-en-un-hogar\/#breadcrumb"},"inLanguage":"es","potentialAction":[{"@type":"ReadAction","target":["https:\/\/experienciadevida.com.ar\/portalurbano\/margarita-en-viernes-de-adopciones-se-merece-una-oportunidad-de-dormir-en-un-hogar\/"]}]},{"@type":"BreadcrumbList","@id":"https:\/\/experienciadevida.com.ar\/portalurbano\/margarita-en-viernes-de-adopciones-se-merece-una-oportunidad-de-dormir-en-un-hogar\/#breadcrumb","itemListElement":[{"@type":"ListItem","position":1,"name":"Portada","item":"https:\/\/experienciadevida.com.ar\/portalurbano\/"},{"@type":"ListItem","position":2,"name":"Margarita en viernes de adopciones: \u00abSe merece una oportunidad de dormir en un hogar\u00bb"}]},{"@type":"WebSite","@id":"https:\/\/experienciadevida.com.ar\/portalurbano\/#website","url":"https:\/\/experienciadevida.com.ar\/portalurbano\/","name":"","description":"","publisher":{"@id":"https:\/\/experienciadevida.com.ar\/portalurbano\/#organization"},"potentialAction":[{"@type":"SearchAction","target":{"@type":"EntryPoint","urlTemplate":"https:\/\/experienciadevida.com.ar\/portalurbano\/?s={search_term_string}"},"query-input":"required name=search_term_string"}],"inLanguage":"es"},{"@type":"Organization","@id":"https:\/\/experienciadevida.com.ar\/portalurbano\/#organization","name":"Portal Urbano","url":"https:\/\/experienciadevida.com.ar\/portalurbano\/","logo":{"@type":"ImageObject","inLanguage":"es","@id":"https:\/\/experienciadevida.com.ar\/portalurbano\/#\/schema\/logo\/image\/","url":"https:\/\/experienciadevida.com.ar\/portalurbano\/wp-content\/uploads\/2019\/09\/Logo-Original.png","contentUrl":"https:\/\/experienciadevida.com.ar\/portalurbano\/wp-content\/uploads\/2019\/09\/Logo-Original.png","width":2236,"height":1216,"caption":"Portal Urbano"},"image":{"@id":"https:\/\/experienciadevida.com.ar\/portalurbano\/#\/schema\/logo\/image\/"},"sameAs":["https:\/\/www.facebook.com\/Portal-Urbano-171542830093757\/","https:\/\/twitter.com\/portalurbanook","https:\/\/www.instagram.com\/_portalurbano\/","https:\/\/www.youtube.com\/channel\/UCXhagIfszH8KxFiOok79zbA?view_as=subscriber"]},{"@type":"Person","@id":"https:\/\/experienciadevida.com.ar\/portalurbano\/#\/schema\/person\/02dd326b1c4b056e9cc972486934a3a7","name":"admpu17wp","image":{"@type":"ImageObject","inLanguage":"es","@id":"https:\/\/experienciadevida.com.ar\/portalurbano\/#\/schema\/person\/image\/","url":"https:\/\/secure.gravatar.com\/avatar\/830d4c57adaae6630765e449a6908047?s=96&d=mm&r=g","contentUrl":"https:\/\/secure.gravatar.com\/avatar\/830d4c57adaae6630765e449a6908047?s=96&d=mm&r=g","caption":"admpu17wp"}}]}},"featured_image_urls":{"full":["https:\/\/experienciadevida.com.ar\/portalurbano\/wp-content\/uploads\/2022\/05\/Margarita-en-viernes-de.jpg",2560,1711,false],"thumbnail":["https:\/\/experienciadevida.com.ar\/portalurbano\/wp-content\/uploads\/2022\/05\/Margarita-en-viernes-de-150x150.jpg",150,150,true],"medium":["https:\/\/experienciadevida.com.ar\/portalurbano\/wp-content\/uploads\/2022\/05\/Margarita-en-viernes-de-300x201.jpg",300,201,true],"medium_large":["https:\/\/experienciadevida.com.ar\/portalurbano\/wp-content\/uploads\/2022\/05\/Margarita-en-viernes-de-768x513.jpg",640,428,true],"large":["https:\/\/experienciadevida.com.ar\/portalurbano\/wp-content\/uploads\/2022\/05\/Margarita-en-viernes-de-1024x684.jpg",640,428,true],"ug_big":["https:\/\/experienciadevida.com.ar\/portalurbano\/wp-content\/uploads\/2022\/05\/Margarita-en-viernes-de-768x513.jpg",768,513,true],"1536x1536":["https:\/\/experienciadevida.com.ar\/portalurbano\/wp-content\/uploads\/2022\/05\/Margarita-en-viernes-de-1536x1027.jpg",1536,1027,true],"2048x2048":["https:\/\/experienciadevida.com.ar\/portalurbano\/wp-content\/uploads\/2022\/05\/Margarita-en-viernes-de-2048x1369.jpg",2048,1369,true],"newsever-slider-full":["https:\/\/experienciadevida.com.ar\/portalurbano\/wp-content\/uploads\/2022\/05\/Margarita-en-viernes-de.jpg",1264,845,false],"newsever-featured":["https:\/\/experienciadevida.com.ar\/portalurbano\/wp-content\/uploads\/2022\/05\/Margarita-en-viernes-de.jpg",1024,684,false],"newsever-medium":["https:\/\/experienciadevida.com.ar\/portalurbano\/wp-content\/uploads\/2022\/05\/Margarita-en-viernes-de.jpg",711,475,false],"web-stories-poster-portrait":["https:\/\/experienciadevida.com.ar\/portalurbano\/wp-content\/uploads\/2022\/05\/Margarita-en-viernes-de.jpg",640,428,false],"web-stories-publisher-logo":["https:\/\/experienciadevida.com.ar\/portalurbano\/wp-content\/uploads\/2022\/05\/Margarita-en-viernes-de.jpg",96,64,false],"web-stories-thumbnail":["https:\/\/experienciadevida.com.ar\/portalurbano\/wp-content\/uploads\/2022\/05\/Margarita-en-viernes-de.jpg",150,100,false]},"author_info":{"display_name":"admpu17wp","author_link":"https:\/\/experienciadevida.com.ar\/portalurbano\/author\/admpu17wp\/"},"category_info":"<a href=\"https:\/\/experienciadevida.com.ar\/portalurbano\/category\/ciudad\/\" rel=\"category tag\">Ciudad<\/a> <a href=\"https:\/\/experienciadevida.com.ar\/portalurbano\/category\/destacadas-2\/\" rel=\"category tag\">Destacadas 2<\/a>","tag_info":"Destacadas 2","comment_count":"0","amp_enabled":true,"_links":{"self":[{"href":"https:\/\/experienciadevida.com.ar\/portalurbano\/wp-json\/wp\/v2\/posts\/168028"}],"collection":[{"href":"https:\/\/experienciadevida.com.ar\/portalurbano\/wp-json\/wp\/v2\/posts"}],"about":[{"href":"https:\/\/experienciadevida.com.ar\/portalurbano\/wp-json\/wp\/v2\/types\/post"}],"author":[{"embeddable":true,"href":"https:\/\/experienciadevida.com.ar\/portalurbano\/wp-json\/wp\/v2\/users\/1"}],"replies":[{"embeddable":true,"href":"https:\/\/experienciadevida.com.ar\/portalurbano\/wp-json\/wp\/v2\/comments?post=168028"}],"version-history":[{"count":3,"href":"https:\/\/experienciadevida.com.ar\/portalurbano\/wp-json\/wp\/v2\/posts\/168028\/revisions"}],"predecessor-version":[{"id":168034,"href":"https:\/\/experienciadevida.com.ar\/portalurbano\/wp-json\/wp\/v2\/posts\/168028\/revisions\/168034"}],"wp:featuredmedia":[{"embeddable":true,"href":"https:\/\/experienciadevida.com.ar\/portalurbano\/wp-json\/wp\/v2\/media\/168029"}],"wp:attachment":[{"href":"https:\/\/experienciadevida.com.ar\/portalurbano\/wp-json\/wp\/v2\/media?parent=168028"}],"wp:term":[{"taxonomy":"category","embeddable":true,"href":"https:\/\/experienciadevida.com.ar\/portalurbano\/wp-json\/wp\/v2\/categories?post=168028"},{"taxonomy":"post_tag","embeddable":true,"href":"https:\/\/experienciadevida.com.ar\/portalurbano\/wp-json\/wp\/v2\/tags?post=168028"}],"curies":[{"name":"wp","href":"https:\/\/api.w.org\/{rel}","templated":true}]}}