{"id":168018,"date":"2022-05-20T11:35:48","date_gmt":"2022-05-20T14:35:48","guid":{"rendered":"https:\/\/experienciadevida.com.ar\/portalurbano\/?p=168018"},"modified":"2022-05-20T11:37:30","modified_gmt":"2022-05-20T14:37:30","slug":"fue-un-camino-dificil-pero-despues-de-cada-desafio-uno-se-pone-una-meta-que-a-lo-largo-de-estos-anos-pude-lograr","status":"publish","type":"post","link":"https:\/\/experienciadevida.com.ar\/portalurbano\/fue-un-camino-dificil-pero-despues-de-cada-desafio-uno-se-pone-una-meta-que-a-lo-largo-de-estos-anos-pude-lograr\/","title":{"rendered":"\u201cFue un camino dif\u00edcil, pero despu\u00e9s de cada desaf\u00edo uno se pone una meta que a lo largo de estos a\u00f1os pude lograr\u201d"},"content":{"rendered":"<p>\u201cFue un camino dif\u00edcil, pero despu\u00e9s de cada desaf\u00edo uno se pone una meta que a lo largo de estos a\u00f1os pude lograr\u201d, luego de rendir la \u00faltima materia, Agustina Brisa finaliz\u00f3 sus estudios de la carrera Licenciatura en Comunicaci\u00f3n Social en la <a href=\"https:\/\/www.facebook.com\/facultadcienciassociales.unicen\">Facultad de Ciencias Sociales.<\/a> \u201cLo que me mov\u00eda era saber que lo que estaba haciendo iba a ayudar a que futuros y futuras estudiantes tengan mejores condiciones\u201d, expres\u00f3. La joven cumpli\u00f3 un rol fundamental en la gesti\u00f3n de nuevos proyectos de inclusi\u00f3n y acceso pleno a la educaci\u00f3n universitaria.<\/p>\n<p>\u201cCuando empec\u00e9 la Facultad me sent\u00ed un punto en medio de un desierto, porque no entend\u00eda nada, no sab\u00eda para donde ir, hab\u00eda muchos profesores, muchas materias, mucha gente que iba y ven\u00eda con mochilas, con cosas, un comedor enorme, y era como demasiado para m\u00ed. \u2018Me parece que no voy a poder\u2019, pens\u00e9 en ese momento\u201d, relat\u00f3 Agustina Brisa sobre los primeros pasos dentro de la Facultad de Ciencias Sociales. Afortunadamente, con el correr de las semanas estas experiencias se convirtieron en desaf\u00edos que hoy la encuentran a solo un paso de acceder a su t\u00edtulo como Licenciada en Comunicaci\u00f3n Social.<\/p>\n<p>Agustina lleg\u00f3 a la Facultad de Ciencias Sociales cuando buscaba una carrera cercana a la locuci\u00f3n que estuviera en la ciudad de Olavarr\u00eda, donde naci\u00f3 y vive con su familia. A lo largo de ocho a\u00f1os curs\u00f3 las materias de la Licenciatura en Comunicaci\u00f3n Social, lo que signific\u00f3 adaptarse a un sistema educativo por el que antes nunca hab\u00eda pasado. Si bien otros y otras estudiantes ciegos y disminuidos visuales comenzaron a estudiar en la FACSO, Agustina es la primera en culminar su carrera, y ya comenz\u00f3 los tr\u00e1mites para recibir su t\u00edtulo como licenciada.<\/p>\n<p>\u201cEleg\u00ed Comunicaci\u00f3n porque cuando estaba en quinto a\u00f1o de la secundaria tuve la oportunidad de estar en dos programas de radio en las escuelas a las que asist\u00eda.<strong>\u00a0Cuando entr\u00e9 al estudio de radio me fascinaba todo eso<\/strong>, pero la carrera de locuci\u00f3n estaba en Buenos Aires para estudiar y no me animaba a irme sola. As\u00ed que surgi\u00f3 Comunicaci\u00f3n y me encant\u00f3\u201d, expres\u00f3 con alegr\u00eda.<\/p>\n<p>Acerca de su experiencia como estudiante, si bien reconoci\u00f3 que por ser una persona ciega tuvo gran cantidad de limitaciones y dificultades, s\u00ed destac\u00f3 que\u00a0<strong>en muchos \u00e1mbitos de la FACSO encontr\u00f3 cierta versatilidad que le simplific\u00f3 su paso por la universidad, con la colaboraci\u00f3n de docentes, estudiantes y el \u00e1rea de Bienestar,<\/strong>\u00a0que coordina Evelina Piovaccari.<\/p>\n<p><strong>\u201cLa verdad que fue un camino dif\u00edcil, pero despu\u00e9s de cada desaf\u00edo uno se pone una meta que a lo largo de estos a\u00f1os pude lograr<\/strong>, y eso creo que no hubiera sido posible sin el apoyo de mis pap\u00e1s, de mi familia, de mi pareja\u201d, agreg\u00f3.<\/p>\n<p>Puso como ejemplo que para realizar res\u00famenes deb\u00eda conseguir los textos digitalizados y si estaban en formato .pdf convertirlos a .doc. Sin embargo, \u201cal estar doblados, marcados o subrayados no se pod\u00eda pasar bien el word, entonces se hac\u00eda una ensalada interesante\u201d, recuerda con risa. Para eso sus familiares le dictaban los textos que ella tipeaba en un documento, para luego resumirlos. \u201cAs\u00ed curs\u00e9 los primeros a\u00f1os de carrera, fue bastante complejo\u201d, reconoci\u00f3.<\/p>\n<p><strong>La inclusi\u00f3n en la Facultad<\/strong><\/p>\n<p>\u201cAcerca de si la Facultad est\u00e1 preparada, eso encaja tambi\u00e9n en que\u00a0<strong>la mayor\u00eda de las cosas en la sociedad no est\u00e1n pensadas para una persona con alguna discapacidad, pero a\u00f1os atr\u00e1s creo que era casi impensable pensar esto<\/strong>. En el asunto pedag\u00f3gico creo que no se aborda mucho el tema de las diversidades, de las discapacidades\u201d, expuso Agustina.<\/p>\n<p>En la misma l\u00ednea, analiz\u00f3 que \u201c<strong>no es que la Universidad excluya a las personas con discapacidad, durante la marcha se iban adaptando a un mont\u00f3n de demandas y necesidades de los estudiantes<\/strong>\u201d. Mencion\u00f3 como ejemplos la ayuda que tuvo para conseguir textos digitalizados, y otras iniciativas m\u00e1s importantes para la vida institucional, como la demarcaci\u00f3n de la se\u00f1al\u00e9tica del edificio en braille y la creaci\u00f3n de una maqueta en la que se referencian los distintos espacios que forman parte del Campus Universitario de Olavarr\u00eda.<\/p>\n<p>Agustina tuvo un rol protag\u00f3nico en cada una de estas iniciativas que llevaron a que la Universidad y la Facultad se vuelvan m\u00e1s inclusivas e igualitarias,\u00a0propuestas que buscan garantizar el acceso pleno a la educaci\u00f3n universitaria.<\/p>\n<p>\u201c<strong>Nunca sent\u00ed que lo estaba haciendo para m\u00ed sino como una posibilidad de ayudar a que futuros y futuras estudiantes, que sean ciegos o ciegas o disminuidos y disminuidas visuales, tengan mejores condiciones que yo cuando entr\u00e9<\/strong>\u201d, reflexion\u00f3 Agustina sobre su paso por FACSO. \u201cLo que yo quer\u00eda era que la pr\u00f3xima persona ciega que ingrese a la Facultad ya tenga profesores que sepan manejarse con una persona ciega, ya tengan una puerta se\u00f1alizada o, y es una idea que hablamos hace poco, que las baldosas est\u00e9n se\u00f1alizadas, porque uno va caminando con una referencia real para poder manejarnos\u201d, agreg\u00f3.<\/p>\n<p><strong>El rol clave de la comunicaci\u00f3n<\/strong><\/p>\n<p>Para Agustina, estudiar la carrera de Comunicaci\u00f3n Social fue una oportunidad para abrir las puertas a que toda la comunidad conozca la discapacidad desde diversas aristas. Tal es as\u00ed que el a\u00f1o pasado tuvo una columna en Radio Universidad 90.1 sobre esta tem\u00e1tica, en la que abord\u00f3 distintos tipos de discapacidades para lo que se vinculaba con especialistas, con referentes de instituciones y con familiares o con las propias personas con discapacidad.<\/p>\n<p>\u201cMi objetivo era que se conozca, que se deje de tratar como un tema tab\u00fa, que nos dejen de ver como personas raras o como cosas extraterrestres que est\u00e1n ah\u00ed andando por la vida, y\u00a0<strong>que la sociedad se empiece a volver un poco m\u00e1s amigable y m\u00e1s amena, para que nos vean como iguales<\/strong>, porque somos realmente iguales como todos\u201d, expuso Agustina.<\/p>\n<p>Finalmente, reflexion\u00f3 que \u201c<strong>hoy no ser\u00edamos nada sin la posibilidad de comunicarnos, la comunicaci\u00f3n es central<\/strong>, tenemos que ponernos siempre en el lugar del otro y luego intentar comunicar lo que nos pasa para que esa persona est\u00e9 al tanto y pueda hacer con eso lo mejor\u201d.<\/p>\n<p>De manera reciente Agustina se sum\u00f3 al Proyecto \u201cDe Cuentos con Derechos\u201d de la FACSO, que coordina la Prof. Laura Hoffmann. A trav\u00e9s del mismo se busca promocionar el derecho a la educaci\u00f3n de ni\u00f1os y ni\u00f1as de nuestra ciudad mediante contenidos narrativos en formato sonoro, en el que Agustina ser\u00e1 de una de las personas que le ponga la voz a esos relatos.<\/p>\n","protected":false},"excerpt":{"rendered":"<p>\u201cFue un camino dif\u00edcil, pero despu\u00e9s de cada desaf\u00edo uno se pone una meta que&#8230;<\/p>\n","protected":false},"author":1,"featured_media":168019,"comment_status":"closed","ping_status":"closed","sticky":false,"template":"","format":"standard","meta":{"content-type":""},"categories":[31],"tags":[],"nelio_content":{"isAutoShareEnabled":false,"autoShareEndMode":"default","automationSources":{"useContentSentences":true,"useSocialTemplates":true,"useCustomSentences":false,"customSentences":[]},"followers":[1],"suggestedReferences":[],"includedReferences":[],"efiUrl":"","efiAlt":"","highlights":[]},"yoast_head":"<!-- This site is optimized with the Yoast SEO plugin v20.7 - https:\/\/yoast.com\/wordpress\/plugins\/seo\/ -->\n<title>&quot;Fue un camino dif\u00edcil, pero despu\u00e9s de cada desaf\u00edo se pone una meta&quot;<\/title>\n<meta name=\"description\" content=\"\u201cFue un camino dif\u00edcil, pero despu\u00e9s de cada desaf\u00edo uno se pone una meta que a lo largo de estos a\u00f1os pude lograr\u201d, luego de rendir\" \/>\n<meta name=\"robots\" content=\"index, follow, max-snippet:-1, max-image-preview:large, max-video-preview:-1\" \/>\n<link rel=\"canonical\" href=\"https:\/\/experienciadevida.com.ar\/portalurbano\/fue-un-camino-dificil-pero-despues-de-cada-desafio-uno-se-pone-una-meta-que-a-lo-largo-de-estos-anos-pude-lograr\/\" \/>\n<meta property=\"og:locale\" content=\"es_ES\" \/>\n<meta property=\"og:type\" content=\"article\" \/>\n<meta property=\"og:title\" content=\"&quot;Fue un camino dif\u00edcil, pero despu\u00e9s de cada desaf\u00edo se pone una meta&quot;\" \/>\n<meta property=\"og:description\" content=\"\u201cFue un camino dif\u00edcil, pero despu\u00e9s de cada desaf\u00edo uno se pone una meta que a lo largo de estos a\u00f1os pude lograr\u201d, luego de rendir\" \/>\n<meta property=\"og:url\" content=\"https:\/\/experienciadevida.com.ar\/portalurbano\/fue-un-camino-dificil-pero-despues-de-cada-desafio-uno-se-pone-una-meta-que-a-lo-largo-de-estos-anos-pude-lograr\/\" \/>\n<meta property=\"article:publisher\" content=\"https:\/\/www.facebook.com\/Portal-Urbano-171542830093757\/\" \/>\n<meta property=\"article:published_time\" content=\"2022-05-20T14:35:48+00:00\" \/>\n<meta property=\"article:modified_time\" content=\"2022-05-20T14:37:30+00:00\" \/>\n<meta property=\"og:image\" content=\"https:\/\/experienciadevida.com.ar\/portalurbano\/wp-content\/uploads\/2022\/05\/Fue-un-camino-dificil.jpg\" \/>\n\t<meta property=\"og:image:width\" content=\"780\" \/>\n\t<meta property=\"og:image:height\" content=\"1040\" \/>\n\t<meta property=\"og:image:type\" content=\"image\/jpeg\" \/>\n<meta name=\"author\" content=\"admpu17wp\" \/>\n<meta name=\"twitter:card\" content=\"summary_large_image\" \/>\n<meta name=\"twitter:creator\" content=\"@portalurbanook\" \/>\n<meta name=\"twitter:site\" content=\"@portalurbanook\" \/>\n<meta name=\"twitter:label1\" content=\"Escrito por\" \/>\n\t<meta name=\"twitter:data1\" content=\"admpu17wp\" \/>\n\t<meta name=\"twitter:label2\" content=\"Tiempo de lectura\" \/>\n\t<meta name=\"twitter:data2\" content=\"5 minutos\" \/>\n<script type=\"application\/ld+json\" class=\"yoast-schema-graph\">{\"@context\":\"https:\/\/schema.org\",\"@graph\":[{\"@type\":\"Article\",\"@id\":\"https:\/\/experienciadevida.com.ar\/portalurbano\/fue-un-camino-dificil-pero-despues-de-cada-desafio-uno-se-pone-una-meta-que-a-lo-largo-de-estos-anos-pude-lograr\/#article\",\"isPartOf\":{\"@id\":\"https:\/\/experienciadevida.com.ar\/portalurbano\/fue-un-camino-dificil-pero-despues-de-cada-desafio-uno-se-pone-una-meta-que-a-lo-largo-de-estos-anos-pude-lograr\/\"},\"author\":{\"name\":\"admpu17wp\",\"@id\":\"https:\/\/experienciadevida.com.ar\/portalurbano\/#\/schema\/person\/02dd326b1c4b056e9cc972486934a3a7\"},\"headline\":\"\u201cFue un camino dif\u00edcil, pero despu\u00e9s de cada desaf\u00edo uno se pone una meta que a lo largo de estos a\u00f1os pude lograr\u201d\",\"datePublished\":\"2022-05-20T14:35:48+00:00\",\"dateModified\":\"2022-05-20T14:37:30+00:00\",\"mainEntityOfPage\":{\"@id\":\"https:\/\/experienciadevida.com.ar\/portalurbano\/fue-un-camino-dificil-pero-despues-de-cada-desafio-uno-se-pone-una-meta-que-a-lo-largo-de-estos-anos-pude-lograr\/\"},\"wordCount\":1172,\"publisher\":{\"@id\":\"https:\/\/experienciadevida.com.ar\/portalurbano\/#organization\"},\"articleSection\":[\"Educaci\u00f3n\"],\"inLanguage\":\"es\"},{\"@type\":\"WebPage\",\"@id\":\"https:\/\/experienciadevida.com.ar\/portalurbano\/fue-un-camino-dificil-pero-despues-de-cada-desafio-uno-se-pone-una-meta-que-a-lo-largo-de-estos-anos-pude-lograr\/\",\"url\":\"https:\/\/experienciadevida.com.ar\/portalurbano\/fue-un-camino-dificil-pero-despues-de-cada-desafio-uno-se-pone-una-meta-que-a-lo-largo-de-estos-anos-pude-lograr\/\",\"name\":\"\\\"Fue un camino dif\u00edcil, pero despu\u00e9s de cada desaf\u00edo se pone una meta\\\"\",\"isPartOf\":{\"@id\":\"https:\/\/experienciadevida.com.ar\/portalurbano\/#website\"},\"datePublished\":\"2022-05-20T14:35:48+00:00\",\"dateModified\":\"2022-05-20T14:37:30+00:00\",\"description\":\"\u201cFue un camino dif\u00edcil, pero despu\u00e9s de cada desaf\u00edo uno se pone una meta que a lo largo de estos a\u00f1os pude lograr\u201d, luego de rendir\",\"breadcrumb\":{\"@id\":\"https:\/\/experienciadevida.com.ar\/portalurbano\/fue-un-camino-dificil-pero-despues-de-cada-desafio-uno-se-pone-una-meta-que-a-lo-largo-de-estos-anos-pude-lograr\/#breadcrumb\"},\"inLanguage\":\"es\",\"potentialAction\":[{\"@type\":\"ReadAction\",\"target\":[\"https:\/\/experienciadevida.com.ar\/portalurbano\/fue-un-camino-dificil-pero-despues-de-cada-desafio-uno-se-pone-una-meta-que-a-lo-largo-de-estos-anos-pude-lograr\/\"]}]},{\"@type\":\"BreadcrumbList\",\"@id\":\"https:\/\/experienciadevida.com.ar\/portalurbano\/fue-un-camino-dificil-pero-despues-de-cada-desafio-uno-se-pone-una-meta-que-a-lo-largo-de-estos-anos-pude-lograr\/#breadcrumb\",\"itemListElement\":[{\"@type\":\"ListItem\",\"position\":1,\"name\":\"Portada\",\"item\":\"https:\/\/experienciadevida.com.ar\/portalurbano\/\"},{\"@type\":\"ListItem\",\"position\":2,\"name\":\"\u201cFue un camino dif\u00edcil, pero despu\u00e9s de cada desaf\u00edo uno se pone una meta que a lo largo de estos a\u00f1os pude lograr\u201d\"}]},{\"@type\":\"WebSite\",\"@id\":\"https:\/\/experienciadevida.com.ar\/portalurbano\/#website\",\"url\":\"https:\/\/experienciadevida.com.ar\/portalurbano\/\",\"name\":\"\",\"description\":\"\",\"publisher\":{\"@id\":\"https:\/\/experienciadevida.com.ar\/portalurbano\/#organization\"},\"potentialAction\":[{\"@type\":\"SearchAction\",\"target\":{\"@type\":\"EntryPoint\",\"urlTemplate\":\"https:\/\/experienciadevida.com.ar\/portalurbano\/?s={search_term_string}\"},\"query-input\":\"required name=search_term_string\"}],\"inLanguage\":\"es\"},{\"@type\":\"Organization\",\"@id\":\"https:\/\/experienciadevida.com.ar\/portalurbano\/#organization\",\"name\":\"Portal Urbano\",\"url\":\"https:\/\/experienciadevida.com.ar\/portalurbano\/\",\"logo\":{\"@type\":\"ImageObject\",\"inLanguage\":\"es\",\"@id\":\"https:\/\/experienciadevida.com.ar\/portalurbano\/#\/schema\/logo\/image\/\",\"url\":\"https:\/\/experienciadevida.com.ar\/portalurbano\/wp-content\/uploads\/2019\/09\/Logo-Original.png\",\"contentUrl\":\"https:\/\/experienciadevida.com.ar\/portalurbano\/wp-content\/uploads\/2019\/09\/Logo-Original.png\",\"width\":2236,\"height\":1216,\"caption\":\"Portal Urbano\"},\"image\":{\"@id\":\"https:\/\/experienciadevida.com.ar\/portalurbano\/#\/schema\/logo\/image\/\"},\"sameAs\":[\"https:\/\/www.facebook.com\/Portal-Urbano-171542830093757\/\",\"https:\/\/twitter.com\/portalurbanook\",\"https:\/\/www.instagram.com\/_portalurbano\/\",\"https:\/\/www.youtube.com\/channel\/UCXhagIfszH8KxFiOok79zbA?view_as=subscriber\"]},{\"@type\":\"Person\",\"@id\":\"https:\/\/experienciadevida.com.ar\/portalurbano\/#\/schema\/person\/02dd326b1c4b056e9cc972486934a3a7\",\"name\":\"admpu17wp\",\"image\":{\"@type\":\"ImageObject\",\"inLanguage\":\"es\",\"@id\":\"https:\/\/experienciadevida.com.ar\/portalurbano\/#\/schema\/person\/image\/\",\"url\":\"https:\/\/secure.gravatar.com\/avatar\/830d4c57adaae6630765e449a6908047?s=96&d=mm&r=g\",\"contentUrl\":\"https:\/\/secure.gravatar.com\/avatar\/830d4c57adaae6630765e449a6908047?s=96&d=mm&r=g\",\"caption\":\"admpu17wp\"}}]}<\/script>\n<!-- \/ Yoast SEO plugin. -->","yoast_head_json":{"title":"\"Fue un camino dif\u00edcil, pero despu\u00e9s de cada desaf\u00edo se pone una meta\"","description":"\u201cFue un camino dif\u00edcil, pero despu\u00e9s de cada desaf\u00edo uno se pone una meta que a lo largo de estos a\u00f1os pude lograr\u201d, luego de rendir","robots":{"index":"index","follow":"follow","max-snippet":"max-snippet:-1","max-image-preview":"max-image-preview:large","max-video-preview":"max-video-preview:-1"},"canonical":"https:\/\/experienciadevida.com.ar\/portalurbano\/fue-un-camino-dificil-pero-despues-de-cada-desafio-uno-se-pone-una-meta-que-a-lo-largo-de-estos-anos-pude-lograr\/","og_locale":"es_ES","og_type":"article","og_title":"\"Fue un camino dif\u00edcil, pero despu\u00e9s de cada desaf\u00edo se pone una meta\"","og_description":"\u201cFue un camino dif\u00edcil, pero despu\u00e9s de cada desaf\u00edo uno se pone una meta que a lo largo de estos a\u00f1os pude lograr\u201d, luego de rendir","og_url":"https:\/\/experienciadevida.com.ar\/portalurbano\/fue-un-camino-dificil-pero-despues-de-cada-desafio-uno-se-pone-una-meta-que-a-lo-largo-de-estos-anos-pude-lograr\/","article_publisher":"https:\/\/www.facebook.com\/Portal-Urbano-171542830093757\/","article_published_time":"2022-05-20T14:35:48+00:00","article_modified_time":"2022-05-20T14:37:30+00:00","og_image":[{"width":780,"height":1040,"url":"https:\/\/experienciadevida.com.ar\/portalurbano\/wp-content\/uploads\/2022\/05\/Fue-un-camino-dificil.jpg","type":"image\/jpeg"}],"author":"admpu17wp","twitter_card":"summary_large_image","twitter_creator":"@portalurbanook","twitter_site":"@portalurbanook","twitter_misc":{"Escrito por":"admpu17wp","Tiempo de lectura":"5 minutos"},"schema":{"@context":"https:\/\/schema.org","@graph":[{"@type":"Article","@id":"https:\/\/experienciadevida.com.ar\/portalurbano\/fue-un-camino-dificil-pero-despues-de-cada-desafio-uno-se-pone-una-meta-que-a-lo-largo-de-estos-anos-pude-lograr\/#article","isPartOf":{"@id":"https:\/\/experienciadevida.com.ar\/portalurbano\/fue-un-camino-dificil-pero-despues-de-cada-desafio-uno-se-pone-una-meta-que-a-lo-largo-de-estos-anos-pude-lograr\/"},"author":{"name":"admpu17wp","@id":"https:\/\/experienciadevida.com.ar\/portalurbano\/#\/schema\/person\/02dd326b1c4b056e9cc972486934a3a7"},"headline":"\u201cFue un camino dif\u00edcil, pero despu\u00e9s de cada desaf\u00edo uno se pone una meta que a lo largo de estos a\u00f1os pude lograr\u201d","datePublished":"2022-05-20T14:35:48+00:00","dateModified":"2022-05-20T14:37:30+00:00","mainEntityOfPage":{"@id":"https:\/\/experienciadevida.com.ar\/portalurbano\/fue-un-camino-dificil-pero-despues-de-cada-desafio-uno-se-pone-una-meta-que-a-lo-largo-de-estos-anos-pude-lograr\/"},"wordCount":1172,"publisher":{"@id":"https:\/\/experienciadevida.com.ar\/portalurbano\/#organization"},"articleSection":["Educaci\u00f3n"],"inLanguage":"es"},{"@type":"WebPage","@id":"https:\/\/experienciadevida.com.ar\/portalurbano\/fue-un-camino-dificil-pero-despues-de-cada-desafio-uno-se-pone-una-meta-que-a-lo-largo-de-estos-anos-pude-lograr\/","url":"https:\/\/experienciadevida.com.ar\/portalurbano\/fue-un-camino-dificil-pero-despues-de-cada-desafio-uno-se-pone-una-meta-que-a-lo-largo-de-estos-anos-pude-lograr\/","name":"\"Fue un camino dif\u00edcil, pero despu\u00e9s de cada desaf\u00edo se pone una meta\"","isPartOf":{"@id":"https:\/\/experienciadevida.com.ar\/portalurbano\/#website"},"datePublished":"2022-05-20T14:35:48+00:00","dateModified":"2022-05-20T14:37:30+00:00","description":"\u201cFue un camino dif\u00edcil, pero despu\u00e9s de cada desaf\u00edo uno se pone una meta que a lo largo de estos a\u00f1os pude lograr\u201d, luego de rendir","breadcrumb":{"@id":"https:\/\/experienciadevida.com.ar\/portalurbano\/fue-un-camino-dificil-pero-despues-de-cada-desafio-uno-se-pone-una-meta-que-a-lo-largo-de-estos-anos-pude-lograr\/#breadcrumb"},"inLanguage":"es","potentialAction":[{"@type":"ReadAction","target":["https:\/\/experienciadevida.com.ar\/portalurbano\/fue-un-camino-dificil-pero-despues-de-cada-desafio-uno-se-pone-una-meta-que-a-lo-largo-de-estos-anos-pude-lograr\/"]}]},{"@type":"BreadcrumbList","@id":"https:\/\/experienciadevida.com.ar\/portalurbano\/fue-un-camino-dificil-pero-despues-de-cada-desafio-uno-se-pone-una-meta-que-a-lo-largo-de-estos-anos-pude-lograr\/#breadcrumb","itemListElement":[{"@type":"ListItem","position":1,"name":"Portada","item":"https:\/\/experienciadevida.com.ar\/portalurbano\/"},{"@type":"ListItem","position":2,"name":"\u201cFue un camino dif\u00edcil, pero despu\u00e9s de cada desaf\u00edo uno se pone una meta que a lo largo de estos a\u00f1os pude lograr\u201d"}]},{"@type":"WebSite","@id":"https:\/\/experienciadevida.com.ar\/portalurbano\/#website","url":"https:\/\/experienciadevida.com.ar\/portalurbano\/","name":"","description":"","publisher":{"@id":"https:\/\/experienciadevida.com.ar\/portalurbano\/#organization"},"potentialAction":[{"@type":"SearchAction","target":{"@type":"EntryPoint","urlTemplate":"https:\/\/experienciadevida.com.ar\/portalurbano\/?s={search_term_string}"},"query-input":"required name=search_term_string"}],"inLanguage":"es"},{"@type":"Organization","@id":"https:\/\/experienciadevida.com.ar\/portalurbano\/#organization","name":"Portal Urbano","url":"https:\/\/experienciadevida.com.ar\/portalurbano\/","logo":{"@type":"ImageObject","inLanguage":"es","@id":"https:\/\/experienciadevida.com.ar\/portalurbano\/#\/schema\/logo\/image\/","url":"https:\/\/experienciadevida.com.ar\/portalurbano\/wp-content\/uploads\/2019\/09\/Logo-Original.png","contentUrl":"https:\/\/experienciadevida.com.ar\/portalurbano\/wp-content\/uploads\/2019\/09\/Logo-Original.png","width":2236,"height":1216,"caption":"Portal Urbano"},"image":{"@id":"https:\/\/experienciadevida.com.ar\/portalurbano\/#\/schema\/logo\/image\/"},"sameAs":["https:\/\/www.facebook.com\/Portal-Urbano-171542830093757\/","https:\/\/twitter.com\/portalurbanook","https:\/\/www.instagram.com\/_portalurbano\/","https:\/\/www.youtube.com\/channel\/UCXhagIfszH8KxFiOok79zbA?view_as=subscriber"]},{"@type":"Person","@id":"https:\/\/experienciadevida.com.ar\/portalurbano\/#\/schema\/person\/02dd326b1c4b056e9cc972486934a3a7","name":"admpu17wp","image":{"@type":"ImageObject","inLanguage":"es","@id":"https:\/\/experienciadevida.com.ar\/portalurbano\/#\/schema\/person\/image\/","url":"https:\/\/secure.gravatar.com\/avatar\/830d4c57adaae6630765e449a6908047?s=96&d=mm&r=g","contentUrl":"https:\/\/secure.gravatar.com\/avatar\/830d4c57adaae6630765e449a6908047?s=96&d=mm&r=g","caption":"admpu17wp"}}]}},"featured_image_urls":{"full":["https:\/\/experienciadevida.com.ar\/portalurbano\/wp-content\/uploads\/2022\/05\/Fue-un-camino-dificil.jpg",780,1040,false],"thumbnail":["https:\/\/experienciadevida.com.ar\/portalurbano\/wp-content\/uploads\/2022\/05\/Fue-un-camino-dificil-150x150.jpg",150,150,true],"medium":["https:\/\/experienciadevida.com.ar\/portalurbano\/wp-content\/uploads\/2022\/05\/Fue-un-camino-dificil-225x300.jpg",225,300,true],"medium_large":["https:\/\/experienciadevida.com.ar\/portalurbano\/wp-content\/uploads\/2022\/05\/Fue-un-camino-dificil-768x1024.jpg",640,853,true],"large":["https:\/\/experienciadevida.com.ar\/portalurbano\/wp-content\/uploads\/2022\/05\/Fue-un-camino-dificil-768x1024.jpg",640,853,true],"ug_big":["https:\/\/experienciadevida.com.ar\/portalurbano\/wp-content\/uploads\/2022\/05\/Fue-un-camino-dificil-576x768.jpg",576,768,true],"1536x1536":["https:\/\/experienciadevida.com.ar\/portalurbano\/wp-content\/uploads\/2022\/05\/Fue-un-camino-dificil.jpg",780,1040,false],"2048x2048":["https:\/\/experienciadevida.com.ar\/portalurbano\/wp-content\/uploads\/2022\/05\/Fue-un-camino-dificil.jpg",780,1040,false],"newsever-slider-full":["https:\/\/experienciadevida.com.ar\/portalurbano\/wp-content\/uploads\/2022\/05\/Fue-un-camino-dificil.jpg",634,845,false],"newsever-featured":["https:\/\/experienciadevida.com.ar\/portalurbano\/wp-content\/uploads\/2022\/05\/Fue-un-camino-dificil.jpg",780,1040,false],"newsever-medium":["https:\/\/experienciadevida.com.ar\/portalurbano\/wp-content\/uploads\/2022\/05\/Fue-un-camino-dificil.jpg",356,475,false],"web-stories-poster-portrait":["https:\/\/experienciadevida.com.ar\/portalurbano\/wp-content\/uploads\/2022\/05\/Fue-un-camino-dificil.jpg",640,853,false],"web-stories-publisher-logo":["https:\/\/experienciadevida.com.ar\/portalurbano\/wp-content\/uploads\/2022\/05\/Fue-un-camino-dificil.jpg",72,96,false],"web-stories-thumbnail":["https:\/\/experienciadevida.com.ar\/portalurbano\/wp-content\/uploads\/2022\/05\/Fue-un-camino-dificil.jpg",150,200,false]},"author_info":{"display_name":"admpu17wp","author_link":"https:\/\/experienciadevida.com.ar\/portalurbano\/author\/admpu17wp\/"},"category_info":"<a href=\"https:\/\/experienciadevida.com.ar\/portalurbano\/category\/ciudad\/educacion\/\" rel=\"category tag\">Educaci\u00f3n<\/a>","tag_info":"Educaci\u00f3n","comment_count":"0","amp_enabled":true,"_links":{"self":[{"href":"https:\/\/experienciadevida.com.ar\/portalurbano\/wp-json\/wp\/v2\/posts\/168018"}],"collection":[{"href":"https:\/\/experienciadevida.com.ar\/portalurbano\/wp-json\/wp\/v2\/posts"}],"about":[{"href":"https:\/\/experienciadevida.com.ar\/portalurbano\/wp-json\/wp\/v2\/types\/post"}],"author":[{"embeddable":true,"href":"https:\/\/experienciadevida.com.ar\/portalurbano\/wp-json\/wp\/v2\/users\/1"}],"replies":[{"embeddable":true,"href":"https:\/\/experienciadevida.com.ar\/portalurbano\/wp-json\/wp\/v2\/comments?post=168018"}],"version-history":[{"count":1,"href":"https:\/\/experienciadevida.com.ar\/portalurbano\/wp-json\/wp\/v2\/posts\/168018\/revisions"}],"predecessor-version":[{"id":168020,"href":"https:\/\/experienciadevida.com.ar\/portalurbano\/wp-json\/wp\/v2\/posts\/168018\/revisions\/168020"}],"wp:featuredmedia":[{"embeddable":true,"href":"https:\/\/experienciadevida.com.ar\/portalurbano\/wp-json\/wp\/v2\/media\/168019"}],"wp:attachment":[{"href":"https:\/\/experienciadevida.com.ar\/portalurbano\/wp-json\/wp\/v2\/media?parent=168018"}],"wp:term":[{"taxonomy":"category","embeddable":true,"href":"https:\/\/experienciadevida.com.ar\/portalurbano\/wp-json\/wp\/v2\/categories?post=168018"},{"taxonomy":"post_tag","embeddable":true,"href":"https:\/\/experienciadevida.com.ar\/portalurbano\/wp-json\/wp\/v2\/tags?post=168018"}],"curies":[{"name":"wp","href":"https:\/\/api.w.org\/{rel}","templated":true}]}}