{"id":167964,"date":"2022-05-19T12:11:52","date_gmt":"2022-05-19T15:11:52","guid":{"rendered":"https:\/\/experienciadevida.com.ar\/portalurbano\/?p=167964"},"modified":"2022-05-19T12:14:46","modified_gmt":"2022-05-19T15:14:46","slug":"nos-llena-de-orgullo-el-hospital-que-tenemos","status":"publish","type":"post","link":"https:\/\/experienciadevida.com.ar\/portalurbano\/nos-llena-de-orgullo-el-hospital-que-tenemos\/","title":{"rendered":"\u201cNos llena de orgullo el Hospital que tenemos\u201d"},"content":{"rendered":"<p>\u201cNos llena de orgullo el Hospital que tenemos\u201d, el <a href=\"https:\/\/www.facebook.com\/galliezequiel\">Intendente <\/a>recorri\u00f3 el Hospital Municipal \u201cDr. H\u00e9ctor M. Cura\u201d, en el que se reestructuran y reforman espacios, en pos de brindar un servicio mejorado para los olavarrienses y vecinos de la regi\u00f3n que eligen la atenci\u00f3n del sistema de salud p\u00fablica.<\/p>\n<p><a href=\"https:\/\/experienciadevida.com.ar\/portalurbano\/nos-llena-de-orgullo-el-hospital-que-tenemos\/nos\/\" rel=\"attachment wp-att-167967\"><img decoding=\"async\" class=\"alignnone size-large wp-image-167967\" src=\"https:\/\/experienciadevida.com.ar\/portalurbano\/wp-content\/uploads\/2022\/05\/Nos-1024x684.jpg\" alt=\"Nos \" width=\"900\" height=\"601\" srcset=\"https:\/\/experienciadevida.com.ar\/portalurbano\/wp-content\/uploads\/2022\/05\/Nos-1024x684.jpg 1024w, https:\/\/experienciadevida.com.ar\/portalurbano\/wp-content\/uploads\/2022\/05\/Nos-300x201.jpg 300w, https:\/\/experienciadevida.com.ar\/portalurbano\/wp-content\/uploads\/2022\/05\/Nos-768x513.jpg 768w, https:\/\/experienciadevida.com.ar\/portalurbano\/wp-content\/uploads\/2022\/05\/Nos-1536x1027.jpg 1536w, https:\/\/experienciadevida.com.ar\/portalurbano\/wp-content\/uploads\/2022\/05\/Nos-2048x1369.jpg 2048w\" sizes=\"(max-width: 900px) 100vw, 900px\" \/><\/a><\/p>\n<p>En la recorrida estuvo acompa\u00f1ado por el secretario de Salud Germ\u00e1n Caputo, la directora del Hospital Silvina Guanuco y el director administrativo Mart\u00edn Labarrieta.<\/p>\n<p>Entre los trabajos que se llevaron a cabo en el nosocomio, la sala de rayos fue remodelada, con mejoras en piso y paredes.<\/p>\n<p>Adem\u00e1s, se est\u00e1 reformando el sector de guardia vieja (con entrada por calle Alsina), para que ese sea el espacio del nuevo laboratorio para extracciones y sector de hisopados.<\/p>\n<p>Durante la recorrida, Ezequiel Galli dijo que \u201ca los olavarrienses nos llena de orgullo el Hospital que tenemos, una referencia en la regi\u00f3n, que d\u00eda a d\u00eda atiende las necesidades de los vecinos de Olavarr\u00eda\u201d.<\/p>\n<p>\u201cDurante la pandemia nuestro sistema de salud estuvo a la altura de las circunstancias y en los pr\u00f3ximos a\u00f1os vamos a seguir invirtiendo para continuar con una pol\u00edtica que se inici\u00f3 hace muchos a\u00f1os en nuestra ciudad\u201d, agreg\u00f3.<\/p>\n<p>En este sentido, tambi\u00e9n, la Directora del Hospital relat\u00f3 que \u201ccon la Pandemia\u201d, el sector del vacunatorio hospitalario \u201cqued\u00f3 chico\u201d. Es por ello que actualmente se est\u00e1 trabajando en una reforma del SUM de Pediatr\u00eda, que ser\u00e1 el lugar mucho m\u00e1s amplio en el que funcionar\u00e1 tal servicio.<\/p>\n<p>Finalmente, las autoridades sanitarias mostraron dos nuevas aulas que hay dentro del Hospital. Ser\u00e1 para que estudiantes y residentes puedan visualizar de manera remota el sector del quir\u00f3fano a trav\u00e9s de una pantalla; y tambi\u00e9n una sala contigua para realizar simulaciones de pr\u00e1cticas m\u00e9dicas y situaciones hospitalarias.<\/p>\n<p><a href=\"https:\/\/experienciadevida.com.ar\/portalurbano\/nos-llena-de-orgullo-el-hospital-que-tenemos\/llena\/\" rel=\"attachment wp-att-167969\"><img decoding=\"async\" class=\"alignnone size-large wp-image-167969\" src=\"https:\/\/experienciadevida.com.ar\/portalurbano\/wp-content\/uploads\/2022\/05\/llena-1024x684.jpg\" alt=\"llena \" width=\"900\" height=\"601\" srcset=\"https:\/\/experienciadevida.com.ar\/portalurbano\/wp-content\/uploads\/2022\/05\/llena-1024x684.jpg 1024w, https:\/\/experienciadevida.com.ar\/portalurbano\/wp-content\/uploads\/2022\/05\/llena-300x201.jpg 300w, https:\/\/experienciadevida.com.ar\/portalurbano\/wp-content\/uploads\/2022\/05\/llena-768x513.jpg 768w, https:\/\/experienciadevida.com.ar\/portalurbano\/wp-content\/uploads\/2022\/05\/llena-1536x1027.jpg 1536w, https:\/\/experienciadevida.com.ar\/portalurbano\/wp-content\/uploads\/2022\/05\/llena-2048x1369.jpg 2048w\" sizes=\"(max-width: 900px) 100vw, 900px\" \/><\/a><\/p>\n","protected":false},"excerpt":{"rendered":"<p>\u201cNos llena de orgullo el Hospital que tenemos\u201d, el Intendente recorri\u00f3 el Hospital Municipal \u201cDr&#8230;.<\/p>\n","protected":false},"author":1,"featured_media":167965,"comment_status":"closed","ping_status":"closed","sticky":false,"template":"","format":"standard","meta":{"content-type":""},"categories":[64,45],"tags":[],"nelio_content":{"isAutoShareEnabled":false,"autoShareEndMode":"default","automationSources":{"useContentSentences":true,"useSocialTemplates":true,"useCustomSentences":false,"customSentences":[]},"followers":[1],"suggestedReferences":[],"includedReferences":[],"efiUrl":"","efiAlt":"","highlights":[]},"yoast_head":"<!-- This site is optimized with the Yoast SEO plugin v20.7 - https:\/\/yoast.com\/wordpress\/plugins\/seo\/ -->\n<title>&quot;Nos llena de orgullo el Hospital que tenemos&quot;<\/title>\n<meta name=\"description\" content=\"\u201cNos llena de orgullo el Hospital que tenemos\u201d, el Intendente recorri\u00f3 el lugar en el que se reestructuran y reforman espacios,\" \/>\n<meta name=\"robots\" content=\"index, follow, max-snippet:-1, max-image-preview:large, max-video-preview:-1\" \/>\n<link rel=\"canonical\" href=\"https:\/\/experienciadevida.com.ar\/portalurbano\/nos-llena-de-orgullo-el-hospital-que-tenemos\/\" \/>\n<meta property=\"og:locale\" content=\"es_ES\" \/>\n<meta property=\"og:type\" content=\"article\" \/>\n<meta property=\"og:title\" content=\"&quot;Nos llena de orgullo el Hospital que tenemos&quot;\" \/>\n<meta property=\"og:description\" content=\"\u201cNos llena de orgullo el Hospital que tenemos\u201d, el Intendente recorri\u00f3 el lugar en el que se reestructuran y reforman espacios,\" \/>\n<meta property=\"og:url\" content=\"https:\/\/experienciadevida.com.ar\/portalurbano\/nos-llena-de-orgullo-el-hospital-que-tenemos\/\" \/>\n<meta property=\"article:publisher\" content=\"https:\/\/www.facebook.com\/Portal-Urbano-171542830093757\/\" \/>\n<meta property=\"article:published_time\" content=\"2022-05-19T15:11:52+00:00\" \/>\n<meta property=\"article:modified_time\" content=\"2022-05-19T15:14:46+00:00\" \/>\n<meta property=\"og:image\" content=\"https:\/\/experienciadevida.com.ar\/portalurbano\/wp-content\/uploads\/2022\/05\/Nos-llena-de-orgullo-e1652973039600.jpg\" \/>\n\t<meta property=\"og:image:width\" content=\"765\" \/>\n\t<meta property=\"og:image:height\" content=\"511\" \/>\n\t<meta property=\"og:image:type\" content=\"image\/jpeg\" \/>\n<meta name=\"author\" content=\"admpu17wp\" \/>\n<meta name=\"twitter:card\" content=\"summary_large_image\" \/>\n<meta name=\"twitter:creator\" content=\"@portalurbanook\" \/>\n<meta name=\"twitter:site\" content=\"@portalurbanook\" \/>\n<meta name=\"twitter:label1\" content=\"Escrito por\" \/>\n\t<meta name=\"twitter:data1\" content=\"admpu17wp\" \/>\n\t<meta name=\"twitter:label2\" content=\"Tiempo de lectura\" \/>\n\t<meta name=\"twitter:data2\" content=\"2 minutos\" \/>\n<script type=\"application\/ld+json\" class=\"yoast-schema-graph\">{\"@context\":\"https:\/\/schema.org\",\"@graph\":[{\"@type\":\"Article\",\"@id\":\"https:\/\/experienciadevida.com.ar\/portalurbano\/nos-llena-de-orgullo-el-hospital-que-tenemos\/#article\",\"isPartOf\":{\"@id\":\"https:\/\/experienciadevida.com.ar\/portalurbano\/nos-llena-de-orgullo-el-hospital-que-tenemos\/\"},\"author\":{\"name\":\"admpu17wp\",\"@id\":\"https:\/\/experienciadevida.com.ar\/portalurbano\/#\/schema\/person\/02dd326b1c4b056e9cc972486934a3a7\"},\"headline\":\"\u201cNos llena de orgullo el Hospital que tenemos\u201d\",\"datePublished\":\"2022-05-19T15:11:52+00:00\",\"dateModified\":\"2022-05-19T15:14:46+00:00\",\"mainEntityOfPage\":{\"@id\":\"https:\/\/experienciadevida.com.ar\/portalurbano\/nos-llena-de-orgullo-el-hospital-que-tenemos\/\"},\"wordCount\":326,\"publisher\":{\"@id\":\"https:\/\/experienciadevida.com.ar\/portalurbano\/#organization\"},\"articleSection\":[\"Destacadas 2\",\"Salud\"],\"inLanguage\":\"es\"},{\"@type\":\"WebPage\",\"@id\":\"https:\/\/experienciadevida.com.ar\/portalurbano\/nos-llena-de-orgullo-el-hospital-que-tenemos\/\",\"url\":\"https:\/\/experienciadevida.com.ar\/portalurbano\/nos-llena-de-orgullo-el-hospital-que-tenemos\/\",\"name\":\"\\\"Nos llena de orgullo el Hospital que tenemos\\\"\",\"isPartOf\":{\"@id\":\"https:\/\/experienciadevida.com.ar\/portalurbano\/#website\"},\"datePublished\":\"2022-05-19T15:11:52+00:00\",\"dateModified\":\"2022-05-19T15:14:46+00:00\",\"description\":\"\u201cNos llena de orgullo el Hospital que tenemos\u201d, el Intendente recorri\u00f3 el lugar en el que se reestructuran y reforman espacios,\",\"breadcrumb\":{\"@id\":\"https:\/\/experienciadevida.com.ar\/portalurbano\/nos-llena-de-orgullo-el-hospital-que-tenemos\/#breadcrumb\"},\"inLanguage\":\"es\",\"potentialAction\":[{\"@type\":\"ReadAction\",\"target\":[\"https:\/\/experienciadevida.com.ar\/portalurbano\/nos-llena-de-orgullo-el-hospital-que-tenemos\/\"]}]},{\"@type\":\"BreadcrumbList\",\"@id\":\"https:\/\/experienciadevida.com.ar\/portalurbano\/nos-llena-de-orgullo-el-hospital-que-tenemos\/#breadcrumb\",\"itemListElement\":[{\"@type\":\"ListItem\",\"position\":1,\"name\":\"Portada\",\"item\":\"https:\/\/experienciadevida.com.ar\/portalurbano\/\"},{\"@type\":\"ListItem\",\"position\":2,\"name\":\"\u201cNos llena de orgullo el Hospital que tenemos\u201d\"}]},{\"@type\":\"WebSite\",\"@id\":\"https:\/\/experienciadevida.com.ar\/portalurbano\/#website\",\"url\":\"https:\/\/experienciadevida.com.ar\/portalurbano\/\",\"name\":\"\",\"description\":\"\",\"publisher\":{\"@id\":\"https:\/\/experienciadevida.com.ar\/portalurbano\/#organization\"},\"potentialAction\":[{\"@type\":\"SearchAction\",\"target\":{\"@type\":\"EntryPoint\",\"urlTemplate\":\"https:\/\/experienciadevida.com.ar\/portalurbano\/?s={search_term_string}\"},\"query-input\":\"required name=search_term_string\"}],\"inLanguage\":\"es\"},{\"@type\":\"Organization\",\"@id\":\"https:\/\/experienciadevida.com.ar\/portalurbano\/#organization\",\"name\":\"Portal Urbano\",\"url\":\"https:\/\/experienciadevida.com.ar\/portalurbano\/\",\"logo\":{\"@type\":\"ImageObject\",\"inLanguage\":\"es\",\"@id\":\"https:\/\/experienciadevida.com.ar\/portalurbano\/#\/schema\/logo\/image\/\",\"url\":\"https:\/\/experienciadevida.com.ar\/portalurbano\/wp-content\/uploads\/2019\/09\/Logo-Original.png\",\"contentUrl\":\"https:\/\/experienciadevida.com.ar\/portalurbano\/wp-content\/uploads\/2019\/09\/Logo-Original.png\",\"width\":2236,\"height\":1216,\"caption\":\"Portal Urbano\"},\"image\":{\"@id\":\"https:\/\/experienciadevida.com.ar\/portalurbano\/#\/schema\/logo\/image\/\"},\"sameAs\":[\"https:\/\/www.facebook.com\/Portal-Urbano-171542830093757\/\",\"https:\/\/twitter.com\/portalurbanook\",\"https:\/\/www.instagram.com\/_portalurbano\/\",\"https:\/\/www.youtube.com\/channel\/UCXhagIfszH8KxFiOok79zbA?view_as=subscriber\"]},{\"@type\":\"Person\",\"@id\":\"https:\/\/experienciadevida.com.ar\/portalurbano\/#\/schema\/person\/02dd326b1c4b056e9cc972486934a3a7\",\"name\":\"admpu17wp\",\"image\":{\"@type\":\"ImageObject\",\"inLanguage\":\"es\",\"@id\":\"https:\/\/experienciadevida.com.ar\/portalurbano\/#\/schema\/person\/image\/\",\"url\":\"https:\/\/secure.gravatar.com\/avatar\/830d4c57adaae6630765e449a6908047?s=96&d=mm&r=g\",\"contentUrl\":\"https:\/\/secure.gravatar.com\/avatar\/830d4c57adaae6630765e449a6908047?s=96&d=mm&r=g\",\"caption\":\"admpu17wp\"}}]}<\/script>\n<!-- \/ Yoast SEO plugin. -->","yoast_head_json":{"title":"\"Nos llena de orgullo el Hospital que tenemos\"","description":"\u201cNos llena de orgullo el Hospital que tenemos\u201d, el Intendente recorri\u00f3 el lugar en el que se reestructuran y reforman espacios,","robots":{"index":"index","follow":"follow","max-snippet":"max-snippet:-1","max-image-preview":"max-image-preview:large","max-video-preview":"max-video-preview:-1"},"canonical":"https:\/\/experienciadevida.com.ar\/portalurbano\/nos-llena-de-orgullo-el-hospital-que-tenemos\/","og_locale":"es_ES","og_type":"article","og_title":"\"Nos llena de orgullo el Hospital que tenemos\"","og_description":"\u201cNos llena de orgullo el Hospital que tenemos\u201d, el Intendente recorri\u00f3 el lugar en el que se reestructuran y reforman espacios,","og_url":"https:\/\/experienciadevida.com.ar\/portalurbano\/nos-llena-de-orgullo-el-hospital-que-tenemos\/","article_publisher":"https:\/\/www.facebook.com\/Portal-Urbano-171542830093757\/","article_published_time":"2022-05-19T15:11:52+00:00","article_modified_time":"2022-05-19T15:14:46+00:00","og_image":[{"width":765,"height":511,"url":"https:\/\/experienciadevida.com.ar\/portalurbano\/wp-content\/uploads\/2022\/05\/Nos-llena-de-orgullo-e1652973039600.jpg","type":"image\/jpeg"}],"author":"admpu17wp","twitter_card":"summary_large_image","twitter_creator":"@portalurbanook","twitter_site":"@portalurbanook","twitter_misc":{"Escrito por":"admpu17wp","Tiempo de lectura":"2 minutos"},"schema":{"@context":"https:\/\/schema.org","@graph":[{"@type":"Article","@id":"https:\/\/experienciadevida.com.ar\/portalurbano\/nos-llena-de-orgullo-el-hospital-que-tenemos\/#article","isPartOf":{"@id":"https:\/\/experienciadevida.com.ar\/portalurbano\/nos-llena-de-orgullo-el-hospital-que-tenemos\/"},"author":{"name":"admpu17wp","@id":"https:\/\/experienciadevida.com.ar\/portalurbano\/#\/schema\/person\/02dd326b1c4b056e9cc972486934a3a7"},"headline":"\u201cNos llena de orgullo el Hospital que tenemos\u201d","datePublished":"2022-05-19T15:11:52+00:00","dateModified":"2022-05-19T15:14:46+00:00","mainEntityOfPage":{"@id":"https:\/\/experienciadevida.com.ar\/portalurbano\/nos-llena-de-orgullo-el-hospital-que-tenemos\/"},"wordCount":326,"publisher":{"@id":"https:\/\/experienciadevida.com.ar\/portalurbano\/#organization"},"articleSection":["Destacadas 2","Salud"],"inLanguage":"es"},{"@type":"WebPage","@id":"https:\/\/experienciadevida.com.ar\/portalurbano\/nos-llena-de-orgullo-el-hospital-que-tenemos\/","url":"https:\/\/experienciadevida.com.ar\/portalurbano\/nos-llena-de-orgullo-el-hospital-que-tenemos\/","name":"\"Nos llena de orgullo el Hospital que tenemos\"","isPartOf":{"@id":"https:\/\/experienciadevida.com.ar\/portalurbano\/#website"},"datePublished":"2022-05-19T15:11:52+00:00","dateModified":"2022-05-19T15:14:46+00:00","description":"\u201cNos llena de orgullo el Hospital que tenemos\u201d, el Intendente recorri\u00f3 el lugar en el que se reestructuran y reforman espacios,","breadcrumb":{"@id":"https:\/\/experienciadevida.com.ar\/portalurbano\/nos-llena-de-orgullo-el-hospital-que-tenemos\/#breadcrumb"},"inLanguage":"es","potentialAction":[{"@type":"ReadAction","target":["https:\/\/experienciadevida.com.ar\/portalurbano\/nos-llena-de-orgullo-el-hospital-que-tenemos\/"]}]},{"@type":"BreadcrumbList","@id":"https:\/\/experienciadevida.com.ar\/portalurbano\/nos-llena-de-orgullo-el-hospital-que-tenemos\/#breadcrumb","itemListElement":[{"@type":"ListItem","position":1,"name":"Portada","item":"https:\/\/experienciadevida.com.ar\/portalurbano\/"},{"@type":"ListItem","position":2,"name":"\u201cNos llena de orgullo el Hospital que tenemos\u201d"}]},{"@type":"WebSite","@id":"https:\/\/experienciadevida.com.ar\/portalurbano\/#website","url":"https:\/\/experienciadevida.com.ar\/portalurbano\/","name":"","description":"","publisher":{"@id":"https:\/\/experienciadevida.com.ar\/portalurbano\/#organization"},"potentialAction":[{"@type":"SearchAction","target":{"@type":"EntryPoint","urlTemplate":"https:\/\/experienciadevida.com.ar\/portalurbano\/?s={search_term_string}"},"query-input":"required name=search_term_string"}],"inLanguage":"es"},{"@type":"Organization","@id":"https:\/\/experienciadevida.com.ar\/portalurbano\/#organization","name":"Portal Urbano","url":"https:\/\/experienciadevida.com.ar\/portalurbano\/","logo":{"@type":"ImageObject","inLanguage":"es","@id":"https:\/\/experienciadevida.com.ar\/portalurbano\/#\/schema\/logo\/image\/","url":"https:\/\/experienciadevida.com.ar\/portalurbano\/wp-content\/uploads\/2019\/09\/Logo-Original.png","contentUrl":"https:\/\/experienciadevida.com.ar\/portalurbano\/wp-content\/uploads\/2019\/09\/Logo-Original.png","width":2236,"height":1216,"caption":"Portal Urbano"},"image":{"@id":"https:\/\/experienciadevida.com.ar\/portalurbano\/#\/schema\/logo\/image\/"},"sameAs":["https:\/\/www.facebook.com\/Portal-Urbano-171542830093757\/","https:\/\/twitter.com\/portalurbanook","https:\/\/www.instagram.com\/_portalurbano\/","https:\/\/www.youtube.com\/channel\/UCXhagIfszH8KxFiOok79zbA?view_as=subscriber"]},{"@type":"Person","@id":"https:\/\/experienciadevida.com.ar\/portalurbano\/#\/schema\/person\/02dd326b1c4b056e9cc972486934a3a7","name":"admpu17wp","image":{"@type":"ImageObject","inLanguage":"es","@id":"https:\/\/experienciadevida.com.ar\/portalurbano\/#\/schema\/person\/image\/","url":"https:\/\/secure.gravatar.com\/avatar\/830d4c57adaae6630765e449a6908047?s=96&d=mm&r=g","contentUrl":"https:\/\/secure.gravatar.com\/avatar\/830d4c57adaae6630765e449a6908047?s=96&d=mm&r=g","caption":"admpu17wp"}}]}},"featured_image_urls":{"full":["https:\/\/experienciadevida.com.ar\/portalurbano\/wp-content\/uploads\/2022\/05\/Nos-llena-de-orgullo-e1652973039600.jpg",765,511,false],"thumbnail":["https:\/\/experienciadevida.com.ar\/portalurbano\/wp-content\/uploads\/2022\/05\/Nos-llena-de-orgullo-150x150.jpg",150,150,true],"medium":["https:\/\/experienciadevida.com.ar\/portalurbano\/wp-content\/uploads\/2022\/05\/Nos-llena-de-orgullo-300x201.jpg",300,201,true],"medium_large":["https:\/\/experienciadevida.com.ar\/portalurbano\/wp-content\/uploads\/2022\/05\/Nos-llena-de-orgullo-768x513.jpg",640,428,true],"large":["https:\/\/experienciadevida.com.ar\/portalurbano\/wp-content\/uploads\/2022\/05\/Nos-llena-de-orgullo-1024x684.jpg",640,428,true],"ug_big":["https:\/\/experienciadevida.com.ar\/portalurbano\/wp-content\/uploads\/2022\/05\/Nos-llena-de-orgullo-768x513.jpg",768,513,true],"1536x1536":["https:\/\/experienciadevida.com.ar\/portalurbano\/wp-content\/uploads\/2022\/05\/Nos-llena-de-orgullo-1536x1027.jpg",1536,1027,true],"2048x2048":["https:\/\/experienciadevida.com.ar\/portalurbano\/wp-content\/uploads\/2022\/05\/Nos-llena-de-orgullo-2048x1369.jpg",2048,1369,true],"newsever-slider-full":["https:\/\/experienciadevida.com.ar\/portalurbano\/wp-content\/uploads\/2022\/05\/Nos-llena-de-orgullo-e1652973039600.jpg",765,511,false],"newsever-featured":["https:\/\/experienciadevida.com.ar\/portalurbano\/wp-content\/uploads\/2022\/05\/Nos-llena-de-orgullo-e1652973039600.jpg",765,511,false],"newsever-medium":["https:\/\/experienciadevida.com.ar\/portalurbano\/wp-content\/uploads\/2022\/05\/Nos-llena-de-orgullo-e1652973039600.jpg",711,475,false],"web-stories-poster-portrait":["https:\/\/experienciadevida.com.ar\/portalurbano\/wp-content\/uploads\/2022\/05\/Nos-llena-de-orgullo-e1652973039600.jpg",640,428,false],"web-stories-publisher-logo":["https:\/\/experienciadevida.com.ar\/portalurbano\/wp-content\/uploads\/2022\/05\/Nos-llena-de-orgullo-e1652973039600.jpg",96,64,false],"web-stories-thumbnail":["https:\/\/experienciadevida.com.ar\/portalurbano\/wp-content\/uploads\/2022\/05\/Nos-llena-de-orgullo-e1652973039600.jpg",150,100,false]},"author_info":{"display_name":"admpu17wp","author_link":"https:\/\/experienciadevida.com.ar\/portalurbano\/author\/admpu17wp\/"},"category_info":"<a href=\"https:\/\/experienciadevida.com.ar\/portalurbano\/category\/destacadas-2\/\" rel=\"category tag\">Destacadas 2<\/a> <a href=\"https:\/\/experienciadevida.com.ar\/portalurbano\/category\/ciudad\/salud\/\" rel=\"category tag\">Salud<\/a>","tag_info":"Salud","comment_count":"0","amp_enabled":true,"_links":{"self":[{"href":"https:\/\/experienciadevida.com.ar\/portalurbano\/wp-json\/wp\/v2\/posts\/167964"}],"collection":[{"href":"https:\/\/experienciadevida.com.ar\/portalurbano\/wp-json\/wp\/v2\/posts"}],"about":[{"href":"https:\/\/experienciadevida.com.ar\/portalurbano\/wp-json\/wp\/v2\/types\/post"}],"author":[{"embeddable":true,"href":"https:\/\/experienciadevida.com.ar\/portalurbano\/wp-json\/wp\/v2\/users\/1"}],"replies":[{"embeddable":true,"href":"https:\/\/experienciadevida.com.ar\/portalurbano\/wp-json\/wp\/v2\/comments?post=167964"}],"version-history":[{"count":3,"href":"https:\/\/experienciadevida.com.ar\/portalurbano\/wp-json\/wp\/v2\/posts\/167964\/revisions"}],"predecessor-version":[{"id":167970,"href":"https:\/\/experienciadevida.com.ar\/portalurbano\/wp-json\/wp\/v2\/posts\/167964\/revisions\/167970"}],"wp:featuredmedia":[{"embeddable":true,"href":"https:\/\/experienciadevida.com.ar\/portalurbano\/wp-json\/wp\/v2\/media\/167965"}],"wp:attachment":[{"href":"https:\/\/experienciadevida.com.ar\/portalurbano\/wp-json\/wp\/v2\/media?parent=167964"}],"wp:term":[{"taxonomy":"category","embeddable":true,"href":"https:\/\/experienciadevida.com.ar\/portalurbano\/wp-json\/wp\/v2\/categories?post=167964"},{"taxonomy":"post_tag","embeddable":true,"href":"https:\/\/experienciadevida.com.ar\/portalurbano\/wp-json\/wp\/v2\/tags?post=167964"}],"curies":[{"name":"wp","href":"https:\/\/api.w.org\/{rel}","templated":true}]}}