{"id":167961,"date":"2022-05-19T12:07:50","date_gmt":"2022-05-19T15:07:50","guid":{"rendered":"https:\/\/experienciadevida.com.ar\/portalurbano\/?p=167961"},"modified":"2022-05-19T12:08:46","modified_gmt":"2022-05-19T15:08:46","slug":"en-octubre-sociales-en-accion-vuelve-a-la-presencialidad-en-el-campus-universitario","status":"publish","type":"post","link":"https:\/\/experienciadevida.com.ar\/portalurbano\/en-octubre-sociales-en-accion-vuelve-a-la-presencialidad-en-el-campus-universitario\/","title":{"rendered":"En octubre Sociales en Acci\u00f3n vuelve a la presencialidad en el campus universitario"},"content":{"rendered":"<p>En octubre Sociales en Acci\u00f3n vuelve a la presencialidad en el campus universitario, la jornada se desarrollar\u00e1 los d\u00edas mi\u00e9rcoles 5 y jueves 6 de octubre, e incluir\u00e1 una serie de propuestas destinadas a estudiantes de los dos \u00faltimos a\u00f1os del secundario.<\/p>\n<p>La <a href=\"https:\/\/www.facebook.com\/facultadcienciassociales.unicen\">Facultad de Ciencias Sociales<\/a> de la UNICEN organiza la XXII Edici\u00f3n de la Jornada de Articulaci\u00f3n Secundario-Universidad \u201cSociales en Acci\u00f3n\u201d, destinada a los y las estudiantes de 5\u00b0 y 6\u00b0 a\u00f1os de las escuelas secundarias del partido de Olavarr\u00eda. Despu\u00e9s de dos a\u00f1os en modalidad virtual, en esta oportunidad se llevar\u00e1 a cabo de manera presencial los d\u00edas 5 y 6 de octubre en el Complejo Universitario de Olavarr\u00eda.<\/p>\n<p>Desde hace m\u00e1s de dos d\u00e9cadas, \u201cSociales en Acci\u00f3n\u201d pretende desarrollar acciones de articulaci\u00f3n entre los niveles Secundario y Universitario, y constituirse en un espacio propicio para acompa\u00f1ar a los\/as estudiantes en el dif\u00edcil proceso de elecci\u00f3n de una carrera universitaria.<\/p>\n<p>Durante la jornada se brindar\u00e1n talleres tem\u00e1ticos, que estar\u00e1n a cargo de docentes, graduados\/as y estudiantes avanzados\/as de la Facultad de Ciencias Sociales. En esta oportunidad, los ejes tem\u00e1ticos de los talleres ser\u00e1n: Antropolog\u00eda, Arqueolog\u00eda, Comunicaci\u00f3n, Periodismo, Educaci\u00f3n, Producci\u00f3n Medi\u00e1tica, Perspectiva de G\u00e9nero y Educaci\u00f3n Sexual Integral.<\/p>\n<p>Resulta importante destacar que est\u00e1n vigentes tanto la convocatoria para formar parte del equipo colaborador de la Jornada, para lo que es posible ingresar aqu\u00ed, como la convocatoria a talleristas para la presentaci\u00f3n de propuestas -ver aqu\u00ed-.<\/p>\n<p>Por consultas es posible comunicarse al mail socialesenaccion.olavarria@gmail.com o a trav\u00e9s de las redes sociales de Sociales en Acci\u00f3n en Facebook: Sociales En Accion, en Instagram: @socenaccion, y en Twitter: @SocEnAccion.<\/p>\n","protected":false},"excerpt":{"rendered":"<p>En octubre Sociales en Acci\u00f3n vuelve a la presencialidad en el campus universitario, la jornada&#8230;<\/p>\n","protected":false},"author":1,"featured_media":167962,"comment_status":"closed","ping_status":"closed","sticky":false,"template":"","format":"standard","meta":{"content-type":""},"categories":[31],"tags":[],"nelio_content":{"isAutoShareEnabled":false,"autoShareEndMode":"default","automationSources":{"useContentSentences":true,"useSocialTemplates":true,"useCustomSentences":false,"customSentences":[]},"followers":[1],"suggestedReferences":[],"includedReferences":[],"efiUrl":"","efiAlt":"","highlights":[]},"yoast_head":"<!-- This site is optimized with the Yoast SEO plugin v20.7 - https:\/\/yoast.com\/wordpress\/plugins\/seo\/ -->\n<title>En octubre sociales en acci\u00f3n vuelve a la presencialidad en el campus<\/title>\n<meta name=\"description\" content=\"En octubre Sociales en Acci\u00f3n vuelve a la presencialidad en el campus universitario, la jornada se desarrollar\u00e1 en el mes de octubre.\" \/>\n<meta name=\"robots\" content=\"index, follow, max-snippet:-1, max-image-preview:large, max-video-preview:-1\" \/>\n<link rel=\"canonical\" href=\"https:\/\/experienciadevida.com.ar\/portalurbano\/en-octubre-sociales-en-accion-vuelve-a-la-presencialidad-en-el-campus-universitario\/\" \/>\n<meta property=\"og:locale\" content=\"es_ES\" \/>\n<meta property=\"og:type\" content=\"article\" \/>\n<meta property=\"og:title\" content=\"En octubre sociales en acci\u00f3n vuelve a la presencialidad en el campus\" \/>\n<meta property=\"og:description\" content=\"En octubre Sociales en Acci\u00f3n vuelve a la presencialidad en el campus universitario, la jornada se desarrollar\u00e1 en el mes de octubre.\" \/>\n<meta property=\"og:url\" content=\"https:\/\/experienciadevida.com.ar\/portalurbano\/en-octubre-sociales-en-accion-vuelve-a-la-presencialidad-en-el-campus-universitario\/\" \/>\n<meta property=\"article:publisher\" content=\"https:\/\/www.facebook.com\/Portal-Urbano-171542830093757\/\" \/>\n<meta property=\"article:published_time\" content=\"2022-05-19T15:07:50+00:00\" \/>\n<meta property=\"article:modified_time\" content=\"2022-05-19T15:08:46+00:00\" \/>\n<meta property=\"og:image\" content=\"https:\/\/experienciadevida.com.ar\/portalurbano\/wp-content\/uploads\/2022\/05\/En-octubre-Sociales-en.jpg\" \/>\n\t<meta property=\"og:image:width\" content=\"1000\" \/>\n\t<meta property=\"og:image:height\" content=\"991\" \/>\n\t<meta property=\"og:image:type\" content=\"image\/jpeg\" \/>\n<meta name=\"author\" content=\"admpu17wp\" \/>\n<meta name=\"twitter:card\" content=\"summary_large_image\" \/>\n<meta name=\"twitter:creator\" content=\"@portalurbanook\" \/>\n<meta name=\"twitter:site\" content=\"@portalurbanook\" \/>\n<meta name=\"twitter:label1\" content=\"Escrito por\" \/>\n\t<meta name=\"twitter:data1\" content=\"admpu17wp\" \/>\n\t<meta name=\"twitter:label2\" content=\"Tiempo de lectura\" \/>\n\t<meta name=\"twitter:data2\" content=\"2 minutos\" \/>\n<script type=\"application\/ld+json\" class=\"yoast-schema-graph\">{\"@context\":\"https:\/\/schema.org\",\"@graph\":[{\"@type\":\"Article\",\"@id\":\"https:\/\/experienciadevida.com.ar\/portalurbano\/en-octubre-sociales-en-accion-vuelve-a-la-presencialidad-en-el-campus-universitario\/#article\",\"isPartOf\":{\"@id\":\"https:\/\/experienciadevida.com.ar\/portalurbano\/en-octubre-sociales-en-accion-vuelve-a-la-presencialidad-en-el-campus-universitario\/\"},\"author\":{\"name\":\"admpu17wp\",\"@id\":\"https:\/\/experienciadevida.com.ar\/portalurbano\/#\/schema\/person\/02dd326b1c4b056e9cc972486934a3a7\"},\"headline\":\"En octubre Sociales en Acci\u00f3n vuelve a la presencialidad en el campus universitario\",\"datePublished\":\"2022-05-19T15:07:50+00:00\",\"dateModified\":\"2022-05-19T15:08:46+00:00\",\"mainEntityOfPage\":{\"@id\":\"https:\/\/experienciadevida.com.ar\/portalurbano\/en-octubre-sociales-en-accion-vuelve-a-la-presencialidad-en-el-campus-universitario\/\"},\"wordCount\":320,\"publisher\":{\"@id\":\"https:\/\/experienciadevida.com.ar\/portalurbano\/#organization\"},\"articleSection\":[\"Educaci\u00f3n\"],\"inLanguage\":\"es\"},{\"@type\":\"WebPage\",\"@id\":\"https:\/\/experienciadevida.com.ar\/portalurbano\/en-octubre-sociales-en-accion-vuelve-a-la-presencialidad-en-el-campus-universitario\/\",\"url\":\"https:\/\/experienciadevida.com.ar\/portalurbano\/en-octubre-sociales-en-accion-vuelve-a-la-presencialidad-en-el-campus-universitario\/\",\"name\":\"En octubre sociales en acci\u00f3n vuelve a la presencialidad en el campus\",\"isPartOf\":{\"@id\":\"https:\/\/experienciadevida.com.ar\/portalurbano\/#website\"},\"datePublished\":\"2022-05-19T15:07:50+00:00\",\"dateModified\":\"2022-05-19T15:08:46+00:00\",\"description\":\"En octubre Sociales en Acci\u00f3n vuelve a la presencialidad en el campus universitario, la jornada se desarrollar\u00e1 en el mes de octubre.\",\"breadcrumb\":{\"@id\":\"https:\/\/experienciadevida.com.ar\/portalurbano\/en-octubre-sociales-en-accion-vuelve-a-la-presencialidad-en-el-campus-universitario\/#breadcrumb\"},\"inLanguage\":\"es\",\"potentialAction\":[{\"@type\":\"ReadAction\",\"target\":[\"https:\/\/experienciadevida.com.ar\/portalurbano\/en-octubre-sociales-en-accion-vuelve-a-la-presencialidad-en-el-campus-universitario\/\"]}]},{\"@type\":\"BreadcrumbList\",\"@id\":\"https:\/\/experienciadevida.com.ar\/portalurbano\/en-octubre-sociales-en-accion-vuelve-a-la-presencialidad-en-el-campus-universitario\/#breadcrumb\",\"itemListElement\":[{\"@type\":\"ListItem\",\"position\":1,\"name\":\"Portada\",\"item\":\"https:\/\/experienciadevida.com.ar\/portalurbano\/\"},{\"@type\":\"ListItem\",\"position\":2,\"name\":\"En octubre Sociales en Acci\u00f3n vuelve a la presencialidad en el campus universitario\"}]},{\"@type\":\"WebSite\",\"@id\":\"https:\/\/experienciadevida.com.ar\/portalurbano\/#website\",\"url\":\"https:\/\/experienciadevida.com.ar\/portalurbano\/\",\"name\":\"\",\"description\":\"\",\"publisher\":{\"@id\":\"https:\/\/experienciadevida.com.ar\/portalurbano\/#organization\"},\"potentialAction\":[{\"@type\":\"SearchAction\",\"target\":{\"@type\":\"EntryPoint\",\"urlTemplate\":\"https:\/\/experienciadevida.com.ar\/portalurbano\/?s={search_term_string}\"},\"query-input\":\"required name=search_term_string\"}],\"inLanguage\":\"es\"},{\"@type\":\"Organization\",\"@id\":\"https:\/\/experienciadevida.com.ar\/portalurbano\/#organization\",\"name\":\"Portal Urbano\",\"url\":\"https:\/\/experienciadevida.com.ar\/portalurbano\/\",\"logo\":{\"@type\":\"ImageObject\",\"inLanguage\":\"es\",\"@id\":\"https:\/\/experienciadevida.com.ar\/portalurbano\/#\/schema\/logo\/image\/\",\"url\":\"https:\/\/experienciadevida.com.ar\/portalurbano\/wp-content\/uploads\/2019\/09\/Logo-Original.png\",\"contentUrl\":\"https:\/\/experienciadevida.com.ar\/portalurbano\/wp-content\/uploads\/2019\/09\/Logo-Original.png\",\"width\":2236,\"height\":1216,\"caption\":\"Portal Urbano\"},\"image\":{\"@id\":\"https:\/\/experienciadevida.com.ar\/portalurbano\/#\/schema\/logo\/image\/\"},\"sameAs\":[\"https:\/\/www.facebook.com\/Portal-Urbano-171542830093757\/\",\"https:\/\/twitter.com\/portalurbanook\",\"https:\/\/www.instagram.com\/_portalurbano\/\",\"https:\/\/www.youtube.com\/channel\/UCXhagIfszH8KxFiOok79zbA?view_as=subscriber\"]},{\"@type\":\"Person\",\"@id\":\"https:\/\/experienciadevida.com.ar\/portalurbano\/#\/schema\/person\/02dd326b1c4b056e9cc972486934a3a7\",\"name\":\"admpu17wp\",\"image\":{\"@type\":\"ImageObject\",\"inLanguage\":\"es\",\"@id\":\"https:\/\/experienciadevida.com.ar\/portalurbano\/#\/schema\/person\/image\/\",\"url\":\"https:\/\/secure.gravatar.com\/avatar\/830d4c57adaae6630765e449a6908047?s=96&d=mm&r=g\",\"contentUrl\":\"https:\/\/secure.gravatar.com\/avatar\/830d4c57adaae6630765e449a6908047?s=96&d=mm&r=g\",\"caption\":\"admpu17wp\"}}]}<\/script>\n<!-- \/ Yoast SEO plugin. -->","yoast_head_json":{"title":"En octubre sociales en acci\u00f3n vuelve a la presencialidad en el campus","description":"En octubre Sociales en Acci\u00f3n vuelve a la presencialidad en el campus universitario, la jornada se desarrollar\u00e1 en el mes de octubre.","robots":{"index":"index","follow":"follow","max-snippet":"max-snippet:-1","max-image-preview":"max-image-preview:large","max-video-preview":"max-video-preview:-1"},"canonical":"https:\/\/experienciadevida.com.ar\/portalurbano\/en-octubre-sociales-en-accion-vuelve-a-la-presencialidad-en-el-campus-universitario\/","og_locale":"es_ES","og_type":"article","og_title":"En octubre sociales en acci\u00f3n vuelve a la presencialidad en el campus","og_description":"En octubre Sociales en Acci\u00f3n vuelve a la presencialidad en el campus universitario, la jornada se desarrollar\u00e1 en el mes de octubre.","og_url":"https:\/\/experienciadevida.com.ar\/portalurbano\/en-octubre-sociales-en-accion-vuelve-a-la-presencialidad-en-el-campus-universitario\/","article_publisher":"https:\/\/www.facebook.com\/Portal-Urbano-171542830093757\/","article_published_time":"2022-05-19T15:07:50+00:00","article_modified_time":"2022-05-19T15:08:46+00:00","og_image":[{"width":1000,"height":991,"url":"https:\/\/experienciadevida.com.ar\/portalurbano\/wp-content\/uploads\/2022\/05\/En-octubre-Sociales-en.jpg","type":"image\/jpeg"}],"author":"admpu17wp","twitter_card":"summary_large_image","twitter_creator":"@portalurbanook","twitter_site":"@portalurbanook","twitter_misc":{"Escrito por":"admpu17wp","Tiempo de lectura":"2 minutos"},"schema":{"@context":"https:\/\/schema.org","@graph":[{"@type":"Article","@id":"https:\/\/experienciadevida.com.ar\/portalurbano\/en-octubre-sociales-en-accion-vuelve-a-la-presencialidad-en-el-campus-universitario\/#article","isPartOf":{"@id":"https:\/\/experienciadevida.com.ar\/portalurbano\/en-octubre-sociales-en-accion-vuelve-a-la-presencialidad-en-el-campus-universitario\/"},"author":{"name":"admpu17wp","@id":"https:\/\/experienciadevida.com.ar\/portalurbano\/#\/schema\/person\/02dd326b1c4b056e9cc972486934a3a7"},"headline":"En octubre Sociales en Acci\u00f3n vuelve a la presencialidad en el campus universitario","datePublished":"2022-05-19T15:07:50+00:00","dateModified":"2022-05-19T15:08:46+00:00","mainEntityOfPage":{"@id":"https:\/\/experienciadevida.com.ar\/portalurbano\/en-octubre-sociales-en-accion-vuelve-a-la-presencialidad-en-el-campus-universitario\/"},"wordCount":320,"publisher":{"@id":"https:\/\/experienciadevida.com.ar\/portalurbano\/#organization"},"articleSection":["Educaci\u00f3n"],"inLanguage":"es"},{"@type":"WebPage","@id":"https:\/\/experienciadevida.com.ar\/portalurbano\/en-octubre-sociales-en-accion-vuelve-a-la-presencialidad-en-el-campus-universitario\/","url":"https:\/\/experienciadevida.com.ar\/portalurbano\/en-octubre-sociales-en-accion-vuelve-a-la-presencialidad-en-el-campus-universitario\/","name":"En octubre sociales en acci\u00f3n vuelve a la presencialidad en el campus","isPartOf":{"@id":"https:\/\/experienciadevida.com.ar\/portalurbano\/#website"},"datePublished":"2022-05-19T15:07:50+00:00","dateModified":"2022-05-19T15:08:46+00:00","description":"En octubre Sociales en Acci\u00f3n vuelve a la presencialidad en el campus universitario, la jornada se desarrollar\u00e1 en el mes de octubre.","breadcrumb":{"@id":"https:\/\/experienciadevida.com.ar\/portalurbano\/en-octubre-sociales-en-accion-vuelve-a-la-presencialidad-en-el-campus-universitario\/#breadcrumb"},"inLanguage":"es","potentialAction":[{"@type":"ReadAction","target":["https:\/\/experienciadevida.com.ar\/portalurbano\/en-octubre-sociales-en-accion-vuelve-a-la-presencialidad-en-el-campus-universitario\/"]}]},{"@type":"BreadcrumbList","@id":"https:\/\/experienciadevida.com.ar\/portalurbano\/en-octubre-sociales-en-accion-vuelve-a-la-presencialidad-en-el-campus-universitario\/#breadcrumb","itemListElement":[{"@type":"ListItem","position":1,"name":"Portada","item":"https:\/\/experienciadevida.com.ar\/portalurbano\/"},{"@type":"ListItem","position":2,"name":"En octubre Sociales en Acci\u00f3n vuelve a la presencialidad en el campus universitario"}]},{"@type":"WebSite","@id":"https:\/\/experienciadevida.com.ar\/portalurbano\/#website","url":"https:\/\/experienciadevida.com.ar\/portalurbano\/","name":"","description":"","publisher":{"@id":"https:\/\/experienciadevida.com.ar\/portalurbano\/#organization"},"potentialAction":[{"@type":"SearchAction","target":{"@type":"EntryPoint","urlTemplate":"https:\/\/experienciadevida.com.ar\/portalurbano\/?s={search_term_string}"},"query-input":"required name=search_term_string"}],"inLanguage":"es"},{"@type":"Organization","@id":"https:\/\/experienciadevida.com.ar\/portalurbano\/#organization","name":"Portal Urbano","url":"https:\/\/experienciadevida.com.ar\/portalurbano\/","logo":{"@type":"ImageObject","inLanguage":"es","@id":"https:\/\/experienciadevida.com.ar\/portalurbano\/#\/schema\/logo\/image\/","url":"https:\/\/experienciadevida.com.ar\/portalurbano\/wp-content\/uploads\/2019\/09\/Logo-Original.png","contentUrl":"https:\/\/experienciadevida.com.ar\/portalurbano\/wp-content\/uploads\/2019\/09\/Logo-Original.png","width":2236,"height":1216,"caption":"Portal Urbano"},"image":{"@id":"https:\/\/experienciadevida.com.ar\/portalurbano\/#\/schema\/logo\/image\/"},"sameAs":["https:\/\/www.facebook.com\/Portal-Urbano-171542830093757\/","https:\/\/twitter.com\/portalurbanook","https:\/\/www.instagram.com\/_portalurbano\/","https:\/\/www.youtube.com\/channel\/UCXhagIfszH8KxFiOok79zbA?view_as=subscriber"]},{"@type":"Person","@id":"https:\/\/experienciadevida.com.ar\/portalurbano\/#\/schema\/person\/02dd326b1c4b056e9cc972486934a3a7","name":"admpu17wp","image":{"@type":"ImageObject","inLanguage":"es","@id":"https:\/\/experienciadevida.com.ar\/portalurbano\/#\/schema\/person\/image\/","url":"https:\/\/secure.gravatar.com\/avatar\/830d4c57adaae6630765e449a6908047?s=96&d=mm&r=g","contentUrl":"https:\/\/secure.gravatar.com\/avatar\/830d4c57adaae6630765e449a6908047?s=96&d=mm&r=g","caption":"admpu17wp"}}]}},"featured_image_urls":{"full":["https:\/\/experienciadevida.com.ar\/portalurbano\/wp-content\/uploads\/2022\/05\/En-octubre-Sociales-en.jpg",1000,991,false],"thumbnail":["https:\/\/experienciadevida.com.ar\/portalurbano\/wp-content\/uploads\/2022\/05\/En-octubre-Sociales-en-150x150.jpg",150,150,true],"medium":["https:\/\/experienciadevida.com.ar\/portalurbano\/wp-content\/uploads\/2022\/05\/En-octubre-Sociales-en-300x297.jpg",300,297,true],"medium_large":["https:\/\/experienciadevida.com.ar\/portalurbano\/wp-content\/uploads\/2022\/05\/En-octubre-Sociales-en-768x761.jpg",640,634,true],"large":["https:\/\/experienciadevida.com.ar\/portalurbano\/wp-content\/uploads\/2022\/05\/En-octubre-Sociales-en.jpg",640,634,false],"ug_big":["https:\/\/experienciadevida.com.ar\/portalurbano\/wp-content\/uploads\/2022\/05\/En-octubre-Sociales-en-768x761.jpg",768,761,true],"1536x1536":["https:\/\/experienciadevida.com.ar\/portalurbano\/wp-content\/uploads\/2022\/05\/En-octubre-Sociales-en.jpg",1000,991,false],"2048x2048":["https:\/\/experienciadevida.com.ar\/portalurbano\/wp-content\/uploads\/2022\/05\/En-octubre-Sociales-en.jpg",1000,991,false],"newsever-slider-full":["https:\/\/experienciadevida.com.ar\/portalurbano\/wp-content\/uploads\/2022\/05\/En-octubre-Sociales-en.jpg",853,845,false],"newsever-featured":["https:\/\/experienciadevida.com.ar\/portalurbano\/wp-content\/uploads\/2022\/05\/En-octubre-Sociales-en.jpg",1000,991,false],"newsever-medium":["https:\/\/experienciadevida.com.ar\/portalurbano\/wp-content\/uploads\/2022\/05\/En-octubre-Sociales-en.jpg",479,475,false],"web-stories-poster-portrait":["https:\/\/experienciadevida.com.ar\/portalurbano\/wp-content\/uploads\/2022\/05\/En-octubre-Sociales-en.jpg",640,634,false],"web-stories-publisher-logo":["https:\/\/experienciadevida.com.ar\/portalurbano\/wp-content\/uploads\/2022\/05\/En-octubre-Sociales-en.jpg",96,96,false],"web-stories-thumbnail":["https:\/\/experienciadevida.com.ar\/portalurbano\/wp-content\/uploads\/2022\/05\/En-octubre-Sociales-en.jpg",150,149,false]},"author_info":{"display_name":"admpu17wp","author_link":"https:\/\/experienciadevida.com.ar\/portalurbano\/author\/admpu17wp\/"},"category_info":"<a href=\"https:\/\/experienciadevida.com.ar\/portalurbano\/category\/ciudad\/educacion\/\" rel=\"category tag\">Educaci\u00f3n<\/a>","tag_info":"Educaci\u00f3n","comment_count":"0","amp_enabled":true,"_links":{"self":[{"href":"https:\/\/experienciadevida.com.ar\/portalurbano\/wp-json\/wp\/v2\/posts\/167961"}],"collection":[{"href":"https:\/\/experienciadevida.com.ar\/portalurbano\/wp-json\/wp\/v2\/posts"}],"about":[{"href":"https:\/\/experienciadevida.com.ar\/portalurbano\/wp-json\/wp\/v2\/types\/post"}],"author":[{"embeddable":true,"href":"https:\/\/experienciadevida.com.ar\/portalurbano\/wp-json\/wp\/v2\/users\/1"}],"replies":[{"embeddable":true,"href":"https:\/\/experienciadevida.com.ar\/portalurbano\/wp-json\/wp\/v2\/comments?post=167961"}],"version-history":[{"count":1,"href":"https:\/\/experienciadevida.com.ar\/portalurbano\/wp-json\/wp\/v2\/posts\/167961\/revisions"}],"predecessor-version":[{"id":167963,"href":"https:\/\/experienciadevida.com.ar\/portalurbano\/wp-json\/wp\/v2\/posts\/167961\/revisions\/167963"}],"wp:featuredmedia":[{"embeddable":true,"href":"https:\/\/experienciadevida.com.ar\/portalurbano\/wp-json\/wp\/v2\/media\/167962"}],"wp:attachment":[{"href":"https:\/\/experienciadevida.com.ar\/portalurbano\/wp-json\/wp\/v2\/media?parent=167961"}],"wp:term":[{"taxonomy":"category","embeddable":true,"href":"https:\/\/experienciadevida.com.ar\/portalurbano\/wp-json\/wp\/v2\/categories?post=167961"},{"taxonomy":"post_tag","embeddable":true,"href":"https:\/\/experienciadevida.com.ar\/portalurbano\/wp-json\/wp\/v2\/tags?post=167961"}],"curies":[{"name":"wp","href":"https:\/\/api.w.org\/{rel}","templated":true}]}}