{"id":167912,"date":"2022-05-18T12:43:26","date_gmt":"2022-05-18T15:43:26","guid":{"rendered":"https:\/\/experienciadevida.com.ar\/portalurbano\/?p=167912"},"modified":"2022-05-18T12:43:57","modified_gmt":"2022-05-18T15:43:57","slug":"inscripcion-abierta-al-taller-de-teatro-volver-a-la-tierra","status":"publish","type":"post","link":"https:\/\/experienciadevida.com.ar\/portalurbano\/inscripcion-abierta-al-taller-de-teatro-volver-a-la-tierra\/","title":{"rendered":"Inscripci\u00f3n abierta al taller de teatro \u201cVolver a la tierra\u201d"},"content":{"rendered":"<p>Inscripci\u00f3n abierta al taller de teatro \u201cVolver a la tierra\u201d, la <a href=\"https:\/\/www.facebook.com\/facultadcienciassociales.unicen\">Facultad de Ciencias Sociales,<\/a> a trav\u00e9s de la Secretar\u00eda de Extensi\u00f3n de la UNICEN, ofrecer\u00e1 el taller de teatro denominado \u201cVolver a la tierra\u201d, a cargo de la tallerista Florencia Indira Ciocchini.<\/p>\n<p>El mismo se dictar\u00e1 a lo largo de este a\u00f1o, a partir del s\u00e1bado 28 de mayo, todos los s\u00e1bados de 15 a 17 horas en el aula C1 de Aulas Comunes del Complejo Universitario.<\/p>\n<p>El taller de Teatro \u201cVolver a la Tierra\u201d est\u00e1 destinado a mayores de 18 a\u00f1os, se estructura en encuentros semanales de dos horas cada uno y tiene la intenci\u00f3n de profundizar en el potencial creativo y expresivo de cada ser a partir de los siguientes ejes:<\/p>\n<p>-La experiencia colectiva: siempre es con otrxs, con los otros cuerpos que acercan \u201cla otredad\u201d, el espejo, el reflejo, la complementariedad, la tensi\u00f3n, el lleno, el vac\u00edo, el conflicto, lo coral. Ese otro me afecta y necesito dejarme afectar, para que suceda la transformaci\u00f3n, para que acontezca lo nuevo e inesperado. Inclusive para poder mirarnos a nosotros mismos, necesitamos esa otra mirada a un coraz\u00f3n de distancia y enfrente nuestro.<\/p>\n<p>-El cuerpo es la alfombra m\u00e1gica de esta experiencia, y necesita abrirse, desentumecerse, estar habitado, estar presente. Ello aumenta la potencialidad creativa.<\/p>\n<p>-El v\u00ednculo con la naturaleza. Esa naturaleza que est\u00e1 a nuestro alrededor, pero \u2013por correspondencia- tambi\u00e9n dentro nuestro y se vuelve posibilitadora al momento de experimentar cualidades e intensidades energ\u00e9ticas, texturas, sabores, sonidos, que aportaran a la construcci\u00f3n esc\u00e9nica, a lo que queremos contar.<\/p>\n<p>-Las herramientas del teatro popular -principalmente- y -tambi\u00e9n- del clown, que invitan a crear a partir del \u201cestar-siendo\u201d: habilitando lo que traemos en nuestro background como seres individuales-sociales que somos, que se vuelve combustible de nuestro imaginario; rescatando la dramaturgia del actor, el cuerpo como escenario, estar \u201cen varias a la vez\u201d y despertando el deseo, puesto que en los actuantes los cuerpos son deseantes por sobre todas las cosas y est\u00e1n erotizados en el juego de la ficci\u00f3n.<\/p>\n<p>El taller tiene un costo de $1000 mensuales los cuales se abonan mediante factura electr\u00f3nica, la cual reciben en su correo electr\u00f3nico en centros de pagos r\u00e1pido. Para inscripciones dirigirse al link disponible aqu\u00ed, en el que recibir\u00e1n la factura electr\u00f3nica en 48 hs. h\u00e1biles. Por consultas escribir a cursos@virtual.soc.unicen.edu.ar.<\/p>\n","protected":false},"excerpt":{"rendered":"<p>Inscripci\u00f3n abierta al taller de teatro \u201cVolver a la tierra\u201d, la Facultad de Ciencias Sociales,&#8230;<\/p>\n","protected":false},"author":1,"featured_media":167913,"comment_status":"closed","ping_status":"closed","sticky":false,"template":"","format":"standard","meta":{"content-type":""},"categories":[31],"tags":[],"nelio_content":{"isAutoShareEnabled":false,"autoShareEndMode":"default","automationSources":{"useContentSentences":true,"useSocialTemplates":true,"useCustomSentences":false,"customSentences":[]},"followers":[1],"suggestedReferences":[],"includedReferences":[],"efiUrl":"","efiAlt":"","highlights":[]},"yoast_head":"<!-- This site is optimized with the Yoast SEO plugin v20.7 - https:\/\/yoast.com\/wordpress\/plugins\/seo\/ -->\n<title>Inscripci\u00f3n abierta al taller de Teatro &quot;volver a la tierra&quot;<\/title>\n<meta name=\"description\" content=\"Inscripci\u00f3n abierta al taller de teatro \u201cVolver a la tierra\u201d, la Facultad de Ciencias Sociales, a trav\u00e9s de la Secretar\u00eda de Extensi\u00f3n\" \/>\n<meta name=\"robots\" content=\"index, follow, max-snippet:-1, max-image-preview:large, max-video-preview:-1\" \/>\n<link rel=\"canonical\" href=\"https:\/\/experienciadevida.com.ar\/portalurbano\/inscripcion-abierta-al-taller-de-teatro-volver-a-la-tierra\/\" \/>\n<meta property=\"og:locale\" content=\"es_ES\" \/>\n<meta property=\"og:type\" content=\"article\" \/>\n<meta property=\"og:title\" content=\"Inscripci\u00f3n abierta al taller de Teatro &quot;volver a la tierra&quot;\" \/>\n<meta property=\"og:description\" content=\"Inscripci\u00f3n abierta al taller de teatro \u201cVolver a la tierra\u201d, la Facultad de Ciencias Sociales, a trav\u00e9s de la Secretar\u00eda de Extensi\u00f3n\" \/>\n<meta property=\"og:url\" content=\"https:\/\/experienciadevida.com.ar\/portalurbano\/inscripcion-abierta-al-taller-de-teatro-volver-a-la-tierra\/\" \/>\n<meta property=\"article:publisher\" content=\"https:\/\/www.facebook.com\/Portal-Urbano-171542830093757\/\" \/>\n<meta property=\"article:published_time\" content=\"2022-05-18T15:43:26+00:00\" \/>\n<meta property=\"article:modified_time\" content=\"2022-05-18T15:43:57+00:00\" \/>\n<meta property=\"og:image\" content=\"https:\/\/experienciadevida.com.ar\/portalurbano\/wp-content\/uploads\/2022\/05\/Inscripcion-abierta-al-taller.jpg\" \/>\n\t<meta property=\"og:image:width\" content=\"1000\" \/>\n\t<meta property=\"og:image:height\" content=\"1000\" \/>\n\t<meta property=\"og:image:type\" content=\"image\/jpeg\" \/>\n<meta name=\"author\" content=\"admpu17wp\" \/>\n<meta name=\"twitter:card\" content=\"summary_large_image\" \/>\n<meta name=\"twitter:creator\" content=\"@portalurbanook\" \/>\n<meta name=\"twitter:site\" content=\"@portalurbanook\" \/>\n<meta name=\"twitter:label1\" content=\"Escrito por\" \/>\n\t<meta name=\"twitter:data1\" content=\"admpu17wp\" \/>\n\t<meta name=\"twitter:label2\" content=\"Tiempo de lectura\" \/>\n\t<meta name=\"twitter:data2\" content=\"2 minutos\" \/>\n<script type=\"application\/ld+json\" class=\"yoast-schema-graph\">{\"@context\":\"https:\/\/schema.org\",\"@graph\":[{\"@type\":\"Article\",\"@id\":\"https:\/\/experienciadevida.com.ar\/portalurbano\/inscripcion-abierta-al-taller-de-teatro-volver-a-la-tierra\/#article\",\"isPartOf\":{\"@id\":\"https:\/\/experienciadevida.com.ar\/portalurbano\/inscripcion-abierta-al-taller-de-teatro-volver-a-la-tierra\/\"},\"author\":{\"name\":\"admpu17wp\",\"@id\":\"https:\/\/experienciadevida.com.ar\/portalurbano\/#\/schema\/person\/02dd326b1c4b056e9cc972486934a3a7\"},\"headline\":\"Inscripci\u00f3n abierta al taller de teatro \u201cVolver a la tierra\u201d\",\"datePublished\":\"2022-05-18T15:43:26+00:00\",\"dateModified\":\"2022-05-18T15:43:57+00:00\",\"mainEntityOfPage\":{\"@id\":\"https:\/\/experienciadevida.com.ar\/portalurbano\/inscripcion-abierta-al-taller-de-teatro-volver-a-la-tierra\/\"},\"wordCount\":427,\"publisher\":{\"@id\":\"https:\/\/experienciadevida.com.ar\/portalurbano\/#organization\"},\"articleSection\":[\"Educaci\u00f3n\"],\"inLanguage\":\"es\"},{\"@type\":\"WebPage\",\"@id\":\"https:\/\/experienciadevida.com.ar\/portalurbano\/inscripcion-abierta-al-taller-de-teatro-volver-a-la-tierra\/\",\"url\":\"https:\/\/experienciadevida.com.ar\/portalurbano\/inscripcion-abierta-al-taller-de-teatro-volver-a-la-tierra\/\",\"name\":\"Inscripci\u00f3n abierta al taller de Teatro \\\"volver a la tierra\\\"\",\"isPartOf\":{\"@id\":\"https:\/\/experienciadevida.com.ar\/portalurbano\/#website\"},\"datePublished\":\"2022-05-18T15:43:26+00:00\",\"dateModified\":\"2022-05-18T15:43:57+00:00\",\"description\":\"Inscripci\u00f3n abierta al taller de teatro \u201cVolver a la tierra\u201d, la Facultad de Ciencias Sociales, a trav\u00e9s de la Secretar\u00eda de Extensi\u00f3n\",\"breadcrumb\":{\"@id\":\"https:\/\/experienciadevida.com.ar\/portalurbano\/inscripcion-abierta-al-taller-de-teatro-volver-a-la-tierra\/#breadcrumb\"},\"inLanguage\":\"es\",\"potentialAction\":[{\"@type\":\"ReadAction\",\"target\":[\"https:\/\/experienciadevida.com.ar\/portalurbano\/inscripcion-abierta-al-taller-de-teatro-volver-a-la-tierra\/\"]}]},{\"@type\":\"BreadcrumbList\",\"@id\":\"https:\/\/experienciadevida.com.ar\/portalurbano\/inscripcion-abierta-al-taller-de-teatro-volver-a-la-tierra\/#breadcrumb\",\"itemListElement\":[{\"@type\":\"ListItem\",\"position\":1,\"name\":\"Portada\",\"item\":\"https:\/\/experienciadevida.com.ar\/portalurbano\/\"},{\"@type\":\"ListItem\",\"position\":2,\"name\":\"Inscripci\u00f3n abierta al taller de teatro \u201cVolver a la tierra\u201d\"}]},{\"@type\":\"WebSite\",\"@id\":\"https:\/\/experienciadevida.com.ar\/portalurbano\/#website\",\"url\":\"https:\/\/experienciadevida.com.ar\/portalurbano\/\",\"name\":\"\",\"description\":\"\",\"publisher\":{\"@id\":\"https:\/\/experienciadevida.com.ar\/portalurbano\/#organization\"},\"potentialAction\":[{\"@type\":\"SearchAction\",\"target\":{\"@type\":\"EntryPoint\",\"urlTemplate\":\"https:\/\/experienciadevida.com.ar\/portalurbano\/?s={search_term_string}\"},\"query-input\":\"required name=search_term_string\"}],\"inLanguage\":\"es\"},{\"@type\":\"Organization\",\"@id\":\"https:\/\/experienciadevida.com.ar\/portalurbano\/#organization\",\"name\":\"Portal Urbano\",\"url\":\"https:\/\/experienciadevida.com.ar\/portalurbano\/\",\"logo\":{\"@type\":\"ImageObject\",\"inLanguage\":\"es\",\"@id\":\"https:\/\/experienciadevida.com.ar\/portalurbano\/#\/schema\/logo\/image\/\",\"url\":\"https:\/\/experienciadevida.com.ar\/portalurbano\/wp-content\/uploads\/2019\/09\/Logo-Original.png\",\"contentUrl\":\"https:\/\/experienciadevida.com.ar\/portalurbano\/wp-content\/uploads\/2019\/09\/Logo-Original.png\",\"width\":2236,\"height\":1216,\"caption\":\"Portal Urbano\"},\"image\":{\"@id\":\"https:\/\/experienciadevida.com.ar\/portalurbano\/#\/schema\/logo\/image\/\"},\"sameAs\":[\"https:\/\/www.facebook.com\/Portal-Urbano-171542830093757\/\",\"https:\/\/twitter.com\/portalurbanook\",\"https:\/\/www.instagram.com\/_portalurbano\/\",\"https:\/\/www.youtube.com\/channel\/UCXhagIfszH8KxFiOok79zbA?view_as=subscriber\"]},{\"@type\":\"Person\",\"@id\":\"https:\/\/experienciadevida.com.ar\/portalurbano\/#\/schema\/person\/02dd326b1c4b056e9cc972486934a3a7\",\"name\":\"admpu17wp\",\"image\":{\"@type\":\"ImageObject\",\"inLanguage\":\"es\",\"@id\":\"https:\/\/experienciadevida.com.ar\/portalurbano\/#\/schema\/person\/image\/\",\"url\":\"https:\/\/secure.gravatar.com\/avatar\/830d4c57adaae6630765e449a6908047?s=96&d=mm&r=g\",\"contentUrl\":\"https:\/\/secure.gravatar.com\/avatar\/830d4c57adaae6630765e449a6908047?s=96&d=mm&r=g\",\"caption\":\"admpu17wp\"}}]}<\/script>\n<!-- \/ Yoast SEO plugin. -->","yoast_head_json":{"title":"Inscripci\u00f3n abierta al taller de Teatro \"volver a la tierra\"","description":"Inscripci\u00f3n abierta al taller de teatro \u201cVolver a la tierra\u201d, la Facultad de Ciencias Sociales, a trav\u00e9s de la Secretar\u00eda de Extensi\u00f3n","robots":{"index":"index","follow":"follow","max-snippet":"max-snippet:-1","max-image-preview":"max-image-preview:large","max-video-preview":"max-video-preview:-1"},"canonical":"https:\/\/experienciadevida.com.ar\/portalurbano\/inscripcion-abierta-al-taller-de-teatro-volver-a-la-tierra\/","og_locale":"es_ES","og_type":"article","og_title":"Inscripci\u00f3n abierta al taller de Teatro \"volver a la tierra\"","og_description":"Inscripci\u00f3n abierta al taller de teatro \u201cVolver a la tierra\u201d, la Facultad de Ciencias Sociales, a trav\u00e9s de la Secretar\u00eda de Extensi\u00f3n","og_url":"https:\/\/experienciadevida.com.ar\/portalurbano\/inscripcion-abierta-al-taller-de-teatro-volver-a-la-tierra\/","article_publisher":"https:\/\/www.facebook.com\/Portal-Urbano-171542830093757\/","article_published_time":"2022-05-18T15:43:26+00:00","article_modified_time":"2022-05-18T15:43:57+00:00","og_image":[{"width":1000,"height":1000,"url":"https:\/\/experienciadevida.com.ar\/portalurbano\/wp-content\/uploads\/2022\/05\/Inscripcion-abierta-al-taller.jpg","type":"image\/jpeg"}],"author":"admpu17wp","twitter_card":"summary_large_image","twitter_creator":"@portalurbanook","twitter_site":"@portalurbanook","twitter_misc":{"Escrito por":"admpu17wp","Tiempo de lectura":"2 minutos"},"schema":{"@context":"https:\/\/schema.org","@graph":[{"@type":"Article","@id":"https:\/\/experienciadevida.com.ar\/portalurbano\/inscripcion-abierta-al-taller-de-teatro-volver-a-la-tierra\/#article","isPartOf":{"@id":"https:\/\/experienciadevida.com.ar\/portalurbano\/inscripcion-abierta-al-taller-de-teatro-volver-a-la-tierra\/"},"author":{"name":"admpu17wp","@id":"https:\/\/experienciadevida.com.ar\/portalurbano\/#\/schema\/person\/02dd326b1c4b056e9cc972486934a3a7"},"headline":"Inscripci\u00f3n abierta al taller de teatro \u201cVolver a la tierra\u201d","datePublished":"2022-05-18T15:43:26+00:00","dateModified":"2022-05-18T15:43:57+00:00","mainEntityOfPage":{"@id":"https:\/\/experienciadevida.com.ar\/portalurbano\/inscripcion-abierta-al-taller-de-teatro-volver-a-la-tierra\/"},"wordCount":427,"publisher":{"@id":"https:\/\/experienciadevida.com.ar\/portalurbano\/#organization"},"articleSection":["Educaci\u00f3n"],"inLanguage":"es"},{"@type":"WebPage","@id":"https:\/\/experienciadevida.com.ar\/portalurbano\/inscripcion-abierta-al-taller-de-teatro-volver-a-la-tierra\/","url":"https:\/\/experienciadevida.com.ar\/portalurbano\/inscripcion-abierta-al-taller-de-teatro-volver-a-la-tierra\/","name":"Inscripci\u00f3n abierta al taller de Teatro \"volver a la tierra\"","isPartOf":{"@id":"https:\/\/experienciadevida.com.ar\/portalurbano\/#website"},"datePublished":"2022-05-18T15:43:26+00:00","dateModified":"2022-05-18T15:43:57+00:00","description":"Inscripci\u00f3n abierta al taller de teatro \u201cVolver a la tierra\u201d, la Facultad de Ciencias Sociales, a trav\u00e9s de la Secretar\u00eda de Extensi\u00f3n","breadcrumb":{"@id":"https:\/\/experienciadevida.com.ar\/portalurbano\/inscripcion-abierta-al-taller-de-teatro-volver-a-la-tierra\/#breadcrumb"},"inLanguage":"es","potentialAction":[{"@type":"ReadAction","target":["https:\/\/experienciadevida.com.ar\/portalurbano\/inscripcion-abierta-al-taller-de-teatro-volver-a-la-tierra\/"]}]},{"@type":"BreadcrumbList","@id":"https:\/\/experienciadevida.com.ar\/portalurbano\/inscripcion-abierta-al-taller-de-teatro-volver-a-la-tierra\/#breadcrumb","itemListElement":[{"@type":"ListItem","position":1,"name":"Portada","item":"https:\/\/experienciadevida.com.ar\/portalurbano\/"},{"@type":"ListItem","position":2,"name":"Inscripci\u00f3n abierta al taller de teatro \u201cVolver a la tierra\u201d"}]},{"@type":"WebSite","@id":"https:\/\/experienciadevida.com.ar\/portalurbano\/#website","url":"https:\/\/experienciadevida.com.ar\/portalurbano\/","name":"","description":"","publisher":{"@id":"https:\/\/experienciadevida.com.ar\/portalurbano\/#organization"},"potentialAction":[{"@type":"SearchAction","target":{"@type":"EntryPoint","urlTemplate":"https:\/\/experienciadevida.com.ar\/portalurbano\/?s={search_term_string}"},"query-input":"required name=search_term_string"}],"inLanguage":"es"},{"@type":"Organization","@id":"https:\/\/experienciadevida.com.ar\/portalurbano\/#organization","name":"Portal Urbano","url":"https:\/\/experienciadevida.com.ar\/portalurbano\/","logo":{"@type":"ImageObject","inLanguage":"es","@id":"https:\/\/experienciadevida.com.ar\/portalurbano\/#\/schema\/logo\/image\/","url":"https:\/\/experienciadevida.com.ar\/portalurbano\/wp-content\/uploads\/2019\/09\/Logo-Original.png","contentUrl":"https:\/\/experienciadevida.com.ar\/portalurbano\/wp-content\/uploads\/2019\/09\/Logo-Original.png","width":2236,"height":1216,"caption":"Portal Urbano"},"image":{"@id":"https:\/\/experienciadevida.com.ar\/portalurbano\/#\/schema\/logo\/image\/"},"sameAs":["https:\/\/www.facebook.com\/Portal-Urbano-171542830093757\/","https:\/\/twitter.com\/portalurbanook","https:\/\/www.instagram.com\/_portalurbano\/","https:\/\/www.youtube.com\/channel\/UCXhagIfszH8KxFiOok79zbA?view_as=subscriber"]},{"@type":"Person","@id":"https:\/\/experienciadevida.com.ar\/portalurbano\/#\/schema\/person\/02dd326b1c4b056e9cc972486934a3a7","name":"admpu17wp","image":{"@type":"ImageObject","inLanguage":"es","@id":"https:\/\/experienciadevida.com.ar\/portalurbano\/#\/schema\/person\/image\/","url":"https:\/\/secure.gravatar.com\/avatar\/830d4c57adaae6630765e449a6908047?s=96&d=mm&r=g","contentUrl":"https:\/\/secure.gravatar.com\/avatar\/830d4c57adaae6630765e449a6908047?s=96&d=mm&r=g","caption":"admpu17wp"}}]}},"featured_image_urls":{"full":["https:\/\/experienciadevida.com.ar\/portalurbano\/wp-content\/uploads\/2022\/05\/Inscripcion-abierta-al-taller.jpg",1000,1000,false],"thumbnail":["https:\/\/experienciadevida.com.ar\/portalurbano\/wp-content\/uploads\/2022\/05\/Inscripcion-abierta-al-taller-150x150.jpg",150,150,true],"medium":["https:\/\/experienciadevida.com.ar\/portalurbano\/wp-content\/uploads\/2022\/05\/Inscripcion-abierta-al-taller-300x300.jpg",300,300,true],"medium_large":["https:\/\/experienciadevida.com.ar\/portalurbano\/wp-content\/uploads\/2022\/05\/Inscripcion-abierta-al-taller-768x768.jpg",640,640,true],"large":["https:\/\/experienciadevida.com.ar\/portalurbano\/wp-content\/uploads\/2022\/05\/Inscripcion-abierta-al-taller.jpg",640,640,false],"ug_big":["https:\/\/experienciadevida.com.ar\/portalurbano\/wp-content\/uploads\/2022\/05\/Inscripcion-abierta-al-taller-768x768.jpg",768,768,true],"1536x1536":["https:\/\/experienciadevida.com.ar\/portalurbano\/wp-content\/uploads\/2022\/05\/Inscripcion-abierta-al-taller.jpg",1000,1000,false],"2048x2048":["https:\/\/experienciadevida.com.ar\/portalurbano\/wp-content\/uploads\/2022\/05\/Inscripcion-abierta-al-taller.jpg",1000,1000,false],"newsever-slider-full":["https:\/\/experienciadevida.com.ar\/portalurbano\/wp-content\/uploads\/2022\/05\/Inscripcion-abierta-al-taller.jpg",845,845,false],"newsever-featured":["https:\/\/experienciadevida.com.ar\/portalurbano\/wp-content\/uploads\/2022\/05\/Inscripcion-abierta-al-taller.jpg",1000,1000,false],"newsever-medium":["https:\/\/experienciadevida.com.ar\/portalurbano\/wp-content\/uploads\/2022\/05\/Inscripcion-abierta-al-taller.jpg",475,475,false],"web-stories-poster-portrait":["https:\/\/experienciadevida.com.ar\/portalurbano\/wp-content\/uploads\/2022\/05\/Inscripcion-abierta-al-taller.jpg",640,640,false],"web-stories-publisher-logo":["https:\/\/experienciadevida.com.ar\/portalurbano\/wp-content\/uploads\/2022\/05\/Inscripcion-abierta-al-taller.jpg",96,96,false],"web-stories-thumbnail":["https:\/\/experienciadevida.com.ar\/portalurbano\/wp-content\/uploads\/2022\/05\/Inscripcion-abierta-al-taller.jpg",150,150,false]},"author_info":{"display_name":"admpu17wp","author_link":"https:\/\/experienciadevida.com.ar\/portalurbano\/author\/admpu17wp\/"},"category_info":"<a href=\"https:\/\/experienciadevida.com.ar\/portalurbano\/category\/ciudad\/educacion\/\" rel=\"category tag\">Educaci\u00f3n<\/a>","tag_info":"Educaci\u00f3n","comment_count":"0","amp_enabled":true,"_links":{"self":[{"href":"https:\/\/experienciadevida.com.ar\/portalurbano\/wp-json\/wp\/v2\/posts\/167912"}],"collection":[{"href":"https:\/\/experienciadevida.com.ar\/portalurbano\/wp-json\/wp\/v2\/posts"}],"about":[{"href":"https:\/\/experienciadevida.com.ar\/portalurbano\/wp-json\/wp\/v2\/types\/post"}],"author":[{"embeddable":true,"href":"https:\/\/experienciadevida.com.ar\/portalurbano\/wp-json\/wp\/v2\/users\/1"}],"replies":[{"embeddable":true,"href":"https:\/\/experienciadevida.com.ar\/portalurbano\/wp-json\/wp\/v2\/comments?post=167912"}],"version-history":[{"count":1,"href":"https:\/\/experienciadevida.com.ar\/portalurbano\/wp-json\/wp\/v2\/posts\/167912\/revisions"}],"predecessor-version":[{"id":167914,"href":"https:\/\/experienciadevida.com.ar\/portalurbano\/wp-json\/wp\/v2\/posts\/167912\/revisions\/167914"}],"wp:featuredmedia":[{"embeddable":true,"href":"https:\/\/experienciadevida.com.ar\/portalurbano\/wp-json\/wp\/v2\/media\/167913"}],"wp:attachment":[{"href":"https:\/\/experienciadevida.com.ar\/portalurbano\/wp-json\/wp\/v2\/media?parent=167912"}],"wp:term":[{"taxonomy":"category","embeddable":true,"href":"https:\/\/experienciadevida.com.ar\/portalurbano\/wp-json\/wp\/v2\/categories?post=167912"},{"taxonomy":"post_tag","embeddable":true,"href":"https:\/\/experienciadevida.com.ar\/portalurbano\/wp-json\/wp\/v2\/tags?post=167912"}],"curies":[{"name":"wp","href":"https:\/\/api.w.org\/{rel}","templated":true}]}}