{"id":167880,"date":"2022-05-17T16:27:27","date_gmt":"2022-05-17T19:27:27","guid":{"rendered":"https:\/\/experienciadevida.com.ar\/portalurbano\/?p=167880"},"modified":"2022-05-17T16:27:55","modified_gmt":"2022-05-17T19:27:55","slug":"con-unidad-crecimiento-e-inclusion-el-ceco-celebra-hoy-119-anos","status":"publish","type":"post","link":"https:\/\/experienciadevida.com.ar\/portalurbano\/con-unidad-crecimiento-e-inclusion-el-ceco-celebra-hoy-119-anos\/","title":{"rendered":"Con unidad, crecimiento e inclusi\u00f3n el CECO celebra hoy 119 a\u00f1os"},"content":{"rendered":"<p>Con unidad, crecimiento e inclusi\u00f3n el <a href=\"https:\/\/www.facebook.com\/CECOOlavarria\">CECO<\/a> celebra hoy 119 a\u00f1os, sostuvo sus servicios durante la pandemia y acompa\u00f1o a los trabajadores esenciales. Adem\u00e1s realizaron modificaciones al estatuto del sindicato, con el objetivo<br \/>\nde aumentar la participaci\u00f3n e incorporar los avances tecnol\u00f3gicos.<\/p>\n<p>El Centro Empleados de Comercio Olavarr\u00eda (CECO) celebra este martes su 119\u00ba aniversario en la defensa de los empleados y empleadas mercantiles de nuestra ciudad. El gremio fundado el 17 de mayo de 1903 contin\u00faa trabajando en la mejora constante y la suma de servicios de calidad para los trabajadores y trabajadoras mercantiles.<\/p>\n<p>Sin dudas los \u00faltimos tiempos estuvieron marcados por la pandemia del Coronavirus y como trabajar para sostener los servicios para los mercantiles y reconocerles su condici\u00f3n de \u201cesenciales\u201d cuidando su salud y la de sus familias.<\/p>\n<p>Uno de los cambio mas importantes de este aniversario es la modificaci\u00f3n aprobada por asamblea del hist\u00f3rico estatuto sindical del CECO, que tiene como objetivo conformar un gremio m\u00e1s moderno, inclusivo, con la mirada<br \/>\npuesta en mejorar los servicios que actualmente brinda a los afiliados y afiliadas, pero tambi\u00e9n teniendo en cuenta los avances tecnol\u00f3gicos, el e-commerce y las nuevas plataformas.<\/p>\n<p>Miguel Santell\u00e1n Secretario General del gremio se manifest\u00f3 respecto a estas modificaciones en el estatuto \u201cNosotros hac\u00eda tiempo que ten\u00edamos la necesidad de reformar los estatutos para permitir mayor participaci\u00f3n y<br \/>\nmayor inclusi\u00f3n para los trabajadores y trabajadoras. Tener mayor acci\u00f3n para defender a nuestros trabajadores y trabajadoras y poder llevar adelante todas las tareas\u201d.<\/p>\n<p>\u201cLa participaci\u00f3n, la solidaridad y el compromiso con el trabajo es lo que nosotros tratamos de plasmar en el Estatuto y tambi\u00e9n en la conciencia de cada empleado y empleada de comercio. Esta reforma de estatutos es una<br \/>\nreforma para la participaci\u00f3n, es una reforma para mayores derechos y para que todos sepamos que tenemos que luchar y estar comprometidos con nuestros representados. No vamos a permitir que se nos quite ning\u00fan derecho.<br \/>\nQueremos otorgar mejor bienestar para todos y todas, y eso solo lo vamos a lograr con cambios, con inclusi\u00f3n, con crecimiento y fundamentalmente con unidad\u201d.<\/p>\n<p>Actividades programadas para el aniversario:<\/p>\n<p>Con unidad, crecimiento e inclusi\u00f3n el CECO celebra hoy 119 a\u00f1os, afiliados con 25 a\u00f1os, con el objetivo de destacar la labor desarrollada por los empleados y empleadas de comercio con mas de 25 a\u00f1os afiliaci\u00f3n este<br \/>\nmartes a las 13 horas se llevar\u00e1 a cabo un acto donde se le brindar\u00e1 un reconocimiento a los hombres y mujeres que est\u00e1n afiliados con anterioridad al a\u00f1o 1997.<\/p>\n<p>En el segundo piso del CECO se reunir\u00e1n los agasajados junto a la comisi\u00f3n directiva mercantil para hacerles entrega de un presente en reconociendo por acompa\u00f1ar solidariamente la trayectoria del sindicato en los \u00faltimos 25<br \/>\na\u00f1os.<\/p>\n<p>Cierre muestra . Con la presencia de la artista pl\u00e1stica Mar\u00eda de los \u00c1ngeles Crovetto, inspirada en la figura de Evita, cierra la muestra \u201cMaravillosa Furia\u201d que se exhibe en el Centro Empleados de Comercio de Olavarr\u00eda con entrada libre y gratuita, en el marco del aniversario del gremio mercantil.<\/p>\n<p>La exposici\u00f3n de Crovetto en el sindicato de los empleados y empleadas de comercio de Olavarr\u00eda podr\u00e1 visitarse entrada libre y gratuita hasta el martes a las 18 horas en el segundo piso de la sede del CECO ubicada en<br \/>\nCoronel Su\u00e1rez 2752.<\/p>\n","protected":false},"excerpt":{"rendered":"<p>Con unidad, crecimiento e inclusi\u00f3n el CECO celebra hoy 119 a\u00f1os, sostuvo sus servicios durante&#8230;<\/p>\n","protected":false},"author":1,"featured_media":167881,"comment_status":"closed","ping_status":"closed","sticky":false,"template":"","format":"standard","meta":{"content-type":""},"categories":[27],"tags":[],"nelio_content":{"isAutoShareEnabled":false,"autoShareEndMode":"default","automationSources":{"useContentSentences":true,"useSocialTemplates":true,"useCustomSentences":false,"customSentences":[]},"followers":[1],"suggestedReferences":[],"includedReferences":[],"efiUrl":"","efiAlt":"","highlights":[]},"yoast_head":"<!-- This site is optimized with the Yoast SEO plugin v20.7 - https:\/\/yoast.com\/wordpress\/plugins\/seo\/ -->\n<title>Con unidad, crecimiento e inclusi\u00f3n el CECO celebra hoy 119 a\u00f1os<\/title>\n<meta name=\"description\" content=\"Con unidad, crecimiento e inclusi\u00f3n el CECO celebra hoy 119 a\u00f1os, sostuvo sus servicios durante la pandemia y acompa\u00f1o a trabajadores\" \/>\n<meta name=\"robots\" content=\"index, follow, max-snippet:-1, max-image-preview:large, max-video-preview:-1\" \/>\n<link rel=\"canonical\" href=\"https:\/\/experienciadevida.com.ar\/portalurbano\/con-unidad-crecimiento-e-inclusion-el-ceco-celebra-hoy-119-anos\/\" \/>\n<meta property=\"og:locale\" content=\"es_ES\" \/>\n<meta property=\"og:type\" content=\"article\" \/>\n<meta property=\"og:title\" content=\"Con unidad, crecimiento e inclusi\u00f3n el CECO celebra hoy 119 a\u00f1os\" \/>\n<meta property=\"og:description\" content=\"Con unidad, crecimiento e inclusi\u00f3n el CECO celebra hoy 119 a\u00f1os, sostuvo sus servicios durante la pandemia y acompa\u00f1o a trabajadores\" \/>\n<meta property=\"og:url\" content=\"https:\/\/experienciadevida.com.ar\/portalurbano\/con-unidad-crecimiento-e-inclusion-el-ceco-celebra-hoy-119-anos\/\" \/>\n<meta property=\"article:publisher\" content=\"https:\/\/www.facebook.com\/Portal-Urbano-171542830093757\/\" \/>\n<meta property=\"article:published_time\" content=\"2022-05-17T19:27:27+00:00\" \/>\n<meta property=\"article:modified_time\" content=\"2022-05-17T19:27:55+00:00\" \/>\n<meta property=\"og:image\" content=\"https:\/\/experienciadevida.com.ar\/portalurbano\/wp-content\/uploads\/2022\/05\/Con-unidad.png\" \/>\n\t<meta property=\"og:image:width\" content=\"1139\" \/>\n\t<meta property=\"og:image:height\" content=\"575\" \/>\n\t<meta property=\"og:image:type\" content=\"image\/png\" \/>\n<meta name=\"author\" content=\"admpu17wp\" \/>\n<meta name=\"twitter:card\" content=\"summary_large_image\" \/>\n<meta name=\"twitter:creator\" content=\"@portalurbanook\" \/>\n<meta name=\"twitter:site\" content=\"@portalurbanook\" \/>\n<meta name=\"twitter:label1\" content=\"Escrito por\" \/>\n\t<meta name=\"twitter:data1\" content=\"admpu17wp\" \/>\n\t<meta name=\"twitter:label2\" content=\"Tiempo de lectura\" \/>\n\t<meta name=\"twitter:data2\" content=\"3 minutos\" \/>\n<script type=\"application\/ld+json\" class=\"yoast-schema-graph\">{\"@context\":\"https:\/\/schema.org\",\"@graph\":[{\"@type\":\"Article\",\"@id\":\"https:\/\/experienciadevida.com.ar\/portalurbano\/con-unidad-crecimiento-e-inclusion-el-ceco-celebra-hoy-119-anos\/#article\",\"isPartOf\":{\"@id\":\"https:\/\/experienciadevida.com.ar\/portalurbano\/con-unidad-crecimiento-e-inclusion-el-ceco-celebra-hoy-119-anos\/\"},\"author\":{\"name\":\"admpu17wp\",\"@id\":\"https:\/\/experienciadevida.com.ar\/portalurbano\/#\/schema\/person\/02dd326b1c4b056e9cc972486934a3a7\"},\"headline\":\"Con unidad, crecimiento e inclusi\u00f3n el CECO celebra hoy 119 a\u00f1os\",\"datePublished\":\"2022-05-17T19:27:27+00:00\",\"dateModified\":\"2022-05-17T19:27:55+00:00\",\"mainEntityOfPage\":{\"@id\":\"https:\/\/experienciadevida.com.ar\/portalurbano\/con-unidad-crecimiento-e-inclusion-el-ceco-celebra-hoy-119-anos\/\"},\"wordCount\":587,\"publisher\":{\"@id\":\"https:\/\/experienciadevida.com.ar\/portalurbano\/#organization\"},\"articleSection\":[\"Ciudad\"],\"inLanguage\":\"es\"},{\"@type\":\"WebPage\",\"@id\":\"https:\/\/experienciadevida.com.ar\/portalurbano\/con-unidad-crecimiento-e-inclusion-el-ceco-celebra-hoy-119-anos\/\",\"url\":\"https:\/\/experienciadevida.com.ar\/portalurbano\/con-unidad-crecimiento-e-inclusion-el-ceco-celebra-hoy-119-anos\/\",\"name\":\"Con unidad, crecimiento e inclusi\u00f3n el CECO celebra hoy 119 a\u00f1os\",\"isPartOf\":{\"@id\":\"https:\/\/experienciadevida.com.ar\/portalurbano\/#website\"},\"datePublished\":\"2022-05-17T19:27:27+00:00\",\"dateModified\":\"2022-05-17T19:27:55+00:00\",\"description\":\"Con unidad, crecimiento e inclusi\u00f3n el CECO celebra hoy 119 a\u00f1os, sostuvo sus servicios durante la pandemia y acompa\u00f1o a trabajadores\",\"breadcrumb\":{\"@id\":\"https:\/\/experienciadevida.com.ar\/portalurbano\/con-unidad-crecimiento-e-inclusion-el-ceco-celebra-hoy-119-anos\/#breadcrumb\"},\"inLanguage\":\"es\",\"potentialAction\":[{\"@type\":\"ReadAction\",\"target\":[\"https:\/\/experienciadevida.com.ar\/portalurbano\/con-unidad-crecimiento-e-inclusion-el-ceco-celebra-hoy-119-anos\/\"]}]},{\"@type\":\"BreadcrumbList\",\"@id\":\"https:\/\/experienciadevida.com.ar\/portalurbano\/con-unidad-crecimiento-e-inclusion-el-ceco-celebra-hoy-119-anos\/#breadcrumb\",\"itemListElement\":[{\"@type\":\"ListItem\",\"position\":1,\"name\":\"Portada\",\"item\":\"https:\/\/experienciadevida.com.ar\/portalurbano\/\"},{\"@type\":\"ListItem\",\"position\":2,\"name\":\"Con unidad, crecimiento e inclusi\u00f3n el CECO celebra hoy 119 a\u00f1os\"}]},{\"@type\":\"WebSite\",\"@id\":\"https:\/\/experienciadevida.com.ar\/portalurbano\/#website\",\"url\":\"https:\/\/experienciadevida.com.ar\/portalurbano\/\",\"name\":\"\",\"description\":\"\",\"publisher\":{\"@id\":\"https:\/\/experienciadevida.com.ar\/portalurbano\/#organization\"},\"potentialAction\":[{\"@type\":\"SearchAction\",\"target\":{\"@type\":\"EntryPoint\",\"urlTemplate\":\"https:\/\/experienciadevida.com.ar\/portalurbano\/?s={search_term_string}\"},\"query-input\":\"required name=search_term_string\"}],\"inLanguage\":\"es\"},{\"@type\":\"Organization\",\"@id\":\"https:\/\/experienciadevida.com.ar\/portalurbano\/#organization\",\"name\":\"Portal Urbano\",\"url\":\"https:\/\/experienciadevida.com.ar\/portalurbano\/\",\"logo\":{\"@type\":\"ImageObject\",\"inLanguage\":\"es\",\"@id\":\"https:\/\/experienciadevida.com.ar\/portalurbano\/#\/schema\/logo\/image\/\",\"url\":\"https:\/\/experienciadevida.com.ar\/portalurbano\/wp-content\/uploads\/2019\/09\/Logo-Original.png\",\"contentUrl\":\"https:\/\/experienciadevida.com.ar\/portalurbano\/wp-content\/uploads\/2019\/09\/Logo-Original.png\",\"width\":2236,\"height\":1216,\"caption\":\"Portal Urbano\"},\"image\":{\"@id\":\"https:\/\/experienciadevida.com.ar\/portalurbano\/#\/schema\/logo\/image\/\"},\"sameAs\":[\"https:\/\/www.facebook.com\/Portal-Urbano-171542830093757\/\",\"https:\/\/twitter.com\/portalurbanook\",\"https:\/\/www.instagram.com\/_portalurbano\/\",\"https:\/\/www.youtube.com\/channel\/UCXhagIfszH8KxFiOok79zbA?view_as=subscriber\"]},{\"@type\":\"Person\",\"@id\":\"https:\/\/experienciadevida.com.ar\/portalurbano\/#\/schema\/person\/02dd326b1c4b056e9cc972486934a3a7\",\"name\":\"admpu17wp\",\"image\":{\"@type\":\"ImageObject\",\"inLanguage\":\"es\",\"@id\":\"https:\/\/experienciadevida.com.ar\/portalurbano\/#\/schema\/person\/image\/\",\"url\":\"https:\/\/secure.gravatar.com\/avatar\/830d4c57adaae6630765e449a6908047?s=96&d=mm&r=g\",\"contentUrl\":\"https:\/\/secure.gravatar.com\/avatar\/830d4c57adaae6630765e449a6908047?s=96&d=mm&r=g\",\"caption\":\"admpu17wp\"}}]}<\/script>\n<!-- \/ Yoast SEO plugin. -->","yoast_head_json":{"title":"Con unidad, crecimiento e inclusi\u00f3n el CECO celebra hoy 119 a\u00f1os","description":"Con unidad, crecimiento e inclusi\u00f3n el CECO celebra hoy 119 a\u00f1os, sostuvo sus servicios durante la pandemia y acompa\u00f1o a trabajadores","robots":{"index":"index","follow":"follow","max-snippet":"max-snippet:-1","max-image-preview":"max-image-preview:large","max-video-preview":"max-video-preview:-1"},"canonical":"https:\/\/experienciadevida.com.ar\/portalurbano\/con-unidad-crecimiento-e-inclusion-el-ceco-celebra-hoy-119-anos\/","og_locale":"es_ES","og_type":"article","og_title":"Con unidad, crecimiento e inclusi\u00f3n el CECO celebra hoy 119 a\u00f1os","og_description":"Con unidad, crecimiento e inclusi\u00f3n el CECO celebra hoy 119 a\u00f1os, sostuvo sus servicios durante la pandemia y acompa\u00f1o a trabajadores","og_url":"https:\/\/experienciadevida.com.ar\/portalurbano\/con-unidad-crecimiento-e-inclusion-el-ceco-celebra-hoy-119-anos\/","article_publisher":"https:\/\/www.facebook.com\/Portal-Urbano-171542830093757\/","article_published_time":"2022-05-17T19:27:27+00:00","article_modified_time":"2022-05-17T19:27:55+00:00","og_image":[{"width":1139,"height":575,"url":"https:\/\/experienciadevida.com.ar\/portalurbano\/wp-content\/uploads\/2022\/05\/Con-unidad.png","type":"image\/png"}],"author":"admpu17wp","twitter_card":"summary_large_image","twitter_creator":"@portalurbanook","twitter_site":"@portalurbanook","twitter_misc":{"Escrito por":"admpu17wp","Tiempo de lectura":"3 minutos"},"schema":{"@context":"https:\/\/schema.org","@graph":[{"@type":"Article","@id":"https:\/\/experienciadevida.com.ar\/portalurbano\/con-unidad-crecimiento-e-inclusion-el-ceco-celebra-hoy-119-anos\/#article","isPartOf":{"@id":"https:\/\/experienciadevida.com.ar\/portalurbano\/con-unidad-crecimiento-e-inclusion-el-ceco-celebra-hoy-119-anos\/"},"author":{"name":"admpu17wp","@id":"https:\/\/experienciadevida.com.ar\/portalurbano\/#\/schema\/person\/02dd326b1c4b056e9cc972486934a3a7"},"headline":"Con unidad, crecimiento e inclusi\u00f3n el CECO celebra hoy 119 a\u00f1os","datePublished":"2022-05-17T19:27:27+00:00","dateModified":"2022-05-17T19:27:55+00:00","mainEntityOfPage":{"@id":"https:\/\/experienciadevida.com.ar\/portalurbano\/con-unidad-crecimiento-e-inclusion-el-ceco-celebra-hoy-119-anos\/"},"wordCount":587,"publisher":{"@id":"https:\/\/experienciadevida.com.ar\/portalurbano\/#organization"},"articleSection":["Ciudad"],"inLanguage":"es"},{"@type":"WebPage","@id":"https:\/\/experienciadevida.com.ar\/portalurbano\/con-unidad-crecimiento-e-inclusion-el-ceco-celebra-hoy-119-anos\/","url":"https:\/\/experienciadevida.com.ar\/portalurbano\/con-unidad-crecimiento-e-inclusion-el-ceco-celebra-hoy-119-anos\/","name":"Con unidad, crecimiento e inclusi\u00f3n el CECO celebra hoy 119 a\u00f1os","isPartOf":{"@id":"https:\/\/experienciadevida.com.ar\/portalurbano\/#website"},"datePublished":"2022-05-17T19:27:27+00:00","dateModified":"2022-05-17T19:27:55+00:00","description":"Con unidad, crecimiento e inclusi\u00f3n el CECO celebra hoy 119 a\u00f1os, sostuvo sus servicios durante la pandemia y acompa\u00f1o a trabajadores","breadcrumb":{"@id":"https:\/\/experienciadevida.com.ar\/portalurbano\/con-unidad-crecimiento-e-inclusion-el-ceco-celebra-hoy-119-anos\/#breadcrumb"},"inLanguage":"es","potentialAction":[{"@type":"ReadAction","target":["https:\/\/experienciadevida.com.ar\/portalurbano\/con-unidad-crecimiento-e-inclusion-el-ceco-celebra-hoy-119-anos\/"]}]},{"@type":"BreadcrumbList","@id":"https:\/\/experienciadevida.com.ar\/portalurbano\/con-unidad-crecimiento-e-inclusion-el-ceco-celebra-hoy-119-anos\/#breadcrumb","itemListElement":[{"@type":"ListItem","position":1,"name":"Portada","item":"https:\/\/experienciadevida.com.ar\/portalurbano\/"},{"@type":"ListItem","position":2,"name":"Con unidad, crecimiento e inclusi\u00f3n el CECO celebra hoy 119 a\u00f1os"}]},{"@type":"WebSite","@id":"https:\/\/experienciadevida.com.ar\/portalurbano\/#website","url":"https:\/\/experienciadevida.com.ar\/portalurbano\/","name":"","description":"","publisher":{"@id":"https:\/\/experienciadevida.com.ar\/portalurbano\/#organization"},"potentialAction":[{"@type":"SearchAction","target":{"@type":"EntryPoint","urlTemplate":"https:\/\/experienciadevida.com.ar\/portalurbano\/?s={search_term_string}"},"query-input":"required name=search_term_string"}],"inLanguage":"es"},{"@type":"Organization","@id":"https:\/\/experienciadevida.com.ar\/portalurbano\/#organization","name":"Portal Urbano","url":"https:\/\/experienciadevida.com.ar\/portalurbano\/","logo":{"@type":"ImageObject","inLanguage":"es","@id":"https:\/\/experienciadevida.com.ar\/portalurbano\/#\/schema\/logo\/image\/","url":"https:\/\/experienciadevida.com.ar\/portalurbano\/wp-content\/uploads\/2019\/09\/Logo-Original.png","contentUrl":"https:\/\/experienciadevida.com.ar\/portalurbano\/wp-content\/uploads\/2019\/09\/Logo-Original.png","width":2236,"height":1216,"caption":"Portal Urbano"},"image":{"@id":"https:\/\/experienciadevida.com.ar\/portalurbano\/#\/schema\/logo\/image\/"},"sameAs":["https:\/\/www.facebook.com\/Portal-Urbano-171542830093757\/","https:\/\/twitter.com\/portalurbanook","https:\/\/www.instagram.com\/_portalurbano\/","https:\/\/www.youtube.com\/channel\/UCXhagIfszH8KxFiOok79zbA?view_as=subscriber"]},{"@type":"Person","@id":"https:\/\/experienciadevida.com.ar\/portalurbano\/#\/schema\/person\/02dd326b1c4b056e9cc972486934a3a7","name":"admpu17wp","image":{"@type":"ImageObject","inLanguage":"es","@id":"https:\/\/experienciadevida.com.ar\/portalurbano\/#\/schema\/person\/image\/","url":"https:\/\/secure.gravatar.com\/avatar\/830d4c57adaae6630765e449a6908047?s=96&d=mm&r=g","contentUrl":"https:\/\/secure.gravatar.com\/avatar\/830d4c57adaae6630765e449a6908047?s=96&d=mm&r=g","caption":"admpu17wp"}}]}},"featured_image_urls":{"full":["https:\/\/experienciadevida.com.ar\/portalurbano\/wp-content\/uploads\/2022\/05\/Con-unidad.png",1139,575,false],"thumbnail":["https:\/\/experienciadevida.com.ar\/portalurbano\/wp-content\/uploads\/2022\/05\/Con-unidad-150x150.png",150,150,true],"medium":["https:\/\/experienciadevida.com.ar\/portalurbano\/wp-content\/uploads\/2022\/05\/Con-unidad-300x151.png",300,151,true],"medium_large":["https:\/\/experienciadevida.com.ar\/portalurbano\/wp-content\/uploads\/2022\/05\/Con-unidad-768x388.png",640,323,true],"large":["https:\/\/experienciadevida.com.ar\/portalurbano\/wp-content\/uploads\/2022\/05\/Con-unidad-1024x517.png",640,323,true],"ug_big":["https:\/\/experienciadevida.com.ar\/portalurbano\/wp-content\/uploads\/2022\/05\/Con-unidad-768x388.png",768,388,true],"1536x1536":["https:\/\/experienciadevida.com.ar\/portalurbano\/wp-content\/uploads\/2022\/05\/Con-unidad.png",1139,575,false],"2048x2048":["https:\/\/experienciadevida.com.ar\/portalurbano\/wp-content\/uploads\/2022\/05\/Con-unidad.png",1139,575,false],"newsever-slider-full":["https:\/\/experienciadevida.com.ar\/portalurbano\/wp-content\/uploads\/2022\/05\/Con-unidad.png",1139,575,false],"newsever-featured":["https:\/\/experienciadevida.com.ar\/portalurbano\/wp-content\/uploads\/2022\/05\/Con-unidad.png",1024,517,false],"newsever-medium":["https:\/\/experienciadevida.com.ar\/portalurbano\/wp-content\/uploads\/2022\/05\/Con-unidad.png",720,363,false],"web-stories-poster-portrait":["https:\/\/experienciadevida.com.ar\/portalurbano\/wp-content\/uploads\/2022\/05\/Con-unidad.png",640,323,false],"web-stories-publisher-logo":["https:\/\/experienciadevida.com.ar\/portalurbano\/wp-content\/uploads\/2022\/05\/Con-unidad.png",96,48,false],"web-stories-thumbnail":["https:\/\/experienciadevida.com.ar\/portalurbano\/wp-content\/uploads\/2022\/05\/Con-unidad.png",150,76,false]},"author_info":{"display_name":"admpu17wp","author_link":"https:\/\/experienciadevida.com.ar\/portalurbano\/author\/admpu17wp\/"},"category_info":"<a href=\"https:\/\/experienciadevida.com.ar\/portalurbano\/category\/ciudad\/\" rel=\"category tag\">Ciudad<\/a>","tag_info":"Ciudad","comment_count":"0","amp_enabled":true,"_links":{"self":[{"href":"https:\/\/experienciadevida.com.ar\/portalurbano\/wp-json\/wp\/v2\/posts\/167880"}],"collection":[{"href":"https:\/\/experienciadevida.com.ar\/portalurbano\/wp-json\/wp\/v2\/posts"}],"about":[{"href":"https:\/\/experienciadevida.com.ar\/portalurbano\/wp-json\/wp\/v2\/types\/post"}],"author":[{"embeddable":true,"href":"https:\/\/experienciadevida.com.ar\/portalurbano\/wp-json\/wp\/v2\/users\/1"}],"replies":[{"embeddable":true,"href":"https:\/\/experienciadevida.com.ar\/portalurbano\/wp-json\/wp\/v2\/comments?post=167880"}],"version-history":[{"count":2,"href":"https:\/\/experienciadevida.com.ar\/portalurbano\/wp-json\/wp\/v2\/posts\/167880\/revisions"}],"predecessor-version":[{"id":167883,"href":"https:\/\/experienciadevida.com.ar\/portalurbano\/wp-json\/wp\/v2\/posts\/167880\/revisions\/167883"}],"wp:featuredmedia":[{"embeddable":true,"href":"https:\/\/experienciadevida.com.ar\/portalurbano\/wp-json\/wp\/v2\/media\/167881"}],"wp:attachment":[{"href":"https:\/\/experienciadevida.com.ar\/portalurbano\/wp-json\/wp\/v2\/media?parent=167880"}],"wp:term":[{"taxonomy":"category","embeddable":true,"href":"https:\/\/experienciadevida.com.ar\/portalurbano\/wp-json\/wp\/v2\/categories?post=167880"},{"taxonomy":"post_tag","embeddable":true,"href":"https:\/\/experienciadevida.com.ar\/portalurbano\/wp-json\/wp\/v2\/tags?post=167880"}],"curies":[{"name":"wp","href":"https:\/\/api.w.org\/{rel}","templated":true}]}}