{"id":167848,"date":"2022-05-17T12:38:06","date_gmt":"2022-05-17T15:38:06","guid":{"rendered":"https:\/\/experienciadevida.com.ar\/portalurbano\/?p=167848"},"modified":"2022-05-17T13:20:17","modified_gmt":"2022-05-17T16:20:17","slug":"el-mte-se-manifiesta-en-la-municipalidad-por-techo-tierra-y-trabajo","status":"publish","type":"post","link":"https:\/\/experienciadevida.com.ar\/portalurbano\/el-mte-se-manifiesta-en-la-municipalidad-por-techo-tierra-y-trabajo\/","title":{"rendered":"El MTE se manifiesta en la Municipalidad &#8220;por techo, tierra y trabajo&#8221;"},"content":{"rendered":"<p>El <a href=\"https:\/\/www.instagram.com\/mte.olavarria\/\">MTE<\/a> se manifiesta en la Municipalidad &#8220;por techo, tierra y trabajo&#8221;, la misma sucede desde la ma\u00f1ana de este martes y la convocatoria est\u00e1 programada hasta las 14hs, el objetivo dialogar con el Intendente Municipal. El objetivo de la concentraci\u00f3n se da en el marco de &#8220;demandas que el dejamos al Ejecutivo el 17 de enero, de las cuales no cumpli\u00f3 ninguna&#8221; mencionan. Es importante remarcar que la calle Rivadavia se encuentra cortada.<\/p>\n<p><a href=\"https:\/\/experienciadevida.com.ar\/portalurbano\/el-mte-se-manifiesta-en-la-municipalidad-por-techo-tierra-y-trabajo\/el-21\/\" rel=\"attachment wp-att-167853\"><img decoding=\"async\" class=\"alignnone size-full wp-image-167853\" src=\"https:\/\/experienciadevida.com.ar\/portalurbano\/wp-content\/uploads\/2022\/05\/El-5.jpg\" alt=\"El \" width=\"765\" height=\"510\" srcset=\"https:\/\/experienciadevida.com.ar\/portalurbano\/wp-content\/uploads\/2022\/05\/El-5.jpg 765w, https:\/\/experienciadevida.com.ar\/portalurbano\/wp-content\/uploads\/2022\/05\/El-5-300x200.jpg 300w\" sizes=\"(max-width: 765px) 100vw, 765px\" \/><\/a><\/p>\n<p>El Movimiento de trabajadores excluidos se manifiesta en frente de la Municipalidad bajo la consigna &#8220;techo, tierra y trabajo&#8221;, adem\u00e1s de que hab\u00edan dejado &#8220;varias demandas al Ejecutivo que nunca respondi\u00f3&#8221;, las mismas abarcan la inclusi\u00f3n del sector cartonero en el sistema del reciclado, el cese de la persecuci\u00f3n a los feriantes, as\u00ed como tambi\u00e9n vendedores ambulantes.<\/p>\n<p>Por otro lado buscan un convenio de trabajo para liberados y construcci\u00f3n, equipos de profesionales en los barrios, convenios con comedores y merenderos, adem\u00e1s de tierra para las familias agricultoras.<\/p>\n<p>Los mismos instalaron una carpa en el vered\u00f3n, esperando a ser recibidos por el Intendente Ezequiel Galli as\u00ed como tambi\u00e9n del Subsecretario de Desarrollo Humano y Calidad de Vida, Diego Robbiani.<\/p>\n<p><span style=\"color: #0000ff;\">Las im\u00e1genes:<\/span><\/p>\n<p><a href=\"https:\/\/experienciadevida.com.ar\/portalurbano\/el-mte-se-manifiesta-en-la-municipalidad-por-techo-tierra-y-trabajo\/mte-4\/\" rel=\"attachment wp-att-167854\"><img decoding=\"async\" class=\"alignnone size-full wp-image-167854\" src=\"https:\/\/experienciadevida.com.ar\/portalurbano\/wp-content\/uploads\/2022\/05\/MTE.jpg\" alt=\"MTE\" width=\"765\" height=\"510\" srcset=\"https:\/\/experienciadevida.com.ar\/portalurbano\/wp-content\/uploads\/2022\/05\/MTE.jpg 765w, https:\/\/experienciadevida.com.ar\/portalurbano\/wp-content\/uploads\/2022\/05\/MTE-300x200.jpg 300w\" sizes=\"(max-width: 765px) 100vw, 765px\" \/><\/a><\/p>\n<p><a href=\"https:\/\/experienciadevida.com.ar\/portalurbano\/el-mte-se-manifiesta-en-la-municipalidad-por-techo-tierra-y-trabajo\/se-9\/\" rel=\"attachment wp-att-167855\"><img decoding=\"async\" class=\"alignnone size-full wp-image-167855\" src=\"https:\/\/experienciadevida.com.ar\/portalurbano\/wp-content\/uploads\/2022\/05\/se-2.jpg\" alt=\"se \" width=\"765\" height=\"510\" srcset=\"https:\/\/experienciadevida.com.ar\/portalurbano\/wp-content\/uploads\/2022\/05\/se-2.jpg 765w, https:\/\/experienciadevida.com.ar\/portalurbano\/wp-content\/uploads\/2022\/05\/se-2-300x200.jpg 300w\" sizes=\"(max-width: 765px) 100vw, 765px\" \/><\/a><\/p>\n<p><a href=\"https:\/\/experienciadevida.com.ar\/portalurbano\/el-mte-se-manifiesta-en-la-municipalidad-por-techo-tierra-y-trabajo\/manifiesta\/\" rel=\"attachment wp-att-167856\"><img decoding=\"async\" class=\"alignnone size-full wp-image-167856\" src=\"https:\/\/experienciadevida.com.ar\/portalurbano\/wp-content\/uploads\/2022\/05\/manifiesta.jpg\" alt=\"manifiesta \" width=\"765\" height=\"510\" srcset=\"https:\/\/experienciadevida.com.ar\/portalurbano\/wp-content\/uploads\/2022\/05\/manifiesta.jpg 765w, https:\/\/experienciadevida.com.ar\/portalurbano\/wp-content\/uploads\/2022\/05\/manifiesta-300x200.jpg 300w\" sizes=\"(max-width: 765px) 100vw, 765px\" \/><\/a><\/p>\n<p><a href=\"https:\/\/experienciadevida.com.ar\/portalurbano\/el-mte-se-manifiesta-en-la-municipalidad-por-techo-tierra-y-trabajo\/dsc_0010-3\/\" rel=\"attachment wp-att-167857\"><img decoding=\"async\" class=\"alignnone size-full wp-image-167857\" src=\"https:\/\/experienciadevida.com.ar\/portalurbano\/wp-content\/uploads\/2022\/05\/DSC_0010.jpg\" alt=\"\" width=\"765\" height=\"510\" srcset=\"https:\/\/experienciadevida.com.ar\/portalurbano\/wp-content\/uploads\/2022\/05\/DSC_0010.jpg 765w, https:\/\/experienciadevida.com.ar\/portalurbano\/wp-content\/uploads\/2022\/05\/DSC_0010-300x200.jpg 300w\" sizes=\"(max-width: 765px) 100vw, 765px\" \/><\/a><\/p>\n<p><a href=\"https:\/\/experienciadevida.com.ar\/portalurbano\/el-mte-se-manifiesta-en-la-municipalidad-por-techo-tierra-y-trabajo\/dsc_0011\/\" rel=\"attachment wp-att-167858\"><img decoding=\"async\" class=\"alignnone size-full wp-image-167858\" src=\"https:\/\/experienciadevida.com.ar\/portalurbano\/wp-content\/uploads\/2022\/05\/DSC_0011.jpg\" alt=\"\" width=\"765\" height=\"510\" srcset=\"https:\/\/experienciadevida.com.ar\/portalurbano\/wp-content\/uploads\/2022\/05\/DSC_0011.jpg 765w, https:\/\/experienciadevida.com.ar\/portalurbano\/wp-content\/uploads\/2022\/05\/DSC_0011-300x200.jpg 300w\" sizes=\"(max-width: 765px) 100vw, 765px\" \/><\/a><\/p>\n<p><a href=\"https:\/\/experienciadevida.com.ar\/portalurbano\/el-mte-se-manifiesta-en-la-municipalidad-por-techo-tierra-y-trabajo\/dsc_0012\/\" rel=\"attachment wp-att-167859\"><img decoding=\"async\" class=\"alignnone size-full wp-image-167859\" src=\"https:\/\/experienciadevida.com.ar\/portalurbano\/wp-content\/uploads\/2022\/05\/DSC_0012.jpg\" alt=\"\" width=\"765\" height=\"510\" srcset=\"https:\/\/experienciadevida.com.ar\/portalurbano\/wp-content\/uploads\/2022\/05\/DSC_0012.jpg 765w, https:\/\/experienciadevida.com.ar\/portalurbano\/wp-content\/uploads\/2022\/05\/DSC_0012-300x200.jpg 300w\" sizes=\"(max-width: 765px) 100vw, 765px\" \/><\/a><\/p>\n<p><a href=\"https:\/\/experienciadevida.com.ar\/portalurbano\/el-mte-se-manifiesta-en-la-municipalidad-por-techo-tierra-y-trabajo\/dsc_0016-4\/\" rel=\"attachment wp-att-167860\"><img decoding=\"async\" class=\"alignnone size-full wp-image-167860\" src=\"https:\/\/experienciadevida.com.ar\/portalurbano\/wp-content\/uploads\/2022\/05\/DSC_0016-1.jpg\" alt=\"\" width=\"765\" height=\"510\" srcset=\"https:\/\/experienciadevida.com.ar\/portalurbano\/wp-content\/uploads\/2022\/05\/DSC_0016-1.jpg 765w, https:\/\/experienciadevida.com.ar\/portalurbano\/wp-content\/uploads\/2022\/05\/DSC_0016-1-300x200.jpg 300w\" sizes=\"(max-width: 765px) 100vw, 765px\" \/><\/a><\/p>\n<p><a href=\"https:\/\/experienciadevida.com.ar\/portalurbano\/el-mte-se-manifiesta-en-la-municipalidad-por-techo-tierra-y-trabajo\/dsc_0020-6\/\" rel=\"attachment wp-att-167861\"><img decoding=\"async\" class=\"alignnone size-full wp-image-167861\" src=\"https:\/\/experienciadevida.com.ar\/portalurbano\/wp-content\/uploads\/2022\/05\/DSC_0020-1.jpg\" alt=\"\" width=\"765\" height=\"510\" srcset=\"https:\/\/experienciadevida.com.ar\/portalurbano\/wp-content\/uploads\/2022\/05\/DSC_0020-1.jpg 765w, https:\/\/experienciadevida.com.ar\/portalurbano\/wp-content\/uploads\/2022\/05\/DSC_0020-1-300x200.jpg 300w\" sizes=\"(max-width: 765px) 100vw, 765px\" \/><\/a><\/p>\n<p><a href=\"https:\/\/experienciadevida.com.ar\/portalurbano\/el-mte-se-manifiesta-en-la-municipalidad-por-techo-tierra-y-trabajo\/dsc_0021-5\/\" rel=\"attachment wp-att-167862\"><img decoding=\"async\" class=\"alignnone size-full wp-image-167862\" src=\"https:\/\/experienciadevida.com.ar\/portalurbano\/wp-content\/uploads\/2022\/05\/DSC_0021-1.jpg\" alt=\"\" width=\"765\" height=\"510\" srcset=\"https:\/\/experienciadevida.com.ar\/portalurbano\/wp-content\/uploads\/2022\/05\/DSC_0021-1.jpg 765w, https:\/\/experienciadevida.com.ar\/portalurbano\/wp-content\/uploads\/2022\/05\/DSC_0021-1-300x200.jpg 300w\" sizes=\"(max-width: 765px) 100vw, 765px\" \/><\/a><\/p>\n<p><a href=\"https:\/\/experienciadevida.com.ar\/portalurbano\/el-mte-se-manifiesta-en-la-municipalidad-por-techo-tierra-y-trabajo\/dsc_0022-2\/\" rel=\"attachment wp-att-167863\"><img decoding=\"async\" class=\"alignnone size-full wp-image-167863\" src=\"https:\/\/experienciadevida.com.ar\/portalurbano\/wp-content\/uploads\/2022\/05\/DSC_0022-1.jpg\" alt=\"\" width=\"765\" height=\"510\" srcset=\"https:\/\/experienciadevida.com.ar\/portalurbano\/wp-content\/uploads\/2022\/05\/DSC_0022-1.jpg 765w, https:\/\/experienciadevida.com.ar\/portalurbano\/wp-content\/uploads\/2022\/05\/DSC_0022-1-300x200.jpg 300w\" sizes=\"(max-width: 765px) 100vw, 765px\" \/><\/a><\/p>\n<p><a href=\"https:\/\/experienciadevida.com.ar\/portalurbano\/el-mte-se-manifiesta-en-la-municipalidad-por-techo-tierra-y-trabajo\/dsc_0023-3\/\" rel=\"attachment wp-att-167864\"><img decoding=\"async\" class=\"alignnone size-full wp-image-167864\" src=\"https:\/\/experienciadevida.com.ar\/portalurbano\/wp-content\/uploads\/2022\/05\/DSC_0023.jpg\" alt=\"\" width=\"765\" height=\"510\" srcset=\"https:\/\/experienciadevida.com.ar\/portalurbano\/wp-content\/uploads\/2022\/05\/DSC_0023.jpg 765w, https:\/\/experienciadevida.com.ar\/portalurbano\/wp-content\/uploads\/2022\/05\/DSC_0023-300x200.jpg 300w\" sizes=\"(max-width: 765px) 100vw, 765px\" \/><\/a><\/p>\n<p><a href=\"https:\/\/experienciadevida.com.ar\/portalurbano\/el-mte-se-manifiesta-en-la-municipalidad-por-techo-tierra-y-trabajo\/dsc_0024-2\/\" rel=\"attachment wp-att-167865\"><img decoding=\"async\" class=\"alignnone size-full wp-image-167865\" src=\"https:\/\/experienciadevida.com.ar\/portalurbano\/wp-content\/uploads\/2022\/05\/DSC_0024-1.jpg\" alt=\"\" width=\"765\" height=\"510\" srcset=\"https:\/\/experienciadevida.com.ar\/portalurbano\/wp-content\/uploads\/2022\/05\/DSC_0024-1.jpg 765w, https:\/\/experienciadevida.com.ar\/portalurbano\/wp-content\/uploads\/2022\/05\/DSC_0024-1-300x200.jpg 300w\" sizes=\"(max-width: 765px) 100vw, 765px\" \/><\/a><\/p>\n<p><a href=\"https:\/\/experienciadevida.com.ar\/portalurbano\/el-mte-se-manifiesta-en-la-municipalidad-por-techo-tierra-y-trabajo\/dsc_0026-3\/\" rel=\"attachment wp-att-167866\"><img decoding=\"async\" class=\"alignnone size-full wp-image-167866\" src=\"https:\/\/experienciadevida.com.ar\/portalurbano\/wp-content\/uploads\/2022\/05\/DSC_0026-2.jpg\" alt=\"\" width=\"765\" height=\"510\" srcset=\"https:\/\/experienciadevida.com.ar\/portalurbano\/wp-content\/uploads\/2022\/05\/DSC_0026-2.jpg 765w, https:\/\/experienciadevida.com.ar\/portalurbano\/wp-content\/uploads\/2022\/05\/DSC_0026-2-300x200.jpg 300w\" sizes=\"(max-width: 765px) 100vw, 765px\" \/><\/a><\/p>\n<p><a href=\"https:\/\/experienciadevida.com.ar\/portalurbano\/el-mte-se-manifiesta-en-la-municipalidad-por-techo-tierra-y-trabajo\/dsc_0027-5\/\" rel=\"attachment wp-att-167867\"><img decoding=\"async\" class=\"alignnone size-full wp-image-167867\" src=\"https:\/\/experienciadevida.com.ar\/portalurbano\/wp-content\/uploads\/2022\/05\/DSC_0027-2.jpg\" alt=\"\" width=\"765\" height=\"510\" srcset=\"https:\/\/experienciadevida.com.ar\/portalurbano\/wp-content\/uploads\/2022\/05\/DSC_0027-2.jpg 765w, https:\/\/experienciadevida.com.ar\/portalurbano\/wp-content\/uploads\/2022\/05\/DSC_0027-2-300x200.jpg 300w\" sizes=\"(max-width: 765px) 100vw, 765px\" \/><\/a><\/p>\n<p><a href=\"https:\/\/experienciadevida.com.ar\/portalurbano\/el-mte-se-manifiesta-en-la-municipalidad-por-techo-tierra-y-trabajo\/dsc_0028-2\/\" rel=\"attachment wp-att-167868\"><img decoding=\"async\" class=\"alignnone size-full wp-image-167868\" src=\"https:\/\/experienciadevida.com.ar\/portalurbano\/wp-content\/uploads\/2022\/05\/DSC_0028-1.jpg\" alt=\"\" width=\"765\" height=\"510\" srcset=\"https:\/\/experienciadevida.com.ar\/portalurbano\/wp-content\/uploads\/2022\/05\/DSC_0028-1.jpg 765w, https:\/\/experienciadevida.com.ar\/portalurbano\/wp-content\/uploads\/2022\/05\/DSC_0028-1-300x200.jpg 300w\" sizes=\"(max-width: 765px) 100vw, 765px\" \/><\/a><\/p>\n<p><a href=\"https:\/\/experienciadevida.com.ar\/portalurbano\/el-mte-se-manifiesta-en-la-municipalidad-por-techo-tierra-y-trabajo\/dsc_0029-3\/\" rel=\"attachment wp-att-167869\"><img decoding=\"async\" class=\"alignnone size-full wp-image-167869\" src=\"https:\/\/experienciadevida.com.ar\/portalurbano\/wp-content\/uploads\/2022\/05\/DSC_0029-2.jpg\" alt=\"\" width=\"765\" height=\"510\" srcset=\"https:\/\/experienciadevida.com.ar\/portalurbano\/wp-content\/uploads\/2022\/05\/DSC_0029-2.jpg 765w, https:\/\/experienciadevida.com.ar\/portalurbano\/wp-content\/uploads\/2022\/05\/DSC_0029-2-300x200.jpg 300w\" sizes=\"(max-width: 765px) 100vw, 765px\" \/><\/a><\/p>\n<p><a href=\"https:\/\/experienciadevida.com.ar\/portalurbano\/el-mte-se-manifiesta-en-la-municipalidad-por-techo-tierra-y-trabajo\/dsc_0030-5\/\" rel=\"attachment wp-att-167870\"><img decoding=\"async\" class=\"alignnone size-full wp-image-167870\" src=\"https:\/\/experienciadevida.com.ar\/portalurbano\/wp-content\/uploads\/2022\/05\/DSC_0030-4.jpg\" alt=\"\" width=\"765\" height=\"510\" srcset=\"https:\/\/experienciadevida.com.ar\/portalurbano\/wp-content\/uploads\/2022\/05\/DSC_0030-4.jpg 765w, https:\/\/experienciadevida.com.ar\/portalurbano\/wp-content\/uploads\/2022\/05\/DSC_0030-4-300x200.jpg 300w\" sizes=\"(max-width: 765px) 100vw, 765px\" \/><\/a><\/p>\n","protected":false},"excerpt":{"rendered":"<p>El MTE se manifiesta en la Municipalidad &#8220;por techo, tierra y trabajo&#8221;, la misma sucede&#8230;<\/p>\n","protected":false},"author":1,"featured_media":167849,"comment_status":"closed","ping_status":"closed","sticky":false,"template":"","format":"standard","meta":{"content-type":""},"categories":[27,64],"tags":[],"nelio_content":{"isAutoShareEnabled":false,"autoShareEndMode":"default","automationSources":{"useContentSentences":true,"useSocialTemplates":true,"useCustomSentences":false,"customSentences":[]},"followers":[1],"suggestedReferences":[],"includedReferences":["https:\/\/www.instagram.com\/mte.olavarria\/"],"efiUrl":"","efiAlt":"","highlights":[]},"yoast_head":"<!-- This site is optimized with the Yoast SEO plugin v20.7 - https:\/\/yoast.com\/wordpress\/plugins\/seo\/ -->\n<title>El MTE se manifiesta en la Municipalidad &quot;por techo, tierra y trabajo&quot;<\/title>\n<meta name=\"description\" content=\"El MTE se manifiesta en la Municipalidad &quot;por techo, tierra y trabajo&quot;, la misma sucede desde la ma\u00f1ana de este martes\" \/>\n<meta name=\"robots\" content=\"index, follow, max-snippet:-1, max-image-preview:large, max-video-preview:-1\" \/>\n<link rel=\"canonical\" href=\"https:\/\/experienciadevida.com.ar\/portalurbano\/el-mte-se-manifiesta-en-la-municipalidad-por-techo-tierra-y-trabajo\/\" \/>\n<meta property=\"og:locale\" content=\"es_ES\" \/>\n<meta property=\"og:type\" content=\"article\" \/>\n<meta property=\"og:title\" content=\"El MTE se manifiesta en la Municipalidad &quot;por techo, tierra y trabajo&quot;\" \/>\n<meta property=\"og:description\" content=\"El MTE se manifiesta en la Municipalidad &quot;por techo, tierra y trabajo&quot;, la misma sucede desde la ma\u00f1ana de este martes\" \/>\n<meta property=\"og:url\" content=\"https:\/\/experienciadevida.com.ar\/portalurbano\/el-mte-se-manifiesta-en-la-municipalidad-por-techo-tierra-y-trabajo\/\" \/>\n<meta property=\"article:publisher\" content=\"https:\/\/www.facebook.com\/Portal-Urbano-171542830093757\/\" \/>\n<meta property=\"article:published_time\" content=\"2022-05-17T15:38:06+00:00\" \/>\n<meta property=\"article:modified_time\" content=\"2022-05-17T16:20:17+00:00\" \/>\n<meta property=\"og:image\" content=\"https:\/\/experienciadevida.com.ar\/portalurbano\/wp-content\/uploads\/2022\/05\/El-MTE-se-manifiesta.jpg\" \/>\n\t<meta property=\"og:image:width\" content=\"765\" \/>\n\t<meta property=\"og:image:height\" content=\"510\" \/>\n\t<meta property=\"og:image:type\" content=\"image\/jpeg\" \/>\n<meta name=\"author\" content=\"admpu17wp\" \/>\n<meta name=\"twitter:card\" content=\"summary_large_image\" \/>\n<meta name=\"twitter:creator\" content=\"@portalurbanook\" \/>\n<meta name=\"twitter:site\" content=\"@portalurbanook\" \/>\n<meta name=\"twitter:label1\" content=\"Escrito por\" \/>\n\t<meta name=\"twitter:data1\" content=\"admpu17wp\" \/>\n\t<meta name=\"twitter:label2\" content=\"Tiempo de lectura\" \/>\n\t<meta name=\"twitter:data2\" content=\"5 minutos\" \/>\n<script type=\"application\/ld+json\" class=\"yoast-schema-graph\">{\"@context\":\"https:\/\/schema.org\",\"@graph\":[{\"@type\":\"Article\",\"@id\":\"https:\/\/experienciadevida.com.ar\/portalurbano\/el-mte-se-manifiesta-en-la-municipalidad-por-techo-tierra-y-trabajo\/#article\",\"isPartOf\":{\"@id\":\"https:\/\/experienciadevida.com.ar\/portalurbano\/el-mte-se-manifiesta-en-la-municipalidad-por-techo-tierra-y-trabajo\/\"},\"author\":{\"name\":\"admpu17wp\",\"@id\":\"https:\/\/experienciadevida.com.ar\/portalurbano\/#\/schema\/person\/02dd326b1c4b056e9cc972486934a3a7\"},\"headline\":\"El MTE se manifiesta en la Municipalidad &#8220;por techo, tierra y trabajo&#8221;\",\"datePublished\":\"2022-05-17T15:38:06+00:00\",\"dateModified\":\"2022-05-17T16:20:17+00:00\",\"mainEntityOfPage\":{\"@id\":\"https:\/\/experienciadevida.com.ar\/portalurbano\/el-mte-se-manifiesta-en-la-municipalidad-por-techo-tierra-y-trabajo\/\"},\"wordCount\":217,\"publisher\":{\"@id\":\"https:\/\/experienciadevida.com.ar\/portalurbano\/#organization\"},\"articleSection\":[\"Ciudad\",\"Destacadas 2\"],\"inLanguage\":\"es\"},{\"@type\":\"WebPage\",\"@id\":\"https:\/\/experienciadevida.com.ar\/portalurbano\/el-mte-se-manifiesta-en-la-municipalidad-por-techo-tierra-y-trabajo\/\",\"url\":\"https:\/\/experienciadevida.com.ar\/portalurbano\/el-mte-se-manifiesta-en-la-municipalidad-por-techo-tierra-y-trabajo\/\",\"name\":\"El MTE se manifiesta en la Municipalidad \\\"por techo, tierra y trabajo\\\"\",\"isPartOf\":{\"@id\":\"https:\/\/experienciadevida.com.ar\/portalurbano\/#website\"},\"datePublished\":\"2022-05-17T15:38:06+00:00\",\"dateModified\":\"2022-05-17T16:20:17+00:00\",\"description\":\"El MTE se manifiesta en la Municipalidad \\\"por techo, tierra y trabajo\\\", la misma sucede desde la ma\u00f1ana de este martes\",\"breadcrumb\":{\"@id\":\"https:\/\/experienciadevida.com.ar\/portalurbano\/el-mte-se-manifiesta-en-la-municipalidad-por-techo-tierra-y-trabajo\/#breadcrumb\"},\"inLanguage\":\"es\",\"potentialAction\":[{\"@type\":\"ReadAction\",\"target\":[\"https:\/\/experienciadevida.com.ar\/portalurbano\/el-mte-se-manifiesta-en-la-municipalidad-por-techo-tierra-y-trabajo\/\"]}]},{\"@type\":\"BreadcrumbList\",\"@id\":\"https:\/\/experienciadevida.com.ar\/portalurbano\/el-mte-se-manifiesta-en-la-municipalidad-por-techo-tierra-y-trabajo\/#breadcrumb\",\"itemListElement\":[{\"@type\":\"ListItem\",\"position\":1,\"name\":\"Portada\",\"item\":\"https:\/\/experienciadevida.com.ar\/portalurbano\/\"},{\"@type\":\"ListItem\",\"position\":2,\"name\":\"El MTE se manifiesta en la Municipalidad \u00abpor techo, tierra y trabajo\u00bb\"}]},{\"@type\":\"WebSite\",\"@id\":\"https:\/\/experienciadevida.com.ar\/portalurbano\/#website\",\"url\":\"https:\/\/experienciadevida.com.ar\/portalurbano\/\",\"name\":\"\",\"description\":\"\",\"publisher\":{\"@id\":\"https:\/\/experienciadevida.com.ar\/portalurbano\/#organization\"},\"potentialAction\":[{\"@type\":\"SearchAction\",\"target\":{\"@type\":\"EntryPoint\",\"urlTemplate\":\"https:\/\/experienciadevida.com.ar\/portalurbano\/?s={search_term_string}\"},\"query-input\":\"required name=search_term_string\"}],\"inLanguage\":\"es\"},{\"@type\":\"Organization\",\"@id\":\"https:\/\/experienciadevida.com.ar\/portalurbano\/#organization\",\"name\":\"Portal Urbano\",\"url\":\"https:\/\/experienciadevida.com.ar\/portalurbano\/\",\"logo\":{\"@type\":\"ImageObject\",\"inLanguage\":\"es\",\"@id\":\"https:\/\/experienciadevida.com.ar\/portalurbano\/#\/schema\/logo\/image\/\",\"url\":\"https:\/\/experienciadevida.com.ar\/portalurbano\/wp-content\/uploads\/2019\/09\/Logo-Original.png\",\"contentUrl\":\"https:\/\/experienciadevida.com.ar\/portalurbano\/wp-content\/uploads\/2019\/09\/Logo-Original.png\",\"width\":2236,\"height\":1216,\"caption\":\"Portal Urbano\"},\"image\":{\"@id\":\"https:\/\/experienciadevida.com.ar\/portalurbano\/#\/schema\/logo\/image\/\"},\"sameAs\":[\"https:\/\/www.facebook.com\/Portal-Urbano-171542830093757\/\",\"https:\/\/twitter.com\/portalurbanook\",\"https:\/\/www.instagram.com\/_portalurbano\/\",\"https:\/\/www.youtube.com\/channel\/UCXhagIfszH8KxFiOok79zbA?view_as=subscriber\"]},{\"@type\":\"Person\",\"@id\":\"https:\/\/experienciadevida.com.ar\/portalurbano\/#\/schema\/person\/02dd326b1c4b056e9cc972486934a3a7\",\"name\":\"admpu17wp\",\"image\":{\"@type\":\"ImageObject\",\"inLanguage\":\"es\",\"@id\":\"https:\/\/experienciadevida.com.ar\/portalurbano\/#\/schema\/person\/image\/\",\"url\":\"https:\/\/secure.gravatar.com\/avatar\/830d4c57adaae6630765e449a6908047?s=96&d=mm&r=g\",\"contentUrl\":\"https:\/\/secure.gravatar.com\/avatar\/830d4c57adaae6630765e449a6908047?s=96&d=mm&r=g\",\"caption\":\"admpu17wp\"}}]}<\/script>\n<!-- \/ Yoast SEO plugin. -->","yoast_head_json":{"title":"El MTE se manifiesta en la Municipalidad \"por techo, tierra y trabajo\"","description":"El MTE se manifiesta en la Municipalidad \"por techo, tierra y trabajo\", la misma sucede desde la ma\u00f1ana de este martes","robots":{"index":"index","follow":"follow","max-snippet":"max-snippet:-1","max-image-preview":"max-image-preview:large","max-video-preview":"max-video-preview:-1"},"canonical":"https:\/\/experienciadevida.com.ar\/portalurbano\/el-mte-se-manifiesta-en-la-municipalidad-por-techo-tierra-y-trabajo\/","og_locale":"es_ES","og_type":"article","og_title":"El MTE se manifiesta en la Municipalidad \"por techo, tierra y trabajo\"","og_description":"El MTE se manifiesta en la Municipalidad \"por techo, tierra y trabajo\", la misma sucede desde la ma\u00f1ana de este martes","og_url":"https:\/\/experienciadevida.com.ar\/portalurbano\/el-mte-se-manifiesta-en-la-municipalidad-por-techo-tierra-y-trabajo\/","article_publisher":"https:\/\/www.facebook.com\/Portal-Urbano-171542830093757\/","article_published_time":"2022-05-17T15:38:06+00:00","article_modified_time":"2022-05-17T16:20:17+00:00","og_image":[{"width":765,"height":510,"url":"https:\/\/experienciadevida.com.ar\/portalurbano\/wp-content\/uploads\/2022\/05\/El-MTE-se-manifiesta.jpg","type":"image\/jpeg"}],"author":"admpu17wp","twitter_card":"summary_large_image","twitter_creator":"@portalurbanook","twitter_site":"@portalurbanook","twitter_misc":{"Escrito por":"admpu17wp","Tiempo de lectura":"5 minutos"},"schema":{"@context":"https:\/\/schema.org","@graph":[{"@type":"Article","@id":"https:\/\/experienciadevida.com.ar\/portalurbano\/el-mte-se-manifiesta-en-la-municipalidad-por-techo-tierra-y-trabajo\/#article","isPartOf":{"@id":"https:\/\/experienciadevida.com.ar\/portalurbano\/el-mte-se-manifiesta-en-la-municipalidad-por-techo-tierra-y-trabajo\/"},"author":{"name":"admpu17wp","@id":"https:\/\/experienciadevida.com.ar\/portalurbano\/#\/schema\/person\/02dd326b1c4b056e9cc972486934a3a7"},"headline":"El MTE se manifiesta en la Municipalidad &#8220;por techo, tierra y trabajo&#8221;","datePublished":"2022-05-17T15:38:06+00:00","dateModified":"2022-05-17T16:20:17+00:00","mainEntityOfPage":{"@id":"https:\/\/experienciadevida.com.ar\/portalurbano\/el-mte-se-manifiesta-en-la-municipalidad-por-techo-tierra-y-trabajo\/"},"wordCount":217,"publisher":{"@id":"https:\/\/experienciadevida.com.ar\/portalurbano\/#organization"},"articleSection":["Ciudad","Destacadas 2"],"inLanguage":"es"},{"@type":"WebPage","@id":"https:\/\/experienciadevida.com.ar\/portalurbano\/el-mte-se-manifiesta-en-la-municipalidad-por-techo-tierra-y-trabajo\/","url":"https:\/\/experienciadevida.com.ar\/portalurbano\/el-mte-se-manifiesta-en-la-municipalidad-por-techo-tierra-y-trabajo\/","name":"El MTE se manifiesta en la Municipalidad \"por techo, tierra y trabajo\"","isPartOf":{"@id":"https:\/\/experienciadevida.com.ar\/portalurbano\/#website"},"datePublished":"2022-05-17T15:38:06+00:00","dateModified":"2022-05-17T16:20:17+00:00","description":"El MTE se manifiesta en la Municipalidad \"por techo, tierra y trabajo\", la misma sucede desde la ma\u00f1ana de este martes","breadcrumb":{"@id":"https:\/\/experienciadevida.com.ar\/portalurbano\/el-mte-se-manifiesta-en-la-municipalidad-por-techo-tierra-y-trabajo\/#breadcrumb"},"inLanguage":"es","potentialAction":[{"@type":"ReadAction","target":["https:\/\/experienciadevida.com.ar\/portalurbano\/el-mte-se-manifiesta-en-la-municipalidad-por-techo-tierra-y-trabajo\/"]}]},{"@type":"BreadcrumbList","@id":"https:\/\/experienciadevida.com.ar\/portalurbano\/el-mte-se-manifiesta-en-la-municipalidad-por-techo-tierra-y-trabajo\/#breadcrumb","itemListElement":[{"@type":"ListItem","position":1,"name":"Portada","item":"https:\/\/experienciadevida.com.ar\/portalurbano\/"},{"@type":"ListItem","position":2,"name":"El MTE se manifiesta en la Municipalidad \u00abpor techo, tierra y trabajo\u00bb"}]},{"@type":"WebSite","@id":"https:\/\/experienciadevida.com.ar\/portalurbano\/#website","url":"https:\/\/experienciadevida.com.ar\/portalurbano\/","name":"","description":"","publisher":{"@id":"https:\/\/experienciadevida.com.ar\/portalurbano\/#organization"},"potentialAction":[{"@type":"SearchAction","target":{"@type":"EntryPoint","urlTemplate":"https:\/\/experienciadevida.com.ar\/portalurbano\/?s={search_term_string}"},"query-input":"required name=search_term_string"}],"inLanguage":"es"},{"@type":"Organization","@id":"https:\/\/experienciadevida.com.ar\/portalurbano\/#organization","name":"Portal Urbano","url":"https:\/\/experienciadevida.com.ar\/portalurbano\/","logo":{"@type":"ImageObject","inLanguage":"es","@id":"https:\/\/experienciadevida.com.ar\/portalurbano\/#\/schema\/logo\/image\/","url":"https:\/\/experienciadevida.com.ar\/portalurbano\/wp-content\/uploads\/2019\/09\/Logo-Original.png","contentUrl":"https:\/\/experienciadevida.com.ar\/portalurbano\/wp-content\/uploads\/2019\/09\/Logo-Original.png","width":2236,"height":1216,"caption":"Portal Urbano"},"image":{"@id":"https:\/\/experienciadevida.com.ar\/portalurbano\/#\/schema\/logo\/image\/"},"sameAs":["https:\/\/www.facebook.com\/Portal-Urbano-171542830093757\/","https:\/\/twitter.com\/portalurbanook","https:\/\/www.instagram.com\/_portalurbano\/","https:\/\/www.youtube.com\/channel\/UCXhagIfszH8KxFiOok79zbA?view_as=subscriber"]},{"@type":"Person","@id":"https:\/\/experienciadevida.com.ar\/portalurbano\/#\/schema\/person\/02dd326b1c4b056e9cc972486934a3a7","name":"admpu17wp","image":{"@type":"ImageObject","inLanguage":"es","@id":"https:\/\/experienciadevida.com.ar\/portalurbano\/#\/schema\/person\/image\/","url":"https:\/\/secure.gravatar.com\/avatar\/830d4c57adaae6630765e449a6908047?s=96&d=mm&r=g","contentUrl":"https:\/\/secure.gravatar.com\/avatar\/830d4c57adaae6630765e449a6908047?s=96&d=mm&r=g","caption":"admpu17wp"}}]}},"featured_image_urls":{"full":["https:\/\/experienciadevida.com.ar\/portalurbano\/wp-content\/uploads\/2022\/05\/El-MTE-se-manifiesta.jpg",765,510,false],"thumbnail":["https:\/\/experienciadevida.com.ar\/portalurbano\/wp-content\/uploads\/2022\/05\/El-MTE-se-manifiesta-150x150.jpg",150,150,true],"medium":["https:\/\/experienciadevida.com.ar\/portalurbano\/wp-content\/uploads\/2022\/05\/El-MTE-se-manifiesta-300x200.jpg",300,200,true],"medium_large":["https:\/\/experienciadevida.com.ar\/portalurbano\/wp-content\/uploads\/2022\/05\/El-MTE-se-manifiesta.jpg",640,427,false],"large":["https:\/\/experienciadevida.com.ar\/portalurbano\/wp-content\/uploads\/2022\/05\/El-MTE-se-manifiesta.jpg",640,427,false],"ug_big":["https:\/\/experienciadevida.com.ar\/portalurbano\/wp-content\/uploads\/2022\/05\/El-MTE-se-manifiesta.jpg",765,510,false],"1536x1536":["https:\/\/experienciadevida.com.ar\/portalurbano\/wp-content\/uploads\/2022\/05\/El-MTE-se-manifiesta.jpg",765,510,false],"2048x2048":["https:\/\/experienciadevida.com.ar\/portalurbano\/wp-content\/uploads\/2022\/05\/El-MTE-se-manifiesta.jpg",765,510,false],"newsever-slider-full":["https:\/\/experienciadevida.com.ar\/portalurbano\/wp-content\/uploads\/2022\/05\/El-MTE-se-manifiesta.jpg",765,510,false],"newsever-featured":["https:\/\/experienciadevida.com.ar\/portalurbano\/wp-content\/uploads\/2022\/05\/El-MTE-se-manifiesta.jpg",765,510,false],"newsever-medium":["https:\/\/experienciadevida.com.ar\/portalurbano\/wp-content\/uploads\/2022\/05\/El-MTE-se-manifiesta.jpg",713,475,false],"web-stories-poster-portrait":["https:\/\/experienciadevida.com.ar\/portalurbano\/wp-content\/uploads\/2022\/05\/El-MTE-se-manifiesta.jpg",640,427,false],"web-stories-publisher-logo":["https:\/\/experienciadevida.com.ar\/portalurbano\/wp-content\/uploads\/2022\/05\/El-MTE-se-manifiesta.jpg",96,64,false],"web-stories-thumbnail":["https:\/\/experienciadevida.com.ar\/portalurbano\/wp-content\/uploads\/2022\/05\/El-MTE-se-manifiesta.jpg",150,100,false]},"author_info":{"display_name":"admpu17wp","author_link":"https:\/\/experienciadevida.com.ar\/portalurbano\/author\/admpu17wp\/"},"category_info":"<a href=\"https:\/\/experienciadevida.com.ar\/portalurbano\/category\/ciudad\/\" rel=\"category tag\">Ciudad<\/a> <a href=\"https:\/\/experienciadevida.com.ar\/portalurbano\/category\/destacadas-2\/\" rel=\"category tag\">Destacadas 2<\/a>","tag_info":"Destacadas 2","comment_count":"0","amp_enabled":true,"_links":{"self":[{"href":"https:\/\/experienciadevida.com.ar\/portalurbano\/wp-json\/wp\/v2\/posts\/167848"}],"collection":[{"href":"https:\/\/experienciadevida.com.ar\/portalurbano\/wp-json\/wp\/v2\/posts"}],"about":[{"href":"https:\/\/experienciadevida.com.ar\/portalurbano\/wp-json\/wp\/v2\/types\/post"}],"author":[{"embeddable":true,"href":"https:\/\/experienciadevida.com.ar\/portalurbano\/wp-json\/wp\/v2\/users\/1"}],"replies":[{"embeddable":true,"href":"https:\/\/experienciadevida.com.ar\/portalurbano\/wp-json\/wp\/v2\/comments?post=167848"}],"version-history":[{"count":4,"href":"https:\/\/experienciadevida.com.ar\/portalurbano\/wp-json\/wp\/v2\/posts\/167848\/revisions"}],"predecessor-version":[{"id":167871,"href":"https:\/\/experienciadevida.com.ar\/portalurbano\/wp-json\/wp\/v2\/posts\/167848\/revisions\/167871"}],"wp:featuredmedia":[{"embeddable":true,"href":"https:\/\/experienciadevida.com.ar\/portalurbano\/wp-json\/wp\/v2\/media\/167849"}],"wp:attachment":[{"href":"https:\/\/experienciadevida.com.ar\/portalurbano\/wp-json\/wp\/v2\/media?parent=167848"}],"wp:term":[{"taxonomy":"category","embeddable":true,"href":"https:\/\/experienciadevida.com.ar\/portalurbano\/wp-json\/wp\/v2\/categories?post=167848"},{"taxonomy":"post_tag","embeddable":true,"href":"https:\/\/experienciadevida.com.ar\/portalurbano\/wp-json\/wp\/v2\/tags?post=167848"}],"curies":[{"name":"wp","href":"https:\/\/api.w.org\/{rel}","templated":true}]}}