{"id":167842,"date":"2022-05-17T12:14:16","date_gmt":"2022-05-17T15:14:16","guid":{"rendered":"https:\/\/experienciadevida.com.ar\/portalurbano\/?p=167842"},"modified":"2022-05-17T12:16:32","modified_gmt":"2022-05-17T15:16:32","slug":"tenemos-el-compromiso-de-seguir-avanzando-en-los-proximos-anos-para-tener-cobertura-total","status":"publish","type":"post","link":"https:\/\/experienciadevida.com.ar\/portalurbano\/tenemos-el-compromiso-de-seguir-avanzando-en-los-proximos-anos-para-tener-cobertura-total\/","title":{"rendered":"\u201cTenemos el compromiso de seguir avanzando en los pr\u00f3ximos a\u00f1os para tener cobertura total\u201d"},"content":{"rendered":"<p>\u201cTenemos el compromiso de seguir avanzando en los pr\u00f3ximos a\u00f1os para tener cobertura total\u201d, as\u00ed lo mencion\u00f3 el <a href=\"https:\/\/www.facebook.com\/galliezequiel\">Intendente<\/a> en la inauguraci\u00f3n de la segunda etapa de ampliaci\u00f3n de la red de cloacas de Loma Negra, que beneficiar\u00e1 a cientos de familias de la localidad.<\/p>\n<p>El acto tuvo lugar en instalaciones de la planta depuradora cloacal \u2013que se ubica en tierras del ex aer\u00f3dromo municipal- en inmediaciones al Sector Industrial Planificado \u201cLos Fresnos\u201d.<\/p>\n<p>El nuevo servicio sanitario permite cubrir un \u00e1rea de 200 hect\u00e1reas aproximadamente y beneficiar a 760 habitantes de la localidad, con 318 conexiones domiciliarias.<\/p>\n<p>La inauguraci\u00f3n de esta obra representa una de las obras m\u00e1s significativas para la gesti\u00f3n municipal en materia de infraestructura, salud p\u00fablica, desarrollo econ\u00f3mico y sustentabilidad.<\/p>\n<p>Junto al Intendente se encontraban presentes los secretarios de Gobierno Hilario Galli, de Mantenimiento y Obras P\u00fablicas Julio Ferraro, de Desarrallo Econ\u00f3mico Julio Valetutto, de Desarrollo Humano y Calidad de Vida Diego Robbiani, el delegado de Loma Negra Gabriel Suburu, dem\u00e1s funcionarios municipales, concejales, referentes de instituciones de la comunidad y vecinos.<\/p>\n<p>En representaci\u00f3n de Coopelectric participaron del acto el presidente del Consejo de Administraci\u00f3n Cruz Arouxet, secretario Alberto Miotti y vocal titular Jos\u00e9 Mor\u00e1n.<\/p>\n<p>\u201cPara nosotros hoy es un d\u00eda un d\u00eda muy importante y creo que la presencia de ustedes tambi\u00e9n amerita que diga unas palabras y que exprese qu\u00e9 es lo que viene pasando en Loma Negra y las cloacas. Les voy a contar una an\u00e9cdota peque\u00f1a, una peque\u00f1a historia, cuando asum\u00eda en diciembre del 2015 nos sentamos con Julio Ferraro a ver el mapa de cloacas de Olavarr\u00eda, a ver d\u00f3nde hab\u00eda cloacas, d\u00f3nde no hab\u00eda cloacas. Nos llam\u00f3 la atenci\u00f3n que parte de Villa Alfredo Fortabat, un tercio aproximadamente ten\u00eda la red de cloacas, pero no los desechos no ten\u00edan d\u00f3nde ir, es decir se hizo la red de cloacas sin construirse la planta depuradora. Es poner el carro delante del caballo, dir\u00eda mi abuelo. Entonces nos pusimos a trabajar y tomamos la decisi\u00f3n de hacer esta planta depuradora\u201d, cont\u00f3 Galli.<\/p>\n<p>\u201cA m\u00ed me encanta que vengan a conocer, visitar y recorrer la planta, porque es una planta modelo, moderna, una planta que hoy est\u00e1 operativa y que est\u00e1 brindando un servicio no solamente a ese tercio de Villa Alfredo Fortabat que ya ten\u00eda la red, sino a 318 familias que se agregan\u201d, destac\u00f3.<\/p>\n<p>\u201cHoy gracias a esta obra que hicimos en conjunto con ENOHSA, 318 familias tienen un mejor servicio brindado por el Municipio, son 318 familias que tienen mayor calidad en su salud y son 318 familias que dejan de llamar al cami\u00f3n atmosf\u00e9rico. Esto es crecimiento, desarrollo y salud para la localidad\u201d, asegur\u00f3 el Intendente.<\/p>\n<p>\u201cTenemos un compromiso que es seguir trabajando por este camino y que en los pr\u00f3ximos cinco a\u00f1os podamos seguir avanzando y llegar a tener la cobertura total\u201d, asever\u00f3.<\/p>\n<p>\u201cEs un d\u00eda de mucha alegr\u00eda, es un d\u00eda de mucha felicidad y seguimos avanzando en infraestructura, seguimos avanzando en salud y esto es importante. Vamos a seguir trabajando por este camino, brindando las mejores condiciones, que es para lo que la gente nos puso en este lugar. Muchas gracias y que tenga un buen d\u00eda\u201d, cerr\u00f3 Galli.<\/p>\n<p>Puntualmente, la red recorre las calles: Alberdi entre Av. De los Inmigrantes y Av. Libertad, Santa Elena entre Av. De los Inmigrantes y Av. Libertad, Sarmiento entre Av. De los Inmigrantes y Av. Libertad, Brown entre Av. De los Inmigrantes y Av. Libertad, Av. 25 de mayo entre Av. De los Inmigrantes y Av. Libertad, A. Argentina entre Av. De los Inmigrantes y Av. Libertad, J. Becker entre Pte. H. Yrigoyen y Av. Libertad, 1\u00b0 de Mayo entre Alberdi y J. Becker, Pte. H. Yrigoyen entre Alberdi y J. Becker y Av. Libertad entre Alberdi y Av. 9 de Julio.<\/p>\n<p>La obra de ampliaci\u00f3n abarca las redes de desag\u00fces cloacales comprendidas entre: Av. Libertad, Av. de los Inmigrantes, calle J. Becker y Av. Alberdi. En Av. Libertad el servicio llega a ambas aceras desde Av. Alberdi hasta Av. 9 de Julio, con salida hacia el colector de 250 mm existente.<\/p>\n<p>En forma complementaria, tambi\u00e9n se ejecut\u00f3 la construcci\u00f3n de bocas de registro de hormig\u00f3n de di\u00e1metro 1200 mm, colocaci\u00f3n de conexiones domiciliarias cortas y reparaci\u00f3n de pavimento de hormig\u00f3n en traza de la nueva red cloacal.<\/p>\n<p>La ampliaci\u00f3n de la red cloacal constituye el servicio de saneamiento N\u00ba2, para tener una adecuada estructura sanitaria, junto con el agua potable que est\u00e1 en funcionamiento.<\/p>\n<p><a href=\"https:\/\/experienciadevida.com.ar\/portalurbano\/tenemos-el-compromiso-de-seguir-avanzando-en-los-proximos-anos-para-tener-cobertura-total\/tenemos-el\/\" rel=\"attachment wp-att-167846\"><img decoding=\"async\" class=\"alignnone size-large wp-image-167846\" src=\"https:\/\/experienciadevida.com.ar\/portalurbano\/wp-content\/uploads\/2022\/05\/Tenemos-el-1024x684.jpg\" alt=\"Tenemos el \" width=\"900\" height=\"601\" srcset=\"https:\/\/experienciadevida.com.ar\/portalurbano\/wp-content\/uploads\/2022\/05\/Tenemos-el-1024x684.jpg 1024w, https:\/\/experienciadevida.com.ar\/portalurbano\/wp-content\/uploads\/2022\/05\/Tenemos-el-300x201.jpg 300w, https:\/\/experienciadevida.com.ar\/portalurbano\/wp-content\/uploads\/2022\/05\/Tenemos-el-768x513.jpg 768w, https:\/\/experienciadevida.com.ar\/portalurbano\/wp-content\/uploads\/2022\/05\/Tenemos-el-1536x1027.jpg 1536w, https:\/\/experienciadevida.com.ar\/portalurbano\/wp-content\/uploads\/2022\/05\/Tenemos-el-2048x1369.jpg 2048w\" sizes=\"(max-width: 900px) 100vw, 900px\" \/><\/a><\/p>\n","protected":false},"excerpt":{"rendered":"<p>\u201cTenemos el compromiso de seguir avanzando en los pr\u00f3ximos a\u00f1os para tener cobertura total\u201d, as\u00ed&#8230;<\/p>\n","protected":false},"author":1,"featured_media":167843,"comment_status":"closed","ping_status":"closed","sticky":false,"template":"","format":"standard","meta":{"content-type":""},"categories":[27,51],"tags":[],"nelio_content":{"isAutoShareEnabled":false,"autoShareEndMode":"default","automationSources":{"useContentSentences":true,"useSocialTemplates":true,"useCustomSentences":false,"customSentences":[]},"followers":[1],"suggestedReferences":[],"includedReferences":[],"efiUrl":"","efiAlt":"","highlights":[]},"yoast_head":"<!-- This site is optimized with the Yoast SEO plugin v20.7 - https:\/\/yoast.com\/wordpress\/plugins\/seo\/ -->\n<title>&quot;Tenemos el compromiso de seguir avanzando en los pr\u00f3ximos a\u00f1os&quot;<\/title>\n<meta name=\"description\" content=\"\u201cTenemos el compromiso de seguir avanzando en los pr\u00f3ximos a\u00f1os para tener cobertura total\u201d, as\u00ed lo mencion\u00f3 el Intendente\" \/>\n<meta name=\"robots\" content=\"index, follow, max-snippet:-1, max-image-preview:large, max-video-preview:-1\" \/>\n<link rel=\"canonical\" href=\"https:\/\/experienciadevida.com.ar\/portalurbano\/tenemos-el-compromiso-de-seguir-avanzando-en-los-proximos-anos-para-tener-cobertura-total\/\" \/>\n<meta property=\"og:locale\" content=\"es_ES\" \/>\n<meta property=\"og:type\" content=\"article\" \/>\n<meta property=\"og:title\" content=\"&quot;Tenemos el compromiso de seguir avanzando en los pr\u00f3ximos a\u00f1os&quot;\" \/>\n<meta property=\"og:description\" content=\"\u201cTenemos el compromiso de seguir avanzando en los pr\u00f3ximos a\u00f1os para tener cobertura total\u201d, as\u00ed lo mencion\u00f3 el Intendente\" \/>\n<meta property=\"og:url\" content=\"https:\/\/experienciadevida.com.ar\/portalurbano\/tenemos-el-compromiso-de-seguir-avanzando-en-los-proximos-anos-para-tener-cobertura-total\/\" \/>\n<meta property=\"article:publisher\" content=\"https:\/\/www.facebook.com\/Portal-Urbano-171542830093757\/\" \/>\n<meta property=\"article:published_time\" content=\"2022-05-17T15:14:16+00:00\" \/>\n<meta property=\"article:modified_time\" content=\"2022-05-17T15:16:32+00:00\" \/>\n<meta property=\"og:image\" content=\"https:\/\/experienciadevida.com.ar\/portalurbano\/wp-content\/uploads\/2022\/05\/Tenemos-el-compromiso-de.jpg\" \/>\n\t<meta property=\"og:image:width\" content=\"2560\" \/>\n\t<meta property=\"og:image:height\" content=\"1711\" \/>\n\t<meta property=\"og:image:type\" content=\"image\/jpeg\" \/>\n<meta name=\"author\" content=\"admpu17wp\" \/>\n<meta name=\"twitter:card\" content=\"summary_large_image\" \/>\n<meta name=\"twitter:creator\" content=\"@portalurbanook\" \/>\n<meta name=\"twitter:site\" content=\"@portalurbanook\" \/>\n<meta name=\"twitter:label1\" content=\"Escrito por\" \/>\n\t<meta name=\"twitter:data1\" content=\"admpu17wp\" \/>\n\t<meta name=\"twitter:label2\" content=\"Tiempo de lectura\" \/>\n\t<meta name=\"twitter:data2\" content=\"4 minutos\" \/>\n<script type=\"application\/ld+json\" class=\"yoast-schema-graph\">{\"@context\":\"https:\/\/schema.org\",\"@graph\":[{\"@type\":\"Article\",\"@id\":\"https:\/\/experienciadevida.com.ar\/portalurbano\/tenemos-el-compromiso-de-seguir-avanzando-en-los-proximos-anos-para-tener-cobertura-total\/#article\",\"isPartOf\":{\"@id\":\"https:\/\/experienciadevida.com.ar\/portalurbano\/tenemos-el-compromiso-de-seguir-avanzando-en-los-proximos-anos-para-tener-cobertura-total\/\"},\"author\":{\"name\":\"admpu17wp\",\"@id\":\"https:\/\/experienciadevida.com.ar\/portalurbano\/#\/schema\/person\/02dd326b1c4b056e9cc972486934a3a7\"},\"headline\":\"\u201cTenemos el compromiso de seguir avanzando en los pr\u00f3ximos a\u00f1os para tener cobertura total\u201d\",\"datePublished\":\"2022-05-17T15:14:16+00:00\",\"dateModified\":\"2022-05-17T15:16:32+00:00\",\"mainEntityOfPage\":{\"@id\":\"https:\/\/experienciadevida.com.ar\/portalurbano\/tenemos-el-compromiso-de-seguir-avanzando-en-los-proximos-anos-para-tener-cobertura-total\/\"},\"wordCount\":801,\"publisher\":{\"@id\":\"https:\/\/experienciadevida.com.ar\/portalurbano\/#organization\"},\"articleSection\":[\"Ciudad\",\"Destacadas\"],\"inLanguage\":\"es\"},{\"@type\":\"WebPage\",\"@id\":\"https:\/\/experienciadevida.com.ar\/portalurbano\/tenemos-el-compromiso-de-seguir-avanzando-en-los-proximos-anos-para-tener-cobertura-total\/\",\"url\":\"https:\/\/experienciadevida.com.ar\/portalurbano\/tenemos-el-compromiso-de-seguir-avanzando-en-los-proximos-anos-para-tener-cobertura-total\/\",\"name\":\"\\\"Tenemos el compromiso de seguir avanzando en los pr\u00f3ximos a\u00f1os\\\"\",\"isPartOf\":{\"@id\":\"https:\/\/experienciadevida.com.ar\/portalurbano\/#website\"},\"datePublished\":\"2022-05-17T15:14:16+00:00\",\"dateModified\":\"2022-05-17T15:16:32+00:00\",\"description\":\"\u201cTenemos el compromiso de seguir avanzando en los pr\u00f3ximos a\u00f1os para tener cobertura total\u201d, as\u00ed lo mencion\u00f3 el Intendente\",\"breadcrumb\":{\"@id\":\"https:\/\/experienciadevida.com.ar\/portalurbano\/tenemos-el-compromiso-de-seguir-avanzando-en-los-proximos-anos-para-tener-cobertura-total\/#breadcrumb\"},\"inLanguage\":\"es\",\"potentialAction\":[{\"@type\":\"ReadAction\",\"target\":[\"https:\/\/experienciadevida.com.ar\/portalurbano\/tenemos-el-compromiso-de-seguir-avanzando-en-los-proximos-anos-para-tener-cobertura-total\/\"]}]},{\"@type\":\"BreadcrumbList\",\"@id\":\"https:\/\/experienciadevida.com.ar\/portalurbano\/tenemos-el-compromiso-de-seguir-avanzando-en-los-proximos-anos-para-tener-cobertura-total\/#breadcrumb\",\"itemListElement\":[{\"@type\":\"ListItem\",\"position\":1,\"name\":\"Portada\",\"item\":\"https:\/\/experienciadevida.com.ar\/portalurbano\/\"},{\"@type\":\"ListItem\",\"position\":2,\"name\":\"\u201cTenemos el compromiso de seguir avanzando en los pr\u00f3ximos a\u00f1os para tener cobertura total\u201d\"}]},{\"@type\":\"WebSite\",\"@id\":\"https:\/\/experienciadevida.com.ar\/portalurbano\/#website\",\"url\":\"https:\/\/experienciadevida.com.ar\/portalurbano\/\",\"name\":\"\",\"description\":\"\",\"publisher\":{\"@id\":\"https:\/\/experienciadevida.com.ar\/portalurbano\/#organization\"},\"potentialAction\":[{\"@type\":\"SearchAction\",\"target\":{\"@type\":\"EntryPoint\",\"urlTemplate\":\"https:\/\/experienciadevida.com.ar\/portalurbano\/?s={search_term_string}\"},\"query-input\":\"required name=search_term_string\"}],\"inLanguage\":\"es\"},{\"@type\":\"Organization\",\"@id\":\"https:\/\/experienciadevida.com.ar\/portalurbano\/#organization\",\"name\":\"Portal Urbano\",\"url\":\"https:\/\/experienciadevida.com.ar\/portalurbano\/\",\"logo\":{\"@type\":\"ImageObject\",\"inLanguage\":\"es\",\"@id\":\"https:\/\/experienciadevida.com.ar\/portalurbano\/#\/schema\/logo\/image\/\",\"url\":\"https:\/\/experienciadevida.com.ar\/portalurbano\/wp-content\/uploads\/2019\/09\/Logo-Original.png\",\"contentUrl\":\"https:\/\/experienciadevida.com.ar\/portalurbano\/wp-content\/uploads\/2019\/09\/Logo-Original.png\",\"width\":2236,\"height\":1216,\"caption\":\"Portal Urbano\"},\"image\":{\"@id\":\"https:\/\/experienciadevida.com.ar\/portalurbano\/#\/schema\/logo\/image\/\"},\"sameAs\":[\"https:\/\/www.facebook.com\/Portal-Urbano-171542830093757\/\",\"https:\/\/twitter.com\/portalurbanook\",\"https:\/\/www.instagram.com\/_portalurbano\/\",\"https:\/\/www.youtube.com\/channel\/UCXhagIfszH8KxFiOok79zbA?view_as=subscriber\"]},{\"@type\":\"Person\",\"@id\":\"https:\/\/experienciadevida.com.ar\/portalurbano\/#\/schema\/person\/02dd326b1c4b056e9cc972486934a3a7\",\"name\":\"admpu17wp\",\"image\":{\"@type\":\"ImageObject\",\"inLanguage\":\"es\",\"@id\":\"https:\/\/experienciadevida.com.ar\/portalurbano\/#\/schema\/person\/image\/\",\"url\":\"https:\/\/secure.gravatar.com\/avatar\/830d4c57adaae6630765e449a6908047?s=96&d=mm&r=g\",\"contentUrl\":\"https:\/\/secure.gravatar.com\/avatar\/830d4c57adaae6630765e449a6908047?s=96&d=mm&r=g\",\"caption\":\"admpu17wp\"}}]}<\/script>\n<!-- \/ Yoast SEO plugin. -->","yoast_head_json":{"title":"\"Tenemos el compromiso de seguir avanzando en los pr\u00f3ximos a\u00f1os\"","description":"\u201cTenemos el compromiso de seguir avanzando en los pr\u00f3ximos a\u00f1os para tener cobertura total\u201d, as\u00ed lo mencion\u00f3 el Intendente","robots":{"index":"index","follow":"follow","max-snippet":"max-snippet:-1","max-image-preview":"max-image-preview:large","max-video-preview":"max-video-preview:-1"},"canonical":"https:\/\/experienciadevida.com.ar\/portalurbano\/tenemos-el-compromiso-de-seguir-avanzando-en-los-proximos-anos-para-tener-cobertura-total\/","og_locale":"es_ES","og_type":"article","og_title":"\"Tenemos el compromiso de seguir avanzando en los pr\u00f3ximos a\u00f1os\"","og_description":"\u201cTenemos el compromiso de seguir avanzando en los pr\u00f3ximos a\u00f1os para tener cobertura total\u201d, as\u00ed lo mencion\u00f3 el Intendente","og_url":"https:\/\/experienciadevida.com.ar\/portalurbano\/tenemos-el-compromiso-de-seguir-avanzando-en-los-proximos-anos-para-tener-cobertura-total\/","article_publisher":"https:\/\/www.facebook.com\/Portal-Urbano-171542830093757\/","article_published_time":"2022-05-17T15:14:16+00:00","article_modified_time":"2022-05-17T15:16:32+00:00","og_image":[{"width":2560,"height":1711,"url":"https:\/\/experienciadevida.com.ar\/portalurbano\/wp-content\/uploads\/2022\/05\/Tenemos-el-compromiso-de.jpg","type":"image\/jpeg"}],"author":"admpu17wp","twitter_card":"summary_large_image","twitter_creator":"@portalurbanook","twitter_site":"@portalurbanook","twitter_misc":{"Escrito por":"admpu17wp","Tiempo de lectura":"4 minutos"},"schema":{"@context":"https:\/\/schema.org","@graph":[{"@type":"Article","@id":"https:\/\/experienciadevida.com.ar\/portalurbano\/tenemos-el-compromiso-de-seguir-avanzando-en-los-proximos-anos-para-tener-cobertura-total\/#article","isPartOf":{"@id":"https:\/\/experienciadevida.com.ar\/portalurbano\/tenemos-el-compromiso-de-seguir-avanzando-en-los-proximos-anos-para-tener-cobertura-total\/"},"author":{"name":"admpu17wp","@id":"https:\/\/experienciadevida.com.ar\/portalurbano\/#\/schema\/person\/02dd326b1c4b056e9cc972486934a3a7"},"headline":"\u201cTenemos el compromiso de seguir avanzando en los pr\u00f3ximos a\u00f1os para tener cobertura total\u201d","datePublished":"2022-05-17T15:14:16+00:00","dateModified":"2022-05-17T15:16:32+00:00","mainEntityOfPage":{"@id":"https:\/\/experienciadevida.com.ar\/portalurbano\/tenemos-el-compromiso-de-seguir-avanzando-en-los-proximos-anos-para-tener-cobertura-total\/"},"wordCount":801,"publisher":{"@id":"https:\/\/experienciadevida.com.ar\/portalurbano\/#organization"},"articleSection":["Ciudad","Destacadas"],"inLanguage":"es"},{"@type":"WebPage","@id":"https:\/\/experienciadevida.com.ar\/portalurbano\/tenemos-el-compromiso-de-seguir-avanzando-en-los-proximos-anos-para-tener-cobertura-total\/","url":"https:\/\/experienciadevida.com.ar\/portalurbano\/tenemos-el-compromiso-de-seguir-avanzando-en-los-proximos-anos-para-tener-cobertura-total\/","name":"\"Tenemos el compromiso de seguir avanzando en los pr\u00f3ximos a\u00f1os\"","isPartOf":{"@id":"https:\/\/experienciadevida.com.ar\/portalurbano\/#website"},"datePublished":"2022-05-17T15:14:16+00:00","dateModified":"2022-05-17T15:16:32+00:00","description":"\u201cTenemos el compromiso de seguir avanzando en los pr\u00f3ximos a\u00f1os para tener cobertura total\u201d, as\u00ed lo mencion\u00f3 el Intendente","breadcrumb":{"@id":"https:\/\/experienciadevida.com.ar\/portalurbano\/tenemos-el-compromiso-de-seguir-avanzando-en-los-proximos-anos-para-tener-cobertura-total\/#breadcrumb"},"inLanguage":"es","potentialAction":[{"@type":"ReadAction","target":["https:\/\/experienciadevida.com.ar\/portalurbano\/tenemos-el-compromiso-de-seguir-avanzando-en-los-proximos-anos-para-tener-cobertura-total\/"]}]},{"@type":"BreadcrumbList","@id":"https:\/\/experienciadevida.com.ar\/portalurbano\/tenemos-el-compromiso-de-seguir-avanzando-en-los-proximos-anos-para-tener-cobertura-total\/#breadcrumb","itemListElement":[{"@type":"ListItem","position":1,"name":"Portada","item":"https:\/\/experienciadevida.com.ar\/portalurbano\/"},{"@type":"ListItem","position":2,"name":"\u201cTenemos el compromiso de seguir avanzando en los pr\u00f3ximos a\u00f1os para tener cobertura total\u201d"}]},{"@type":"WebSite","@id":"https:\/\/experienciadevida.com.ar\/portalurbano\/#website","url":"https:\/\/experienciadevida.com.ar\/portalurbano\/","name":"","description":"","publisher":{"@id":"https:\/\/experienciadevida.com.ar\/portalurbano\/#organization"},"potentialAction":[{"@type":"SearchAction","target":{"@type":"EntryPoint","urlTemplate":"https:\/\/experienciadevida.com.ar\/portalurbano\/?s={search_term_string}"},"query-input":"required name=search_term_string"}],"inLanguage":"es"},{"@type":"Organization","@id":"https:\/\/experienciadevida.com.ar\/portalurbano\/#organization","name":"Portal Urbano","url":"https:\/\/experienciadevida.com.ar\/portalurbano\/","logo":{"@type":"ImageObject","inLanguage":"es","@id":"https:\/\/experienciadevida.com.ar\/portalurbano\/#\/schema\/logo\/image\/","url":"https:\/\/experienciadevida.com.ar\/portalurbano\/wp-content\/uploads\/2019\/09\/Logo-Original.png","contentUrl":"https:\/\/experienciadevida.com.ar\/portalurbano\/wp-content\/uploads\/2019\/09\/Logo-Original.png","width":2236,"height":1216,"caption":"Portal Urbano"},"image":{"@id":"https:\/\/experienciadevida.com.ar\/portalurbano\/#\/schema\/logo\/image\/"},"sameAs":["https:\/\/www.facebook.com\/Portal-Urbano-171542830093757\/","https:\/\/twitter.com\/portalurbanook","https:\/\/www.instagram.com\/_portalurbano\/","https:\/\/www.youtube.com\/channel\/UCXhagIfszH8KxFiOok79zbA?view_as=subscriber"]},{"@type":"Person","@id":"https:\/\/experienciadevida.com.ar\/portalurbano\/#\/schema\/person\/02dd326b1c4b056e9cc972486934a3a7","name":"admpu17wp","image":{"@type":"ImageObject","inLanguage":"es","@id":"https:\/\/experienciadevida.com.ar\/portalurbano\/#\/schema\/person\/image\/","url":"https:\/\/secure.gravatar.com\/avatar\/830d4c57adaae6630765e449a6908047?s=96&d=mm&r=g","contentUrl":"https:\/\/secure.gravatar.com\/avatar\/830d4c57adaae6630765e449a6908047?s=96&d=mm&r=g","caption":"admpu17wp"}}]}},"featured_image_urls":{"full":["https:\/\/experienciadevida.com.ar\/portalurbano\/wp-content\/uploads\/2022\/05\/Tenemos-el-compromiso-de.jpg",2560,1711,false],"thumbnail":["https:\/\/experienciadevida.com.ar\/portalurbano\/wp-content\/uploads\/2022\/05\/Tenemos-el-compromiso-de-150x150.jpg",150,150,true],"medium":["https:\/\/experienciadevida.com.ar\/portalurbano\/wp-content\/uploads\/2022\/05\/Tenemos-el-compromiso-de-300x201.jpg",300,201,true],"medium_large":["https:\/\/experienciadevida.com.ar\/portalurbano\/wp-content\/uploads\/2022\/05\/Tenemos-el-compromiso-de-768x513.jpg",640,428,true],"large":["https:\/\/experienciadevida.com.ar\/portalurbano\/wp-content\/uploads\/2022\/05\/Tenemos-el-compromiso-de-1024x684.jpg",640,428,true],"ug_big":["https:\/\/experienciadevida.com.ar\/portalurbano\/wp-content\/uploads\/2022\/05\/Tenemos-el-compromiso-de-768x513.jpg",768,513,true],"1536x1536":["https:\/\/experienciadevida.com.ar\/portalurbano\/wp-content\/uploads\/2022\/05\/Tenemos-el-compromiso-de-1536x1027.jpg",1536,1027,true],"2048x2048":["https:\/\/experienciadevida.com.ar\/portalurbano\/wp-content\/uploads\/2022\/05\/Tenemos-el-compromiso-de-2048x1369.jpg",2048,1369,true],"newsever-slider-full":["https:\/\/experienciadevida.com.ar\/portalurbano\/wp-content\/uploads\/2022\/05\/Tenemos-el-compromiso-de.jpg",1264,845,false],"newsever-featured":["https:\/\/experienciadevida.com.ar\/portalurbano\/wp-content\/uploads\/2022\/05\/Tenemos-el-compromiso-de.jpg",1024,684,false],"newsever-medium":["https:\/\/experienciadevida.com.ar\/portalurbano\/wp-content\/uploads\/2022\/05\/Tenemos-el-compromiso-de.jpg",711,475,false],"web-stories-poster-portrait":["https:\/\/experienciadevida.com.ar\/portalurbano\/wp-content\/uploads\/2022\/05\/Tenemos-el-compromiso-de.jpg",640,428,false],"web-stories-publisher-logo":["https:\/\/experienciadevida.com.ar\/portalurbano\/wp-content\/uploads\/2022\/05\/Tenemos-el-compromiso-de.jpg",96,64,false],"web-stories-thumbnail":["https:\/\/experienciadevida.com.ar\/portalurbano\/wp-content\/uploads\/2022\/05\/Tenemos-el-compromiso-de.jpg",150,100,false]},"author_info":{"display_name":"admpu17wp","author_link":"https:\/\/experienciadevida.com.ar\/portalurbano\/author\/admpu17wp\/"},"category_info":"<a href=\"https:\/\/experienciadevida.com.ar\/portalurbano\/category\/ciudad\/\" rel=\"category tag\">Ciudad<\/a> <a href=\"https:\/\/experienciadevida.com.ar\/portalurbano\/category\/destacadas\/\" rel=\"category tag\">Destacadas<\/a>","tag_info":"Destacadas","comment_count":"0","amp_enabled":true,"_links":{"self":[{"href":"https:\/\/experienciadevida.com.ar\/portalurbano\/wp-json\/wp\/v2\/posts\/167842"}],"collection":[{"href":"https:\/\/experienciadevida.com.ar\/portalurbano\/wp-json\/wp\/v2\/posts"}],"about":[{"href":"https:\/\/experienciadevida.com.ar\/portalurbano\/wp-json\/wp\/v2\/types\/post"}],"author":[{"embeddable":true,"href":"https:\/\/experienciadevida.com.ar\/portalurbano\/wp-json\/wp\/v2\/users\/1"}],"replies":[{"embeddable":true,"href":"https:\/\/experienciadevida.com.ar\/portalurbano\/wp-json\/wp\/v2\/comments?post=167842"}],"version-history":[{"count":3,"href":"https:\/\/experienciadevida.com.ar\/portalurbano\/wp-json\/wp\/v2\/posts\/167842\/revisions"}],"predecessor-version":[{"id":167847,"href":"https:\/\/experienciadevida.com.ar\/portalurbano\/wp-json\/wp\/v2\/posts\/167842\/revisions\/167847"}],"wp:featuredmedia":[{"embeddable":true,"href":"https:\/\/experienciadevida.com.ar\/portalurbano\/wp-json\/wp\/v2\/media\/167843"}],"wp:attachment":[{"href":"https:\/\/experienciadevida.com.ar\/portalurbano\/wp-json\/wp\/v2\/media?parent=167842"}],"wp:term":[{"taxonomy":"category","embeddable":true,"href":"https:\/\/experienciadevida.com.ar\/portalurbano\/wp-json\/wp\/v2\/categories?post=167842"},{"taxonomy":"post_tag","embeddable":true,"href":"https:\/\/experienciadevida.com.ar\/portalurbano\/wp-json\/wp\/v2\/tags?post=167842"}],"curies":[{"name":"wp","href":"https:\/\/api.w.org\/{rel}","templated":true}]}}