{"id":167809,"date":"2022-05-17T09:15:01","date_gmt":"2022-05-17T12:15:01","guid":{"rendered":"https:\/\/experienciadevida.com.ar\/portalurbano\/?p=167809"},"modified":"2022-05-17T09:29:12","modified_gmt":"2022-05-17T12:29:12","slug":"se-licita-la-primera-etapa-de-repavimentacion-de-av-avellaneda","status":"publish","type":"post","link":"https:\/\/experienciadevida.com.ar\/portalurbano\/se-licita-la-primera-etapa-de-repavimentacion-de-av-avellaneda\/","title":{"rendered":"Se licita la primera etapa de repavimentaci\u00f3n de Av. Avellaneda"},"content":{"rendered":"<p>Se licita la primera etapa de repavimentaci\u00f3n de Av. Avellaneda, la gesti\u00f3n del intendente Ezequiel <a href=\"https:\/\/www.facebook.com\/galliezequiel\">Galli<\/a> llevar\u00e1 adelante la primera etapa de la obra de repavimentaci\u00f3n de Av. Avellaneda, entre Av. Eva Per\u00f3n y Calle N\u00ba 157, con un presupuesto oficial de $85.849.650.<\/p>\n<p>Cabe recordar que dicha obra fue incluida en el Presupuesto 2022 y ser\u00e1 ejecutada con recursos del Fondo de Infraestructura Municipal, establecido por la gesti\u00f3n de la gobernadora Mar\u00eda Eugenia Vidal.<\/p>\n<p>La licitaci\u00f3n de la primera etapa de repavimentaci\u00f3n de Av. Avellaneda se abrir\u00e1 el d\u00eda 10 de junio, a las 10 horas, en la sede del Palacio San Mart\u00edn. En tanto que el pliego de bases y condiciones se podr\u00e1 consultar en la Direcci\u00f3n de Licitaciones o en la p\u00e1gina web del Municipio www.olavarria.gov.ar<\/p>\n<p>En una primera etapa, se repavimentar\u00e1 un tramo de Av. Avellaneda que se encuentra actualmente deteriorado y dificulta el tr\u00e1nsito en un sector alta circulaci\u00f3n que es utilizado como acceso a nuestra ciudad por vecinos de la zona serrana. La obra incluye una bicisenda que permitir\u00e1 el desarrollo de actividades f\u00edsicas y el tr\u00e1nsito seguro de ciclistas.<\/p>\n<p>En cuanto a las especificaciones t\u00e9cnicas se realizar\u00e1 una carpeta de rodamiento de hormig\u00f3n simple de 0,18 metros de espesor asentada sobre una base de tosca compactada de 0,20 metros de espesor.<\/p>\n<p>Esta obra incluye, adem\u00e1s, banquinas de tosca compactada de 3,00 metros de ancho. El nivel definitivo del pavimento terminado ser\u00e1 el que actualmente tiene la avenida. El ancho de la carpeta de rodamiento ser\u00e1 de 7,30 metros.<\/p>\n","protected":false},"excerpt":{"rendered":"<p>Se licita la primera etapa de repavimentaci\u00f3n de Av. Avellaneda, la gesti\u00f3n del intendente Ezequiel&#8230;<\/p>\n","protected":false},"author":1,"featured_media":167811,"comment_status":"closed","ping_status":"closed","sticky":false,"template":"","format":"standard","meta":{"content-type":""},"categories":[27,64],"tags":[],"nelio_content":{"isAutoShareEnabled":false,"autoShareEndMode":"default","automationSources":{"useContentSentences":true,"useSocialTemplates":true,"useCustomSentences":false,"customSentences":[]},"followers":[1],"suggestedReferences":[],"includedReferences":[],"efiUrl":"","efiAlt":"","highlights":[]},"yoast_head":"<!-- This site is optimized with the Yoast SEO plugin v20.7 - https:\/\/yoast.com\/wordpress\/plugins\/seo\/ -->\n<title>Se licita la primera etapa de repavimentaci\u00f3n de Av. Avellaneda<\/title>\n<meta name=\"description\" content=\"Se licita la primera etapa de repavimentaci\u00f3n de Av. Avellaneda, la gesti\u00f3n del intendente llevar\u00e1 adelante la primera etapa\" \/>\n<meta name=\"robots\" content=\"index, follow, max-snippet:-1, max-image-preview:large, max-video-preview:-1\" \/>\n<link rel=\"canonical\" href=\"https:\/\/experienciadevida.com.ar\/portalurbano\/se-licita-la-primera-etapa-de-repavimentacion-de-av-avellaneda\/\" \/>\n<meta property=\"og:locale\" content=\"es_ES\" \/>\n<meta property=\"og:type\" content=\"article\" \/>\n<meta property=\"og:title\" content=\"Se licita la primera etapa de repavimentaci\u00f3n de Av. Avellaneda\" \/>\n<meta property=\"og:description\" content=\"Se licita la primera etapa de repavimentaci\u00f3n de Av. Avellaneda, la gesti\u00f3n del intendente llevar\u00e1 adelante la primera etapa\" \/>\n<meta property=\"og:url\" content=\"https:\/\/experienciadevida.com.ar\/portalurbano\/se-licita-la-primera-etapa-de-repavimentacion-de-av-avellaneda\/\" \/>\n<meta property=\"article:publisher\" content=\"https:\/\/www.facebook.com\/Portal-Urbano-171542830093757\/\" \/>\n<meta property=\"article:published_time\" content=\"2022-05-17T12:15:01+00:00\" \/>\n<meta property=\"article:modified_time\" content=\"2022-05-17T12:29:12+00:00\" \/>\n<meta property=\"og:image\" content=\"https:\/\/experienciadevida.com.ar\/portalurbano\/wp-content\/uploads\/2022\/05\/Se-licita-la-primera.jpeg\" \/>\n\t<meta property=\"og:image:width\" content=\"765\" \/>\n\t<meta property=\"og:image:height\" content=\"430\" \/>\n\t<meta property=\"og:image:type\" content=\"image\/jpeg\" \/>\n<meta name=\"author\" content=\"admpu17wp\" \/>\n<meta name=\"twitter:card\" content=\"summary_large_image\" \/>\n<meta name=\"twitter:creator\" content=\"@portalurbanook\" \/>\n<meta name=\"twitter:site\" content=\"@portalurbanook\" \/>\n<meta name=\"twitter:label1\" content=\"Escrito por\" \/>\n\t<meta name=\"twitter:data1\" content=\"admpu17wp\" \/>\n\t<meta name=\"twitter:label2\" content=\"Tiempo de lectura\" \/>\n\t<meta name=\"twitter:data2\" content=\"2 minutos\" \/>\n<script type=\"application\/ld+json\" class=\"yoast-schema-graph\">{\"@context\":\"https:\/\/schema.org\",\"@graph\":[{\"@type\":\"Article\",\"@id\":\"https:\/\/experienciadevida.com.ar\/portalurbano\/se-licita-la-primera-etapa-de-repavimentacion-de-av-avellaneda\/#article\",\"isPartOf\":{\"@id\":\"https:\/\/experienciadevida.com.ar\/portalurbano\/se-licita-la-primera-etapa-de-repavimentacion-de-av-avellaneda\/\"},\"author\":{\"name\":\"admpu17wp\",\"@id\":\"https:\/\/experienciadevida.com.ar\/portalurbano\/#\/schema\/person\/02dd326b1c4b056e9cc972486934a3a7\"},\"headline\":\"Se licita la primera etapa de repavimentaci\u00f3n de Av. Avellaneda\",\"datePublished\":\"2022-05-17T12:15:01+00:00\",\"dateModified\":\"2022-05-17T12:29:12+00:00\",\"mainEntityOfPage\":{\"@id\":\"https:\/\/experienciadevida.com.ar\/portalurbano\/se-licita-la-primera-etapa-de-repavimentacion-de-av-avellaneda\/\"},\"wordCount\":278,\"publisher\":{\"@id\":\"https:\/\/experienciadevida.com.ar\/portalurbano\/#organization\"},\"articleSection\":[\"Ciudad\",\"Destacadas 2\"],\"inLanguage\":\"es\"},{\"@type\":\"WebPage\",\"@id\":\"https:\/\/experienciadevida.com.ar\/portalurbano\/se-licita-la-primera-etapa-de-repavimentacion-de-av-avellaneda\/\",\"url\":\"https:\/\/experienciadevida.com.ar\/portalurbano\/se-licita-la-primera-etapa-de-repavimentacion-de-av-avellaneda\/\",\"name\":\"Se licita la primera etapa de repavimentaci\u00f3n de Av. Avellaneda\",\"isPartOf\":{\"@id\":\"https:\/\/experienciadevida.com.ar\/portalurbano\/#website\"},\"datePublished\":\"2022-05-17T12:15:01+00:00\",\"dateModified\":\"2022-05-17T12:29:12+00:00\",\"description\":\"Se licita la primera etapa de repavimentaci\u00f3n de Av. Avellaneda, la gesti\u00f3n del intendente llevar\u00e1 adelante la primera etapa\",\"breadcrumb\":{\"@id\":\"https:\/\/experienciadevida.com.ar\/portalurbano\/se-licita-la-primera-etapa-de-repavimentacion-de-av-avellaneda\/#breadcrumb\"},\"inLanguage\":\"es\",\"potentialAction\":[{\"@type\":\"ReadAction\",\"target\":[\"https:\/\/experienciadevida.com.ar\/portalurbano\/se-licita-la-primera-etapa-de-repavimentacion-de-av-avellaneda\/\"]}]},{\"@type\":\"BreadcrumbList\",\"@id\":\"https:\/\/experienciadevida.com.ar\/portalurbano\/se-licita-la-primera-etapa-de-repavimentacion-de-av-avellaneda\/#breadcrumb\",\"itemListElement\":[{\"@type\":\"ListItem\",\"position\":1,\"name\":\"Portada\",\"item\":\"https:\/\/experienciadevida.com.ar\/portalurbano\/\"},{\"@type\":\"ListItem\",\"position\":2,\"name\":\"Se licita la primera etapa de repavimentaci\u00f3n de Av. Avellaneda\"}]},{\"@type\":\"WebSite\",\"@id\":\"https:\/\/experienciadevida.com.ar\/portalurbano\/#website\",\"url\":\"https:\/\/experienciadevida.com.ar\/portalurbano\/\",\"name\":\"\",\"description\":\"\",\"publisher\":{\"@id\":\"https:\/\/experienciadevida.com.ar\/portalurbano\/#organization\"},\"potentialAction\":[{\"@type\":\"SearchAction\",\"target\":{\"@type\":\"EntryPoint\",\"urlTemplate\":\"https:\/\/experienciadevida.com.ar\/portalurbano\/?s={search_term_string}\"},\"query-input\":\"required name=search_term_string\"}],\"inLanguage\":\"es\"},{\"@type\":\"Organization\",\"@id\":\"https:\/\/experienciadevida.com.ar\/portalurbano\/#organization\",\"name\":\"Portal Urbano\",\"url\":\"https:\/\/experienciadevida.com.ar\/portalurbano\/\",\"logo\":{\"@type\":\"ImageObject\",\"inLanguage\":\"es\",\"@id\":\"https:\/\/experienciadevida.com.ar\/portalurbano\/#\/schema\/logo\/image\/\",\"url\":\"https:\/\/experienciadevida.com.ar\/portalurbano\/wp-content\/uploads\/2019\/09\/Logo-Original.png\",\"contentUrl\":\"https:\/\/experienciadevida.com.ar\/portalurbano\/wp-content\/uploads\/2019\/09\/Logo-Original.png\",\"width\":2236,\"height\":1216,\"caption\":\"Portal Urbano\"},\"image\":{\"@id\":\"https:\/\/experienciadevida.com.ar\/portalurbano\/#\/schema\/logo\/image\/\"},\"sameAs\":[\"https:\/\/www.facebook.com\/Portal-Urbano-171542830093757\/\",\"https:\/\/twitter.com\/portalurbanook\",\"https:\/\/www.instagram.com\/_portalurbano\/\",\"https:\/\/www.youtube.com\/channel\/UCXhagIfszH8KxFiOok79zbA?view_as=subscriber\"]},{\"@type\":\"Person\",\"@id\":\"https:\/\/experienciadevida.com.ar\/portalurbano\/#\/schema\/person\/02dd326b1c4b056e9cc972486934a3a7\",\"name\":\"admpu17wp\",\"image\":{\"@type\":\"ImageObject\",\"inLanguage\":\"es\",\"@id\":\"https:\/\/experienciadevida.com.ar\/portalurbano\/#\/schema\/person\/image\/\",\"url\":\"https:\/\/secure.gravatar.com\/avatar\/830d4c57adaae6630765e449a6908047?s=96&d=mm&r=g\",\"contentUrl\":\"https:\/\/secure.gravatar.com\/avatar\/830d4c57adaae6630765e449a6908047?s=96&d=mm&r=g\",\"caption\":\"admpu17wp\"}}]}<\/script>\n<!-- \/ Yoast SEO plugin. -->","yoast_head_json":{"title":"Se licita la primera etapa de repavimentaci\u00f3n de Av. Avellaneda","description":"Se licita la primera etapa de repavimentaci\u00f3n de Av. Avellaneda, la gesti\u00f3n del intendente llevar\u00e1 adelante la primera etapa","robots":{"index":"index","follow":"follow","max-snippet":"max-snippet:-1","max-image-preview":"max-image-preview:large","max-video-preview":"max-video-preview:-1"},"canonical":"https:\/\/experienciadevida.com.ar\/portalurbano\/se-licita-la-primera-etapa-de-repavimentacion-de-av-avellaneda\/","og_locale":"es_ES","og_type":"article","og_title":"Se licita la primera etapa de repavimentaci\u00f3n de Av. Avellaneda","og_description":"Se licita la primera etapa de repavimentaci\u00f3n de Av. Avellaneda, la gesti\u00f3n del intendente llevar\u00e1 adelante la primera etapa","og_url":"https:\/\/experienciadevida.com.ar\/portalurbano\/se-licita-la-primera-etapa-de-repavimentacion-de-av-avellaneda\/","article_publisher":"https:\/\/www.facebook.com\/Portal-Urbano-171542830093757\/","article_published_time":"2022-05-17T12:15:01+00:00","article_modified_time":"2022-05-17T12:29:12+00:00","og_image":[{"width":765,"height":430,"url":"https:\/\/experienciadevida.com.ar\/portalurbano\/wp-content\/uploads\/2022\/05\/Se-licita-la-primera.jpeg","type":"image\/jpeg"}],"author":"admpu17wp","twitter_card":"summary_large_image","twitter_creator":"@portalurbanook","twitter_site":"@portalurbanook","twitter_misc":{"Escrito por":"admpu17wp","Tiempo de lectura":"2 minutos"},"schema":{"@context":"https:\/\/schema.org","@graph":[{"@type":"Article","@id":"https:\/\/experienciadevida.com.ar\/portalurbano\/se-licita-la-primera-etapa-de-repavimentacion-de-av-avellaneda\/#article","isPartOf":{"@id":"https:\/\/experienciadevida.com.ar\/portalurbano\/se-licita-la-primera-etapa-de-repavimentacion-de-av-avellaneda\/"},"author":{"name":"admpu17wp","@id":"https:\/\/experienciadevida.com.ar\/portalurbano\/#\/schema\/person\/02dd326b1c4b056e9cc972486934a3a7"},"headline":"Se licita la primera etapa de repavimentaci\u00f3n de Av. Avellaneda","datePublished":"2022-05-17T12:15:01+00:00","dateModified":"2022-05-17T12:29:12+00:00","mainEntityOfPage":{"@id":"https:\/\/experienciadevida.com.ar\/portalurbano\/se-licita-la-primera-etapa-de-repavimentacion-de-av-avellaneda\/"},"wordCount":278,"publisher":{"@id":"https:\/\/experienciadevida.com.ar\/portalurbano\/#organization"},"articleSection":["Ciudad","Destacadas 2"],"inLanguage":"es"},{"@type":"WebPage","@id":"https:\/\/experienciadevida.com.ar\/portalurbano\/se-licita-la-primera-etapa-de-repavimentacion-de-av-avellaneda\/","url":"https:\/\/experienciadevida.com.ar\/portalurbano\/se-licita-la-primera-etapa-de-repavimentacion-de-av-avellaneda\/","name":"Se licita la primera etapa de repavimentaci\u00f3n de Av. Avellaneda","isPartOf":{"@id":"https:\/\/experienciadevida.com.ar\/portalurbano\/#website"},"datePublished":"2022-05-17T12:15:01+00:00","dateModified":"2022-05-17T12:29:12+00:00","description":"Se licita la primera etapa de repavimentaci\u00f3n de Av. Avellaneda, la gesti\u00f3n del intendente llevar\u00e1 adelante la primera etapa","breadcrumb":{"@id":"https:\/\/experienciadevida.com.ar\/portalurbano\/se-licita-la-primera-etapa-de-repavimentacion-de-av-avellaneda\/#breadcrumb"},"inLanguage":"es","potentialAction":[{"@type":"ReadAction","target":["https:\/\/experienciadevida.com.ar\/portalurbano\/se-licita-la-primera-etapa-de-repavimentacion-de-av-avellaneda\/"]}]},{"@type":"BreadcrumbList","@id":"https:\/\/experienciadevida.com.ar\/portalurbano\/se-licita-la-primera-etapa-de-repavimentacion-de-av-avellaneda\/#breadcrumb","itemListElement":[{"@type":"ListItem","position":1,"name":"Portada","item":"https:\/\/experienciadevida.com.ar\/portalurbano\/"},{"@type":"ListItem","position":2,"name":"Se licita la primera etapa de repavimentaci\u00f3n de Av. Avellaneda"}]},{"@type":"WebSite","@id":"https:\/\/experienciadevida.com.ar\/portalurbano\/#website","url":"https:\/\/experienciadevida.com.ar\/portalurbano\/","name":"","description":"","publisher":{"@id":"https:\/\/experienciadevida.com.ar\/portalurbano\/#organization"},"potentialAction":[{"@type":"SearchAction","target":{"@type":"EntryPoint","urlTemplate":"https:\/\/experienciadevida.com.ar\/portalurbano\/?s={search_term_string}"},"query-input":"required name=search_term_string"}],"inLanguage":"es"},{"@type":"Organization","@id":"https:\/\/experienciadevida.com.ar\/portalurbano\/#organization","name":"Portal Urbano","url":"https:\/\/experienciadevida.com.ar\/portalurbano\/","logo":{"@type":"ImageObject","inLanguage":"es","@id":"https:\/\/experienciadevida.com.ar\/portalurbano\/#\/schema\/logo\/image\/","url":"https:\/\/experienciadevida.com.ar\/portalurbano\/wp-content\/uploads\/2019\/09\/Logo-Original.png","contentUrl":"https:\/\/experienciadevida.com.ar\/portalurbano\/wp-content\/uploads\/2019\/09\/Logo-Original.png","width":2236,"height":1216,"caption":"Portal Urbano"},"image":{"@id":"https:\/\/experienciadevida.com.ar\/portalurbano\/#\/schema\/logo\/image\/"},"sameAs":["https:\/\/www.facebook.com\/Portal-Urbano-171542830093757\/","https:\/\/twitter.com\/portalurbanook","https:\/\/www.instagram.com\/_portalurbano\/","https:\/\/www.youtube.com\/channel\/UCXhagIfszH8KxFiOok79zbA?view_as=subscriber"]},{"@type":"Person","@id":"https:\/\/experienciadevida.com.ar\/portalurbano\/#\/schema\/person\/02dd326b1c4b056e9cc972486934a3a7","name":"admpu17wp","image":{"@type":"ImageObject","inLanguage":"es","@id":"https:\/\/experienciadevida.com.ar\/portalurbano\/#\/schema\/person\/image\/","url":"https:\/\/secure.gravatar.com\/avatar\/830d4c57adaae6630765e449a6908047?s=96&d=mm&r=g","contentUrl":"https:\/\/secure.gravatar.com\/avatar\/830d4c57adaae6630765e449a6908047?s=96&d=mm&r=g","caption":"admpu17wp"}}]}},"featured_image_urls":{"full":["https:\/\/experienciadevida.com.ar\/portalurbano\/wp-content\/uploads\/2022\/05\/Se-licita-la-primera.jpeg",765,430,false],"thumbnail":["https:\/\/experienciadevida.com.ar\/portalurbano\/wp-content\/uploads\/2022\/05\/Se-licita-la-primera-150x150.jpeg",150,150,true],"medium":["https:\/\/experienciadevida.com.ar\/portalurbano\/wp-content\/uploads\/2022\/05\/Se-licita-la-primera-300x169.jpeg",300,169,true],"medium_large":["https:\/\/experienciadevida.com.ar\/portalurbano\/wp-content\/uploads\/2022\/05\/Se-licita-la-primera.jpeg",640,360,false],"large":["https:\/\/experienciadevida.com.ar\/portalurbano\/wp-content\/uploads\/2022\/05\/Se-licita-la-primera.jpeg",640,360,false],"ug_big":["https:\/\/experienciadevida.com.ar\/portalurbano\/wp-content\/uploads\/2022\/05\/Se-licita-la-primera.jpeg",765,430,false],"1536x1536":["https:\/\/experienciadevida.com.ar\/portalurbano\/wp-content\/uploads\/2022\/05\/Se-licita-la-primera.jpeg",765,430,false],"2048x2048":["https:\/\/experienciadevida.com.ar\/portalurbano\/wp-content\/uploads\/2022\/05\/Se-licita-la-primera.jpeg",765,430,false],"newsever-slider-full":["https:\/\/experienciadevida.com.ar\/portalurbano\/wp-content\/uploads\/2022\/05\/Se-licita-la-primera.jpeg",765,430,false],"newsever-featured":["https:\/\/experienciadevida.com.ar\/portalurbano\/wp-content\/uploads\/2022\/05\/Se-licita-la-primera.jpeg",765,430,false],"newsever-medium":["https:\/\/experienciadevida.com.ar\/portalurbano\/wp-content\/uploads\/2022\/05\/Se-licita-la-primera.jpeg",720,405,false],"web-stories-poster-portrait":["https:\/\/experienciadevida.com.ar\/portalurbano\/wp-content\/uploads\/2022\/05\/Se-licita-la-primera.jpeg",640,360,false],"web-stories-publisher-logo":["https:\/\/experienciadevida.com.ar\/portalurbano\/wp-content\/uploads\/2022\/05\/Se-licita-la-primera.jpeg",96,54,false],"web-stories-thumbnail":["https:\/\/experienciadevida.com.ar\/portalurbano\/wp-content\/uploads\/2022\/05\/Se-licita-la-primera.jpeg",150,84,false]},"author_info":{"display_name":"admpu17wp","author_link":"https:\/\/experienciadevida.com.ar\/portalurbano\/author\/admpu17wp\/"},"category_info":"<a href=\"https:\/\/experienciadevida.com.ar\/portalurbano\/category\/ciudad\/\" rel=\"category tag\">Ciudad<\/a> <a href=\"https:\/\/experienciadevida.com.ar\/portalurbano\/category\/destacadas-2\/\" rel=\"category tag\">Destacadas 2<\/a>","tag_info":"Destacadas 2","comment_count":"0","amp_enabled":true,"_links":{"self":[{"href":"https:\/\/experienciadevida.com.ar\/portalurbano\/wp-json\/wp\/v2\/posts\/167809"}],"collection":[{"href":"https:\/\/experienciadevida.com.ar\/portalurbano\/wp-json\/wp\/v2\/posts"}],"about":[{"href":"https:\/\/experienciadevida.com.ar\/portalurbano\/wp-json\/wp\/v2\/types\/post"}],"author":[{"embeddable":true,"href":"https:\/\/experienciadevida.com.ar\/portalurbano\/wp-json\/wp\/v2\/users\/1"}],"replies":[{"embeddable":true,"href":"https:\/\/experienciadevida.com.ar\/portalurbano\/wp-json\/wp\/v2\/comments?post=167809"}],"version-history":[{"count":4,"href":"https:\/\/experienciadevida.com.ar\/portalurbano\/wp-json\/wp\/v2\/posts\/167809\/revisions"}],"predecessor-version":[{"id":167814,"href":"https:\/\/experienciadevida.com.ar\/portalurbano\/wp-json\/wp\/v2\/posts\/167809\/revisions\/167814"}],"wp:featuredmedia":[{"embeddable":true,"href":"https:\/\/experienciadevida.com.ar\/portalurbano\/wp-json\/wp\/v2\/media\/167811"}],"wp:attachment":[{"href":"https:\/\/experienciadevida.com.ar\/portalurbano\/wp-json\/wp\/v2\/media?parent=167809"}],"wp:term":[{"taxonomy":"category","embeddable":true,"href":"https:\/\/experienciadevida.com.ar\/portalurbano\/wp-json\/wp\/v2\/categories?post=167809"},{"taxonomy":"post_tag","embeddable":true,"href":"https:\/\/experienciadevida.com.ar\/portalurbano\/wp-json\/wp\/v2\/tags?post=167809"}],"curies":[{"name":"wp","href":"https:\/\/api.w.org\/{rel}","templated":true}]}}