{"id":167797,"date":"2022-05-16T18:23:17","date_gmt":"2022-05-16T21:23:17","guid":{"rendered":"https:\/\/experienciadevida.com.ar\/portalurbano\/?p=167797"},"modified":"2022-05-16T18:24:03","modified_gmt":"2022-05-16T21:24:03","slug":"galli-anuncio-la-pavimentacion-en-la-prolongacion-sur-de-la-calle-rivadavia","status":"publish","type":"post","link":"https:\/\/experienciadevida.com.ar\/portalurbano\/galli-anuncio-la-pavimentacion-en-la-prolongacion-sur-de-la-calle-rivadavia\/","title":{"rendered":"Galli anunci\u00f3 la pavimentaci\u00f3n en la prolongaci\u00f3n sur de la calle Rivadavia"},"content":{"rendered":"<p>Galli anunci\u00f3 la pavimentaci\u00f3n en la prolongaci\u00f3n sur de la calle Rivadavia, el Intendente se reuni\u00f3 en la tarde de este lunes con vecinos del barrio La Ara\u00f1a para anunciar la obra de pavimentaci\u00f3n que se llevar\u00e1 a cabo en el sector y que impactar\u00e1 notablemente en la calidad de vida de la comunidad.<\/p>\n<p>Galli estuvo acompa\u00f1ado por el Secretario de Desarrollo Humano y Calidad de Vida Diego Robbiani, el Secretario de Mantenimiento y Obras P\u00fablicas Julio Ferraro y el concejal y dirigente barrial Javier Fr\u00edas.<\/p>\n<p>\u00abLos convocamos para contarles personalmente y es algo que quer\u00eda hacer porque se que es una obra que estaban esperando desde hace mucho tiempo\u00bb, explic\u00f3 el intendente Galli frente a los vecinos.<\/p>\n<p>La pavimentaci\u00f3n de prolongaci\u00f3n sur de calle Rivadavia beneficiar\u00e1 a familias de los barrios La Ara\u00f1a, Los Robles, Municipales, Plan Novios, Plan Abuelos y zonas aleda\u00f1as.<\/p>\n<p>En los \u00faltimos a\u00f1os se ha registrado un importante crecimiento demogr\u00e1fico, por lo cual la pavimentaci\u00f3n permitir\u00e1 mejorar las condiciones de transitabilidad y de accesibilidad tanto del transporte p\u00fablico, como de las unidades asistenciales de emergencias.<\/p>\n<p>Desde Obras P\u00fablicas se indic\u00f3 que se realizar\u00e1 un pavimento con hormig\u00f3n simple, tipo H30 de 0,18 metros de espesor, que estar\u00e1 asentado sobre una base de tosca compactada de 0,20 metros de espesor. Se construir\u00e1n banquinas de tosca compactada de 3,00 metros de ancho en un espesor de 0,20 metros.<\/p>\n<p>El ancho del pavimento en la calle Rivadavia ser\u00e1 de 7,30 metros de ancho.<\/p>\n<p>En la oportunidad, durante el encuentro con vecinos se brindaron mayores precisiones sobre la obra de pavimentaci\u00f3n, que se licitar\u00e1 el d\u00eda 3 de junio, a las 12 horas, en el Palacio San Mart\u00edn, con un presupuesto oficial fijado en la suma de $20.820.000.<\/p>\n<p>Cabe recordar que esta obra fue incluida en el Presupuesto 2022 y ser\u00e1 ejecutada con recursos provenientes del Fondo de Infraestructura Municipal, que fuera establecido durante la gesti\u00f3n de la gobernadora Mar\u00eda Eugenia Vidal.<\/p>\n","protected":false},"excerpt":{"rendered":"<p>Galli anunci\u00f3 la pavimentaci\u00f3n en la prolongaci\u00f3n sur de la calle Rivadavia, el Intendente se&#8230;<\/p>\n","protected":false},"author":1,"featured_media":167798,"comment_status":"closed","ping_status":"closed","sticky":false,"template":"","format":"standard","meta":{"content-type":""},"categories":[27,64],"tags":[],"nelio_content":{"isAutoShareEnabled":false,"autoShareEndMode":"default","automationSources":{"useContentSentences":true,"useSocialTemplates":true,"useCustomSentences":false,"customSentences":[]},"followers":[1],"suggestedReferences":[],"includedReferences":[],"efiUrl":"","efiAlt":"","highlights":[]},"yoast_head":"<!-- This site is optimized with the Yoast SEO plugin v20.7 - https:\/\/yoast.com\/wordpress\/plugins\/seo\/ -->\n<title>Galli anunci\u00f3 la pavimentaci\u00f3n en la prolongaci\u00f3n sur de la calle Rivadavia -<\/title>\n<meta name=\"robots\" content=\"index, follow, max-snippet:-1, max-image-preview:large, max-video-preview:-1\" \/>\n<link rel=\"canonical\" href=\"https:\/\/experienciadevida.com.ar\/portalurbano\/galli-anuncio-la-pavimentacion-en-la-prolongacion-sur-de-la-calle-rivadavia\/\" \/>\n<meta property=\"og:locale\" content=\"es_ES\" \/>\n<meta property=\"og:type\" content=\"article\" \/>\n<meta property=\"og:title\" content=\"Galli anunci\u00f3 la pavimentaci\u00f3n en la prolongaci\u00f3n sur de la calle Rivadavia -\" \/>\n<meta property=\"og:description\" content=\"Galli anunci\u00f3 la pavimentaci\u00f3n en la prolongaci\u00f3n sur de la calle Rivadavia, el Intendente se...\" \/>\n<meta property=\"og:url\" content=\"https:\/\/experienciadevida.com.ar\/portalurbano\/galli-anuncio-la-pavimentacion-en-la-prolongacion-sur-de-la-calle-rivadavia\/\" \/>\n<meta property=\"article:publisher\" content=\"https:\/\/www.facebook.com\/Portal-Urbano-171542830093757\/\" \/>\n<meta property=\"article:published_time\" content=\"2022-05-16T21:23:17+00:00\" \/>\n<meta property=\"article:modified_time\" content=\"2022-05-16T21:24:03+00:00\" \/>\n<meta property=\"og:image\" content=\"https:\/\/experienciadevida.com.ar\/portalurbano\/wp-content\/uploads\/2022\/05\/Galli-anuncio-la-pavimentacion.jpg\" \/>\n\t<meta property=\"og:image:width\" content=\"2560\" \/>\n\t<meta property=\"og:image:height\" content=\"1711\" \/>\n\t<meta property=\"og:image:type\" content=\"image\/jpeg\" \/>\n<meta name=\"author\" content=\"admpu17wp\" \/>\n<meta name=\"twitter:card\" content=\"summary_large_image\" \/>\n<meta name=\"twitter:creator\" content=\"@portalurbanook\" \/>\n<meta name=\"twitter:site\" content=\"@portalurbanook\" \/>\n<meta name=\"twitter:label1\" content=\"Escrito por\" \/>\n\t<meta name=\"twitter:data1\" content=\"admpu17wp\" \/>\n\t<meta name=\"twitter:label2\" content=\"Tiempo de lectura\" \/>\n\t<meta name=\"twitter:data2\" content=\"2 minutos\" \/>\n<script type=\"application\/ld+json\" class=\"yoast-schema-graph\">{\"@context\":\"https:\/\/schema.org\",\"@graph\":[{\"@type\":\"Article\",\"@id\":\"https:\/\/experienciadevida.com.ar\/portalurbano\/galli-anuncio-la-pavimentacion-en-la-prolongacion-sur-de-la-calle-rivadavia\/#article\",\"isPartOf\":{\"@id\":\"https:\/\/experienciadevida.com.ar\/portalurbano\/galli-anuncio-la-pavimentacion-en-la-prolongacion-sur-de-la-calle-rivadavia\/\"},\"author\":{\"name\":\"admpu17wp\",\"@id\":\"https:\/\/experienciadevida.com.ar\/portalurbano\/#\/schema\/person\/02dd326b1c4b056e9cc972486934a3a7\"},\"headline\":\"Galli anunci\u00f3 la pavimentaci\u00f3n en la prolongaci\u00f3n sur de la calle Rivadavia\",\"datePublished\":\"2022-05-16T21:23:17+00:00\",\"dateModified\":\"2022-05-16T21:24:03+00:00\",\"mainEntityOfPage\":{\"@id\":\"https:\/\/experienciadevida.com.ar\/portalurbano\/galli-anuncio-la-pavimentacion-en-la-prolongacion-sur-de-la-calle-rivadavia\/\"},\"wordCount\":352,\"publisher\":{\"@id\":\"https:\/\/experienciadevida.com.ar\/portalurbano\/#organization\"},\"articleSection\":[\"Ciudad\",\"Destacadas 2\"],\"inLanguage\":\"es\"},{\"@type\":\"WebPage\",\"@id\":\"https:\/\/experienciadevida.com.ar\/portalurbano\/galli-anuncio-la-pavimentacion-en-la-prolongacion-sur-de-la-calle-rivadavia\/\",\"url\":\"https:\/\/experienciadevida.com.ar\/portalurbano\/galli-anuncio-la-pavimentacion-en-la-prolongacion-sur-de-la-calle-rivadavia\/\",\"name\":\"Galli anunci\u00f3 la pavimentaci\u00f3n en la prolongaci\u00f3n sur de la calle Rivadavia -\",\"isPartOf\":{\"@id\":\"https:\/\/experienciadevida.com.ar\/portalurbano\/#website\"},\"datePublished\":\"2022-05-16T21:23:17+00:00\",\"dateModified\":\"2022-05-16T21:24:03+00:00\",\"breadcrumb\":{\"@id\":\"https:\/\/experienciadevida.com.ar\/portalurbano\/galli-anuncio-la-pavimentacion-en-la-prolongacion-sur-de-la-calle-rivadavia\/#breadcrumb\"},\"inLanguage\":\"es\",\"potentialAction\":[{\"@type\":\"ReadAction\",\"target\":[\"https:\/\/experienciadevida.com.ar\/portalurbano\/galli-anuncio-la-pavimentacion-en-la-prolongacion-sur-de-la-calle-rivadavia\/\"]}]},{\"@type\":\"BreadcrumbList\",\"@id\":\"https:\/\/experienciadevida.com.ar\/portalurbano\/galli-anuncio-la-pavimentacion-en-la-prolongacion-sur-de-la-calle-rivadavia\/#breadcrumb\",\"itemListElement\":[{\"@type\":\"ListItem\",\"position\":1,\"name\":\"Portada\",\"item\":\"https:\/\/experienciadevida.com.ar\/portalurbano\/\"},{\"@type\":\"ListItem\",\"position\":2,\"name\":\"Galli anunci\u00f3 la pavimentaci\u00f3n en la prolongaci\u00f3n sur de la calle Rivadavia\"}]},{\"@type\":\"WebSite\",\"@id\":\"https:\/\/experienciadevida.com.ar\/portalurbano\/#website\",\"url\":\"https:\/\/experienciadevida.com.ar\/portalurbano\/\",\"name\":\"\",\"description\":\"\",\"publisher\":{\"@id\":\"https:\/\/experienciadevida.com.ar\/portalurbano\/#organization\"},\"potentialAction\":[{\"@type\":\"SearchAction\",\"target\":{\"@type\":\"EntryPoint\",\"urlTemplate\":\"https:\/\/experienciadevida.com.ar\/portalurbano\/?s={search_term_string}\"},\"query-input\":\"required name=search_term_string\"}],\"inLanguage\":\"es\"},{\"@type\":\"Organization\",\"@id\":\"https:\/\/experienciadevida.com.ar\/portalurbano\/#organization\",\"name\":\"Portal Urbano\",\"url\":\"https:\/\/experienciadevida.com.ar\/portalurbano\/\",\"logo\":{\"@type\":\"ImageObject\",\"inLanguage\":\"es\",\"@id\":\"https:\/\/experienciadevida.com.ar\/portalurbano\/#\/schema\/logo\/image\/\",\"url\":\"https:\/\/experienciadevida.com.ar\/portalurbano\/wp-content\/uploads\/2019\/09\/Logo-Original.png\",\"contentUrl\":\"https:\/\/experienciadevida.com.ar\/portalurbano\/wp-content\/uploads\/2019\/09\/Logo-Original.png\",\"width\":2236,\"height\":1216,\"caption\":\"Portal Urbano\"},\"image\":{\"@id\":\"https:\/\/experienciadevida.com.ar\/portalurbano\/#\/schema\/logo\/image\/\"},\"sameAs\":[\"https:\/\/www.facebook.com\/Portal-Urbano-171542830093757\/\",\"https:\/\/twitter.com\/portalurbanook\",\"https:\/\/www.instagram.com\/_portalurbano\/\",\"https:\/\/www.youtube.com\/channel\/UCXhagIfszH8KxFiOok79zbA?view_as=subscriber\"]},{\"@type\":\"Person\",\"@id\":\"https:\/\/experienciadevida.com.ar\/portalurbano\/#\/schema\/person\/02dd326b1c4b056e9cc972486934a3a7\",\"name\":\"admpu17wp\",\"image\":{\"@type\":\"ImageObject\",\"inLanguage\":\"es\",\"@id\":\"https:\/\/experienciadevida.com.ar\/portalurbano\/#\/schema\/person\/image\/\",\"url\":\"https:\/\/secure.gravatar.com\/avatar\/830d4c57adaae6630765e449a6908047?s=96&d=mm&r=g\",\"contentUrl\":\"https:\/\/secure.gravatar.com\/avatar\/830d4c57adaae6630765e449a6908047?s=96&d=mm&r=g\",\"caption\":\"admpu17wp\"}}]}<\/script>\n<!-- \/ Yoast SEO plugin. -->","yoast_head_json":{"title":"Galli anunci\u00f3 la pavimentaci\u00f3n en la prolongaci\u00f3n sur de la calle Rivadavia -","robots":{"index":"index","follow":"follow","max-snippet":"max-snippet:-1","max-image-preview":"max-image-preview:large","max-video-preview":"max-video-preview:-1"},"canonical":"https:\/\/experienciadevida.com.ar\/portalurbano\/galli-anuncio-la-pavimentacion-en-la-prolongacion-sur-de-la-calle-rivadavia\/","og_locale":"es_ES","og_type":"article","og_title":"Galli anunci\u00f3 la pavimentaci\u00f3n en la prolongaci\u00f3n sur de la calle Rivadavia -","og_description":"Galli anunci\u00f3 la pavimentaci\u00f3n en la prolongaci\u00f3n sur de la calle Rivadavia, el Intendente se...","og_url":"https:\/\/experienciadevida.com.ar\/portalurbano\/galli-anuncio-la-pavimentacion-en-la-prolongacion-sur-de-la-calle-rivadavia\/","article_publisher":"https:\/\/www.facebook.com\/Portal-Urbano-171542830093757\/","article_published_time":"2022-05-16T21:23:17+00:00","article_modified_time":"2022-05-16T21:24:03+00:00","og_image":[{"width":2560,"height":1711,"url":"https:\/\/experienciadevida.com.ar\/portalurbano\/wp-content\/uploads\/2022\/05\/Galli-anuncio-la-pavimentacion.jpg","type":"image\/jpeg"}],"author":"admpu17wp","twitter_card":"summary_large_image","twitter_creator":"@portalurbanook","twitter_site":"@portalurbanook","twitter_misc":{"Escrito por":"admpu17wp","Tiempo de lectura":"2 minutos"},"schema":{"@context":"https:\/\/schema.org","@graph":[{"@type":"Article","@id":"https:\/\/experienciadevida.com.ar\/portalurbano\/galli-anuncio-la-pavimentacion-en-la-prolongacion-sur-de-la-calle-rivadavia\/#article","isPartOf":{"@id":"https:\/\/experienciadevida.com.ar\/portalurbano\/galli-anuncio-la-pavimentacion-en-la-prolongacion-sur-de-la-calle-rivadavia\/"},"author":{"name":"admpu17wp","@id":"https:\/\/experienciadevida.com.ar\/portalurbano\/#\/schema\/person\/02dd326b1c4b056e9cc972486934a3a7"},"headline":"Galli anunci\u00f3 la pavimentaci\u00f3n en la prolongaci\u00f3n sur de la calle Rivadavia","datePublished":"2022-05-16T21:23:17+00:00","dateModified":"2022-05-16T21:24:03+00:00","mainEntityOfPage":{"@id":"https:\/\/experienciadevida.com.ar\/portalurbano\/galli-anuncio-la-pavimentacion-en-la-prolongacion-sur-de-la-calle-rivadavia\/"},"wordCount":352,"publisher":{"@id":"https:\/\/experienciadevida.com.ar\/portalurbano\/#organization"},"articleSection":["Ciudad","Destacadas 2"],"inLanguage":"es"},{"@type":"WebPage","@id":"https:\/\/experienciadevida.com.ar\/portalurbano\/galli-anuncio-la-pavimentacion-en-la-prolongacion-sur-de-la-calle-rivadavia\/","url":"https:\/\/experienciadevida.com.ar\/portalurbano\/galli-anuncio-la-pavimentacion-en-la-prolongacion-sur-de-la-calle-rivadavia\/","name":"Galli anunci\u00f3 la pavimentaci\u00f3n en la prolongaci\u00f3n sur de la calle Rivadavia -","isPartOf":{"@id":"https:\/\/experienciadevida.com.ar\/portalurbano\/#website"},"datePublished":"2022-05-16T21:23:17+00:00","dateModified":"2022-05-16T21:24:03+00:00","breadcrumb":{"@id":"https:\/\/experienciadevida.com.ar\/portalurbano\/galli-anuncio-la-pavimentacion-en-la-prolongacion-sur-de-la-calle-rivadavia\/#breadcrumb"},"inLanguage":"es","potentialAction":[{"@type":"ReadAction","target":["https:\/\/experienciadevida.com.ar\/portalurbano\/galli-anuncio-la-pavimentacion-en-la-prolongacion-sur-de-la-calle-rivadavia\/"]}]},{"@type":"BreadcrumbList","@id":"https:\/\/experienciadevida.com.ar\/portalurbano\/galli-anuncio-la-pavimentacion-en-la-prolongacion-sur-de-la-calle-rivadavia\/#breadcrumb","itemListElement":[{"@type":"ListItem","position":1,"name":"Portada","item":"https:\/\/experienciadevida.com.ar\/portalurbano\/"},{"@type":"ListItem","position":2,"name":"Galli anunci\u00f3 la pavimentaci\u00f3n en la prolongaci\u00f3n sur de la calle Rivadavia"}]},{"@type":"WebSite","@id":"https:\/\/experienciadevida.com.ar\/portalurbano\/#website","url":"https:\/\/experienciadevida.com.ar\/portalurbano\/","name":"","description":"","publisher":{"@id":"https:\/\/experienciadevida.com.ar\/portalurbano\/#organization"},"potentialAction":[{"@type":"SearchAction","target":{"@type":"EntryPoint","urlTemplate":"https:\/\/experienciadevida.com.ar\/portalurbano\/?s={search_term_string}"},"query-input":"required name=search_term_string"}],"inLanguage":"es"},{"@type":"Organization","@id":"https:\/\/experienciadevida.com.ar\/portalurbano\/#organization","name":"Portal Urbano","url":"https:\/\/experienciadevida.com.ar\/portalurbano\/","logo":{"@type":"ImageObject","inLanguage":"es","@id":"https:\/\/experienciadevida.com.ar\/portalurbano\/#\/schema\/logo\/image\/","url":"https:\/\/experienciadevida.com.ar\/portalurbano\/wp-content\/uploads\/2019\/09\/Logo-Original.png","contentUrl":"https:\/\/experienciadevida.com.ar\/portalurbano\/wp-content\/uploads\/2019\/09\/Logo-Original.png","width":2236,"height":1216,"caption":"Portal Urbano"},"image":{"@id":"https:\/\/experienciadevida.com.ar\/portalurbano\/#\/schema\/logo\/image\/"},"sameAs":["https:\/\/www.facebook.com\/Portal-Urbano-171542830093757\/","https:\/\/twitter.com\/portalurbanook","https:\/\/www.instagram.com\/_portalurbano\/","https:\/\/www.youtube.com\/channel\/UCXhagIfszH8KxFiOok79zbA?view_as=subscriber"]},{"@type":"Person","@id":"https:\/\/experienciadevida.com.ar\/portalurbano\/#\/schema\/person\/02dd326b1c4b056e9cc972486934a3a7","name":"admpu17wp","image":{"@type":"ImageObject","inLanguage":"es","@id":"https:\/\/experienciadevida.com.ar\/portalurbano\/#\/schema\/person\/image\/","url":"https:\/\/secure.gravatar.com\/avatar\/830d4c57adaae6630765e449a6908047?s=96&d=mm&r=g","contentUrl":"https:\/\/secure.gravatar.com\/avatar\/830d4c57adaae6630765e449a6908047?s=96&d=mm&r=g","caption":"admpu17wp"}}]}},"featured_image_urls":{"full":["https:\/\/experienciadevida.com.ar\/portalurbano\/wp-content\/uploads\/2022\/05\/Galli-anuncio-la-pavimentacion.jpg",2560,1711,false],"thumbnail":["https:\/\/experienciadevida.com.ar\/portalurbano\/wp-content\/uploads\/2022\/05\/Galli-anuncio-la-pavimentacion-150x150.jpg",150,150,true],"medium":["https:\/\/experienciadevida.com.ar\/portalurbano\/wp-content\/uploads\/2022\/05\/Galli-anuncio-la-pavimentacion-300x201.jpg",300,201,true],"medium_large":["https:\/\/experienciadevida.com.ar\/portalurbano\/wp-content\/uploads\/2022\/05\/Galli-anuncio-la-pavimentacion-768x513.jpg",640,428,true],"large":["https:\/\/experienciadevida.com.ar\/portalurbano\/wp-content\/uploads\/2022\/05\/Galli-anuncio-la-pavimentacion-1024x684.jpg",640,428,true],"ug_big":["https:\/\/experienciadevida.com.ar\/portalurbano\/wp-content\/uploads\/2022\/05\/Galli-anuncio-la-pavimentacion-768x513.jpg",768,513,true],"1536x1536":["https:\/\/experienciadevida.com.ar\/portalurbano\/wp-content\/uploads\/2022\/05\/Galli-anuncio-la-pavimentacion-1536x1027.jpg",1536,1027,true],"2048x2048":["https:\/\/experienciadevida.com.ar\/portalurbano\/wp-content\/uploads\/2022\/05\/Galli-anuncio-la-pavimentacion-2048x1369.jpg",2048,1369,true],"newsever-slider-full":["https:\/\/experienciadevida.com.ar\/portalurbano\/wp-content\/uploads\/2022\/05\/Galli-anuncio-la-pavimentacion.jpg",1264,845,false],"newsever-featured":["https:\/\/experienciadevida.com.ar\/portalurbano\/wp-content\/uploads\/2022\/05\/Galli-anuncio-la-pavimentacion.jpg",1024,684,false],"newsever-medium":["https:\/\/experienciadevida.com.ar\/portalurbano\/wp-content\/uploads\/2022\/05\/Galli-anuncio-la-pavimentacion.jpg",711,475,false],"web-stories-poster-portrait":["https:\/\/experienciadevida.com.ar\/portalurbano\/wp-content\/uploads\/2022\/05\/Galli-anuncio-la-pavimentacion.jpg",640,428,false],"web-stories-publisher-logo":["https:\/\/experienciadevida.com.ar\/portalurbano\/wp-content\/uploads\/2022\/05\/Galli-anuncio-la-pavimentacion.jpg",96,64,false],"web-stories-thumbnail":["https:\/\/experienciadevida.com.ar\/portalurbano\/wp-content\/uploads\/2022\/05\/Galli-anuncio-la-pavimentacion.jpg",150,100,false]},"author_info":{"display_name":"admpu17wp","author_link":"https:\/\/experienciadevida.com.ar\/portalurbano\/author\/admpu17wp\/"},"category_info":"<a href=\"https:\/\/experienciadevida.com.ar\/portalurbano\/category\/ciudad\/\" rel=\"category tag\">Ciudad<\/a> <a href=\"https:\/\/experienciadevida.com.ar\/portalurbano\/category\/destacadas-2\/\" rel=\"category tag\">Destacadas 2<\/a>","tag_info":"Destacadas 2","comment_count":"0","amp_enabled":true,"_links":{"self":[{"href":"https:\/\/experienciadevida.com.ar\/portalurbano\/wp-json\/wp\/v2\/posts\/167797"}],"collection":[{"href":"https:\/\/experienciadevida.com.ar\/portalurbano\/wp-json\/wp\/v2\/posts"}],"about":[{"href":"https:\/\/experienciadevida.com.ar\/portalurbano\/wp-json\/wp\/v2\/types\/post"}],"author":[{"embeddable":true,"href":"https:\/\/experienciadevida.com.ar\/portalurbano\/wp-json\/wp\/v2\/users\/1"}],"replies":[{"embeddable":true,"href":"https:\/\/experienciadevida.com.ar\/portalurbano\/wp-json\/wp\/v2\/comments?post=167797"}],"version-history":[{"count":2,"href":"https:\/\/experienciadevida.com.ar\/portalurbano\/wp-json\/wp\/v2\/posts\/167797\/revisions"}],"predecessor-version":[{"id":167801,"href":"https:\/\/experienciadevida.com.ar\/portalurbano\/wp-json\/wp\/v2\/posts\/167797\/revisions\/167801"}],"wp:featuredmedia":[{"embeddable":true,"href":"https:\/\/experienciadevida.com.ar\/portalurbano\/wp-json\/wp\/v2\/media\/167798"}],"wp:attachment":[{"href":"https:\/\/experienciadevida.com.ar\/portalurbano\/wp-json\/wp\/v2\/media?parent=167797"}],"wp:term":[{"taxonomy":"category","embeddable":true,"href":"https:\/\/experienciadevida.com.ar\/portalurbano\/wp-json\/wp\/v2\/categories?post=167797"},{"taxonomy":"post_tag","embeddable":true,"href":"https:\/\/experienciadevida.com.ar\/portalurbano\/wp-json\/wp\/v2\/tags?post=167797"}],"curies":[{"name":"wp","href":"https:\/\/api.w.org\/{rel}","templated":true}]}}