{"id":167787,"date":"2022-05-16T16:23:58","date_gmt":"2022-05-16T19:23:58","guid":{"rendered":"https:\/\/experienciadevida.com.ar\/portalurbano\/?p=167787"},"modified":"2022-05-16T16:46:50","modified_gmt":"2022-05-16T19:46:50","slug":"ezequiel-galli-recibio-un-dispositivo-destinado-a-las-fuerzas-de-seguridad","status":"publish","type":"post","link":"https:\/\/experienciadevida.com.ar\/portalurbano\/ezequiel-galli-recibio-un-dispositivo-destinado-a-las-fuerzas-de-seguridad\/","title":{"rendered":"Ezequiel Galli recibi\u00f3 un dispositivo destinado a las fuerzas de seguridad"},"content":{"rendered":"<p>Ezequiel Galli recibi\u00f3 un dispositivo destinado a las fuerzas de seguridad, en la ma\u00f1ana de este lunes, el Municipio, en manos del intendente Ezequiel <a href=\"https:\/\/www.facebook.com\/galliezequiel\">Galli<\/a>, recibi\u00f3 el Dispositivo Universal de Extracci\u00f3n Forense destinado a las fuerzas de Seguridad. Se trata de un sofisticado equipamiento para la investigaci\u00f3n policial; cuyo recibimiento fue anunciado a fines de mes de abril.<\/p>\n<p>La entrega del Dispositivo Universal de Extracci\u00f3n Forense (UFED, por sus siglas en ingl\u00e9s); se efectu\u00f3 en el marco de un acto celebrado en la Sala de Reuniones del Palacio San Mart\u00edn; encabezado por Ezequiel Galli. Asimismo participaron: el fiscal Lucas Moyano, el subsecretario de Seguridad del Municipio Mario Busto; el Director de Investigaciones Criminales del Ministerio de Seguridad de la Provincia de Buenos Aires, Ariel Ferreyra; y miembros de la subDDI local: entidad destinataria del equipamiento.<\/p>\n<p>La dotaci\u00f3n del dispositivo tiene que ver, tal como explic\u00f3 oportunamente el ingeniero Ariel Ferreyra, con una medida dispuesta por el Ministro de Seguridad bonaerense Sergio Berni, con el objetivo de \u201ctecnologizar las fuerzas de seguridad\u201d y a partir de all\u00ed \u201creducir los tiempos de la Justicia\u201d.<\/p>\n<p>Olavarr\u00eda fue elegida para tales fines, por un lado por el acompa\u00f1amiento desde el Ejecutivo a las fuerzas de seguridad, lo que permite aprovechar la asignaci\u00f3n de este tipo de recursos. Asimismo, por contar con personal capacitado para su uso: desde la Direcci\u00f3n de Investigaciones Criminales, dependiente de la Subsecretar\u00eda de Planificaci\u00f3n e Inteligencia Criminal, se est\u00e1 capacitando a personal del \u00e1rea de investigaciones de la polic\u00eda Bonaerense sobre el abordaje de plataformas virtuales y equipos digitales.<\/p>\n<p>Este dispositivo permite acceder a datos guardados en un equipo tecnol\u00f3gico, a\u00fan cuando est\u00e9 con alg\u00fan bloqueo como lo puedo llegar a ser un PIN o contrase\u00f1a.<\/p>\n<p><a href=\"https:\/\/experienciadevida.com.ar\/portalurbano\/ezequiel-galli-recibio-un-dispositivo-destinado-a-las-fuerzas-de-seguridad\/ezequiel-galli-17\/\" rel=\"attachment wp-att-167790\"><img decoding=\"async\" class=\"alignnone size-large wp-image-167790\" src=\"https:\/\/experienciadevida.com.ar\/portalurbano\/wp-content\/uploads\/2022\/05\/Ezequiel-Galli-1024x684.jpg\" alt=\"Ezequiel Galli\" width=\"900\" height=\"601\" srcset=\"https:\/\/experienciadevida.com.ar\/portalurbano\/wp-content\/uploads\/2022\/05\/Ezequiel-Galli-1024x684.jpg 1024w, https:\/\/experienciadevida.com.ar\/portalurbano\/wp-content\/uploads\/2022\/05\/Ezequiel-Galli-300x201.jpg 300w, https:\/\/experienciadevida.com.ar\/portalurbano\/wp-content\/uploads\/2022\/05\/Ezequiel-Galli-768x513.jpg 768w, https:\/\/experienciadevida.com.ar\/portalurbano\/wp-content\/uploads\/2022\/05\/Ezequiel-Galli-1536x1027.jpg 1536w, https:\/\/experienciadevida.com.ar\/portalurbano\/wp-content\/uploads\/2022\/05\/Ezequiel-Galli-2048x1369.jpg 2048w\" sizes=\"(max-width: 900px) 100vw, 900px\" \/><\/a><\/p>\n","protected":false},"excerpt":{"rendered":"<p>Ezequiel Galli recibi\u00f3 un dispositivo destinado a las fuerzas de seguridad, en la ma\u00f1ana de&#8230;<\/p>\n","protected":false},"author":1,"featured_media":167788,"comment_status":"closed","ping_status":"closed","sticky":false,"template":"","format":"standard","meta":{"content-type":""},"categories":[27,64],"tags":[],"nelio_content":{"isAutoShareEnabled":false,"autoShareEndMode":"default","automationSources":{"useContentSentences":true,"useSocialTemplates":true,"useCustomSentences":false,"customSentences":[]},"followers":[1],"suggestedReferences":[],"includedReferences":[],"efiUrl":"","efiAlt":"","highlights":[]},"yoast_head":"<!-- This site is optimized with the Yoast SEO plugin v20.7 - https:\/\/yoast.com\/wordpress\/plugins\/seo\/ -->\n<title>Ezequiel Galli recibi\u00f3 un dispositivo destinado a las fuerzas<\/title>\n<meta name=\"description\" content=\"Ezequiel Galli recibi\u00f3 un dispositivo destinado a las fuerzas de seguridad, en la ma\u00f1ana de este lunes, para las fuerzas de seguridad\" \/>\n<meta name=\"robots\" content=\"index, follow, max-snippet:-1, max-image-preview:large, max-video-preview:-1\" \/>\n<link rel=\"canonical\" href=\"https:\/\/experienciadevida.com.ar\/portalurbano\/ezequiel-galli-recibio-un-dispositivo-destinado-a-las-fuerzas-de-seguridad\/\" \/>\n<meta property=\"og:locale\" content=\"es_ES\" \/>\n<meta property=\"og:type\" content=\"article\" \/>\n<meta property=\"og:title\" content=\"Ezequiel Galli recibi\u00f3 un dispositivo destinado a las fuerzas\" \/>\n<meta property=\"og:description\" content=\"Ezequiel Galli recibi\u00f3 un dispositivo destinado a las fuerzas de seguridad, en la ma\u00f1ana de este lunes, para las fuerzas de seguridad\" \/>\n<meta property=\"og:url\" content=\"https:\/\/experienciadevida.com.ar\/portalurbano\/ezequiel-galli-recibio-un-dispositivo-destinado-a-las-fuerzas-de-seguridad\/\" \/>\n<meta property=\"article:publisher\" content=\"https:\/\/www.facebook.com\/Portal-Urbano-171542830093757\/\" \/>\n<meta property=\"article:published_time\" content=\"2022-05-16T19:23:58+00:00\" \/>\n<meta property=\"article:modified_time\" content=\"2022-05-16T19:46:50+00:00\" \/>\n<meta property=\"og:image\" content=\"https:\/\/experienciadevida.com.ar\/portalurbano\/wp-content\/uploads\/2022\/05\/Ezequiel-Galli-recibio-un.jpg\" \/>\n\t<meta property=\"og:image:width\" content=\"2560\" \/>\n\t<meta property=\"og:image:height\" content=\"1711\" \/>\n\t<meta property=\"og:image:type\" content=\"image\/jpeg\" \/>\n<meta name=\"author\" content=\"admpu17wp\" \/>\n<meta name=\"twitter:card\" content=\"summary_large_image\" \/>\n<meta name=\"twitter:creator\" content=\"@portalurbanook\" \/>\n<meta name=\"twitter:site\" content=\"@portalurbanook\" \/>\n<meta name=\"twitter:label1\" content=\"Escrito por\" \/>\n\t<meta name=\"twitter:data1\" content=\"admpu17wp\" \/>\n\t<meta name=\"twitter:label2\" content=\"Tiempo de lectura\" \/>\n\t<meta name=\"twitter:data2\" content=\"2 minutos\" \/>\n<script type=\"application\/ld+json\" class=\"yoast-schema-graph\">{\"@context\":\"https:\/\/schema.org\",\"@graph\":[{\"@type\":\"Article\",\"@id\":\"https:\/\/experienciadevida.com.ar\/portalurbano\/ezequiel-galli-recibio-un-dispositivo-destinado-a-las-fuerzas-de-seguridad\/#article\",\"isPartOf\":{\"@id\":\"https:\/\/experienciadevida.com.ar\/portalurbano\/ezequiel-galli-recibio-un-dispositivo-destinado-a-las-fuerzas-de-seguridad\/\"},\"author\":{\"name\":\"admpu17wp\",\"@id\":\"https:\/\/experienciadevida.com.ar\/portalurbano\/#\/schema\/person\/02dd326b1c4b056e9cc972486934a3a7\"},\"headline\":\"Ezequiel Galli recibi\u00f3 un dispositivo destinado a las fuerzas de seguridad\",\"datePublished\":\"2022-05-16T19:23:58+00:00\",\"dateModified\":\"2022-05-16T19:46:50+00:00\",\"mainEntityOfPage\":{\"@id\":\"https:\/\/experienciadevida.com.ar\/portalurbano\/ezequiel-galli-recibio-un-dispositivo-destinado-a-las-fuerzas-de-seguridad\/\"},\"wordCount\":315,\"publisher\":{\"@id\":\"https:\/\/experienciadevida.com.ar\/portalurbano\/#organization\"},\"articleSection\":[\"Ciudad\",\"Destacadas 2\"],\"inLanguage\":\"es\"},{\"@type\":\"WebPage\",\"@id\":\"https:\/\/experienciadevida.com.ar\/portalurbano\/ezequiel-galli-recibio-un-dispositivo-destinado-a-las-fuerzas-de-seguridad\/\",\"url\":\"https:\/\/experienciadevida.com.ar\/portalurbano\/ezequiel-galli-recibio-un-dispositivo-destinado-a-las-fuerzas-de-seguridad\/\",\"name\":\"Ezequiel Galli recibi\u00f3 un dispositivo destinado a las fuerzas\",\"isPartOf\":{\"@id\":\"https:\/\/experienciadevida.com.ar\/portalurbano\/#website\"},\"datePublished\":\"2022-05-16T19:23:58+00:00\",\"dateModified\":\"2022-05-16T19:46:50+00:00\",\"description\":\"Ezequiel Galli recibi\u00f3 un dispositivo destinado a las fuerzas de seguridad, en la ma\u00f1ana de este lunes, para las fuerzas de seguridad\",\"breadcrumb\":{\"@id\":\"https:\/\/experienciadevida.com.ar\/portalurbano\/ezequiel-galli-recibio-un-dispositivo-destinado-a-las-fuerzas-de-seguridad\/#breadcrumb\"},\"inLanguage\":\"es\",\"potentialAction\":[{\"@type\":\"ReadAction\",\"target\":[\"https:\/\/experienciadevida.com.ar\/portalurbano\/ezequiel-galli-recibio-un-dispositivo-destinado-a-las-fuerzas-de-seguridad\/\"]}]},{\"@type\":\"BreadcrumbList\",\"@id\":\"https:\/\/experienciadevida.com.ar\/portalurbano\/ezequiel-galli-recibio-un-dispositivo-destinado-a-las-fuerzas-de-seguridad\/#breadcrumb\",\"itemListElement\":[{\"@type\":\"ListItem\",\"position\":1,\"name\":\"Portada\",\"item\":\"https:\/\/experienciadevida.com.ar\/portalurbano\/\"},{\"@type\":\"ListItem\",\"position\":2,\"name\":\"Ezequiel Galli recibi\u00f3 un dispositivo destinado a las fuerzas de seguridad\"}]},{\"@type\":\"WebSite\",\"@id\":\"https:\/\/experienciadevida.com.ar\/portalurbano\/#website\",\"url\":\"https:\/\/experienciadevida.com.ar\/portalurbano\/\",\"name\":\"\",\"description\":\"\",\"publisher\":{\"@id\":\"https:\/\/experienciadevida.com.ar\/portalurbano\/#organization\"},\"potentialAction\":[{\"@type\":\"SearchAction\",\"target\":{\"@type\":\"EntryPoint\",\"urlTemplate\":\"https:\/\/experienciadevida.com.ar\/portalurbano\/?s={search_term_string}\"},\"query-input\":\"required name=search_term_string\"}],\"inLanguage\":\"es\"},{\"@type\":\"Organization\",\"@id\":\"https:\/\/experienciadevida.com.ar\/portalurbano\/#organization\",\"name\":\"Portal Urbano\",\"url\":\"https:\/\/experienciadevida.com.ar\/portalurbano\/\",\"logo\":{\"@type\":\"ImageObject\",\"inLanguage\":\"es\",\"@id\":\"https:\/\/experienciadevida.com.ar\/portalurbano\/#\/schema\/logo\/image\/\",\"url\":\"https:\/\/experienciadevida.com.ar\/portalurbano\/wp-content\/uploads\/2019\/09\/Logo-Original.png\",\"contentUrl\":\"https:\/\/experienciadevida.com.ar\/portalurbano\/wp-content\/uploads\/2019\/09\/Logo-Original.png\",\"width\":2236,\"height\":1216,\"caption\":\"Portal Urbano\"},\"image\":{\"@id\":\"https:\/\/experienciadevida.com.ar\/portalurbano\/#\/schema\/logo\/image\/\"},\"sameAs\":[\"https:\/\/www.facebook.com\/Portal-Urbano-171542830093757\/\",\"https:\/\/twitter.com\/portalurbanook\",\"https:\/\/www.instagram.com\/_portalurbano\/\",\"https:\/\/www.youtube.com\/channel\/UCXhagIfszH8KxFiOok79zbA?view_as=subscriber\"]},{\"@type\":\"Person\",\"@id\":\"https:\/\/experienciadevida.com.ar\/portalurbano\/#\/schema\/person\/02dd326b1c4b056e9cc972486934a3a7\",\"name\":\"admpu17wp\",\"image\":{\"@type\":\"ImageObject\",\"inLanguage\":\"es\",\"@id\":\"https:\/\/experienciadevida.com.ar\/portalurbano\/#\/schema\/person\/image\/\",\"url\":\"https:\/\/secure.gravatar.com\/avatar\/830d4c57adaae6630765e449a6908047?s=96&d=mm&r=g\",\"contentUrl\":\"https:\/\/secure.gravatar.com\/avatar\/830d4c57adaae6630765e449a6908047?s=96&d=mm&r=g\",\"caption\":\"admpu17wp\"}}]}<\/script>\n<!-- \/ Yoast SEO plugin. -->","yoast_head_json":{"title":"Ezequiel Galli recibi\u00f3 un dispositivo destinado a las fuerzas","description":"Ezequiel Galli recibi\u00f3 un dispositivo destinado a las fuerzas de seguridad, en la ma\u00f1ana de este lunes, para las fuerzas de seguridad","robots":{"index":"index","follow":"follow","max-snippet":"max-snippet:-1","max-image-preview":"max-image-preview:large","max-video-preview":"max-video-preview:-1"},"canonical":"https:\/\/experienciadevida.com.ar\/portalurbano\/ezequiel-galli-recibio-un-dispositivo-destinado-a-las-fuerzas-de-seguridad\/","og_locale":"es_ES","og_type":"article","og_title":"Ezequiel Galli recibi\u00f3 un dispositivo destinado a las fuerzas","og_description":"Ezequiel Galli recibi\u00f3 un dispositivo destinado a las fuerzas de seguridad, en la ma\u00f1ana de este lunes, para las fuerzas de seguridad","og_url":"https:\/\/experienciadevida.com.ar\/portalurbano\/ezequiel-galli-recibio-un-dispositivo-destinado-a-las-fuerzas-de-seguridad\/","article_publisher":"https:\/\/www.facebook.com\/Portal-Urbano-171542830093757\/","article_published_time":"2022-05-16T19:23:58+00:00","article_modified_time":"2022-05-16T19:46:50+00:00","og_image":[{"width":2560,"height":1711,"url":"https:\/\/experienciadevida.com.ar\/portalurbano\/wp-content\/uploads\/2022\/05\/Ezequiel-Galli-recibio-un.jpg","type":"image\/jpeg"}],"author":"admpu17wp","twitter_card":"summary_large_image","twitter_creator":"@portalurbanook","twitter_site":"@portalurbanook","twitter_misc":{"Escrito por":"admpu17wp","Tiempo de lectura":"2 minutos"},"schema":{"@context":"https:\/\/schema.org","@graph":[{"@type":"Article","@id":"https:\/\/experienciadevida.com.ar\/portalurbano\/ezequiel-galli-recibio-un-dispositivo-destinado-a-las-fuerzas-de-seguridad\/#article","isPartOf":{"@id":"https:\/\/experienciadevida.com.ar\/portalurbano\/ezequiel-galli-recibio-un-dispositivo-destinado-a-las-fuerzas-de-seguridad\/"},"author":{"name":"admpu17wp","@id":"https:\/\/experienciadevida.com.ar\/portalurbano\/#\/schema\/person\/02dd326b1c4b056e9cc972486934a3a7"},"headline":"Ezequiel Galli recibi\u00f3 un dispositivo destinado a las fuerzas de seguridad","datePublished":"2022-05-16T19:23:58+00:00","dateModified":"2022-05-16T19:46:50+00:00","mainEntityOfPage":{"@id":"https:\/\/experienciadevida.com.ar\/portalurbano\/ezequiel-galli-recibio-un-dispositivo-destinado-a-las-fuerzas-de-seguridad\/"},"wordCount":315,"publisher":{"@id":"https:\/\/experienciadevida.com.ar\/portalurbano\/#organization"},"articleSection":["Ciudad","Destacadas 2"],"inLanguage":"es"},{"@type":"WebPage","@id":"https:\/\/experienciadevida.com.ar\/portalurbano\/ezequiel-galli-recibio-un-dispositivo-destinado-a-las-fuerzas-de-seguridad\/","url":"https:\/\/experienciadevida.com.ar\/portalurbano\/ezequiel-galli-recibio-un-dispositivo-destinado-a-las-fuerzas-de-seguridad\/","name":"Ezequiel Galli recibi\u00f3 un dispositivo destinado a las fuerzas","isPartOf":{"@id":"https:\/\/experienciadevida.com.ar\/portalurbano\/#website"},"datePublished":"2022-05-16T19:23:58+00:00","dateModified":"2022-05-16T19:46:50+00:00","description":"Ezequiel Galli recibi\u00f3 un dispositivo destinado a las fuerzas de seguridad, en la ma\u00f1ana de este lunes, para las fuerzas de seguridad","breadcrumb":{"@id":"https:\/\/experienciadevida.com.ar\/portalurbano\/ezequiel-galli-recibio-un-dispositivo-destinado-a-las-fuerzas-de-seguridad\/#breadcrumb"},"inLanguage":"es","potentialAction":[{"@type":"ReadAction","target":["https:\/\/experienciadevida.com.ar\/portalurbano\/ezequiel-galli-recibio-un-dispositivo-destinado-a-las-fuerzas-de-seguridad\/"]}]},{"@type":"BreadcrumbList","@id":"https:\/\/experienciadevida.com.ar\/portalurbano\/ezequiel-galli-recibio-un-dispositivo-destinado-a-las-fuerzas-de-seguridad\/#breadcrumb","itemListElement":[{"@type":"ListItem","position":1,"name":"Portada","item":"https:\/\/experienciadevida.com.ar\/portalurbano\/"},{"@type":"ListItem","position":2,"name":"Ezequiel Galli recibi\u00f3 un dispositivo destinado a las fuerzas de seguridad"}]},{"@type":"WebSite","@id":"https:\/\/experienciadevida.com.ar\/portalurbano\/#website","url":"https:\/\/experienciadevida.com.ar\/portalurbano\/","name":"","description":"","publisher":{"@id":"https:\/\/experienciadevida.com.ar\/portalurbano\/#organization"},"potentialAction":[{"@type":"SearchAction","target":{"@type":"EntryPoint","urlTemplate":"https:\/\/experienciadevida.com.ar\/portalurbano\/?s={search_term_string}"},"query-input":"required name=search_term_string"}],"inLanguage":"es"},{"@type":"Organization","@id":"https:\/\/experienciadevida.com.ar\/portalurbano\/#organization","name":"Portal Urbano","url":"https:\/\/experienciadevida.com.ar\/portalurbano\/","logo":{"@type":"ImageObject","inLanguage":"es","@id":"https:\/\/experienciadevida.com.ar\/portalurbano\/#\/schema\/logo\/image\/","url":"https:\/\/experienciadevida.com.ar\/portalurbano\/wp-content\/uploads\/2019\/09\/Logo-Original.png","contentUrl":"https:\/\/experienciadevida.com.ar\/portalurbano\/wp-content\/uploads\/2019\/09\/Logo-Original.png","width":2236,"height":1216,"caption":"Portal Urbano"},"image":{"@id":"https:\/\/experienciadevida.com.ar\/portalurbano\/#\/schema\/logo\/image\/"},"sameAs":["https:\/\/www.facebook.com\/Portal-Urbano-171542830093757\/","https:\/\/twitter.com\/portalurbanook","https:\/\/www.instagram.com\/_portalurbano\/","https:\/\/www.youtube.com\/channel\/UCXhagIfszH8KxFiOok79zbA?view_as=subscriber"]},{"@type":"Person","@id":"https:\/\/experienciadevida.com.ar\/portalurbano\/#\/schema\/person\/02dd326b1c4b056e9cc972486934a3a7","name":"admpu17wp","image":{"@type":"ImageObject","inLanguage":"es","@id":"https:\/\/experienciadevida.com.ar\/portalurbano\/#\/schema\/person\/image\/","url":"https:\/\/secure.gravatar.com\/avatar\/830d4c57adaae6630765e449a6908047?s=96&d=mm&r=g","contentUrl":"https:\/\/secure.gravatar.com\/avatar\/830d4c57adaae6630765e449a6908047?s=96&d=mm&r=g","caption":"admpu17wp"}}]}},"featured_image_urls":{"full":["https:\/\/experienciadevida.com.ar\/portalurbano\/wp-content\/uploads\/2022\/05\/Ezequiel-Galli-recibio-un.jpg",2560,1711,false],"thumbnail":["https:\/\/experienciadevida.com.ar\/portalurbano\/wp-content\/uploads\/2022\/05\/Ezequiel-Galli-recibio-un-150x150.jpg",150,150,true],"medium":["https:\/\/experienciadevida.com.ar\/portalurbano\/wp-content\/uploads\/2022\/05\/Ezequiel-Galli-recibio-un-300x201.jpg",300,201,true],"medium_large":["https:\/\/experienciadevida.com.ar\/portalurbano\/wp-content\/uploads\/2022\/05\/Ezequiel-Galli-recibio-un-768x513.jpg",640,428,true],"large":["https:\/\/experienciadevida.com.ar\/portalurbano\/wp-content\/uploads\/2022\/05\/Ezequiel-Galli-recibio-un-1024x684.jpg",640,428,true],"ug_big":["https:\/\/experienciadevida.com.ar\/portalurbano\/wp-content\/uploads\/2022\/05\/Ezequiel-Galli-recibio-un-768x513.jpg",768,513,true],"1536x1536":["https:\/\/experienciadevida.com.ar\/portalurbano\/wp-content\/uploads\/2022\/05\/Ezequiel-Galli-recibio-un-1536x1027.jpg",1536,1027,true],"2048x2048":["https:\/\/experienciadevida.com.ar\/portalurbano\/wp-content\/uploads\/2022\/05\/Ezequiel-Galli-recibio-un-2048x1369.jpg",2048,1369,true],"newsever-slider-full":["https:\/\/experienciadevida.com.ar\/portalurbano\/wp-content\/uploads\/2022\/05\/Ezequiel-Galli-recibio-un.jpg",1264,845,false],"newsever-featured":["https:\/\/experienciadevida.com.ar\/portalurbano\/wp-content\/uploads\/2022\/05\/Ezequiel-Galli-recibio-un.jpg",1024,684,false],"newsever-medium":["https:\/\/experienciadevida.com.ar\/portalurbano\/wp-content\/uploads\/2022\/05\/Ezequiel-Galli-recibio-un.jpg",711,475,false],"web-stories-poster-portrait":["https:\/\/experienciadevida.com.ar\/portalurbano\/wp-content\/uploads\/2022\/05\/Ezequiel-Galli-recibio-un.jpg",640,428,false],"web-stories-publisher-logo":["https:\/\/experienciadevida.com.ar\/portalurbano\/wp-content\/uploads\/2022\/05\/Ezequiel-Galli-recibio-un.jpg",96,64,false],"web-stories-thumbnail":["https:\/\/experienciadevida.com.ar\/portalurbano\/wp-content\/uploads\/2022\/05\/Ezequiel-Galli-recibio-un.jpg",150,100,false]},"author_info":{"display_name":"admpu17wp","author_link":"https:\/\/experienciadevida.com.ar\/portalurbano\/author\/admpu17wp\/"},"category_info":"<a href=\"https:\/\/experienciadevida.com.ar\/portalurbano\/category\/ciudad\/\" rel=\"category tag\">Ciudad<\/a> <a href=\"https:\/\/experienciadevida.com.ar\/portalurbano\/category\/destacadas-2\/\" rel=\"category tag\">Destacadas 2<\/a>","tag_info":"Destacadas 2","comment_count":"0","amp_enabled":true,"_links":{"self":[{"href":"https:\/\/experienciadevida.com.ar\/portalurbano\/wp-json\/wp\/v2\/posts\/167787"}],"collection":[{"href":"https:\/\/experienciadevida.com.ar\/portalurbano\/wp-json\/wp\/v2\/posts"}],"about":[{"href":"https:\/\/experienciadevida.com.ar\/portalurbano\/wp-json\/wp\/v2\/types\/post"}],"author":[{"embeddable":true,"href":"https:\/\/experienciadevida.com.ar\/portalurbano\/wp-json\/wp\/v2\/users\/1"}],"replies":[{"embeddable":true,"href":"https:\/\/experienciadevida.com.ar\/portalurbano\/wp-json\/wp\/v2\/comments?post=167787"}],"version-history":[{"count":3,"href":"https:\/\/experienciadevida.com.ar\/portalurbano\/wp-json\/wp\/v2\/posts\/167787\/revisions"}],"predecessor-version":[{"id":167792,"href":"https:\/\/experienciadevida.com.ar\/portalurbano\/wp-json\/wp\/v2\/posts\/167787\/revisions\/167792"}],"wp:featuredmedia":[{"embeddable":true,"href":"https:\/\/experienciadevida.com.ar\/portalurbano\/wp-json\/wp\/v2\/media\/167788"}],"wp:attachment":[{"href":"https:\/\/experienciadevida.com.ar\/portalurbano\/wp-json\/wp\/v2\/media?parent=167787"}],"wp:term":[{"taxonomy":"category","embeddable":true,"href":"https:\/\/experienciadevida.com.ar\/portalurbano\/wp-json\/wp\/v2\/categories?post=167787"},{"taxonomy":"post_tag","embeddable":true,"href":"https:\/\/experienciadevida.com.ar\/portalurbano\/wp-json\/wp\/v2\/tags?post=167787"}],"curies":[{"name":"wp","href":"https:\/\/api.w.org\/{rel}","templated":true}]}}