{"id":167750,"date":"2022-05-15T12:51:58","date_gmt":"2022-05-15T15:51:58","guid":{"rendered":"https:\/\/experienciadevida.com.ar\/portalurbano\/?p=167750"},"modified":"2022-05-15T12:52:34","modified_gmt":"2022-05-15T15:52:34","slug":"desde-el-programa-envion-1-hicieron-una-visita-educativa-al-hospital","status":"publish","type":"post","link":"https:\/\/experienciadevida.com.ar\/portalurbano\/desde-el-programa-envion-1-hicieron-una-visita-educativa-al-hospital\/","title":{"rendered":"Desde el programa envi\u00f3n 1 hicieron una visita educativa al Hospital"},"content":{"rendered":"<p>Desde el programa envi\u00f3n 1 hicieron una visita educativa al Hospital, la direcci\u00f3n de Ni\u00f1eces y Adolescencias del <a href=\"https:\/\/www.facebook.com\/municipiodeolavarria\">Municipio<\/a> de Olavarr\u00eda informa que d\u00edas atr\u00e1s que los chicos y chicas que asisten al Programa Envi\u00f3n 1 realizaron una visita educativa por las instalaciones del Hospital Municipal H\u00e9ctor Cura en compa\u00f1\u00eda de sus referentes.<\/p>\n<p>Esta actividad, se enmarca en la planificaci\u00f3n mensual que se lleva adelante desde la instituci\u00f3n, en vistas a generar instancias y actividades especiales vinculadas al acceso a derechos.<\/p>\n<p>La coordinadora del espacio, Emilia Vales, brind\u00f3 detalles de la jornada compartida. \u201cLa idea de la visita tiene que ver con recorrer todos los servicios de salud de nuestro Hospital, conocer sus instalaciones, y que los chicos y chicas sepan ad\u00f3nde tienen que dirigirse seg\u00fan las particularidades de cada situaci\u00f3n, como gesti\u00f3n de turnos, extracci\u00f3n de laboratorio, tramitaci\u00f3n de carnet hospitalario\u201d, explic\u00f3.<\/p>\n<p>Por su parte, la referente a cargo de Ni\u00f1eces y Adolescencias, Mariana Sabbatini, se\u00f1al\u00f3 que \u201cestas acciones de promoci\u00f3n de salud pretenden mejorar la calidad de vida de ni\u00f1os, ni\u00f1as y adolescentes que participan de nuestros programas, entendiendo la salud como un valor y un derecho universal, y en este sentido, que conozcan la ubicaci\u00f3n de los diversos espacios dentro del edificio, es una forma de garantizar el acceso a la salud mediante el suministro de la informaci\u00f3n adecuada\u201d, concluy\u00f3.<\/p>\n<p><a href=\"https:\/\/experienciadevida.com.ar\/portalurbano\/desde-el-programa-envion-1-hicieron-una-visita-educativa-al-hospital\/desde-el-programa\/\" rel=\"attachment wp-att-167753\"><img decoding=\"async\" class=\"alignnone size-large wp-image-167753\" src=\"https:\/\/experienciadevida.com.ar\/portalurbano\/wp-content\/uploads\/2022\/05\/Desde-el-programa-1024x768.jpg\" alt=\"Desde el programa\" width=\"900\" height=\"675\" srcset=\"https:\/\/experienciadevida.com.ar\/portalurbano\/wp-content\/uploads\/2022\/05\/Desde-el-programa-1024x768.jpg 1024w, https:\/\/experienciadevida.com.ar\/portalurbano\/wp-content\/uploads\/2022\/05\/Desde-el-programa-300x225.jpg 300w, https:\/\/experienciadevida.com.ar\/portalurbano\/wp-content\/uploads\/2022\/05\/Desde-el-programa-768x576.jpg 768w, https:\/\/experienciadevida.com.ar\/portalurbano\/wp-content\/uploads\/2022\/05\/Desde-el-programa-1536x1152.jpg 1536w, https:\/\/experienciadevida.com.ar\/portalurbano\/wp-content\/uploads\/2022\/05\/Desde-el-programa.jpg 1600w\" sizes=\"(max-width: 900px) 100vw, 900px\" \/><\/a><\/p>\n","protected":false},"excerpt":{"rendered":"<p>Desde el programa envi\u00f3n 1 hicieron una visita educativa al Hospital, la direcci\u00f3n de Ni\u00f1eces&#8230;<\/p>\n","protected":false},"author":1,"featured_media":167751,"comment_status":"closed","ping_status":"closed","sticky":false,"template":"","format":"standard","meta":{"content-type":""},"categories":[45],"tags":[],"nelio_content":{"isAutoShareEnabled":false,"autoShareEndMode":"default","automationSources":{"useContentSentences":true,"useSocialTemplates":true,"useCustomSentences":false,"customSentences":[]},"followers":[1],"suggestedReferences":[],"includedReferences":[],"efiUrl":"","efiAlt":"","highlights":[]},"yoast_head":"<!-- This site is optimized with the Yoast SEO plugin v20.7 - https:\/\/yoast.com\/wordpress\/plugins\/seo\/ -->\n<title>Desde el programa envi\u00f3n 1 hicieron una visita educativa al Hospital<\/title>\n<meta name=\"description\" content=\"Desde el programa envi\u00f3n 1 hicieron una visita educativa al Hospital, as\u00ed lo inform\u00f3 la direcci\u00f3n de ni\u00f1eces y adolescencias del Municipio\" \/>\n<meta name=\"robots\" content=\"index, follow, max-snippet:-1, max-image-preview:large, max-video-preview:-1\" \/>\n<link rel=\"canonical\" href=\"https:\/\/experienciadevida.com.ar\/portalurbano\/desde-el-programa-envion-1-hicieron-una-visita-educativa-al-hospital\/\" \/>\n<meta property=\"og:locale\" content=\"es_ES\" \/>\n<meta property=\"og:type\" content=\"article\" \/>\n<meta property=\"og:title\" content=\"Desde el programa envi\u00f3n 1 hicieron una visita educativa al Hospital\" \/>\n<meta property=\"og:description\" content=\"Desde el programa envi\u00f3n 1 hicieron una visita educativa al Hospital, as\u00ed lo inform\u00f3 la direcci\u00f3n de ni\u00f1eces y adolescencias del Municipio\" \/>\n<meta property=\"og:url\" content=\"https:\/\/experienciadevida.com.ar\/portalurbano\/desde-el-programa-envion-1-hicieron-una-visita-educativa-al-hospital\/\" \/>\n<meta property=\"article:publisher\" content=\"https:\/\/www.facebook.com\/Portal-Urbano-171542830093757\/\" \/>\n<meta property=\"article:published_time\" content=\"2022-05-15T15:51:58+00:00\" \/>\n<meta property=\"article:modified_time\" content=\"2022-05-15T15:52:34+00:00\" \/>\n<meta property=\"og:image\" content=\"https:\/\/experienciadevida.com.ar\/portalurbano\/wp-content\/uploads\/2022\/05\/Desde-el-programa-envion.jpg\" \/>\n\t<meta property=\"og:image:width\" content=\"1600\" \/>\n\t<meta property=\"og:image:height\" content=\"1200\" \/>\n\t<meta property=\"og:image:type\" content=\"image\/jpeg\" \/>\n<meta name=\"author\" content=\"admpu17wp\" \/>\n<meta name=\"twitter:card\" content=\"summary_large_image\" \/>\n<meta name=\"twitter:creator\" content=\"@portalurbanook\" \/>\n<meta name=\"twitter:site\" content=\"@portalurbanook\" \/>\n<meta name=\"twitter:label1\" content=\"Escrito por\" \/>\n\t<meta name=\"twitter:data1\" content=\"admpu17wp\" \/>\n\t<meta name=\"twitter:label2\" content=\"Tiempo de lectura\" \/>\n\t<meta name=\"twitter:data2\" content=\"2 minutos\" \/>\n<script type=\"application\/ld+json\" class=\"yoast-schema-graph\">{\"@context\":\"https:\/\/schema.org\",\"@graph\":[{\"@type\":\"Article\",\"@id\":\"https:\/\/experienciadevida.com.ar\/portalurbano\/desde-el-programa-envion-1-hicieron-una-visita-educativa-al-hospital\/#article\",\"isPartOf\":{\"@id\":\"https:\/\/experienciadevida.com.ar\/portalurbano\/desde-el-programa-envion-1-hicieron-una-visita-educativa-al-hospital\/\"},\"author\":{\"name\":\"admpu17wp\",\"@id\":\"https:\/\/experienciadevida.com.ar\/portalurbano\/#\/schema\/person\/02dd326b1c4b056e9cc972486934a3a7\"},\"headline\":\"Desde el programa envi\u00f3n 1 hicieron una visita educativa al Hospital\",\"datePublished\":\"2022-05-15T15:51:58+00:00\",\"dateModified\":\"2022-05-15T15:52:34+00:00\",\"mainEntityOfPage\":{\"@id\":\"https:\/\/experienciadevida.com.ar\/portalurbano\/desde-el-programa-envion-1-hicieron-una-visita-educativa-al-hospital\/\"},\"wordCount\":256,\"publisher\":{\"@id\":\"https:\/\/experienciadevida.com.ar\/portalurbano\/#organization\"},\"articleSection\":[\"Salud\"],\"inLanguage\":\"es\"},{\"@type\":\"WebPage\",\"@id\":\"https:\/\/experienciadevida.com.ar\/portalurbano\/desde-el-programa-envion-1-hicieron-una-visita-educativa-al-hospital\/\",\"url\":\"https:\/\/experienciadevida.com.ar\/portalurbano\/desde-el-programa-envion-1-hicieron-una-visita-educativa-al-hospital\/\",\"name\":\"Desde el programa envi\u00f3n 1 hicieron una visita educativa al Hospital\",\"isPartOf\":{\"@id\":\"https:\/\/experienciadevida.com.ar\/portalurbano\/#website\"},\"datePublished\":\"2022-05-15T15:51:58+00:00\",\"dateModified\":\"2022-05-15T15:52:34+00:00\",\"description\":\"Desde el programa envi\u00f3n 1 hicieron una visita educativa al Hospital, as\u00ed lo inform\u00f3 la direcci\u00f3n de ni\u00f1eces y adolescencias del Municipio\",\"breadcrumb\":{\"@id\":\"https:\/\/experienciadevida.com.ar\/portalurbano\/desde-el-programa-envion-1-hicieron-una-visita-educativa-al-hospital\/#breadcrumb\"},\"inLanguage\":\"es\",\"potentialAction\":[{\"@type\":\"ReadAction\",\"target\":[\"https:\/\/experienciadevida.com.ar\/portalurbano\/desde-el-programa-envion-1-hicieron-una-visita-educativa-al-hospital\/\"]}]},{\"@type\":\"BreadcrumbList\",\"@id\":\"https:\/\/experienciadevida.com.ar\/portalurbano\/desde-el-programa-envion-1-hicieron-una-visita-educativa-al-hospital\/#breadcrumb\",\"itemListElement\":[{\"@type\":\"ListItem\",\"position\":1,\"name\":\"Portada\",\"item\":\"https:\/\/experienciadevida.com.ar\/portalurbano\/\"},{\"@type\":\"ListItem\",\"position\":2,\"name\":\"Desde el programa envi\u00f3n 1 hicieron una visita educativa al Hospital\"}]},{\"@type\":\"WebSite\",\"@id\":\"https:\/\/experienciadevida.com.ar\/portalurbano\/#website\",\"url\":\"https:\/\/experienciadevida.com.ar\/portalurbano\/\",\"name\":\"\",\"description\":\"\",\"publisher\":{\"@id\":\"https:\/\/experienciadevida.com.ar\/portalurbano\/#organization\"},\"potentialAction\":[{\"@type\":\"SearchAction\",\"target\":{\"@type\":\"EntryPoint\",\"urlTemplate\":\"https:\/\/experienciadevida.com.ar\/portalurbano\/?s={search_term_string}\"},\"query-input\":\"required name=search_term_string\"}],\"inLanguage\":\"es\"},{\"@type\":\"Organization\",\"@id\":\"https:\/\/experienciadevida.com.ar\/portalurbano\/#organization\",\"name\":\"Portal Urbano\",\"url\":\"https:\/\/experienciadevida.com.ar\/portalurbano\/\",\"logo\":{\"@type\":\"ImageObject\",\"inLanguage\":\"es\",\"@id\":\"https:\/\/experienciadevida.com.ar\/portalurbano\/#\/schema\/logo\/image\/\",\"url\":\"https:\/\/experienciadevida.com.ar\/portalurbano\/wp-content\/uploads\/2019\/09\/Logo-Original.png\",\"contentUrl\":\"https:\/\/experienciadevida.com.ar\/portalurbano\/wp-content\/uploads\/2019\/09\/Logo-Original.png\",\"width\":2236,\"height\":1216,\"caption\":\"Portal Urbano\"},\"image\":{\"@id\":\"https:\/\/experienciadevida.com.ar\/portalurbano\/#\/schema\/logo\/image\/\"},\"sameAs\":[\"https:\/\/www.facebook.com\/Portal-Urbano-171542830093757\/\",\"https:\/\/twitter.com\/portalurbanook\",\"https:\/\/www.instagram.com\/_portalurbano\/\",\"https:\/\/www.youtube.com\/channel\/UCXhagIfszH8KxFiOok79zbA?view_as=subscriber\"]},{\"@type\":\"Person\",\"@id\":\"https:\/\/experienciadevida.com.ar\/portalurbano\/#\/schema\/person\/02dd326b1c4b056e9cc972486934a3a7\",\"name\":\"admpu17wp\",\"image\":{\"@type\":\"ImageObject\",\"inLanguage\":\"es\",\"@id\":\"https:\/\/experienciadevida.com.ar\/portalurbano\/#\/schema\/person\/image\/\",\"url\":\"https:\/\/secure.gravatar.com\/avatar\/830d4c57adaae6630765e449a6908047?s=96&d=mm&r=g\",\"contentUrl\":\"https:\/\/secure.gravatar.com\/avatar\/830d4c57adaae6630765e449a6908047?s=96&d=mm&r=g\",\"caption\":\"admpu17wp\"}}]}<\/script>\n<!-- \/ Yoast SEO plugin. -->","yoast_head_json":{"title":"Desde el programa envi\u00f3n 1 hicieron una visita educativa al Hospital","description":"Desde el programa envi\u00f3n 1 hicieron una visita educativa al Hospital, as\u00ed lo inform\u00f3 la direcci\u00f3n de ni\u00f1eces y adolescencias del Municipio","robots":{"index":"index","follow":"follow","max-snippet":"max-snippet:-1","max-image-preview":"max-image-preview:large","max-video-preview":"max-video-preview:-1"},"canonical":"https:\/\/experienciadevida.com.ar\/portalurbano\/desde-el-programa-envion-1-hicieron-una-visita-educativa-al-hospital\/","og_locale":"es_ES","og_type":"article","og_title":"Desde el programa envi\u00f3n 1 hicieron una visita educativa al Hospital","og_description":"Desde el programa envi\u00f3n 1 hicieron una visita educativa al Hospital, as\u00ed lo inform\u00f3 la direcci\u00f3n de ni\u00f1eces y adolescencias del Municipio","og_url":"https:\/\/experienciadevida.com.ar\/portalurbano\/desde-el-programa-envion-1-hicieron-una-visita-educativa-al-hospital\/","article_publisher":"https:\/\/www.facebook.com\/Portal-Urbano-171542830093757\/","article_published_time":"2022-05-15T15:51:58+00:00","article_modified_time":"2022-05-15T15:52:34+00:00","og_image":[{"width":1600,"height":1200,"url":"https:\/\/experienciadevida.com.ar\/portalurbano\/wp-content\/uploads\/2022\/05\/Desde-el-programa-envion.jpg","type":"image\/jpeg"}],"author":"admpu17wp","twitter_card":"summary_large_image","twitter_creator":"@portalurbanook","twitter_site":"@portalurbanook","twitter_misc":{"Escrito por":"admpu17wp","Tiempo de lectura":"2 minutos"},"schema":{"@context":"https:\/\/schema.org","@graph":[{"@type":"Article","@id":"https:\/\/experienciadevida.com.ar\/portalurbano\/desde-el-programa-envion-1-hicieron-una-visita-educativa-al-hospital\/#article","isPartOf":{"@id":"https:\/\/experienciadevida.com.ar\/portalurbano\/desde-el-programa-envion-1-hicieron-una-visita-educativa-al-hospital\/"},"author":{"name":"admpu17wp","@id":"https:\/\/experienciadevida.com.ar\/portalurbano\/#\/schema\/person\/02dd326b1c4b056e9cc972486934a3a7"},"headline":"Desde el programa envi\u00f3n 1 hicieron una visita educativa al Hospital","datePublished":"2022-05-15T15:51:58+00:00","dateModified":"2022-05-15T15:52:34+00:00","mainEntityOfPage":{"@id":"https:\/\/experienciadevida.com.ar\/portalurbano\/desde-el-programa-envion-1-hicieron-una-visita-educativa-al-hospital\/"},"wordCount":256,"publisher":{"@id":"https:\/\/experienciadevida.com.ar\/portalurbano\/#organization"},"articleSection":["Salud"],"inLanguage":"es"},{"@type":"WebPage","@id":"https:\/\/experienciadevida.com.ar\/portalurbano\/desde-el-programa-envion-1-hicieron-una-visita-educativa-al-hospital\/","url":"https:\/\/experienciadevida.com.ar\/portalurbano\/desde-el-programa-envion-1-hicieron-una-visita-educativa-al-hospital\/","name":"Desde el programa envi\u00f3n 1 hicieron una visita educativa al Hospital","isPartOf":{"@id":"https:\/\/experienciadevida.com.ar\/portalurbano\/#website"},"datePublished":"2022-05-15T15:51:58+00:00","dateModified":"2022-05-15T15:52:34+00:00","description":"Desde el programa envi\u00f3n 1 hicieron una visita educativa al Hospital, as\u00ed lo inform\u00f3 la direcci\u00f3n de ni\u00f1eces y adolescencias del Municipio","breadcrumb":{"@id":"https:\/\/experienciadevida.com.ar\/portalurbano\/desde-el-programa-envion-1-hicieron-una-visita-educativa-al-hospital\/#breadcrumb"},"inLanguage":"es","potentialAction":[{"@type":"ReadAction","target":["https:\/\/experienciadevida.com.ar\/portalurbano\/desde-el-programa-envion-1-hicieron-una-visita-educativa-al-hospital\/"]}]},{"@type":"BreadcrumbList","@id":"https:\/\/experienciadevida.com.ar\/portalurbano\/desde-el-programa-envion-1-hicieron-una-visita-educativa-al-hospital\/#breadcrumb","itemListElement":[{"@type":"ListItem","position":1,"name":"Portada","item":"https:\/\/experienciadevida.com.ar\/portalurbano\/"},{"@type":"ListItem","position":2,"name":"Desde el programa envi\u00f3n 1 hicieron una visita educativa al Hospital"}]},{"@type":"WebSite","@id":"https:\/\/experienciadevida.com.ar\/portalurbano\/#website","url":"https:\/\/experienciadevida.com.ar\/portalurbano\/","name":"","description":"","publisher":{"@id":"https:\/\/experienciadevida.com.ar\/portalurbano\/#organization"},"potentialAction":[{"@type":"SearchAction","target":{"@type":"EntryPoint","urlTemplate":"https:\/\/experienciadevida.com.ar\/portalurbano\/?s={search_term_string}"},"query-input":"required name=search_term_string"}],"inLanguage":"es"},{"@type":"Organization","@id":"https:\/\/experienciadevida.com.ar\/portalurbano\/#organization","name":"Portal Urbano","url":"https:\/\/experienciadevida.com.ar\/portalurbano\/","logo":{"@type":"ImageObject","inLanguage":"es","@id":"https:\/\/experienciadevida.com.ar\/portalurbano\/#\/schema\/logo\/image\/","url":"https:\/\/experienciadevida.com.ar\/portalurbano\/wp-content\/uploads\/2019\/09\/Logo-Original.png","contentUrl":"https:\/\/experienciadevida.com.ar\/portalurbano\/wp-content\/uploads\/2019\/09\/Logo-Original.png","width":2236,"height":1216,"caption":"Portal Urbano"},"image":{"@id":"https:\/\/experienciadevida.com.ar\/portalurbano\/#\/schema\/logo\/image\/"},"sameAs":["https:\/\/www.facebook.com\/Portal-Urbano-171542830093757\/","https:\/\/twitter.com\/portalurbanook","https:\/\/www.instagram.com\/_portalurbano\/","https:\/\/www.youtube.com\/channel\/UCXhagIfszH8KxFiOok79zbA?view_as=subscriber"]},{"@type":"Person","@id":"https:\/\/experienciadevida.com.ar\/portalurbano\/#\/schema\/person\/02dd326b1c4b056e9cc972486934a3a7","name":"admpu17wp","image":{"@type":"ImageObject","inLanguage":"es","@id":"https:\/\/experienciadevida.com.ar\/portalurbano\/#\/schema\/person\/image\/","url":"https:\/\/secure.gravatar.com\/avatar\/830d4c57adaae6630765e449a6908047?s=96&d=mm&r=g","contentUrl":"https:\/\/secure.gravatar.com\/avatar\/830d4c57adaae6630765e449a6908047?s=96&d=mm&r=g","caption":"admpu17wp"}}]}},"featured_image_urls":{"full":["https:\/\/experienciadevida.com.ar\/portalurbano\/wp-content\/uploads\/2022\/05\/Desde-el-programa-envion.jpg",1600,1200,false],"thumbnail":["https:\/\/experienciadevida.com.ar\/portalurbano\/wp-content\/uploads\/2022\/05\/Desde-el-programa-envion-150x150.jpg",150,150,true],"medium":["https:\/\/experienciadevida.com.ar\/portalurbano\/wp-content\/uploads\/2022\/05\/Desde-el-programa-envion-300x225.jpg",300,225,true],"medium_large":["https:\/\/experienciadevida.com.ar\/portalurbano\/wp-content\/uploads\/2022\/05\/Desde-el-programa-envion-768x576.jpg",640,480,true],"large":["https:\/\/experienciadevida.com.ar\/portalurbano\/wp-content\/uploads\/2022\/05\/Desde-el-programa-envion-1024x768.jpg",640,480,true],"ug_big":["https:\/\/experienciadevida.com.ar\/portalurbano\/wp-content\/uploads\/2022\/05\/Desde-el-programa-envion-768x576.jpg",768,576,true],"1536x1536":["https:\/\/experienciadevida.com.ar\/portalurbano\/wp-content\/uploads\/2022\/05\/Desde-el-programa-envion-1536x1152.jpg",1536,1152,true],"2048x2048":["https:\/\/experienciadevida.com.ar\/portalurbano\/wp-content\/uploads\/2022\/05\/Desde-el-programa-envion.jpg",1600,1200,false],"newsever-slider-full":["https:\/\/experienciadevida.com.ar\/portalurbano\/wp-content\/uploads\/2022\/05\/Desde-el-programa-envion.jpg",1127,845,false],"newsever-featured":["https:\/\/experienciadevida.com.ar\/portalurbano\/wp-content\/uploads\/2022\/05\/Desde-el-programa-envion.jpg",1024,768,false],"newsever-medium":["https:\/\/experienciadevida.com.ar\/portalurbano\/wp-content\/uploads\/2022\/05\/Desde-el-programa-envion.jpg",633,475,false],"web-stories-poster-portrait":["https:\/\/experienciadevida.com.ar\/portalurbano\/wp-content\/uploads\/2022\/05\/Desde-el-programa-envion.jpg",640,480,false],"web-stories-publisher-logo":["https:\/\/experienciadevida.com.ar\/portalurbano\/wp-content\/uploads\/2022\/05\/Desde-el-programa-envion.jpg",96,72,false],"web-stories-thumbnail":["https:\/\/experienciadevida.com.ar\/portalurbano\/wp-content\/uploads\/2022\/05\/Desde-el-programa-envion.jpg",150,113,false]},"author_info":{"display_name":"admpu17wp","author_link":"https:\/\/experienciadevida.com.ar\/portalurbano\/author\/admpu17wp\/"},"category_info":"<a href=\"https:\/\/experienciadevida.com.ar\/portalurbano\/category\/ciudad\/salud\/\" rel=\"category tag\">Salud<\/a>","tag_info":"Salud","comment_count":"0","amp_enabled":true,"_links":{"self":[{"href":"https:\/\/experienciadevida.com.ar\/portalurbano\/wp-json\/wp\/v2\/posts\/167750"}],"collection":[{"href":"https:\/\/experienciadevida.com.ar\/portalurbano\/wp-json\/wp\/v2\/posts"}],"about":[{"href":"https:\/\/experienciadevida.com.ar\/portalurbano\/wp-json\/wp\/v2\/types\/post"}],"author":[{"embeddable":true,"href":"https:\/\/experienciadevida.com.ar\/portalurbano\/wp-json\/wp\/v2\/users\/1"}],"replies":[{"embeddable":true,"href":"https:\/\/experienciadevida.com.ar\/portalurbano\/wp-json\/wp\/v2\/comments?post=167750"}],"version-history":[{"count":2,"href":"https:\/\/experienciadevida.com.ar\/portalurbano\/wp-json\/wp\/v2\/posts\/167750\/revisions"}],"predecessor-version":[{"id":167755,"href":"https:\/\/experienciadevida.com.ar\/portalurbano\/wp-json\/wp\/v2\/posts\/167750\/revisions\/167755"}],"wp:featuredmedia":[{"embeddable":true,"href":"https:\/\/experienciadevida.com.ar\/portalurbano\/wp-json\/wp\/v2\/media\/167751"}],"wp:attachment":[{"href":"https:\/\/experienciadevida.com.ar\/portalurbano\/wp-json\/wp\/v2\/media?parent=167750"}],"wp:term":[{"taxonomy":"category","embeddable":true,"href":"https:\/\/experienciadevida.com.ar\/portalurbano\/wp-json\/wp\/v2\/categories?post=167750"},{"taxonomy":"post_tag","embeddable":true,"href":"https:\/\/experienciadevida.com.ar\/portalurbano\/wp-json\/wp\/v2\/tags?post=167750"}],"curies":[{"name":"wp","href":"https:\/\/api.w.org\/{rel}","templated":true}]}}