{"id":167747,"date":"2022-05-15T12:31:09","date_gmt":"2022-05-15T15:31:09","guid":{"rendered":"https:\/\/experienciadevida.com.ar\/portalurbano\/?p=167747"},"modified":"2022-05-15T12:31:57","modified_gmt":"2022-05-15T15:31:57","slug":"restricciones-durante-la-jornada-del-censo-nacional","status":"publish","type":"post","link":"https:\/\/experienciadevida.com.ar\/portalurbano\/restricciones-durante-la-jornada-del-censo-nacional\/","title":{"rendered":"Restricciones durante la jornada del Censo Nacional"},"content":{"rendered":"<p>Restricciones durante la jornada del Censo Nacional, ser\u00e1 el pr\u00f3ximo 18 de mayo se realizar\u00e1 en todo el pa\u00eds el Censo Nacional de Poblaci\u00f3n, Hogares y Viviendas, por lo que desde la Municipalidad de Olavarr\u00eda, a trav\u00e9s de la Subsecretar\u00eda de Seguridad, se recordaron cu\u00e1les ser\u00e1n las restricciones que regir\u00e1n durante esa jornada, seg\u00fan lo estipulado en la Ley 24,254.<\/p>\n<p>La normativa declara, por un lado, al d\u00eda en el que se realiza el Censo como Feriado Nacional, con el objetivo de que todas las personas est\u00e9n en sus respectivos domicilios para poder llevar a cabo el tr\u00e1mite en las mejores condiciones posibles.<\/p>\n<p>Pero, a la par, en su segundo art\u00edculo impone una serie de restricciones que estar\u00e1n vigentes hasta las 20 horas. En ese sentido, estar\u00e1 prohibido la realizaci\u00f3n de funciones teatrales, exhibiciones cinematogr\u00e1ficas, competencias deportivas y en general toda clase de espect\u00e1culos y reuniones p\u00fablicas al aire libre o en recintos cubiertos. Tambi\u00e9n los restaurantes, confiter\u00edas, casas de expendio de bebidas y similares, rotiser\u00edas, panader\u00edas, adem\u00e1s de todo comercio de venta de art\u00edculos alimenticios y de bebidas, e inclusive clubes. Ser\u00e1 infraccionada toda persona que no acate lo mencionado previamente.<\/p>\n<p>Por \u00faltimo, desde la Secretar\u00eda de Gobierno Municipal se record\u00f3 que las personas interesadas en completar el Censo Nacional de Poblaci\u00f3n, Hogares y Vivienda mediante la modalidad digital pueden acercarse a edificios municipales para poder realizarlo:<\/p>\n<p>Delegaci\u00f3n Hinojo: Calle Sara \u00c1lvarez N\u00ba 1769 \u2013 Horario atenci\u00f3n: 07:00 a 13:00hs.<\/p>\n<p>Delegaci\u00f3n Loma Negra: Calle 1 de Mayo N\u00ba 1448 \u2013 Horario atenci\u00f3n: 07:00 a 13:00hs.<\/p>\n<p>Delegaci\u00f3n Sierras Bayas: Calle San Mart\u00edn 1696 \u2013 Horario atenci\u00f3n: 07:00 a 13:00hs.<\/p>\n<p>Delegaci\u00f3n Sierra Chica: Calle Sbardolini N\u00ba 1105 \u2013 Horario atenci\u00f3n: 07:00 a 13:00hs.<\/p>\n<p>Delegaci\u00f3n de Recalde: Calle Zanardi y Ren\u00e9 Nievas \u2013 Horario atenci\u00f3n: 07:00 a 13:00hs.<\/p>\n<p>Delegaci\u00f3n de Santa Luisa: Calle Pourtal\u00e9 de Cassaux n\u00b0247 \u2013 Horario atenci\u00f3n: 07:00 a 13:00hs.<\/p>\n<p>Delegaci\u00f3n de Espigas: Calle S\u00e1bato de Gonzalez y P. Yungblut \u2013 Horario atenci\u00f3n: 07:00 a 13:00hs.<\/p>\n<p>Territorial 1: Avenida Alberdi y Fassina \u2013 Horario atenci\u00f3n: 07:00 a 13:00hs.<\/p>\n<p>Territorial 2: Avenida Alberdi 2555 \u2013 Horario atenci\u00f3n: 07:00 a 13:00hs.<\/p>\n<p>Territorial 4: Calle Rufino Fal y Berutti \u2013 Horario atenci\u00f3n: 07:00 a 13:00hs.<\/p>\n<p>Territorial 7 CIC: Calle Santa F\u00e9 1601 \u2013 Horario atenci\u00f3n: 07:00 a 13:00hs.<\/p>\n<p>Centro Cultural San Jos\u00e9: Calle Riobamba 2949 \u2013 Horario atenci\u00f3n: lunes, martes, jueves y viernes 09:00 a 11:00 y mi\u00e9rcoles 17:00 a 19:00hs.<\/p>\n","protected":false},"excerpt":{"rendered":"<p>Restricciones durante la jornada del Censo Nacional, ser\u00e1 el pr\u00f3ximo 18 de mayo se realizar\u00e1&#8230;<\/p>\n","protected":false},"author":1,"featured_media":167748,"comment_status":"closed","ping_status":"closed","sticky":false,"template":"","format":"standard","meta":{"content-type":""},"categories":[27,64],"tags":[],"nelio_content":{"isAutoShareEnabled":false,"autoShareEndMode":"default","automationSources":{"useContentSentences":true,"useSocialTemplates":true,"useCustomSentences":false,"customSentences":[]},"followers":[1],"suggestedReferences":[],"includedReferences":[],"efiUrl":"","efiAlt":"","highlights":[]},"yoast_head":"<!-- This site is optimized with the Yoast SEO plugin v20.7 - https:\/\/yoast.com\/wordpress\/plugins\/seo\/ -->\n<title>Restricciones durante la jornada del Censo Nacional<\/title>\n<meta name=\"description\" content=\"Restricciones durante la jornada del Censo Nacional, ser\u00e1 el pr\u00f3ximo 18 de mayo se realizar\u00e1 en todo el pa\u00eds el Censo Nacional de poblaci\u00f3n\" \/>\n<meta name=\"robots\" content=\"index, follow, max-snippet:-1, max-image-preview:large, max-video-preview:-1\" \/>\n<link rel=\"canonical\" href=\"https:\/\/experienciadevida.com.ar\/portalurbano\/restricciones-durante-la-jornada-del-censo-nacional\/\" \/>\n<meta property=\"og:locale\" content=\"es_ES\" \/>\n<meta property=\"og:type\" content=\"article\" \/>\n<meta property=\"og:title\" content=\"Restricciones durante la jornada del Censo Nacional\" \/>\n<meta property=\"og:description\" content=\"Restricciones durante la jornada del Censo Nacional, ser\u00e1 el pr\u00f3ximo 18 de mayo se realizar\u00e1 en todo el pa\u00eds el Censo Nacional de poblaci\u00f3n\" \/>\n<meta property=\"og:url\" content=\"https:\/\/experienciadevida.com.ar\/portalurbano\/restricciones-durante-la-jornada-del-censo-nacional\/\" \/>\n<meta property=\"article:publisher\" content=\"https:\/\/www.facebook.com\/Portal-Urbano-171542830093757\/\" \/>\n<meta property=\"article:published_time\" content=\"2022-05-15T15:31:09+00:00\" \/>\n<meta property=\"article:modified_time\" content=\"2022-05-15T15:31:57+00:00\" \/>\n<meta property=\"og:image\" content=\"https:\/\/experienciadevida.com.ar\/portalurbano\/wp-content\/uploads\/2022\/05\/Restricciones-durante-la-jornada.jpg\" \/>\n\t<meta property=\"og:image:width\" content=\"1024\" \/>\n\t<meta property=\"og:image:height\" content=\"794\" \/>\n\t<meta property=\"og:image:type\" content=\"image\/jpeg\" \/>\n<meta name=\"author\" content=\"admpu17wp\" \/>\n<meta name=\"twitter:card\" content=\"summary_large_image\" \/>\n<meta name=\"twitter:creator\" content=\"@portalurbanook\" \/>\n<meta name=\"twitter:site\" content=\"@portalurbanook\" \/>\n<meta name=\"twitter:label1\" content=\"Escrito por\" \/>\n\t<meta name=\"twitter:data1\" content=\"admpu17wp\" \/>\n\t<meta name=\"twitter:label2\" content=\"Tiempo de lectura\" \/>\n\t<meta name=\"twitter:data2\" content=\"2 minutos\" \/>\n<script type=\"application\/ld+json\" class=\"yoast-schema-graph\">{\"@context\":\"https:\/\/schema.org\",\"@graph\":[{\"@type\":\"Article\",\"@id\":\"https:\/\/experienciadevida.com.ar\/portalurbano\/restricciones-durante-la-jornada-del-censo-nacional\/#article\",\"isPartOf\":{\"@id\":\"https:\/\/experienciadevida.com.ar\/portalurbano\/restricciones-durante-la-jornada-del-censo-nacional\/\"},\"author\":{\"name\":\"admpu17wp\",\"@id\":\"https:\/\/experienciadevida.com.ar\/portalurbano\/#\/schema\/person\/02dd326b1c4b056e9cc972486934a3a7\"},\"headline\":\"Restricciones durante la jornada del Censo Nacional\",\"datePublished\":\"2022-05-15T15:31:09+00:00\",\"dateModified\":\"2022-05-15T15:31:57+00:00\",\"mainEntityOfPage\":{\"@id\":\"https:\/\/experienciadevida.com.ar\/portalurbano\/restricciones-durante-la-jornada-del-censo-nacional\/\"},\"wordCount\":414,\"publisher\":{\"@id\":\"https:\/\/experienciadevida.com.ar\/portalurbano\/#organization\"},\"articleSection\":[\"Ciudad\",\"Destacadas 2\"],\"inLanguage\":\"es\"},{\"@type\":\"WebPage\",\"@id\":\"https:\/\/experienciadevida.com.ar\/portalurbano\/restricciones-durante-la-jornada-del-censo-nacional\/\",\"url\":\"https:\/\/experienciadevida.com.ar\/portalurbano\/restricciones-durante-la-jornada-del-censo-nacional\/\",\"name\":\"Restricciones durante la jornada del Censo Nacional\",\"isPartOf\":{\"@id\":\"https:\/\/experienciadevida.com.ar\/portalurbano\/#website\"},\"datePublished\":\"2022-05-15T15:31:09+00:00\",\"dateModified\":\"2022-05-15T15:31:57+00:00\",\"description\":\"Restricciones durante la jornada del Censo Nacional, ser\u00e1 el pr\u00f3ximo 18 de mayo se realizar\u00e1 en todo el pa\u00eds el Censo Nacional de poblaci\u00f3n\",\"breadcrumb\":{\"@id\":\"https:\/\/experienciadevida.com.ar\/portalurbano\/restricciones-durante-la-jornada-del-censo-nacional\/#breadcrumb\"},\"inLanguage\":\"es\",\"potentialAction\":[{\"@type\":\"ReadAction\",\"target\":[\"https:\/\/experienciadevida.com.ar\/portalurbano\/restricciones-durante-la-jornada-del-censo-nacional\/\"]}]},{\"@type\":\"BreadcrumbList\",\"@id\":\"https:\/\/experienciadevida.com.ar\/portalurbano\/restricciones-durante-la-jornada-del-censo-nacional\/#breadcrumb\",\"itemListElement\":[{\"@type\":\"ListItem\",\"position\":1,\"name\":\"Portada\",\"item\":\"https:\/\/experienciadevida.com.ar\/portalurbano\/\"},{\"@type\":\"ListItem\",\"position\":2,\"name\":\"Restricciones durante la jornada del Censo Nacional\"}]},{\"@type\":\"WebSite\",\"@id\":\"https:\/\/experienciadevida.com.ar\/portalurbano\/#website\",\"url\":\"https:\/\/experienciadevida.com.ar\/portalurbano\/\",\"name\":\"\",\"description\":\"\",\"publisher\":{\"@id\":\"https:\/\/experienciadevida.com.ar\/portalurbano\/#organization\"},\"potentialAction\":[{\"@type\":\"SearchAction\",\"target\":{\"@type\":\"EntryPoint\",\"urlTemplate\":\"https:\/\/experienciadevida.com.ar\/portalurbano\/?s={search_term_string}\"},\"query-input\":\"required name=search_term_string\"}],\"inLanguage\":\"es\"},{\"@type\":\"Organization\",\"@id\":\"https:\/\/experienciadevida.com.ar\/portalurbano\/#organization\",\"name\":\"Portal Urbano\",\"url\":\"https:\/\/experienciadevida.com.ar\/portalurbano\/\",\"logo\":{\"@type\":\"ImageObject\",\"inLanguage\":\"es\",\"@id\":\"https:\/\/experienciadevida.com.ar\/portalurbano\/#\/schema\/logo\/image\/\",\"url\":\"https:\/\/experienciadevida.com.ar\/portalurbano\/wp-content\/uploads\/2019\/09\/Logo-Original.png\",\"contentUrl\":\"https:\/\/experienciadevida.com.ar\/portalurbano\/wp-content\/uploads\/2019\/09\/Logo-Original.png\",\"width\":2236,\"height\":1216,\"caption\":\"Portal Urbano\"},\"image\":{\"@id\":\"https:\/\/experienciadevida.com.ar\/portalurbano\/#\/schema\/logo\/image\/\"},\"sameAs\":[\"https:\/\/www.facebook.com\/Portal-Urbano-171542830093757\/\",\"https:\/\/twitter.com\/portalurbanook\",\"https:\/\/www.instagram.com\/_portalurbano\/\",\"https:\/\/www.youtube.com\/channel\/UCXhagIfszH8KxFiOok79zbA?view_as=subscriber\"]},{\"@type\":\"Person\",\"@id\":\"https:\/\/experienciadevida.com.ar\/portalurbano\/#\/schema\/person\/02dd326b1c4b056e9cc972486934a3a7\",\"name\":\"admpu17wp\",\"image\":{\"@type\":\"ImageObject\",\"inLanguage\":\"es\",\"@id\":\"https:\/\/experienciadevida.com.ar\/portalurbano\/#\/schema\/person\/image\/\",\"url\":\"https:\/\/secure.gravatar.com\/avatar\/830d4c57adaae6630765e449a6908047?s=96&d=mm&r=g\",\"contentUrl\":\"https:\/\/secure.gravatar.com\/avatar\/830d4c57adaae6630765e449a6908047?s=96&d=mm&r=g\",\"caption\":\"admpu17wp\"}}]}<\/script>\n<!-- \/ Yoast SEO plugin. -->","yoast_head_json":{"title":"Restricciones durante la jornada del Censo Nacional","description":"Restricciones durante la jornada del Censo Nacional, ser\u00e1 el pr\u00f3ximo 18 de mayo se realizar\u00e1 en todo el pa\u00eds el Censo Nacional de poblaci\u00f3n","robots":{"index":"index","follow":"follow","max-snippet":"max-snippet:-1","max-image-preview":"max-image-preview:large","max-video-preview":"max-video-preview:-1"},"canonical":"https:\/\/experienciadevida.com.ar\/portalurbano\/restricciones-durante-la-jornada-del-censo-nacional\/","og_locale":"es_ES","og_type":"article","og_title":"Restricciones durante la jornada del Censo Nacional","og_description":"Restricciones durante la jornada del Censo Nacional, ser\u00e1 el pr\u00f3ximo 18 de mayo se realizar\u00e1 en todo el pa\u00eds el Censo Nacional de poblaci\u00f3n","og_url":"https:\/\/experienciadevida.com.ar\/portalurbano\/restricciones-durante-la-jornada-del-censo-nacional\/","article_publisher":"https:\/\/www.facebook.com\/Portal-Urbano-171542830093757\/","article_published_time":"2022-05-15T15:31:09+00:00","article_modified_time":"2022-05-15T15:31:57+00:00","og_image":[{"width":1024,"height":794,"url":"https:\/\/experienciadevida.com.ar\/portalurbano\/wp-content\/uploads\/2022\/05\/Restricciones-durante-la-jornada.jpg","type":"image\/jpeg"}],"author":"admpu17wp","twitter_card":"summary_large_image","twitter_creator":"@portalurbanook","twitter_site":"@portalurbanook","twitter_misc":{"Escrito por":"admpu17wp","Tiempo de lectura":"2 minutos"},"schema":{"@context":"https:\/\/schema.org","@graph":[{"@type":"Article","@id":"https:\/\/experienciadevida.com.ar\/portalurbano\/restricciones-durante-la-jornada-del-censo-nacional\/#article","isPartOf":{"@id":"https:\/\/experienciadevida.com.ar\/portalurbano\/restricciones-durante-la-jornada-del-censo-nacional\/"},"author":{"name":"admpu17wp","@id":"https:\/\/experienciadevida.com.ar\/portalurbano\/#\/schema\/person\/02dd326b1c4b056e9cc972486934a3a7"},"headline":"Restricciones durante la jornada del Censo Nacional","datePublished":"2022-05-15T15:31:09+00:00","dateModified":"2022-05-15T15:31:57+00:00","mainEntityOfPage":{"@id":"https:\/\/experienciadevida.com.ar\/portalurbano\/restricciones-durante-la-jornada-del-censo-nacional\/"},"wordCount":414,"publisher":{"@id":"https:\/\/experienciadevida.com.ar\/portalurbano\/#organization"},"articleSection":["Ciudad","Destacadas 2"],"inLanguage":"es"},{"@type":"WebPage","@id":"https:\/\/experienciadevida.com.ar\/portalurbano\/restricciones-durante-la-jornada-del-censo-nacional\/","url":"https:\/\/experienciadevida.com.ar\/portalurbano\/restricciones-durante-la-jornada-del-censo-nacional\/","name":"Restricciones durante la jornada del Censo Nacional","isPartOf":{"@id":"https:\/\/experienciadevida.com.ar\/portalurbano\/#website"},"datePublished":"2022-05-15T15:31:09+00:00","dateModified":"2022-05-15T15:31:57+00:00","description":"Restricciones durante la jornada del Censo Nacional, ser\u00e1 el pr\u00f3ximo 18 de mayo se realizar\u00e1 en todo el pa\u00eds el Censo Nacional de poblaci\u00f3n","breadcrumb":{"@id":"https:\/\/experienciadevida.com.ar\/portalurbano\/restricciones-durante-la-jornada-del-censo-nacional\/#breadcrumb"},"inLanguage":"es","potentialAction":[{"@type":"ReadAction","target":["https:\/\/experienciadevida.com.ar\/portalurbano\/restricciones-durante-la-jornada-del-censo-nacional\/"]}]},{"@type":"BreadcrumbList","@id":"https:\/\/experienciadevida.com.ar\/portalurbano\/restricciones-durante-la-jornada-del-censo-nacional\/#breadcrumb","itemListElement":[{"@type":"ListItem","position":1,"name":"Portada","item":"https:\/\/experienciadevida.com.ar\/portalurbano\/"},{"@type":"ListItem","position":2,"name":"Restricciones durante la jornada del Censo Nacional"}]},{"@type":"WebSite","@id":"https:\/\/experienciadevida.com.ar\/portalurbano\/#website","url":"https:\/\/experienciadevida.com.ar\/portalurbano\/","name":"","description":"","publisher":{"@id":"https:\/\/experienciadevida.com.ar\/portalurbano\/#organization"},"potentialAction":[{"@type":"SearchAction","target":{"@type":"EntryPoint","urlTemplate":"https:\/\/experienciadevida.com.ar\/portalurbano\/?s={search_term_string}"},"query-input":"required name=search_term_string"}],"inLanguage":"es"},{"@type":"Organization","@id":"https:\/\/experienciadevida.com.ar\/portalurbano\/#organization","name":"Portal Urbano","url":"https:\/\/experienciadevida.com.ar\/portalurbano\/","logo":{"@type":"ImageObject","inLanguage":"es","@id":"https:\/\/experienciadevida.com.ar\/portalurbano\/#\/schema\/logo\/image\/","url":"https:\/\/experienciadevida.com.ar\/portalurbano\/wp-content\/uploads\/2019\/09\/Logo-Original.png","contentUrl":"https:\/\/experienciadevida.com.ar\/portalurbano\/wp-content\/uploads\/2019\/09\/Logo-Original.png","width":2236,"height":1216,"caption":"Portal Urbano"},"image":{"@id":"https:\/\/experienciadevida.com.ar\/portalurbano\/#\/schema\/logo\/image\/"},"sameAs":["https:\/\/www.facebook.com\/Portal-Urbano-171542830093757\/","https:\/\/twitter.com\/portalurbanook","https:\/\/www.instagram.com\/_portalurbano\/","https:\/\/www.youtube.com\/channel\/UCXhagIfszH8KxFiOok79zbA?view_as=subscriber"]},{"@type":"Person","@id":"https:\/\/experienciadevida.com.ar\/portalurbano\/#\/schema\/person\/02dd326b1c4b056e9cc972486934a3a7","name":"admpu17wp","image":{"@type":"ImageObject","inLanguage":"es","@id":"https:\/\/experienciadevida.com.ar\/portalurbano\/#\/schema\/person\/image\/","url":"https:\/\/secure.gravatar.com\/avatar\/830d4c57adaae6630765e449a6908047?s=96&d=mm&r=g","contentUrl":"https:\/\/secure.gravatar.com\/avatar\/830d4c57adaae6630765e449a6908047?s=96&d=mm&r=g","caption":"admpu17wp"}}]}},"featured_image_urls":{"full":["https:\/\/experienciadevida.com.ar\/portalurbano\/wp-content\/uploads\/2022\/05\/Restricciones-durante-la-jornada.jpg",1024,794,false],"thumbnail":["https:\/\/experienciadevida.com.ar\/portalurbano\/wp-content\/uploads\/2022\/05\/Restricciones-durante-la-jornada-150x150.jpg",150,150,true],"medium":["https:\/\/experienciadevida.com.ar\/portalurbano\/wp-content\/uploads\/2022\/05\/Restricciones-durante-la-jornada-300x233.jpg",300,233,true],"medium_large":["https:\/\/experienciadevida.com.ar\/portalurbano\/wp-content\/uploads\/2022\/05\/Restricciones-durante-la-jornada-768x596.jpg",640,497,true],"large":["https:\/\/experienciadevida.com.ar\/portalurbano\/wp-content\/uploads\/2022\/05\/Restricciones-durante-la-jornada.jpg",640,496,false],"ug_big":["https:\/\/experienciadevida.com.ar\/portalurbano\/wp-content\/uploads\/2022\/05\/Restricciones-durante-la-jornada-768x596.jpg",768,596,true],"1536x1536":["https:\/\/experienciadevida.com.ar\/portalurbano\/wp-content\/uploads\/2022\/05\/Restricciones-durante-la-jornada.jpg",1024,794,false],"2048x2048":["https:\/\/experienciadevida.com.ar\/portalurbano\/wp-content\/uploads\/2022\/05\/Restricciones-durante-la-jornada.jpg",1024,794,false],"newsever-slider-full":["https:\/\/experienciadevida.com.ar\/portalurbano\/wp-content\/uploads\/2022\/05\/Restricciones-durante-la-jornada.jpg",1024,794,false],"newsever-featured":["https:\/\/experienciadevida.com.ar\/portalurbano\/wp-content\/uploads\/2022\/05\/Restricciones-durante-la-jornada.jpg",1024,794,false],"newsever-medium":["https:\/\/experienciadevida.com.ar\/portalurbano\/wp-content\/uploads\/2022\/05\/Restricciones-durante-la-jornada.jpg",613,475,false],"web-stories-poster-portrait":["https:\/\/experienciadevida.com.ar\/portalurbano\/wp-content\/uploads\/2022\/05\/Restricciones-durante-la-jornada.jpg",640,496,false],"web-stories-publisher-logo":["https:\/\/experienciadevida.com.ar\/portalurbano\/wp-content\/uploads\/2022\/05\/Restricciones-durante-la-jornada.jpg",96,74,false],"web-stories-thumbnail":["https:\/\/experienciadevida.com.ar\/portalurbano\/wp-content\/uploads\/2022\/05\/Restricciones-durante-la-jornada.jpg",150,116,false]},"author_info":{"display_name":"admpu17wp","author_link":"https:\/\/experienciadevida.com.ar\/portalurbano\/author\/admpu17wp\/"},"category_info":"<a href=\"https:\/\/experienciadevida.com.ar\/portalurbano\/category\/ciudad\/\" rel=\"category tag\">Ciudad<\/a> <a href=\"https:\/\/experienciadevida.com.ar\/portalurbano\/category\/destacadas-2\/\" rel=\"category tag\">Destacadas 2<\/a>","tag_info":"Destacadas 2","comment_count":"0","amp_enabled":true,"_links":{"self":[{"href":"https:\/\/experienciadevida.com.ar\/portalurbano\/wp-json\/wp\/v2\/posts\/167747"}],"collection":[{"href":"https:\/\/experienciadevida.com.ar\/portalurbano\/wp-json\/wp\/v2\/posts"}],"about":[{"href":"https:\/\/experienciadevida.com.ar\/portalurbano\/wp-json\/wp\/v2\/types\/post"}],"author":[{"embeddable":true,"href":"https:\/\/experienciadevida.com.ar\/portalurbano\/wp-json\/wp\/v2\/users\/1"}],"replies":[{"embeddable":true,"href":"https:\/\/experienciadevida.com.ar\/portalurbano\/wp-json\/wp\/v2\/comments?post=167747"}],"version-history":[{"count":1,"href":"https:\/\/experienciadevida.com.ar\/portalurbano\/wp-json\/wp\/v2\/posts\/167747\/revisions"}],"predecessor-version":[{"id":167749,"href":"https:\/\/experienciadevida.com.ar\/portalurbano\/wp-json\/wp\/v2\/posts\/167747\/revisions\/167749"}],"wp:featuredmedia":[{"embeddable":true,"href":"https:\/\/experienciadevida.com.ar\/portalurbano\/wp-json\/wp\/v2\/media\/167748"}],"wp:attachment":[{"href":"https:\/\/experienciadevida.com.ar\/portalurbano\/wp-json\/wp\/v2\/media?parent=167747"}],"wp:term":[{"taxonomy":"category","embeddable":true,"href":"https:\/\/experienciadevida.com.ar\/portalurbano\/wp-json\/wp\/v2\/categories?post=167747"},{"taxonomy":"post_tag","embeddable":true,"href":"https:\/\/experienciadevida.com.ar\/portalurbano\/wp-json\/wp\/v2\/tags?post=167747"}],"curies":[{"name":"wp","href":"https:\/\/api.w.org\/{rel}","templated":true}]}}