{"id":167744,"date":"2022-05-15T12:12:01","date_gmt":"2022-05-15T15:12:01","guid":{"rendered":"https:\/\/experienciadevida.com.ar\/portalurbano\/?p=167744"},"modified":"2022-05-15T12:12:31","modified_gmt":"2022-05-15T15:12:31","slug":"replantando-olavarria-sumara-mas-arboles-en-plazas-de-la-ciudad","status":"publish","type":"post","link":"https:\/\/experienciadevida.com.ar\/portalurbano\/replantando-olavarria-sumara-mas-arboles-en-plazas-de-la-ciudad\/","title":{"rendered":"\u201cReplantando Olavarr\u00eda\u201d sumar\u00e1 m\u00e1s \u00e1rboles en plazas de la ciudad"},"content":{"rendered":"<p>\u201cReplantando Olavarr\u00eda\u201d sumar\u00e1 m\u00e1s \u00e1rboles en plazas de la ciudad, as\u00ed lo informaron desde la Direcci\u00f3n de Desarrollo Sustentable, perteneciente a la Secretar\u00eda de Desarrollo Econ\u00f3mico, a trav\u00e9s del Vivero Forestal Municipal, comunica que en el marco del programa \u201cReplantando Olavarr\u00eda\u201d se realizaran la tercera y cuarta intervenci\u00f3n de espacios verdes.<\/p>\n<p>La pr\u00f3xima semana se realizar\u00e1 la tercera plantaci\u00f3n de \u00e1rboles en la plaza de barrio Evita (Pueyrred\u00f3n y Tierra del Fuego), el viernes 20 de mayo, a las 15 horas.<\/p>\n<p>Luego se realizar\u00e1 la cuarta intervenci\u00f3n en el barrio Procasa, en la plaza ubicada en Mu\u00f1oz, entre Mitre y Arce, el d\u00eda martes 24 de mayo, en el mismo horario, a las 15 horas.<\/p>\n<p>Se invita a los vecinos de cada sector a ser parte de la plantaci\u00f3n, acerc\u00e1ndose a la plaza en el d\u00eda y horario estipulado. En caso de lluvia, las fechas ser\u00e1n reprogramadas.<\/p>\n<p>Dicho programa tiene como objetivo incrementar el arbolado en los espacios verdes de la ciudad al mismo tiempo que involucramos a los vecinos del lugar, d\u00e1ndole un sentido de pertenencia con esos espacios verdes.<\/p>\n<p>Para las plantaciones la especie que se utilizara es el Aguaribay, que se trata de una especie producida en el mismo vivero municipal. Es una especie de porte mediano, muy resistente a la sequ\u00eda y a las bajas temperaturas. Tolera una gran variedad de tipos de suelo, como los rocosos y no tolera el anegamiento extremo.<\/p>\n<p>Por consultas pueden comunicarse con la Direcci\u00f3n de Desarrollo Sustentable al tel\u00e9fono (02284) 412600, o bien por correo electr\u00f3nico: a gestionambiental@olavarria.gov.ar, viveromunicipal@olavarria.gov.ar. Facebook e Instagram: Desarrollo Sustentable Olavarr\u00eda.<\/p>\n","protected":false},"excerpt":{"rendered":"<p>\u201cReplantando Olavarr\u00eda\u201d sumar\u00e1 m\u00e1s \u00e1rboles en plazas de la ciudad, as\u00ed lo informaron desde la&#8230;<\/p>\n","protected":false},"author":1,"featured_media":167745,"comment_status":"closed","ping_status":"closed","sticky":false,"template":"","format":"standard","meta":{"content-type":""},"categories":[27],"tags":[],"nelio_content":{"isAutoShareEnabled":false,"autoShareEndMode":"default","automationSources":{"useContentSentences":true,"useSocialTemplates":true,"useCustomSentences":false,"customSentences":[]},"followers":[1],"suggestedReferences":[],"includedReferences":[],"efiUrl":"","efiAlt":"","highlights":[]},"yoast_head":"<!-- This site is optimized with the Yoast SEO plugin v20.7 - https:\/\/yoast.com\/wordpress\/plugins\/seo\/ -->\n<title>&quot;Replantando Olavarr\u00eda&quot; sumar\u00e1 m\u00e1s \u00e1rboles en plazas de la ciudad<\/title>\n<meta name=\"description\" content=\"\u201cReplantando Olavarr\u00eda\u201d sumar\u00e1 m\u00e1s \u00e1rboles en plazas de la ciudad, as\u00ed lo informaron desde la Direcci\u00f3n de Desarrollo Sustentable,\" \/>\n<meta name=\"robots\" content=\"index, follow, max-snippet:-1, max-image-preview:large, max-video-preview:-1\" \/>\n<link rel=\"canonical\" href=\"https:\/\/experienciadevida.com.ar\/portalurbano\/replantando-olavarria-sumara-mas-arboles-en-plazas-de-la-ciudad\/\" \/>\n<meta property=\"og:locale\" content=\"es_ES\" \/>\n<meta property=\"og:type\" content=\"article\" \/>\n<meta property=\"og:title\" content=\"&quot;Replantando Olavarr\u00eda&quot; sumar\u00e1 m\u00e1s \u00e1rboles en plazas de la ciudad\" \/>\n<meta property=\"og:description\" content=\"\u201cReplantando Olavarr\u00eda\u201d sumar\u00e1 m\u00e1s \u00e1rboles en plazas de la ciudad, as\u00ed lo informaron desde la Direcci\u00f3n de Desarrollo Sustentable,\" \/>\n<meta property=\"og:url\" content=\"https:\/\/experienciadevida.com.ar\/portalurbano\/replantando-olavarria-sumara-mas-arboles-en-plazas-de-la-ciudad\/\" \/>\n<meta property=\"article:publisher\" content=\"https:\/\/www.facebook.com\/Portal-Urbano-171542830093757\/\" \/>\n<meta property=\"article:published_time\" content=\"2022-05-15T15:12:01+00:00\" \/>\n<meta property=\"article:modified_time\" content=\"2022-05-15T15:12:31+00:00\" \/>\n<meta property=\"og:image\" content=\"https:\/\/experienciadevida.com.ar\/portalurbano\/wp-content\/uploads\/2022\/05\/Replantando-Olavarria.jpg\" \/>\n\t<meta property=\"og:image:width\" content=\"1024\" \/>\n\t<meta property=\"og:image:height\" content=\"682\" \/>\n\t<meta property=\"og:image:type\" content=\"image\/jpeg\" \/>\n<meta name=\"author\" content=\"admpu17wp\" \/>\n<meta name=\"twitter:card\" content=\"summary_large_image\" \/>\n<meta name=\"twitter:creator\" content=\"@portalurbanook\" \/>\n<meta name=\"twitter:site\" content=\"@portalurbanook\" \/>\n<meta name=\"twitter:label1\" content=\"Escrito por\" \/>\n\t<meta name=\"twitter:data1\" content=\"admpu17wp\" \/>\n\t<meta name=\"twitter:label2\" content=\"Tiempo de lectura\" \/>\n\t<meta name=\"twitter:data2\" content=\"1 minuto\" \/>\n<script type=\"application\/ld+json\" class=\"yoast-schema-graph\">{\"@context\":\"https:\/\/schema.org\",\"@graph\":[{\"@type\":\"Article\",\"@id\":\"https:\/\/experienciadevida.com.ar\/portalurbano\/replantando-olavarria-sumara-mas-arboles-en-plazas-de-la-ciudad\/#article\",\"isPartOf\":{\"@id\":\"https:\/\/experienciadevida.com.ar\/portalurbano\/replantando-olavarria-sumara-mas-arboles-en-plazas-de-la-ciudad\/\"},\"author\":{\"name\":\"admpu17wp\",\"@id\":\"https:\/\/experienciadevida.com.ar\/portalurbano\/#\/schema\/person\/02dd326b1c4b056e9cc972486934a3a7\"},\"headline\":\"\u201cReplantando Olavarr\u00eda\u201d sumar\u00e1 m\u00e1s \u00e1rboles en plazas de la ciudad\",\"datePublished\":\"2022-05-15T15:12:01+00:00\",\"dateModified\":\"2022-05-15T15:12:31+00:00\",\"mainEntityOfPage\":{\"@id\":\"https:\/\/experienciadevida.com.ar\/portalurbano\/replantando-olavarria-sumara-mas-arboles-en-plazas-de-la-ciudad\/\"},\"wordCount\":301,\"publisher\":{\"@id\":\"https:\/\/experienciadevida.com.ar\/portalurbano\/#organization\"},\"articleSection\":[\"Ciudad\"],\"inLanguage\":\"es\"},{\"@type\":\"WebPage\",\"@id\":\"https:\/\/experienciadevida.com.ar\/portalurbano\/replantando-olavarria-sumara-mas-arboles-en-plazas-de-la-ciudad\/\",\"url\":\"https:\/\/experienciadevida.com.ar\/portalurbano\/replantando-olavarria-sumara-mas-arboles-en-plazas-de-la-ciudad\/\",\"name\":\"\\\"Replantando Olavarr\u00eda\\\" sumar\u00e1 m\u00e1s \u00e1rboles en plazas de la ciudad\",\"isPartOf\":{\"@id\":\"https:\/\/experienciadevida.com.ar\/portalurbano\/#website\"},\"datePublished\":\"2022-05-15T15:12:01+00:00\",\"dateModified\":\"2022-05-15T15:12:31+00:00\",\"description\":\"\u201cReplantando Olavarr\u00eda\u201d sumar\u00e1 m\u00e1s \u00e1rboles en plazas de la ciudad, as\u00ed lo informaron desde la Direcci\u00f3n de Desarrollo Sustentable,\",\"breadcrumb\":{\"@id\":\"https:\/\/experienciadevida.com.ar\/portalurbano\/replantando-olavarria-sumara-mas-arboles-en-plazas-de-la-ciudad\/#breadcrumb\"},\"inLanguage\":\"es\",\"potentialAction\":[{\"@type\":\"ReadAction\",\"target\":[\"https:\/\/experienciadevida.com.ar\/portalurbano\/replantando-olavarria-sumara-mas-arboles-en-plazas-de-la-ciudad\/\"]}]},{\"@type\":\"BreadcrumbList\",\"@id\":\"https:\/\/experienciadevida.com.ar\/portalurbano\/replantando-olavarria-sumara-mas-arboles-en-plazas-de-la-ciudad\/#breadcrumb\",\"itemListElement\":[{\"@type\":\"ListItem\",\"position\":1,\"name\":\"Portada\",\"item\":\"https:\/\/experienciadevida.com.ar\/portalurbano\/\"},{\"@type\":\"ListItem\",\"position\":2,\"name\":\"\u201cReplantando Olavarr\u00eda\u201d sumar\u00e1 m\u00e1s \u00e1rboles en plazas de la ciudad\"}]},{\"@type\":\"WebSite\",\"@id\":\"https:\/\/experienciadevida.com.ar\/portalurbano\/#website\",\"url\":\"https:\/\/experienciadevida.com.ar\/portalurbano\/\",\"name\":\"\",\"description\":\"\",\"publisher\":{\"@id\":\"https:\/\/experienciadevida.com.ar\/portalurbano\/#organization\"},\"potentialAction\":[{\"@type\":\"SearchAction\",\"target\":{\"@type\":\"EntryPoint\",\"urlTemplate\":\"https:\/\/experienciadevida.com.ar\/portalurbano\/?s={search_term_string}\"},\"query-input\":\"required name=search_term_string\"}],\"inLanguage\":\"es\"},{\"@type\":\"Organization\",\"@id\":\"https:\/\/experienciadevida.com.ar\/portalurbano\/#organization\",\"name\":\"Portal Urbano\",\"url\":\"https:\/\/experienciadevida.com.ar\/portalurbano\/\",\"logo\":{\"@type\":\"ImageObject\",\"inLanguage\":\"es\",\"@id\":\"https:\/\/experienciadevida.com.ar\/portalurbano\/#\/schema\/logo\/image\/\",\"url\":\"https:\/\/experienciadevida.com.ar\/portalurbano\/wp-content\/uploads\/2019\/09\/Logo-Original.png\",\"contentUrl\":\"https:\/\/experienciadevida.com.ar\/portalurbano\/wp-content\/uploads\/2019\/09\/Logo-Original.png\",\"width\":2236,\"height\":1216,\"caption\":\"Portal Urbano\"},\"image\":{\"@id\":\"https:\/\/experienciadevida.com.ar\/portalurbano\/#\/schema\/logo\/image\/\"},\"sameAs\":[\"https:\/\/www.facebook.com\/Portal-Urbano-171542830093757\/\",\"https:\/\/twitter.com\/portalurbanook\",\"https:\/\/www.instagram.com\/_portalurbano\/\",\"https:\/\/www.youtube.com\/channel\/UCXhagIfszH8KxFiOok79zbA?view_as=subscriber\"]},{\"@type\":\"Person\",\"@id\":\"https:\/\/experienciadevida.com.ar\/portalurbano\/#\/schema\/person\/02dd326b1c4b056e9cc972486934a3a7\",\"name\":\"admpu17wp\",\"image\":{\"@type\":\"ImageObject\",\"inLanguage\":\"es\",\"@id\":\"https:\/\/experienciadevida.com.ar\/portalurbano\/#\/schema\/person\/image\/\",\"url\":\"https:\/\/secure.gravatar.com\/avatar\/830d4c57adaae6630765e449a6908047?s=96&d=mm&r=g\",\"contentUrl\":\"https:\/\/secure.gravatar.com\/avatar\/830d4c57adaae6630765e449a6908047?s=96&d=mm&r=g\",\"caption\":\"admpu17wp\"}}]}<\/script>\n<!-- \/ Yoast SEO plugin. -->","yoast_head_json":{"title":"\"Replantando Olavarr\u00eda\" sumar\u00e1 m\u00e1s \u00e1rboles en plazas de la ciudad","description":"\u201cReplantando Olavarr\u00eda\u201d sumar\u00e1 m\u00e1s \u00e1rboles en plazas de la ciudad, as\u00ed lo informaron desde la Direcci\u00f3n de Desarrollo Sustentable,","robots":{"index":"index","follow":"follow","max-snippet":"max-snippet:-1","max-image-preview":"max-image-preview:large","max-video-preview":"max-video-preview:-1"},"canonical":"https:\/\/experienciadevida.com.ar\/portalurbano\/replantando-olavarria-sumara-mas-arboles-en-plazas-de-la-ciudad\/","og_locale":"es_ES","og_type":"article","og_title":"\"Replantando Olavarr\u00eda\" sumar\u00e1 m\u00e1s \u00e1rboles en plazas de la ciudad","og_description":"\u201cReplantando Olavarr\u00eda\u201d sumar\u00e1 m\u00e1s \u00e1rboles en plazas de la ciudad, as\u00ed lo informaron desde la Direcci\u00f3n de Desarrollo Sustentable,","og_url":"https:\/\/experienciadevida.com.ar\/portalurbano\/replantando-olavarria-sumara-mas-arboles-en-plazas-de-la-ciudad\/","article_publisher":"https:\/\/www.facebook.com\/Portal-Urbano-171542830093757\/","article_published_time":"2022-05-15T15:12:01+00:00","article_modified_time":"2022-05-15T15:12:31+00:00","og_image":[{"width":1024,"height":682,"url":"https:\/\/experienciadevida.com.ar\/portalurbano\/wp-content\/uploads\/2022\/05\/Replantando-Olavarria.jpg","type":"image\/jpeg"}],"author":"admpu17wp","twitter_card":"summary_large_image","twitter_creator":"@portalurbanook","twitter_site":"@portalurbanook","twitter_misc":{"Escrito por":"admpu17wp","Tiempo de lectura":"1 minuto"},"schema":{"@context":"https:\/\/schema.org","@graph":[{"@type":"Article","@id":"https:\/\/experienciadevida.com.ar\/portalurbano\/replantando-olavarria-sumara-mas-arboles-en-plazas-de-la-ciudad\/#article","isPartOf":{"@id":"https:\/\/experienciadevida.com.ar\/portalurbano\/replantando-olavarria-sumara-mas-arboles-en-plazas-de-la-ciudad\/"},"author":{"name":"admpu17wp","@id":"https:\/\/experienciadevida.com.ar\/portalurbano\/#\/schema\/person\/02dd326b1c4b056e9cc972486934a3a7"},"headline":"\u201cReplantando Olavarr\u00eda\u201d sumar\u00e1 m\u00e1s \u00e1rboles en plazas de la ciudad","datePublished":"2022-05-15T15:12:01+00:00","dateModified":"2022-05-15T15:12:31+00:00","mainEntityOfPage":{"@id":"https:\/\/experienciadevida.com.ar\/portalurbano\/replantando-olavarria-sumara-mas-arboles-en-plazas-de-la-ciudad\/"},"wordCount":301,"publisher":{"@id":"https:\/\/experienciadevida.com.ar\/portalurbano\/#organization"},"articleSection":["Ciudad"],"inLanguage":"es"},{"@type":"WebPage","@id":"https:\/\/experienciadevida.com.ar\/portalurbano\/replantando-olavarria-sumara-mas-arboles-en-plazas-de-la-ciudad\/","url":"https:\/\/experienciadevida.com.ar\/portalurbano\/replantando-olavarria-sumara-mas-arboles-en-plazas-de-la-ciudad\/","name":"\"Replantando Olavarr\u00eda\" sumar\u00e1 m\u00e1s \u00e1rboles en plazas de la ciudad","isPartOf":{"@id":"https:\/\/experienciadevida.com.ar\/portalurbano\/#website"},"datePublished":"2022-05-15T15:12:01+00:00","dateModified":"2022-05-15T15:12:31+00:00","description":"\u201cReplantando Olavarr\u00eda\u201d sumar\u00e1 m\u00e1s \u00e1rboles en plazas de la ciudad, as\u00ed lo informaron desde la Direcci\u00f3n de Desarrollo Sustentable,","breadcrumb":{"@id":"https:\/\/experienciadevida.com.ar\/portalurbano\/replantando-olavarria-sumara-mas-arboles-en-plazas-de-la-ciudad\/#breadcrumb"},"inLanguage":"es","potentialAction":[{"@type":"ReadAction","target":["https:\/\/experienciadevida.com.ar\/portalurbano\/replantando-olavarria-sumara-mas-arboles-en-plazas-de-la-ciudad\/"]}]},{"@type":"BreadcrumbList","@id":"https:\/\/experienciadevida.com.ar\/portalurbano\/replantando-olavarria-sumara-mas-arboles-en-plazas-de-la-ciudad\/#breadcrumb","itemListElement":[{"@type":"ListItem","position":1,"name":"Portada","item":"https:\/\/experienciadevida.com.ar\/portalurbano\/"},{"@type":"ListItem","position":2,"name":"\u201cReplantando Olavarr\u00eda\u201d sumar\u00e1 m\u00e1s \u00e1rboles en plazas de la ciudad"}]},{"@type":"WebSite","@id":"https:\/\/experienciadevida.com.ar\/portalurbano\/#website","url":"https:\/\/experienciadevida.com.ar\/portalurbano\/","name":"","description":"","publisher":{"@id":"https:\/\/experienciadevida.com.ar\/portalurbano\/#organization"},"potentialAction":[{"@type":"SearchAction","target":{"@type":"EntryPoint","urlTemplate":"https:\/\/experienciadevida.com.ar\/portalurbano\/?s={search_term_string}"},"query-input":"required name=search_term_string"}],"inLanguage":"es"},{"@type":"Organization","@id":"https:\/\/experienciadevida.com.ar\/portalurbano\/#organization","name":"Portal Urbano","url":"https:\/\/experienciadevida.com.ar\/portalurbano\/","logo":{"@type":"ImageObject","inLanguage":"es","@id":"https:\/\/experienciadevida.com.ar\/portalurbano\/#\/schema\/logo\/image\/","url":"https:\/\/experienciadevida.com.ar\/portalurbano\/wp-content\/uploads\/2019\/09\/Logo-Original.png","contentUrl":"https:\/\/experienciadevida.com.ar\/portalurbano\/wp-content\/uploads\/2019\/09\/Logo-Original.png","width":2236,"height":1216,"caption":"Portal Urbano"},"image":{"@id":"https:\/\/experienciadevida.com.ar\/portalurbano\/#\/schema\/logo\/image\/"},"sameAs":["https:\/\/www.facebook.com\/Portal-Urbano-171542830093757\/","https:\/\/twitter.com\/portalurbanook","https:\/\/www.instagram.com\/_portalurbano\/","https:\/\/www.youtube.com\/channel\/UCXhagIfszH8KxFiOok79zbA?view_as=subscriber"]},{"@type":"Person","@id":"https:\/\/experienciadevida.com.ar\/portalurbano\/#\/schema\/person\/02dd326b1c4b056e9cc972486934a3a7","name":"admpu17wp","image":{"@type":"ImageObject","inLanguage":"es","@id":"https:\/\/experienciadevida.com.ar\/portalurbano\/#\/schema\/person\/image\/","url":"https:\/\/secure.gravatar.com\/avatar\/830d4c57adaae6630765e449a6908047?s=96&d=mm&r=g","contentUrl":"https:\/\/secure.gravatar.com\/avatar\/830d4c57adaae6630765e449a6908047?s=96&d=mm&r=g","caption":"admpu17wp"}}]}},"featured_image_urls":{"full":["https:\/\/experienciadevida.com.ar\/portalurbano\/wp-content\/uploads\/2022\/05\/Replantando-Olavarria.jpg",1024,682,false],"thumbnail":["https:\/\/experienciadevida.com.ar\/portalurbano\/wp-content\/uploads\/2022\/05\/Replantando-Olavarria-150x150.jpg",150,150,true],"medium":["https:\/\/experienciadevida.com.ar\/portalurbano\/wp-content\/uploads\/2022\/05\/Replantando-Olavarria-300x200.jpg",300,200,true],"medium_large":["https:\/\/experienciadevida.com.ar\/portalurbano\/wp-content\/uploads\/2022\/05\/Replantando-Olavarria-768x512.jpg",640,427,true],"large":["https:\/\/experienciadevida.com.ar\/portalurbano\/wp-content\/uploads\/2022\/05\/Replantando-Olavarria.jpg",640,426,false],"ug_big":["https:\/\/experienciadevida.com.ar\/portalurbano\/wp-content\/uploads\/2022\/05\/Replantando-Olavarria-768x512.jpg",768,512,true],"1536x1536":["https:\/\/experienciadevida.com.ar\/portalurbano\/wp-content\/uploads\/2022\/05\/Replantando-Olavarria.jpg",1024,682,false],"2048x2048":["https:\/\/experienciadevida.com.ar\/portalurbano\/wp-content\/uploads\/2022\/05\/Replantando-Olavarria.jpg",1024,682,false],"newsever-slider-full":["https:\/\/experienciadevida.com.ar\/portalurbano\/wp-content\/uploads\/2022\/05\/Replantando-Olavarria.jpg",1024,682,false],"newsever-featured":["https:\/\/experienciadevida.com.ar\/portalurbano\/wp-content\/uploads\/2022\/05\/Replantando-Olavarria.jpg",1024,682,false],"newsever-medium":["https:\/\/experienciadevida.com.ar\/portalurbano\/wp-content\/uploads\/2022\/05\/Replantando-Olavarria.jpg",713,475,false],"web-stories-poster-portrait":["https:\/\/experienciadevida.com.ar\/portalurbano\/wp-content\/uploads\/2022\/05\/Replantando-Olavarria.jpg",640,426,false],"web-stories-publisher-logo":["https:\/\/experienciadevida.com.ar\/portalurbano\/wp-content\/uploads\/2022\/05\/Replantando-Olavarria.jpg",96,64,false],"web-stories-thumbnail":["https:\/\/experienciadevida.com.ar\/portalurbano\/wp-content\/uploads\/2022\/05\/Replantando-Olavarria.jpg",150,100,false]},"author_info":{"display_name":"admpu17wp","author_link":"https:\/\/experienciadevida.com.ar\/portalurbano\/author\/admpu17wp\/"},"category_info":"<a href=\"https:\/\/experienciadevida.com.ar\/portalurbano\/category\/ciudad\/\" rel=\"category tag\">Ciudad<\/a>","tag_info":"Ciudad","comment_count":"0","amp_enabled":true,"_links":{"self":[{"href":"https:\/\/experienciadevida.com.ar\/portalurbano\/wp-json\/wp\/v2\/posts\/167744"}],"collection":[{"href":"https:\/\/experienciadevida.com.ar\/portalurbano\/wp-json\/wp\/v2\/posts"}],"about":[{"href":"https:\/\/experienciadevida.com.ar\/portalurbano\/wp-json\/wp\/v2\/types\/post"}],"author":[{"embeddable":true,"href":"https:\/\/experienciadevida.com.ar\/portalurbano\/wp-json\/wp\/v2\/users\/1"}],"replies":[{"embeddable":true,"href":"https:\/\/experienciadevida.com.ar\/portalurbano\/wp-json\/wp\/v2\/comments?post=167744"}],"version-history":[{"count":1,"href":"https:\/\/experienciadevida.com.ar\/portalurbano\/wp-json\/wp\/v2\/posts\/167744\/revisions"}],"predecessor-version":[{"id":167746,"href":"https:\/\/experienciadevida.com.ar\/portalurbano\/wp-json\/wp\/v2\/posts\/167744\/revisions\/167746"}],"wp:featuredmedia":[{"embeddable":true,"href":"https:\/\/experienciadevida.com.ar\/portalurbano\/wp-json\/wp\/v2\/media\/167745"}],"wp:attachment":[{"href":"https:\/\/experienciadevida.com.ar\/portalurbano\/wp-json\/wp\/v2\/media?parent=167744"}],"wp:term":[{"taxonomy":"category","embeddable":true,"href":"https:\/\/experienciadevida.com.ar\/portalurbano\/wp-json\/wp\/v2\/categories?post=167744"},{"taxonomy":"post_tag","embeddable":true,"href":"https:\/\/experienciadevida.com.ar\/portalurbano\/wp-json\/wp\/v2\/tags?post=167744"}],"curies":[{"name":"wp","href":"https:\/\/api.w.org\/{rel}","templated":true}]}}