{"id":167723,"date":"2022-05-14T18:17:07","date_gmt":"2022-05-14T21:17:07","guid":{"rendered":"https:\/\/experienciadevida.com.ar\/portalurbano\/?p=167723"},"modified":"2022-05-14T18:17:47","modified_gmt":"2022-05-14T21:17:47","slug":"julio-valetutto-en-el-lanzamiento-de-la-noche-del-turismo","status":"publish","type":"post","link":"https:\/\/experienciadevida.com.ar\/portalurbano\/julio-valetutto-en-el-lanzamiento-de-la-noche-del-turismo\/","title":{"rendered":"Julio Valetutto en el lanzamiento de la Noche del Turismo"},"content":{"rendered":"<p>Julio Valetutto en el lanzamiento de la Noche del Turismo, el Secretario de Desarrollo Econ\u00f3mico del Gobierno Municipal <a href=\"https:\/\/www.instagram.com\/juliovaletutto\/?hl=es-la\">Julio Valetutto<\/a> particip\u00f3 del lanzamiento de la primera edici\u00f3n de la Noche del Turismo que organiza el Ente de Turismo de la Ciudad de Buenos Aires.<\/p>\n<p>El evento, en el que particip\u00f3 el funcionario municipal, se llev\u00f3 a cabo este viernes en el Centro Cultural Recoleta de la Ciudad Aut\u00f3noma de Buenos Aires.<\/p>\n<p>Adem\u00e1s de Valetutto participaron autoridades de municipios de las provincias de Buenos Aires, Mendoza, C\u00f3rdoba, La Rioja, Santa Fe, Salta, Chubut, Entre R\u00edos, Catamarca, Corrientes, Jujuy, Formosa, Misiones y Tucum\u00e1n<\/p>\n<p>Seg\u00fan inform\u00f3 el propio Valetutto, durante la jornada se firm\u00f3 una carta de intenci\u00f3n \u00abpara propiciar la implementaci\u00f3n de la Noche del Turismo en distintas ciudades del pa\u00eds\u00bb.<\/p>\n<p>En este sentido, el Secretario de Desarrollo Econ\u00f3mico expres\u00f3: \u00abpor decisi\u00f3n del intendente Ezequiel Galli, Olavarr\u00eda comenz\u00f3 un camino de trabajo para desarrollar actividades tur\u00edsticas que son fundamentales\u00bb.<\/p>\n<p>Asimismo, Valetutto record\u00f3 que \u00abhace pocos d\u00edas presentamos las obras que vamos a realizar en Sierras Bayas para potenciar el desarrollo tur\u00edstico del Partido y hacia all\u00ed vamos\u00bb.<\/p>\n<p>Sobre el evento desarrollado en Buenos Aires, el funcionario dijo: \u00abes clave el trabajo conjunto con ciudades que ya transitaron este camino. De esta manera apostamos a generar la marca Olavarr\u00eda y atraer nuevas inversiones y nuevos visitantes para nuestro Partido\u00bb.<\/p>\n<p>Finalmente, el presidente del Ente de Turismo de la Ciudad de Buenos Aires Lucas Delfino manifest\u00f3: \u201cDesde el Ente de Turismo creemos firmemente que el trabajo conjunto y la implementaci\u00f3n de una estrategia com\u00fan de promoci\u00f3n y difusi\u00f3n del turismo, es una pieza clave para contribuir al posicionamiento del sector en los distintos distritos y generar un fuerte impacto a nivel nacional\u00bb.<\/p>\n<p><a href=\"https:\/\/experienciadevida.com.ar\/portalurbano\/julio-valetutto-en-el-lanzamiento-de-la-noche-del-turismo\/julio-3\/\" rel=\"attachment wp-att-167726\"><img decoding=\"async\" class=\"alignnone size-large wp-image-167726\" src=\"https:\/\/experienciadevida.com.ar\/portalurbano\/wp-content\/uploads\/2022\/05\/Julio-1024x683.jpg\" alt=\"Julio \" width=\"900\" height=\"600\" srcset=\"https:\/\/experienciadevida.com.ar\/portalurbano\/wp-content\/uploads\/2022\/05\/Julio-1024x683.jpg 1024w, https:\/\/experienciadevida.com.ar\/portalurbano\/wp-content\/uploads\/2022\/05\/Julio-300x200.jpg 300w, https:\/\/experienciadevida.com.ar\/portalurbano\/wp-content\/uploads\/2022\/05\/Julio-768x512.jpg 768w, https:\/\/experienciadevida.com.ar\/portalurbano\/wp-content\/uploads\/2022\/05\/Julio-1536x1024.jpg 1536w, https:\/\/experienciadevida.com.ar\/portalurbano\/wp-content\/uploads\/2022\/05\/Julio-2048x1366.jpg 2048w\" sizes=\"(max-width: 900px) 100vw, 900px\" \/><\/a><\/p>\n","protected":false},"excerpt":{"rendered":"<p>Julio Valetutto en el lanzamiento de la Noche del Turismo, el Secretario de Desarrollo Econ\u00f3mico&#8230;<\/p>\n","protected":false},"author":1,"featured_media":167725,"comment_status":"closed","ping_status":"closed","sticky":false,"template":"","format":"standard","meta":{"content-type":""},"categories":[27],"tags":[],"nelio_content":{"isAutoShareEnabled":false,"autoShareEndMode":"default","automationSources":{"useContentSentences":true,"useSocialTemplates":true,"useCustomSentences":false,"customSentences":[]},"followers":[1],"suggestedReferences":[],"includedReferences":["https:\/\/www.instagram.com\/juliovaletutto\/?hl=es-la"],"efiUrl":"","efiAlt":"","highlights":[]},"yoast_head":"<!-- This site is optimized with the Yoast SEO plugin v20.7 - https:\/\/yoast.com\/wordpress\/plugins\/seo\/ -->\n<title>Julio Valetutto en el lanzamiento de la noche del turismo<\/title>\n<meta name=\"description\" content=\"Julio Valetutto en el lanzamiento de la Noche del Turismo, organizada por el Ente de Turismo de la Ciudad de Buenos Aires.\" \/>\n<meta name=\"robots\" content=\"index, follow, max-snippet:-1, max-image-preview:large, max-video-preview:-1\" \/>\n<link rel=\"canonical\" href=\"https:\/\/experienciadevida.com.ar\/portalurbano\/julio-valetutto-en-el-lanzamiento-de-la-noche-del-turismo\/\" \/>\n<meta property=\"og:locale\" content=\"es_ES\" \/>\n<meta property=\"og:type\" content=\"article\" \/>\n<meta property=\"og:title\" content=\"Julio Valetutto en el lanzamiento de la noche del turismo\" \/>\n<meta property=\"og:description\" content=\"Julio Valetutto en el lanzamiento de la Noche del Turismo, organizada por el Ente de Turismo de la Ciudad de Buenos Aires.\" \/>\n<meta property=\"og:url\" content=\"https:\/\/experienciadevida.com.ar\/portalurbano\/julio-valetutto-en-el-lanzamiento-de-la-noche-del-turismo\/\" \/>\n<meta property=\"article:publisher\" content=\"https:\/\/www.facebook.com\/Portal-Urbano-171542830093757\/\" \/>\n<meta property=\"article:published_time\" content=\"2022-05-14T21:17:07+00:00\" \/>\n<meta property=\"article:modified_time\" content=\"2022-05-14T21:17:47+00:00\" \/>\n<meta property=\"og:image\" content=\"https:\/\/experienciadevida.com.ar\/portalurbano\/wp-content\/uploads\/2022\/05\/Julio-Valetutto-en-el.jpg\" \/>\n\t<meta property=\"og:image:width\" content=\"759\" \/>\n\t<meta property=\"og:image:height\" content=\"691\" \/>\n\t<meta property=\"og:image:type\" content=\"image\/jpeg\" \/>\n<meta name=\"author\" content=\"admpu17wp\" \/>\n<meta name=\"twitter:card\" content=\"summary_large_image\" \/>\n<meta name=\"twitter:creator\" content=\"@portalurbanook\" \/>\n<meta name=\"twitter:site\" content=\"@portalurbanook\" \/>\n<meta name=\"twitter:label1\" content=\"Escrito por\" \/>\n\t<meta name=\"twitter:data1\" content=\"admpu17wp\" \/>\n\t<meta name=\"twitter:label2\" content=\"Tiempo de lectura\" \/>\n\t<meta name=\"twitter:data2\" content=\"2 minutos\" \/>\n<script type=\"application\/ld+json\" class=\"yoast-schema-graph\">{\"@context\":\"https:\/\/schema.org\",\"@graph\":[{\"@type\":\"Article\",\"@id\":\"https:\/\/experienciadevida.com.ar\/portalurbano\/julio-valetutto-en-el-lanzamiento-de-la-noche-del-turismo\/#article\",\"isPartOf\":{\"@id\":\"https:\/\/experienciadevida.com.ar\/portalurbano\/julio-valetutto-en-el-lanzamiento-de-la-noche-del-turismo\/\"},\"author\":{\"name\":\"admpu17wp\",\"@id\":\"https:\/\/experienciadevida.com.ar\/portalurbano\/#\/schema\/person\/02dd326b1c4b056e9cc972486934a3a7\"},\"headline\":\"Julio Valetutto en el lanzamiento de la Noche del Turismo\",\"datePublished\":\"2022-05-14T21:17:07+00:00\",\"dateModified\":\"2022-05-14T21:17:47+00:00\",\"mainEntityOfPage\":{\"@id\":\"https:\/\/experienciadevida.com.ar\/portalurbano\/julio-valetutto-en-el-lanzamiento-de-la-noche-del-turismo\/\"},\"wordCount\":320,\"publisher\":{\"@id\":\"https:\/\/experienciadevida.com.ar\/portalurbano\/#organization\"},\"articleSection\":[\"Ciudad\"],\"inLanguage\":\"es\"},{\"@type\":\"WebPage\",\"@id\":\"https:\/\/experienciadevida.com.ar\/portalurbano\/julio-valetutto-en-el-lanzamiento-de-la-noche-del-turismo\/\",\"url\":\"https:\/\/experienciadevida.com.ar\/portalurbano\/julio-valetutto-en-el-lanzamiento-de-la-noche-del-turismo\/\",\"name\":\"Julio Valetutto en el lanzamiento de la noche del turismo\",\"isPartOf\":{\"@id\":\"https:\/\/experienciadevida.com.ar\/portalurbano\/#website\"},\"datePublished\":\"2022-05-14T21:17:07+00:00\",\"dateModified\":\"2022-05-14T21:17:47+00:00\",\"description\":\"Julio Valetutto en el lanzamiento de la Noche del Turismo, organizada por el Ente de Turismo de la Ciudad de Buenos Aires.\",\"breadcrumb\":{\"@id\":\"https:\/\/experienciadevida.com.ar\/portalurbano\/julio-valetutto-en-el-lanzamiento-de-la-noche-del-turismo\/#breadcrumb\"},\"inLanguage\":\"es\",\"potentialAction\":[{\"@type\":\"ReadAction\",\"target\":[\"https:\/\/experienciadevida.com.ar\/portalurbano\/julio-valetutto-en-el-lanzamiento-de-la-noche-del-turismo\/\"]}]},{\"@type\":\"BreadcrumbList\",\"@id\":\"https:\/\/experienciadevida.com.ar\/portalurbano\/julio-valetutto-en-el-lanzamiento-de-la-noche-del-turismo\/#breadcrumb\",\"itemListElement\":[{\"@type\":\"ListItem\",\"position\":1,\"name\":\"Portada\",\"item\":\"https:\/\/experienciadevida.com.ar\/portalurbano\/\"},{\"@type\":\"ListItem\",\"position\":2,\"name\":\"Julio Valetutto en el lanzamiento de la Noche del Turismo\"}]},{\"@type\":\"WebSite\",\"@id\":\"https:\/\/experienciadevida.com.ar\/portalurbano\/#website\",\"url\":\"https:\/\/experienciadevida.com.ar\/portalurbano\/\",\"name\":\"\",\"description\":\"\",\"publisher\":{\"@id\":\"https:\/\/experienciadevida.com.ar\/portalurbano\/#organization\"},\"potentialAction\":[{\"@type\":\"SearchAction\",\"target\":{\"@type\":\"EntryPoint\",\"urlTemplate\":\"https:\/\/experienciadevida.com.ar\/portalurbano\/?s={search_term_string}\"},\"query-input\":\"required name=search_term_string\"}],\"inLanguage\":\"es\"},{\"@type\":\"Organization\",\"@id\":\"https:\/\/experienciadevida.com.ar\/portalurbano\/#organization\",\"name\":\"Portal Urbano\",\"url\":\"https:\/\/experienciadevida.com.ar\/portalurbano\/\",\"logo\":{\"@type\":\"ImageObject\",\"inLanguage\":\"es\",\"@id\":\"https:\/\/experienciadevida.com.ar\/portalurbano\/#\/schema\/logo\/image\/\",\"url\":\"https:\/\/experienciadevida.com.ar\/portalurbano\/wp-content\/uploads\/2019\/09\/Logo-Original.png\",\"contentUrl\":\"https:\/\/experienciadevida.com.ar\/portalurbano\/wp-content\/uploads\/2019\/09\/Logo-Original.png\",\"width\":2236,\"height\":1216,\"caption\":\"Portal Urbano\"},\"image\":{\"@id\":\"https:\/\/experienciadevida.com.ar\/portalurbano\/#\/schema\/logo\/image\/\"},\"sameAs\":[\"https:\/\/www.facebook.com\/Portal-Urbano-171542830093757\/\",\"https:\/\/twitter.com\/portalurbanook\",\"https:\/\/www.instagram.com\/_portalurbano\/\",\"https:\/\/www.youtube.com\/channel\/UCXhagIfszH8KxFiOok79zbA?view_as=subscriber\"]},{\"@type\":\"Person\",\"@id\":\"https:\/\/experienciadevida.com.ar\/portalurbano\/#\/schema\/person\/02dd326b1c4b056e9cc972486934a3a7\",\"name\":\"admpu17wp\",\"image\":{\"@type\":\"ImageObject\",\"inLanguage\":\"es\",\"@id\":\"https:\/\/experienciadevida.com.ar\/portalurbano\/#\/schema\/person\/image\/\",\"url\":\"https:\/\/secure.gravatar.com\/avatar\/830d4c57adaae6630765e449a6908047?s=96&d=mm&r=g\",\"contentUrl\":\"https:\/\/secure.gravatar.com\/avatar\/830d4c57adaae6630765e449a6908047?s=96&d=mm&r=g\",\"caption\":\"admpu17wp\"}}]}<\/script>\n<!-- \/ Yoast SEO plugin. -->","yoast_head_json":{"title":"Julio Valetutto en el lanzamiento de la noche del turismo","description":"Julio Valetutto en el lanzamiento de la Noche del Turismo, organizada por el Ente de Turismo de la Ciudad de Buenos Aires.","robots":{"index":"index","follow":"follow","max-snippet":"max-snippet:-1","max-image-preview":"max-image-preview:large","max-video-preview":"max-video-preview:-1"},"canonical":"https:\/\/experienciadevida.com.ar\/portalurbano\/julio-valetutto-en-el-lanzamiento-de-la-noche-del-turismo\/","og_locale":"es_ES","og_type":"article","og_title":"Julio Valetutto en el lanzamiento de la noche del turismo","og_description":"Julio Valetutto en el lanzamiento de la Noche del Turismo, organizada por el Ente de Turismo de la Ciudad de Buenos Aires.","og_url":"https:\/\/experienciadevida.com.ar\/portalurbano\/julio-valetutto-en-el-lanzamiento-de-la-noche-del-turismo\/","article_publisher":"https:\/\/www.facebook.com\/Portal-Urbano-171542830093757\/","article_published_time":"2022-05-14T21:17:07+00:00","article_modified_time":"2022-05-14T21:17:47+00:00","og_image":[{"width":759,"height":691,"url":"https:\/\/experienciadevida.com.ar\/portalurbano\/wp-content\/uploads\/2022\/05\/Julio-Valetutto-en-el.jpg","type":"image\/jpeg"}],"author":"admpu17wp","twitter_card":"summary_large_image","twitter_creator":"@portalurbanook","twitter_site":"@portalurbanook","twitter_misc":{"Escrito por":"admpu17wp","Tiempo de lectura":"2 minutos"},"schema":{"@context":"https:\/\/schema.org","@graph":[{"@type":"Article","@id":"https:\/\/experienciadevida.com.ar\/portalurbano\/julio-valetutto-en-el-lanzamiento-de-la-noche-del-turismo\/#article","isPartOf":{"@id":"https:\/\/experienciadevida.com.ar\/portalurbano\/julio-valetutto-en-el-lanzamiento-de-la-noche-del-turismo\/"},"author":{"name":"admpu17wp","@id":"https:\/\/experienciadevida.com.ar\/portalurbano\/#\/schema\/person\/02dd326b1c4b056e9cc972486934a3a7"},"headline":"Julio Valetutto en el lanzamiento de la Noche del Turismo","datePublished":"2022-05-14T21:17:07+00:00","dateModified":"2022-05-14T21:17:47+00:00","mainEntityOfPage":{"@id":"https:\/\/experienciadevida.com.ar\/portalurbano\/julio-valetutto-en-el-lanzamiento-de-la-noche-del-turismo\/"},"wordCount":320,"publisher":{"@id":"https:\/\/experienciadevida.com.ar\/portalurbano\/#organization"},"articleSection":["Ciudad"],"inLanguage":"es"},{"@type":"WebPage","@id":"https:\/\/experienciadevida.com.ar\/portalurbano\/julio-valetutto-en-el-lanzamiento-de-la-noche-del-turismo\/","url":"https:\/\/experienciadevida.com.ar\/portalurbano\/julio-valetutto-en-el-lanzamiento-de-la-noche-del-turismo\/","name":"Julio Valetutto en el lanzamiento de la noche del turismo","isPartOf":{"@id":"https:\/\/experienciadevida.com.ar\/portalurbano\/#website"},"datePublished":"2022-05-14T21:17:07+00:00","dateModified":"2022-05-14T21:17:47+00:00","description":"Julio Valetutto en el lanzamiento de la Noche del Turismo, organizada por el Ente de Turismo de la Ciudad de Buenos Aires.","breadcrumb":{"@id":"https:\/\/experienciadevida.com.ar\/portalurbano\/julio-valetutto-en-el-lanzamiento-de-la-noche-del-turismo\/#breadcrumb"},"inLanguage":"es","potentialAction":[{"@type":"ReadAction","target":["https:\/\/experienciadevida.com.ar\/portalurbano\/julio-valetutto-en-el-lanzamiento-de-la-noche-del-turismo\/"]}]},{"@type":"BreadcrumbList","@id":"https:\/\/experienciadevida.com.ar\/portalurbano\/julio-valetutto-en-el-lanzamiento-de-la-noche-del-turismo\/#breadcrumb","itemListElement":[{"@type":"ListItem","position":1,"name":"Portada","item":"https:\/\/experienciadevida.com.ar\/portalurbano\/"},{"@type":"ListItem","position":2,"name":"Julio Valetutto en el lanzamiento de la Noche del Turismo"}]},{"@type":"WebSite","@id":"https:\/\/experienciadevida.com.ar\/portalurbano\/#website","url":"https:\/\/experienciadevida.com.ar\/portalurbano\/","name":"","description":"","publisher":{"@id":"https:\/\/experienciadevida.com.ar\/portalurbano\/#organization"},"potentialAction":[{"@type":"SearchAction","target":{"@type":"EntryPoint","urlTemplate":"https:\/\/experienciadevida.com.ar\/portalurbano\/?s={search_term_string}"},"query-input":"required name=search_term_string"}],"inLanguage":"es"},{"@type":"Organization","@id":"https:\/\/experienciadevida.com.ar\/portalurbano\/#organization","name":"Portal Urbano","url":"https:\/\/experienciadevida.com.ar\/portalurbano\/","logo":{"@type":"ImageObject","inLanguage":"es","@id":"https:\/\/experienciadevida.com.ar\/portalurbano\/#\/schema\/logo\/image\/","url":"https:\/\/experienciadevida.com.ar\/portalurbano\/wp-content\/uploads\/2019\/09\/Logo-Original.png","contentUrl":"https:\/\/experienciadevida.com.ar\/portalurbano\/wp-content\/uploads\/2019\/09\/Logo-Original.png","width":2236,"height":1216,"caption":"Portal Urbano"},"image":{"@id":"https:\/\/experienciadevida.com.ar\/portalurbano\/#\/schema\/logo\/image\/"},"sameAs":["https:\/\/www.facebook.com\/Portal-Urbano-171542830093757\/","https:\/\/twitter.com\/portalurbanook","https:\/\/www.instagram.com\/_portalurbano\/","https:\/\/www.youtube.com\/channel\/UCXhagIfszH8KxFiOok79zbA?view_as=subscriber"]},{"@type":"Person","@id":"https:\/\/experienciadevida.com.ar\/portalurbano\/#\/schema\/person\/02dd326b1c4b056e9cc972486934a3a7","name":"admpu17wp","image":{"@type":"ImageObject","inLanguage":"es","@id":"https:\/\/experienciadevida.com.ar\/portalurbano\/#\/schema\/person\/image\/","url":"https:\/\/secure.gravatar.com\/avatar\/830d4c57adaae6630765e449a6908047?s=96&d=mm&r=g","contentUrl":"https:\/\/secure.gravatar.com\/avatar\/830d4c57adaae6630765e449a6908047?s=96&d=mm&r=g","caption":"admpu17wp"}}]}},"featured_image_urls":{"full":["https:\/\/experienciadevida.com.ar\/portalurbano\/wp-content\/uploads\/2022\/05\/Julio-Valetutto-en-el.jpg",759,691,false],"thumbnail":["https:\/\/experienciadevida.com.ar\/portalurbano\/wp-content\/uploads\/2022\/05\/Julio-Valetutto-en-el-150x150.jpg",150,150,true],"medium":["https:\/\/experienciadevida.com.ar\/portalurbano\/wp-content\/uploads\/2022\/05\/Julio-Valetutto-en-el-300x273.jpg",300,273,true],"medium_large":["https:\/\/experienciadevida.com.ar\/portalurbano\/wp-content\/uploads\/2022\/05\/Julio-Valetutto-en-el.jpg",640,583,false],"large":["https:\/\/experienciadevida.com.ar\/portalurbano\/wp-content\/uploads\/2022\/05\/Julio-Valetutto-en-el.jpg",640,583,false],"ug_big":["https:\/\/experienciadevida.com.ar\/portalurbano\/wp-content\/uploads\/2022\/05\/Julio-Valetutto-en-el.jpg",759,691,false],"1536x1536":["https:\/\/experienciadevida.com.ar\/portalurbano\/wp-content\/uploads\/2022\/05\/Julio-Valetutto-en-el.jpg",759,691,false],"2048x2048":["https:\/\/experienciadevida.com.ar\/portalurbano\/wp-content\/uploads\/2022\/05\/Julio-Valetutto-en-el.jpg",759,691,false],"newsever-slider-full":["https:\/\/experienciadevida.com.ar\/portalurbano\/wp-content\/uploads\/2022\/05\/Julio-Valetutto-en-el.jpg",759,691,false],"newsever-featured":["https:\/\/experienciadevida.com.ar\/portalurbano\/wp-content\/uploads\/2022\/05\/Julio-Valetutto-en-el.jpg",759,691,false],"newsever-medium":["https:\/\/experienciadevida.com.ar\/portalurbano\/wp-content\/uploads\/2022\/05\/Julio-Valetutto-en-el.jpg",522,475,false],"web-stories-poster-portrait":["https:\/\/experienciadevida.com.ar\/portalurbano\/wp-content\/uploads\/2022\/05\/Julio-Valetutto-en-el.jpg",640,583,false],"web-stories-publisher-logo":["https:\/\/experienciadevida.com.ar\/portalurbano\/wp-content\/uploads\/2022\/05\/Julio-Valetutto-en-el.jpg",96,87,false],"web-stories-thumbnail":["https:\/\/experienciadevida.com.ar\/portalurbano\/wp-content\/uploads\/2022\/05\/Julio-Valetutto-en-el.jpg",150,137,false]},"author_info":{"display_name":"admpu17wp","author_link":"https:\/\/experienciadevida.com.ar\/portalurbano\/author\/admpu17wp\/"},"category_info":"<a href=\"https:\/\/experienciadevida.com.ar\/portalurbano\/category\/ciudad\/\" rel=\"category tag\">Ciudad<\/a>","tag_info":"Ciudad","comment_count":"0","amp_enabled":true,"_links":{"self":[{"href":"https:\/\/experienciadevida.com.ar\/portalurbano\/wp-json\/wp\/v2\/posts\/167723"}],"collection":[{"href":"https:\/\/experienciadevida.com.ar\/portalurbano\/wp-json\/wp\/v2\/posts"}],"about":[{"href":"https:\/\/experienciadevida.com.ar\/portalurbano\/wp-json\/wp\/v2\/types\/post"}],"author":[{"embeddable":true,"href":"https:\/\/experienciadevida.com.ar\/portalurbano\/wp-json\/wp\/v2\/users\/1"}],"replies":[{"embeddable":true,"href":"https:\/\/experienciadevida.com.ar\/portalurbano\/wp-json\/wp\/v2\/comments?post=167723"}],"version-history":[{"count":2,"href":"https:\/\/experienciadevida.com.ar\/portalurbano\/wp-json\/wp\/v2\/posts\/167723\/revisions"}],"predecessor-version":[{"id":167728,"href":"https:\/\/experienciadevida.com.ar\/portalurbano\/wp-json\/wp\/v2\/posts\/167723\/revisions\/167728"}],"wp:featuredmedia":[{"embeddable":true,"href":"https:\/\/experienciadevida.com.ar\/portalurbano\/wp-json\/wp\/v2\/media\/167725"}],"wp:attachment":[{"href":"https:\/\/experienciadevida.com.ar\/portalurbano\/wp-json\/wp\/v2\/media?parent=167723"}],"wp:term":[{"taxonomy":"category","embeddable":true,"href":"https:\/\/experienciadevida.com.ar\/portalurbano\/wp-json\/wp\/v2\/categories?post=167723"},{"taxonomy":"post_tag","embeddable":true,"href":"https:\/\/experienciadevida.com.ar\/portalurbano\/wp-json\/wp\/v2\/tags?post=167723"}],"curies":[{"name":"wp","href":"https:\/\/api.w.org\/{rel}","templated":true}]}}