{"id":167699,"date":"2022-05-14T10:51:33","date_gmt":"2022-05-14T13:51:33","guid":{"rendered":"https:\/\/experienciadevida.com.ar\/portalurbano\/?p=167699"},"modified":"2022-05-14T10:54:50","modified_gmt":"2022-05-14T13:54:50","slug":"funcionarios-municipales-se-reunieron-con-dirigentes-de-sociedades-de-fomento-y-juntas-vecinales","status":"publish","type":"post","link":"https:\/\/experienciadevida.com.ar\/portalurbano\/funcionarios-municipales-se-reunieron-con-dirigentes-de-sociedades-de-fomento-y-juntas-vecinales\/","title":{"rendered":"Funcionarios municipales se reunieron con dirigentes de sociedades de fomento y juntas vecinales"},"content":{"rendered":"<p>Funcionarios municipales se reunieron con dirigentes de sociedades de fomento y juntas vecinales, el Secretario de Gobierno <a href=\"https:\/\/www.instagram.com\/gallihilario\/?hl=es-la\">Hilario Galli<\/a> encabez\u00f3 este jueves en la sede de la Sociedad de Fomento Roca Merlo una reuni\u00f3n con los l\u00edderes de diferentes sociedades de fomento y juntas vecinales del Partido de Olavarr\u00eda.<\/p>\n<p>Galli estuvo acompa\u00f1ado por el Subsecretario de Legal y T\u00e9cnica <a href=\"https:\/\/twitter.com\/FabbiMarcelo\">Marcelo Fabbi<\/a>, el Subsecretario de Seguridad Mario Busto, la Directora de Relaciones con la Comunidad Laura Sequeira y el concejal y dirigente barrial Javier Fr\u00edas.<\/p>\n<p>Las instituciones que participaron de la reuni\u00f3n fueron de los siguientes barrios y localidades: 10 de Junio, 12 de Octubre, 4 de Octubre, Eucalipto, Villa Mailin, Coronel Olavarr\u00eda, Colonia Nievas, Germana de Colonia Hinojo, Colonia San Miguel, Los Robles, General San Mart\u00edn, Roca Merlo, Luz y Fuerza, Pikelado, Amparo Castro e Hip\u00f3lito Irigoyen.<\/p>\n<p>Tras el encuentro, el propio Hilario Galli indic\u00f3 que \u00abesta es la segunda reuni\u00f3n que se realiza y la idea es una vez por mes podamos juntarnos en distintas sedes de todo el Partido para escuchar las inquietudes de los vecinos y poder acercar soluciones concretas en materia de gesti\u00f3n\u00bb.<\/p>\n<p>Asimismo, el Secretario de Gobierno manifest\u00f3 que \u00abcomo ya lo he dicho, nuestra obligaci\u00f3n es brindarle soluciones a los vecinos y estas reuniones nos parecen una excelente oportunidad para acercar diversas \u00e1reas del Municipio para colaborar en diversos aspectos\u00bb.<\/p>\n<p>Finalmente, Laura Sequeira cont\u00f3 que \u00abla pr\u00f3xima reuni\u00f3n va a ser en la sede de una sociedad de fomento de alguna de las localidades y ya estamos trabajando en la organizaci\u00f3n del festejo del D\u00eda del Fomentista que se celebra el pr\u00f3ximo viernes 8 de julio\u00bb.<\/p>\n<p><a href=\"https:\/\/experienciadevida.com.ar\/portalurbano\/funcionarios-municipales-se-reunieron-con-dirigentes-de-sociedades-de-fomento-y-juntas-vecinales\/funcionarios-municipales\/\" rel=\"attachment wp-att-167703\"><img decoding=\"async\" class=\"alignnone size-large wp-image-167703\" src=\"https:\/\/experienciadevida.com.ar\/portalurbano\/wp-content\/uploads\/2022\/05\/Funcionarios-Municipales-1024x609.jpeg\" alt=\"Funcionarios Municipales \" width=\"900\" height=\"535\" srcset=\"https:\/\/experienciadevida.com.ar\/portalurbano\/wp-content\/uploads\/2022\/05\/Funcionarios-Municipales-1024x609.jpeg 1024w, https:\/\/experienciadevida.com.ar\/portalurbano\/wp-content\/uploads\/2022\/05\/Funcionarios-Municipales-300x178.jpeg 300w, https:\/\/experienciadevida.com.ar\/portalurbano\/wp-content\/uploads\/2022\/05\/Funcionarios-Municipales-768x457.jpeg 768w, https:\/\/experienciadevida.com.ar\/portalurbano\/wp-content\/uploads\/2022\/05\/Funcionarios-Municipales.jpeg 1280w\" sizes=\"(max-width: 900px) 100vw, 900px\" \/><\/a><\/p>\n","protected":false},"excerpt":{"rendered":"<p>Funcionarios municipales se reunieron con dirigentes de sociedades de fomento y juntas vecinales, el Secretario&#8230;<\/p>\n","protected":false},"author":1,"featured_media":167700,"comment_status":"closed","ping_status":"closed","sticky":false,"template":"","format":"standard","meta":{"content-type":""},"categories":[27,51],"tags":[],"nelio_content":{"isAutoShareEnabled":false,"autoShareEndMode":"default","automationSources":{"useContentSentences":true,"useSocialTemplates":true,"useCustomSentences":false,"customSentences":[]},"followers":[1],"suggestedReferences":[],"includedReferences":["https:\/\/www.instagram.com\/gallihilario\/?hl=es-la"],"efiUrl":"","efiAlt":"","highlights":[]},"yoast_head":"<!-- This site is optimized with the Yoast SEO plugin v20.7 - https:\/\/yoast.com\/wordpress\/plugins\/seo\/ -->\n<title>Funcionarios municipales se reunieron con dirigentes de sociedades de fomento y juntas vecinales -<\/title>\n<meta name=\"robots\" content=\"index, follow, max-snippet:-1, max-image-preview:large, max-video-preview:-1\" \/>\n<link rel=\"canonical\" href=\"https:\/\/experienciadevida.com.ar\/portalurbano\/funcionarios-municipales-se-reunieron-con-dirigentes-de-sociedades-de-fomento-y-juntas-vecinales\/\" \/>\n<meta property=\"og:locale\" content=\"es_ES\" \/>\n<meta property=\"og:type\" content=\"article\" \/>\n<meta property=\"og:title\" content=\"Funcionarios municipales se reunieron con dirigentes de sociedades de fomento y juntas vecinales -\" \/>\n<meta property=\"og:description\" content=\"Funcionarios municipales se reunieron con dirigentes de sociedades de fomento y juntas vecinales, el Secretario...\" \/>\n<meta property=\"og:url\" content=\"https:\/\/experienciadevida.com.ar\/portalurbano\/funcionarios-municipales-se-reunieron-con-dirigentes-de-sociedades-de-fomento-y-juntas-vecinales\/\" \/>\n<meta property=\"article:publisher\" content=\"https:\/\/www.facebook.com\/Portal-Urbano-171542830093757\/\" \/>\n<meta property=\"article:published_time\" content=\"2022-05-14T13:51:33+00:00\" \/>\n<meta property=\"article:modified_time\" content=\"2022-05-14T13:54:50+00:00\" \/>\n<meta property=\"og:image\" content=\"https:\/\/experienciadevida.com.ar\/portalurbano\/wp-content\/uploads\/2022\/05\/Funcionarios-municipales-se-reunieron.jpeg\" \/>\n\t<meta property=\"og:image:width\" content=\"1280\" \/>\n\t<meta property=\"og:image:height\" content=\"702\" \/>\n\t<meta property=\"og:image:type\" content=\"image\/jpeg\" \/>\n<meta name=\"author\" content=\"admpu17wp\" \/>\n<meta name=\"twitter:card\" content=\"summary_large_image\" \/>\n<meta name=\"twitter:creator\" content=\"@portalurbanook\" \/>\n<meta name=\"twitter:site\" content=\"@portalurbanook\" \/>\n<meta name=\"twitter:label1\" content=\"Escrito por\" \/>\n\t<meta name=\"twitter:data1\" content=\"admpu17wp\" \/>\n\t<meta name=\"twitter:label2\" content=\"Tiempo de lectura\" \/>\n\t<meta name=\"twitter:data2\" content=\"2 minutos\" \/>\n<script type=\"application\/ld+json\" class=\"yoast-schema-graph\">{\"@context\":\"https:\/\/schema.org\",\"@graph\":[{\"@type\":\"Article\",\"@id\":\"https:\/\/experienciadevida.com.ar\/portalurbano\/funcionarios-municipales-se-reunieron-con-dirigentes-de-sociedades-de-fomento-y-juntas-vecinales\/#article\",\"isPartOf\":{\"@id\":\"https:\/\/experienciadevida.com.ar\/portalurbano\/funcionarios-municipales-se-reunieron-con-dirigentes-de-sociedades-de-fomento-y-juntas-vecinales\/\"},\"author\":{\"name\":\"admpu17wp\",\"@id\":\"https:\/\/experienciadevida.com.ar\/portalurbano\/#\/schema\/person\/02dd326b1c4b056e9cc972486934a3a7\"},\"headline\":\"Funcionarios municipales se reunieron con dirigentes de sociedades de fomento y juntas vecinales\",\"datePublished\":\"2022-05-14T13:51:33+00:00\",\"dateModified\":\"2022-05-14T13:54:50+00:00\",\"mainEntityOfPage\":{\"@id\":\"https:\/\/experienciadevida.com.ar\/portalurbano\/funcionarios-municipales-se-reunieron-con-dirigentes-de-sociedades-de-fomento-y-juntas-vecinales\/\"},\"wordCount\":299,\"publisher\":{\"@id\":\"https:\/\/experienciadevida.com.ar\/portalurbano\/#organization\"},\"articleSection\":[\"Ciudad\",\"Destacadas\"],\"inLanguage\":\"es\"},{\"@type\":\"WebPage\",\"@id\":\"https:\/\/experienciadevida.com.ar\/portalurbano\/funcionarios-municipales-se-reunieron-con-dirigentes-de-sociedades-de-fomento-y-juntas-vecinales\/\",\"url\":\"https:\/\/experienciadevida.com.ar\/portalurbano\/funcionarios-municipales-se-reunieron-con-dirigentes-de-sociedades-de-fomento-y-juntas-vecinales\/\",\"name\":\"Funcionarios municipales se reunieron con dirigentes de sociedades de fomento y juntas vecinales -\",\"isPartOf\":{\"@id\":\"https:\/\/experienciadevida.com.ar\/portalurbano\/#website\"},\"datePublished\":\"2022-05-14T13:51:33+00:00\",\"dateModified\":\"2022-05-14T13:54:50+00:00\",\"breadcrumb\":{\"@id\":\"https:\/\/experienciadevida.com.ar\/portalurbano\/funcionarios-municipales-se-reunieron-con-dirigentes-de-sociedades-de-fomento-y-juntas-vecinales\/#breadcrumb\"},\"inLanguage\":\"es\",\"potentialAction\":[{\"@type\":\"ReadAction\",\"target\":[\"https:\/\/experienciadevida.com.ar\/portalurbano\/funcionarios-municipales-se-reunieron-con-dirigentes-de-sociedades-de-fomento-y-juntas-vecinales\/\"]}]},{\"@type\":\"BreadcrumbList\",\"@id\":\"https:\/\/experienciadevida.com.ar\/portalurbano\/funcionarios-municipales-se-reunieron-con-dirigentes-de-sociedades-de-fomento-y-juntas-vecinales\/#breadcrumb\",\"itemListElement\":[{\"@type\":\"ListItem\",\"position\":1,\"name\":\"Portada\",\"item\":\"https:\/\/experienciadevida.com.ar\/portalurbano\/\"},{\"@type\":\"ListItem\",\"position\":2,\"name\":\"Funcionarios municipales se reunieron con dirigentes de sociedades de fomento y juntas vecinales\"}]},{\"@type\":\"WebSite\",\"@id\":\"https:\/\/experienciadevida.com.ar\/portalurbano\/#website\",\"url\":\"https:\/\/experienciadevida.com.ar\/portalurbano\/\",\"name\":\"\",\"description\":\"\",\"publisher\":{\"@id\":\"https:\/\/experienciadevida.com.ar\/portalurbano\/#organization\"},\"potentialAction\":[{\"@type\":\"SearchAction\",\"target\":{\"@type\":\"EntryPoint\",\"urlTemplate\":\"https:\/\/experienciadevida.com.ar\/portalurbano\/?s={search_term_string}\"},\"query-input\":\"required name=search_term_string\"}],\"inLanguage\":\"es\"},{\"@type\":\"Organization\",\"@id\":\"https:\/\/experienciadevida.com.ar\/portalurbano\/#organization\",\"name\":\"Portal Urbano\",\"url\":\"https:\/\/experienciadevida.com.ar\/portalurbano\/\",\"logo\":{\"@type\":\"ImageObject\",\"inLanguage\":\"es\",\"@id\":\"https:\/\/experienciadevida.com.ar\/portalurbano\/#\/schema\/logo\/image\/\",\"url\":\"https:\/\/experienciadevida.com.ar\/portalurbano\/wp-content\/uploads\/2019\/09\/Logo-Original.png\",\"contentUrl\":\"https:\/\/experienciadevida.com.ar\/portalurbano\/wp-content\/uploads\/2019\/09\/Logo-Original.png\",\"width\":2236,\"height\":1216,\"caption\":\"Portal Urbano\"},\"image\":{\"@id\":\"https:\/\/experienciadevida.com.ar\/portalurbano\/#\/schema\/logo\/image\/\"},\"sameAs\":[\"https:\/\/www.facebook.com\/Portal-Urbano-171542830093757\/\",\"https:\/\/twitter.com\/portalurbanook\",\"https:\/\/www.instagram.com\/_portalurbano\/\",\"https:\/\/www.youtube.com\/channel\/UCXhagIfszH8KxFiOok79zbA?view_as=subscriber\"]},{\"@type\":\"Person\",\"@id\":\"https:\/\/experienciadevida.com.ar\/portalurbano\/#\/schema\/person\/02dd326b1c4b056e9cc972486934a3a7\",\"name\":\"admpu17wp\",\"image\":{\"@type\":\"ImageObject\",\"inLanguage\":\"es\",\"@id\":\"https:\/\/experienciadevida.com.ar\/portalurbano\/#\/schema\/person\/image\/\",\"url\":\"https:\/\/secure.gravatar.com\/avatar\/830d4c57adaae6630765e449a6908047?s=96&d=mm&r=g\",\"contentUrl\":\"https:\/\/secure.gravatar.com\/avatar\/830d4c57adaae6630765e449a6908047?s=96&d=mm&r=g\",\"caption\":\"admpu17wp\"}}]}<\/script>\n<!-- \/ Yoast SEO plugin. -->","yoast_head_json":{"title":"Funcionarios municipales se reunieron con dirigentes de sociedades de fomento y juntas vecinales -","robots":{"index":"index","follow":"follow","max-snippet":"max-snippet:-1","max-image-preview":"max-image-preview:large","max-video-preview":"max-video-preview:-1"},"canonical":"https:\/\/experienciadevida.com.ar\/portalurbano\/funcionarios-municipales-se-reunieron-con-dirigentes-de-sociedades-de-fomento-y-juntas-vecinales\/","og_locale":"es_ES","og_type":"article","og_title":"Funcionarios municipales se reunieron con dirigentes de sociedades de fomento y juntas vecinales -","og_description":"Funcionarios municipales se reunieron con dirigentes de sociedades de fomento y juntas vecinales, el Secretario...","og_url":"https:\/\/experienciadevida.com.ar\/portalurbano\/funcionarios-municipales-se-reunieron-con-dirigentes-de-sociedades-de-fomento-y-juntas-vecinales\/","article_publisher":"https:\/\/www.facebook.com\/Portal-Urbano-171542830093757\/","article_published_time":"2022-05-14T13:51:33+00:00","article_modified_time":"2022-05-14T13:54:50+00:00","og_image":[{"width":1280,"height":702,"url":"https:\/\/experienciadevida.com.ar\/portalurbano\/wp-content\/uploads\/2022\/05\/Funcionarios-municipales-se-reunieron.jpeg","type":"image\/jpeg"}],"author":"admpu17wp","twitter_card":"summary_large_image","twitter_creator":"@portalurbanook","twitter_site":"@portalurbanook","twitter_misc":{"Escrito por":"admpu17wp","Tiempo de lectura":"2 minutos"},"schema":{"@context":"https:\/\/schema.org","@graph":[{"@type":"Article","@id":"https:\/\/experienciadevida.com.ar\/portalurbano\/funcionarios-municipales-se-reunieron-con-dirigentes-de-sociedades-de-fomento-y-juntas-vecinales\/#article","isPartOf":{"@id":"https:\/\/experienciadevida.com.ar\/portalurbano\/funcionarios-municipales-se-reunieron-con-dirigentes-de-sociedades-de-fomento-y-juntas-vecinales\/"},"author":{"name":"admpu17wp","@id":"https:\/\/experienciadevida.com.ar\/portalurbano\/#\/schema\/person\/02dd326b1c4b056e9cc972486934a3a7"},"headline":"Funcionarios municipales se reunieron con dirigentes de sociedades de fomento y juntas vecinales","datePublished":"2022-05-14T13:51:33+00:00","dateModified":"2022-05-14T13:54:50+00:00","mainEntityOfPage":{"@id":"https:\/\/experienciadevida.com.ar\/portalurbano\/funcionarios-municipales-se-reunieron-con-dirigentes-de-sociedades-de-fomento-y-juntas-vecinales\/"},"wordCount":299,"publisher":{"@id":"https:\/\/experienciadevida.com.ar\/portalurbano\/#organization"},"articleSection":["Ciudad","Destacadas"],"inLanguage":"es"},{"@type":"WebPage","@id":"https:\/\/experienciadevida.com.ar\/portalurbano\/funcionarios-municipales-se-reunieron-con-dirigentes-de-sociedades-de-fomento-y-juntas-vecinales\/","url":"https:\/\/experienciadevida.com.ar\/portalurbano\/funcionarios-municipales-se-reunieron-con-dirigentes-de-sociedades-de-fomento-y-juntas-vecinales\/","name":"Funcionarios municipales se reunieron con dirigentes de sociedades de fomento y juntas vecinales -","isPartOf":{"@id":"https:\/\/experienciadevida.com.ar\/portalurbano\/#website"},"datePublished":"2022-05-14T13:51:33+00:00","dateModified":"2022-05-14T13:54:50+00:00","breadcrumb":{"@id":"https:\/\/experienciadevida.com.ar\/portalurbano\/funcionarios-municipales-se-reunieron-con-dirigentes-de-sociedades-de-fomento-y-juntas-vecinales\/#breadcrumb"},"inLanguage":"es","potentialAction":[{"@type":"ReadAction","target":["https:\/\/experienciadevida.com.ar\/portalurbano\/funcionarios-municipales-se-reunieron-con-dirigentes-de-sociedades-de-fomento-y-juntas-vecinales\/"]}]},{"@type":"BreadcrumbList","@id":"https:\/\/experienciadevida.com.ar\/portalurbano\/funcionarios-municipales-se-reunieron-con-dirigentes-de-sociedades-de-fomento-y-juntas-vecinales\/#breadcrumb","itemListElement":[{"@type":"ListItem","position":1,"name":"Portada","item":"https:\/\/experienciadevida.com.ar\/portalurbano\/"},{"@type":"ListItem","position":2,"name":"Funcionarios municipales se reunieron con dirigentes de sociedades de fomento y juntas vecinales"}]},{"@type":"WebSite","@id":"https:\/\/experienciadevida.com.ar\/portalurbano\/#website","url":"https:\/\/experienciadevida.com.ar\/portalurbano\/","name":"","description":"","publisher":{"@id":"https:\/\/experienciadevida.com.ar\/portalurbano\/#organization"},"potentialAction":[{"@type":"SearchAction","target":{"@type":"EntryPoint","urlTemplate":"https:\/\/experienciadevida.com.ar\/portalurbano\/?s={search_term_string}"},"query-input":"required name=search_term_string"}],"inLanguage":"es"},{"@type":"Organization","@id":"https:\/\/experienciadevida.com.ar\/portalurbano\/#organization","name":"Portal Urbano","url":"https:\/\/experienciadevida.com.ar\/portalurbano\/","logo":{"@type":"ImageObject","inLanguage":"es","@id":"https:\/\/experienciadevida.com.ar\/portalurbano\/#\/schema\/logo\/image\/","url":"https:\/\/experienciadevida.com.ar\/portalurbano\/wp-content\/uploads\/2019\/09\/Logo-Original.png","contentUrl":"https:\/\/experienciadevida.com.ar\/portalurbano\/wp-content\/uploads\/2019\/09\/Logo-Original.png","width":2236,"height":1216,"caption":"Portal Urbano"},"image":{"@id":"https:\/\/experienciadevida.com.ar\/portalurbano\/#\/schema\/logo\/image\/"},"sameAs":["https:\/\/www.facebook.com\/Portal-Urbano-171542830093757\/","https:\/\/twitter.com\/portalurbanook","https:\/\/www.instagram.com\/_portalurbano\/","https:\/\/www.youtube.com\/channel\/UCXhagIfszH8KxFiOok79zbA?view_as=subscriber"]},{"@type":"Person","@id":"https:\/\/experienciadevida.com.ar\/portalurbano\/#\/schema\/person\/02dd326b1c4b056e9cc972486934a3a7","name":"admpu17wp","image":{"@type":"ImageObject","inLanguage":"es","@id":"https:\/\/experienciadevida.com.ar\/portalurbano\/#\/schema\/person\/image\/","url":"https:\/\/secure.gravatar.com\/avatar\/830d4c57adaae6630765e449a6908047?s=96&d=mm&r=g","contentUrl":"https:\/\/secure.gravatar.com\/avatar\/830d4c57adaae6630765e449a6908047?s=96&d=mm&r=g","caption":"admpu17wp"}}]}},"featured_image_urls":{"full":["https:\/\/experienciadevida.com.ar\/portalurbano\/wp-content\/uploads\/2022\/05\/Funcionarios-municipales-se-reunieron.jpeg",1280,702,false],"thumbnail":["https:\/\/experienciadevida.com.ar\/portalurbano\/wp-content\/uploads\/2022\/05\/Funcionarios-municipales-se-reunieron-150x150.jpeg",150,150,true],"medium":["https:\/\/experienciadevida.com.ar\/portalurbano\/wp-content\/uploads\/2022\/05\/Funcionarios-municipales-se-reunieron-300x165.jpeg",300,165,true],"medium_large":["https:\/\/experienciadevida.com.ar\/portalurbano\/wp-content\/uploads\/2022\/05\/Funcionarios-municipales-se-reunieron-768x421.jpeg",640,351,true],"large":["https:\/\/experienciadevida.com.ar\/portalurbano\/wp-content\/uploads\/2022\/05\/Funcionarios-municipales-se-reunieron-1024x562.jpeg",640,351,true],"ug_big":["https:\/\/experienciadevida.com.ar\/portalurbano\/wp-content\/uploads\/2022\/05\/Funcionarios-municipales-se-reunieron-768x421.jpeg",768,421,true],"1536x1536":["https:\/\/experienciadevida.com.ar\/portalurbano\/wp-content\/uploads\/2022\/05\/Funcionarios-municipales-se-reunieron.jpeg",1280,702,false],"2048x2048":["https:\/\/experienciadevida.com.ar\/portalurbano\/wp-content\/uploads\/2022\/05\/Funcionarios-municipales-se-reunieron.jpeg",1280,702,false],"newsever-slider-full":["https:\/\/experienciadevida.com.ar\/portalurbano\/wp-content\/uploads\/2022\/05\/Funcionarios-municipales-se-reunieron.jpeg",1280,702,false],"newsever-featured":["https:\/\/experienciadevida.com.ar\/portalurbano\/wp-content\/uploads\/2022\/05\/Funcionarios-municipales-se-reunieron.jpeg",1024,562,false],"newsever-medium":["https:\/\/experienciadevida.com.ar\/portalurbano\/wp-content\/uploads\/2022\/05\/Funcionarios-municipales-se-reunieron.jpeg",720,395,false],"web-stories-poster-portrait":["https:\/\/experienciadevida.com.ar\/portalurbano\/wp-content\/uploads\/2022\/05\/Funcionarios-municipales-se-reunieron.jpeg",640,351,false],"web-stories-publisher-logo":["https:\/\/experienciadevida.com.ar\/portalurbano\/wp-content\/uploads\/2022\/05\/Funcionarios-municipales-se-reunieron.jpeg",96,53,false],"web-stories-thumbnail":["https:\/\/experienciadevida.com.ar\/portalurbano\/wp-content\/uploads\/2022\/05\/Funcionarios-municipales-se-reunieron.jpeg",150,82,false]},"author_info":{"display_name":"admpu17wp","author_link":"https:\/\/experienciadevida.com.ar\/portalurbano\/author\/admpu17wp\/"},"category_info":"<a href=\"https:\/\/experienciadevida.com.ar\/portalurbano\/category\/ciudad\/\" rel=\"category tag\">Ciudad<\/a> <a href=\"https:\/\/experienciadevida.com.ar\/portalurbano\/category\/destacadas\/\" rel=\"category tag\">Destacadas<\/a>","tag_info":"Destacadas","comment_count":"0","amp_enabled":true,"_links":{"self":[{"href":"https:\/\/experienciadevida.com.ar\/portalurbano\/wp-json\/wp\/v2\/posts\/167699"}],"collection":[{"href":"https:\/\/experienciadevida.com.ar\/portalurbano\/wp-json\/wp\/v2\/posts"}],"about":[{"href":"https:\/\/experienciadevida.com.ar\/portalurbano\/wp-json\/wp\/v2\/types\/post"}],"author":[{"embeddable":true,"href":"https:\/\/experienciadevida.com.ar\/portalurbano\/wp-json\/wp\/v2\/users\/1"}],"replies":[{"embeddable":true,"href":"https:\/\/experienciadevida.com.ar\/portalurbano\/wp-json\/wp\/v2\/comments?post=167699"}],"version-history":[{"count":3,"href":"https:\/\/experienciadevida.com.ar\/portalurbano\/wp-json\/wp\/v2\/posts\/167699\/revisions"}],"predecessor-version":[{"id":167704,"href":"https:\/\/experienciadevida.com.ar\/portalurbano\/wp-json\/wp\/v2\/posts\/167699\/revisions\/167704"}],"wp:featuredmedia":[{"embeddable":true,"href":"https:\/\/experienciadevida.com.ar\/portalurbano\/wp-json\/wp\/v2\/media\/167700"}],"wp:attachment":[{"href":"https:\/\/experienciadevida.com.ar\/portalurbano\/wp-json\/wp\/v2\/media?parent=167699"}],"wp:term":[{"taxonomy":"category","embeddable":true,"href":"https:\/\/experienciadevida.com.ar\/portalurbano\/wp-json\/wp\/v2\/categories?post=167699"},{"taxonomy":"post_tag","embeddable":true,"href":"https:\/\/experienciadevida.com.ar\/portalurbano\/wp-json\/wp\/v2\/tags?post=167699"}],"curies":[{"name":"wp","href":"https:\/\/api.w.org\/{rel}","templated":true}]}}