{"id":167696,"date":"2022-05-14T10:49:00","date_gmt":"2022-05-14T13:49:00","guid":{"rendered":"https:\/\/experienciadevida.com.ar\/portalurbano\/?p=167696"},"modified":"2022-05-14T10:49:28","modified_gmt":"2022-05-14T13:49:28","slug":"el-cuidado-del-medio-ambiente-es-nuestro-compromiso","status":"publish","type":"post","link":"https:\/\/experienciadevida.com.ar\/portalurbano\/el-cuidado-del-medio-ambiente-es-nuestro-compromiso\/","title":{"rendered":"&#8220;El cuidado del medio ambiente es nuestro compromiso&#8221;"},"content":{"rendered":"<p>&#8220;El cuidado del medio ambiente es nuestro compromiso&#8221;, as\u00ed lo mencionaron desde Coopelectric en un comunicado.<\/p>\n<p>En su art\u00edculo dos, la Ley Provincial 5965 de protecci\u00f3n a las fuentes de provisi\u00f3n y a los cursos y cuerpos receptores de agua y a la atm\u00f3sfera, establece:<\/p>\n<p>\u201cProh\u00edbese a las reparticiones del Estado, entidades p\u00fablicas y privadas y a los particulares, el env\u00edo de efluentes residuales s\u00f3lidos, l\u00edquidos o gaseosos, de cualquier origen, a la atm\u00f3sfera, a canalizaciones, acequias, arroyos, riachos, r\u00edos y a toda otra fuente, cursos o cuerpo receptor de agua, superficial o subterr\u00e1neo, que signifique una degradaci\u00f3n o desmedro del aire o de las aguas de la provincia, sin previo tratamiento de depuraci\u00f3n o neutralizaci\u00f3n que los convierta en inocuos e inofensivos para la salud de la poblaci\u00f3n o que impida su efecto pernicioso en la atm\u00f3sfera y la contaminaci\u00f3n, perjuicios y obstrucciones en las fuentes, cursos o<br \/>\ncuerpos de agua.<\/p>\n<p>De acuerdo a la Pol\u00edtica Ambiental de Coopelectric y a la normativa vigente, en la Planta de Tratamiento de L\u00edquidos cloacales ubicada en Rivadavia y Calle 130 se realizan estudios fisicoqu\u00edmicos de diversos par\u00e1metros en forma mensual o bimensual. Estas muestras son analizadas en un Laboratorio de la ciudad de Tandil y los resultados obtenidos en el \u00faltimo control indican que luego de atravesar las diferentes etapas del proceso de depuraci\u00f3n, el l\u00edquido tratado cumple con los par\u00e1metros exigidos por la Ley. Provincial 5965 y la Res. 336\/2003, encontr\u00e1ndose en \u00f3ptimas condiciones para ser vertido al arroyo Tapalqu\u00e9.<\/p>\n<p>&#8220;El cuidado del medio ambiente es nuestro compromiso&#8221;, los an\u00e1lisis de las muestras tomadas el d\u00eda 20 de abril de 2022 arrojaron como resultado los siguientes valores:<\/p>\n<p>Sulfuros en Agua: La presencia de sulfuros en aguas residuales proviene en gran parte de la descomposici\u00f3n de la materia org\u00e1nica. La Ley exige un valor menor a 1 mg\/l y en Olavarr\u00eda es menor de 0,5 mg\/l.<\/p>\n<p>&#8211; Soluciones solubles en \u00e9ter et\u00edlico: Se analiza la presencia de grasa o aceites. Seg\u00fan lo normado debe ser menor a 50 mg\/l y en Olavarr\u00eda es de 5 mg\/l.-<\/p>\n<p>&#8211; S\u00f3lidos sedimentables en agua: Se trata de un m\u00e9todo volum\u00e9trico realizado en un cono de Imhoff y permite observar la cantidad de part\u00edculas sedimentadas por decantaci\u00f3n en 10 minutos y en dos horas. El valor admitido<br \/>\nes de 1 ml\/l y aqu\u00ed es 0,1 ml\/l (10 min) y 0,5 ml\/l (2 hs).<\/p>\n<p>&#8211; PH: Es una variable qu\u00edmica que permite medir la acidez o alcalinidad de una soluci\u00f3n o sustancia. Seg\u00fan la Ley puede oscilar entre 6,5 y 10, mientras que en Olavarr\u00eda es de 7,80.<\/p>\n<p>&#8211; Demanda Qu\u00edmica de Ox\u00edgeno (DBO): Mide la cantidad de Ox\u00edgeno que los microorganismos consumen durante la degradaci\u00f3n de las sustancias org\u00e1nicas contenidas en la muestra. Es un par\u00e1metro fundamental para determinar la<br \/>\ncontaminaci\u00f3n del agua. La Ley exige un valor menor a 50 mg\/l y aqu\u00ed es de 20\/mg\/l.<\/p>\n<p>&#8211; Demanda Qu\u00edmica de Ox\u00edgeno (DQO): Mide la cantidad de sustancias susceptibles de ser oxidadas por medios qu\u00edmicos que hay disueltas o en suspensi\u00f3n en una muestra l\u00edquida. El valor admitido debe ser menor a 250<br \/>\nmg\/l y en Olavarr\u00eda es de 56 mg\/l.<\/p>\n<p>Al igual que en estudios anteriores, los valores obtenidos se encuentran por debajo de los l\u00edmites exigidos en la Ley Provincial, por lo que el l\u00edquido tratado es vertido al Arroyo Tapalqu\u00e9 sin generar perjuicios al medio<br \/>\nambiente.<\/p>\n<p>En referencia al resultado de los an\u00e1lisis, el presidente del Consejo de Administraci\u00f3n Cruz Arouxet manifest\u00f3 \u201cel cuidado del medio ambiente es nuestro compromiso, al igual que cada asociado somos olavarrienses y como tal gestionamos con responsabilidad para cuidar y preservar los recursos naturales de nuestra ciudad\u201d.<\/p>\n<p>Proceso en la planta depuradora:<\/p>\n<p>&#8220;El cuidado del medio ambiente es nuestro compromiso&#8221;, el l\u00edquido que ingresa a la Planta, a trav\u00e9s de las ca\u00f1er\u00edas del sistema de cloacas o de los camiones atmosf\u00e9ricos producto de la recolecci\u00f3n del l\u00edquido cloacal de pozos absorbentes en zonas que no cuentan con servicio cloacal, atraviesa un tratamiento primario que comprende la remoci\u00f3n de los s\u00f3lidos m\u00e1s gruesos y luego la sedimentaci\u00f3n de los s\u00f3lidos m\u00e1s finos con el prop\u00f3sito de obtener un l\u00edquido homog\u00e9neo capaz de ser tratado biol\u00f3gicamente y un barro que se trata de forma separada.<\/p>\n<p>A continuaci\u00f3n, el l\u00edquido avanza hacia un procedimiento basado en el tratamiento biol\u00f3gico de la materia org\u00e1nica disuelta presente en el agua residual. Para ello se utilizan los lechos percoladores y posteriormente llegan las etapas de sedimentaci\u00f3n secundaria, desinfecci\u00f3n y por \u00faltimo la cloraci\u00f3n antes de ser vertido al Arroyo.<\/p>\n<p>Obras destacadas:<\/p>\n<p>En pos de cuidar el medio ambiente, en el a\u00f1o 2001 se ampli\u00f3 y optimiz\u00f3 la Planta Depuradora aumentando su capacidad de 250m3\/h a 750 m3\/h, para realizar el tratamiento del 100% de los l\u00edquidos cloacales generados por los<br \/>\nolavarrienses, ya que hasta ese momento s\u00f3lo se depuraba un tercio de los mismos.<\/p>\n<p>Entre las obras destacadas de los \u00faltimos a\u00f1os se puede se\u00f1alar la construcci\u00f3n de un nuevo emisario final paralelo al existente: se trata de un ca\u00f1o colector desde la Planta Depuradora hasta el Arroyo para evacuar mayor cantidad de l\u00edquido. Tambi\u00e9n se reemplazaron los equipos de la sala de bombas de la Planta y se ampli\u00f3 la estaci\u00f3n de cloraci\u00f3n con la mirada puesta en la proyecci\u00f3n de una tercera l\u00ednea de tratamiento de l\u00edquidos cloacales para acompa\u00f1ar en el futuro la ampliaci\u00f3n de las redes de cloacas en la ciudad.<\/p>\n","protected":false},"excerpt":{"rendered":"<p>&#8220;El cuidado del medio ambiente es nuestro compromiso&#8221;, as\u00ed lo mencionaron desde Coopelectric en un&#8230;<\/p>\n","protected":false},"author":1,"featured_media":167697,"comment_status":"closed","ping_status":"closed","sticky":false,"template":"","format":"standard","meta":{"content-type":""},"categories":[27],"tags":[],"nelio_content":{"isAutoShareEnabled":false,"autoShareEndMode":"default","automationSources":{"useContentSentences":true,"useSocialTemplates":true,"useCustomSentences":false,"customSentences":[]},"followers":[1],"suggestedReferences":[],"includedReferences":[],"efiUrl":"","efiAlt":"","highlights":[]},"yoast_head":"<!-- This site is optimized with the Yoast SEO plugin v20.7 - https:\/\/yoast.com\/wordpress\/plugins\/seo\/ -->\n<title>&quot;El cuidado del medio ambiente es nuestro compromiso&quot;<\/title>\n<meta name=\"description\" content=\"&quot;El cuidado del medio ambiente es nuestro compromiso&quot;, as\u00ed lo mencionaron desde Coopelectric en un comunicado este sabado\" \/>\n<meta name=\"robots\" content=\"index, follow, max-snippet:-1, max-image-preview:large, max-video-preview:-1\" \/>\n<link rel=\"canonical\" href=\"https:\/\/experienciadevida.com.ar\/portalurbano\/el-cuidado-del-medio-ambiente-es-nuestro-compromiso\/\" \/>\n<meta property=\"og:locale\" content=\"es_ES\" \/>\n<meta property=\"og:type\" content=\"article\" \/>\n<meta property=\"og:title\" content=\"&quot;El cuidado del medio ambiente es nuestro compromiso&quot;\" \/>\n<meta property=\"og:description\" content=\"&quot;El cuidado del medio ambiente es nuestro compromiso&quot;, as\u00ed lo mencionaron desde Coopelectric en un comunicado este sabado\" \/>\n<meta property=\"og:url\" content=\"https:\/\/experienciadevida.com.ar\/portalurbano\/el-cuidado-del-medio-ambiente-es-nuestro-compromiso\/\" \/>\n<meta property=\"article:publisher\" content=\"https:\/\/www.facebook.com\/Portal-Urbano-171542830093757\/\" \/>\n<meta property=\"article:published_time\" content=\"2022-05-14T13:49:00+00:00\" \/>\n<meta property=\"article:modified_time\" content=\"2022-05-14T13:49:28+00:00\" \/>\n<meta property=\"og:image\" content=\"https:\/\/experienciadevida.com.ar\/portalurbano\/wp-content\/uploads\/2022\/05\/El-cuidado-del-medio.jpg\" \/>\n\t<meta property=\"og:image:width\" content=\"1024\" \/>\n\t<meta property=\"og:image:height\" content=\"768\" \/>\n\t<meta property=\"og:image:type\" content=\"image\/jpeg\" \/>\n<meta name=\"author\" content=\"admpu17wp\" \/>\n<meta name=\"twitter:card\" content=\"summary_large_image\" \/>\n<meta name=\"twitter:creator\" content=\"@portalurbanook\" \/>\n<meta name=\"twitter:site\" content=\"@portalurbanook\" \/>\n<meta name=\"twitter:label1\" content=\"Escrito por\" \/>\n\t<meta name=\"twitter:data1\" content=\"admpu17wp\" \/>\n\t<meta name=\"twitter:label2\" content=\"Tiempo de lectura\" \/>\n\t<meta name=\"twitter:data2\" content=\"5 minutos\" \/>\n<script type=\"application\/ld+json\" class=\"yoast-schema-graph\">{\"@context\":\"https:\/\/schema.org\",\"@graph\":[{\"@type\":\"Article\",\"@id\":\"https:\/\/experienciadevida.com.ar\/portalurbano\/el-cuidado-del-medio-ambiente-es-nuestro-compromiso\/#article\",\"isPartOf\":{\"@id\":\"https:\/\/experienciadevida.com.ar\/portalurbano\/el-cuidado-del-medio-ambiente-es-nuestro-compromiso\/\"},\"author\":{\"name\":\"admpu17wp\",\"@id\":\"https:\/\/experienciadevida.com.ar\/portalurbano\/#\/schema\/person\/02dd326b1c4b056e9cc972486934a3a7\"},\"headline\":\"&#8220;El cuidado del medio ambiente es nuestro compromiso&#8221;\",\"datePublished\":\"2022-05-14T13:49:00+00:00\",\"dateModified\":\"2022-05-14T13:49:28+00:00\",\"mainEntityOfPage\":{\"@id\":\"https:\/\/experienciadevida.com.ar\/portalurbano\/el-cuidado-del-medio-ambiente-es-nuestro-compromiso\/\"},\"wordCount\":1000,\"publisher\":{\"@id\":\"https:\/\/experienciadevida.com.ar\/portalurbano\/#organization\"},\"articleSection\":[\"Ciudad\"],\"inLanguage\":\"es\"},{\"@type\":\"WebPage\",\"@id\":\"https:\/\/experienciadevida.com.ar\/portalurbano\/el-cuidado-del-medio-ambiente-es-nuestro-compromiso\/\",\"url\":\"https:\/\/experienciadevida.com.ar\/portalurbano\/el-cuidado-del-medio-ambiente-es-nuestro-compromiso\/\",\"name\":\"\\\"El cuidado del medio ambiente es nuestro compromiso\\\"\",\"isPartOf\":{\"@id\":\"https:\/\/experienciadevida.com.ar\/portalurbano\/#website\"},\"datePublished\":\"2022-05-14T13:49:00+00:00\",\"dateModified\":\"2022-05-14T13:49:28+00:00\",\"description\":\"\\\"El cuidado del medio ambiente es nuestro compromiso\\\", as\u00ed lo mencionaron desde Coopelectric en un comunicado este sabado\",\"breadcrumb\":{\"@id\":\"https:\/\/experienciadevida.com.ar\/portalurbano\/el-cuidado-del-medio-ambiente-es-nuestro-compromiso\/#breadcrumb\"},\"inLanguage\":\"es\",\"potentialAction\":[{\"@type\":\"ReadAction\",\"target\":[\"https:\/\/experienciadevida.com.ar\/portalurbano\/el-cuidado-del-medio-ambiente-es-nuestro-compromiso\/\"]}]},{\"@type\":\"BreadcrumbList\",\"@id\":\"https:\/\/experienciadevida.com.ar\/portalurbano\/el-cuidado-del-medio-ambiente-es-nuestro-compromiso\/#breadcrumb\",\"itemListElement\":[{\"@type\":\"ListItem\",\"position\":1,\"name\":\"Portada\",\"item\":\"https:\/\/experienciadevida.com.ar\/portalurbano\/\"},{\"@type\":\"ListItem\",\"position\":2,\"name\":\"\u00abEl cuidado del medio ambiente es nuestro compromiso\u00bb\"}]},{\"@type\":\"WebSite\",\"@id\":\"https:\/\/experienciadevida.com.ar\/portalurbano\/#website\",\"url\":\"https:\/\/experienciadevida.com.ar\/portalurbano\/\",\"name\":\"\",\"description\":\"\",\"publisher\":{\"@id\":\"https:\/\/experienciadevida.com.ar\/portalurbano\/#organization\"},\"potentialAction\":[{\"@type\":\"SearchAction\",\"target\":{\"@type\":\"EntryPoint\",\"urlTemplate\":\"https:\/\/experienciadevida.com.ar\/portalurbano\/?s={search_term_string}\"},\"query-input\":\"required name=search_term_string\"}],\"inLanguage\":\"es\"},{\"@type\":\"Organization\",\"@id\":\"https:\/\/experienciadevida.com.ar\/portalurbano\/#organization\",\"name\":\"Portal Urbano\",\"url\":\"https:\/\/experienciadevida.com.ar\/portalurbano\/\",\"logo\":{\"@type\":\"ImageObject\",\"inLanguage\":\"es\",\"@id\":\"https:\/\/experienciadevida.com.ar\/portalurbano\/#\/schema\/logo\/image\/\",\"url\":\"https:\/\/experienciadevida.com.ar\/portalurbano\/wp-content\/uploads\/2019\/09\/Logo-Original.png\",\"contentUrl\":\"https:\/\/experienciadevida.com.ar\/portalurbano\/wp-content\/uploads\/2019\/09\/Logo-Original.png\",\"width\":2236,\"height\":1216,\"caption\":\"Portal Urbano\"},\"image\":{\"@id\":\"https:\/\/experienciadevida.com.ar\/portalurbano\/#\/schema\/logo\/image\/\"},\"sameAs\":[\"https:\/\/www.facebook.com\/Portal-Urbano-171542830093757\/\",\"https:\/\/twitter.com\/portalurbanook\",\"https:\/\/www.instagram.com\/_portalurbano\/\",\"https:\/\/www.youtube.com\/channel\/UCXhagIfszH8KxFiOok79zbA?view_as=subscriber\"]},{\"@type\":\"Person\",\"@id\":\"https:\/\/experienciadevida.com.ar\/portalurbano\/#\/schema\/person\/02dd326b1c4b056e9cc972486934a3a7\",\"name\":\"admpu17wp\",\"image\":{\"@type\":\"ImageObject\",\"inLanguage\":\"es\",\"@id\":\"https:\/\/experienciadevida.com.ar\/portalurbano\/#\/schema\/person\/image\/\",\"url\":\"https:\/\/secure.gravatar.com\/avatar\/830d4c57adaae6630765e449a6908047?s=96&d=mm&r=g\",\"contentUrl\":\"https:\/\/secure.gravatar.com\/avatar\/830d4c57adaae6630765e449a6908047?s=96&d=mm&r=g\",\"caption\":\"admpu17wp\"}}]}<\/script>\n<!-- \/ Yoast SEO plugin. -->","yoast_head_json":{"title":"\"El cuidado del medio ambiente es nuestro compromiso\"","description":"\"El cuidado del medio ambiente es nuestro compromiso\", as\u00ed lo mencionaron desde Coopelectric en un comunicado este sabado","robots":{"index":"index","follow":"follow","max-snippet":"max-snippet:-1","max-image-preview":"max-image-preview:large","max-video-preview":"max-video-preview:-1"},"canonical":"https:\/\/experienciadevida.com.ar\/portalurbano\/el-cuidado-del-medio-ambiente-es-nuestro-compromiso\/","og_locale":"es_ES","og_type":"article","og_title":"\"El cuidado del medio ambiente es nuestro compromiso\"","og_description":"\"El cuidado del medio ambiente es nuestro compromiso\", as\u00ed lo mencionaron desde Coopelectric en un comunicado este sabado","og_url":"https:\/\/experienciadevida.com.ar\/portalurbano\/el-cuidado-del-medio-ambiente-es-nuestro-compromiso\/","article_publisher":"https:\/\/www.facebook.com\/Portal-Urbano-171542830093757\/","article_published_time":"2022-05-14T13:49:00+00:00","article_modified_time":"2022-05-14T13:49:28+00:00","og_image":[{"width":1024,"height":768,"url":"https:\/\/experienciadevida.com.ar\/portalurbano\/wp-content\/uploads\/2022\/05\/El-cuidado-del-medio.jpg","type":"image\/jpeg"}],"author":"admpu17wp","twitter_card":"summary_large_image","twitter_creator":"@portalurbanook","twitter_site":"@portalurbanook","twitter_misc":{"Escrito por":"admpu17wp","Tiempo de lectura":"5 minutos"},"schema":{"@context":"https:\/\/schema.org","@graph":[{"@type":"Article","@id":"https:\/\/experienciadevida.com.ar\/portalurbano\/el-cuidado-del-medio-ambiente-es-nuestro-compromiso\/#article","isPartOf":{"@id":"https:\/\/experienciadevida.com.ar\/portalurbano\/el-cuidado-del-medio-ambiente-es-nuestro-compromiso\/"},"author":{"name":"admpu17wp","@id":"https:\/\/experienciadevida.com.ar\/portalurbano\/#\/schema\/person\/02dd326b1c4b056e9cc972486934a3a7"},"headline":"&#8220;El cuidado del medio ambiente es nuestro compromiso&#8221;","datePublished":"2022-05-14T13:49:00+00:00","dateModified":"2022-05-14T13:49:28+00:00","mainEntityOfPage":{"@id":"https:\/\/experienciadevida.com.ar\/portalurbano\/el-cuidado-del-medio-ambiente-es-nuestro-compromiso\/"},"wordCount":1000,"publisher":{"@id":"https:\/\/experienciadevida.com.ar\/portalurbano\/#organization"},"articleSection":["Ciudad"],"inLanguage":"es"},{"@type":"WebPage","@id":"https:\/\/experienciadevida.com.ar\/portalurbano\/el-cuidado-del-medio-ambiente-es-nuestro-compromiso\/","url":"https:\/\/experienciadevida.com.ar\/portalurbano\/el-cuidado-del-medio-ambiente-es-nuestro-compromiso\/","name":"\"El cuidado del medio ambiente es nuestro compromiso\"","isPartOf":{"@id":"https:\/\/experienciadevida.com.ar\/portalurbano\/#website"},"datePublished":"2022-05-14T13:49:00+00:00","dateModified":"2022-05-14T13:49:28+00:00","description":"\"El cuidado del medio ambiente es nuestro compromiso\", as\u00ed lo mencionaron desde Coopelectric en un comunicado este sabado","breadcrumb":{"@id":"https:\/\/experienciadevida.com.ar\/portalurbano\/el-cuidado-del-medio-ambiente-es-nuestro-compromiso\/#breadcrumb"},"inLanguage":"es","potentialAction":[{"@type":"ReadAction","target":["https:\/\/experienciadevida.com.ar\/portalurbano\/el-cuidado-del-medio-ambiente-es-nuestro-compromiso\/"]}]},{"@type":"BreadcrumbList","@id":"https:\/\/experienciadevida.com.ar\/portalurbano\/el-cuidado-del-medio-ambiente-es-nuestro-compromiso\/#breadcrumb","itemListElement":[{"@type":"ListItem","position":1,"name":"Portada","item":"https:\/\/experienciadevida.com.ar\/portalurbano\/"},{"@type":"ListItem","position":2,"name":"\u00abEl cuidado del medio ambiente es nuestro compromiso\u00bb"}]},{"@type":"WebSite","@id":"https:\/\/experienciadevida.com.ar\/portalurbano\/#website","url":"https:\/\/experienciadevida.com.ar\/portalurbano\/","name":"","description":"","publisher":{"@id":"https:\/\/experienciadevida.com.ar\/portalurbano\/#organization"},"potentialAction":[{"@type":"SearchAction","target":{"@type":"EntryPoint","urlTemplate":"https:\/\/experienciadevida.com.ar\/portalurbano\/?s={search_term_string}"},"query-input":"required name=search_term_string"}],"inLanguage":"es"},{"@type":"Organization","@id":"https:\/\/experienciadevida.com.ar\/portalurbano\/#organization","name":"Portal Urbano","url":"https:\/\/experienciadevida.com.ar\/portalurbano\/","logo":{"@type":"ImageObject","inLanguage":"es","@id":"https:\/\/experienciadevida.com.ar\/portalurbano\/#\/schema\/logo\/image\/","url":"https:\/\/experienciadevida.com.ar\/portalurbano\/wp-content\/uploads\/2019\/09\/Logo-Original.png","contentUrl":"https:\/\/experienciadevida.com.ar\/portalurbano\/wp-content\/uploads\/2019\/09\/Logo-Original.png","width":2236,"height":1216,"caption":"Portal Urbano"},"image":{"@id":"https:\/\/experienciadevida.com.ar\/portalurbano\/#\/schema\/logo\/image\/"},"sameAs":["https:\/\/www.facebook.com\/Portal-Urbano-171542830093757\/","https:\/\/twitter.com\/portalurbanook","https:\/\/www.instagram.com\/_portalurbano\/","https:\/\/www.youtube.com\/channel\/UCXhagIfszH8KxFiOok79zbA?view_as=subscriber"]},{"@type":"Person","@id":"https:\/\/experienciadevida.com.ar\/portalurbano\/#\/schema\/person\/02dd326b1c4b056e9cc972486934a3a7","name":"admpu17wp","image":{"@type":"ImageObject","inLanguage":"es","@id":"https:\/\/experienciadevida.com.ar\/portalurbano\/#\/schema\/person\/image\/","url":"https:\/\/secure.gravatar.com\/avatar\/830d4c57adaae6630765e449a6908047?s=96&d=mm&r=g","contentUrl":"https:\/\/secure.gravatar.com\/avatar\/830d4c57adaae6630765e449a6908047?s=96&d=mm&r=g","caption":"admpu17wp"}}]}},"featured_image_urls":{"full":["https:\/\/experienciadevida.com.ar\/portalurbano\/wp-content\/uploads\/2022\/05\/El-cuidado-del-medio.jpg",1024,768,false],"thumbnail":["https:\/\/experienciadevida.com.ar\/portalurbano\/wp-content\/uploads\/2022\/05\/El-cuidado-del-medio-150x150.jpg",150,150,true],"medium":["https:\/\/experienciadevida.com.ar\/portalurbano\/wp-content\/uploads\/2022\/05\/El-cuidado-del-medio-300x225.jpg",300,225,true],"medium_large":["https:\/\/experienciadevida.com.ar\/portalurbano\/wp-content\/uploads\/2022\/05\/El-cuidado-del-medio-768x576.jpg",640,480,true],"large":["https:\/\/experienciadevida.com.ar\/portalurbano\/wp-content\/uploads\/2022\/05\/El-cuidado-del-medio.jpg",640,480,false],"ug_big":["https:\/\/experienciadevida.com.ar\/portalurbano\/wp-content\/uploads\/2022\/05\/El-cuidado-del-medio-768x576.jpg",768,576,true],"1536x1536":["https:\/\/experienciadevida.com.ar\/portalurbano\/wp-content\/uploads\/2022\/05\/El-cuidado-del-medio.jpg",1024,768,false],"2048x2048":["https:\/\/experienciadevida.com.ar\/portalurbano\/wp-content\/uploads\/2022\/05\/El-cuidado-del-medio.jpg",1024,768,false],"newsever-slider-full":["https:\/\/experienciadevida.com.ar\/portalurbano\/wp-content\/uploads\/2022\/05\/El-cuidado-del-medio.jpg",1024,768,false],"newsever-featured":["https:\/\/experienciadevida.com.ar\/portalurbano\/wp-content\/uploads\/2022\/05\/El-cuidado-del-medio.jpg",1024,768,false],"newsever-medium":["https:\/\/experienciadevida.com.ar\/portalurbano\/wp-content\/uploads\/2022\/05\/El-cuidado-del-medio.jpg",633,475,false],"web-stories-poster-portrait":["https:\/\/experienciadevida.com.ar\/portalurbano\/wp-content\/uploads\/2022\/05\/El-cuidado-del-medio.jpg",640,480,false],"web-stories-publisher-logo":["https:\/\/experienciadevida.com.ar\/portalurbano\/wp-content\/uploads\/2022\/05\/El-cuidado-del-medio.jpg",96,72,false],"web-stories-thumbnail":["https:\/\/experienciadevida.com.ar\/portalurbano\/wp-content\/uploads\/2022\/05\/El-cuidado-del-medio.jpg",150,113,false]},"author_info":{"display_name":"admpu17wp","author_link":"https:\/\/experienciadevida.com.ar\/portalurbano\/author\/admpu17wp\/"},"category_info":"<a href=\"https:\/\/experienciadevida.com.ar\/portalurbano\/category\/ciudad\/\" rel=\"category tag\">Ciudad<\/a>","tag_info":"Ciudad","comment_count":"0","amp_enabled":true,"_links":{"self":[{"href":"https:\/\/experienciadevida.com.ar\/portalurbano\/wp-json\/wp\/v2\/posts\/167696"}],"collection":[{"href":"https:\/\/experienciadevida.com.ar\/portalurbano\/wp-json\/wp\/v2\/posts"}],"about":[{"href":"https:\/\/experienciadevida.com.ar\/portalurbano\/wp-json\/wp\/v2\/types\/post"}],"author":[{"embeddable":true,"href":"https:\/\/experienciadevida.com.ar\/portalurbano\/wp-json\/wp\/v2\/users\/1"}],"replies":[{"embeddable":true,"href":"https:\/\/experienciadevida.com.ar\/portalurbano\/wp-json\/wp\/v2\/comments?post=167696"}],"version-history":[{"count":1,"href":"https:\/\/experienciadevida.com.ar\/portalurbano\/wp-json\/wp\/v2\/posts\/167696\/revisions"}],"predecessor-version":[{"id":167698,"href":"https:\/\/experienciadevida.com.ar\/portalurbano\/wp-json\/wp\/v2\/posts\/167696\/revisions\/167698"}],"wp:featuredmedia":[{"embeddable":true,"href":"https:\/\/experienciadevida.com.ar\/portalurbano\/wp-json\/wp\/v2\/media\/167697"}],"wp:attachment":[{"href":"https:\/\/experienciadevida.com.ar\/portalurbano\/wp-json\/wp\/v2\/media?parent=167696"}],"wp:term":[{"taxonomy":"category","embeddable":true,"href":"https:\/\/experienciadevida.com.ar\/portalurbano\/wp-json\/wp\/v2\/categories?post=167696"},{"taxonomy":"post_tag","embeddable":true,"href":"https:\/\/experienciadevida.com.ar\/portalurbano\/wp-json\/wp\/v2\/tags?post=167696"}],"curies":[{"name":"wp","href":"https:\/\/api.w.org\/{rel}","templated":true}]}}