{"id":167685,"date":"2022-05-14T10:28:37","date_gmt":"2022-05-14T13:28:37","guid":{"rendered":"https:\/\/experienciadevida.com.ar\/portalurbano\/?p=167685"},"modified":"2022-05-14T10:31:37","modified_gmt":"2022-05-14T13:31:37","slug":"nineces-protegidas-el-dispositivo-de-guardia-de-urgencias-del-servicio-local","status":"publish","type":"post","link":"https:\/\/experienciadevida.com.ar\/portalurbano\/nineces-protegidas-el-dispositivo-de-guardia-de-urgencias-del-servicio-local\/","title":{"rendered":"Ni\u00f1eces protegidas: el dispositivo de Guardia de urgencias del Servicio Local"},"content":{"rendered":"<p>Ni\u00f1eces protegidas: el dispositivo de Guardia de urgencias del Servicio Local, el servicio local es un organismo <a href=\"https:\/\/www.facebook.com\/municipiodeolavarria\">municipal<\/a> que se ocupa de promover y proteger los derechos en materia de ni\u00f1eces y adolescencias mediante la implementaci\u00f3n del trabajo en red con diversas instituciones.<\/p>\n<p>Cuenta con un equipo de profesionales de distintas disciplinas que trabaja articuladamente con las familias, instituciones de la sociedad civil y organismos estatales para acompa\u00f1ar el proceso de reparaci\u00f3n de derechos vulnerados y fortalecer la construcci\u00f3n de proyectos de vida saludables junto a las familias e instituciones vinculadas.<\/p>\n<p>Guardia de urgencias: protecci\u00f3n las 24 Hs<\/p>\n<p>El organismo cuenta con un tel\u00e9fono de guardia de urgencias (2284-544810) que funciona las 24 Hs. de los 365 d\u00edas del a\u00f1o. Hay un equipo interdisciplinario de soporte preparado para actuar en situaciones de urgencia que involucren la vulneraci\u00f3n de derechos de ni\u00f1os, ni\u00f1as y adolescentes, y gestionar de manera inmediata la protecci\u00f3n y restituci\u00f3n de estos derechos mediante la articulaci\u00f3n con otros organismos que integran el sistema de protecci\u00f3n, coordinando con otros efectores acciones en conjunto en corresponsabilidad.<\/p>\n<p>\u00bfC\u00f3mo funciona la Guardia?<\/p>\n<p>Ni\u00f1eces protegidas, el dispositivo funciona con operadores, referentes de guardia, y profesionales de la Psicolog\u00eda, Trabajo Social y Abogac\u00eda, que van rotando seg\u00fan su turno.<\/p>\n<p>Coordina comunicaci\u00f3n sostenida con la L\u00ednea provincial 102 de atenci\u00f3n gratuita en materia de ni\u00f1ez y adolescencia, y la L\u00ednea 144 para atenci\u00f3n y prevenci\u00f3n de la violencia de g\u00e9nero; ambas disponibles los 365 d\u00edas del a\u00f1o, las 24 hs.<\/p>\n<p>Adem\u00e1s, articula con otros organismos permanentemente, como Educaci\u00f3n, \u00e1mbito que detecta en sus cotidianidades diversas situaciones de vulneraci\u00f3n de derechos, como abuso sexual en la infancia, violencia y maltrato; desde Salud pueden recibir llamados por alg\u00fan ingreso en el Hospital que amerite la intervenci\u00f3n urgente para resguardo y protecci\u00f3n; desde la Comisar\u00eda, por alguna demanda espont\u00e1nea de personas que acuden a dicha dependencia policial para manifestar situaciones de riesgo de ni\u00f1os, ni\u00f1as o adolescentes, en virtud de lo cual se articula directamente con la fuerza p\u00fablica.<\/p>\n<p>El llamado ante la emergencia<\/p>\n<p>La subsecretaria de Derechos, Igualdad y Oportunidades, Valeria Chiramberro, brind\u00f3 detalles del dispositivo, y de las complejidades que lo atraviesan permanentemente. \u201cRecibimos llamados desde diversos lugares, y a partir de ese momento, realizamos una primera articulaci\u00f3n de abordaje de la situaci\u00f3n, que en muchas ocasiones es extrema, y amerita intervenciones urgentes para proceder el resguardo integral del ni\u00f1o, ni\u00f1a o adolescente\u201d, detall\u00f3.<\/p>\n<p>Ni\u00f1eces protegidas, Las personas que se contactan pueden ser familiares, referentes institucionales, o vecinos planteando alguna situaci\u00f3n de preocupaci\u00f3n.<\/p>\n<p>\u201cUna vez que el equipo de Guardia atiende el llamado, hacemos un primer diagn\u00f3stico en base al relato recibido, y evaluamos el riesgo de ese ni\u00f1o, ni\u00f1a o adolescente en la vulneraci\u00f3n de sus derechos, y gestionamos las posteriores intervenciones, que pueden ser de emergencia, lo cual implica rapidez, operatividad y coordinaci\u00f3n inmediata con organismos involucrados, o la atenci\u00f3n a la brevedad en la sede al d\u00eda siguiente\u201d, sostuvo.<\/p>\n<p>Evaluaci\u00f3n del riesgo y planificaci\u00f3n de intervenciones<\/p>\n<p>Ni\u00f1eces protegidas, Despu\u00e9s del llamado, cuando se act\u00faa en la emergencia, la situaci\u00f3n pasa al equipo de profesionales del Servicio, que eval\u00faan c\u00f3mo continuar a trav\u00e9s del armado de estrategias e intervenciones de acuerdo a la situaci\u00f3n particular.<\/p>\n<p>\u201cSi el ni\u00f1o, ni\u00f1a o adolescente cuenta con familiares o referentes afectivos que pueden ofrecer resguardo, no es necesario que la Guardia accione de manera urgente y se coordina encuentro en sede para otro d\u00eda. Pero en situaciones extremas y graves, amerita que el equipo se acerque a hacer la evaluaci\u00f3n en el momento y analizar la situaci\u00f3n en contexto para asegurar su resguardo urgente y articular intervenciones en el momento en corresponsabilidad con otras organizaciones\u201d, expres\u00f3 la subsecretaria.<\/p>\n<p>Trabajo en red<\/p>\n<p>Ni\u00f1eces protegidas, La gesti\u00f3n de las diversas estrategias que implementan, no s\u00f3lo en el abordaje de la urgencia, sino en las cotidianidades, forma parte de una red de trabajo con todos los organismos que componen el circuito de atenci\u00f3n en materia de ni\u00f1ez y adolescencia.<\/p>\n<p>En este sentido, la perspectiva de derechos implica considerar las situaciones de manera integral, y abordar no s\u00f3lo cuestiones b\u00e1sicas como la salud, educaci\u00f3n, vivienda, vestimenta y alimentaci\u00f3n, sino tambi\u00e9n aspectos b\u00e1sicos de la crianza que tienen que ver con lo vincular y lo afectivo para el desarrollo saludable de ni\u00f1os, ni\u00f1as y adolescentes.<\/p>\n<p>Y all\u00ed radica la importancia de la red de trabajo en corresponsabilidad con los organismos del sistema de protecci\u00f3n integral, como el Juzgado de Familia, Servicio Zonal, Ministerio P\u00fablico, Organismo de Ni\u00f1ez de la Provincia, con los que articulan de manera permanente para restituir derechos y contemplar las necesidades totales de las familias involucradas en cada situaci\u00f3n, y de garantizar no s\u00f3lo protecci\u00f3n y resguardo psicosocial, sino tambi\u00e9n acompa\u00f1amiento y sost\u00e9n emocional en estos contextos complejos que atraviesan.<\/p>\n<p>La subsecretaria Chiramberro, destac\u00f3 el desempe\u00f1o de la guardia a nivel profesional y humano. \u201cLa tarea que cumple el equipo de Guardia es digna de reconocimiento, por su compromiso, dedicaci\u00f3n y predisposici\u00f3n constante, as\u00ed que destaco el trabajo de quienes recepcionan los llamados, de los operadores y operadoras que acompa\u00f1an las intervenciones, y del equipo que supervisa la guardia, con quienes hemos podido construir y mejorar el dispositivo focalizando no s\u00f3lo en cuestiones profesionales de abordaje, sino tambi\u00e9n personales, ya que el trabajo grupal es permanente, y es el grupo el que nos brinda respaldo y seguridad cuando se complejiza la tarea\u201d, se\u00f1al\u00f3.<\/p>\n<p>Adem\u00e1s, inform\u00f3 que est\u00e1n comenzando a implementar jornadas de reflexi\u00f3n y capacitaci\u00f3n al interior del equipo para optimizar el funcionamiento del dispositivo, donde \u201ctrabajamos cuestiones propias del abordaje, c\u00f3mo intervenir, qu\u00e9 respuestas dar en situaciones complejas, y adem\u00e1s problematizamos y revisamos al interior del grupo lo propio de la tarea, y tambi\u00e9n c\u00f3mo nos sentimos en todo el proceso, que nos involucra desde lo profesional, pero tambi\u00e9n desde lo afectivo\u201d, concluy\u00f3 la subsecretaria.<\/p>\n<p>&nbsp;<\/p>\n","protected":false},"excerpt":{"rendered":"<p>Ni\u00f1eces protegidas: el dispositivo de Guardia de urgencias del Servicio Local, el servicio local es&#8230;<\/p>\n","protected":false},"author":1,"featured_media":167686,"comment_status":"closed","ping_status":"closed","sticky":false,"template":"","format":"standard","meta":{"content-type":""},"categories":[27,64],"tags":[],"nelio_content":{"isAutoShareEnabled":false,"autoShareEndMode":"default","automationSources":{"useContentSentences":true,"useSocialTemplates":true,"useCustomSentences":false,"customSentences":[]},"followers":[1],"suggestedReferences":[],"includedReferences":[],"efiUrl":"","efiAlt":"","highlights":[]},"yoast_head":"<!-- This site is optimized with the Yoast SEO plugin v20.7 - https:\/\/yoast.com\/wordpress\/plugins\/seo\/ -->\n<title>Ni\u00f1eces protegidas: El dispositivo de guardia de urgencias<\/title>\n<meta name=\"description\" content=\"Ni\u00f1eces protegidas: el dispositivo de Guardia de urgencias del Servicio Local, el servicio local es un organismo municipal\" \/>\n<meta name=\"robots\" content=\"index, follow, max-snippet:-1, max-image-preview:large, max-video-preview:-1\" \/>\n<link rel=\"canonical\" href=\"https:\/\/experienciadevida.com.ar\/portalurbano\/nineces-protegidas-el-dispositivo-de-guardia-de-urgencias-del-servicio-local\/\" \/>\n<meta property=\"og:locale\" content=\"es_ES\" \/>\n<meta property=\"og:type\" content=\"article\" \/>\n<meta property=\"og:title\" content=\"Ni\u00f1eces protegidas: El dispositivo de guardia de urgencias\" \/>\n<meta property=\"og:description\" content=\"Ni\u00f1eces protegidas: el dispositivo de Guardia de urgencias del Servicio Local, el servicio local es un organismo municipal\" \/>\n<meta property=\"og:url\" content=\"https:\/\/experienciadevida.com.ar\/portalurbano\/nineces-protegidas-el-dispositivo-de-guardia-de-urgencias-del-servicio-local\/\" \/>\n<meta property=\"article:publisher\" content=\"https:\/\/www.facebook.com\/Portal-Urbano-171542830093757\/\" \/>\n<meta property=\"article:published_time\" content=\"2022-05-14T13:28:37+00:00\" \/>\n<meta property=\"article:modified_time\" content=\"2022-05-14T13:31:37+00:00\" \/>\n<meta property=\"og:image\" content=\"https:\/\/experienciadevida.com.ar\/portalurbano\/wp-content\/uploads\/2022\/05\/Nineces-protegidas.jpg\" \/>\n\t<meta property=\"og:image:width\" content=\"626\" \/>\n\t<meta property=\"og:image:height\" content=\"417\" \/>\n\t<meta property=\"og:image:type\" content=\"image\/jpeg\" \/>\n<meta name=\"author\" content=\"admpu17wp\" \/>\n<meta name=\"twitter:card\" content=\"summary_large_image\" \/>\n<meta name=\"twitter:creator\" content=\"@portalurbanook\" \/>\n<meta name=\"twitter:site\" content=\"@portalurbanook\" \/>\n<meta name=\"twitter:label1\" content=\"Escrito por\" \/>\n\t<meta name=\"twitter:data1\" content=\"admpu17wp\" \/>\n\t<meta name=\"twitter:label2\" content=\"Tiempo de lectura\" \/>\n\t<meta name=\"twitter:data2\" content=\"5 minutos\" \/>\n<script type=\"application\/ld+json\" class=\"yoast-schema-graph\">{\"@context\":\"https:\/\/schema.org\",\"@graph\":[{\"@type\":\"Article\",\"@id\":\"https:\/\/experienciadevida.com.ar\/portalurbano\/nineces-protegidas-el-dispositivo-de-guardia-de-urgencias-del-servicio-local\/#article\",\"isPartOf\":{\"@id\":\"https:\/\/experienciadevida.com.ar\/portalurbano\/nineces-protegidas-el-dispositivo-de-guardia-de-urgencias-del-servicio-local\/\"},\"author\":{\"name\":\"admpu17wp\",\"@id\":\"https:\/\/experienciadevida.com.ar\/portalurbano\/#\/schema\/person\/02dd326b1c4b056e9cc972486934a3a7\"},\"headline\":\"Ni\u00f1eces protegidas: el dispositivo de Guardia de urgencias del Servicio Local\",\"datePublished\":\"2022-05-14T13:28:37+00:00\",\"dateModified\":\"2022-05-14T13:31:37+00:00\",\"mainEntityOfPage\":{\"@id\":\"https:\/\/experienciadevida.com.ar\/portalurbano\/nineces-protegidas-el-dispositivo-de-guardia-de-urgencias-del-servicio-local\/\"},\"wordCount\":1083,\"publisher\":{\"@id\":\"https:\/\/experienciadevida.com.ar\/portalurbano\/#organization\"},\"articleSection\":[\"Ciudad\",\"Destacadas 2\"],\"inLanguage\":\"es\"},{\"@type\":\"WebPage\",\"@id\":\"https:\/\/experienciadevida.com.ar\/portalurbano\/nineces-protegidas-el-dispositivo-de-guardia-de-urgencias-del-servicio-local\/\",\"url\":\"https:\/\/experienciadevida.com.ar\/portalurbano\/nineces-protegidas-el-dispositivo-de-guardia-de-urgencias-del-servicio-local\/\",\"name\":\"Ni\u00f1eces protegidas: El dispositivo de guardia de urgencias\",\"isPartOf\":{\"@id\":\"https:\/\/experienciadevida.com.ar\/portalurbano\/#website\"},\"datePublished\":\"2022-05-14T13:28:37+00:00\",\"dateModified\":\"2022-05-14T13:31:37+00:00\",\"description\":\"Ni\u00f1eces protegidas: el dispositivo de Guardia de urgencias del Servicio Local, el servicio local es un organismo municipal\",\"breadcrumb\":{\"@id\":\"https:\/\/experienciadevida.com.ar\/portalurbano\/nineces-protegidas-el-dispositivo-de-guardia-de-urgencias-del-servicio-local\/#breadcrumb\"},\"inLanguage\":\"es\",\"potentialAction\":[{\"@type\":\"ReadAction\",\"target\":[\"https:\/\/experienciadevida.com.ar\/portalurbano\/nineces-protegidas-el-dispositivo-de-guardia-de-urgencias-del-servicio-local\/\"]}]},{\"@type\":\"BreadcrumbList\",\"@id\":\"https:\/\/experienciadevida.com.ar\/portalurbano\/nineces-protegidas-el-dispositivo-de-guardia-de-urgencias-del-servicio-local\/#breadcrumb\",\"itemListElement\":[{\"@type\":\"ListItem\",\"position\":1,\"name\":\"Portada\",\"item\":\"https:\/\/experienciadevida.com.ar\/portalurbano\/\"},{\"@type\":\"ListItem\",\"position\":2,\"name\":\"Ni\u00f1eces protegidas: el dispositivo de Guardia de urgencias del Servicio Local\"}]},{\"@type\":\"WebSite\",\"@id\":\"https:\/\/experienciadevida.com.ar\/portalurbano\/#website\",\"url\":\"https:\/\/experienciadevida.com.ar\/portalurbano\/\",\"name\":\"\",\"description\":\"\",\"publisher\":{\"@id\":\"https:\/\/experienciadevida.com.ar\/portalurbano\/#organization\"},\"potentialAction\":[{\"@type\":\"SearchAction\",\"target\":{\"@type\":\"EntryPoint\",\"urlTemplate\":\"https:\/\/experienciadevida.com.ar\/portalurbano\/?s={search_term_string}\"},\"query-input\":\"required name=search_term_string\"}],\"inLanguage\":\"es\"},{\"@type\":\"Organization\",\"@id\":\"https:\/\/experienciadevida.com.ar\/portalurbano\/#organization\",\"name\":\"Portal Urbano\",\"url\":\"https:\/\/experienciadevida.com.ar\/portalurbano\/\",\"logo\":{\"@type\":\"ImageObject\",\"inLanguage\":\"es\",\"@id\":\"https:\/\/experienciadevida.com.ar\/portalurbano\/#\/schema\/logo\/image\/\",\"url\":\"https:\/\/experienciadevida.com.ar\/portalurbano\/wp-content\/uploads\/2019\/09\/Logo-Original.png\",\"contentUrl\":\"https:\/\/experienciadevida.com.ar\/portalurbano\/wp-content\/uploads\/2019\/09\/Logo-Original.png\",\"width\":2236,\"height\":1216,\"caption\":\"Portal Urbano\"},\"image\":{\"@id\":\"https:\/\/experienciadevida.com.ar\/portalurbano\/#\/schema\/logo\/image\/\"},\"sameAs\":[\"https:\/\/www.facebook.com\/Portal-Urbano-171542830093757\/\",\"https:\/\/twitter.com\/portalurbanook\",\"https:\/\/www.instagram.com\/_portalurbano\/\",\"https:\/\/www.youtube.com\/channel\/UCXhagIfszH8KxFiOok79zbA?view_as=subscriber\"]},{\"@type\":\"Person\",\"@id\":\"https:\/\/experienciadevida.com.ar\/portalurbano\/#\/schema\/person\/02dd326b1c4b056e9cc972486934a3a7\",\"name\":\"admpu17wp\",\"image\":{\"@type\":\"ImageObject\",\"inLanguage\":\"es\",\"@id\":\"https:\/\/experienciadevida.com.ar\/portalurbano\/#\/schema\/person\/image\/\",\"url\":\"https:\/\/secure.gravatar.com\/avatar\/830d4c57adaae6630765e449a6908047?s=96&d=mm&r=g\",\"contentUrl\":\"https:\/\/secure.gravatar.com\/avatar\/830d4c57adaae6630765e449a6908047?s=96&d=mm&r=g\",\"caption\":\"admpu17wp\"}}]}<\/script>\n<!-- \/ Yoast SEO plugin. -->","yoast_head_json":{"title":"Ni\u00f1eces protegidas: El dispositivo de guardia de urgencias","description":"Ni\u00f1eces protegidas: el dispositivo de Guardia de urgencias del Servicio Local, el servicio local es un organismo municipal","robots":{"index":"index","follow":"follow","max-snippet":"max-snippet:-1","max-image-preview":"max-image-preview:large","max-video-preview":"max-video-preview:-1"},"canonical":"https:\/\/experienciadevida.com.ar\/portalurbano\/nineces-protegidas-el-dispositivo-de-guardia-de-urgencias-del-servicio-local\/","og_locale":"es_ES","og_type":"article","og_title":"Ni\u00f1eces protegidas: El dispositivo de guardia de urgencias","og_description":"Ni\u00f1eces protegidas: el dispositivo de Guardia de urgencias del Servicio Local, el servicio local es un organismo municipal","og_url":"https:\/\/experienciadevida.com.ar\/portalurbano\/nineces-protegidas-el-dispositivo-de-guardia-de-urgencias-del-servicio-local\/","article_publisher":"https:\/\/www.facebook.com\/Portal-Urbano-171542830093757\/","article_published_time":"2022-05-14T13:28:37+00:00","article_modified_time":"2022-05-14T13:31:37+00:00","og_image":[{"width":626,"height":417,"url":"https:\/\/experienciadevida.com.ar\/portalurbano\/wp-content\/uploads\/2022\/05\/Nineces-protegidas.jpg","type":"image\/jpeg"}],"author":"admpu17wp","twitter_card":"summary_large_image","twitter_creator":"@portalurbanook","twitter_site":"@portalurbanook","twitter_misc":{"Escrito por":"admpu17wp","Tiempo de lectura":"5 minutos"},"schema":{"@context":"https:\/\/schema.org","@graph":[{"@type":"Article","@id":"https:\/\/experienciadevida.com.ar\/portalurbano\/nineces-protegidas-el-dispositivo-de-guardia-de-urgencias-del-servicio-local\/#article","isPartOf":{"@id":"https:\/\/experienciadevida.com.ar\/portalurbano\/nineces-protegidas-el-dispositivo-de-guardia-de-urgencias-del-servicio-local\/"},"author":{"name":"admpu17wp","@id":"https:\/\/experienciadevida.com.ar\/portalurbano\/#\/schema\/person\/02dd326b1c4b056e9cc972486934a3a7"},"headline":"Ni\u00f1eces protegidas: el dispositivo de Guardia de urgencias del Servicio Local","datePublished":"2022-05-14T13:28:37+00:00","dateModified":"2022-05-14T13:31:37+00:00","mainEntityOfPage":{"@id":"https:\/\/experienciadevida.com.ar\/portalurbano\/nineces-protegidas-el-dispositivo-de-guardia-de-urgencias-del-servicio-local\/"},"wordCount":1083,"publisher":{"@id":"https:\/\/experienciadevida.com.ar\/portalurbano\/#organization"},"articleSection":["Ciudad","Destacadas 2"],"inLanguage":"es"},{"@type":"WebPage","@id":"https:\/\/experienciadevida.com.ar\/portalurbano\/nineces-protegidas-el-dispositivo-de-guardia-de-urgencias-del-servicio-local\/","url":"https:\/\/experienciadevida.com.ar\/portalurbano\/nineces-protegidas-el-dispositivo-de-guardia-de-urgencias-del-servicio-local\/","name":"Ni\u00f1eces protegidas: El dispositivo de guardia de urgencias","isPartOf":{"@id":"https:\/\/experienciadevida.com.ar\/portalurbano\/#website"},"datePublished":"2022-05-14T13:28:37+00:00","dateModified":"2022-05-14T13:31:37+00:00","description":"Ni\u00f1eces protegidas: el dispositivo de Guardia de urgencias del Servicio Local, el servicio local es un organismo municipal","breadcrumb":{"@id":"https:\/\/experienciadevida.com.ar\/portalurbano\/nineces-protegidas-el-dispositivo-de-guardia-de-urgencias-del-servicio-local\/#breadcrumb"},"inLanguage":"es","potentialAction":[{"@type":"ReadAction","target":["https:\/\/experienciadevida.com.ar\/portalurbano\/nineces-protegidas-el-dispositivo-de-guardia-de-urgencias-del-servicio-local\/"]}]},{"@type":"BreadcrumbList","@id":"https:\/\/experienciadevida.com.ar\/portalurbano\/nineces-protegidas-el-dispositivo-de-guardia-de-urgencias-del-servicio-local\/#breadcrumb","itemListElement":[{"@type":"ListItem","position":1,"name":"Portada","item":"https:\/\/experienciadevida.com.ar\/portalurbano\/"},{"@type":"ListItem","position":2,"name":"Ni\u00f1eces protegidas: el dispositivo de Guardia de urgencias del Servicio Local"}]},{"@type":"WebSite","@id":"https:\/\/experienciadevida.com.ar\/portalurbano\/#website","url":"https:\/\/experienciadevida.com.ar\/portalurbano\/","name":"","description":"","publisher":{"@id":"https:\/\/experienciadevida.com.ar\/portalurbano\/#organization"},"potentialAction":[{"@type":"SearchAction","target":{"@type":"EntryPoint","urlTemplate":"https:\/\/experienciadevida.com.ar\/portalurbano\/?s={search_term_string}"},"query-input":"required name=search_term_string"}],"inLanguage":"es"},{"@type":"Organization","@id":"https:\/\/experienciadevida.com.ar\/portalurbano\/#organization","name":"Portal Urbano","url":"https:\/\/experienciadevida.com.ar\/portalurbano\/","logo":{"@type":"ImageObject","inLanguage":"es","@id":"https:\/\/experienciadevida.com.ar\/portalurbano\/#\/schema\/logo\/image\/","url":"https:\/\/experienciadevida.com.ar\/portalurbano\/wp-content\/uploads\/2019\/09\/Logo-Original.png","contentUrl":"https:\/\/experienciadevida.com.ar\/portalurbano\/wp-content\/uploads\/2019\/09\/Logo-Original.png","width":2236,"height":1216,"caption":"Portal Urbano"},"image":{"@id":"https:\/\/experienciadevida.com.ar\/portalurbano\/#\/schema\/logo\/image\/"},"sameAs":["https:\/\/www.facebook.com\/Portal-Urbano-171542830093757\/","https:\/\/twitter.com\/portalurbanook","https:\/\/www.instagram.com\/_portalurbano\/","https:\/\/www.youtube.com\/channel\/UCXhagIfszH8KxFiOok79zbA?view_as=subscriber"]},{"@type":"Person","@id":"https:\/\/experienciadevida.com.ar\/portalurbano\/#\/schema\/person\/02dd326b1c4b056e9cc972486934a3a7","name":"admpu17wp","image":{"@type":"ImageObject","inLanguage":"es","@id":"https:\/\/experienciadevida.com.ar\/portalurbano\/#\/schema\/person\/image\/","url":"https:\/\/secure.gravatar.com\/avatar\/830d4c57adaae6630765e449a6908047?s=96&d=mm&r=g","contentUrl":"https:\/\/secure.gravatar.com\/avatar\/830d4c57adaae6630765e449a6908047?s=96&d=mm&r=g","caption":"admpu17wp"}}]}},"featured_image_urls":{"full":["https:\/\/experienciadevida.com.ar\/portalurbano\/wp-content\/uploads\/2022\/05\/Nineces-protegidas.jpg",626,417,false],"thumbnail":["https:\/\/experienciadevida.com.ar\/portalurbano\/wp-content\/uploads\/2022\/05\/Nineces-protegidas-150x150.jpg",150,150,true],"medium":["https:\/\/experienciadevida.com.ar\/portalurbano\/wp-content\/uploads\/2022\/05\/Nineces-protegidas-300x200.jpg",300,200,true],"medium_large":["https:\/\/experienciadevida.com.ar\/portalurbano\/wp-content\/uploads\/2022\/05\/Nineces-protegidas.jpg",626,417,false],"large":["https:\/\/experienciadevida.com.ar\/portalurbano\/wp-content\/uploads\/2022\/05\/Nineces-protegidas.jpg",626,417,false],"ug_big":["https:\/\/experienciadevida.com.ar\/portalurbano\/wp-content\/uploads\/2022\/05\/Nineces-protegidas.jpg",626,417,false],"1536x1536":["https:\/\/experienciadevida.com.ar\/portalurbano\/wp-content\/uploads\/2022\/05\/Nineces-protegidas.jpg",626,417,false],"2048x2048":["https:\/\/experienciadevida.com.ar\/portalurbano\/wp-content\/uploads\/2022\/05\/Nineces-protegidas.jpg",626,417,false],"newsever-slider-full":["https:\/\/experienciadevida.com.ar\/portalurbano\/wp-content\/uploads\/2022\/05\/Nineces-protegidas.jpg",626,417,false],"newsever-featured":["https:\/\/experienciadevida.com.ar\/portalurbano\/wp-content\/uploads\/2022\/05\/Nineces-protegidas.jpg",626,417,false],"newsever-medium":["https:\/\/experienciadevida.com.ar\/portalurbano\/wp-content\/uploads\/2022\/05\/Nineces-protegidas.jpg",626,417,false],"web-stories-poster-portrait":["https:\/\/experienciadevida.com.ar\/portalurbano\/wp-content\/uploads\/2022\/05\/Nineces-protegidas.jpg",626,417,false],"web-stories-publisher-logo":["https:\/\/experienciadevida.com.ar\/portalurbano\/wp-content\/uploads\/2022\/05\/Nineces-protegidas.jpg",96,64,false],"web-stories-thumbnail":["https:\/\/experienciadevida.com.ar\/portalurbano\/wp-content\/uploads\/2022\/05\/Nineces-protegidas.jpg",150,100,false]},"author_info":{"display_name":"admpu17wp","author_link":"https:\/\/experienciadevida.com.ar\/portalurbano\/author\/admpu17wp\/"},"category_info":"<a href=\"https:\/\/experienciadevida.com.ar\/portalurbano\/category\/ciudad\/\" rel=\"category tag\">Ciudad<\/a> <a href=\"https:\/\/experienciadevida.com.ar\/portalurbano\/category\/destacadas-2\/\" rel=\"category tag\">Destacadas 2<\/a>","tag_info":"Destacadas 2","comment_count":"0","amp_enabled":true,"_links":{"self":[{"href":"https:\/\/experienciadevida.com.ar\/portalurbano\/wp-json\/wp\/v2\/posts\/167685"}],"collection":[{"href":"https:\/\/experienciadevida.com.ar\/portalurbano\/wp-json\/wp\/v2\/posts"}],"about":[{"href":"https:\/\/experienciadevida.com.ar\/portalurbano\/wp-json\/wp\/v2\/types\/post"}],"author":[{"embeddable":true,"href":"https:\/\/experienciadevida.com.ar\/portalurbano\/wp-json\/wp\/v2\/users\/1"}],"replies":[{"embeddable":true,"href":"https:\/\/experienciadevida.com.ar\/portalurbano\/wp-json\/wp\/v2\/comments?post=167685"}],"version-history":[{"count":3,"href":"https:\/\/experienciadevida.com.ar\/portalurbano\/wp-json\/wp\/v2\/posts\/167685\/revisions"}],"predecessor-version":[{"id":167689,"href":"https:\/\/experienciadevida.com.ar\/portalurbano\/wp-json\/wp\/v2\/posts\/167685\/revisions\/167689"}],"wp:featuredmedia":[{"embeddable":true,"href":"https:\/\/experienciadevida.com.ar\/portalurbano\/wp-json\/wp\/v2\/media\/167686"}],"wp:attachment":[{"href":"https:\/\/experienciadevida.com.ar\/portalurbano\/wp-json\/wp\/v2\/media?parent=167685"}],"wp:term":[{"taxonomy":"category","embeddable":true,"href":"https:\/\/experienciadevida.com.ar\/portalurbano\/wp-json\/wp\/v2\/categories?post=167685"},{"taxonomy":"post_tag","embeddable":true,"href":"https:\/\/experienciadevida.com.ar\/portalurbano\/wp-json\/wp\/v2\/tags?post=167685"}],"curies":[{"name":"wp","href":"https:\/\/api.w.org\/{rel}","templated":true}]}}