{"id":167670,"date":"2022-05-13T19:27:33","date_gmt":"2022-05-13T22:27:33","guid":{"rendered":"https:\/\/experienciadevida.com.ar\/portalurbano\/?p=167670"},"modified":"2022-05-13T19:28:08","modified_gmt":"2022-05-13T22:28:08","slug":"se-realizara-un-censo-de-estudiantes-de-la-unicen-alojados-en-unidades-penales","status":"publish","type":"post","link":"https:\/\/experienciadevida.com.ar\/portalurbano\/se-realizara-un-censo-de-estudiantes-de-la-unicen-alojados-en-unidades-penales\/","title":{"rendered":"Se realizar\u00e1 un censo de estudiantes de la UNICEN alojados en unidades penales"},"content":{"rendered":"<p>Se realizar\u00e1 un censo de estudiantes de la UNICEN alojados en unidades penales, ser\u00e1 entre los meses de mayo y agosto se llevar\u00e1 adelante un relevamiento censal socio demogr\u00e1fico en las c\u00e1rceles de la Zona Centro del Servicio Penitenciario Bonaerense, en el que se desempe\u00f1ar\u00e1n integrantes de las<a href=\"https:\/\/www.facebook.com\/facultadcienciassociales.unicen\"> Facultades de Ciencias Sociales,<\/a> Arte, Ciencias Humanas y Derecho de la UNICEN.<\/p>\n<p>El objetivo del censo es caracterizar a la poblaci\u00f3n estudiantil de la Universidad Nacional del Centro de la Provincia de Buenos Aires (UNICEN), tanto estudiantes de grado como participantes de talleres de extensi\u00f3n, en las unidades penales de los complejos Centro Norte y Centro Sur del Servicio Penitenciario Bonaerense (unidades penales 2, 27 y 38, 7 y 52).<\/p>\n<p>La propuesta se enmarca en el Proyecto Interdisciplinario Orientado (SECAT \u2013 UNICEN) titulado \u201cRelevamiento censal socio demogr\u00e1fico de estudiantes de la UNICEN alojadxs en unidades penales de la Zona Centro del Servicio Penitenciario Bonaerense en el a\u00f1o 2021\/22\u201d. El mismo es dirigido por la Dra. Anal\u00eda Umpi\u00e9rrez, docente e investigadora de la Facultad de Ciencias Sociales, quien integra el equipo de coordinaci\u00f3n del censo junto con la Lic. Erica Lanzini, la Dra. Rosana Sosa y el Prof. Luis Scipioni. Adem\u00e1s intervienen investigadores\/as y colaboradores\/as de FACSO, Arte, Ciencias Humanas y Derecho.<\/p>\n<p>El objetivo del relevamiento censal es \u201cproporcionar datos estad\u00edsticos actualizados sobre las caracter\u00edsticas demogr\u00e1ficas y las condicionantes social, econ\u00f3mica, sanitaria y habitacional existentes en las c\u00e1rceles bonaerenses, que conduzca a ajustar y\/o definir la implementaci\u00f3n y evaluaci\u00f3n de programas, pol\u00edticas y estrategias de desarrollo humano sostenible de las personas detenidas estudiantes de UNICEN durante y posterior al encierro en las unidades penales de zona centro del Servicio Penitenciario Bonaerense, a\u00f1o 2022\u201d.<\/p>\n<p>Desde la coordinaci\u00f3n del proyecto se refiri\u00f3 que adem\u00e1s se aspira a avanzar en el trabajo con organismos del Estado y organizaciones de derechos humanos en la producci\u00f3n de insumos que incidan en la definici\u00f3n e implementaci\u00f3n de pol\u00edticas y programas socioeducativos en c\u00e1rceles y mecanismos de acceso a la justicia que se puedan poner en funcionamiento en la instancia jurisdiccional a fin de garantizar aquellos derechos. Se indic\u00f3 asimismo que resulta relevante indagar adem\u00e1s, aspectos normativos y jurisprudenciales que posibilitan o limitan el acceso al trabajo de quienes transitan por estos \u00e1mbitos carcelarios.<\/p>\n<p>Los objetivos de la propuesta son:<\/p>\n<p>Se realizar\u00e1 un censo de estudiantes de la UNICEN alojados en unidades penales, disponer de informaci\u00f3n sobre el tama\u00f1o, composici\u00f3n, distribuci\u00f3n, permanencia y flujos de traslados y de las caracter\u00edsticas sociales, econ\u00f3micas, sanitarias y habitacionales de la poblaci\u00f3n carcelaria de la zona centro del Servicio Penitenciario Bonaerense, a\u00f1o 2022.<\/p>\n<p>-Contar con informaci\u00f3n actualizada sobre la infraestructura, servicios y las condiciones habitacionales de las c\u00e1rceles de la zona centro del Servicio Penitenciario Bonaerense para la determinaci\u00f3n y localizaci\u00f3n de necesidades b\u00e1sicas insatisfechas.<\/p>\n<p>-Contribuir al fortalecimiento institucional para dar continuidad a la tarea docente, extensionista y de investigaci\u00f3n, con perspectiva integral e interdisciplinaria.<\/p>\n<p>-Dise\u00f1ar proyectos de intervenci\u00f3n que apunten al reconocimiento y visibilizaci\u00f3n de necesidades de la poblaci\u00f3n detenida en las c\u00e1rceles de la Provincia de Buenos Aires.<\/p>\n<p>-Delinear acciones de promoci\u00f3n del acceso a derechos humanos de las personas detenidas en vista a la mejora de su calidad de vida en el encierro y en su regreso al medio libre una vez cumplida su pena.<\/p>\n<p>Convocatoria<\/p>\n<p>En el marco del PIO \u201cRelevamiento censal socio demogr\u00e1fico de estudiantes de la UNICEN alojadxs en unidades penales de la Zona Centro del Servicio Penitenciario Bonaerense en el a\u00f1o 2021\/22\u201d, se convoca a trabajadores\/as sociales y estudiantes avanzados\/as de la carrera de Trabajo Social para sumarse como censitas<\/p>\n","protected":false},"excerpt":{"rendered":"<p>Se realizar\u00e1 un censo de estudiantes de la UNICEN alojados en unidades penales, ser\u00e1 entre&#8230;<\/p>\n","protected":false},"author":1,"featured_media":167671,"comment_status":"closed","ping_status":"closed","sticky":false,"template":"","format":"standard","meta":{"content-type":""},"categories":[27],"tags":[],"nelio_content":{"isAutoShareEnabled":false,"autoShareEndMode":"default","automationSources":{"useContentSentences":true,"useSocialTemplates":true,"useCustomSentences":false,"customSentences":[]},"followers":[1],"suggestedReferences":[],"includedReferences":[],"efiUrl":"","efiAlt":"","highlights":[]},"yoast_head":"<!-- This site is optimized with the Yoast SEO plugin v20.7 - https:\/\/yoast.com\/wordpress\/plugins\/seo\/ -->\n<title>Se realizar\u00e1 un censo de estudiantes de la UNICEN en Unidades<\/title>\n<meta name=\"description\" content=\"Se realizar\u00e1 un censo de estudiantes de la UNICEN alojados en unidades penales, ser\u00e1 entre los meses de mayo y agosto\" \/>\n<meta name=\"robots\" content=\"index, follow, max-snippet:-1, max-image-preview:large, max-video-preview:-1\" \/>\n<link rel=\"canonical\" href=\"https:\/\/experienciadevida.com.ar\/portalurbano\/se-realizara-un-censo-de-estudiantes-de-la-unicen-alojados-en-unidades-penales\/\" \/>\n<meta property=\"og:locale\" content=\"es_ES\" \/>\n<meta property=\"og:type\" content=\"article\" \/>\n<meta property=\"og:title\" content=\"Se realizar\u00e1 un censo de estudiantes de la UNICEN en Unidades\" \/>\n<meta property=\"og:description\" content=\"Se realizar\u00e1 un censo de estudiantes de la UNICEN alojados en unidades penales, ser\u00e1 entre los meses de mayo y agosto\" \/>\n<meta property=\"og:url\" content=\"https:\/\/experienciadevida.com.ar\/portalurbano\/se-realizara-un-censo-de-estudiantes-de-la-unicen-alojados-en-unidades-penales\/\" \/>\n<meta property=\"article:publisher\" content=\"https:\/\/www.facebook.com\/Portal-Urbano-171542830093757\/\" \/>\n<meta property=\"article:published_time\" content=\"2022-05-13T22:27:33+00:00\" \/>\n<meta property=\"article:modified_time\" content=\"2022-05-13T22:28:08+00:00\" \/>\n<meta property=\"og:image\" content=\"https:\/\/experienciadevida.com.ar\/portalurbano\/wp-content\/uploads\/2022\/05\/Se-realizara-un-censo.jpg\" \/>\n\t<meta property=\"og:image:width\" content=\"1280\" \/>\n\t<meta property=\"og:image:height\" content=\"605\" \/>\n\t<meta property=\"og:image:type\" content=\"image\/jpeg\" \/>\n<meta name=\"author\" content=\"admpu17wp\" \/>\n<meta name=\"twitter:card\" content=\"summary_large_image\" \/>\n<meta name=\"twitter:creator\" content=\"@portalurbanook\" \/>\n<meta name=\"twitter:site\" content=\"@portalurbanook\" \/>\n<meta name=\"twitter:label1\" content=\"Escrito por\" \/>\n\t<meta name=\"twitter:data1\" content=\"admpu17wp\" \/>\n\t<meta name=\"twitter:label2\" content=\"Tiempo de lectura\" \/>\n\t<meta name=\"twitter:data2\" content=\"3 minutos\" \/>\n<script type=\"application\/ld+json\" class=\"yoast-schema-graph\">{\"@context\":\"https:\/\/schema.org\",\"@graph\":[{\"@type\":\"Article\",\"@id\":\"https:\/\/experienciadevida.com.ar\/portalurbano\/se-realizara-un-censo-de-estudiantes-de-la-unicen-alojados-en-unidades-penales\/#article\",\"isPartOf\":{\"@id\":\"https:\/\/experienciadevida.com.ar\/portalurbano\/se-realizara-un-censo-de-estudiantes-de-la-unicen-alojados-en-unidades-penales\/\"},\"author\":{\"name\":\"admpu17wp\",\"@id\":\"https:\/\/experienciadevida.com.ar\/portalurbano\/#\/schema\/person\/02dd326b1c4b056e9cc972486934a3a7\"},\"headline\":\"Se realizar\u00e1 un censo de estudiantes de la UNICEN alojados en unidades penales\",\"datePublished\":\"2022-05-13T22:27:33+00:00\",\"dateModified\":\"2022-05-13T22:28:08+00:00\",\"mainEntityOfPage\":{\"@id\":\"https:\/\/experienciadevida.com.ar\/portalurbano\/se-realizara-un-censo-de-estudiantes-de-la-unicen-alojados-en-unidades-penales\/\"},\"wordCount\":652,\"publisher\":{\"@id\":\"https:\/\/experienciadevida.com.ar\/portalurbano\/#organization\"},\"articleSection\":[\"Ciudad\"],\"inLanguage\":\"es\"},{\"@type\":\"WebPage\",\"@id\":\"https:\/\/experienciadevida.com.ar\/portalurbano\/se-realizara-un-censo-de-estudiantes-de-la-unicen-alojados-en-unidades-penales\/\",\"url\":\"https:\/\/experienciadevida.com.ar\/portalurbano\/se-realizara-un-censo-de-estudiantes-de-la-unicen-alojados-en-unidades-penales\/\",\"name\":\"Se realizar\u00e1 un censo de estudiantes de la UNICEN en Unidades\",\"isPartOf\":{\"@id\":\"https:\/\/experienciadevida.com.ar\/portalurbano\/#website\"},\"datePublished\":\"2022-05-13T22:27:33+00:00\",\"dateModified\":\"2022-05-13T22:28:08+00:00\",\"description\":\"Se realizar\u00e1 un censo de estudiantes de la UNICEN alojados en unidades penales, ser\u00e1 entre los meses de mayo y agosto\",\"breadcrumb\":{\"@id\":\"https:\/\/experienciadevida.com.ar\/portalurbano\/se-realizara-un-censo-de-estudiantes-de-la-unicen-alojados-en-unidades-penales\/#breadcrumb\"},\"inLanguage\":\"es\",\"potentialAction\":[{\"@type\":\"ReadAction\",\"target\":[\"https:\/\/experienciadevida.com.ar\/portalurbano\/se-realizara-un-censo-de-estudiantes-de-la-unicen-alojados-en-unidades-penales\/\"]}]},{\"@type\":\"BreadcrumbList\",\"@id\":\"https:\/\/experienciadevida.com.ar\/portalurbano\/se-realizara-un-censo-de-estudiantes-de-la-unicen-alojados-en-unidades-penales\/#breadcrumb\",\"itemListElement\":[{\"@type\":\"ListItem\",\"position\":1,\"name\":\"Portada\",\"item\":\"https:\/\/experienciadevida.com.ar\/portalurbano\/\"},{\"@type\":\"ListItem\",\"position\":2,\"name\":\"Se realizar\u00e1 un censo de estudiantes de la UNICEN alojados en unidades penales\"}]},{\"@type\":\"WebSite\",\"@id\":\"https:\/\/experienciadevida.com.ar\/portalurbano\/#website\",\"url\":\"https:\/\/experienciadevida.com.ar\/portalurbano\/\",\"name\":\"\",\"description\":\"\",\"publisher\":{\"@id\":\"https:\/\/experienciadevida.com.ar\/portalurbano\/#organization\"},\"potentialAction\":[{\"@type\":\"SearchAction\",\"target\":{\"@type\":\"EntryPoint\",\"urlTemplate\":\"https:\/\/experienciadevida.com.ar\/portalurbano\/?s={search_term_string}\"},\"query-input\":\"required name=search_term_string\"}],\"inLanguage\":\"es\"},{\"@type\":\"Organization\",\"@id\":\"https:\/\/experienciadevida.com.ar\/portalurbano\/#organization\",\"name\":\"Portal Urbano\",\"url\":\"https:\/\/experienciadevida.com.ar\/portalurbano\/\",\"logo\":{\"@type\":\"ImageObject\",\"inLanguage\":\"es\",\"@id\":\"https:\/\/experienciadevida.com.ar\/portalurbano\/#\/schema\/logo\/image\/\",\"url\":\"https:\/\/experienciadevida.com.ar\/portalurbano\/wp-content\/uploads\/2019\/09\/Logo-Original.png\",\"contentUrl\":\"https:\/\/experienciadevida.com.ar\/portalurbano\/wp-content\/uploads\/2019\/09\/Logo-Original.png\",\"width\":2236,\"height\":1216,\"caption\":\"Portal Urbano\"},\"image\":{\"@id\":\"https:\/\/experienciadevida.com.ar\/portalurbano\/#\/schema\/logo\/image\/\"},\"sameAs\":[\"https:\/\/www.facebook.com\/Portal-Urbano-171542830093757\/\",\"https:\/\/twitter.com\/portalurbanook\",\"https:\/\/www.instagram.com\/_portalurbano\/\",\"https:\/\/www.youtube.com\/channel\/UCXhagIfszH8KxFiOok79zbA?view_as=subscriber\"]},{\"@type\":\"Person\",\"@id\":\"https:\/\/experienciadevida.com.ar\/portalurbano\/#\/schema\/person\/02dd326b1c4b056e9cc972486934a3a7\",\"name\":\"admpu17wp\",\"image\":{\"@type\":\"ImageObject\",\"inLanguage\":\"es\",\"@id\":\"https:\/\/experienciadevida.com.ar\/portalurbano\/#\/schema\/person\/image\/\",\"url\":\"https:\/\/secure.gravatar.com\/avatar\/830d4c57adaae6630765e449a6908047?s=96&d=mm&r=g\",\"contentUrl\":\"https:\/\/secure.gravatar.com\/avatar\/830d4c57adaae6630765e449a6908047?s=96&d=mm&r=g\",\"caption\":\"admpu17wp\"}}]}<\/script>\n<!-- \/ Yoast SEO plugin. -->","yoast_head_json":{"title":"Se realizar\u00e1 un censo de estudiantes de la UNICEN en Unidades","description":"Se realizar\u00e1 un censo de estudiantes de la UNICEN alojados en unidades penales, ser\u00e1 entre los meses de mayo y agosto","robots":{"index":"index","follow":"follow","max-snippet":"max-snippet:-1","max-image-preview":"max-image-preview:large","max-video-preview":"max-video-preview:-1"},"canonical":"https:\/\/experienciadevida.com.ar\/portalurbano\/se-realizara-un-censo-de-estudiantes-de-la-unicen-alojados-en-unidades-penales\/","og_locale":"es_ES","og_type":"article","og_title":"Se realizar\u00e1 un censo de estudiantes de la UNICEN en Unidades","og_description":"Se realizar\u00e1 un censo de estudiantes de la UNICEN alojados en unidades penales, ser\u00e1 entre los meses de mayo y agosto","og_url":"https:\/\/experienciadevida.com.ar\/portalurbano\/se-realizara-un-censo-de-estudiantes-de-la-unicen-alojados-en-unidades-penales\/","article_publisher":"https:\/\/www.facebook.com\/Portal-Urbano-171542830093757\/","article_published_time":"2022-05-13T22:27:33+00:00","article_modified_time":"2022-05-13T22:28:08+00:00","og_image":[{"width":1280,"height":605,"url":"https:\/\/experienciadevida.com.ar\/portalurbano\/wp-content\/uploads\/2022\/05\/Se-realizara-un-censo.jpg","type":"image\/jpeg"}],"author":"admpu17wp","twitter_card":"summary_large_image","twitter_creator":"@portalurbanook","twitter_site":"@portalurbanook","twitter_misc":{"Escrito por":"admpu17wp","Tiempo de lectura":"3 minutos"},"schema":{"@context":"https:\/\/schema.org","@graph":[{"@type":"Article","@id":"https:\/\/experienciadevida.com.ar\/portalurbano\/se-realizara-un-censo-de-estudiantes-de-la-unicen-alojados-en-unidades-penales\/#article","isPartOf":{"@id":"https:\/\/experienciadevida.com.ar\/portalurbano\/se-realizara-un-censo-de-estudiantes-de-la-unicen-alojados-en-unidades-penales\/"},"author":{"name":"admpu17wp","@id":"https:\/\/experienciadevida.com.ar\/portalurbano\/#\/schema\/person\/02dd326b1c4b056e9cc972486934a3a7"},"headline":"Se realizar\u00e1 un censo de estudiantes de la UNICEN alojados en unidades penales","datePublished":"2022-05-13T22:27:33+00:00","dateModified":"2022-05-13T22:28:08+00:00","mainEntityOfPage":{"@id":"https:\/\/experienciadevida.com.ar\/portalurbano\/se-realizara-un-censo-de-estudiantes-de-la-unicen-alojados-en-unidades-penales\/"},"wordCount":652,"publisher":{"@id":"https:\/\/experienciadevida.com.ar\/portalurbano\/#organization"},"articleSection":["Ciudad"],"inLanguage":"es"},{"@type":"WebPage","@id":"https:\/\/experienciadevida.com.ar\/portalurbano\/se-realizara-un-censo-de-estudiantes-de-la-unicen-alojados-en-unidades-penales\/","url":"https:\/\/experienciadevida.com.ar\/portalurbano\/se-realizara-un-censo-de-estudiantes-de-la-unicen-alojados-en-unidades-penales\/","name":"Se realizar\u00e1 un censo de estudiantes de la UNICEN en Unidades","isPartOf":{"@id":"https:\/\/experienciadevida.com.ar\/portalurbano\/#website"},"datePublished":"2022-05-13T22:27:33+00:00","dateModified":"2022-05-13T22:28:08+00:00","description":"Se realizar\u00e1 un censo de estudiantes de la UNICEN alojados en unidades penales, ser\u00e1 entre los meses de mayo y agosto","breadcrumb":{"@id":"https:\/\/experienciadevida.com.ar\/portalurbano\/se-realizara-un-censo-de-estudiantes-de-la-unicen-alojados-en-unidades-penales\/#breadcrumb"},"inLanguage":"es","potentialAction":[{"@type":"ReadAction","target":["https:\/\/experienciadevida.com.ar\/portalurbano\/se-realizara-un-censo-de-estudiantes-de-la-unicen-alojados-en-unidades-penales\/"]}]},{"@type":"BreadcrumbList","@id":"https:\/\/experienciadevida.com.ar\/portalurbano\/se-realizara-un-censo-de-estudiantes-de-la-unicen-alojados-en-unidades-penales\/#breadcrumb","itemListElement":[{"@type":"ListItem","position":1,"name":"Portada","item":"https:\/\/experienciadevida.com.ar\/portalurbano\/"},{"@type":"ListItem","position":2,"name":"Se realizar\u00e1 un censo de estudiantes de la UNICEN alojados en unidades penales"}]},{"@type":"WebSite","@id":"https:\/\/experienciadevida.com.ar\/portalurbano\/#website","url":"https:\/\/experienciadevida.com.ar\/portalurbano\/","name":"","description":"","publisher":{"@id":"https:\/\/experienciadevida.com.ar\/portalurbano\/#organization"},"potentialAction":[{"@type":"SearchAction","target":{"@type":"EntryPoint","urlTemplate":"https:\/\/experienciadevida.com.ar\/portalurbano\/?s={search_term_string}"},"query-input":"required name=search_term_string"}],"inLanguage":"es"},{"@type":"Organization","@id":"https:\/\/experienciadevida.com.ar\/portalurbano\/#organization","name":"Portal Urbano","url":"https:\/\/experienciadevida.com.ar\/portalurbano\/","logo":{"@type":"ImageObject","inLanguage":"es","@id":"https:\/\/experienciadevida.com.ar\/portalurbano\/#\/schema\/logo\/image\/","url":"https:\/\/experienciadevida.com.ar\/portalurbano\/wp-content\/uploads\/2019\/09\/Logo-Original.png","contentUrl":"https:\/\/experienciadevida.com.ar\/portalurbano\/wp-content\/uploads\/2019\/09\/Logo-Original.png","width":2236,"height":1216,"caption":"Portal Urbano"},"image":{"@id":"https:\/\/experienciadevida.com.ar\/portalurbano\/#\/schema\/logo\/image\/"},"sameAs":["https:\/\/www.facebook.com\/Portal-Urbano-171542830093757\/","https:\/\/twitter.com\/portalurbanook","https:\/\/www.instagram.com\/_portalurbano\/","https:\/\/www.youtube.com\/channel\/UCXhagIfszH8KxFiOok79zbA?view_as=subscriber"]},{"@type":"Person","@id":"https:\/\/experienciadevida.com.ar\/portalurbano\/#\/schema\/person\/02dd326b1c4b056e9cc972486934a3a7","name":"admpu17wp","image":{"@type":"ImageObject","inLanguage":"es","@id":"https:\/\/experienciadevida.com.ar\/portalurbano\/#\/schema\/person\/image\/","url":"https:\/\/secure.gravatar.com\/avatar\/830d4c57adaae6630765e449a6908047?s=96&d=mm&r=g","contentUrl":"https:\/\/secure.gravatar.com\/avatar\/830d4c57adaae6630765e449a6908047?s=96&d=mm&r=g","caption":"admpu17wp"}}]}},"featured_image_urls":{"full":["https:\/\/experienciadevida.com.ar\/portalurbano\/wp-content\/uploads\/2022\/05\/Se-realizara-un-censo.jpg",1280,605,false],"thumbnail":["https:\/\/experienciadevida.com.ar\/portalurbano\/wp-content\/uploads\/2022\/05\/Se-realizara-un-censo-150x150.jpg",150,150,true],"medium":["https:\/\/experienciadevida.com.ar\/portalurbano\/wp-content\/uploads\/2022\/05\/Se-realizara-un-censo-300x142.jpg",300,142,true],"medium_large":["https:\/\/experienciadevida.com.ar\/portalurbano\/wp-content\/uploads\/2022\/05\/Se-realizara-un-censo-768x363.jpg",640,303,true],"large":["https:\/\/experienciadevida.com.ar\/portalurbano\/wp-content\/uploads\/2022\/05\/Se-realizara-un-censo-1024x484.jpg",640,303,true],"ug_big":["https:\/\/experienciadevida.com.ar\/portalurbano\/wp-content\/uploads\/2022\/05\/Se-realizara-un-censo-768x363.jpg",768,363,true],"1536x1536":["https:\/\/experienciadevida.com.ar\/portalurbano\/wp-content\/uploads\/2022\/05\/Se-realizara-un-censo.jpg",1280,605,false],"2048x2048":["https:\/\/experienciadevida.com.ar\/portalurbano\/wp-content\/uploads\/2022\/05\/Se-realizara-un-censo.jpg",1280,605,false],"newsever-slider-full":["https:\/\/experienciadevida.com.ar\/portalurbano\/wp-content\/uploads\/2022\/05\/Se-realizara-un-censo.jpg",1280,605,false],"newsever-featured":["https:\/\/experienciadevida.com.ar\/portalurbano\/wp-content\/uploads\/2022\/05\/Se-realizara-un-censo.jpg",1024,484,false],"newsever-medium":["https:\/\/experienciadevida.com.ar\/portalurbano\/wp-content\/uploads\/2022\/05\/Se-realizara-un-censo.jpg",720,340,false],"web-stories-poster-portrait":["https:\/\/experienciadevida.com.ar\/portalurbano\/wp-content\/uploads\/2022\/05\/Se-realizara-un-censo.jpg",640,303,false],"web-stories-publisher-logo":["https:\/\/experienciadevida.com.ar\/portalurbano\/wp-content\/uploads\/2022\/05\/Se-realizara-un-censo.jpg",96,45,false],"web-stories-thumbnail":["https:\/\/experienciadevida.com.ar\/portalurbano\/wp-content\/uploads\/2022\/05\/Se-realizara-un-censo.jpg",150,71,false]},"author_info":{"display_name":"admpu17wp","author_link":"https:\/\/experienciadevida.com.ar\/portalurbano\/author\/admpu17wp\/"},"category_info":"<a href=\"https:\/\/experienciadevida.com.ar\/portalurbano\/category\/ciudad\/\" rel=\"category tag\">Ciudad<\/a>","tag_info":"Ciudad","comment_count":"0","amp_enabled":true,"_links":{"self":[{"href":"https:\/\/experienciadevida.com.ar\/portalurbano\/wp-json\/wp\/v2\/posts\/167670"}],"collection":[{"href":"https:\/\/experienciadevida.com.ar\/portalurbano\/wp-json\/wp\/v2\/posts"}],"about":[{"href":"https:\/\/experienciadevida.com.ar\/portalurbano\/wp-json\/wp\/v2\/types\/post"}],"author":[{"embeddable":true,"href":"https:\/\/experienciadevida.com.ar\/portalurbano\/wp-json\/wp\/v2\/users\/1"}],"replies":[{"embeddable":true,"href":"https:\/\/experienciadevida.com.ar\/portalurbano\/wp-json\/wp\/v2\/comments?post=167670"}],"version-history":[{"count":1,"href":"https:\/\/experienciadevida.com.ar\/portalurbano\/wp-json\/wp\/v2\/posts\/167670\/revisions"}],"predecessor-version":[{"id":167672,"href":"https:\/\/experienciadevida.com.ar\/portalurbano\/wp-json\/wp\/v2\/posts\/167670\/revisions\/167672"}],"wp:featuredmedia":[{"embeddable":true,"href":"https:\/\/experienciadevida.com.ar\/portalurbano\/wp-json\/wp\/v2\/media\/167671"}],"wp:attachment":[{"href":"https:\/\/experienciadevida.com.ar\/portalurbano\/wp-json\/wp\/v2\/media?parent=167670"}],"wp:term":[{"taxonomy":"category","embeddable":true,"href":"https:\/\/experienciadevida.com.ar\/portalurbano\/wp-json\/wp\/v2\/categories?post=167670"},{"taxonomy":"post_tag","embeddable":true,"href":"https:\/\/experienciadevida.com.ar\/portalurbano\/wp-json\/wp\/v2\/tags?post=167670"}],"curies":[{"name":"wp","href":"https:\/\/api.w.org\/{rel}","templated":true}]}}