{"id":167631,"date":"2022-05-13T15:47:31","date_gmt":"2022-05-13T18:47:31","guid":{"rendered":"https:\/\/experienciadevida.com.ar\/portalurbano\/?p=167631"},"modified":"2022-05-13T15:53:34","modified_gmt":"2022-05-13T18:53:34","slug":"el-intendente-entrego-tres-camionetas-a-la-subsecretaria-de-seguridad","status":"publish","type":"post","link":"https:\/\/experienciadevida.com.ar\/portalurbano\/el-intendente-entrego-tres-camionetas-a-la-subsecretaria-de-seguridad\/","title":{"rendered":"El Intendente entreg\u00f3 tres camionetas a la Subsecretar\u00eda de Seguridad"},"content":{"rendered":"<p>El Intendente entreg\u00f3 tres camionetas a la Subsecretar\u00eda de Seguridad, &#8220;es una gran noticia para que los empleados de la Subsecretar\u00eda de Seguridad puedan tener condiciones dignas para poder recorrer y hacer su trabajo\u201d. De esa manera el intendente Municipal Ezequiel <a href=\"https:\/\/www.facebook.com\/galliezequiel\">Galli<\/a> anunci\u00f3 la adquisici\u00f3n de tres camionetas, que en la ma\u00f1ana de este viernes fueron entregadas a la Subsecretar\u00eda de Seguridad, que encabeza Mario Busto.<\/p>\n<p>El jefe comunal expres\u00f3 que se trat\u00f3 de una inversi\u00f3n de 10 millones de pesos, costeada con fondos municipales. \u201cEsto es algo de lo que anunci\u00e9 el d\u00eda de la apertura de sesiones del Concejo Deliberante, que este a\u00f1o era un a\u00f1o en el que tocaba empezar a invertir en veh\u00edculos para distintos espacios de la Municipalidad, en este caso para Tr\u00e1nsito, para Control Urbano, pero tambi\u00e9n estamos invirtiendo para Salud, para Desarrollo Social, para Obras P\u00fablicas. Estamos incorporando veh\u00edculos nuevos para la flota del Municipio, porque l\u00f3gicamente los veh\u00edculos tienen un gran uso, tienen un gran desgaste. Este a\u00f1o tuvimos que prever las partidas presupuestarias para incorporar veh\u00edculo cero kil\u00f3metros en varias \u00e1reas municipales\u201d, expres\u00f3 ante los medios presentes.<\/p>\n<p>En ese sentido, Galli ahond\u00f3 en el acompa\u00f1amiento en inversi\u00f3n que desde el Municipio se realiza en materia Seguridad. \u201cLa Tasa de Protecci\u00f3n Ciudadana, con el gasto y la inversi\u00f3n que hacemos en seguridad, no alcanza para todo lo que se hace. Nosotros invertimos cerca de 10 millones de pesos mensuales en lo que es combustible para los patrulleros de la Polic\u00eda Bonaerense, arreglos, reparaciones, cubiertas. Esto sale del presupuesto municipal, esto sale de los contribuyentes del partido de Olavarr\u00eda\u201d, agreg\u00f3.<\/p>\n<p>A la par, el intendente se\u00f1al\u00f3 que estas tres camionetas se unir\u00e1n a la actual flota de m\u00f3viles con la que cuenta la Subsecretar\u00eda de Seguridad, para mantener e incrementar los controles y esfuerzos preventivos. \u201cTenemos que sumar nuevas herramientas, esto significa un ahorro en mantenimiento importante. A partir de estas tres incorporaciones algunos veh\u00edculos van a quedar en desuso, porque ya el mantenimiento es muy oneroso y ya cumplieron su ciclo, pero se suman estos nuevos veh\u00edculos al patrullaje que hace tambi\u00e9n las cuadrillas de la Polic\u00eda Bonaerense\u201d.<\/p>\n<p>Por \u00faltimo, revel\u00f3 que \u201cparalelamente estamos pensando en hacer un remate de los veh\u00edculos en desuso, de maquinarias en desuso de la Municipalidad, que lo m\u00e1s lo m\u00e1s probable es que vaya destinado a sistema de salud lo que se recaude\u201d.<\/p>\n","protected":false},"excerpt":{"rendered":"<p>El Intendente entreg\u00f3 tres camionetas a la Subsecretar\u00eda de Seguridad, &#8220;es una gran noticia para&#8230;<\/p>\n","protected":false},"author":1,"featured_media":167632,"comment_status":"closed","ping_status":"closed","sticky":false,"template":"","format":"standard","meta":{"content-type":""},"categories":[27,51],"tags":[],"nelio_content":{"isAutoShareEnabled":false,"autoShareEndMode":"default","automationSources":{"useContentSentences":true,"useSocialTemplates":true,"useCustomSentences":false,"customSentences":[]},"followers":[1],"suggestedReferences":[],"includedReferences":[],"efiUrl":"","efiAlt":"","highlights":[]},"yoast_head":"<!-- This site is optimized with the Yoast SEO plugin v20.7 - https:\/\/yoast.com\/wordpress\/plugins\/seo\/ -->\n<title>El Intendente entreg\u00f3 tres camionetas a la Subsecretar\u00eda de seguridad<\/title>\n<meta name=\"description\" content=\"El Intendente entreg\u00f3 tres camionetas a la Subsecretar\u00eda de Seguridad, &quot;es una gran noticia para que los empleados de la Subsecretar\u00eda\" \/>\n<meta name=\"robots\" content=\"index, follow, max-snippet:-1, max-image-preview:large, max-video-preview:-1\" \/>\n<link rel=\"canonical\" href=\"https:\/\/experienciadevida.com.ar\/portalurbano\/el-intendente-entrego-tres-camionetas-a-la-subsecretaria-de-seguridad\/\" \/>\n<meta property=\"og:locale\" content=\"es_ES\" \/>\n<meta property=\"og:type\" content=\"article\" \/>\n<meta property=\"og:title\" content=\"El Intendente entreg\u00f3 tres camionetas a la Subsecretar\u00eda de seguridad\" \/>\n<meta property=\"og:description\" content=\"El Intendente entreg\u00f3 tres camionetas a la Subsecretar\u00eda de Seguridad, &quot;es una gran noticia para que los empleados de la Subsecretar\u00eda\" \/>\n<meta property=\"og:url\" content=\"https:\/\/experienciadevida.com.ar\/portalurbano\/el-intendente-entrego-tres-camionetas-a-la-subsecretaria-de-seguridad\/\" \/>\n<meta property=\"article:publisher\" content=\"https:\/\/www.facebook.com\/Portal-Urbano-171542830093757\/\" \/>\n<meta property=\"article:published_time\" content=\"2022-05-13T18:47:31+00:00\" \/>\n<meta property=\"article:modified_time\" content=\"2022-05-13T18:53:34+00:00\" \/>\n<meta property=\"og:image\" content=\"https:\/\/experienciadevida.com.ar\/portalurbano\/wp-content\/uploads\/2022\/05\/El-Intendente-entrego-tres.jpg\" \/>\n\t<meta property=\"og:image:width\" content=\"2560\" \/>\n\t<meta property=\"og:image:height\" content=\"1711\" \/>\n\t<meta property=\"og:image:type\" content=\"image\/jpeg\" \/>\n<meta name=\"author\" content=\"admpu17wp\" \/>\n<meta name=\"twitter:card\" content=\"summary_large_image\" \/>\n<meta name=\"twitter:creator\" content=\"@portalurbanook\" \/>\n<meta name=\"twitter:site\" content=\"@portalurbanook\" \/>\n<meta name=\"twitter:label1\" content=\"Escrito por\" \/>\n\t<meta name=\"twitter:data1\" content=\"admpu17wp\" \/>\n\t<meta name=\"twitter:label2\" content=\"Tiempo de lectura\" \/>\n\t<meta name=\"twitter:data2\" content=\"2 minutos\" \/>\n<script type=\"application\/ld+json\" class=\"yoast-schema-graph\">{\"@context\":\"https:\/\/schema.org\",\"@graph\":[{\"@type\":\"Article\",\"@id\":\"https:\/\/experienciadevida.com.ar\/portalurbano\/el-intendente-entrego-tres-camionetas-a-la-subsecretaria-de-seguridad\/#article\",\"isPartOf\":{\"@id\":\"https:\/\/experienciadevida.com.ar\/portalurbano\/el-intendente-entrego-tres-camionetas-a-la-subsecretaria-de-seguridad\/\"},\"author\":{\"name\":\"admpu17wp\",\"@id\":\"https:\/\/experienciadevida.com.ar\/portalurbano\/#\/schema\/person\/02dd326b1c4b056e9cc972486934a3a7\"},\"headline\":\"El Intendente entreg\u00f3 tres camionetas a la Subsecretar\u00eda de Seguridad\",\"datePublished\":\"2022-05-13T18:47:31+00:00\",\"dateModified\":\"2022-05-13T18:53:34+00:00\",\"mainEntityOfPage\":{\"@id\":\"https:\/\/experienciadevida.com.ar\/portalurbano\/el-intendente-entrego-tres-camionetas-a-la-subsecretaria-de-seguridad\/\"},\"wordCount\":442,\"publisher\":{\"@id\":\"https:\/\/experienciadevida.com.ar\/portalurbano\/#organization\"},\"articleSection\":[\"Ciudad\",\"Destacadas\"],\"inLanguage\":\"es\"},{\"@type\":\"WebPage\",\"@id\":\"https:\/\/experienciadevida.com.ar\/portalurbano\/el-intendente-entrego-tres-camionetas-a-la-subsecretaria-de-seguridad\/\",\"url\":\"https:\/\/experienciadevida.com.ar\/portalurbano\/el-intendente-entrego-tres-camionetas-a-la-subsecretaria-de-seguridad\/\",\"name\":\"El Intendente entreg\u00f3 tres camionetas a la Subsecretar\u00eda de seguridad\",\"isPartOf\":{\"@id\":\"https:\/\/experienciadevida.com.ar\/portalurbano\/#website\"},\"datePublished\":\"2022-05-13T18:47:31+00:00\",\"dateModified\":\"2022-05-13T18:53:34+00:00\",\"description\":\"El Intendente entreg\u00f3 tres camionetas a la Subsecretar\u00eda de Seguridad, \\\"es una gran noticia para que los empleados de la Subsecretar\u00eda\",\"breadcrumb\":{\"@id\":\"https:\/\/experienciadevida.com.ar\/portalurbano\/el-intendente-entrego-tres-camionetas-a-la-subsecretaria-de-seguridad\/#breadcrumb\"},\"inLanguage\":\"es\",\"potentialAction\":[{\"@type\":\"ReadAction\",\"target\":[\"https:\/\/experienciadevida.com.ar\/portalurbano\/el-intendente-entrego-tres-camionetas-a-la-subsecretaria-de-seguridad\/\"]}]},{\"@type\":\"BreadcrumbList\",\"@id\":\"https:\/\/experienciadevida.com.ar\/portalurbano\/el-intendente-entrego-tres-camionetas-a-la-subsecretaria-de-seguridad\/#breadcrumb\",\"itemListElement\":[{\"@type\":\"ListItem\",\"position\":1,\"name\":\"Portada\",\"item\":\"https:\/\/experienciadevida.com.ar\/portalurbano\/\"},{\"@type\":\"ListItem\",\"position\":2,\"name\":\"El Intendente entreg\u00f3 tres camionetas a la Subsecretar\u00eda de Seguridad\"}]},{\"@type\":\"WebSite\",\"@id\":\"https:\/\/experienciadevida.com.ar\/portalurbano\/#website\",\"url\":\"https:\/\/experienciadevida.com.ar\/portalurbano\/\",\"name\":\"\",\"description\":\"\",\"publisher\":{\"@id\":\"https:\/\/experienciadevida.com.ar\/portalurbano\/#organization\"},\"potentialAction\":[{\"@type\":\"SearchAction\",\"target\":{\"@type\":\"EntryPoint\",\"urlTemplate\":\"https:\/\/experienciadevida.com.ar\/portalurbano\/?s={search_term_string}\"},\"query-input\":\"required name=search_term_string\"}],\"inLanguage\":\"es\"},{\"@type\":\"Organization\",\"@id\":\"https:\/\/experienciadevida.com.ar\/portalurbano\/#organization\",\"name\":\"Portal Urbano\",\"url\":\"https:\/\/experienciadevida.com.ar\/portalurbano\/\",\"logo\":{\"@type\":\"ImageObject\",\"inLanguage\":\"es\",\"@id\":\"https:\/\/experienciadevida.com.ar\/portalurbano\/#\/schema\/logo\/image\/\",\"url\":\"https:\/\/experienciadevida.com.ar\/portalurbano\/wp-content\/uploads\/2019\/09\/Logo-Original.png\",\"contentUrl\":\"https:\/\/experienciadevida.com.ar\/portalurbano\/wp-content\/uploads\/2019\/09\/Logo-Original.png\",\"width\":2236,\"height\":1216,\"caption\":\"Portal Urbano\"},\"image\":{\"@id\":\"https:\/\/experienciadevida.com.ar\/portalurbano\/#\/schema\/logo\/image\/\"},\"sameAs\":[\"https:\/\/www.facebook.com\/Portal-Urbano-171542830093757\/\",\"https:\/\/twitter.com\/portalurbanook\",\"https:\/\/www.instagram.com\/_portalurbano\/\",\"https:\/\/www.youtube.com\/channel\/UCXhagIfszH8KxFiOok79zbA?view_as=subscriber\"]},{\"@type\":\"Person\",\"@id\":\"https:\/\/experienciadevida.com.ar\/portalurbano\/#\/schema\/person\/02dd326b1c4b056e9cc972486934a3a7\",\"name\":\"admpu17wp\",\"image\":{\"@type\":\"ImageObject\",\"inLanguage\":\"es\",\"@id\":\"https:\/\/experienciadevida.com.ar\/portalurbano\/#\/schema\/person\/image\/\",\"url\":\"https:\/\/secure.gravatar.com\/avatar\/830d4c57adaae6630765e449a6908047?s=96&d=mm&r=g\",\"contentUrl\":\"https:\/\/secure.gravatar.com\/avatar\/830d4c57adaae6630765e449a6908047?s=96&d=mm&r=g\",\"caption\":\"admpu17wp\"}}]}<\/script>\n<!-- \/ Yoast SEO plugin. -->","yoast_head_json":{"title":"El Intendente entreg\u00f3 tres camionetas a la Subsecretar\u00eda de seguridad","description":"El Intendente entreg\u00f3 tres camionetas a la Subsecretar\u00eda de Seguridad, \"es una gran noticia para que los empleados de la Subsecretar\u00eda","robots":{"index":"index","follow":"follow","max-snippet":"max-snippet:-1","max-image-preview":"max-image-preview:large","max-video-preview":"max-video-preview:-1"},"canonical":"https:\/\/experienciadevida.com.ar\/portalurbano\/el-intendente-entrego-tres-camionetas-a-la-subsecretaria-de-seguridad\/","og_locale":"es_ES","og_type":"article","og_title":"El Intendente entreg\u00f3 tres camionetas a la Subsecretar\u00eda de seguridad","og_description":"El Intendente entreg\u00f3 tres camionetas a la Subsecretar\u00eda de Seguridad, \"es una gran noticia para que los empleados de la Subsecretar\u00eda","og_url":"https:\/\/experienciadevida.com.ar\/portalurbano\/el-intendente-entrego-tres-camionetas-a-la-subsecretaria-de-seguridad\/","article_publisher":"https:\/\/www.facebook.com\/Portal-Urbano-171542830093757\/","article_published_time":"2022-05-13T18:47:31+00:00","article_modified_time":"2022-05-13T18:53:34+00:00","og_image":[{"width":2560,"height":1711,"url":"https:\/\/experienciadevida.com.ar\/portalurbano\/wp-content\/uploads\/2022\/05\/El-Intendente-entrego-tres.jpg","type":"image\/jpeg"}],"author":"admpu17wp","twitter_card":"summary_large_image","twitter_creator":"@portalurbanook","twitter_site":"@portalurbanook","twitter_misc":{"Escrito por":"admpu17wp","Tiempo de lectura":"2 minutos"},"schema":{"@context":"https:\/\/schema.org","@graph":[{"@type":"Article","@id":"https:\/\/experienciadevida.com.ar\/portalurbano\/el-intendente-entrego-tres-camionetas-a-la-subsecretaria-de-seguridad\/#article","isPartOf":{"@id":"https:\/\/experienciadevida.com.ar\/portalurbano\/el-intendente-entrego-tres-camionetas-a-la-subsecretaria-de-seguridad\/"},"author":{"name":"admpu17wp","@id":"https:\/\/experienciadevida.com.ar\/portalurbano\/#\/schema\/person\/02dd326b1c4b056e9cc972486934a3a7"},"headline":"El Intendente entreg\u00f3 tres camionetas a la Subsecretar\u00eda de Seguridad","datePublished":"2022-05-13T18:47:31+00:00","dateModified":"2022-05-13T18:53:34+00:00","mainEntityOfPage":{"@id":"https:\/\/experienciadevida.com.ar\/portalurbano\/el-intendente-entrego-tres-camionetas-a-la-subsecretaria-de-seguridad\/"},"wordCount":442,"publisher":{"@id":"https:\/\/experienciadevida.com.ar\/portalurbano\/#organization"},"articleSection":["Ciudad","Destacadas"],"inLanguage":"es"},{"@type":"WebPage","@id":"https:\/\/experienciadevida.com.ar\/portalurbano\/el-intendente-entrego-tres-camionetas-a-la-subsecretaria-de-seguridad\/","url":"https:\/\/experienciadevida.com.ar\/portalurbano\/el-intendente-entrego-tres-camionetas-a-la-subsecretaria-de-seguridad\/","name":"El Intendente entreg\u00f3 tres camionetas a la Subsecretar\u00eda de seguridad","isPartOf":{"@id":"https:\/\/experienciadevida.com.ar\/portalurbano\/#website"},"datePublished":"2022-05-13T18:47:31+00:00","dateModified":"2022-05-13T18:53:34+00:00","description":"El Intendente entreg\u00f3 tres camionetas a la Subsecretar\u00eda de Seguridad, \"es una gran noticia para que los empleados de la Subsecretar\u00eda","breadcrumb":{"@id":"https:\/\/experienciadevida.com.ar\/portalurbano\/el-intendente-entrego-tres-camionetas-a-la-subsecretaria-de-seguridad\/#breadcrumb"},"inLanguage":"es","potentialAction":[{"@type":"ReadAction","target":["https:\/\/experienciadevida.com.ar\/portalurbano\/el-intendente-entrego-tres-camionetas-a-la-subsecretaria-de-seguridad\/"]}]},{"@type":"BreadcrumbList","@id":"https:\/\/experienciadevida.com.ar\/portalurbano\/el-intendente-entrego-tres-camionetas-a-la-subsecretaria-de-seguridad\/#breadcrumb","itemListElement":[{"@type":"ListItem","position":1,"name":"Portada","item":"https:\/\/experienciadevida.com.ar\/portalurbano\/"},{"@type":"ListItem","position":2,"name":"El Intendente entreg\u00f3 tres camionetas a la Subsecretar\u00eda de Seguridad"}]},{"@type":"WebSite","@id":"https:\/\/experienciadevida.com.ar\/portalurbano\/#website","url":"https:\/\/experienciadevida.com.ar\/portalurbano\/","name":"","description":"","publisher":{"@id":"https:\/\/experienciadevida.com.ar\/portalurbano\/#organization"},"potentialAction":[{"@type":"SearchAction","target":{"@type":"EntryPoint","urlTemplate":"https:\/\/experienciadevida.com.ar\/portalurbano\/?s={search_term_string}"},"query-input":"required name=search_term_string"}],"inLanguage":"es"},{"@type":"Organization","@id":"https:\/\/experienciadevida.com.ar\/portalurbano\/#organization","name":"Portal Urbano","url":"https:\/\/experienciadevida.com.ar\/portalurbano\/","logo":{"@type":"ImageObject","inLanguage":"es","@id":"https:\/\/experienciadevida.com.ar\/portalurbano\/#\/schema\/logo\/image\/","url":"https:\/\/experienciadevida.com.ar\/portalurbano\/wp-content\/uploads\/2019\/09\/Logo-Original.png","contentUrl":"https:\/\/experienciadevida.com.ar\/portalurbano\/wp-content\/uploads\/2019\/09\/Logo-Original.png","width":2236,"height":1216,"caption":"Portal Urbano"},"image":{"@id":"https:\/\/experienciadevida.com.ar\/portalurbano\/#\/schema\/logo\/image\/"},"sameAs":["https:\/\/www.facebook.com\/Portal-Urbano-171542830093757\/","https:\/\/twitter.com\/portalurbanook","https:\/\/www.instagram.com\/_portalurbano\/","https:\/\/www.youtube.com\/channel\/UCXhagIfszH8KxFiOok79zbA?view_as=subscriber"]},{"@type":"Person","@id":"https:\/\/experienciadevida.com.ar\/portalurbano\/#\/schema\/person\/02dd326b1c4b056e9cc972486934a3a7","name":"admpu17wp","image":{"@type":"ImageObject","inLanguage":"es","@id":"https:\/\/experienciadevida.com.ar\/portalurbano\/#\/schema\/person\/image\/","url":"https:\/\/secure.gravatar.com\/avatar\/830d4c57adaae6630765e449a6908047?s=96&d=mm&r=g","contentUrl":"https:\/\/secure.gravatar.com\/avatar\/830d4c57adaae6630765e449a6908047?s=96&d=mm&r=g","caption":"admpu17wp"}}]}},"featured_image_urls":{"full":["https:\/\/experienciadevida.com.ar\/portalurbano\/wp-content\/uploads\/2022\/05\/El-Intendente-entrego-tres.jpg",2560,1711,false],"thumbnail":["https:\/\/experienciadevida.com.ar\/portalurbano\/wp-content\/uploads\/2022\/05\/El-Intendente-entrego-tres-150x150.jpg",150,150,true],"medium":["https:\/\/experienciadevida.com.ar\/portalurbano\/wp-content\/uploads\/2022\/05\/El-Intendente-entrego-tres-300x201.jpg",300,201,true],"medium_large":["https:\/\/experienciadevida.com.ar\/portalurbano\/wp-content\/uploads\/2022\/05\/El-Intendente-entrego-tres-768x513.jpg",640,428,true],"large":["https:\/\/experienciadevida.com.ar\/portalurbano\/wp-content\/uploads\/2022\/05\/El-Intendente-entrego-tres-1024x684.jpg",640,428,true],"ug_big":["https:\/\/experienciadevida.com.ar\/portalurbano\/wp-content\/uploads\/2022\/05\/El-Intendente-entrego-tres-768x513.jpg",768,513,true],"1536x1536":["https:\/\/experienciadevida.com.ar\/portalurbano\/wp-content\/uploads\/2022\/05\/El-Intendente-entrego-tres-1536x1027.jpg",1536,1027,true],"2048x2048":["https:\/\/experienciadevida.com.ar\/portalurbano\/wp-content\/uploads\/2022\/05\/El-Intendente-entrego-tres-2048x1369.jpg",2048,1369,true],"newsever-slider-full":["https:\/\/experienciadevida.com.ar\/portalurbano\/wp-content\/uploads\/2022\/05\/El-Intendente-entrego-tres.jpg",1264,845,false],"newsever-featured":["https:\/\/experienciadevida.com.ar\/portalurbano\/wp-content\/uploads\/2022\/05\/El-Intendente-entrego-tres.jpg",1024,684,false],"newsever-medium":["https:\/\/experienciadevida.com.ar\/portalurbano\/wp-content\/uploads\/2022\/05\/El-Intendente-entrego-tres.jpg",711,475,false],"web-stories-poster-portrait":["https:\/\/experienciadevida.com.ar\/portalurbano\/wp-content\/uploads\/2022\/05\/El-Intendente-entrego-tres.jpg",640,428,false],"web-stories-publisher-logo":["https:\/\/experienciadevida.com.ar\/portalurbano\/wp-content\/uploads\/2022\/05\/El-Intendente-entrego-tres.jpg",96,64,false],"web-stories-thumbnail":["https:\/\/experienciadevida.com.ar\/portalurbano\/wp-content\/uploads\/2022\/05\/El-Intendente-entrego-tres.jpg",150,100,false]},"author_info":{"display_name":"admpu17wp","author_link":"https:\/\/experienciadevida.com.ar\/portalurbano\/author\/admpu17wp\/"},"category_info":"<a href=\"https:\/\/experienciadevida.com.ar\/portalurbano\/category\/ciudad\/\" rel=\"category tag\">Ciudad<\/a> <a href=\"https:\/\/experienciadevida.com.ar\/portalurbano\/category\/destacadas\/\" rel=\"category tag\">Destacadas<\/a>","tag_info":"Destacadas","comment_count":"0","amp_enabled":true,"_links":{"self":[{"href":"https:\/\/experienciadevida.com.ar\/portalurbano\/wp-json\/wp\/v2\/posts\/167631"}],"collection":[{"href":"https:\/\/experienciadevida.com.ar\/portalurbano\/wp-json\/wp\/v2\/posts"}],"about":[{"href":"https:\/\/experienciadevida.com.ar\/portalurbano\/wp-json\/wp\/v2\/types\/post"}],"author":[{"embeddable":true,"href":"https:\/\/experienciadevida.com.ar\/portalurbano\/wp-json\/wp\/v2\/users\/1"}],"replies":[{"embeddable":true,"href":"https:\/\/experienciadevida.com.ar\/portalurbano\/wp-json\/wp\/v2\/comments?post=167631"}],"version-history":[{"count":2,"href":"https:\/\/experienciadevida.com.ar\/portalurbano\/wp-json\/wp\/v2\/posts\/167631\/revisions"}],"predecessor-version":[{"id":167634,"href":"https:\/\/experienciadevida.com.ar\/portalurbano\/wp-json\/wp\/v2\/posts\/167631\/revisions\/167634"}],"wp:featuredmedia":[{"embeddable":true,"href":"https:\/\/experienciadevida.com.ar\/portalurbano\/wp-json\/wp\/v2\/media\/167632"}],"wp:attachment":[{"href":"https:\/\/experienciadevida.com.ar\/portalurbano\/wp-json\/wp\/v2\/media?parent=167631"}],"wp:term":[{"taxonomy":"category","embeddable":true,"href":"https:\/\/experienciadevida.com.ar\/portalurbano\/wp-json\/wp\/v2\/categories?post=167631"},{"taxonomy":"post_tag","embeddable":true,"href":"https:\/\/experienciadevida.com.ar\/portalurbano\/wp-json\/wp\/v2\/tags?post=167631"}],"curies":[{"name":"wp","href":"https:\/\/api.w.org\/{rel}","templated":true}]}}