{"id":167623,"date":"2022-05-13T09:57:35","date_gmt":"2022-05-13T12:57:35","guid":{"rendered":"https:\/\/experienciadevida.com.ar\/portalurbano\/?p=167623"},"modified":"2022-05-13T10:00:45","modified_gmt":"2022-05-13T13:00:45","slug":"actividades-del-programa-de-promocion-de-la-cadena-horticola-local","status":"publish","type":"post","link":"https:\/\/experienciadevida.com.ar\/portalurbano\/actividades-del-programa-de-promocion-de-la-cadena-horticola-local\/","title":{"rendered":"Actividades del Programa de Promoci\u00f3n de la cadena hort\u00edcola local"},"content":{"rendered":"<p>Actividades del Programa de Promoci\u00f3n de la cadena hort\u00edcola local, as\u00ed lo informaron desde la Secretar\u00eda de Desarrollo <a href=\"https:\/\/www.facebook.com\/municipiodeolavarria\">Econ\u00f3mico<\/a>, a trav\u00e9s de la Direcci\u00f3n de Desarrollo Agropecuario, se inform\u00f3 que siguen las acciones en el marco del programa de promoci\u00f3n de la cadena hort\u00edcola, que se lleva a cabo de manera conjunta con el INTA y la Facultad de Agronom\u00eda de la UNICEN.<\/p>\n<p>Se a\u00f1adi\u00f3 que la iniciativa tiene como objetivo proveer herramientas para la promoci\u00f3n y desarrollo productivo de la cadena hort\u00edcola local. Es en ese marco que desde el mes de marzo se vienen realizando recorridas semanales por las distintas quintas, buscando detectar problem\u00e1ticas a abordar y estrechando el v\u00ednculo con los productores.<\/p>\n<p>Desde el \u00e1rea se agreg\u00f3 que algunas de las visitas se hicieron en compa\u00f1\u00eda de personal del Centro Regional Buenos Aires Sur del SENASA, con el objetivo de hacer entrega de las actualizaciones de las inscripciones en el RENSPA de los productores, y otras con personal del INTA local, desde donde se hizo entrega de semillas de estaci\u00f3n.<\/p>\n<p>Durante el transcurso del presente mes se llevar\u00e1 a cabo una jornada de capacitaci\u00f3n y actualizaci\u00f3n en \u201cBuenas Pr\u00e1cticas Agr\u00edcolas Fruti-Hort\u00edcolas\u201d, para seguir trabajando sobre todas aquellas acciones tendientes a reducir los riesgos microbiol\u00f3gicos, f\u00edsicos y qu\u00edmicos en la producci\u00f3n primaria, teniendo como objetivo principal el logro de alimentos inocuos, a partir de producciones que promueven el cuidado del medio ambiente y la salud de los trabajadores.<\/p>\n","protected":false},"excerpt":{"rendered":"<p>Actividades del Programa de Promoci\u00f3n de la cadena hort\u00edcola local, as\u00ed lo informaron desde la&#8230;<\/p>\n","protected":false},"author":1,"featured_media":167624,"comment_status":"closed","ping_status":"closed","sticky":false,"template":"","format":"standard","meta":{"content-type":""},"categories":[27,51],"tags":[],"nelio_content":{"isAutoShareEnabled":false,"autoShareEndMode":"default","automationSources":{"useContentSentences":true,"useSocialTemplates":true,"useCustomSentences":false,"customSentences":[]},"followers":[1],"suggestedReferences":[],"includedReferences":[],"efiUrl":"","efiAlt":"","highlights":[]},"yoast_head":"<!-- This site is optimized with the Yoast SEO plugin v20.7 - https:\/\/yoast.com\/wordpress\/plugins\/seo\/ -->\n<title>Actividades del programa de promoci\u00f3n de la cadena hort\u00edcola local<\/title>\n<meta name=\"description\" content=\"Actividades del Programa de Promoci\u00f3n de la cadena hort\u00edcola local, as\u00ed lo informaron desde la Secretar\u00eda de Desarrollo\" \/>\n<meta name=\"robots\" content=\"index, follow, max-snippet:-1, max-image-preview:large, max-video-preview:-1\" \/>\n<link rel=\"canonical\" href=\"https:\/\/experienciadevida.com.ar\/portalurbano\/actividades-del-programa-de-promocion-de-la-cadena-horticola-local\/\" \/>\n<meta property=\"og:locale\" content=\"es_ES\" \/>\n<meta property=\"og:type\" content=\"article\" \/>\n<meta property=\"og:title\" content=\"Actividades del programa de promoci\u00f3n de la cadena hort\u00edcola local\" \/>\n<meta property=\"og:description\" content=\"Actividades del Programa de Promoci\u00f3n de la cadena hort\u00edcola local, as\u00ed lo informaron desde la Secretar\u00eda de Desarrollo\" \/>\n<meta property=\"og:url\" content=\"https:\/\/experienciadevida.com.ar\/portalurbano\/actividades-del-programa-de-promocion-de-la-cadena-horticola-local\/\" \/>\n<meta property=\"article:publisher\" content=\"https:\/\/www.facebook.com\/Portal-Urbano-171542830093757\/\" \/>\n<meta property=\"article:published_time\" content=\"2022-05-13T12:57:35+00:00\" \/>\n<meta property=\"article:modified_time\" content=\"2022-05-13T13:00:45+00:00\" \/>\n<meta property=\"og:image\" content=\"https:\/\/experienciadevida.com.ar\/portalurbano\/wp-content\/uploads\/2022\/05\/Actividades-del-Programa-de.jpg\" \/>\n\t<meta property=\"og:image:width\" content=\"1024\" \/>\n\t<meta property=\"og:image:height\" content=\"682\" \/>\n\t<meta property=\"og:image:type\" content=\"image\/jpeg\" \/>\n<meta name=\"author\" content=\"admpu17wp\" \/>\n<meta name=\"twitter:card\" content=\"summary_large_image\" \/>\n<meta name=\"twitter:creator\" content=\"@portalurbanook\" \/>\n<meta name=\"twitter:site\" content=\"@portalurbanook\" \/>\n<meta name=\"twitter:label1\" content=\"Escrito por\" \/>\n\t<meta name=\"twitter:data1\" content=\"admpu17wp\" \/>\n\t<meta name=\"twitter:label2\" content=\"Tiempo de lectura\" \/>\n\t<meta name=\"twitter:data2\" content=\"2 minutos\" \/>\n<script type=\"application\/ld+json\" class=\"yoast-schema-graph\">{\"@context\":\"https:\/\/schema.org\",\"@graph\":[{\"@type\":\"Article\",\"@id\":\"https:\/\/experienciadevida.com.ar\/portalurbano\/actividades-del-programa-de-promocion-de-la-cadena-horticola-local\/#article\",\"isPartOf\":{\"@id\":\"https:\/\/experienciadevida.com.ar\/portalurbano\/actividades-del-programa-de-promocion-de-la-cadena-horticola-local\/\"},\"author\":{\"name\":\"admpu17wp\",\"@id\":\"https:\/\/experienciadevida.com.ar\/portalurbano\/#\/schema\/person\/02dd326b1c4b056e9cc972486934a3a7\"},\"headline\":\"Actividades del Programa de Promoci\u00f3n de la cadena hort\u00edcola local\",\"datePublished\":\"2022-05-13T12:57:35+00:00\",\"dateModified\":\"2022-05-13T13:00:45+00:00\",\"mainEntityOfPage\":{\"@id\":\"https:\/\/experienciadevida.com.ar\/portalurbano\/actividades-del-programa-de-promocion-de-la-cadena-horticola-local\/\"},\"wordCount\":277,\"publisher\":{\"@id\":\"https:\/\/experienciadevida.com.ar\/portalurbano\/#organization\"},\"articleSection\":[\"Ciudad\",\"Destacadas\"],\"inLanguage\":\"es\"},{\"@type\":\"WebPage\",\"@id\":\"https:\/\/experienciadevida.com.ar\/portalurbano\/actividades-del-programa-de-promocion-de-la-cadena-horticola-local\/\",\"url\":\"https:\/\/experienciadevida.com.ar\/portalurbano\/actividades-del-programa-de-promocion-de-la-cadena-horticola-local\/\",\"name\":\"Actividades del programa de promoci\u00f3n de la cadena hort\u00edcola local\",\"isPartOf\":{\"@id\":\"https:\/\/experienciadevida.com.ar\/portalurbano\/#website\"},\"datePublished\":\"2022-05-13T12:57:35+00:00\",\"dateModified\":\"2022-05-13T13:00:45+00:00\",\"description\":\"Actividades del Programa de Promoci\u00f3n de la cadena hort\u00edcola local, as\u00ed lo informaron desde la Secretar\u00eda de Desarrollo\",\"breadcrumb\":{\"@id\":\"https:\/\/experienciadevida.com.ar\/portalurbano\/actividades-del-programa-de-promocion-de-la-cadena-horticola-local\/#breadcrumb\"},\"inLanguage\":\"es\",\"potentialAction\":[{\"@type\":\"ReadAction\",\"target\":[\"https:\/\/experienciadevida.com.ar\/portalurbano\/actividades-del-programa-de-promocion-de-la-cadena-horticola-local\/\"]}]},{\"@type\":\"BreadcrumbList\",\"@id\":\"https:\/\/experienciadevida.com.ar\/portalurbano\/actividades-del-programa-de-promocion-de-la-cadena-horticola-local\/#breadcrumb\",\"itemListElement\":[{\"@type\":\"ListItem\",\"position\":1,\"name\":\"Portada\",\"item\":\"https:\/\/experienciadevida.com.ar\/portalurbano\/\"},{\"@type\":\"ListItem\",\"position\":2,\"name\":\"Actividades del Programa de Promoci\u00f3n de la cadena hort\u00edcola local\"}]},{\"@type\":\"WebSite\",\"@id\":\"https:\/\/experienciadevida.com.ar\/portalurbano\/#website\",\"url\":\"https:\/\/experienciadevida.com.ar\/portalurbano\/\",\"name\":\"\",\"description\":\"\",\"publisher\":{\"@id\":\"https:\/\/experienciadevida.com.ar\/portalurbano\/#organization\"},\"potentialAction\":[{\"@type\":\"SearchAction\",\"target\":{\"@type\":\"EntryPoint\",\"urlTemplate\":\"https:\/\/experienciadevida.com.ar\/portalurbano\/?s={search_term_string}\"},\"query-input\":\"required name=search_term_string\"}],\"inLanguage\":\"es\"},{\"@type\":\"Organization\",\"@id\":\"https:\/\/experienciadevida.com.ar\/portalurbano\/#organization\",\"name\":\"Portal Urbano\",\"url\":\"https:\/\/experienciadevida.com.ar\/portalurbano\/\",\"logo\":{\"@type\":\"ImageObject\",\"inLanguage\":\"es\",\"@id\":\"https:\/\/experienciadevida.com.ar\/portalurbano\/#\/schema\/logo\/image\/\",\"url\":\"https:\/\/experienciadevida.com.ar\/portalurbano\/wp-content\/uploads\/2019\/09\/Logo-Original.png\",\"contentUrl\":\"https:\/\/experienciadevida.com.ar\/portalurbano\/wp-content\/uploads\/2019\/09\/Logo-Original.png\",\"width\":2236,\"height\":1216,\"caption\":\"Portal Urbano\"},\"image\":{\"@id\":\"https:\/\/experienciadevida.com.ar\/portalurbano\/#\/schema\/logo\/image\/\"},\"sameAs\":[\"https:\/\/www.facebook.com\/Portal-Urbano-171542830093757\/\",\"https:\/\/twitter.com\/portalurbanook\",\"https:\/\/www.instagram.com\/_portalurbano\/\",\"https:\/\/www.youtube.com\/channel\/UCXhagIfszH8KxFiOok79zbA?view_as=subscriber\"]},{\"@type\":\"Person\",\"@id\":\"https:\/\/experienciadevida.com.ar\/portalurbano\/#\/schema\/person\/02dd326b1c4b056e9cc972486934a3a7\",\"name\":\"admpu17wp\",\"image\":{\"@type\":\"ImageObject\",\"inLanguage\":\"es\",\"@id\":\"https:\/\/experienciadevida.com.ar\/portalurbano\/#\/schema\/person\/image\/\",\"url\":\"https:\/\/secure.gravatar.com\/avatar\/830d4c57adaae6630765e449a6908047?s=96&d=mm&r=g\",\"contentUrl\":\"https:\/\/secure.gravatar.com\/avatar\/830d4c57adaae6630765e449a6908047?s=96&d=mm&r=g\",\"caption\":\"admpu17wp\"}}]}<\/script>\n<!-- \/ Yoast SEO plugin. -->","yoast_head_json":{"title":"Actividades del programa de promoci\u00f3n de la cadena hort\u00edcola local","description":"Actividades del Programa de Promoci\u00f3n de la cadena hort\u00edcola local, as\u00ed lo informaron desde la Secretar\u00eda de Desarrollo","robots":{"index":"index","follow":"follow","max-snippet":"max-snippet:-1","max-image-preview":"max-image-preview:large","max-video-preview":"max-video-preview:-1"},"canonical":"https:\/\/experienciadevida.com.ar\/portalurbano\/actividades-del-programa-de-promocion-de-la-cadena-horticola-local\/","og_locale":"es_ES","og_type":"article","og_title":"Actividades del programa de promoci\u00f3n de la cadena hort\u00edcola local","og_description":"Actividades del Programa de Promoci\u00f3n de la cadena hort\u00edcola local, as\u00ed lo informaron desde la Secretar\u00eda de Desarrollo","og_url":"https:\/\/experienciadevida.com.ar\/portalurbano\/actividades-del-programa-de-promocion-de-la-cadena-horticola-local\/","article_publisher":"https:\/\/www.facebook.com\/Portal-Urbano-171542830093757\/","article_published_time":"2022-05-13T12:57:35+00:00","article_modified_time":"2022-05-13T13:00:45+00:00","og_image":[{"width":1024,"height":682,"url":"https:\/\/experienciadevida.com.ar\/portalurbano\/wp-content\/uploads\/2022\/05\/Actividades-del-Programa-de.jpg","type":"image\/jpeg"}],"author":"admpu17wp","twitter_card":"summary_large_image","twitter_creator":"@portalurbanook","twitter_site":"@portalurbanook","twitter_misc":{"Escrito por":"admpu17wp","Tiempo de lectura":"2 minutos"},"schema":{"@context":"https:\/\/schema.org","@graph":[{"@type":"Article","@id":"https:\/\/experienciadevida.com.ar\/portalurbano\/actividades-del-programa-de-promocion-de-la-cadena-horticola-local\/#article","isPartOf":{"@id":"https:\/\/experienciadevida.com.ar\/portalurbano\/actividades-del-programa-de-promocion-de-la-cadena-horticola-local\/"},"author":{"name":"admpu17wp","@id":"https:\/\/experienciadevida.com.ar\/portalurbano\/#\/schema\/person\/02dd326b1c4b056e9cc972486934a3a7"},"headline":"Actividades del Programa de Promoci\u00f3n de la cadena hort\u00edcola local","datePublished":"2022-05-13T12:57:35+00:00","dateModified":"2022-05-13T13:00:45+00:00","mainEntityOfPage":{"@id":"https:\/\/experienciadevida.com.ar\/portalurbano\/actividades-del-programa-de-promocion-de-la-cadena-horticola-local\/"},"wordCount":277,"publisher":{"@id":"https:\/\/experienciadevida.com.ar\/portalurbano\/#organization"},"articleSection":["Ciudad","Destacadas"],"inLanguage":"es"},{"@type":"WebPage","@id":"https:\/\/experienciadevida.com.ar\/portalurbano\/actividades-del-programa-de-promocion-de-la-cadena-horticola-local\/","url":"https:\/\/experienciadevida.com.ar\/portalurbano\/actividades-del-programa-de-promocion-de-la-cadena-horticola-local\/","name":"Actividades del programa de promoci\u00f3n de la cadena hort\u00edcola local","isPartOf":{"@id":"https:\/\/experienciadevida.com.ar\/portalurbano\/#website"},"datePublished":"2022-05-13T12:57:35+00:00","dateModified":"2022-05-13T13:00:45+00:00","description":"Actividades del Programa de Promoci\u00f3n de la cadena hort\u00edcola local, as\u00ed lo informaron desde la Secretar\u00eda de Desarrollo","breadcrumb":{"@id":"https:\/\/experienciadevida.com.ar\/portalurbano\/actividades-del-programa-de-promocion-de-la-cadena-horticola-local\/#breadcrumb"},"inLanguage":"es","potentialAction":[{"@type":"ReadAction","target":["https:\/\/experienciadevida.com.ar\/portalurbano\/actividades-del-programa-de-promocion-de-la-cadena-horticola-local\/"]}]},{"@type":"BreadcrumbList","@id":"https:\/\/experienciadevida.com.ar\/portalurbano\/actividades-del-programa-de-promocion-de-la-cadena-horticola-local\/#breadcrumb","itemListElement":[{"@type":"ListItem","position":1,"name":"Portada","item":"https:\/\/experienciadevida.com.ar\/portalurbano\/"},{"@type":"ListItem","position":2,"name":"Actividades del Programa de Promoci\u00f3n de la cadena hort\u00edcola local"}]},{"@type":"WebSite","@id":"https:\/\/experienciadevida.com.ar\/portalurbano\/#website","url":"https:\/\/experienciadevida.com.ar\/portalurbano\/","name":"","description":"","publisher":{"@id":"https:\/\/experienciadevida.com.ar\/portalurbano\/#organization"},"potentialAction":[{"@type":"SearchAction","target":{"@type":"EntryPoint","urlTemplate":"https:\/\/experienciadevida.com.ar\/portalurbano\/?s={search_term_string}"},"query-input":"required name=search_term_string"}],"inLanguage":"es"},{"@type":"Organization","@id":"https:\/\/experienciadevida.com.ar\/portalurbano\/#organization","name":"Portal Urbano","url":"https:\/\/experienciadevida.com.ar\/portalurbano\/","logo":{"@type":"ImageObject","inLanguage":"es","@id":"https:\/\/experienciadevida.com.ar\/portalurbano\/#\/schema\/logo\/image\/","url":"https:\/\/experienciadevida.com.ar\/portalurbano\/wp-content\/uploads\/2019\/09\/Logo-Original.png","contentUrl":"https:\/\/experienciadevida.com.ar\/portalurbano\/wp-content\/uploads\/2019\/09\/Logo-Original.png","width":2236,"height":1216,"caption":"Portal Urbano"},"image":{"@id":"https:\/\/experienciadevida.com.ar\/portalurbano\/#\/schema\/logo\/image\/"},"sameAs":["https:\/\/www.facebook.com\/Portal-Urbano-171542830093757\/","https:\/\/twitter.com\/portalurbanook","https:\/\/www.instagram.com\/_portalurbano\/","https:\/\/www.youtube.com\/channel\/UCXhagIfszH8KxFiOok79zbA?view_as=subscriber"]},{"@type":"Person","@id":"https:\/\/experienciadevida.com.ar\/portalurbano\/#\/schema\/person\/02dd326b1c4b056e9cc972486934a3a7","name":"admpu17wp","image":{"@type":"ImageObject","inLanguage":"es","@id":"https:\/\/experienciadevida.com.ar\/portalurbano\/#\/schema\/person\/image\/","url":"https:\/\/secure.gravatar.com\/avatar\/830d4c57adaae6630765e449a6908047?s=96&d=mm&r=g","contentUrl":"https:\/\/secure.gravatar.com\/avatar\/830d4c57adaae6630765e449a6908047?s=96&d=mm&r=g","caption":"admpu17wp"}}]}},"featured_image_urls":{"full":["https:\/\/experienciadevida.com.ar\/portalurbano\/wp-content\/uploads\/2022\/05\/Actividades-del-Programa-de.jpg",1024,682,false],"thumbnail":["https:\/\/experienciadevida.com.ar\/portalurbano\/wp-content\/uploads\/2022\/05\/Actividades-del-Programa-de-150x150.jpg",150,150,true],"medium":["https:\/\/experienciadevida.com.ar\/portalurbano\/wp-content\/uploads\/2022\/05\/Actividades-del-Programa-de-300x200.jpg",300,200,true],"medium_large":["https:\/\/experienciadevida.com.ar\/portalurbano\/wp-content\/uploads\/2022\/05\/Actividades-del-Programa-de-768x512.jpg",640,427,true],"large":["https:\/\/experienciadevida.com.ar\/portalurbano\/wp-content\/uploads\/2022\/05\/Actividades-del-Programa-de.jpg",640,426,false],"ug_big":["https:\/\/experienciadevida.com.ar\/portalurbano\/wp-content\/uploads\/2022\/05\/Actividades-del-Programa-de-768x512.jpg",768,512,true],"1536x1536":["https:\/\/experienciadevida.com.ar\/portalurbano\/wp-content\/uploads\/2022\/05\/Actividades-del-Programa-de.jpg",1024,682,false],"2048x2048":["https:\/\/experienciadevida.com.ar\/portalurbano\/wp-content\/uploads\/2022\/05\/Actividades-del-Programa-de.jpg",1024,682,false],"newsever-slider-full":["https:\/\/experienciadevida.com.ar\/portalurbano\/wp-content\/uploads\/2022\/05\/Actividades-del-Programa-de.jpg",1024,682,false],"newsever-featured":["https:\/\/experienciadevida.com.ar\/portalurbano\/wp-content\/uploads\/2022\/05\/Actividades-del-Programa-de.jpg",1024,682,false],"newsever-medium":["https:\/\/experienciadevida.com.ar\/portalurbano\/wp-content\/uploads\/2022\/05\/Actividades-del-Programa-de.jpg",713,475,false],"web-stories-poster-portrait":["https:\/\/experienciadevida.com.ar\/portalurbano\/wp-content\/uploads\/2022\/05\/Actividades-del-Programa-de.jpg",640,426,false],"web-stories-publisher-logo":["https:\/\/experienciadevida.com.ar\/portalurbano\/wp-content\/uploads\/2022\/05\/Actividades-del-Programa-de.jpg",96,64,false],"web-stories-thumbnail":["https:\/\/experienciadevida.com.ar\/portalurbano\/wp-content\/uploads\/2022\/05\/Actividades-del-Programa-de.jpg",150,100,false]},"author_info":{"display_name":"admpu17wp","author_link":"https:\/\/experienciadevida.com.ar\/portalurbano\/author\/admpu17wp\/"},"category_info":"<a href=\"https:\/\/experienciadevida.com.ar\/portalurbano\/category\/ciudad\/\" rel=\"category tag\">Ciudad<\/a> <a href=\"https:\/\/experienciadevida.com.ar\/portalurbano\/category\/destacadas\/\" rel=\"category tag\">Destacadas<\/a>","tag_info":"Destacadas","comment_count":"0","amp_enabled":true,"_links":{"self":[{"href":"https:\/\/experienciadevida.com.ar\/portalurbano\/wp-json\/wp\/v2\/posts\/167623"}],"collection":[{"href":"https:\/\/experienciadevida.com.ar\/portalurbano\/wp-json\/wp\/v2\/posts"}],"about":[{"href":"https:\/\/experienciadevida.com.ar\/portalurbano\/wp-json\/wp\/v2\/types\/post"}],"author":[{"embeddable":true,"href":"https:\/\/experienciadevida.com.ar\/portalurbano\/wp-json\/wp\/v2\/users\/1"}],"replies":[{"embeddable":true,"href":"https:\/\/experienciadevida.com.ar\/portalurbano\/wp-json\/wp\/v2\/comments?post=167623"}],"version-history":[{"count":2,"href":"https:\/\/experienciadevida.com.ar\/portalurbano\/wp-json\/wp\/v2\/posts\/167623\/revisions"}],"predecessor-version":[{"id":167626,"href":"https:\/\/experienciadevida.com.ar\/portalurbano\/wp-json\/wp\/v2\/posts\/167623\/revisions\/167626"}],"wp:featuredmedia":[{"embeddable":true,"href":"https:\/\/experienciadevida.com.ar\/portalurbano\/wp-json\/wp\/v2\/media\/167624"}],"wp:attachment":[{"href":"https:\/\/experienciadevida.com.ar\/portalurbano\/wp-json\/wp\/v2\/media?parent=167623"}],"wp:term":[{"taxonomy":"category","embeddable":true,"href":"https:\/\/experienciadevida.com.ar\/portalurbano\/wp-json\/wp\/v2\/categories?post=167623"},{"taxonomy":"post_tag","embeddable":true,"href":"https:\/\/experienciadevida.com.ar\/portalurbano\/wp-json\/wp\/v2\/tags?post=167623"}],"curies":[{"name":"wp","href":"https:\/\/api.w.org\/{rel}","templated":true}]}}