{"id":167594,"date":"2022-05-12T11:13:23","date_gmt":"2022-05-12T14:13:23","guid":{"rendered":"https:\/\/experienciadevida.com.ar\/portalurbano\/?p=167594"},"modified":"2022-05-12T11:14:02","modified_gmt":"2022-05-12T14:14:02","slug":"relaciones-con-la-comunidad-eleccion-de-autoridades-de-la-junta-vecinal-amparo-castro","status":"publish","type":"post","link":"https:\/\/experienciadevida.com.ar\/portalurbano\/relaciones-con-la-comunidad-eleccion-de-autoridades-de-la-junta-vecinal-amparo-castro\/","title":{"rendered":"Relaciones con la comunidad: elecci\u00f3n de autoridades de la Junta Vecinal Amparo Castro"},"content":{"rendered":"<p>Relaciones con la comunidad: elecci\u00f3n de autoridades de la Junta Vecinal Amparo Castro, con la presencia de la Directora de Relaciones con la Comunidad, Laura Sequeira, se realiz\u00f3 la Asamblea General Extraordinaria en la Junta Vecinal Amparo Castro.<\/p>\n<p>La jornada, convocada por la Comisi\u00f3n Directiva, tuvo lugar en la sede de la entidad, Aguilar 2250; en la tarde de este mi\u00e9rcoles 11 de mayo.<\/p>\n<p>El orden del d\u00eda contempl\u00f3 dos puntos a tratar: la elecci\u00f3n de dos vecinas\/os para firmar el acta de la asamblea, conjuntamente con el presidente y el secretario y la elecci\u00f3n de autoridades de comisi\u00f3n directiva y revisores de cuentas: Hugo Mariani result\u00f3 electo como Presidente por el per\u00edodo 2022-2024.<\/p>\n<p>&nbsp;<\/p>\n","protected":false},"excerpt":{"rendered":"<p>Relaciones con la comunidad: elecci\u00f3n de autoridades de la Junta Vecinal Amparo Castro, con la&#8230;<\/p>\n","protected":false},"author":1,"featured_media":167595,"comment_status":"closed","ping_status":"closed","sticky":false,"template":"","format":"standard","meta":{"content-type":""},"categories":[27],"tags":[],"nelio_content":{"isAutoShareEnabled":false,"autoShareEndMode":"default","automationSources":{"useContentSentences":true,"useSocialTemplates":true,"useCustomSentences":false,"customSentences":[]},"followers":[1],"suggestedReferences":[],"includedReferences":[],"efiUrl":"","efiAlt":"","highlights":[]},"yoast_head":"<!-- This site is optimized with the Yoast SEO plugin v20.7 - https:\/\/yoast.com\/wordpress\/plugins\/seo\/ -->\n<title>Relaciones con la comunidad: Elecci\u00f3n de autoridades de la junta vecinal<\/title>\n<meta name=\"description\" content=\"Relaciones con la comunidad: elecci\u00f3n de autoridades de la Junta Vecinal Amparo Castro, con la presencia de la Directora\" \/>\n<meta name=\"robots\" content=\"index, follow, max-snippet:-1, max-image-preview:large, max-video-preview:-1\" \/>\n<link rel=\"canonical\" href=\"https:\/\/experienciadevida.com.ar\/portalurbano\/relaciones-con-la-comunidad-eleccion-de-autoridades-de-la-junta-vecinal-amparo-castro\/\" \/>\n<meta property=\"og:locale\" content=\"es_ES\" \/>\n<meta property=\"og:type\" content=\"article\" \/>\n<meta property=\"og:title\" content=\"Relaciones con la comunidad: Elecci\u00f3n de autoridades de la junta vecinal\" \/>\n<meta property=\"og:description\" content=\"Relaciones con la comunidad: elecci\u00f3n de autoridades de la Junta Vecinal Amparo Castro, con la presencia de la Directora\" \/>\n<meta property=\"og:url\" content=\"https:\/\/experienciadevida.com.ar\/portalurbano\/relaciones-con-la-comunidad-eleccion-de-autoridades-de-la-junta-vecinal-amparo-castro\/\" \/>\n<meta property=\"article:publisher\" content=\"https:\/\/www.facebook.com\/Portal-Urbano-171542830093757\/\" \/>\n<meta property=\"article:published_time\" content=\"2022-05-12T14:13:23+00:00\" \/>\n<meta property=\"article:modified_time\" content=\"2022-05-12T14:14:02+00:00\" \/>\n<meta property=\"og:image\" content=\"https:\/\/experienciadevida.com.ar\/portalurbano\/wp-content\/uploads\/2022\/05\/Relaciones-con-la-comunidad.jpg\" \/>\n\t<meta property=\"og:image:width\" content=\"1024\" \/>\n\t<meta property=\"og:image:height\" content=\"682\" \/>\n\t<meta property=\"og:image:type\" content=\"image\/jpeg\" \/>\n<meta name=\"author\" content=\"admpu17wp\" \/>\n<meta name=\"twitter:card\" content=\"summary_large_image\" \/>\n<meta name=\"twitter:creator\" content=\"@portalurbanook\" \/>\n<meta name=\"twitter:site\" content=\"@portalurbanook\" \/>\n<meta name=\"twitter:label1\" content=\"Escrito por\" \/>\n\t<meta name=\"twitter:data1\" content=\"admpu17wp\" \/>\n\t<meta name=\"twitter:label2\" content=\"Tiempo de lectura\" \/>\n\t<meta name=\"twitter:data2\" content=\"1 minuto\" \/>\n<script type=\"application\/ld+json\" class=\"yoast-schema-graph\">{\"@context\":\"https:\/\/schema.org\",\"@graph\":[{\"@type\":\"Article\",\"@id\":\"https:\/\/experienciadevida.com.ar\/portalurbano\/relaciones-con-la-comunidad-eleccion-de-autoridades-de-la-junta-vecinal-amparo-castro\/#article\",\"isPartOf\":{\"@id\":\"https:\/\/experienciadevida.com.ar\/portalurbano\/relaciones-con-la-comunidad-eleccion-de-autoridades-de-la-junta-vecinal-amparo-castro\/\"},\"author\":{\"name\":\"admpu17wp\",\"@id\":\"https:\/\/experienciadevida.com.ar\/portalurbano\/#\/schema\/person\/02dd326b1c4b056e9cc972486934a3a7\"},\"headline\":\"Relaciones con la comunidad: elecci\u00f3n de autoridades de la Junta Vecinal Amparo Castro\",\"datePublished\":\"2022-05-12T14:13:23+00:00\",\"dateModified\":\"2022-05-12T14:14:02+00:00\",\"mainEntityOfPage\":{\"@id\":\"https:\/\/experienciadevida.com.ar\/portalurbano\/relaciones-con-la-comunidad-eleccion-de-autoridades-de-la-junta-vecinal-amparo-castro\/\"},\"wordCount\":136,\"publisher\":{\"@id\":\"https:\/\/experienciadevida.com.ar\/portalurbano\/#organization\"},\"articleSection\":[\"Ciudad\"],\"inLanguage\":\"es\"},{\"@type\":\"WebPage\",\"@id\":\"https:\/\/experienciadevida.com.ar\/portalurbano\/relaciones-con-la-comunidad-eleccion-de-autoridades-de-la-junta-vecinal-amparo-castro\/\",\"url\":\"https:\/\/experienciadevida.com.ar\/portalurbano\/relaciones-con-la-comunidad-eleccion-de-autoridades-de-la-junta-vecinal-amparo-castro\/\",\"name\":\"Relaciones con la comunidad: Elecci\u00f3n de autoridades de la junta vecinal\",\"isPartOf\":{\"@id\":\"https:\/\/experienciadevida.com.ar\/portalurbano\/#website\"},\"datePublished\":\"2022-05-12T14:13:23+00:00\",\"dateModified\":\"2022-05-12T14:14:02+00:00\",\"description\":\"Relaciones con la comunidad: elecci\u00f3n de autoridades de la Junta Vecinal Amparo Castro, con la presencia de la Directora\",\"breadcrumb\":{\"@id\":\"https:\/\/experienciadevida.com.ar\/portalurbano\/relaciones-con-la-comunidad-eleccion-de-autoridades-de-la-junta-vecinal-amparo-castro\/#breadcrumb\"},\"inLanguage\":\"es\",\"potentialAction\":[{\"@type\":\"ReadAction\",\"target\":[\"https:\/\/experienciadevida.com.ar\/portalurbano\/relaciones-con-la-comunidad-eleccion-de-autoridades-de-la-junta-vecinal-amparo-castro\/\"]}]},{\"@type\":\"BreadcrumbList\",\"@id\":\"https:\/\/experienciadevida.com.ar\/portalurbano\/relaciones-con-la-comunidad-eleccion-de-autoridades-de-la-junta-vecinal-amparo-castro\/#breadcrumb\",\"itemListElement\":[{\"@type\":\"ListItem\",\"position\":1,\"name\":\"Portada\",\"item\":\"https:\/\/experienciadevida.com.ar\/portalurbano\/\"},{\"@type\":\"ListItem\",\"position\":2,\"name\":\"Relaciones con la comunidad: elecci\u00f3n de autoridades de la Junta Vecinal Amparo Castro\"}]},{\"@type\":\"WebSite\",\"@id\":\"https:\/\/experienciadevida.com.ar\/portalurbano\/#website\",\"url\":\"https:\/\/experienciadevida.com.ar\/portalurbano\/\",\"name\":\"\",\"description\":\"\",\"publisher\":{\"@id\":\"https:\/\/experienciadevida.com.ar\/portalurbano\/#organization\"},\"potentialAction\":[{\"@type\":\"SearchAction\",\"target\":{\"@type\":\"EntryPoint\",\"urlTemplate\":\"https:\/\/experienciadevida.com.ar\/portalurbano\/?s={search_term_string}\"},\"query-input\":\"required name=search_term_string\"}],\"inLanguage\":\"es\"},{\"@type\":\"Organization\",\"@id\":\"https:\/\/experienciadevida.com.ar\/portalurbano\/#organization\",\"name\":\"Portal Urbano\",\"url\":\"https:\/\/experienciadevida.com.ar\/portalurbano\/\",\"logo\":{\"@type\":\"ImageObject\",\"inLanguage\":\"es\",\"@id\":\"https:\/\/experienciadevida.com.ar\/portalurbano\/#\/schema\/logo\/image\/\",\"url\":\"https:\/\/experienciadevida.com.ar\/portalurbano\/wp-content\/uploads\/2019\/09\/Logo-Original.png\",\"contentUrl\":\"https:\/\/experienciadevida.com.ar\/portalurbano\/wp-content\/uploads\/2019\/09\/Logo-Original.png\",\"width\":2236,\"height\":1216,\"caption\":\"Portal Urbano\"},\"image\":{\"@id\":\"https:\/\/experienciadevida.com.ar\/portalurbano\/#\/schema\/logo\/image\/\"},\"sameAs\":[\"https:\/\/www.facebook.com\/Portal-Urbano-171542830093757\/\",\"https:\/\/twitter.com\/portalurbanook\",\"https:\/\/www.instagram.com\/_portalurbano\/\",\"https:\/\/www.youtube.com\/channel\/UCXhagIfszH8KxFiOok79zbA?view_as=subscriber\"]},{\"@type\":\"Person\",\"@id\":\"https:\/\/experienciadevida.com.ar\/portalurbano\/#\/schema\/person\/02dd326b1c4b056e9cc972486934a3a7\",\"name\":\"admpu17wp\",\"image\":{\"@type\":\"ImageObject\",\"inLanguage\":\"es\",\"@id\":\"https:\/\/experienciadevida.com.ar\/portalurbano\/#\/schema\/person\/image\/\",\"url\":\"https:\/\/secure.gravatar.com\/avatar\/830d4c57adaae6630765e449a6908047?s=96&d=mm&r=g\",\"contentUrl\":\"https:\/\/secure.gravatar.com\/avatar\/830d4c57adaae6630765e449a6908047?s=96&d=mm&r=g\",\"caption\":\"admpu17wp\"}}]}<\/script>\n<!-- \/ Yoast SEO plugin. -->","yoast_head_json":{"title":"Relaciones con la comunidad: Elecci\u00f3n de autoridades de la junta vecinal","description":"Relaciones con la comunidad: elecci\u00f3n de autoridades de la Junta Vecinal Amparo Castro, con la presencia de la Directora","robots":{"index":"index","follow":"follow","max-snippet":"max-snippet:-1","max-image-preview":"max-image-preview:large","max-video-preview":"max-video-preview:-1"},"canonical":"https:\/\/experienciadevida.com.ar\/portalurbano\/relaciones-con-la-comunidad-eleccion-de-autoridades-de-la-junta-vecinal-amparo-castro\/","og_locale":"es_ES","og_type":"article","og_title":"Relaciones con la comunidad: Elecci\u00f3n de autoridades de la junta vecinal","og_description":"Relaciones con la comunidad: elecci\u00f3n de autoridades de la Junta Vecinal Amparo Castro, con la presencia de la Directora","og_url":"https:\/\/experienciadevida.com.ar\/portalurbano\/relaciones-con-la-comunidad-eleccion-de-autoridades-de-la-junta-vecinal-amparo-castro\/","article_publisher":"https:\/\/www.facebook.com\/Portal-Urbano-171542830093757\/","article_published_time":"2022-05-12T14:13:23+00:00","article_modified_time":"2022-05-12T14:14:02+00:00","og_image":[{"width":1024,"height":682,"url":"https:\/\/experienciadevida.com.ar\/portalurbano\/wp-content\/uploads\/2022\/05\/Relaciones-con-la-comunidad.jpg","type":"image\/jpeg"}],"author":"admpu17wp","twitter_card":"summary_large_image","twitter_creator":"@portalurbanook","twitter_site":"@portalurbanook","twitter_misc":{"Escrito por":"admpu17wp","Tiempo de lectura":"1 minuto"},"schema":{"@context":"https:\/\/schema.org","@graph":[{"@type":"Article","@id":"https:\/\/experienciadevida.com.ar\/portalurbano\/relaciones-con-la-comunidad-eleccion-de-autoridades-de-la-junta-vecinal-amparo-castro\/#article","isPartOf":{"@id":"https:\/\/experienciadevida.com.ar\/portalurbano\/relaciones-con-la-comunidad-eleccion-de-autoridades-de-la-junta-vecinal-amparo-castro\/"},"author":{"name":"admpu17wp","@id":"https:\/\/experienciadevida.com.ar\/portalurbano\/#\/schema\/person\/02dd326b1c4b056e9cc972486934a3a7"},"headline":"Relaciones con la comunidad: elecci\u00f3n de autoridades de la Junta Vecinal Amparo Castro","datePublished":"2022-05-12T14:13:23+00:00","dateModified":"2022-05-12T14:14:02+00:00","mainEntityOfPage":{"@id":"https:\/\/experienciadevida.com.ar\/portalurbano\/relaciones-con-la-comunidad-eleccion-de-autoridades-de-la-junta-vecinal-amparo-castro\/"},"wordCount":136,"publisher":{"@id":"https:\/\/experienciadevida.com.ar\/portalurbano\/#organization"},"articleSection":["Ciudad"],"inLanguage":"es"},{"@type":"WebPage","@id":"https:\/\/experienciadevida.com.ar\/portalurbano\/relaciones-con-la-comunidad-eleccion-de-autoridades-de-la-junta-vecinal-amparo-castro\/","url":"https:\/\/experienciadevida.com.ar\/portalurbano\/relaciones-con-la-comunidad-eleccion-de-autoridades-de-la-junta-vecinal-amparo-castro\/","name":"Relaciones con la comunidad: Elecci\u00f3n de autoridades de la junta vecinal","isPartOf":{"@id":"https:\/\/experienciadevida.com.ar\/portalurbano\/#website"},"datePublished":"2022-05-12T14:13:23+00:00","dateModified":"2022-05-12T14:14:02+00:00","description":"Relaciones con la comunidad: elecci\u00f3n de autoridades de la Junta Vecinal Amparo Castro, con la presencia de la Directora","breadcrumb":{"@id":"https:\/\/experienciadevida.com.ar\/portalurbano\/relaciones-con-la-comunidad-eleccion-de-autoridades-de-la-junta-vecinal-amparo-castro\/#breadcrumb"},"inLanguage":"es","potentialAction":[{"@type":"ReadAction","target":["https:\/\/experienciadevida.com.ar\/portalurbano\/relaciones-con-la-comunidad-eleccion-de-autoridades-de-la-junta-vecinal-amparo-castro\/"]}]},{"@type":"BreadcrumbList","@id":"https:\/\/experienciadevida.com.ar\/portalurbano\/relaciones-con-la-comunidad-eleccion-de-autoridades-de-la-junta-vecinal-amparo-castro\/#breadcrumb","itemListElement":[{"@type":"ListItem","position":1,"name":"Portada","item":"https:\/\/experienciadevida.com.ar\/portalurbano\/"},{"@type":"ListItem","position":2,"name":"Relaciones con la comunidad: elecci\u00f3n de autoridades de la Junta Vecinal Amparo Castro"}]},{"@type":"WebSite","@id":"https:\/\/experienciadevida.com.ar\/portalurbano\/#website","url":"https:\/\/experienciadevida.com.ar\/portalurbano\/","name":"","description":"","publisher":{"@id":"https:\/\/experienciadevida.com.ar\/portalurbano\/#organization"},"potentialAction":[{"@type":"SearchAction","target":{"@type":"EntryPoint","urlTemplate":"https:\/\/experienciadevida.com.ar\/portalurbano\/?s={search_term_string}"},"query-input":"required name=search_term_string"}],"inLanguage":"es"},{"@type":"Organization","@id":"https:\/\/experienciadevida.com.ar\/portalurbano\/#organization","name":"Portal Urbano","url":"https:\/\/experienciadevida.com.ar\/portalurbano\/","logo":{"@type":"ImageObject","inLanguage":"es","@id":"https:\/\/experienciadevida.com.ar\/portalurbano\/#\/schema\/logo\/image\/","url":"https:\/\/experienciadevida.com.ar\/portalurbano\/wp-content\/uploads\/2019\/09\/Logo-Original.png","contentUrl":"https:\/\/experienciadevida.com.ar\/portalurbano\/wp-content\/uploads\/2019\/09\/Logo-Original.png","width":2236,"height":1216,"caption":"Portal Urbano"},"image":{"@id":"https:\/\/experienciadevida.com.ar\/portalurbano\/#\/schema\/logo\/image\/"},"sameAs":["https:\/\/www.facebook.com\/Portal-Urbano-171542830093757\/","https:\/\/twitter.com\/portalurbanook","https:\/\/www.instagram.com\/_portalurbano\/","https:\/\/www.youtube.com\/channel\/UCXhagIfszH8KxFiOok79zbA?view_as=subscriber"]},{"@type":"Person","@id":"https:\/\/experienciadevida.com.ar\/portalurbano\/#\/schema\/person\/02dd326b1c4b056e9cc972486934a3a7","name":"admpu17wp","image":{"@type":"ImageObject","inLanguage":"es","@id":"https:\/\/experienciadevida.com.ar\/portalurbano\/#\/schema\/person\/image\/","url":"https:\/\/secure.gravatar.com\/avatar\/830d4c57adaae6630765e449a6908047?s=96&d=mm&r=g","contentUrl":"https:\/\/secure.gravatar.com\/avatar\/830d4c57adaae6630765e449a6908047?s=96&d=mm&r=g","caption":"admpu17wp"}}]}},"featured_image_urls":{"full":["https:\/\/experienciadevida.com.ar\/portalurbano\/wp-content\/uploads\/2022\/05\/Relaciones-con-la-comunidad.jpg",1024,682,false],"thumbnail":["https:\/\/experienciadevida.com.ar\/portalurbano\/wp-content\/uploads\/2022\/05\/Relaciones-con-la-comunidad-150x150.jpg",150,150,true],"medium":["https:\/\/experienciadevida.com.ar\/portalurbano\/wp-content\/uploads\/2022\/05\/Relaciones-con-la-comunidad-300x200.jpg",300,200,true],"medium_large":["https:\/\/experienciadevida.com.ar\/portalurbano\/wp-content\/uploads\/2022\/05\/Relaciones-con-la-comunidad-768x512.jpg",640,427,true],"large":["https:\/\/experienciadevida.com.ar\/portalurbano\/wp-content\/uploads\/2022\/05\/Relaciones-con-la-comunidad.jpg",640,426,false],"ug_big":["https:\/\/experienciadevida.com.ar\/portalurbano\/wp-content\/uploads\/2022\/05\/Relaciones-con-la-comunidad-768x512.jpg",768,512,true],"1536x1536":["https:\/\/experienciadevida.com.ar\/portalurbano\/wp-content\/uploads\/2022\/05\/Relaciones-con-la-comunidad.jpg",1024,682,false],"2048x2048":["https:\/\/experienciadevida.com.ar\/portalurbano\/wp-content\/uploads\/2022\/05\/Relaciones-con-la-comunidad.jpg",1024,682,false],"newsever-slider-full":["https:\/\/experienciadevida.com.ar\/portalurbano\/wp-content\/uploads\/2022\/05\/Relaciones-con-la-comunidad.jpg",1024,682,false],"newsever-featured":["https:\/\/experienciadevida.com.ar\/portalurbano\/wp-content\/uploads\/2022\/05\/Relaciones-con-la-comunidad.jpg",1024,682,false],"newsever-medium":["https:\/\/experienciadevida.com.ar\/portalurbano\/wp-content\/uploads\/2022\/05\/Relaciones-con-la-comunidad.jpg",713,475,false],"web-stories-poster-portrait":["https:\/\/experienciadevida.com.ar\/portalurbano\/wp-content\/uploads\/2022\/05\/Relaciones-con-la-comunidad.jpg",640,426,false],"web-stories-publisher-logo":["https:\/\/experienciadevida.com.ar\/portalurbano\/wp-content\/uploads\/2022\/05\/Relaciones-con-la-comunidad.jpg",96,64,false],"web-stories-thumbnail":["https:\/\/experienciadevida.com.ar\/portalurbano\/wp-content\/uploads\/2022\/05\/Relaciones-con-la-comunidad.jpg",150,100,false]},"author_info":{"display_name":"admpu17wp","author_link":"https:\/\/experienciadevida.com.ar\/portalurbano\/author\/admpu17wp\/"},"category_info":"<a href=\"https:\/\/experienciadevida.com.ar\/portalurbano\/category\/ciudad\/\" rel=\"category tag\">Ciudad<\/a>","tag_info":"Ciudad","comment_count":"0","amp_enabled":true,"_links":{"self":[{"href":"https:\/\/experienciadevida.com.ar\/portalurbano\/wp-json\/wp\/v2\/posts\/167594"}],"collection":[{"href":"https:\/\/experienciadevida.com.ar\/portalurbano\/wp-json\/wp\/v2\/posts"}],"about":[{"href":"https:\/\/experienciadevida.com.ar\/portalurbano\/wp-json\/wp\/v2\/types\/post"}],"author":[{"embeddable":true,"href":"https:\/\/experienciadevida.com.ar\/portalurbano\/wp-json\/wp\/v2\/users\/1"}],"replies":[{"embeddable":true,"href":"https:\/\/experienciadevida.com.ar\/portalurbano\/wp-json\/wp\/v2\/comments?post=167594"}],"version-history":[{"count":1,"href":"https:\/\/experienciadevida.com.ar\/portalurbano\/wp-json\/wp\/v2\/posts\/167594\/revisions"}],"predecessor-version":[{"id":167596,"href":"https:\/\/experienciadevida.com.ar\/portalurbano\/wp-json\/wp\/v2\/posts\/167594\/revisions\/167596"}],"wp:featuredmedia":[{"embeddable":true,"href":"https:\/\/experienciadevida.com.ar\/portalurbano\/wp-json\/wp\/v2\/media\/167595"}],"wp:attachment":[{"href":"https:\/\/experienciadevida.com.ar\/portalurbano\/wp-json\/wp\/v2\/media?parent=167594"}],"wp:term":[{"taxonomy":"category","embeddable":true,"href":"https:\/\/experienciadevida.com.ar\/portalurbano\/wp-json\/wp\/v2\/categories?post=167594"},{"taxonomy":"post_tag","embeddable":true,"href":"https:\/\/experienciadevida.com.ar\/portalurbano\/wp-json\/wp\/v2\/tags?post=167594"}],"curies":[{"name":"wp","href":"https:\/\/api.w.org\/{rel}","templated":true}]}}