{"id":167568,"date":"2022-05-11T21:27:52","date_gmt":"2022-05-12T00:27:52","guid":{"rendered":"https:\/\/experienciadevida.com.ar\/portalurbano\/?p=167568"},"modified":"2022-05-11T21:28:54","modified_gmt":"2022-05-12T00:28:54","slug":"realidad-virtual-inmersiva-el-futuro-ya-llego-a-la-fio","status":"publish","type":"post","link":"https:\/\/experienciadevida.com.ar\/portalurbano\/realidad-virtual-inmersiva-el-futuro-ya-llego-a-la-fio\/","title":{"rendered":"Realidad virtual inmersiva: el futuro ya lleg\u00f3 a la FIO"},"content":{"rendered":"<p>Realidad virtual inmersiva: el futuro ya lleg\u00f3 a la FIO, Mat\u00edas, estudiante de primer a\u00f1o, toma la calculadora y saca cuentas. Despu\u00e9s de unos segundos, anuncia el resultado. A pocos metros, su compa\u00f1era Ayl\u00e9n toma un marcador y escribe datos en la pizarra. Franco, el profesor, les indica que se muevan hacia un costado para poder ver otro experimento de F\u00edsica.<\/p>\n<p>La escena podr\u00eda corresponder a cualquier aula de la Facultad de Ingenier\u00eda. Sin embargo, no se trata de un aula m\u00e1s. Es un Aula de Realidad virtual inmersiva. \u00bfFicci\u00f3n o realidad? Desde hace a\u00f1os, la FIO desarrolla ambientes educativos en escenarios ficticios, una propuesta que ya sonaba a ciencia ficci\u00f3n en esos momentos. Ahora, con los avances conseguidos, asoma con convertirse en el paradigma que gobierne la tecnolog\u00eda de los a\u00f1os por venir.<\/p>\n<p><strong>Inmersi\u00f3n en otra realidad<\/strong><\/p>\n<p>La Realidad virtual ya circula entre la gente con soltura. Desde juegos en la computadora, hasta recorridos por museos a trav\u00e9s del celular, todo forma parte de lo que se agrup\u00f3 bajo ese nombre. Pero \u00bfqu\u00e9 pasa si la persona puede \u201cmeterse\u201d en un ambiente virtual, recorrerlo, interactuar y vivir la experiencia en primera persona? \u00bfEs posible tomar un marcador y escribir en la pizarra pero metido dentro de un aula que solo existe en la virtualidad? Esa es la diferencia con la denominada Realidad virtual inmersiva, un nombre que sugiere el acceso del individuo en esa \u201cotra\u201d realidad.<\/p>\n<p>Ese desarrollo, que en el mundo lleva ya algunos a\u00f1os y cobr\u00f3 impulso cuando el magnate de la tecnolog\u00eda Mark Zuckerberg lanz\u00f3 su versi\u00f3n de MetaVerso en 2021, es el que est\u00e1 llevando la FIO a trav\u00e9s de un equipo de docencia e investigaci\u00f3n del Departamento de Ciencias B\u00e1sicas. Lo novedoso de la apuesta local es que la b\u00fasqueda se centra espec\u00edficamente en ambientes educativos. Es decir que sus desarrollos consiguen \u201cmeter\u201d a los y las estudiantes en laboratorios dise\u00f1ados especialmente para realizar experimentos que, por restricciones econ\u00f3micas, geogr\u00e1ficas o de cualquier \u00edndole, no ser\u00eda posible llevar adelante.<\/p>\n<p>En el primer laboratorio virtual inmersivo estrenado d\u00edas atr\u00e1s en la unidad acad\u00e9mica olavarriense, se han programado algunos eventos. Los y las estudiantes pueden simular que toman con sus manos un objeto, trasladarse a otros planetas, entrar en un laboratorio m\u00f3vil en una nave espacial, ir a un planeta con atm\u00f3sfera roja y vivenciar all\u00ed experimentos con p\u00e9ndulos, ca\u00edda libre, planos inclinados&#8230;<\/p>\n<p>Para ello solo necesitan usar un casco especial, que los sumerge en esos espacios virtuales dise\u00f1ados, despu\u00e9s de horas de investigaci\u00f3n, por el equipo docente de la Facultad de Ingenier\u00eda.<\/p>\n<p>Nada es casual<\/p>\n<p>El desembarco de la tendencia que revoluciona el mundo tecnol\u00f3gico en la Facultad olavarriense no es casualidad ni responde a una moda cient\u00edfica. El Departamento de Ciencias B\u00e1sicas cuenta, desde 2015, con un equipo de docencia e investigaci\u00f3n interdisciplinario, integrado por profesionales de Matem\u00e1tica, F\u00edsica, Tecnolog\u00eda y Did\u00e1cticas espec\u00edficas.<\/p>\n<p>Realidad virtual inmersiva: el futuro ya lleg\u00f3 a la FIO, la Dra. Bettina Bravo, directora de ese grupo e investigadora del CONICET, explica esa pertinencia: \u201cBuscamos las innovaciones did\u00e1cticas implementadas en el aula para favorecer m\u00e1s y mejores aprendizajes de la f\u00edsica, para que no sea una memorizaci\u00f3n de f\u00f3rmulas y nada m\u00e1s. Tratamos de que se comprendan conceptos y leyes. El objetivo \u00faltimo es que el estudiante llegue a un conocimiento funcional, que pueda aplicarlo para resolver problem\u00e1ticas de inter\u00e9s social y profesional, pens\u00e1ndose desde las ciencias b\u00e1sicas como futuros ingenieros\u201d.<\/p>\n<p>En consonancia con ese criterio, se incorporan las nuevas tecnolog\u00edas como recurso central. Al principio fueron simulaciones y laboratorios virtuales de escritorio. \u201cLos resultados fueron muy buenos\u201d, relata la Dra. Bravo. \u201cTom\u00e1bamos modelos de la web en forma libre y gratuita, y ese recurso ya dise\u00f1ado lo aplic\u00e1bamos para favorecer aprendizajes; lo integramos a propuestas de ense\u00f1anza innovadoras. Quisimos sacarle el jugo a esos recursos. Hay experiencias de f\u00edsica que no se pueden hacer en el laboratorio real\u201d, sostiene. Por su parte, Franco agrega que \u201cla idea era empezar a desarrollar nuestras propias simulaciones, respondiendo a una intencionalidad did\u00e1ctica concreta. Al usar simulaciones de la web nosotros ten\u00edamos que adecuar nuestra propuesta a did\u00e1ctica a las simulaciones ya existentes, hechas por otros\u201d.<\/p>\n<p>Esa modalidad de funcionamiento permiti\u00f3 algo medular: \u201cEl estudiante vive la experiencia, y ese saber construido desde all\u00ed queda fijado para siempre. Construyen el conocimiento sobre el mundo mediados por la tecnolog\u00eda\u201d, afirma Bettina Bravo.<\/p>\n<p>Desde el equipo docente sostienen que la g\u00e9nesis surgi\u00f3 hace a\u00f1os, cuando Joaqu\u00edn Domato, actual director del CDEI (Centro de Desarrollo emprendedor e Innovaci\u00f3n) instal\u00f3 el concepto de \u201cdocente emprendedor\u201d, pensando en la figura del educador que va proactivamente a buscar soluciones innovadoras a sus problem\u00e1ticas del aula.<\/p>\n<p>Lo bueno de la pandemia<\/p>\n<p>Estar tan familiarizados con la tecnolog\u00eda permiti\u00f3 afrontar el aislamiento con naturalidad. Los y las docentes no solo se movieron con soltura en entornos remotos, sino que aprovecharon ese tiempo para profundizar los avances tecnol\u00f3gicos.<\/p>\n<p>Realidad virtual inmersiva, \u201cDecidimos hacer desarrollos propios, por un lado porque ya cuesta encontrar programas libres de derechos en la web, pero tambi\u00e9n porque quisimos apuntar a resolver nuestras propias problem\u00e1ticas. Y no perdemos de vista que pretendemos una formaci\u00f3n de los futuros ingenieros que incluya la f\u00edsica y tambi\u00e9n la tecnolog\u00eda\u201d, relata el Prof. Franco Solari, docente de F\u00edsica y quien ha encabezado los desarrollos tecnol\u00f3gicos recientes, mientras muestra con modestia uno de sus primeras aplicaciones en 2D.<\/p>\n<p>Su experiencia en simulaciones de escritorio se remonta a 2012. \u201cNo soy programador\u201d, aclara no haciendo m\u00e1s que aumentar el asombro por los logros alcanzados. \u201cNuestra colega Mar\u00eda Jos\u00e9 Bouc\u00edguez hace juegos educativos para ense\u00f1anza de la ciencia, y de ella aprendimos mucho\u201d.<\/p>\n<p>Siguiendo el recorrido hist\u00f3rico, despu\u00e9s fue el tiempo de presentarse a una convocatoria para estimular a docentes en el desarrollo de tecnolog\u00eda virtual y remota. Ganar signific\u00f3 acceder a nuevos recursos, adem\u00e1s del impulso an\u00edmico que le dio a la iniciativa.<\/p>\n<p>En el marco de un proyecto, financiado por la Agencia Nacional de Promoci\u00f3n Cient\u00edfica y Tecnol\u00f3gica se compr\u00f3 entonces el casco de realidad virtual, la herramienta por ahora imprescindible. Una vez m\u00e1s el CDEI fue la llave para conocer esas herramientas.<\/p>\n<p>Futuro cercano<\/p>\n<p>Franco Solari se entusiasma cuando relata las posibilidades de esta tecnolog\u00eda. \u201cEl usuario elige opciones y se pueden manipular objetos y tomar datos, no solo observar. Se interviene activamente. Aparec\u00e9s en otro lugar, mir\u00e1s arriba y est\u00e1 el cielo. Por ahora la experiencia es visual y auditiva, pero los niveles siguientes ser\u00e1n el tacto y el movimiento. El \u00fanico l\u00edmite para esto es la imaginaci\u00f3n\u201d. Lejos de conformarse con lo logrado, el equipo piensa en ir por m\u00e1s. \u201cEn este momento, que acabamos de estrenar el laboratorio virtual inmersivo de F\u00edsica y lo probamos con estudiantes, el desaf\u00edo es medir la respuesta desde el punto de vista did\u00e1ctico. Tenemos la presunci\u00f3n, pero con eso no alcanza, de que el conocimiento de la ciencia mejora de manera abrupta cuando est\u00e1 mediado por esta tecnolog\u00eda. Pero estamos en pleno proceso de an\u00e1lisis de resultados\u201d, cuenta la Dra. Bravo.<\/p>\n<p>Los comentarios de quienes participaron de la clase experimental van en l\u00ednea con esa mirada del equipo docente. Un estudiante del primer a\u00f1o de Ingenier\u00eda escribi\u00f3 \u201cpude conocer la realidad virtual usando un programa creado por un profesor de la universidad, me voy muy contento con lo aprendido\u201d. Una compa\u00f1era, por su parte, redact\u00f3 que este desarrollo \u201cme ayud\u00f3 a entender mejor las caracter\u00edsticas de lo estudiado, y tambi\u00e9n a reconocer mis errores o modificar algunas ideas que ten\u00eda; hizo la tarea m\u00e1s entretenida y divertida\u201d.<\/p>\n<p>De confirmarse la validez del camino emprendido, los sue\u00f1os se disparan. \u201cPensamos incursionar en videos 360\u00ba, o generar recorridas por el Instituto Balseiro o Atucha, siempre a trav\u00e9s de los anteojos de realidad virtual\u201d, expresa Franco Solari.<\/p>\n<p>Este tipo de desarrollos tecnol\u00f3gicos han empezado a formar parte de las actividades cient\u00edficas en Universidades argentinas. Hay una explosi\u00f3n de carreras emergentes en tecnolog\u00eda digital. Sin embargo, los trabajos en Realidad virtual inmersiva no abundan. Y mucho menos si se trata de proyectos que se focalicen en la ense\u00f1anza.<br \/>\nFranco Solari est\u00e1 llevando adelante una Maestr\u00eda en Tecnolog\u00eda informativa aplicada a inmersi\u00f3n, en la Universidad Nacional de La Plata. La idea es utilizar el laboratorio de realidad virtual desarrollado y su impacto en los aprendizajes como tema para realizar su tesis de maestr\u00eda. En la agenda tambi\u00e9n aparece la posibilidad de trabajar en conjunto con la UNLP u otras universidades.<\/p>\n<p>\u201cNo es descabellado pensar que no muy lejos en el tiempo podremos leer un libro pasando las hojas con nuestras manos, o encontrarnos e interactuar (desde charlar hasta jugar un partido al truco o al ping pong) con un amigo que est\u00e1 en el otro lado del mundo. Todo esto en un ambiente inmersivo que parecer\u00e1 real pero no es m\u00e1s que un desarrollo tecnol\u00f3gico. Por ahora, seguiremos con nuestras experiencias de F\u00edsica, pero ese es el camino\u201d, completan Bettina Bravo y Franco Solari sin ocultar su entusiasmo. Un entusiasmo tan real que se vuelve inmersivo para quien los escucha.<\/p>\n","protected":false},"excerpt":{"rendered":"<p>Realidad virtual inmersiva: el futuro ya lleg\u00f3 a la FIO, Mat\u00edas, estudiante de primer a\u00f1o,&#8230;<\/p>\n","protected":false},"author":1,"featured_media":74352,"comment_status":"closed","ping_status":"closed","sticky":false,"template":"","format":"standard","meta":{"content-type":""},"categories":[31],"tags":[],"nelio_content":{"isAutoShareEnabled":false,"autoShareEndMode":"default","automationSources":{"useContentSentences":true,"useSocialTemplates":true,"useCustomSentences":false,"customSentences":[]},"followers":[1],"suggestedReferences":[],"includedReferences":[],"efiUrl":"","efiAlt":"","highlights":[]},"yoast_head":"<!-- This site is optimized with the Yoast SEO plugin v20.7 - https:\/\/yoast.com\/wordpress\/plugins\/seo\/ -->\n<title>Realidad virtual inmersiva: el futuro ya lleg\u00f3 a la FIO<\/title>\n<meta name=\"description\" content=\"Realidad virtual inmersiva: el futuro ya lleg\u00f3 a la FIO, Mat\u00edas, estudiante de primer a\u00f1o, toma la calculadora y saca cuentas\" \/>\n<meta name=\"robots\" content=\"index, follow, max-snippet:-1, max-image-preview:large, max-video-preview:-1\" \/>\n<link rel=\"canonical\" href=\"https:\/\/experienciadevida.com.ar\/portalurbano\/realidad-virtual-inmersiva-el-futuro-ya-llego-a-la-fio\/\" \/>\n<meta property=\"og:locale\" content=\"es_ES\" \/>\n<meta property=\"og:type\" content=\"article\" \/>\n<meta property=\"og:title\" content=\"Realidad virtual inmersiva: el futuro ya lleg\u00f3 a la FIO\" \/>\n<meta property=\"og:description\" content=\"Realidad virtual inmersiva: el futuro ya lleg\u00f3 a la FIO, Mat\u00edas, estudiante de primer a\u00f1o, toma la calculadora y saca cuentas\" \/>\n<meta property=\"og:url\" content=\"https:\/\/experienciadevida.com.ar\/portalurbano\/realidad-virtual-inmersiva-el-futuro-ya-llego-a-la-fio\/\" \/>\n<meta property=\"article:publisher\" content=\"https:\/\/www.facebook.com\/Portal-Urbano-171542830093757\/\" \/>\n<meta property=\"article:published_time\" content=\"2022-05-12T00:27:52+00:00\" \/>\n<meta property=\"article:modified_time\" content=\"2022-05-12T00:28:54+00:00\" \/>\n<meta property=\"og:image\" content=\"https:\/\/experienciadevida.com.ar\/portalurbano\/wp-content\/uploads\/2019\/06\/FIO-3.jpg\" \/>\n\t<meta property=\"og:image:width\" content=\"700\" \/>\n\t<meta property=\"og:image:height\" content=\"425\" \/>\n\t<meta property=\"og:image:type\" content=\"image\/jpeg\" \/>\n<meta name=\"author\" content=\"admpu17wp\" \/>\n<meta name=\"twitter:card\" content=\"summary_large_image\" \/>\n<meta name=\"twitter:creator\" content=\"@portalurbanook\" \/>\n<meta name=\"twitter:site\" content=\"@portalurbanook\" \/>\n<meta name=\"twitter:label1\" content=\"Escrito por\" \/>\n\t<meta name=\"twitter:data1\" content=\"admpu17wp\" \/>\n\t<meta name=\"twitter:label2\" content=\"Tiempo de lectura\" \/>\n\t<meta name=\"twitter:data2\" content=\"7 minutos\" \/>\n<script type=\"application\/ld+json\" class=\"yoast-schema-graph\">{\"@context\":\"https:\/\/schema.org\",\"@graph\":[{\"@type\":\"Article\",\"@id\":\"https:\/\/experienciadevida.com.ar\/portalurbano\/realidad-virtual-inmersiva-el-futuro-ya-llego-a-la-fio\/#article\",\"isPartOf\":{\"@id\":\"https:\/\/experienciadevida.com.ar\/portalurbano\/realidad-virtual-inmersiva-el-futuro-ya-llego-a-la-fio\/\"},\"author\":{\"name\":\"admpu17wp\",\"@id\":\"https:\/\/experienciadevida.com.ar\/portalurbano\/#\/schema\/person\/02dd326b1c4b056e9cc972486934a3a7\"},\"headline\":\"Realidad virtual inmersiva: el futuro ya lleg\u00f3 a la FIO\",\"datePublished\":\"2022-05-12T00:27:52+00:00\",\"dateModified\":\"2022-05-12T00:28:54+00:00\",\"mainEntityOfPage\":{\"@id\":\"https:\/\/experienciadevida.com.ar\/portalurbano\/realidad-virtual-inmersiva-el-futuro-ya-llego-a-la-fio\/\"},\"wordCount\":1640,\"publisher\":{\"@id\":\"https:\/\/experienciadevida.com.ar\/portalurbano\/#organization\"},\"articleSection\":[\"Educaci\u00f3n\"],\"inLanguage\":\"es\"},{\"@type\":\"WebPage\",\"@id\":\"https:\/\/experienciadevida.com.ar\/portalurbano\/realidad-virtual-inmersiva-el-futuro-ya-llego-a-la-fio\/\",\"url\":\"https:\/\/experienciadevida.com.ar\/portalurbano\/realidad-virtual-inmersiva-el-futuro-ya-llego-a-la-fio\/\",\"name\":\"Realidad virtual inmersiva: el futuro ya lleg\u00f3 a la FIO\",\"isPartOf\":{\"@id\":\"https:\/\/experienciadevida.com.ar\/portalurbano\/#website\"},\"datePublished\":\"2022-05-12T00:27:52+00:00\",\"dateModified\":\"2022-05-12T00:28:54+00:00\",\"description\":\"Realidad virtual inmersiva: el futuro ya lleg\u00f3 a la FIO, Mat\u00edas, estudiante de primer a\u00f1o, toma la calculadora y saca cuentas\",\"breadcrumb\":{\"@id\":\"https:\/\/experienciadevida.com.ar\/portalurbano\/realidad-virtual-inmersiva-el-futuro-ya-llego-a-la-fio\/#breadcrumb\"},\"inLanguage\":\"es\",\"potentialAction\":[{\"@type\":\"ReadAction\",\"target\":[\"https:\/\/experienciadevida.com.ar\/portalurbano\/realidad-virtual-inmersiva-el-futuro-ya-llego-a-la-fio\/\"]}]},{\"@type\":\"BreadcrumbList\",\"@id\":\"https:\/\/experienciadevida.com.ar\/portalurbano\/realidad-virtual-inmersiva-el-futuro-ya-llego-a-la-fio\/#breadcrumb\",\"itemListElement\":[{\"@type\":\"ListItem\",\"position\":1,\"name\":\"Portada\",\"item\":\"https:\/\/experienciadevida.com.ar\/portalurbano\/\"},{\"@type\":\"ListItem\",\"position\":2,\"name\":\"Realidad virtual inmersiva: el futuro ya lleg\u00f3 a la FIO\"}]},{\"@type\":\"WebSite\",\"@id\":\"https:\/\/experienciadevida.com.ar\/portalurbano\/#website\",\"url\":\"https:\/\/experienciadevida.com.ar\/portalurbano\/\",\"name\":\"\",\"description\":\"\",\"publisher\":{\"@id\":\"https:\/\/experienciadevida.com.ar\/portalurbano\/#organization\"},\"potentialAction\":[{\"@type\":\"SearchAction\",\"target\":{\"@type\":\"EntryPoint\",\"urlTemplate\":\"https:\/\/experienciadevida.com.ar\/portalurbano\/?s={search_term_string}\"},\"query-input\":\"required name=search_term_string\"}],\"inLanguage\":\"es\"},{\"@type\":\"Organization\",\"@id\":\"https:\/\/experienciadevida.com.ar\/portalurbano\/#organization\",\"name\":\"Portal Urbano\",\"url\":\"https:\/\/experienciadevida.com.ar\/portalurbano\/\",\"logo\":{\"@type\":\"ImageObject\",\"inLanguage\":\"es\",\"@id\":\"https:\/\/experienciadevida.com.ar\/portalurbano\/#\/schema\/logo\/image\/\",\"url\":\"https:\/\/experienciadevida.com.ar\/portalurbano\/wp-content\/uploads\/2019\/09\/Logo-Original.png\",\"contentUrl\":\"https:\/\/experienciadevida.com.ar\/portalurbano\/wp-content\/uploads\/2019\/09\/Logo-Original.png\",\"width\":2236,\"height\":1216,\"caption\":\"Portal Urbano\"},\"image\":{\"@id\":\"https:\/\/experienciadevida.com.ar\/portalurbano\/#\/schema\/logo\/image\/\"},\"sameAs\":[\"https:\/\/www.facebook.com\/Portal-Urbano-171542830093757\/\",\"https:\/\/twitter.com\/portalurbanook\",\"https:\/\/www.instagram.com\/_portalurbano\/\",\"https:\/\/www.youtube.com\/channel\/UCXhagIfszH8KxFiOok79zbA?view_as=subscriber\"]},{\"@type\":\"Person\",\"@id\":\"https:\/\/experienciadevida.com.ar\/portalurbano\/#\/schema\/person\/02dd326b1c4b056e9cc972486934a3a7\",\"name\":\"admpu17wp\",\"image\":{\"@type\":\"ImageObject\",\"inLanguage\":\"es\",\"@id\":\"https:\/\/experienciadevida.com.ar\/portalurbano\/#\/schema\/person\/image\/\",\"url\":\"https:\/\/secure.gravatar.com\/avatar\/830d4c57adaae6630765e449a6908047?s=96&d=mm&r=g\",\"contentUrl\":\"https:\/\/secure.gravatar.com\/avatar\/830d4c57adaae6630765e449a6908047?s=96&d=mm&r=g\",\"caption\":\"admpu17wp\"}}]}<\/script>\n<!-- \/ Yoast SEO plugin. -->","yoast_head_json":{"title":"Realidad virtual inmersiva: el futuro ya lleg\u00f3 a la FIO","description":"Realidad virtual inmersiva: el futuro ya lleg\u00f3 a la FIO, Mat\u00edas, estudiante de primer a\u00f1o, toma la calculadora y saca cuentas","robots":{"index":"index","follow":"follow","max-snippet":"max-snippet:-1","max-image-preview":"max-image-preview:large","max-video-preview":"max-video-preview:-1"},"canonical":"https:\/\/experienciadevida.com.ar\/portalurbano\/realidad-virtual-inmersiva-el-futuro-ya-llego-a-la-fio\/","og_locale":"es_ES","og_type":"article","og_title":"Realidad virtual inmersiva: el futuro ya lleg\u00f3 a la FIO","og_description":"Realidad virtual inmersiva: el futuro ya lleg\u00f3 a la FIO, Mat\u00edas, estudiante de primer a\u00f1o, toma la calculadora y saca cuentas","og_url":"https:\/\/experienciadevida.com.ar\/portalurbano\/realidad-virtual-inmersiva-el-futuro-ya-llego-a-la-fio\/","article_publisher":"https:\/\/www.facebook.com\/Portal-Urbano-171542830093757\/","article_published_time":"2022-05-12T00:27:52+00:00","article_modified_time":"2022-05-12T00:28:54+00:00","og_image":[{"width":700,"height":425,"url":"https:\/\/experienciadevida.com.ar\/portalurbano\/wp-content\/uploads\/2019\/06\/FIO-3.jpg","type":"image\/jpeg"}],"author":"admpu17wp","twitter_card":"summary_large_image","twitter_creator":"@portalurbanook","twitter_site":"@portalurbanook","twitter_misc":{"Escrito por":"admpu17wp","Tiempo de lectura":"7 minutos"},"schema":{"@context":"https:\/\/schema.org","@graph":[{"@type":"Article","@id":"https:\/\/experienciadevida.com.ar\/portalurbano\/realidad-virtual-inmersiva-el-futuro-ya-llego-a-la-fio\/#article","isPartOf":{"@id":"https:\/\/experienciadevida.com.ar\/portalurbano\/realidad-virtual-inmersiva-el-futuro-ya-llego-a-la-fio\/"},"author":{"name":"admpu17wp","@id":"https:\/\/experienciadevida.com.ar\/portalurbano\/#\/schema\/person\/02dd326b1c4b056e9cc972486934a3a7"},"headline":"Realidad virtual inmersiva: el futuro ya lleg\u00f3 a la FIO","datePublished":"2022-05-12T00:27:52+00:00","dateModified":"2022-05-12T00:28:54+00:00","mainEntityOfPage":{"@id":"https:\/\/experienciadevida.com.ar\/portalurbano\/realidad-virtual-inmersiva-el-futuro-ya-llego-a-la-fio\/"},"wordCount":1640,"publisher":{"@id":"https:\/\/experienciadevida.com.ar\/portalurbano\/#organization"},"articleSection":["Educaci\u00f3n"],"inLanguage":"es"},{"@type":"WebPage","@id":"https:\/\/experienciadevida.com.ar\/portalurbano\/realidad-virtual-inmersiva-el-futuro-ya-llego-a-la-fio\/","url":"https:\/\/experienciadevida.com.ar\/portalurbano\/realidad-virtual-inmersiva-el-futuro-ya-llego-a-la-fio\/","name":"Realidad virtual inmersiva: el futuro ya lleg\u00f3 a la FIO","isPartOf":{"@id":"https:\/\/experienciadevida.com.ar\/portalurbano\/#website"},"datePublished":"2022-05-12T00:27:52+00:00","dateModified":"2022-05-12T00:28:54+00:00","description":"Realidad virtual inmersiva: el futuro ya lleg\u00f3 a la FIO, Mat\u00edas, estudiante de primer a\u00f1o, toma la calculadora y saca cuentas","breadcrumb":{"@id":"https:\/\/experienciadevida.com.ar\/portalurbano\/realidad-virtual-inmersiva-el-futuro-ya-llego-a-la-fio\/#breadcrumb"},"inLanguage":"es","potentialAction":[{"@type":"ReadAction","target":["https:\/\/experienciadevida.com.ar\/portalurbano\/realidad-virtual-inmersiva-el-futuro-ya-llego-a-la-fio\/"]}]},{"@type":"BreadcrumbList","@id":"https:\/\/experienciadevida.com.ar\/portalurbano\/realidad-virtual-inmersiva-el-futuro-ya-llego-a-la-fio\/#breadcrumb","itemListElement":[{"@type":"ListItem","position":1,"name":"Portada","item":"https:\/\/experienciadevida.com.ar\/portalurbano\/"},{"@type":"ListItem","position":2,"name":"Realidad virtual inmersiva: el futuro ya lleg\u00f3 a la FIO"}]},{"@type":"WebSite","@id":"https:\/\/experienciadevida.com.ar\/portalurbano\/#website","url":"https:\/\/experienciadevida.com.ar\/portalurbano\/","name":"","description":"","publisher":{"@id":"https:\/\/experienciadevida.com.ar\/portalurbano\/#organization"},"potentialAction":[{"@type":"SearchAction","target":{"@type":"EntryPoint","urlTemplate":"https:\/\/experienciadevida.com.ar\/portalurbano\/?s={search_term_string}"},"query-input":"required name=search_term_string"}],"inLanguage":"es"},{"@type":"Organization","@id":"https:\/\/experienciadevida.com.ar\/portalurbano\/#organization","name":"Portal Urbano","url":"https:\/\/experienciadevida.com.ar\/portalurbano\/","logo":{"@type":"ImageObject","inLanguage":"es","@id":"https:\/\/experienciadevida.com.ar\/portalurbano\/#\/schema\/logo\/image\/","url":"https:\/\/experienciadevida.com.ar\/portalurbano\/wp-content\/uploads\/2019\/09\/Logo-Original.png","contentUrl":"https:\/\/experienciadevida.com.ar\/portalurbano\/wp-content\/uploads\/2019\/09\/Logo-Original.png","width":2236,"height":1216,"caption":"Portal Urbano"},"image":{"@id":"https:\/\/experienciadevida.com.ar\/portalurbano\/#\/schema\/logo\/image\/"},"sameAs":["https:\/\/www.facebook.com\/Portal-Urbano-171542830093757\/","https:\/\/twitter.com\/portalurbanook","https:\/\/www.instagram.com\/_portalurbano\/","https:\/\/www.youtube.com\/channel\/UCXhagIfszH8KxFiOok79zbA?view_as=subscriber"]},{"@type":"Person","@id":"https:\/\/experienciadevida.com.ar\/portalurbano\/#\/schema\/person\/02dd326b1c4b056e9cc972486934a3a7","name":"admpu17wp","image":{"@type":"ImageObject","inLanguage":"es","@id":"https:\/\/experienciadevida.com.ar\/portalurbano\/#\/schema\/person\/image\/","url":"https:\/\/secure.gravatar.com\/avatar\/830d4c57adaae6630765e449a6908047?s=96&d=mm&r=g","contentUrl":"https:\/\/secure.gravatar.com\/avatar\/830d4c57adaae6630765e449a6908047?s=96&d=mm&r=g","caption":"admpu17wp"}}]}},"featured_image_urls":{"full":["https:\/\/experienciadevida.com.ar\/portalurbano\/wp-content\/uploads\/2019\/06\/FIO-3.jpg",700,425,false],"thumbnail":["https:\/\/experienciadevida.com.ar\/portalurbano\/wp-content\/uploads\/2019\/06\/FIO-3-150x150.jpg",150,150,true],"medium":["https:\/\/experienciadevida.com.ar\/portalurbano\/wp-content\/uploads\/2019\/06\/FIO-3-300x182.jpg",300,182,true],"medium_large":["https:\/\/experienciadevida.com.ar\/portalurbano\/wp-content\/uploads\/2019\/06\/FIO-3.jpg",640,389,false],"large":["https:\/\/experienciadevida.com.ar\/portalurbano\/wp-content\/uploads\/2019\/06\/FIO-3.jpg",640,389,false],"ug_big":["https:\/\/experienciadevida.com.ar\/portalurbano\/wp-content\/uploads\/2019\/06\/FIO-3.jpg",700,425,false],"1536x1536":["https:\/\/experienciadevida.com.ar\/portalurbano\/wp-content\/uploads\/2019\/06\/FIO-3.jpg",700,425,false],"2048x2048":["https:\/\/experienciadevida.com.ar\/portalurbano\/wp-content\/uploads\/2019\/06\/FIO-3.jpg",700,425,false],"newsever-slider-full":["https:\/\/experienciadevida.com.ar\/portalurbano\/wp-content\/uploads\/2019\/06\/FIO-3.jpg",700,425,false],"newsever-featured":["https:\/\/experienciadevida.com.ar\/portalurbano\/wp-content\/uploads\/2019\/06\/FIO-3.jpg",700,425,false],"newsever-medium":["https:\/\/experienciadevida.com.ar\/portalurbano\/wp-content\/uploads\/2019\/06\/FIO-3.jpg",700,425,false],"web-stories-poster-portrait":["https:\/\/experienciadevida.com.ar\/portalurbano\/wp-content\/uploads\/2019\/06\/FIO-3.jpg",640,389,false],"web-stories-publisher-logo":["https:\/\/experienciadevida.com.ar\/portalurbano\/wp-content\/uploads\/2019\/06\/FIO-3.jpg",96,58,false],"web-stories-thumbnail":["https:\/\/experienciadevida.com.ar\/portalurbano\/wp-content\/uploads\/2019\/06\/FIO-3.jpg",150,91,false]},"author_info":{"display_name":"admpu17wp","author_link":"https:\/\/experienciadevida.com.ar\/portalurbano\/author\/admpu17wp\/"},"category_info":"<a href=\"https:\/\/experienciadevida.com.ar\/portalurbano\/category\/ciudad\/educacion\/\" rel=\"category tag\">Educaci\u00f3n<\/a>","tag_info":"Educaci\u00f3n","comment_count":"0","amp_enabled":true,"_links":{"self":[{"href":"https:\/\/experienciadevida.com.ar\/portalurbano\/wp-json\/wp\/v2\/posts\/167568"}],"collection":[{"href":"https:\/\/experienciadevida.com.ar\/portalurbano\/wp-json\/wp\/v2\/posts"}],"about":[{"href":"https:\/\/experienciadevida.com.ar\/portalurbano\/wp-json\/wp\/v2\/types\/post"}],"author":[{"embeddable":true,"href":"https:\/\/experienciadevida.com.ar\/portalurbano\/wp-json\/wp\/v2\/users\/1"}],"replies":[{"embeddable":true,"href":"https:\/\/experienciadevida.com.ar\/portalurbano\/wp-json\/wp\/v2\/comments?post=167568"}],"version-history":[{"count":1,"href":"https:\/\/experienciadevida.com.ar\/portalurbano\/wp-json\/wp\/v2\/posts\/167568\/revisions"}],"predecessor-version":[{"id":167569,"href":"https:\/\/experienciadevida.com.ar\/portalurbano\/wp-json\/wp\/v2\/posts\/167568\/revisions\/167569"}],"wp:featuredmedia":[{"embeddable":true,"href":"https:\/\/experienciadevida.com.ar\/portalurbano\/wp-json\/wp\/v2\/media\/74352"}],"wp:attachment":[{"href":"https:\/\/experienciadevida.com.ar\/portalurbano\/wp-json\/wp\/v2\/media?parent=167568"}],"wp:term":[{"taxonomy":"category","embeddable":true,"href":"https:\/\/experienciadevida.com.ar\/portalurbano\/wp-json\/wp\/v2\/categories?post=167568"},{"taxonomy":"post_tag","embeddable":true,"href":"https:\/\/experienciadevida.com.ar\/portalurbano\/wp-json\/wp\/v2\/tags?post=167568"}],"curies":[{"name":"wp","href":"https:\/\/api.w.org\/{rel}","templated":true}]}}