{"id":167563,"date":"2022-05-11T21:20:26","date_gmt":"2022-05-12T00:20:26","guid":{"rendered":"https:\/\/experienciadevida.com.ar\/portalurbano\/?p=167563"},"modified":"2022-05-11T21:20:55","modified_gmt":"2022-05-12T00:20:55","slug":"la-fio-pone-en-agenda-la-perspectiva-de-genero-ante-las-facultades-de-ingenieria-del-pais","status":"publish","type":"post","link":"https:\/\/experienciadevida.com.ar\/portalurbano\/la-fio-pone-en-agenda-la-perspectiva-de-genero-ante-las-facultades-de-ingenieria-del-pais\/","title":{"rendered":"La FIO pone en agenda la perspectiva de g\u00e9nero ante las facultades de ingenier\u00eda del pa\u00eds"},"content":{"rendered":"<p>La FIO pone en agenda la perspectiva de g\u00e9nero ante las facultades de ingenier\u00eda del pa\u00eds, la decana local encabezar\u00e1 este viernes una mesa de debate con el objetivo de que la problem\u00e1tica desembarque en todas las aulas y planes de estudio. De las 118 unidades acad\u00e9micas que ense\u00f1an ingenier\u00eda en Argentina, 42 ya aceptaron el desaf\u00edo propuesto por la titular de la FIO.<\/p>\n<p>\u201cHay que entender que incluir la perspectiva de g\u00e9nero es mejorar la formaci\u00f3n y los indicadores. Apostamos a un mundo m\u00e1s inclusivo, con educaci\u00f3n de calidad, con igualdad\u201d, plantea con entusiasmo la Mg. Ing Mar\u00eda Peralta, decana de la FIO y presidenta de la Comisi\u00f3n de Mujeres, G\u00e9nero y Diversidad del Consejo Federal de Decanos de Ingenier\u00eda de la Rep\u00fablica Argentina (CONFEDI).<\/p>\n<p>En el marco de la 71\u00ba Reuni\u00f3n del organismo, la funcionaria olavarriense encabezar\u00e1 una mesa de an\u00e1lisis que se propone visibilizar la problem\u00e1tica y que pueda incorporarse al actual proceso de redefinici\u00f3n de carreras de ingenier\u00eda y acreditaci\u00f3n ante la CONEAU (Comisi\u00f3n Nacional de Evaluaci\u00f3n y Acreditaci\u00f3n Universitaria).<\/p>\n<p>En este contexto, el CONFEDI desarrolla acciones de acompa\u00f1amiento dise\u00f1adas para coordinadores de redes, directores de carreras y docentes. Esta vez lo har\u00e1 a trav\u00e9s de un encuentro 100% virtual que comenz\u00f3 este martes y se extender\u00e1 hasta el viernes 13 de mayo, haciendo hincapi\u00e9 en el abordaje de la acreditaci\u00f3n y los nuevos est\u00e1ndares educativos.<\/p>\n<p>La FIO pone en agenda la perspectiva de g\u00e9nero ante las facultades de ingenier\u00eda del pa\u00eds, el programa incluye tambi\u00e9n actividades de impacto directo en la formaci\u00f3n de la disciplina y promueve el di\u00e1logo con el Ministerio de Producci\u00f3n acerca del rol de las ingenier\u00edas en el desarrollo nacional. Habr\u00e1 una mesa especial sobre industrias 4.0, un emergente en el cual la profesi\u00f3n tiene mucho para aportar en la transformaci\u00f3n del sector productivo.<\/p>\n<p>Adem\u00e1s se conocer\u00e1n las iniciativas de todas las comisiones del Consejo en entrevistas p\u00fablicas. \u201cTodas las facultades de ingenier\u00eda estamos pensando en el pr\u00f3ximo cronograma de acreditaci\u00f3n, algunas iremos primero\u201d, admite la ingeniera Peralta, a la espera de que en esta cita \u201chaya informaci\u00f3n m\u00e1s certera sobre el inminente proceso que tenemos que abordar. Se espera que antes de fin de a\u00f1o salga la convocatoria para presentarnos el a\u00f1o que viene. Todos estamos con revisi\u00f3n y cambios de Planes de estudio. El cambio es importante porque responde a un nuevo modelo de formaci\u00f3n a partir de nuevos est\u00e1ndares\u201d.<\/p>\n<p>En la FIO, los planes de estudio de las ingenier\u00edas se actualizaron en 2004, 2007 y la m\u00e1s reciente en 2013. \u201cEstamos ante un cambio de modelo de formaci\u00f3n necesario para la din\u00e1mica del mundo actual, aunque continuamente se hacen actualizaciones en el proceso formativo, en las metodolog\u00edas, tem\u00e1ticas y visi\u00f3n de los temas. No es est\u00e1tico\u201d, aclara la decana, poniendo en valor el rol docente a la hora de adaptar los saberes en funci\u00f3n de las demandas.<\/p>\n<p>\u201cLos nuevos est\u00e1ndares, se trabajaron y propusieron desde CONFEDI, planteados a trav\u00e9s del Libro Rojo, que marca el esp\u00edritu de la formaci\u00f3n\u201d, apunta la referente de la FIO.<\/p>\n<p>El documento consta de una \u201cPropuesta de Est\u00e1ndares de Segunda Generaci\u00f3n para la Acreditaci\u00f3n de Carreras de Ingenier\u00eda en la Rep\u00fablica Argentina\u201d y fue presentado en 2018 ante la Secretar\u00eda de Pol\u00edticas Universitarias del Ministerio de Educaci\u00f3n, el Consejo Universitario Nacional y el Consejo de Rectores de las Universidades Privadas.<\/p>\n<p>All\u00ed se plantea un marco conceptual, competencias espec\u00edficas y descriptores de conocimiento consensuados y aprobados por las facultades socias. Tambi\u00e9n se incorpora un modelo de aprendizaje centrado en el estudiante y orientado al desarrollo de competencias tanto gen\u00e9ricas de egreso del ingeniero (argentino e iberoamericano), como espec\u00edficas de cada unidad acad\u00e9mica.<\/p>\n<p>Este enfoque, sumado a algunos aspectos claves en cuanto a las condiciones generales y curriculares, contribuye a una mejora de la efectividad en el proceso de formaci\u00f3n y de los indicadores de permanencia, duraci\u00f3n real y graduaci\u00f3n del sistema.<\/p>\n<p>La FIO pone en agenda la perspectiva de g\u00e9nero ante las facultades de ingenier\u00eda del pa\u00eds, &#8220;en nuestro caso, Ingenier\u00eda Electromec\u00e1nica, Ingenier\u00eda Civil e Ingenier\u00eda Qu\u00edmica ser\u00e1n las primeras carreras por acreditar porque ya tienen plazo vencido y prorrogado\u201d, especifica la Ing. Peralta.<\/p>\n<p>Hacia las buenas pr\u00e1cticas<\/p>\n<p>El lema de este encuentro del CONFEDI es \u201cFormaci\u00f3n en ingenier\u00eda. Nuevos contextos. Nuevos desaf\u00edos\u201d. El Consejo cre\u00f3 en 2018 la Comisi\u00f3n de \u00b4Mujeres en Ingenier\u00eda\u00b4 que en 2021 rebautiz\u00f3 como \u00b4Mujeres, G\u00e9nero y Diversidad en Ingenier\u00eda\u00b4 con el objetivo de \u201cincorporar la perspectiva de g\u00e9nero en la formaci\u00f3n\u201d.<\/p>\n<p>\u201cEs bien amplio en sentido de perspectiva y tiene competencias espec\u00edficas en cada carrera\u201d, sostiene la decana de la FIO tras convocar a referentes de todas las Facultades de Ingenier\u00eda del pa\u00eds que est\u00e9n trabajando con perspectiva de g\u00e9nero. De 118, respondieron en principio 42.<\/p>\n<p>\u201cEs un 36%, que no est\u00e1 mal\u201d, aclara, apoy\u00e1ndose en \u201clas estad\u00edsticas de g\u00e9nero en Ingenier\u00eda que exponen la brecha: De 118 decanos de Facultades de Ingenier\u00eda miembros de CONFEDI, somos solo decanas 18 mujeres. En esta oportunidad presentaremos un plan de trabajo y relevaremos qu\u00e9 hace cada instituci\u00f3n en busca de mejorar indicadores de ingreso, permanencia, egreso\u201d, expone Peralta.<\/p>\n<p>En Argentina hay una progresiva demanda de ingenieros pero \u201cel ingreso no es el esperado; la permanencia tampoco. Cuando se pone la perspectiva de g\u00e9nero a nivel pa\u00eds, la proporci\u00f3n es 20 mujeres y 80 de varones. En la FIO es 35% a 65%. Hay brecha. Si queremos mejorar indicadores, poner la lupa en la cuesti\u00f3n de g\u00e9nero nos da un camino. Trabajaremos para que m\u00e1s ni\u00f1as y j\u00f3venes opten por estudiar Ingenier\u00eda o carreras vinculadas con la ciencia y la tecnolog\u00eda, apostamos a un cambio, en ese sentido, que sabemos que es cultural\u201d, analiza Peralta.<\/p>\n<p>La FIO pone en agenda la perspectiva de g\u00e9nero ante las facultades de ingenier\u00eda del pa\u00eds, como decana de la FIO rescata que la instituci\u00f3n haya iniciado acciones ya desde 2013 pero \u201cqueremos transformar eso en buenas pr\u00e1cticas que, como dice la ONU, deriven de acciones sostenidas en el tiempo que puedan ser replicables, eficientes. Eso es m\u00e1s potente que la acci\u00f3n. Desde 2013 hemos sostenido eventos, ahora formamos el espacio MI-FIO y apostamos a la Formaci\u00f3n de formadores en la Ley Micaela para profundizar el trabajo. Todo va de la mano\u201d.<\/p>\n<p>En definitiva, \u201cdebemos preguntarnos d\u00f3nde estamos parados, qu\u00e9 hacemos, c\u00f3mo hacemos lo que hacemos, qu\u00e9 desaf\u00edos tenemos y cu\u00e1l es el rol como instituci\u00f3n p\u00fablica. Tenemos muy en claro lo que marcan los l\u00edderes del mundo en cuanto a los Objetivos de Desarrollo Sostenible y cada uno desde su lugar tiene que aportar a ello\u201d, concluye Mar\u00eda Peralta a horas de poner en agenda la perspectiva de g\u00e9nero en la ense\u00f1anza de las ingenier\u00edas.<\/p>\n<p>&nbsp;<\/p>\n","protected":false},"excerpt":{"rendered":"<p>La FIO pone en agenda la perspectiva de g\u00e9nero ante las facultades de ingenier\u00eda del&#8230;<\/p>\n","protected":false},"author":1,"featured_media":167564,"comment_status":"closed","ping_status":"closed","sticky":false,"template":"","format":"standard","meta":{"content-type":""},"categories":[27],"tags":[],"nelio_content":{"isAutoShareEnabled":false,"autoShareEndMode":"default","automationSources":{"useContentSentences":true,"useSocialTemplates":true,"useCustomSentences":false,"customSentences":[]},"followers":[1],"suggestedReferences":[],"includedReferences":[],"efiUrl":"","efiAlt":"","highlights":[]},"yoast_head":"<!-- This site is optimized with the Yoast SEO plugin v20.7 - https:\/\/yoast.com\/wordpress\/plugins\/seo\/ -->\n<title>La FIO pone en agenda la perspectiva de g\u00e9nero ante las Facultades<\/title>\n<meta name=\"description\" content=\"La FIO pone en agenda la perspectiva de g\u00e9nero ante las facultades de ingenier\u00eda del pa\u00eds, la decana local encabezar\u00e1 una mesa de debate\" \/>\n<meta name=\"robots\" content=\"index, follow, max-snippet:-1, max-image-preview:large, max-video-preview:-1\" \/>\n<link rel=\"canonical\" href=\"https:\/\/experienciadevida.com.ar\/portalurbano\/la-fio-pone-en-agenda-la-perspectiva-de-genero-ante-las-facultades-de-ingenieria-del-pais\/\" \/>\n<meta property=\"og:locale\" content=\"es_ES\" \/>\n<meta property=\"og:type\" content=\"article\" \/>\n<meta property=\"og:title\" content=\"La FIO pone en agenda la perspectiva de g\u00e9nero ante las Facultades\" \/>\n<meta property=\"og:description\" content=\"La FIO pone en agenda la perspectiva de g\u00e9nero ante las facultades de ingenier\u00eda del pa\u00eds, la decana local encabezar\u00e1 una mesa de debate\" \/>\n<meta property=\"og:url\" content=\"https:\/\/experienciadevida.com.ar\/portalurbano\/la-fio-pone-en-agenda-la-perspectiva-de-genero-ante-las-facultades-de-ingenieria-del-pais\/\" \/>\n<meta property=\"article:publisher\" content=\"https:\/\/www.facebook.com\/Portal-Urbano-171542830093757\/\" \/>\n<meta property=\"article:published_time\" content=\"2022-05-12T00:20:26+00:00\" \/>\n<meta property=\"article:modified_time\" content=\"2022-05-12T00:20:55+00:00\" \/>\n<meta property=\"og:image\" content=\"https:\/\/experienciadevida.com.ar\/portalurbano\/wp-content\/uploads\/2022\/05\/La-FIO-pone-en.jpg\" \/>\n\t<meta property=\"og:image:width\" content=\"1000\" \/>\n\t<meta property=\"og:image:height\" content=\"504\" \/>\n\t<meta property=\"og:image:type\" content=\"image\/jpeg\" \/>\n<meta name=\"author\" content=\"admpu17wp\" \/>\n<meta name=\"twitter:card\" content=\"summary_large_image\" \/>\n<meta name=\"twitter:creator\" content=\"@portalurbanook\" \/>\n<meta name=\"twitter:site\" content=\"@portalurbanook\" \/>\n<meta name=\"twitter:label1\" content=\"Escrito por\" \/>\n\t<meta name=\"twitter:data1\" content=\"admpu17wp\" \/>\n\t<meta name=\"twitter:label2\" content=\"Tiempo de lectura\" \/>\n\t<meta name=\"twitter:data2\" content=\"6 minutos\" \/>\n<script type=\"application\/ld+json\" class=\"yoast-schema-graph\">{\"@context\":\"https:\/\/schema.org\",\"@graph\":[{\"@type\":\"Article\",\"@id\":\"https:\/\/experienciadevida.com.ar\/portalurbano\/la-fio-pone-en-agenda-la-perspectiva-de-genero-ante-las-facultades-de-ingenieria-del-pais\/#article\",\"isPartOf\":{\"@id\":\"https:\/\/experienciadevida.com.ar\/portalurbano\/la-fio-pone-en-agenda-la-perspectiva-de-genero-ante-las-facultades-de-ingenieria-del-pais\/\"},\"author\":{\"name\":\"admpu17wp\",\"@id\":\"https:\/\/experienciadevida.com.ar\/portalurbano\/#\/schema\/person\/02dd326b1c4b056e9cc972486934a3a7\"},\"headline\":\"La FIO pone en agenda la perspectiva de g\u00e9nero ante las facultades de ingenier\u00eda del pa\u00eds\",\"datePublished\":\"2022-05-12T00:20:26+00:00\",\"dateModified\":\"2022-05-12T00:20:55+00:00\",\"mainEntityOfPage\":{\"@id\":\"https:\/\/experienciadevida.com.ar\/portalurbano\/la-fio-pone-en-agenda-la-perspectiva-de-genero-ante-las-facultades-de-ingenieria-del-pais\/\"},\"wordCount\":1249,\"publisher\":{\"@id\":\"https:\/\/experienciadevida.com.ar\/portalurbano\/#organization\"},\"articleSection\":[\"Ciudad\"],\"inLanguage\":\"es\"},{\"@type\":\"WebPage\",\"@id\":\"https:\/\/experienciadevida.com.ar\/portalurbano\/la-fio-pone-en-agenda-la-perspectiva-de-genero-ante-las-facultades-de-ingenieria-del-pais\/\",\"url\":\"https:\/\/experienciadevida.com.ar\/portalurbano\/la-fio-pone-en-agenda-la-perspectiva-de-genero-ante-las-facultades-de-ingenieria-del-pais\/\",\"name\":\"La FIO pone en agenda la perspectiva de g\u00e9nero ante las Facultades\",\"isPartOf\":{\"@id\":\"https:\/\/experienciadevida.com.ar\/portalurbano\/#website\"},\"datePublished\":\"2022-05-12T00:20:26+00:00\",\"dateModified\":\"2022-05-12T00:20:55+00:00\",\"description\":\"La FIO pone en agenda la perspectiva de g\u00e9nero ante las facultades de ingenier\u00eda del pa\u00eds, la decana local encabezar\u00e1 una mesa de debate\",\"breadcrumb\":{\"@id\":\"https:\/\/experienciadevida.com.ar\/portalurbano\/la-fio-pone-en-agenda-la-perspectiva-de-genero-ante-las-facultades-de-ingenieria-del-pais\/#breadcrumb\"},\"inLanguage\":\"es\",\"potentialAction\":[{\"@type\":\"ReadAction\",\"target\":[\"https:\/\/experienciadevida.com.ar\/portalurbano\/la-fio-pone-en-agenda-la-perspectiva-de-genero-ante-las-facultades-de-ingenieria-del-pais\/\"]}]},{\"@type\":\"BreadcrumbList\",\"@id\":\"https:\/\/experienciadevida.com.ar\/portalurbano\/la-fio-pone-en-agenda-la-perspectiva-de-genero-ante-las-facultades-de-ingenieria-del-pais\/#breadcrumb\",\"itemListElement\":[{\"@type\":\"ListItem\",\"position\":1,\"name\":\"Portada\",\"item\":\"https:\/\/experienciadevida.com.ar\/portalurbano\/\"},{\"@type\":\"ListItem\",\"position\":2,\"name\":\"La FIO pone en agenda la perspectiva de g\u00e9nero ante las facultades de ingenier\u00eda del pa\u00eds\"}]},{\"@type\":\"WebSite\",\"@id\":\"https:\/\/experienciadevida.com.ar\/portalurbano\/#website\",\"url\":\"https:\/\/experienciadevida.com.ar\/portalurbano\/\",\"name\":\"\",\"description\":\"\",\"publisher\":{\"@id\":\"https:\/\/experienciadevida.com.ar\/portalurbano\/#organization\"},\"potentialAction\":[{\"@type\":\"SearchAction\",\"target\":{\"@type\":\"EntryPoint\",\"urlTemplate\":\"https:\/\/experienciadevida.com.ar\/portalurbano\/?s={search_term_string}\"},\"query-input\":\"required name=search_term_string\"}],\"inLanguage\":\"es\"},{\"@type\":\"Organization\",\"@id\":\"https:\/\/experienciadevida.com.ar\/portalurbano\/#organization\",\"name\":\"Portal Urbano\",\"url\":\"https:\/\/experienciadevida.com.ar\/portalurbano\/\",\"logo\":{\"@type\":\"ImageObject\",\"inLanguage\":\"es\",\"@id\":\"https:\/\/experienciadevida.com.ar\/portalurbano\/#\/schema\/logo\/image\/\",\"url\":\"https:\/\/experienciadevida.com.ar\/portalurbano\/wp-content\/uploads\/2019\/09\/Logo-Original.png\",\"contentUrl\":\"https:\/\/experienciadevida.com.ar\/portalurbano\/wp-content\/uploads\/2019\/09\/Logo-Original.png\",\"width\":2236,\"height\":1216,\"caption\":\"Portal Urbano\"},\"image\":{\"@id\":\"https:\/\/experienciadevida.com.ar\/portalurbano\/#\/schema\/logo\/image\/\"},\"sameAs\":[\"https:\/\/www.facebook.com\/Portal-Urbano-171542830093757\/\",\"https:\/\/twitter.com\/portalurbanook\",\"https:\/\/www.instagram.com\/_portalurbano\/\",\"https:\/\/www.youtube.com\/channel\/UCXhagIfszH8KxFiOok79zbA?view_as=subscriber\"]},{\"@type\":\"Person\",\"@id\":\"https:\/\/experienciadevida.com.ar\/portalurbano\/#\/schema\/person\/02dd326b1c4b056e9cc972486934a3a7\",\"name\":\"admpu17wp\",\"image\":{\"@type\":\"ImageObject\",\"inLanguage\":\"es\",\"@id\":\"https:\/\/experienciadevida.com.ar\/portalurbano\/#\/schema\/person\/image\/\",\"url\":\"https:\/\/secure.gravatar.com\/avatar\/830d4c57adaae6630765e449a6908047?s=96&d=mm&r=g\",\"contentUrl\":\"https:\/\/secure.gravatar.com\/avatar\/830d4c57adaae6630765e449a6908047?s=96&d=mm&r=g\",\"caption\":\"admpu17wp\"}}]}<\/script>\n<!-- \/ Yoast SEO plugin. -->","yoast_head_json":{"title":"La FIO pone en agenda la perspectiva de g\u00e9nero ante las Facultades","description":"La FIO pone en agenda la perspectiva de g\u00e9nero ante las facultades de ingenier\u00eda del pa\u00eds, la decana local encabezar\u00e1 una mesa de debate","robots":{"index":"index","follow":"follow","max-snippet":"max-snippet:-1","max-image-preview":"max-image-preview:large","max-video-preview":"max-video-preview:-1"},"canonical":"https:\/\/experienciadevida.com.ar\/portalurbano\/la-fio-pone-en-agenda-la-perspectiva-de-genero-ante-las-facultades-de-ingenieria-del-pais\/","og_locale":"es_ES","og_type":"article","og_title":"La FIO pone en agenda la perspectiva de g\u00e9nero ante las Facultades","og_description":"La FIO pone en agenda la perspectiva de g\u00e9nero ante las facultades de ingenier\u00eda del pa\u00eds, la decana local encabezar\u00e1 una mesa de debate","og_url":"https:\/\/experienciadevida.com.ar\/portalurbano\/la-fio-pone-en-agenda-la-perspectiva-de-genero-ante-las-facultades-de-ingenieria-del-pais\/","article_publisher":"https:\/\/www.facebook.com\/Portal-Urbano-171542830093757\/","article_published_time":"2022-05-12T00:20:26+00:00","article_modified_time":"2022-05-12T00:20:55+00:00","og_image":[{"width":1000,"height":504,"url":"https:\/\/experienciadevida.com.ar\/portalurbano\/wp-content\/uploads\/2022\/05\/La-FIO-pone-en.jpg","type":"image\/jpeg"}],"author":"admpu17wp","twitter_card":"summary_large_image","twitter_creator":"@portalurbanook","twitter_site":"@portalurbanook","twitter_misc":{"Escrito por":"admpu17wp","Tiempo de lectura":"6 minutos"},"schema":{"@context":"https:\/\/schema.org","@graph":[{"@type":"Article","@id":"https:\/\/experienciadevida.com.ar\/portalurbano\/la-fio-pone-en-agenda-la-perspectiva-de-genero-ante-las-facultades-de-ingenieria-del-pais\/#article","isPartOf":{"@id":"https:\/\/experienciadevida.com.ar\/portalurbano\/la-fio-pone-en-agenda-la-perspectiva-de-genero-ante-las-facultades-de-ingenieria-del-pais\/"},"author":{"name":"admpu17wp","@id":"https:\/\/experienciadevida.com.ar\/portalurbano\/#\/schema\/person\/02dd326b1c4b056e9cc972486934a3a7"},"headline":"La FIO pone en agenda la perspectiva de g\u00e9nero ante las facultades de ingenier\u00eda del pa\u00eds","datePublished":"2022-05-12T00:20:26+00:00","dateModified":"2022-05-12T00:20:55+00:00","mainEntityOfPage":{"@id":"https:\/\/experienciadevida.com.ar\/portalurbano\/la-fio-pone-en-agenda-la-perspectiva-de-genero-ante-las-facultades-de-ingenieria-del-pais\/"},"wordCount":1249,"publisher":{"@id":"https:\/\/experienciadevida.com.ar\/portalurbano\/#organization"},"articleSection":["Ciudad"],"inLanguage":"es"},{"@type":"WebPage","@id":"https:\/\/experienciadevida.com.ar\/portalurbano\/la-fio-pone-en-agenda-la-perspectiva-de-genero-ante-las-facultades-de-ingenieria-del-pais\/","url":"https:\/\/experienciadevida.com.ar\/portalurbano\/la-fio-pone-en-agenda-la-perspectiva-de-genero-ante-las-facultades-de-ingenieria-del-pais\/","name":"La FIO pone en agenda la perspectiva de g\u00e9nero ante las Facultades","isPartOf":{"@id":"https:\/\/experienciadevida.com.ar\/portalurbano\/#website"},"datePublished":"2022-05-12T00:20:26+00:00","dateModified":"2022-05-12T00:20:55+00:00","description":"La FIO pone en agenda la perspectiva de g\u00e9nero ante las facultades de ingenier\u00eda del pa\u00eds, la decana local encabezar\u00e1 una mesa de debate","breadcrumb":{"@id":"https:\/\/experienciadevida.com.ar\/portalurbano\/la-fio-pone-en-agenda-la-perspectiva-de-genero-ante-las-facultades-de-ingenieria-del-pais\/#breadcrumb"},"inLanguage":"es","potentialAction":[{"@type":"ReadAction","target":["https:\/\/experienciadevida.com.ar\/portalurbano\/la-fio-pone-en-agenda-la-perspectiva-de-genero-ante-las-facultades-de-ingenieria-del-pais\/"]}]},{"@type":"BreadcrumbList","@id":"https:\/\/experienciadevida.com.ar\/portalurbano\/la-fio-pone-en-agenda-la-perspectiva-de-genero-ante-las-facultades-de-ingenieria-del-pais\/#breadcrumb","itemListElement":[{"@type":"ListItem","position":1,"name":"Portada","item":"https:\/\/experienciadevida.com.ar\/portalurbano\/"},{"@type":"ListItem","position":2,"name":"La FIO pone en agenda la perspectiva de g\u00e9nero ante las facultades de ingenier\u00eda del pa\u00eds"}]},{"@type":"WebSite","@id":"https:\/\/experienciadevida.com.ar\/portalurbano\/#website","url":"https:\/\/experienciadevida.com.ar\/portalurbano\/","name":"","description":"","publisher":{"@id":"https:\/\/experienciadevida.com.ar\/portalurbano\/#organization"},"potentialAction":[{"@type":"SearchAction","target":{"@type":"EntryPoint","urlTemplate":"https:\/\/experienciadevida.com.ar\/portalurbano\/?s={search_term_string}"},"query-input":"required name=search_term_string"}],"inLanguage":"es"},{"@type":"Organization","@id":"https:\/\/experienciadevida.com.ar\/portalurbano\/#organization","name":"Portal Urbano","url":"https:\/\/experienciadevida.com.ar\/portalurbano\/","logo":{"@type":"ImageObject","inLanguage":"es","@id":"https:\/\/experienciadevida.com.ar\/portalurbano\/#\/schema\/logo\/image\/","url":"https:\/\/experienciadevida.com.ar\/portalurbano\/wp-content\/uploads\/2019\/09\/Logo-Original.png","contentUrl":"https:\/\/experienciadevida.com.ar\/portalurbano\/wp-content\/uploads\/2019\/09\/Logo-Original.png","width":2236,"height":1216,"caption":"Portal Urbano"},"image":{"@id":"https:\/\/experienciadevida.com.ar\/portalurbano\/#\/schema\/logo\/image\/"},"sameAs":["https:\/\/www.facebook.com\/Portal-Urbano-171542830093757\/","https:\/\/twitter.com\/portalurbanook","https:\/\/www.instagram.com\/_portalurbano\/","https:\/\/www.youtube.com\/channel\/UCXhagIfszH8KxFiOok79zbA?view_as=subscriber"]},{"@type":"Person","@id":"https:\/\/experienciadevida.com.ar\/portalurbano\/#\/schema\/person\/02dd326b1c4b056e9cc972486934a3a7","name":"admpu17wp","image":{"@type":"ImageObject","inLanguage":"es","@id":"https:\/\/experienciadevida.com.ar\/portalurbano\/#\/schema\/person\/image\/","url":"https:\/\/secure.gravatar.com\/avatar\/830d4c57adaae6630765e449a6908047?s=96&d=mm&r=g","contentUrl":"https:\/\/secure.gravatar.com\/avatar\/830d4c57adaae6630765e449a6908047?s=96&d=mm&r=g","caption":"admpu17wp"}}]}},"featured_image_urls":{"full":["https:\/\/experienciadevida.com.ar\/portalurbano\/wp-content\/uploads\/2022\/05\/La-FIO-pone-en.jpg",1000,504,false],"thumbnail":["https:\/\/experienciadevida.com.ar\/portalurbano\/wp-content\/uploads\/2022\/05\/La-FIO-pone-en-150x150.jpg",150,150,true],"medium":["https:\/\/experienciadevida.com.ar\/portalurbano\/wp-content\/uploads\/2022\/05\/La-FIO-pone-en-300x151.jpg",300,151,true],"medium_large":["https:\/\/experienciadevida.com.ar\/portalurbano\/wp-content\/uploads\/2022\/05\/La-FIO-pone-en-768x387.jpg",640,323,true],"large":["https:\/\/experienciadevida.com.ar\/portalurbano\/wp-content\/uploads\/2022\/05\/La-FIO-pone-en.jpg",640,323,false],"ug_big":["https:\/\/experienciadevida.com.ar\/portalurbano\/wp-content\/uploads\/2022\/05\/La-FIO-pone-en-768x387.jpg",768,387,true],"1536x1536":["https:\/\/experienciadevida.com.ar\/portalurbano\/wp-content\/uploads\/2022\/05\/La-FIO-pone-en.jpg",1000,504,false],"2048x2048":["https:\/\/experienciadevida.com.ar\/portalurbano\/wp-content\/uploads\/2022\/05\/La-FIO-pone-en.jpg",1000,504,false],"newsever-slider-full":["https:\/\/experienciadevida.com.ar\/portalurbano\/wp-content\/uploads\/2022\/05\/La-FIO-pone-en.jpg",1000,504,false],"newsever-featured":["https:\/\/experienciadevida.com.ar\/portalurbano\/wp-content\/uploads\/2022\/05\/La-FIO-pone-en.jpg",1000,504,false],"newsever-medium":["https:\/\/experienciadevida.com.ar\/portalurbano\/wp-content\/uploads\/2022\/05\/La-FIO-pone-en.jpg",720,363,false],"web-stories-poster-portrait":["https:\/\/experienciadevida.com.ar\/portalurbano\/wp-content\/uploads\/2022\/05\/La-FIO-pone-en.jpg",640,323,false],"web-stories-publisher-logo":["https:\/\/experienciadevida.com.ar\/portalurbano\/wp-content\/uploads\/2022\/05\/La-FIO-pone-en.jpg",96,48,false],"web-stories-thumbnail":["https:\/\/experienciadevida.com.ar\/portalurbano\/wp-content\/uploads\/2022\/05\/La-FIO-pone-en.jpg",150,76,false]},"author_info":{"display_name":"admpu17wp","author_link":"https:\/\/experienciadevida.com.ar\/portalurbano\/author\/admpu17wp\/"},"category_info":"<a href=\"https:\/\/experienciadevida.com.ar\/portalurbano\/category\/ciudad\/\" rel=\"category tag\">Ciudad<\/a>","tag_info":"Ciudad","comment_count":"0","amp_enabled":true,"_links":{"self":[{"href":"https:\/\/experienciadevida.com.ar\/portalurbano\/wp-json\/wp\/v2\/posts\/167563"}],"collection":[{"href":"https:\/\/experienciadevida.com.ar\/portalurbano\/wp-json\/wp\/v2\/posts"}],"about":[{"href":"https:\/\/experienciadevida.com.ar\/portalurbano\/wp-json\/wp\/v2\/types\/post"}],"author":[{"embeddable":true,"href":"https:\/\/experienciadevida.com.ar\/portalurbano\/wp-json\/wp\/v2\/users\/1"}],"replies":[{"embeddable":true,"href":"https:\/\/experienciadevida.com.ar\/portalurbano\/wp-json\/wp\/v2\/comments?post=167563"}],"version-history":[{"count":1,"href":"https:\/\/experienciadevida.com.ar\/portalurbano\/wp-json\/wp\/v2\/posts\/167563\/revisions"}],"predecessor-version":[{"id":167567,"href":"https:\/\/experienciadevida.com.ar\/portalurbano\/wp-json\/wp\/v2\/posts\/167563\/revisions\/167567"}],"wp:featuredmedia":[{"embeddable":true,"href":"https:\/\/experienciadevida.com.ar\/portalurbano\/wp-json\/wp\/v2\/media\/167564"}],"wp:attachment":[{"href":"https:\/\/experienciadevida.com.ar\/portalurbano\/wp-json\/wp\/v2\/media?parent=167563"}],"wp:term":[{"taxonomy":"category","embeddable":true,"href":"https:\/\/experienciadevida.com.ar\/portalurbano\/wp-json\/wp\/v2\/categories?post=167563"},{"taxonomy":"post_tag","embeddable":true,"href":"https:\/\/experienciadevida.com.ar\/portalurbano\/wp-json\/wp\/v2\/tags?post=167563"}],"curies":[{"name":"wp","href":"https:\/\/api.w.org\/{rel}","templated":true}]}}