{"id":167534,"date":"2022-05-11T15:59:02","date_gmt":"2022-05-11T18:59:02","guid":{"rendered":"https:\/\/experienciadevida.com.ar\/portalurbano\/?p=167534"},"modified":"2022-05-11T16:02:20","modified_gmt":"2022-05-11T19:02:20","slug":"ezequiel-galli-recorrio-marmoleria-navarro","status":"publish","type":"post","link":"https:\/\/experienciadevida.com.ar\/portalurbano\/ezequiel-galli-recorrio-marmoleria-navarro\/","title":{"rendered":"Ezequiel Galli recorri\u00f3 Marmoler\u00eda Navarro"},"content":{"rendered":"<p>Ezequiel Galli recorri\u00f3 Marmoler\u00eda Navarro, acompa\u00f1\u00f3 a <a href=\"https:\/\/www.facebook.com\/galliezequiel\">Galli<\/a> el secretario de Desarrollo Econ\u00f3mico Julio Valetutto. Fueron recibidos por Marilina y Carlos Navarro, propietarios de la firma.<\/p>\n<p>\u201cEstamos con la Marmoler\u00eda hace diez a\u00f1os trabajando. Primero arrancamos en lo que era el garage de mi casa en Av. trabajadores al 1700, con tres chapas de m\u00e1rmol. Mientras armamos la cortadora puente. Mi marido las hac\u00eda a mano \u2013 el trabaj\u00f3 doce a\u00f1os en el Parque Industrial en marmoler\u00eda -\u201d, rememor\u00f3 Marilina. Al mismo tiempo, a\u00f1adi\u00f3: \u201cse trabaj\u00f3 siempre sin parar, gracias a Dios, y siempre por recomendaci\u00f3n de clientes. Al principio fue dif\u00edcil hasta que nos conocieron la forma de trabajar y nuestra responsabilidad\u201d.<\/p>\n<p>\u201cDespu\u00e9s de cuatro a\u00f1os logramos terminar el taller de trabajo\u201d, subray\u00f3 la propietaria.<\/p>\n<p>Respecto a su situaci\u00f3n actual, Marilina resalt\u00f3: \u201cen este momento trabajamos mi suegro, mi esposo, mi hijo y yo. Ac\u00e1 donde estamos ahora compramos el terreno en 2016 y empezamos hacer el local, y el galp\u00f3n de trabajo lo terminamos en noviembre del 2021\u201d.<\/p>\n<p>Ezequiel Galli por su parte felicit\u00f3 al matrimonio y a su hijo Facundo, quien trabaja all\u00ed, continuando el legado de sus padres. Tambi\u00e9n conoci\u00f3 a Carlos Navarro padre, quien junto con su hijo, nuera y nieto, trabaja all\u00ed en la empresa. El Intendente destac\u00f3 la marmoler\u00eda como el fruto de tantos a\u00f1os de trabajo arduo y sacrificio de tres generaciones.<\/p>\n<p>En este sentido, tanto Galli como Valetutto y los propietarios de la firma, dialogaron sobre las oportunidades de crecimiento que ofrece el Municipio de Olavarr\u00eda para emprendimientos de este rubro. El Intendente, por su parte, reafirm\u00f3 su compromiso con esta empresa en particular y con el sector industrial y productivo en general; uno de los motores fundamentales para el crecimiento econ\u00f3mico del distrito y la regi\u00f3n; ya que \u201cel crecimiento de ustedes significa generaci\u00f3n de empleo genuino\u201d. \u201cNosotros como Municipio acompa\u00f1aremos desde nuestro lugar para su progreso, es la \u00fanica manera de salir adelante\u201d destac\u00f3. En relaci\u00f3n a ello, dialogaron sobre las posibilidades de acceder a financiamiento crediticio, a trav\u00e9s de l\u00edneas de cr\u00e9dito nacionales, mediante la gesti\u00f3n e intermediaci\u00f3n de la Secretar\u00eda de Desarrollo Econ\u00f3mico; que ofrece asesor\u00eda permanente a este tipo de espacios. Marilina y Carlos destacaron el acompa\u00f1amiento de la directora administrativa de dicha Secretar\u00eda, Susana Brun y el referente del \u00e1rea de Asistencia a Empresas, Horacio Balbiani.<\/p>\n<p><a href=\"https:\/\/experienciadevida.com.ar\/portalurbano\/ezequiel-galli-recorrio-marmoleria-navarro\/ezequiel-galli-recorrio\/\" rel=\"attachment wp-att-167538\"><img decoding=\"async\" class=\"alignnone size-large wp-image-167538\" src=\"https:\/\/experienciadevida.com.ar\/portalurbano\/wp-content\/uploads\/2022\/05\/Ezequiel-Galli-recorrio-1024x684.jpg\" alt=\"Ezequiel Galli recorri\u00f3\" width=\"900\" height=\"601\" srcset=\"https:\/\/experienciadevida.com.ar\/portalurbano\/wp-content\/uploads\/2022\/05\/Ezequiel-Galli-recorrio-1024x684.jpg 1024w, https:\/\/experienciadevida.com.ar\/portalurbano\/wp-content\/uploads\/2022\/05\/Ezequiel-Galli-recorrio-300x201.jpg 300w, https:\/\/experienciadevida.com.ar\/portalurbano\/wp-content\/uploads\/2022\/05\/Ezequiel-Galli-recorrio-768x513.jpg 768w, https:\/\/experienciadevida.com.ar\/portalurbano\/wp-content\/uploads\/2022\/05\/Ezequiel-Galli-recorrio-1536x1027.jpg 1536w, https:\/\/experienciadevida.com.ar\/portalurbano\/wp-content\/uploads\/2022\/05\/Ezequiel-Galli-recorrio-2048x1369.jpg 2048w\" sizes=\"(max-width: 900px) 100vw, 900px\" \/><\/a><\/p>\n","protected":false},"excerpt":{"rendered":"<p>Ezequiel Galli recorri\u00f3 Marmoler\u00eda Navarro, acompa\u00f1\u00f3 a Galli el secretario de Desarrollo Econ\u00f3mico Julio Valetutto&#8230;.<\/p>\n","protected":false},"author":1,"featured_media":167536,"comment_status":"closed","ping_status":"closed","sticky":false,"template":"","format":"standard","meta":{"content-type":""},"categories":[27,51],"tags":[],"nelio_content":{"isAutoShareEnabled":false,"autoShareEndMode":"default","automationSources":{"useContentSentences":true,"useSocialTemplates":true,"useCustomSentences":false,"customSentences":[]},"followers":[1],"suggestedReferences":[],"includedReferences":[],"efiUrl":"","efiAlt":"","highlights":[]},"yoast_head":"<!-- This site is optimized with the Yoast SEO plugin v20.7 - https:\/\/yoast.com\/wordpress\/plugins\/seo\/ -->\n<title>Ezequiel Galli recorri\u00f3 Marmoler\u00eda Navarro<\/title>\n<meta name=\"description\" content=\"Ezequiel Galli recorri\u00f3 Marmoler\u00eda Navarro, acompa\u00f1\u00f3 a Galli el secretario de Desarrollo Econ\u00f3mico Julio Valetutto.\" \/>\n<meta name=\"robots\" content=\"index, follow, max-snippet:-1, max-image-preview:large, max-video-preview:-1\" \/>\n<link rel=\"canonical\" href=\"https:\/\/experienciadevida.com.ar\/portalurbano\/ezequiel-galli-recorrio-marmoleria-navarro\/\" \/>\n<meta property=\"og:locale\" content=\"es_ES\" \/>\n<meta property=\"og:type\" content=\"article\" \/>\n<meta property=\"og:title\" content=\"Ezequiel Galli recorri\u00f3 Marmoler\u00eda Navarro\" \/>\n<meta property=\"og:description\" content=\"Ezequiel Galli recorri\u00f3 Marmoler\u00eda Navarro, acompa\u00f1\u00f3 a Galli el secretario de Desarrollo Econ\u00f3mico Julio Valetutto.\" \/>\n<meta property=\"og:url\" content=\"https:\/\/experienciadevida.com.ar\/portalurbano\/ezequiel-galli-recorrio-marmoleria-navarro\/\" \/>\n<meta property=\"article:publisher\" content=\"https:\/\/www.facebook.com\/Portal-Urbano-171542830093757\/\" \/>\n<meta property=\"article:published_time\" content=\"2022-05-11T18:59:02+00:00\" \/>\n<meta property=\"article:modified_time\" content=\"2022-05-11T19:02:20+00:00\" \/>\n<meta property=\"og:image\" content=\"https:\/\/experienciadevida.com.ar\/portalurbano\/wp-content\/uploads\/2022\/05\/Ezequiel-Galli-recorrio-Marmoleria.jpg\" \/>\n\t<meta property=\"og:image:width\" content=\"2560\" \/>\n\t<meta property=\"og:image:height\" content=\"1711\" \/>\n\t<meta property=\"og:image:type\" content=\"image\/jpeg\" \/>\n<meta name=\"author\" content=\"admpu17wp\" \/>\n<meta name=\"twitter:card\" content=\"summary_large_image\" \/>\n<meta name=\"twitter:creator\" content=\"@portalurbanook\" \/>\n<meta name=\"twitter:site\" content=\"@portalurbanook\" \/>\n<meta name=\"twitter:label1\" content=\"Escrito por\" \/>\n\t<meta name=\"twitter:data1\" content=\"admpu17wp\" \/>\n\t<meta name=\"twitter:label2\" content=\"Tiempo de lectura\" \/>\n\t<meta name=\"twitter:data2\" content=\"2 minutos\" \/>\n<script type=\"application\/ld+json\" class=\"yoast-schema-graph\">{\"@context\":\"https:\/\/schema.org\",\"@graph\":[{\"@type\":\"Article\",\"@id\":\"https:\/\/experienciadevida.com.ar\/portalurbano\/ezequiel-galli-recorrio-marmoleria-navarro\/#article\",\"isPartOf\":{\"@id\":\"https:\/\/experienciadevida.com.ar\/portalurbano\/ezequiel-galli-recorrio-marmoleria-navarro\/\"},\"author\":{\"name\":\"admpu17wp\",\"@id\":\"https:\/\/experienciadevida.com.ar\/portalurbano\/#\/schema\/person\/02dd326b1c4b056e9cc972486934a3a7\"},\"headline\":\"Ezequiel Galli recorri\u00f3 Marmoler\u00eda Navarro\",\"datePublished\":\"2022-05-11T18:59:02+00:00\",\"dateModified\":\"2022-05-11T19:02:20+00:00\",\"mainEntityOfPage\":{\"@id\":\"https:\/\/experienciadevida.com.ar\/portalurbano\/ezequiel-galli-recorrio-marmoleria-navarro\/\"},\"wordCount\":427,\"publisher\":{\"@id\":\"https:\/\/experienciadevida.com.ar\/portalurbano\/#organization\"},\"articleSection\":[\"Ciudad\",\"Destacadas\"],\"inLanguage\":\"es\"},{\"@type\":\"WebPage\",\"@id\":\"https:\/\/experienciadevida.com.ar\/portalurbano\/ezequiel-galli-recorrio-marmoleria-navarro\/\",\"url\":\"https:\/\/experienciadevida.com.ar\/portalurbano\/ezequiel-galli-recorrio-marmoleria-navarro\/\",\"name\":\"Ezequiel Galli recorri\u00f3 Marmoler\u00eda Navarro\",\"isPartOf\":{\"@id\":\"https:\/\/experienciadevida.com.ar\/portalurbano\/#website\"},\"datePublished\":\"2022-05-11T18:59:02+00:00\",\"dateModified\":\"2022-05-11T19:02:20+00:00\",\"description\":\"Ezequiel Galli recorri\u00f3 Marmoler\u00eda Navarro, acompa\u00f1\u00f3 a Galli el secretario de Desarrollo Econ\u00f3mico Julio Valetutto.\",\"breadcrumb\":{\"@id\":\"https:\/\/experienciadevida.com.ar\/portalurbano\/ezequiel-galli-recorrio-marmoleria-navarro\/#breadcrumb\"},\"inLanguage\":\"es\",\"potentialAction\":[{\"@type\":\"ReadAction\",\"target\":[\"https:\/\/experienciadevida.com.ar\/portalurbano\/ezequiel-galli-recorrio-marmoleria-navarro\/\"]}]},{\"@type\":\"BreadcrumbList\",\"@id\":\"https:\/\/experienciadevida.com.ar\/portalurbano\/ezequiel-galli-recorrio-marmoleria-navarro\/#breadcrumb\",\"itemListElement\":[{\"@type\":\"ListItem\",\"position\":1,\"name\":\"Portada\",\"item\":\"https:\/\/experienciadevida.com.ar\/portalurbano\/\"},{\"@type\":\"ListItem\",\"position\":2,\"name\":\"Ezequiel Galli recorri\u00f3 Marmoler\u00eda Navarro\"}]},{\"@type\":\"WebSite\",\"@id\":\"https:\/\/experienciadevida.com.ar\/portalurbano\/#website\",\"url\":\"https:\/\/experienciadevida.com.ar\/portalurbano\/\",\"name\":\"\",\"description\":\"\",\"publisher\":{\"@id\":\"https:\/\/experienciadevida.com.ar\/portalurbano\/#organization\"},\"potentialAction\":[{\"@type\":\"SearchAction\",\"target\":{\"@type\":\"EntryPoint\",\"urlTemplate\":\"https:\/\/experienciadevida.com.ar\/portalurbano\/?s={search_term_string}\"},\"query-input\":\"required name=search_term_string\"}],\"inLanguage\":\"es\"},{\"@type\":\"Organization\",\"@id\":\"https:\/\/experienciadevida.com.ar\/portalurbano\/#organization\",\"name\":\"Portal Urbano\",\"url\":\"https:\/\/experienciadevida.com.ar\/portalurbano\/\",\"logo\":{\"@type\":\"ImageObject\",\"inLanguage\":\"es\",\"@id\":\"https:\/\/experienciadevida.com.ar\/portalurbano\/#\/schema\/logo\/image\/\",\"url\":\"https:\/\/experienciadevida.com.ar\/portalurbano\/wp-content\/uploads\/2019\/09\/Logo-Original.png\",\"contentUrl\":\"https:\/\/experienciadevida.com.ar\/portalurbano\/wp-content\/uploads\/2019\/09\/Logo-Original.png\",\"width\":2236,\"height\":1216,\"caption\":\"Portal Urbano\"},\"image\":{\"@id\":\"https:\/\/experienciadevida.com.ar\/portalurbano\/#\/schema\/logo\/image\/\"},\"sameAs\":[\"https:\/\/www.facebook.com\/Portal-Urbano-171542830093757\/\",\"https:\/\/twitter.com\/portalurbanook\",\"https:\/\/www.instagram.com\/_portalurbano\/\",\"https:\/\/www.youtube.com\/channel\/UCXhagIfszH8KxFiOok79zbA?view_as=subscriber\"]},{\"@type\":\"Person\",\"@id\":\"https:\/\/experienciadevida.com.ar\/portalurbano\/#\/schema\/person\/02dd326b1c4b056e9cc972486934a3a7\",\"name\":\"admpu17wp\",\"image\":{\"@type\":\"ImageObject\",\"inLanguage\":\"es\",\"@id\":\"https:\/\/experienciadevida.com.ar\/portalurbano\/#\/schema\/person\/image\/\",\"url\":\"https:\/\/secure.gravatar.com\/avatar\/830d4c57adaae6630765e449a6908047?s=96&d=mm&r=g\",\"contentUrl\":\"https:\/\/secure.gravatar.com\/avatar\/830d4c57adaae6630765e449a6908047?s=96&d=mm&r=g\",\"caption\":\"admpu17wp\"}}]}<\/script>\n<!-- \/ Yoast SEO plugin. -->","yoast_head_json":{"title":"Ezequiel Galli recorri\u00f3 Marmoler\u00eda Navarro","description":"Ezequiel Galli recorri\u00f3 Marmoler\u00eda Navarro, acompa\u00f1\u00f3 a Galli el secretario de Desarrollo Econ\u00f3mico Julio Valetutto.","robots":{"index":"index","follow":"follow","max-snippet":"max-snippet:-1","max-image-preview":"max-image-preview:large","max-video-preview":"max-video-preview:-1"},"canonical":"https:\/\/experienciadevida.com.ar\/portalurbano\/ezequiel-galli-recorrio-marmoleria-navarro\/","og_locale":"es_ES","og_type":"article","og_title":"Ezequiel Galli recorri\u00f3 Marmoler\u00eda Navarro","og_description":"Ezequiel Galli recorri\u00f3 Marmoler\u00eda Navarro, acompa\u00f1\u00f3 a Galli el secretario de Desarrollo Econ\u00f3mico Julio Valetutto.","og_url":"https:\/\/experienciadevida.com.ar\/portalurbano\/ezequiel-galli-recorrio-marmoleria-navarro\/","article_publisher":"https:\/\/www.facebook.com\/Portal-Urbano-171542830093757\/","article_published_time":"2022-05-11T18:59:02+00:00","article_modified_time":"2022-05-11T19:02:20+00:00","og_image":[{"width":2560,"height":1711,"url":"https:\/\/experienciadevida.com.ar\/portalurbano\/wp-content\/uploads\/2022\/05\/Ezequiel-Galli-recorrio-Marmoleria.jpg","type":"image\/jpeg"}],"author":"admpu17wp","twitter_card":"summary_large_image","twitter_creator":"@portalurbanook","twitter_site":"@portalurbanook","twitter_misc":{"Escrito por":"admpu17wp","Tiempo de lectura":"2 minutos"},"schema":{"@context":"https:\/\/schema.org","@graph":[{"@type":"Article","@id":"https:\/\/experienciadevida.com.ar\/portalurbano\/ezequiel-galli-recorrio-marmoleria-navarro\/#article","isPartOf":{"@id":"https:\/\/experienciadevida.com.ar\/portalurbano\/ezequiel-galli-recorrio-marmoleria-navarro\/"},"author":{"name":"admpu17wp","@id":"https:\/\/experienciadevida.com.ar\/portalurbano\/#\/schema\/person\/02dd326b1c4b056e9cc972486934a3a7"},"headline":"Ezequiel Galli recorri\u00f3 Marmoler\u00eda Navarro","datePublished":"2022-05-11T18:59:02+00:00","dateModified":"2022-05-11T19:02:20+00:00","mainEntityOfPage":{"@id":"https:\/\/experienciadevida.com.ar\/portalurbano\/ezequiel-galli-recorrio-marmoleria-navarro\/"},"wordCount":427,"publisher":{"@id":"https:\/\/experienciadevida.com.ar\/portalurbano\/#organization"},"articleSection":["Ciudad","Destacadas"],"inLanguage":"es"},{"@type":"WebPage","@id":"https:\/\/experienciadevida.com.ar\/portalurbano\/ezequiel-galli-recorrio-marmoleria-navarro\/","url":"https:\/\/experienciadevida.com.ar\/portalurbano\/ezequiel-galli-recorrio-marmoleria-navarro\/","name":"Ezequiel Galli recorri\u00f3 Marmoler\u00eda Navarro","isPartOf":{"@id":"https:\/\/experienciadevida.com.ar\/portalurbano\/#website"},"datePublished":"2022-05-11T18:59:02+00:00","dateModified":"2022-05-11T19:02:20+00:00","description":"Ezequiel Galli recorri\u00f3 Marmoler\u00eda Navarro, acompa\u00f1\u00f3 a Galli el secretario de Desarrollo Econ\u00f3mico Julio Valetutto.","breadcrumb":{"@id":"https:\/\/experienciadevida.com.ar\/portalurbano\/ezequiel-galli-recorrio-marmoleria-navarro\/#breadcrumb"},"inLanguage":"es","potentialAction":[{"@type":"ReadAction","target":["https:\/\/experienciadevida.com.ar\/portalurbano\/ezequiel-galli-recorrio-marmoleria-navarro\/"]}]},{"@type":"BreadcrumbList","@id":"https:\/\/experienciadevida.com.ar\/portalurbano\/ezequiel-galli-recorrio-marmoleria-navarro\/#breadcrumb","itemListElement":[{"@type":"ListItem","position":1,"name":"Portada","item":"https:\/\/experienciadevida.com.ar\/portalurbano\/"},{"@type":"ListItem","position":2,"name":"Ezequiel Galli recorri\u00f3 Marmoler\u00eda Navarro"}]},{"@type":"WebSite","@id":"https:\/\/experienciadevida.com.ar\/portalurbano\/#website","url":"https:\/\/experienciadevida.com.ar\/portalurbano\/","name":"","description":"","publisher":{"@id":"https:\/\/experienciadevida.com.ar\/portalurbano\/#organization"},"potentialAction":[{"@type":"SearchAction","target":{"@type":"EntryPoint","urlTemplate":"https:\/\/experienciadevida.com.ar\/portalurbano\/?s={search_term_string}"},"query-input":"required name=search_term_string"}],"inLanguage":"es"},{"@type":"Organization","@id":"https:\/\/experienciadevida.com.ar\/portalurbano\/#organization","name":"Portal Urbano","url":"https:\/\/experienciadevida.com.ar\/portalurbano\/","logo":{"@type":"ImageObject","inLanguage":"es","@id":"https:\/\/experienciadevida.com.ar\/portalurbano\/#\/schema\/logo\/image\/","url":"https:\/\/experienciadevida.com.ar\/portalurbano\/wp-content\/uploads\/2019\/09\/Logo-Original.png","contentUrl":"https:\/\/experienciadevida.com.ar\/portalurbano\/wp-content\/uploads\/2019\/09\/Logo-Original.png","width":2236,"height":1216,"caption":"Portal Urbano"},"image":{"@id":"https:\/\/experienciadevida.com.ar\/portalurbano\/#\/schema\/logo\/image\/"},"sameAs":["https:\/\/www.facebook.com\/Portal-Urbano-171542830093757\/","https:\/\/twitter.com\/portalurbanook","https:\/\/www.instagram.com\/_portalurbano\/","https:\/\/www.youtube.com\/channel\/UCXhagIfszH8KxFiOok79zbA?view_as=subscriber"]},{"@type":"Person","@id":"https:\/\/experienciadevida.com.ar\/portalurbano\/#\/schema\/person\/02dd326b1c4b056e9cc972486934a3a7","name":"admpu17wp","image":{"@type":"ImageObject","inLanguage":"es","@id":"https:\/\/experienciadevida.com.ar\/portalurbano\/#\/schema\/person\/image\/","url":"https:\/\/secure.gravatar.com\/avatar\/830d4c57adaae6630765e449a6908047?s=96&d=mm&r=g","contentUrl":"https:\/\/secure.gravatar.com\/avatar\/830d4c57adaae6630765e449a6908047?s=96&d=mm&r=g","caption":"admpu17wp"}}]}},"featured_image_urls":{"full":["https:\/\/experienciadevida.com.ar\/portalurbano\/wp-content\/uploads\/2022\/05\/Ezequiel-Galli-recorrio-Marmoleria.jpg",2560,1711,false],"thumbnail":["https:\/\/experienciadevida.com.ar\/portalurbano\/wp-content\/uploads\/2022\/05\/Ezequiel-Galli-recorrio-Marmoleria-150x150.jpg",150,150,true],"medium":["https:\/\/experienciadevida.com.ar\/portalurbano\/wp-content\/uploads\/2022\/05\/Ezequiel-Galli-recorrio-Marmoleria-300x201.jpg",300,201,true],"medium_large":["https:\/\/experienciadevida.com.ar\/portalurbano\/wp-content\/uploads\/2022\/05\/Ezequiel-Galli-recorrio-Marmoleria-768x513.jpg",640,428,true],"large":["https:\/\/experienciadevida.com.ar\/portalurbano\/wp-content\/uploads\/2022\/05\/Ezequiel-Galli-recorrio-Marmoleria-1024x684.jpg",640,428,true],"ug_big":["https:\/\/experienciadevida.com.ar\/portalurbano\/wp-content\/uploads\/2022\/05\/Ezequiel-Galli-recorrio-Marmoleria-768x513.jpg",768,513,true],"1536x1536":["https:\/\/experienciadevida.com.ar\/portalurbano\/wp-content\/uploads\/2022\/05\/Ezequiel-Galli-recorrio-Marmoleria-1536x1027.jpg",1536,1027,true],"2048x2048":["https:\/\/experienciadevida.com.ar\/portalurbano\/wp-content\/uploads\/2022\/05\/Ezequiel-Galli-recorrio-Marmoleria-2048x1369.jpg",2048,1369,true],"newsever-slider-full":["https:\/\/experienciadevida.com.ar\/portalurbano\/wp-content\/uploads\/2022\/05\/Ezequiel-Galli-recorrio-Marmoleria.jpg",1264,845,false],"newsever-featured":["https:\/\/experienciadevida.com.ar\/portalurbano\/wp-content\/uploads\/2022\/05\/Ezequiel-Galli-recorrio-Marmoleria.jpg",1024,684,false],"newsever-medium":["https:\/\/experienciadevida.com.ar\/portalurbano\/wp-content\/uploads\/2022\/05\/Ezequiel-Galli-recorrio-Marmoleria.jpg",711,475,false],"web-stories-poster-portrait":["https:\/\/experienciadevida.com.ar\/portalurbano\/wp-content\/uploads\/2022\/05\/Ezequiel-Galli-recorrio-Marmoleria.jpg",640,428,false],"web-stories-publisher-logo":["https:\/\/experienciadevida.com.ar\/portalurbano\/wp-content\/uploads\/2022\/05\/Ezequiel-Galli-recorrio-Marmoleria.jpg",96,64,false],"web-stories-thumbnail":["https:\/\/experienciadevida.com.ar\/portalurbano\/wp-content\/uploads\/2022\/05\/Ezequiel-Galli-recorrio-Marmoleria.jpg",150,100,false]},"author_info":{"display_name":"admpu17wp","author_link":"https:\/\/experienciadevida.com.ar\/portalurbano\/author\/admpu17wp\/"},"category_info":"<a href=\"https:\/\/experienciadevida.com.ar\/portalurbano\/category\/ciudad\/\" rel=\"category tag\">Ciudad<\/a> <a href=\"https:\/\/experienciadevida.com.ar\/portalurbano\/category\/destacadas\/\" rel=\"category tag\">Destacadas<\/a>","tag_info":"Destacadas","comment_count":"0","amp_enabled":true,"_links":{"self":[{"href":"https:\/\/experienciadevida.com.ar\/portalurbano\/wp-json\/wp\/v2\/posts\/167534"}],"collection":[{"href":"https:\/\/experienciadevida.com.ar\/portalurbano\/wp-json\/wp\/v2\/posts"}],"about":[{"href":"https:\/\/experienciadevida.com.ar\/portalurbano\/wp-json\/wp\/v2\/types\/post"}],"author":[{"embeddable":true,"href":"https:\/\/experienciadevida.com.ar\/portalurbano\/wp-json\/wp\/v2\/users\/1"}],"replies":[{"embeddable":true,"href":"https:\/\/experienciadevida.com.ar\/portalurbano\/wp-json\/wp\/v2\/comments?post=167534"}],"version-history":[{"count":3,"href":"https:\/\/experienciadevida.com.ar\/portalurbano\/wp-json\/wp\/v2\/posts\/167534\/revisions"}],"predecessor-version":[{"id":167540,"href":"https:\/\/experienciadevida.com.ar\/portalurbano\/wp-json\/wp\/v2\/posts\/167534\/revisions\/167540"}],"wp:featuredmedia":[{"embeddable":true,"href":"https:\/\/experienciadevida.com.ar\/portalurbano\/wp-json\/wp\/v2\/media\/167536"}],"wp:attachment":[{"href":"https:\/\/experienciadevida.com.ar\/portalurbano\/wp-json\/wp\/v2\/media?parent=167534"}],"wp:term":[{"taxonomy":"category","embeddable":true,"href":"https:\/\/experienciadevida.com.ar\/portalurbano\/wp-json\/wp\/v2\/categories?post=167534"},{"taxonomy":"post_tag","embeddable":true,"href":"https:\/\/experienciadevida.com.ar\/portalurbano\/wp-json\/wp\/v2\/tags?post=167534"}],"curies":[{"name":"wp","href":"https:\/\/api.w.org\/{rel}","templated":true}]}}