{"id":167516,"date":"2022-05-11T10:25:43","date_gmt":"2022-05-11T13:25:43","guid":{"rendered":"https:\/\/experienciadevida.com.ar\/portalurbano\/?p=167516"},"modified":"2022-05-11T10:26:12","modified_gmt":"2022-05-11T13:26:12","slug":"gaston-argeri-se-refiere-a-las-elecciones-del-12-de-mayo-nuestra-lista-tiene-una-clara-identidad-departamental-somos-abogados-y-abogadas-de-las-11-localidades-del-colegio","status":"publish","type":"post","link":"https:\/\/experienciadevida.com.ar\/portalurbano\/gaston-argeri-se-refiere-a-las-elecciones-del-12-de-mayo-nuestra-lista-tiene-una-clara-identidad-departamental-somos-abogados-y-abogadas-de-las-11-localidades-del-colegio\/","title":{"rendered":"Gast\u00f3n Argeri se refiere a las elecciones del 12 de mayo: \u201cNuestra lista tiene una clara identidad departamental: somos abogados y abogadas de las 11 localidades del Colegio\u201d"},"content":{"rendered":"<p>Gast\u00f3n <a href=\"https:\/\/www.instagram.com\/gastonargeri\/?hl=es-la\">Argeri<\/a> se refiere a las elecciones del 12 de mayo: \u201cNuestra lista tiene una clara identidad departamental: somos abogados y abogadas de las 11 localidades del Colegio\u201d.<\/p>\n<p>El pr\u00f3ximo jueves habr\u00e1 elecciones en el Colegio de Abogados del Departamento Judicial de Azul. M\u00e1s de 1300 abogados y abogadas de la matr\u00edcula elegir\u00e1n presidente y la totalidad de los integrantes del Consejo Directivo, Tribunal de Disciplina, Directores y Revisores de Cuentas para la Caja Previsional Social, debido a que las restricciones impuestas por la pandemia no permitieron la realizaci\u00f3n de los comicios de medio t\u00e9rmino durante 2020.<\/p>\n<p>Gast\u00f3n Argeri encabeza la Lista N\u00ba 1 \u201cIntegraci\u00f3n\u201d, conformada por abogados y abogadas de las 11 ciudades y localidades del territorio departamental. \u201cHemos trabajado much\u00edsimo a lo largo de estos 4 a\u00f1os, de los cuales los \u00faltimos dos y medio fueron de vital importancia por los enormes desaf\u00edos que el Colegio tuvo que asumir para continuar cerca de cada uno de los matriculados y matriculadas. Nuestra lista tiene una clar\u00edsima identidad departamental: somos abogados y abogadas de todas las localidades que entendemos que el camino de unidad e integraci\u00f3n es con las voces de todos y todas, que una instituci\u00f3n no se vigoriza con la mirada parcial de su conducci\u00f3n sino que necesita de la estrecha vinculaci\u00f3n horizontal, de sabernos en el mismo proyecto, con las mismas convicciones, convencidos de que la construcci\u00f3n es colectiva y la conexi\u00f3n con todas las ciudades es real\u201d, subraya.<\/p>\n<p>El tramo final de la campa\u00f1a es ajetreado, tanto m\u00e1s cuando se trata de un Colegio Departamental geogr\u00e1ficamente muy extenso. \u201cHemos estado 4 a\u00f1os con presencia permanente, visitando cada una de las ciudades y localidades, de modo que estas circunstancias no son excepcionales. Adonde llegamos el matriculado y matriculada sabe lo que pasa en el Colegio, no es ajeno, no necesitamos presentarnos ni contar todo lo que hacemos, solo hablar, acompa\u00f1ar, apoyar y convenir el rumbo institucional que queremos. Estuvimos cerca y conectados todo este tiempo. Ahora vamos por lo que falta hacer y mejorar. Sabemos qu\u00e9 necesita cada lugar, cu\u00e1les son sus dificultades e insuficiencias porque nos propusimos ser un Colegio de Abogados Departamental presente, desde la defensa de las incumbencias profesionales, el control y funcionamiento del servicio de justicia, el reclamo de la cobertura de vacantes, como en el reclamo para que avancen los proyectos edilicios del Poder Judicial de nuestro Departamento Judicial, como lo hicimos con Olavarr\u00eda (en plena readecuaci\u00f3n de valores) y en Tandil, donde en breve saldr\u00e1 a licitaci\u00f3n en breve\u201d, agrega.<\/p>\n<p><strong>Las propuestas:<\/strong><\/p>\n<p>Gast\u00f3n Argeri se refiere a las elecciones del 12 de mayo, &#8220;hemos elaborado propuestas superadoras. Al bols\u00edn gratuito para las 11 ciudades y localidades queremos darle continuidad y mayor fluidez, adem\u00e1s de la posibilidad de conectarse entre ellas.<\/p>\n<p>Tenemos previsto ampliar el horario de atenci\u00f3n del servicio de asistencia inform\u00e1tica as\u00ed tambi\u00e9n como el n\u00famero de t\u00e9cnicos asignados; extender y ampliar el programa de herramientas tecnol\u00f3gicas para el acceso de dispositivos electr\u00f3nicos; generar un sistema de atenci\u00f3n personalizada y del personal del Colegio, a trav\u00e9s de un sistema de webcam. Nuestro objetivo tambi\u00e9n es sostener y expandir las capacitaciones gratuitas, las conferencias, charlas, jornadas, postgrados y maestr\u00edas; formar una biblioteca virtual con una importante oferta de e-books; generar m\u00e1s encuentros deportivos departamentales y con otros colegios profesionales, contar con una App del Colegio de Abogados y generar mayores puntos de conexi\u00f3n entre los abogados y abogados en pos de generar mayor camarader\u00eda.<\/p>\n<p>En lo que respecta estrictamente al ejercicio profesional, seguiremos defendiendo las incumbencias profesionales, el cumplimiento de la ley de honorarios, el trabajo de los asesores y defensores ad hoc en la justicia de paz, en lo que refiere a sorteos de causas y pago de honorarios al igual que un fortalecimiento del programa de acompa\u00f1amiento a j\u00f3venes y n\u00f3veles abogados que ya est\u00e1 en marcha, con excelentes resultados y aceptaci\u00f3n.<\/p>\n<p>Tenemos previsto avanzar en los proyectos de construcci\u00f3n de nuevas sedes del Colegio de Abogados en las ciudades de Olavarr\u00eda y Tandil, adem\u00e1s de sedes del Colegio en las localidades de Justicia de Paz.<\/p>\n<p>En relaci\u00f3n a la vinculaci\u00f3n con otros actores del Poder Judicial, seguiremos trabajando como hasta ahora y redoblando los esfuerzos, en estrecha vinculaci\u00f3n y colaboraci\u00f3n con operarios judiciales, Asociaciones y Colegio de Magistrados y Funcionarios, con el fin de unificar criterios y mejorar el servicio de justicia\u201d, concluye Argeri.<\/p>\n<p>Gast\u00f3n Argeri se refiere a las elecciones del 12 de mayo, campa\u00f1a electoral:<\/p>\n<p>Argeri se refiri\u00f3 a lo acontecido durante la campa\u00f1a electoral: \u201ctenemos el privilegio de contar con un maravilloso equipo de colegas que viene trabajando ininterrumpidamente hace cuatro a\u00f1os, para todos los abogados y abogadas del Colegio, sin distinciones. Desde el principio de la campa\u00f1a nos hemos propuesto transitarla del modo propositivo con que trabajamos en la gesti\u00f3n institucional. Somos muy respetuosos de nuestros colegas. Para quienes integramos la lista Integraci\u00f3n, la diversidad de pensamiento es una oportunidad de escuchar, comprender e incluir otras miradas en nuestra plataforma y gesti\u00f3n. Es la posibilidad de generar nuevos consensos, de trabajar por la igualdad: es lo que nos ha enriquecido como equipo y gesti\u00f3n. Tenemos claros principios: el bien com\u00fan y el inter\u00e9s general de los\/as colegas. Pero tambi\u00e9n el respeto por el otro, la verdad y la transparencia. Lo que sucedi\u00f3 en los \u00faltimos d\u00edas ha sido parte de una campa\u00f1a que act\u00faa de mala fe, la lista opositora ha recurrido al agravio y al destrato, con mentiras y ofensas. Como presidente de la Instituci\u00f3n y candidato lamento profundamente lo sucedido: no nos refleja ni nos representa por eso no seremos parte de un escenario de confrontaci\u00f3n que intenta subestimar a los abogados y abogadas habilitados para votar, sin lograr su objetivo. M\u00e1s a\u00fan: ac\u00e1 estamos para dar un debate honesto y compartir un di\u00e1logo constructivo\u201d, puntualiz\u00f3.<\/p>\n<p>En la ciudad de Olavarr\u00eda los candidatos que forman parte de la Lista N\u00ba 1 \u2013 Integraci\u00f3n son Mar\u00eda Gabriela \u00c1lvarez Morello, Mar\u00eda Elena Dappello, Mar\u00eda Celia Alem, Gabriel March, Einar Iguerategui y Mar\u00eda Luj\u00e1n Mart\u00ednez.<\/p>\n<p>Lista N\u00ba 1 \u201cIntegraci\u00f3n\u201d completa.<br \/>\nCandidatos y candidatas<br \/>\nPresidente: Gast\u00f3n Argeri<br \/>\nConsejeros titulares por 4 a\u00f1os: Mauro Grandicelli, Mar\u00eda Gabriela \u00c1lvarez Morello, Luciana David, Germ\u00e1n Bujacich y M\u00f3nica Fern\u00e1ndez<br \/>\nConsejeros Suplentes (por 4 a\u00f1os): Tom\u00e1s Fern\u00e1ndez, Luc\u00eda Lorusso Dierickx, Denise Morena, Roberto Baigorria, Gustavo Morales y Einar Iguerategui.<br \/>\nConsejeros titulares por 2 a\u00f1os: Mar\u00eda Celia Alem, Daniela Gatti, Gabriel March, Nicol\u00e1s Curutchet, Natalia L\u00f3pez, Gabriela Rodr\u00edguez.<br \/>\nConsejeros Suplentes (por 2 a\u00f1os): Florencia Ci\u00e1vola, Iris Abigail \u00c1vila y Anal\u00eda Flora.<br \/>\nTribunal de Disciplina-titulares por 4 a\u00f1os: Juan Pablo Ma\u00f1a, Roberto Pascucci, Jorge Saladino y Mar\u00eda Luj\u00e1n Mart\u00ednez.<br \/>\nSuplentes por 4 a\u00f1os: Jos\u00e9 Mar\u00eda Vivas, Guillermina Bord\u00f3n y Mariquel Tangorra.<br \/>\nTribunal de Disciplina-titulares por 2 a\u00f1os: Luis Alberto Conti<br \/>\nSuplentes por 2 a\u00f1os: Jorge Fari\u00f1a y Cintia Villa Abrille.<br \/>\nDirector\/a de la Caja de Previsi\u00f3n Social-titulares por 4 a\u00f1os: Gabriela Marti<br \/>\nSuplente por 4 a\u00f1os: Diego Blundo<br \/>\nTitulares por 2 a\u00f1os: Mar\u00eda Elena Dapello<br \/>\nSuplente por 2 a\u00f1os: Ignacio Laborda<br \/>\nRevisor de cuentas-titulares por 2 a\u00f1os: Lucas Daniel Sanz<br \/>\nSuplente por 2 a\u00f1os: Marcelo Claudio Giaconi<\/p>\n","protected":false},"excerpt":{"rendered":"<p>Gast\u00f3n Argeri se refiere a las elecciones del 12 de mayo: \u201cNuestra lista tiene una&#8230;<\/p>\n","protected":false},"author":1,"featured_media":167517,"comment_status":"closed","ping_status":"closed","sticky":false,"template":"","format":"standard","meta":{"content-type":""},"categories":[27],"tags":[],"nelio_content":{"isAutoShareEnabled":false,"autoShareEndMode":"default","automationSources":{"useContentSentences":true,"useSocialTemplates":true,"useCustomSentences":false,"customSentences":[]},"followers":[1],"suggestedReferences":[],"includedReferences":["https:\/\/www.instagram.com\/gastonargeri\/?hl=es-la"],"efiUrl":"","efiAlt":"","highlights":[]},"yoast_head":"<!-- This site is optimized with the Yoast SEO plugin v20.7 - https:\/\/yoast.com\/wordpress\/plugins\/seo\/ -->\n<title>Gast\u00f3n Argeri se refiere a las elecciones del 12 de mayo<\/title>\n<meta name=\"description\" content=\"Gast\u00f3n Argeri se refiere a las elecciones del 12 de mayo: \u201cNuestra lista tiene una clara identidad departamental\" \/>\n<meta name=\"robots\" content=\"index, follow, max-snippet:-1, max-image-preview:large, max-video-preview:-1\" \/>\n<link rel=\"canonical\" href=\"https:\/\/experienciadevida.com.ar\/portalurbano\/gaston-argeri-se-refiere-a-las-elecciones-del-12-de-mayo-nuestra-lista-tiene-una-clara-identidad-departamental-somos-abogados-y-abogadas-de-las-11-localidades-del-colegio\/\" \/>\n<meta property=\"og:locale\" content=\"es_ES\" \/>\n<meta property=\"og:type\" content=\"article\" \/>\n<meta property=\"og:title\" content=\"Gast\u00f3n Argeri se refiere a las elecciones del 12 de mayo\" \/>\n<meta property=\"og:description\" content=\"Gast\u00f3n Argeri se refiere a las elecciones del 12 de mayo: \u201cNuestra lista tiene una clara identidad departamental\" \/>\n<meta property=\"og:url\" content=\"https:\/\/experienciadevida.com.ar\/portalurbano\/gaston-argeri-se-refiere-a-las-elecciones-del-12-de-mayo-nuestra-lista-tiene-una-clara-identidad-departamental-somos-abogados-y-abogadas-de-las-11-localidades-del-colegio\/\" \/>\n<meta property=\"article:publisher\" content=\"https:\/\/www.facebook.com\/Portal-Urbano-171542830093757\/\" \/>\n<meta property=\"article:published_time\" content=\"2022-05-11T13:25:43+00:00\" \/>\n<meta property=\"article:modified_time\" content=\"2022-05-11T13:26:12+00:00\" \/>\n<meta property=\"og:image\" content=\"https:\/\/experienciadevida.com.ar\/portalurbano\/wp-content\/uploads\/2022\/05\/Gaston-Argeri-se-refiere.jpg\" \/>\n\t<meta property=\"og:image:width\" content=\"1280\" \/>\n\t<meta property=\"og:image:height\" content=\"740\" \/>\n\t<meta property=\"og:image:type\" content=\"image\/jpeg\" \/>\n<meta name=\"author\" content=\"admpu17wp\" \/>\n<meta name=\"twitter:card\" content=\"summary_large_image\" \/>\n<meta name=\"twitter:creator\" content=\"@portalurbanook\" \/>\n<meta name=\"twitter:site\" content=\"@portalurbanook\" \/>\n<meta name=\"twitter:label1\" content=\"Escrito por\" \/>\n\t<meta name=\"twitter:data1\" content=\"admpu17wp\" \/>\n\t<meta name=\"twitter:label2\" content=\"Tiempo de lectura\" \/>\n\t<meta name=\"twitter:data2\" content=\"6 minutos\" \/>\n<script type=\"application\/ld+json\" class=\"yoast-schema-graph\">{\"@context\":\"https:\/\/schema.org\",\"@graph\":[{\"@type\":\"Article\",\"@id\":\"https:\/\/experienciadevida.com.ar\/portalurbano\/gaston-argeri-se-refiere-a-las-elecciones-del-12-de-mayo-nuestra-lista-tiene-una-clara-identidad-departamental-somos-abogados-y-abogadas-de-las-11-localidades-del-colegio\/#article\",\"isPartOf\":{\"@id\":\"https:\/\/experienciadevida.com.ar\/portalurbano\/gaston-argeri-se-refiere-a-las-elecciones-del-12-de-mayo-nuestra-lista-tiene-una-clara-identidad-departamental-somos-abogados-y-abogadas-de-las-11-localidades-del-colegio\/\"},\"author\":{\"name\":\"admpu17wp\",\"@id\":\"https:\/\/experienciadevida.com.ar\/portalurbano\/#\/schema\/person\/02dd326b1c4b056e9cc972486934a3a7\"},\"headline\":\"Gast\u00f3n Argeri se refiere a las elecciones del 12 de mayo: \u201cNuestra lista tiene una clara identidad departamental: somos abogados y abogadas de las 11 localidades del Colegio\u201d\",\"datePublished\":\"2022-05-11T13:25:43+00:00\",\"dateModified\":\"2022-05-11T13:26:12+00:00\",\"mainEntityOfPage\":{\"@id\":\"https:\/\/experienciadevida.com.ar\/portalurbano\/gaston-argeri-se-refiere-a-las-elecciones-del-12-de-mayo-nuestra-lista-tiene-una-clara-identidad-departamental-somos-abogados-y-abogadas-de-las-11-localidades-del-colegio\/\"},\"wordCount\":1297,\"publisher\":{\"@id\":\"https:\/\/experienciadevida.com.ar\/portalurbano\/#organization\"},\"articleSection\":[\"Ciudad\"],\"inLanguage\":\"es\"},{\"@type\":\"WebPage\",\"@id\":\"https:\/\/experienciadevida.com.ar\/portalurbano\/gaston-argeri-se-refiere-a-las-elecciones-del-12-de-mayo-nuestra-lista-tiene-una-clara-identidad-departamental-somos-abogados-y-abogadas-de-las-11-localidades-del-colegio\/\",\"url\":\"https:\/\/experienciadevida.com.ar\/portalurbano\/gaston-argeri-se-refiere-a-las-elecciones-del-12-de-mayo-nuestra-lista-tiene-una-clara-identidad-departamental-somos-abogados-y-abogadas-de-las-11-localidades-del-colegio\/\",\"name\":\"Gast\u00f3n Argeri se refiere a las elecciones del 12 de mayo\",\"isPartOf\":{\"@id\":\"https:\/\/experienciadevida.com.ar\/portalurbano\/#website\"},\"datePublished\":\"2022-05-11T13:25:43+00:00\",\"dateModified\":\"2022-05-11T13:26:12+00:00\",\"description\":\"Gast\u00f3n Argeri se refiere a las elecciones del 12 de mayo: \u201cNuestra lista tiene una clara identidad departamental\",\"breadcrumb\":{\"@id\":\"https:\/\/experienciadevida.com.ar\/portalurbano\/gaston-argeri-se-refiere-a-las-elecciones-del-12-de-mayo-nuestra-lista-tiene-una-clara-identidad-departamental-somos-abogados-y-abogadas-de-las-11-localidades-del-colegio\/#breadcrumb\"},\"inLanguage\":\"es\",\"potentialAction\":[{\"@type\":\"ReadAction\",\"target\":[\"https:\/\/experienciadevida.com.ar\/portalurbano\/gaston-argeri-se-refiere-a-las-elecciones-del-12-de-mayo-nuestra-lista-tiene-una-clara-identidad-departamental-somos-abogados-y-abogadas-de-las-11-localidades-del-colegio\/\"]}]},{\"@type\":\"BreadcrumbList\",\"@id\":\"https:\/\/experienciadevida.com.ar\/portalurbano\/gaston-argeri-se-refiere-a-las-elecciones-del-12-de-mayo-nuestra-lista-tiene-una-clara-identidad-departamental-somos-abogados-y-abogadas-de-las-11-localidades-del-colegio\/#breadcrumb\",\"itemListElement\":[{\"@type\":\"ListItem\",\"position\":1,\"name\":\"Portada\",\"item\":\"https:\/\/experienciadevida.com.ar\/portalurbano\/\"},{\"@type\":\"ListItem\",\"position\":2,\"name\":\"Gast\u00f3n Argeri se refiere a las elecciones del 12 de mayo: \u201cNuestra lista tiene una clara identidad departamental: somos abogados y abogadas de las 11 localidades del Colegio\u201d\"}]},{\"@type\":\"WebSite\",\"@id\":\"https:\/\/experienciadevida.com.ar\/portalurbano\/#website\",\"url\":\"https:\/\/experienciadevida.com.ar\/portalurbano\/\",\"name\":\"\",\"description\":\"\",\"publisher\":{\"@id\":\"https:\/\/experienciadevida.com.ar\/portalurbano\/#organization\"},\"potentialAction\":[{\"@type\":\"SearchAction\",\"target\":{\"@type\":\"EntryPoint\",\"urlTemplate\":\"https:\/\/experienciadevida.com.ar\/portalurbano\/?s={search_term_string}\"},\"query-input\":\"required name=search_term_string\"}],\"inLanguage\":\"es\"},{\"@type\":\"Organization\",\"@id\":\"https:\/\/experienciadevida.com.ar\/portalurbano\/#organization\",\"name\":\"Portal Urbano\",\"url\":\"https:\/\/experienciadevida.com.ar\/portalurbano\/\",\"logo\":{\"@type\":\"ImageObject\",\"inLanguage\":\"es\",\"@id\":\"https:\/\/experienciadevida.com.ar\/portalurbano\/#\/schema\/logo\/image\/\",\"url\":\"https:\/\/experienciadevida.com.ar\/portalurbano\/wp-content\/uploads\/2019\/09\/Logo-Original.png\",\"contentUrl\":\"https:\/\/experienciadevida.com.ar\/portalurbano\/wp-content\/uploads\/2019\/09\/Logo-Original.png\",\"width\":2236,\"height\":1216,\"caption\":\"Portal Urbano\"},\"image\":{\"@id\":\"https:\/\/experienciadevida.com.ar\/portalurbano\/#\/schema\/logo\/image\/\"},\"sameAs\":[\"https:\/\/www.facebook.com\/Portal-Urbano-171542830093757\/\",\"https:\/\/twitter.com\/portalurbanook\",\"https:\/\/www.instagram.com\/_portalurbano\/\",\"https:\/\/www.youtube.com\/channel\/UCXhagIfszH8KxFiOok79zbA?view_as=subscriber\"]},{\"@type\":\"Person\",\"@id\":\"https:\/\/experienciadevida.com.ar\/portalurbano\/#\/schema\/person\/02dd326b1c4b056e9cc972486934a3a7\",\"name\":\"admpu17wp\",\"image\":{\"@type\":\"ImageObject\",\"inLanguage\":\"es\",\"@id\":\"https:\/\/experienciadevida.com.ar\/portalurbano\/#\/schema\/person\/image\/\",\"url\":\"https:\/\/secure.gravatar.com\/avatar\/830d4c57adaae6630765e449a6908047?s=96&d=mm&r=g\",\"contentUrl\":\"https:\/\/secure.gravatar.com\/avatar\/830d4c57adaae6630765e449a6908047?s=96&d=mm&r=g\",\"caption\":\"admpu17wp\"}}]}<\/script>\n<!-- \/ Yoast SEO plugin. -->","yoast_head_json":{"title":"Gast\u00f3n Argeri se refiere a las elecciones del 12 de mayo","description":"Gast\u00f3n Argeri se refiere a las elecciones del 12 de mayo: \u201cNuestra lista tiene una clara identidad departamental","robots":{"index":"index","follow":"follow","max-snippet":"max-snippet:-1","max-image-preview":"max-image-preview:large","max-video-preview":"max-video-preview:-1"},"canonical":"https:\/\/experienciadevida.com.ar\/portalurbano\/gaston-argeri-se-refiere-a-las-elecciones-del-12-de-mayo-nuestra-lista-tiene-una-clara-identidad-departamental-somos-abogados-y-abogadas-de-las-11-localidades-del-colegio\/","og_locale":"es_ES","og_type":"article","og_title":"Gast\u00f3n Argeri se refiere a las elecciones del 12 de mayo","og_description":"Gast\u00f3n Argeri se refiere a las elecciones del 12 de mayo: \u201cNuestra lista tiene una clara identidad departamental","og_url":"https:\/\/experienciadevida.com.ar\/portalurbano\/gaston-argeri-se-refiere-a-las-elecciones-del-12-de-mayo-nuestra-lista-tiene-una-clara-identidad-departamental-somos-abogados-y-abogadas-de-las-11-localidades-del-colegio\/","article_publisher":"https:\/\/www.facebook.com\/Portal-Urbano-171542830093757\/","article_published_time":"2022-05-11T13:25:43+00:00","article_modified_time":"2022-05-11T13:26:12+00:00","og_image":[{"width":1280,"height":740,"url":"https:\/\/experienciadevida.com.ar\/portalurbano\/wp-content\/uploads\/2022\/05\/Gaston-Argeri-se-refiere.jpg","type":"image\/jpeg"}],"author":"admpu17wp","twitter_card":"summary_large_image","twitter_creator":"@portalurbanook","twitter_site":"@portalurbanook","twitter_misc":{"Escrito por":"admpu17wp","Tiempo de lectura":"6 minutos"},"schema":{"@context":"https:\/\/schema.org","@graph":[{"@type":"Article","@id":"https:\/\/experienciadevida.com.ar\/portalurbano\/gaston-argeri-se-refiere-a-las-elecciones-del-12-de-mayo-nuestra-lista-tiene-una-clara-identidad-departamental-somos-abogados-y-abogadas-de-las-11-localidades-del-colegio\/#article","isPartOf":{"@id":"https:\/\/experienciadevida.com.ar\/portalurbano\/gaston-argeri-se-refiere-a-las-elecciones-del-12-de-mayo-nuestra-lista-tiene-una-clara-identidad-departamental-somos-abogados-y-abogadas-de-las-11-localidades-del-colegio\/"},"author":{"name":"admpu17wp","@id":"https:\/\/experienciadevida.com.ar\/portalurbano\/#\/schema\/person\/02dd326b1c4b056e9cc972486934a3a7"},"headline":"Gast\u00f3n Argeri se refiere a las elecciones del 12 de mayo: \u201cNuestra lista tiene una clara identidad departamental: somos abogados y abogadas de las 11 localidades del Colegio\u201d","datePublished":"2022-05-11T13:25:43+00:00","dateModified":"2022-05-11T13:26:12+00:00","mainEntityOfPage":{"@id":"https:\/\/experienciadevida.com.ar\/portalurbano\/gaston-argeri-se-refiere-a-las-elecciones-del-12-de-mayo-nuestra-lista-tiene-una-clara-identidad-departamental-somos-abogados-y-abogadas-de-las-11-localidades-del-colegio\/"},"wordCount":1297,"publisher":{"@id":"https:\/\/experienciadevida.com.ar\/portalurbano\/#organization"},"articleSection":["Ciudad"],"inLanguage":"es"},{"@type":"WebPage","@id":"https:\/\/experienciadevida.com.ar\/portalurbano\/gaston-argeri-se-refiere-a-las-elecciones-del-12-de-mayo-nuestra-lista-tiene-una-clara-identidad-departamental-somos-abogados-y-abogadas-de-las-11-localidades-del-colegio\/","url":"https:\/\/experienciadevida.com.ar\/portalurbano\/gaston-argeri-se-refiere-a-las-elecciones-del-12-de-mayo-nuestra-lista-tiene-una-clara-identidad-departamental-somos-abogados-y-abogadas-de-las-11-localidades-del-colegio\/","name":"Gast\u00f3n Argeri se refiere a las elecciones del 12 de mayo","isPartOf":{"@id":"https:\/\/experienciadevida.com.ar\/portalurbano\/#website"},"datePublished":"2022-05-11T13:25:43+00:00","dateModified":"2022-05-11T13:26:12+00:00","description":"Gast\u00f3n Argeri se refiere a las elecciones del 12 de mayo: \u201cNuestra lista tiene una clara identidad departamental","breadcrumb":{"@id":"https:\/\/experienciadevida.com.ar\/portalurbano\/gaston-argeri-se-refiere-a-las-elecciones-del-12-de-mayo-nuestra-lista-tiene-una-clara-identidad-departamental-somos-abogados-y-abogadas-de-las-11-localidades-del-colegio\/#breadcrumb"},"inLanguage":"es","potentialAction":[{"@type":"ReadAction","target":["https:\/\/experienciadevida.com.ar\/portalurbano\/gaston-argeri-se-refiere-a-las-elecciones-del-12-de-mayo-nuestra-lista-tiene-una-clara-identidad-departamental-somos-abogados-y-abogadas-de-las-11-localidades-del-colegio\/"]}]},{"@type":"BreadcrumbList","@id":"https:\/\/experienciadevida.com.ar\/portalurbano\/gaston-argeri-se-refiere-a-las-elecciones-del-12-de-mayo-nuestra-lista-tiene-una-clara-identidad-departamental-somos-abogados-y-abogadas-de-las-11-localidades-del-colegio\/#breadcrumb","itemListElement":[{"@type":"ListItem","position":1,"name":"Portada","item":"https:\/\/experienciadevida.com.ar\/portalurbano\/"},{"@type":"ListItem","position":2,"name":"Gast\u00f3n Argeri se refiere a las elecciones del 12 de mayo: \u201cNuestra lista tiene una clara identidad departamental: somos abogados y abogadas de las 11 localidades del Colegio\u201d"}]},{"@type":"WebSite","@id":"https:\/\/experienciadevida.com.ar\/portalurbano\/#website","url":"https:\/\/experienciadevida.com.ar\/portalurbano\/","name":"","description":"","publisher":{"@id":"https:\/\/experienciadevida.com.ar\/portalurbano\/#organization"},"potentialAction":[{"@type":"SearchAction","target":{"@type":"EntryPoint","urlTemplate":"https:\/\/experienciadevida.com.ar\/portalurbano\/?s={search_term_string}"},"query-input":"required name=search_term_string"}],"inLanguage":"es"},{"@type":"Organization","@id":"https:\/\/experienciadevida.com.ar\/portalurbano\/#organization","name":"Portal Urbano","url":"https:\/\/experienciadevida.com.ar\/portalurbano\/","logo":{"@type":"ImageObject","inLanguage":"es","@id":"https:\/\/experienciadevida.com.ar\/portalurbano\/#\/schema\/logo\/image\/","url":"https:\/\/experienciadevida.com.ar\/portalurbano\/wp-content\/uploads\/2019\/09\/Logo-Original.png","contentUrl":"https:\/\/experienciadevida.com.ar\/portalurbano\/wp-content\/uploads\/2019\/09\/Logo-Original.png","width":2236,"height":1216,"caption":"Portal Urbano"},"image":{"@id":"https:\/\/experienciadevida.com.ar\/portalurbano\/#\/schema\/logo\/image\/"},"sameAs":["https:\/\/www.facebook.com\/Portal-Urbano-171542830093757\/","https:\/\/twitter.com\/portalurbanook","https:\/\/www.instagram.com\/_portalurbano\/","https:\/\/www.youtube.com\/channel\/UCXhagIfszH8KxFiOok79zbA?view_as=subscriber"]},{"@type":"Person","@id":"https:\/\/experienciadevida.com.ar\/portalurbano\/#\/schema\/person\/02dd326b1c4b056e9cc972486934a3a7","name":"admpu17wp","image":{"@type":"ImageObject","inLanguage":"es","@id":"https:\/\/experienciadevida.com.ar\/portalurbano\/#\/schema\/person\/image\/","url":"https:\/\/secure.gravatar.com\/avatar\/830d4c57adaae6630765e449a6908047?s=96&d=mm&r=g","contentUrl":"https:\/\/secure.gravatar.com\/avatar\/830d4c57adaae6630765e449a6908047?s=96&d=mm&r=g","caption":"admpu17wp"}}]}},"featured_image_urls":{"full":["https:\/\/experienciadevida.com.ar\/portalurbano\/wp-content\/uploads\/2022\/05\/Gaston-Argeri-se-refiere.jpg",1280,740,false],"thumbnail":["https:\/\/experienciadevida.com.ar\/portalurbano\/wp-content\/uploads\/2022\/05\/Gaston-Argeri-se-refiere-150x150.jpg",150,150,true],"medium":["https:\/\/experienciadevida.com.ar\/portalurbano\/wp-content\/uploads\/2022\/05\/Gaston-Argeri-se-refiere-300x173.jpg",300,173,true],"medium_large":["https:\/\/experienciadevida.com.ar\/portalurbano\/wp-content\/uploads\/2022\/05\/Gaston-Argeri-se-refiere-768x444.jpg",640,370,true],"large":["https:\/\/experienciadevida.com.ar\/portalurbano\/wp-content\/uploads\/2022\/05\/Gaston-Argeri-se-refiere-1024x592.jpg",640,370,true],"ug_big":["https:\/\/experienciadevida.com.ar\/portalurbano\/wp-content\/uploads\/2022\/05\/Gaston-Argeri-se-refiere-768x444.jpg",768,444,true],"1536x1536":["https:\/\/experienciadevida.com.ar\/portalurbano\/wp-content\/uploads\/2022\/05\/Gaston-Argeri-se-refiere.jpg",1280,740,false],"2048x2048":["https:\/\/experienciadevida.com.ar\/portalurbano\/wp-content\/uploads\/2022\/05\/Gaston-Argeri-se-refiere.jpg",1280,740,false],"newsever-slider-full":["https:\/\/experienciadevida.com.ar\/portalurbano\/wp-content\/uploads\/2022\/05\/Gaston-Argeri-se-refiere.jpg",1280,740,false],"newsever-featured":["https:\/\/experienciadevida.com.ar\/portalurbano\/wp-content\/uploads\/2022\/05\/Gaston-Argeri-se-refiere.jpg",1024,592,false],"newsever-medium":["https:\/\/experienciadevida.com.ar\/portalurbano\/wp-content\/uploads\/2022\/05\/Gaston-Argeri-se-refiere.jpg",720,416,false],"web-stories-poster-portrait":["https:\/\/experienciadevida.com.ar\/portalurbano\/wp-content\/uploads\/2022\/05\/Gaston-Argeri-se-refiere.jpg",640,370,false],"web-stories-publisher-logo":["https:\/\/experienciadevida.com.ar\/portalurbano\/wp-content\/uploads\/2022\/05\/Gaston-Argeri-se-refiere.jpg",96,56,false],"web-stories-thumbnail":["https:\/\/experienciadevida.com.ar\/portalurbano\/wp-content\/uploads\/2022\/05\/Gaston-Argeri-se-refiere.jpg",150,87,false]},"author_info":{"display_name":"admpu17wp","author_link":"https:\/\/experienciadevida.com.ar\/portalurbano\/author\/admpu17wp\/"},"category_info":"<a href=\"https:\/\/experienciadevida.com.ar\/portalurbano\/category\/ciudad\/\" rel=\"category tag\">Ciudad<\/a>","tag_info":"Ciudad","comment_count":"0","amp_enabled":true,"_links":{"self":[{"href":"https:\/\/experienciadevida.com.ar\/portalurbano\/wp-json\/wp\/v2\/posts\/167516"}],"collection":[{"href":"https:\/\/experienciadevida.com.ar\/portalurbano\/wp-json\/wp\/v2\/posts"}],"about":[{"href":"https:\/\/experienciadevida.com.ar\/portalurbano\/wp-json\/wp\/v2\/types\/post"}],"author":[{"embeddable":true,"href":"https:\/\/experienciadevida.com.ar\/portalurbano\/wp-json\/wp\/v2\/users\/1"}],"replies":[{"embeddable":true,"href":"https:\/\/experienciadevida.com.ar\/portalurbano\/wp-json\/wp\/v2\/comments?post=167516"}],"version-history":[{"count":2,"href":"https:\/\/experienciadevida.com.ar\/portalurbano\/wp-json\/wp\/v2\/posts\/167516\/revisions"}],"predecessor-version":[{"id":167519,"href":"https:\/\/experienciadevida.com.ar\/portalurbano\/wp-json\/wp\/v2\/posts\/167516\/revisions\/167519"}],"wp:featuredmedia":[{"embeddable":true,"href":"https:\/\/experienciadevida.com.ar\/portalurbano\/wp-json\/wp\/v2\/media\/167517"}],"wp:attachment":[{"href":"https:\/\/experienciadevida.com.ar\/portalurbano\/wp-json\/wp\/v2\/media?parent=167516"}],"wp:term":[{"taxonomy":"category","embeddable":true,"href":"https:\/\/experienciadevida.com.ar\/portalurbano\/wp-json\/wp\/v2\/categories?post=167516"},{"taxonomy":"post_tag","embeddable":true,"href":"https:\/\/experienciadevida.com.ar\/portalurbano\/wp-json\/wp\/v2\/tags?post=167516"}],"curies":[{"name":"wp","href":"https:\/\/api.w.org\/{rel}","templated":true}]}}