{"id":167499,"date":"2022-05-10T19:42:30","date_gmt":"2022-05-10T22:42:30","guid":{"rendered":"https:\/\/experienciadevida.com.ar\/portalurbano\/?p=167499"},"modified":"2022-05-10T19:43:10","modified_gmt":"2022-05-10T22:43:10","slug":"mujeres-evita-olavarria-estara-en-carrefour-recolectando-productos-de-gestion-menstrual","status":"publish","type":"post","link":"https:\/\/experienciadevida.com.ar\/portalurbano\/mujeres-evita-olavarria-estara-en-carrefour-recolectando-productos-de-gestion-menstrual\/","title":{"rendered":"Mujeres Evita Olavarr\u00eda estar\u00e1 en Carrefour recolectando productos de gesti\u00f3n menstrual"},"content":{"rendered":"<p>Mujeres Evita Olavarr\u00eda estar\u00e1 en Carrefour recolectando productos de gesti\u00f3n menstrual, Mayo es el mes de la Salud y Gesti\u00f3n Menstrual, por esta raz\u00f3n vamos a estar recolectando productos de gesti\u00f3n menstrual en el supermercado Carrefour, Rivadavia 2846.<\/p>\n<p>Estar\u00e1n este mi\u00e9rcoles 11\/05\u00a0 de 17 a 19hs .<\/p>\n<p>En Argentina la brecha salarial es marcada: las mujeres ganan un 29% menos que sus pares varones y en la informalidad esta cifra asciende al 35,6%2, por lo tanto, en l\u00edneas generales las mujeres y personas menstruantes somos las que sufrimos mayores niveles de desempleo y precarizaci\u00f3n laboral, en efecto, la discusi\u00f3n sobre el factor socioecon\u00f3mico en la gesti\u00f3n menstrual toma especial relevancia.<\/p>\n<p>Maria Eugenia Petesch referente de Mujeres Evita expresa que: &#8220;Menstruar representa un costo extra para nosotras las mujeres, los varones trans y muchas personas no binarias. Somos quienes enfrentamos los salarios m\u00e1s<br \/>\nbajos y mayores obst\u00e1culos para insertarnos al mercado laboral formal. Tambi\u00e9n es una realidad que la pandemia increment\u00f3 la cantidad de personas menstruantes que no pudieron gestionar su menstruaci\u00f3n de un modo digno y<br \/>\nsaludable. El tab\u00fa que rodea este tema obstaculiz\u00f3 que muchas pudieran pedir ayuda y acceder a comprar los productos necesarios. Para Mujeres Evita, la menstruaci\u00f3n no puede ser un factor adicional de desigualdad, el<br \/>\nacceso a los productos de gesti\u00f3n menstrual es justicia social&#8221;.<\/p>\n","protected":false},"excerpt":{"rendered":"<p>Mujeres Evita Olavarr\u00eda estar\u00e1 en Carrefour recolectando productos de gesti\u00f3n menstrual, Mayo es el mes&#8230;<\/p>\n","protected":false},"author":1,"featured_media":167500,"comment_status":"closed","ping_status":"closed","sticky":false,"template":"","format":"standard","meta":{"content-type":""},"categories":[45],"tags":[],"nelio_content":{"isAutoShareEnabled":false,"autoShareEndMode":"default","automationSources":{"useContentSentences":true,"useSocialTemplates":true,"useCustomSentences":false,"customSentences":[]},"followers":[1],"suggestedReferences":[],"includedReferences":[],"efiUrl":"","efiAlt":"","highlights":[]},"yoast_head":"<!-- This site is optimized with the Yoast SEO plugin v20.7 - https:\/\/yoast.com\/wordpress\/plugins\/seo\/ -->\n<title>Mujeres Evita Olavarr\u00eda estar\u00e1 en Carrefour recolectando productos<\/title>\n<meta name=\"description\" content=\"Mujeres Evita Olavarr\u00eda estar\u00e1 en Carrefour recolectando productos de gesti\u00f3n menstrual, Mayo es el mes de la Salud y Gesti\u00f3n Menstrual\" \/>\n<meta name=\"robots\" content=\"index, follow, max-snippet:-1, max-image-preview:large, max-video-preview:-1\" \/>\n<link rel=\"canonical\" href=\"https:\/\/experienciadevida.com.ar\/portalurbano\/mujeres-evita-olavarria-estara-en-carrefour-recolectando-productos-de-gestion-menstrual\/\" \/>\n<meta property=\"og:locale\" content=\"es_ES\" \/>\n<meta property=\"og:type\" content=\"article\" \/>\n<meta property=\"og:title\" content=\"Mujeres Evita Olavarr\u00eda estar\u00e1 en Carrefour recolectando productos\" \/>\n<meta property=\"og:description\" content=\"Mujeres Evita Olavarr\u00eda estar\u00e1 en Carrefour recolectando productos de gesti\u00f3n menstrual, Mayo es el mes de la Salud y Gesti\u00f3n Menstrual\" \/>\n<meta property=\"og:url\" content=\"https:\/\/experienciadevida.com.ar\/portalurbano\/mujeres-evita-olavarria-estara-en-carrefour-recolectando-productos-de-gestion-menstrual\/\" \/>\n<meta property=\"article:publisher\" content=\"https:\/\/www.facebook.com\/Portal-Urbano-171542830093757\/\" \/>\n<meta property=\"article:published_time\" content=\"2022-05-10T22:42:30+00:00\" \/>\n<meta property=\"article:modified_time\" content=\"2022-05-10T22:43:10+00:00\" \/>\n<meta property=\"og:image\" content=\"https:\/\/experienciadevida.com.ar\/portalurbano\/wp-content\/uploads\/2022\/05\/Mujeres-Evita-Olavarria-estara.jpeg\" \/>\n\t<meta property=\"og:image:width\" content=\"1080\" \/>\n\t<meta property=\"og:image:height\" content=\"1080\" \/>\n\t<meta property=\"og:image:type\" content=\"image\/jpeg\" \/>\n<meta name=\"author\" content=\"admpu17wp\" \/>\n<meta name=\"twitter:card\" content=\"summary_large_image\" \/>\n<meta name=\"twitter:creator\" content=\"@portalurbanook\" \/>\n<meta name=\"twitter:site\" content=\"@portalurbanook\" \/>\n<meta name=\"twitter:label1\" content=\"Escrito por\" \/>\n\t<meta name=\"twitter:data1\" content=\"admpu17wp\" \/>\n\t<meta name=\"twitter:label2\" content=\"Tiempo de lectura\" \/>\n\t<meta name=\"twitter:data2\" content=\"2 minutos\" \/>\n<script type=\"application\/ld+json\" class=\"yoast-schema-graph\">{\"@context\":\"https:\/\/schema.org\",\"@graph\":[{\"@type\":\"Article\",\"@id\":\"https:\/\/experienciadevida.com.ar\/portalurbano\/mujeres-evita-olavarria-estara-en-carrefour-recolectando-productos-de-gestion-menstrual\/#article\",\"isPartOf\":{\"@id\":\"https:\/\/experienciadevida.com.ar\/portalurbano\/mujeres-evita-olavarria-estara-en-carrefour-recolectando-productos-de-gestion-menstrual\/\"},\"author\":{\"name\":\"admpu17wp\",\"@id\":\"https:\/\/experienciadevida.com.ar\/portalurbano\/#\/schema\/person\/02dd326b1c4b056e9cc972486934a3a7\"},\"headline\":\"Mujeres Evita Olavarr\u00eda estar\u00e1 en Carrefour recolectando productos de gesti\u00f3n menstrual\",\"datePublished\":\"2022-05-10T22:42:30+00:00\",\"dateModified\":\"2022-05-10T22:43:10+00:00\",\"mainEntityOfPage\":{\"@id\":\"https:\/\/experienciadevida.com.ar\/portalurbano\/mujeres-evita-olavarria-estara-en-carrefour-recolectando-productos-de-gestion-menstrual\/\"},\"wordCount\":245,\"publisher\":{\"@id\":\"https:\/\/experienciadevida.com.ar\/portalurbano\/#organization\"},\"articleSection\":[\"Salud\"],\"inLanguage\":\"es\"},{\"@type\":\"WebPage\",\"@id\":\"https:\/\/experienciadevida.com.ar\/portalurbano\/mujeres-evita-olavarria-estara-en-carrefour-recolectando-productos-de-gestion-menstrual\/\",\"url\":\"https:\/\/experienciadevida.com.ar\/portalurbano\/mujeres-evita-olavarria-estara-en-carrefour-recolectando-productos-de-gestion-menstrual\/\",\"name\":\"Mujeres Evita Olavarr\u00eda estar\u00e1 en Carrefour recolectando productos\",\"isPartOf\":{\"@id\":\"https:\/\/experienciadevida.com.ar\/portalurbano\/#website\"},\"datePublished\":\"2022-05-10T22:42:30+00:00\",\"dateModified\":\"2022-05-10T22:43:10+00:00\",\"description\":\"Mujeres Evita Olavarr\u00eda estar\u00e1 en Carrefour recolectando productos de gesti\u00f3n menstrual, Mayo es el mes de la Salud y Gesti\u00f3n Menstrual\",\"breadcrumb\":{\"@id\":\"https:\/\/experienciadevida.com.ar\/portalurbano\/mujeres-evita-olavarria-estara-en-carrefour-recolectando-productos-de-gestion-menstrual\/#breadcrumb\"},\"inLanguage\":\"es\",\"potentialAction\":[{\"@type\":\"ReadAction\",\"target\":[\"https:\/\/experienciadevida.com.ar\/portalurbano\/mujeres-evita-olavarria-estara-en-carrefour-recolectando-productos-de-gestion-menstrual\/\"]}]},{\"@type\":\"BreadcrumbList\",\"@id\":\"https:\/\/experienciadevida.com.ar\/portalurbano\/mujeres-evita-olavarria-estara-en-carrefour-recolectando-productos-de-gestion-menstrual\/#breadcrumb\",\"itemListElement\":[{\"@type\":\"ListItem\",\"position\":1,\"name\":\"Portada\",\"item\":\"https:\/\/experienciadevida.com.ar\/portalurbano\/\"},{\"@type\":\"ListItem\",\"position\":2,\"name\":\"Mujeres Evita Olavarr\u00eda estar\u00e1 en Carrefour recolectando productos de gesti\u00f3n menstrual\"}]},{\"@type\":\"WebSite\",\"@id\":\"https:\/\/experienciadevida.com.ar\/portalurbano\/#website\",\"url\":\"https:\/\/experienciadevida.com.ar\/portalurbano\/\",\"name\":\"\",\"description\":\"\",\"publisher\":{\"@id\":\"https:\/\/experienciadevida.com.ar\/portalurbano\/#organization\"},\"potentialAction\":[{\"@type\":\"SearchAction\",\"target\":{\"@type\":\"EntryPoint\",\"urlTemplate\":\"https:\/\/experienciadevida.com.ar\/portalurbano\/?s={search_term_string}\"},\"query-input\":\"required name=search_term_string\"}],\"inLanguage\":\"es\"},{\"@type\":\"Organization\",\"@id\":\"https:\/\/experienciadevida.com.ar\/portalurbano\/#organization\",\"name\":\"Portal Urbano\",\"url\":\"https:\/\/experienciadevida.com.ar\/portalurbano\/\",\"logo\":{\"@type\":\"ImageObject\",\"inLanguage\":\"es\",\"@id\":\"https:\/\/experienciadevida.com.ar\/portalurbano\/#\/schema\/logo\/image\/\",\"url\":\"https:\/\/experienciadevida.com.ar\/portalurbano\/wp-content\/uploads\/2019\/09\/Logo-Original.png\",\"contentUrl\":\"https:\/\/experienciadevida.com.ar\/portalurbano\/wp-content\/uploads\/2019\/09\/Logo-Original.png\",\"width\":2236,\"height\":1216,\"caption\":\"Portal Urbano\"},\"image\":{\"@id\":\"https:\/\/experienciadevida.com.ar\/portalurbano\/#\/schema\/logo\/image\/\"},\"sameAs\":[\"https:\/\/www.facebook.com\/Portal-Urbano-171542830093757\/\",\"https:\/\/twitter.com\/portalurbanook\",\"https:\/\/www.instagram.com\/_portalurbano\/\",\"https:\/\/www.youtube.com\/channel\/UCXhagIfszH8KxFiOok79zbA?view_as=subscriber\"]},{\"@type\":\"Person\",\"@id\":\"https:\/\/experienciadevida.com.ar\/portalurbano\/#\/schema\/person\/02dd326b1c4b056e9cc972486934a3a7\",\"name\":\"admpu17wp\",\"image\":{\"@type\":\"ImageObject\",\"inLanguage\":\"es\",\"@id\":\"https:\/\/experienciadevida.com.ar\/portalurbano\/#\/schema\/person\/image\/\",\"url\":\"https:\/\/secure.gravatar.com\/avatar\/830d4c57adaae6630765e449a6908047?s=96&d=mm&r=g\",\"contentUrl\":\"https:\/\/secure.gravatar.com\/avatar\/830d4c57adaae6630765e449a6908047?s=96&d=mm&r=g\",\"caption\":\"admpu17wp\"}}]}<\/script>\n<!-- \/ Yoast SEO plugin. -->","yoast_head_json":{"title":"Mujeres Evita Olavarr\u00eda estar\u00e1 en Carrefour recolectando productos","description":"Mujeres Evita Olavarr\u00eda estar\u00e1 en Carrefour recolectando productos de gesti\u00f3n menstrual, Mayo es el mes de la Salud y Gesti\u00f3n Menstrual","robots":{"index":"index","follow":"follow","max-snippet":"max-snippet:-1","max-image-preview":"max-image-preview:large","max-video-preview":"max-video-preview:-1"},"canonical":"https:\/\/experienciadevida.com.ar\/portalurbano\/mujeres-evita-olavarria-estara-en-carrefour-recolectando-productos-de-gestion-menstrual\/","og_locale":"es_ES","og_type":"article","og_title":"Mujeres Evita Olavarr\u00eda estar\u00e1 en Carrefour recolectando productos","og_description":"Mujeres Evita Olavarr\u00eda estar\u00e1 en Carrefour recolectando productos de gesti\u00f3n menstrual, Mayo es el mes de la Salud y Gesti\u00f3n Menstrual","og_url":"https:\/\/experienciadevida.com.ar\/portalurbano\/mujeres-evita-olavarria-estara-en-carrefour-recolectando-productos-de-gestion-menstrual\/","article_publisher":"https:\/\/www.facebook.com\/Portal-Urbano-171542830093757\/","article_published_time":"2022-05-10T22:42:30+00:00","article_modified_time":"2022-05-10T22:43:10+00:00","og_image":[{"width":1080,"height":1080,"url":"https:\/\/experienciadevida.com.ar\/portalurbano\/wp-content\/uploads\/2022\/05\/Mujeres-Evita-Olavarria-estara.jpeg","type":"image\/jpeg"}],"author":"admpu17wp","twitter_card":"summary_large_image","twitter_creator":"@portalurbanook","twitter_site":"@portalurbanook","twitter_misc":{"Escrito por":"admpu17wp","Tiempo de lectura":"2 minutos"},"schema":{"@context":"https:\/\/schema.org","@graph":[{"@type":"Article","@id":"https:\/\/experienciadevida.com.ar\/portalurbano\/mujeres-evita-olavarria-estara-en-carrefour-recolectando-productos-de-gestion-menstrual\/#article","isPartOf":{"@id":"https:\/\/experienciadevida.com.ar\/portalurbano\/mujeres-evita-olavarria-estara-en-carrefour-recolectando-productos-de-gestion-menstrual\/"},"author":{"name":"admpu17wp","@id":"https:\/\/experienciadevida.com.ar\/portalurbano\/#\/schema\/person\/02dd326b1c4b056e9cc972486934a3a7"},"headline":"Mujeres Evita Olavarr\u00eda estar\u00e1 en Carrefour recolectando productos de gesti\u00f3n menstrual","datePublished":"2022-05-10T22:42:30+00:00","dateModified":"2022-05-10T22:43:10+00:00","mainEntityOfPage":{"@id":"https:\/\/experienciadevida.com.ar\/portalurbano\/mujeres-evita-olavarria-estara-en-carrefour-recolectando-productos-de-gestion-menstrual\/"},"wordCount":245,"publisher":{"@id":"https:\/\/experienciadevida.com.ar\/portalurbano\/#organization"},"articleSection":["Salud"],"inLanguage":"es"},{"@type":"WebPage","@id":"https:\/\/experienciadevida.com.ar\/portalurbano\/mujeres-evita-olavarria-estara-en-carrefour-recolectando-productos-de-gestion-menstrual\/","url":"https:\/\/experienciadevida.com.ar\/portalurbano\/mujeres-evita-olavarria-estara-en-carrefour-recolectando-productos-de-gestion-menstrual\/","name":"Mujeres Evita Olavarr\u00eda estar\u00e1 en Carrefour recolectando productos","isPartOf":{"@id":"https:\/\/experienciadevida.com.ar\/portalurbano\/#website"},"datePublished":"2022-05-10T22:42:30+00:00","dateModified":"2022-05-10T22:43:10+00:00","description":"Mujeres Evita Olavarr\u00eda estar\u00e1 en Carrefour recolectando productos de gesti\u00f3n menstrual, Mayo es el mes de la Salud y Gesti\u00f3n Menstrual","breadcrumb":{"@id":"https:\/\/experienciadevida.com.ar\/portalurbano\/mujeres-evita-olavarria-estara-en-carrefour-recolectando-productos-de-gestion-menstrual\/#breadcrumb"},"inLanguage":"es","potentialAction":[{"@type":"ReadAction","target":["https:\/\/experienciadevida.com.ar\/portalurbano\/mujeres-evita-olavarria-estara-en-carrefour-recolectando-productos-de-gestion-menstrual\/"]}]},{"@type":"BreadcrumbList","@id":"https:\/\/experienciadevida.com.ar\/portalurbano\/mujeres-evita-olavarria-estara-en-carrefour-recolectando-productos-de-gestion-menstrual\/#breadcrumb","itemListElement":[{"@type":"ListItem","position":1,"name":"Portada","item":"https:\/\/experienciadevida.com.ar\/portalurbano\/"},{"@type":"ListItem","position":2,"name":"Mujeres Evita Olavarr\u00eda estar\u00e1 en Carrefour recolectando productos de gesti\u00f3n menstrual"}]},{"@type":"WebSite","@id":"https:\/\/experienciadevida.com.ar\/portalurbano\/#website","url":"https:\/\/experienciadevida.com.ar\/portalurbano\/","name":"","description":"","publisher":{"@id":"https:\/\/experienciadevida.com.ar\/portalurbano\/#organization"},"potentialAction":[{"@type":"SearchAction","target":{"@type":"EntryPoint","urlTemplate":"https:\/\/experienciadevida.com.ar\/portalurbano\/?s={search_term_string}"},"query-input":"required name=search_term_string"}],"inLanguage":"es"},{"@type":"Organization","@id":"https:\/\/experienciadevida.com.ar\/portalurbano\/#organization","name":"Portal Urbano","url":"https:\/\/experienciadevida.com.ar\/portalurbano\/","logo":{"@type":"ImageObject","inLanguage":"es","@id":"https:\/\/experienciadevida.com.ar\/portalurbano\/#\/schema\/logo\/image\/","url":"https:\/\/experienciadevida.com.ar\/portalurbano\/wp-content\/uploads\/2019\/09\/Logo-Original.png","contentUrl":"https:\/\/experienciadevida.com.ar\/portalurbano\/wp-content\/uploads\/2019\/09\/Logo-Original.png","width":2236,"height":1216,"caption":"Portal Urbano"},"image":{"@id":"https:\/\/experienciadevida.com.ar\/portalurbano\/#\/schema\/logo\/image\/"},"sameAs":["https:\/\/www.facebook.com\/Portal-Urbano-171542830093757\/","https:\/\/twitter.com\/portalurbanook","https:\/\/www.instagram.com\/_portalurbano\/","https:\/\/www.youtube.com\/channel\/UCXhagIfszH8KxFiOok79zbA?view_as=subscriber"]},{"@type":"Person","@id":"https:\/\/experienciadevida.com.ar\/portalurbano\/#\/schema\/person\/02dd326b1c4b056e9cc972486934a3a7","name":"admpu17wp","image":{"@type":"ImageObject","inLanguage":"es","@id":"https:\/\/experienciadevida.com.ar\/portalurbano\/#\/schema\/person\/image\/","url":"https:\/\/secure.gravatar.com\/avatar\/830d4c57adaae6630765e449a6908047?s=96&d=mm&r=g","contentUrl":"https:\/\/secure.gravatar.com\/avatar\/830d4c57adaae6630765e449a6908047?s=96&d=mm&r=g","caption":"admpu17wp"}}]}},"featured_image_urls":{"full":["https:\/\/experienciadevida.com.ar\/portalurbano\/wp-content\/uploads\/2022\/05\/Mujeres-Evita-Olavarria-estara.jpeg",1080,1080,false],"thumbnail":["https:\/\/experienciadevida.com.ar\/portalurbano\/wp-content\/uploads\/2022\/05\/Mujeres-Evita-Olavarria-estara-150x150.jpeg",150,150,true],"medium":["https:\/\/experienciadevida.com.ar\/portalurbano\/wp-content\/uploads\/2022\/05\/Mujeres-Evita-Olavarria-estara-300x300.jpeg",300,300,true],"medium_large":["https:\/\/experienciadevida.com.ar\/portalurbano\/wp-content\/uploads\/2022\/05\/Mujeres-Evita-Olavarria-estara-768x768.jpeg",640,640,true],"large":["https:\/\/experienciadevida.com.ar\/portalurbano\/wp-content\/uploads\/2022\/05\/Mujeres-Evita-Olavarria-estara-1024x1024.jpeg",640,640,true],"ug_big":["https:\/\/experienciadevida.com.ar\/portalurbano\/wp-content\/uploads\/2022\/05\/Mujeres-Evita-Olavarria-estara-768x768.jpeg",768,768,true],"1536x1536":["https:\/\/experienciadevida.com.ar\/portalurbano\/wp-content\/uploads\/2022\/05\/Mujeres-Evita-Olavarria-estara.jpeg",1080,1080,false],"2048x2048":["https:\/\/experienciadevida.com.ar\/portalurbano\/wp-content\/uploads\/2022\/05\/Mujeres-Evita-Olavarria-estara.jpeg",1080,1080,false],"newsever-slider-full":["https:\/\/experienciadevida.com.ar\/portalurbano\/wp-content\/uploads\/2022\/05\/Mujeres-Evita-Olavarria-estara.jpeg",845,845,false],"newsever-featured":["https:\/\/experienciadevida.com.ar\/portalurbano\/wp-content\/uploads\/2022\/05\/Mujeres-Evita-Olavarria-estara.jpeg",1024,1024,false],"newsever-medium":["https:\/\/experienciadevida.com.ar\/portalurbano\/wp-content\/uploads\/2022\/05\/Mujeres-Evita-Olavarria-estara.jpeg",475,475,false],"web-stories-poster-portrait":["https:\/\/experienciadevida.com.ar\/portalurbano\/wp-content\/uploads\/2022\/05\/Mujeres-Evita-Olavarria-estara.jpeg",640,640,false],"web-stories-publisher-logo":["https:\/\/experienciadevida.com.ar\/portalurbano\/wp-content\/uploads\/2022\/05\/Mujeres-Evita-Olavarria-estara.jpeg",96,96,false],"web-stories-thumbnail":["https:\/\/experienciadevida.com.ar\/portalurbano\/wp-content\/uploads\/2022\/05\/Mujeres-Evita-Olavarria-estara.jpeg",150,150,false]},"author_info":{"display_name":"admpu17wp","author_link":"https:\/\/experienciadevida.com.ar\/portalurbano\/author\/admpu17wp\/"},"category_info":"<a href=\"https:\/\/experienciadevida.com.ar\/portalurbano\/category\/ciudad\/salud\/\" rel=\"category tag\">Salud<\/a>","tag_info":"Salud","comment_count":"0","amp_enabled":true,"_links":{"self":[{"href":"https:\/\/experienciadevida.com.ar\/portalurbano\/wp-json\/wp\/v2\/posts\/167499"}],"collection":[{"href":"https:\/\/experienciadevida.com.ar\/portalurbano\/wp-json\/wp\/v2\/posts"}],"about":[{"href":"https:\/\/experienciadevida.com.ar\/portalurbano\/wp-json\/wp\/v2\/types\/post"}],"author":[{"embeddable":true,"href":"https:\/\/experienciadevida.com.ar\/portalurbano\/wp-json\/wp\/v2\/users\/1"}],"replies":[{"embeddable":true,"href":"https:\/\/experienciadevida.com.ar\/portalurbano\/wp-json\/wp\/v2\/comments?post=167499"}],"version-history":[{"count":1,"href":"https:\/\/experienciadevida.com.ar\/portalurbano\/wp-json\/wp\/v2\/posts\/167499\/revisions"}],"predecessor-version":[{"id":167501,"href":"https:\/\/experienciadevida.com.ar\/portalurbano\/wp-json\/wp\/v2\/posts\/167499\/revisions\/167501"}],"wp:featuredmedia":[{"embeddable":true,"href":"https:\/\/experienciadevida.com.ar\/portalurbano\/wp-json\/wp\/v2\/media\/167500"}],"wp:attachment":[{"href":"https:\/\/experienciadevida.com.ar\/portalurbano\/wp-json\/wp\/v2\/media?parent=167499"}],"wp:term":[{"taxonomy":"category","embeddable":true,"href":"https:\/\/experienciadevida.com.ar\/portalurbano\/wp-json\/wp\/v2\/categories?post=167499"},{"taxonomy":"post_tag","embeddable":true,"href":"https:\/\/experienciadevida.com.ar\/portalurbano\/wp-json\/wp\/v2\/tags?post=167499"}],"curies":[{"name":"wp","href":"https:\/\/api.w.org\/{rel}","templated":true}]}}