{"id":167465,"date":"2022-05-10T15:29:54","date_gmt":"2022-05-10T18:29:54","guid":{"rendered":"https:\/\/experienciadevida.com.ar\/portalurbano\/?p=167465"},"modified":"2022-05-10T15:43:53","modified_gmt":"2022-05-10T18:43:53","slug":"el-intendente-ezequiel-galli-participo-de-la-inauguracion-del-jardin-no-928","status":"publish","type":"post","link":"https:\/\/experienciadevida.com.ar\/portalurbano\/el-intendente-ezequiel-galli-participo-de-la-inauguracion-del-jardin-no-928\/","title":{"rendered":"El intendente Ezequiel Galli particip\u00f3 de la inauguraci\u00f3n del Jard\u00edn N\u00ba 928"},"content":{"rendered":"<p>El intendente Ezequiel <a href=\"https:\/\/www.facebook.com\/galliezequiel\">Galli<\/a> particip\u00f3 de la inauguraci\u00f3n del Jard\u00edn N\u00ba 928 en Barrio AOMA.<\/p>\n<p><a href=\"https:\/\/experienciadevida.com.ar\/portalurbano\/el-intendente-ezequiel-galli-participo-de-la-inauguracion-del-jardin-no-928\/el-20\/\" rel=\"attachment wp-att-167470\"><img decoding=\"async\" class=\"alignnone size-large wp-image-167470\" src=\"https:\/\/experienciadevida.com.ar\/portalurbano\/wp-content\/uploads\/2022\/05\/El-4-1024x684.jpg\" alt=\"El \" width=\"900\" height=\"601\" srcset=\"https:\/\/experienciadevida.com.ar\/portalurbano\/wp-content\/uploads\/2022\/05\/El-4-1024x684.jpg 1024w, https:\/\/experienciadevida.com.ar\/portalurbano\/wp-content\/uploads\/2022\/05\/El-4-300x201.jpg 300w, https:\/\/experienciadevida.com.ar\/portalurbano\/wp-content\/uploads\/2022\/05\/El-4-768x513.jpg 768w, https:\/\/experienciadevida.com.ar\/portalurbano\/wp-content\/uploads\/2022\/05\/El-4-1536x1027.jpg 1536w, https:\/\/experienciadevida.com.ar\/portalurbano\/wp-content\/uploads\/2022\/05\/El-4-2048x1369.jpg 2048w\" sizes=\"(max-width: 900px) 100vw, 900px\" \/><\/a><\/p>\n<p>El nuevo edificio se encuentra ubicado en un terreno lindero al espacio en el que funcionaba el jard\u00edn anteriormente, y se ejecut\u00f3 con fondos nacionales.<\/p>\n<p>El jefe comunal tom\u00f3 parte del tradicional corte de cintas junto al Director General de Cultura y Educaci\u00f3n de la Provincia de Buenos Aires Alberto Sileoni, la directora del establecimiento Romina Ferreira, y el diputado bonaerense C\u00e9sar Valicenti, quienes adem\u00e1s fueron los oradores del acto.<\/p>\n<p>\u201cEste d\u00eda lo celebramos con alegr\u00eda, es un d\u00eda especial\u201d, enfatiz\u00f3 Ferreira visiblemente emocionada.<\/p>\n<p>Seguidamente, el diputado Valicenti mencion\u00f3 que \u201cencontramos en inauguraciones como \u00e9sta, un beneficio para la comunidad toda\u201d.<\/p>\n<p>Al momento de su intervenci\u00f3n el Intendente expres\u00f3 que \u201c\u00e9ste parece ser el a\u00f1o de la educaci\u00f3n inicial en Olavarr\u00eda\u201d, poniendo el acento no s\u00f3lo en la obra aludida, sino aquellas que se encuentran en marcha en todo el Partido, tomando inclusive como ejemplo la apertura de la licitaci\u00f3n de la construcci\u00f3n del Jard\u00edn 929, celebrada recientemente.<\/p>\n<p>\u201cEs igualdad de oportunidades, siempre decimos que invertir en educaci\u00f3n es invertir en futuro. Porque ellos van a poder disfrutar del lugar como se merecen, para llevar adelante la educaci\u00f3n m\u00e1s importante de todas, que es la educaci\u00f3n inicial. Ojal\u00e1 que podamos seguir, continuar esta inversi\u00f3n escolar\u201d, agreg\u00f3.<\/p>\n<p>\u201cEs mucho lo que estamos haciendo, y se hace en conjunto, trabajando en equipo, porque cada uno de ellos no distingue un color pol\u00edtico, cada uno de ellos merece que trabajemos articuladamente para que la educaci\u00f3n p\u00fablica de todo el partido de Olavarr\u00eda sea la mejor y sea de calidad. Celebro que estemos todos ac\u00e1, es un orgullo y un honor, les deseo todo lo mejor\u201d, concluy\u00f3 Ezequiel Galli, quien adem\u00e1s agradeci\u00f3 las palabras del diputado Valicenti, quien halag\u00f3 las obras realizadas desde el Ejecutivo en materia educativa.<\/p>\n<p>Finalmente, Alberto Sileoni tom\u00f3 la palabra para luego iniciar una recorrida por las instalaciones del Jard\u00edn.<\/p>\n<p><a href=\"https:\/\/experienciadevida.com.ar\/portalurbano\/el-intendente-ezequiel-galli-participo-de-la-inauguracion-del-jardin-no-928\/intendente\/\" rel=\"attachment wp-att-167472\"><img decoding=\"async\" class=\"alignnone size-full wp-image-167472\" src=\"https:\/\/experienciadevida.com.ar\/portalurbano\/wp-content\/uploads\/2022\/05\/Intendente.jpg\" alt=\"Intendente \" width=\"765\" height=\"510\" srcset=\"https:\/\/experienciadevida.com.ar\/portalurbano\/wp-content\/uploads\/2022\/05\/Intendente.jpg 765w, https:\/\/experienciadevida.com.ar\/portalurbano\/wp-content\/uploads\/2022\/05\/Intendente-300x200.jpg 300w\" sizes=\"(max-width: 765px) 100vw, 765px\" \/><\/a><\/p>\n<p>Del evento tambi\u00e9n participaron la presidente del Honorable Concejo Deliberante Cecilia Krivochen, el secretario de Desarrollo Humano y Calidad de Vida Diego Robbiani, el subsecretario de Cultura y Educaci\u00f3n Bruno Cenizo, adem\u00e1s de directivos, docentes, alumnos e integrantes de la comunidad educativa del mencionado jard\u00edn.<\/p>\n<p><a href=\"https:\/\/experienciadevida.com.ar\/portalurbano\/el-intendente-ezequiel-galli-participo-de-la-inauguracion-del-jardin-no-928\/ezequiel-5\/\" rel=\"attachment wp-att-167473\"><img decoding=\"async\" class=\"alignnone size-full wp-image-167473\" src=\"https:\/\/experienciadevida.com.ar\/portalurbano\/wp-content\/uploads\/2022\/05\/Ezequiel.jpg\" alt=\"Ezequiel \" width=\"765\" height=\"510\" srcset=\"https:\/\/experienciadevida.com.ar\/portalurbano\/wp-content\/uploads\/2022\/05\/Ezequiel.jpg 765w, https:\/\/experienciadevida.com.ar\/portalurbano\/wp-content\/uploads\/2022\/05\/Ezequiel-300x200.jpg 300w\" sizes=\"(max-width: 765px) 100vw, 765px\" \/><\/a><\/p>\n<p><a href=\"https:\/\/experienciadevida.com.ar\/portalurbano\/el-intendente-ezequiel-galli-participo-de-la-inauguracion-del-jardin-no-928\/galli-7\/\" rel=\"attachment wp-att-167474\"><img decoding=\"async\" class=\"alignnone size-full wp-image-167474\" src=\"https:\/\/experienciadevida.com.ar\/portalurbano\/wp-content\/uploads\/2022\/05\/Galli.jpg\" alt=\"Galli \" width=\"765\" height=\"510\" srcset=\"https:\/\/experienciadevida.com.ar\/portalurbano\/wp-content\/uploads\/2022\/05\/Galli.jpg 765w, https:\/\/experienciadevida.com.ar\/portalurbano\/wp-content\/uploads\/2022\/05\/Galli-300x200.jpg 300w\" sizes=\"(max-width: 765px) 100vw, 765px\" \/><\/a><\/p>\n<p><a href=\"https:\/\/experienciadevida.com.ar\/portalurbano\/el-intendente-ezequiel-galli-participo-de-la-inauguracion-del-jardin-no-928\/dsc_0030-4\/\" rel=\"attachment wp-att-167475\"><img decoding=\"async\" class=\"alignnone size-full wp-image-167475\" src=\"https:\/\/experienciadevida.com.ar\/portalurbano\/wp-content\/uploads\/2022\/05\/DSC_0030-3.jpg\" alt=\"\" width=\"765\" height=\"510\" srcset=\"https:\/\/experienciadevida.com.ar\/portalurbano\/wp-content\/uploads\/2022\/05\/DSC_0030-3.jpg 765w, https:\/\/experienciadevida.com.ar\/portalurbano\/wp-content\/uploads\/2022\/05\/DSC_0030-3-300x200.jpg 300w\" sizes=\"(max-width: 765px) 100vw, 765px\" \/><\/a><\/p>\n","protected":false},"excerpt":{"rendered":"<p>El intendente Ezequiel Galli particip\u00f3 de la inauguraci\u00f3n del Jard\u00edn N\u00ba 928 en Barrio AOMA&#8230;.<\/p>\n","protected":false},"author":1,"featured_media":167467,"comment_status":"closed","ping_status":"closed","sticky":false,"template":"","format":"standard","meta":{"content-type":""},"categories":[27,51],"tags":[],"nelio_content":{"isAutoShareEnabled":false,"autoShareEndMode":"default","automationSources":{"useContentSentences":true,"useSocialTemplates":true,"useCustomSentences":false,"customSentences":[]},"followers":[1],"suggestedReferences":[],"includedReferences":[],"efiUrl":"","efiAlt":"","highlights":[]},"yoast_head":"<!-- This site is optimized with the Yoast SEO plugin v20.7 - https:\/\/yoast.com\/wordpress\/plugins\/seo\/ -->\n<title>El Intendente Ezequiel Galli particip\u00f3 de la inauguraci\u00f3n del jard\u00edn<\/title>\n<meta name=\"description\" content=\"El intendente Ezequiel Galli particip\u00f3 de la inauguraci\u00f3n del Jard\u00edn N\u00ba 928 en un terreno lindero al espacio en el que funcionaba el jard\u00edn\" \/>\n<meta name=\"robots\" content=\"index, follow, max-snippet:-1, max-image-preview:large, max-video-preview:-1\" \/>\n<link rel=\"canonical\" href=\"https:\/\/experienciadevida.com.ar\/portalurbano\/el-intendente-ezequiel-galli-participo-de-la-inauguracion-del-jardin-no-928\/\" \/>\n<meta property=\"og:locale\" content=\"es_ES\" \/>\n<meta property=\"og:type\" content=\"article\" \/>\n<meta property=\"og:title\" content=\"El Intendente Ezequiel Galli particip\u00f3 de la inauguraci\u00f3n del jard\u00edn\" \/>\n<meta property=\"og:description\" content=\"El intendente Ezequiel Galli particip\u00f3 de la inauguraci\u00f3n del Jard\u00edn N\u00ba 928 en un terreno lindero al espacio en el que funcionaba el jard\u00edn\" \/>\n<meta property=\"og:url\" content=\"https:\/\/experienciadevida.com.ar\/portalurbano\/el-intendente-ezequiel-galli-participo-de-la-inauguracion-del-jardin-no-928\/\" \/>\n<meta property=\"article:publisher\" content=\"https:\/\/www.facebook.com\/Portal-Urbano-171542830093757\/\" \/>\n<meta property=\"article:published_time\" content=\"2022-05-10T18:29:54+00:00\" \/>\n<meta property=\"article:modified_time\" content=\"2022-05-10T18:43:53+00:00\" \/>\n<meta property=\"og:image\" content=\"https:\/\/experienciadevida.com.ar\/portalurbano\/wp-content\/uploads\/2022\/05\/El-intendente-Ezequiel-Galli.jpg\" \/>\n\t<meta property=\"og:image:width\" content=\"2560\" \/>\n\t<meta property=\"og:image:height\" content=\"1711\" \/>\n\t<meta property=\"og:image:type\" content=\"image\/jpeg\" \/>\n<meta name=\"author\" content=\"admpu17wp\" \/>\n<meta name=\"twitter:card\" content=\"summary_large_image\" \/>\n<meta name=\"twitter:creator\" content=\"@portalurbanook\" \/>\n<meta name=\"twitter:site\" content=\"@portalurbanook\" \/>\n<meta name=\"twitter:label1\" content=\"Escrito por\" \/>\n\t<meta name=\"twitter:data1\" content=\"admpu17wp\" \/>\n\t<meta name=\"twitter:label2\" content=\"Tiempo de lectura\" \/>\n\t<meta name=\"twitter:data2\" content=\"3 minutos\" \/>\n<script type=\"application\/ld+json\" class=\"yoast-schema-graph\">{\"@context\":\"https:\/\/schema.org\",\"@graph\":[{\"@type\":\"Article\",\"@id\":\"https:\/\/experienciadevida.com.ar\/portalurbano\/el-intendente-ezequiel-galli-participo-de-la-inauguracion-del-jardin-no-928\/#article\",\"isPartOf\":{\"@id\":\"https:\/\/experienciadevida.com.ar\/portalurbano\/el-intendente-ezequiel-galli-participo-de-la-inauguracion-del-jardin-no-928\/\"},\"author\":{\"name\":\"admpu17wp\",\"@id\":\"https:\/\/experienciadevida.com.ar\/portalurbano\/#\/schema\/person\/02dd326b1c4b056e9cc972486934a3a7\"},\"headline\":\"El intendente Ezequiel Galli particip\u00f3 de la inauguraci\u00f3n del Jard\u00edn N\u00ba 928\",\"datePublished\":\"2022-05-10T18:29:54+00:00\",\"dateModified\":\"2022-05-10T18:43:53+00:00\",\"mainEntityOfPage\":{\"@id\":\"https:\/\/experienciadevida.com.ar\/portalurbano\/el-intendente-ezequiel-galli-participo-de-la-inauguracion-del-jardin-no-928\/\"},\"wordCount\":413,\"publisher\":{\"@id\":\"https:\/\/experienciadevida.com.ar\/portalurbano\/#organization\"},\"articleSection\":[\"Ciudad\",\"Destacadas\"],\"inLanguage\":\"es\"},{\"@type\":\"WebPage\",\"@id\":\"https:\/\/experienciadevida.com.ar\/portalurbano\/el-intendente-ezequiel-galli-participo-de-la-inauguracion-del-jardin-no-928\/\",\"url\":\"https:\/\/experienciadevida.com.ar\/portalurbano\/el-intendente-ezequiel-galli-participo-de-la-inauguracion-del-jardin-no-928\/\",\"name\":\"El Intendente Ezequiel Galli particip\u00f3 de la inauguraci\u00f3n del jard\u00edn\",\"isPartOf\":{\"@id\":\"https:\/\/experienciadevida.com.ar\/portalurbano\/#website\"},\"datePublished\":\"2022-05-10T18:29:54+00:00\",\"dateModified\":\"2022-05-10T18:43:53+00:00\",\"description\":\"El intendente Ezequiel Galli particip\u00f3 de la inauguraci\u00f3n del Jard\u00edn N\u00ba 928 en un terreno lindero al espacio en el que funcionaba el jard\u00edn\",\"breadcrumb\":{\"@id\":\"https:\/\/experienciadevida.com.ar\/portalurbano\/el-intendente-ezequiel-galli-participo-de-la-inauguracion-del-jardin-no-928\/#breadcrumb\"},\"inLanguage\":\"es\",\"potentialAction\":[{\"@type\":\"ReadAction\",\"target\":[\"https:\/\/experienciadevida.com.ar\/portalurbano\/el-intendente-ezequiel-galli-participo-de-la-inauguracion-del-jardin-no-928\/\"]}]},{\"@type\":\"BreadcrumbList\",\"@id\":\"https:\/\/experienciadevida.com.ar\/portalurbano\/el-intendente-ezequiel-galli-participo-de-la-inauguracion-del-jardin-no-928\/#breadcrumb\",\"itemListElement\":[{\"@type\":\"ListItem\",\"position\":1,\"name\":\"Portada\",\"item\":\"https:\/\/experienciadevida.com.ar\/portalurbano\/\"},{\"@type\":\"ListItem\",\"position\":2,\"name\":\"El intendente Ezequiel Galli particip\u00f3 de la inauguraci\u00f3n del Jard\u00edn N\u00ba 928\"}]},{\"@type\":\"WebSite\",\"@id\":\"https:\/\/experienciadevida.com.ar\/portalurbano\/#website\",\"url\":\"https:\/\/experienciadevida.com.ar\/portalurbano\/\",\"name\":\"\",\"description\":\"\",\"publisher\":{\"@id\":\"https:\/\/experienciadevida.com.ar\/portalurbano\/#organization\"},\"potentialAction\":[{\"@type\":\"SearchAction\",\"target\":{\"@type\":\"EntryPoint\",\"urlTemplate\":\"https:\/\/experienciadevida.com.ar\/portalurbano\/?s={search_term_string}\"},\"query-input\":\"required name=search_term_string\"}],\"inLanguage\":\"es\"},{\"@type\":\"Organization\",\"@id\":\"https:\/\/experienciadevida.com.ar\/portalurbano\/#organization\",\"name\":\"Portal Urbano\",\"url\":\"https:\/\/experienciadevida.com.ar\/portalurbano\/\",\"logo\":{\"@type\":\"ImageObject\",\"inLanguage\":\"es\",\"@id\":\"https:\/\/experienciadevida.com.ar\/portalurbano\/#\/schema\/logo\/image\/\",\"url\":\"https:\/\/experienciadevida.com.ar\/portalurbano\/wp-content\/uploads\/2019\/09\/Logo-Original.png\",\"contentUrl\":\"https:\/\/experienciadevida.com.ar\/portalurbano\/wp-content\/uploads\/2019\/09\/Logo-Original.png\",\"width\":2236,\"height\":1216,\"caption\":\"Portal Urbano\"},\"image\":{\"@id\":\"https:\/\/experienciadevida.com.ar\/portalurbano\/#\/schema\/logo\/image\/\"},\"sameAs\":[\"https:\/\/www.facebook.com\/Portal-Urbano-171542830093757\/\",\"https:\/\/twitter.com\/portalurbanook\",\"https:\/\/www.instagram.com\/_portalurbano\/\",\"https:\/\/www.youtube.com\/channel\/UCXhagIfszH8KxFiOok79zbA?view_as=subscriber\"]},{\"@type\":\"Person\",\"@id\":\"https:\/\/experienciadevida.com.ar\/portalurbano\/#\/schema\/person\/02dd326b1c4b056e9cc972486934a3a7\",\"name\":\"admpu17wp\",\"image\":{\"@type\":\"ImageObject\",\"inLanguage\":\"es\",\"@id\":\"https:\/\/experienciadevida.com.ar\/portalurbano\/#\/schema\/person\/image\/\",\"url\":\"https:\/\/secure.gravatar.com\/avatar\/830d4c57adaae6630765e449a6908047?s=96&d=mm&r=g\",\"contentUrl\":\"https:\/\/secure.gravatar.com\/avatar\/830d4c57adaae6630765e449a6908047?s=96&d=mm&r=g\",\"caption\":\"admpu17wp\"}}]}<\/script>\n<!-- \/ Yoast SEO plugin. -->","yoast_head_json":{"title":"El Intendente Ezequiel Galli particip\u00f3 de la inauguraci\u00f3n del jard\u00edn","description":"El intendente Ezequiel Galli particip\u00f3 de la inauguraci\u00f3n del Jard\u00edn N\u00ba 928 en un terreno lindero al espacio en el que funcionaba el jard\u00edn","robots":{"index":"index","follow":"follow","max-snippet":"max-snippet:-1","max-image-preview":"max-image-preview:large","max-video-preview":"max-video-preview:-1"},"canonical":"https:\/\/experienciadevida.com.ar\/portalurbano\/el-intendente-ezequiel-galli-participo-de-la-inauguracion-del-jardin-no-928\/","og_locale":"es_ES","og_type":"article","og_title":"El Intendente Ezequiel Galli particip\u00f3 de la inauguraci\u00f3n del jard\u00edn","og_description":"El intendente Ezequiel Galli particip\u00f3 de la inauguraci\u00f3n del Jard\u00edn N\u00ba 928 en un terreno lindero al espacio en el que funcionaba el jard\u00edn","og_url":"https:\/\/experienciadevida.com.ar\/portalurbano\/el-intendente-ezequiel-galli-participo-de-la-inauguracion-del-jardin-no-928\/","article_publisher":"https:\/\/www.facebook.com\/Portal-Urbano-171542830093757\/","article_published_time":"2022-05-10T18:29:54+00:00","article_modified_time":"2022-05-10T18:43:53+00:00","og_image":[{"width":2560,"height":1711,"url":"https:\/\/experienciadevida.com.ar\/portalurbano\/wp-content\/uploads\/2022\/05\/El-intendente-Ezequiel-Galli.jpg","type":"image\/jpeg"}],"author":"admpu17wp","twitter_card":"summary_large_image","twitter_creator":"@portalurbanook","twitter_site":"@portalurbanook","twitter_misc":{"Escrito por":"admpu17wp","Tiempo de lectura":"3 minutos"},"schema":{"@context":"https:\/\/schema.org","@graph":[{"@type":"Article","@id":"https:\/\/experienciadevida.com.ar\/portalurbano\/el-intendente-ezequiel-galli-participo-de-la-inauguracion-del-jardin-no-928\/#article","isPartOf":{"@id":"https:\/\/experienciadevida.com.ar\/portalurbano\/el-intendente-ezequiel-galli-participo-de-la-inauguracion-del-jardin-no-928\/"},"author":{"name":"admpu17wp","@id":"https:\/\/experienciadevida.com.ar\/portalurbano\/#\/schema\/person\/02dd326b1c4b056e9cc972486934a3a7"},"headline":"El intendente Ezequiel Galli particip\u00f3 de la inauguraci\u00f3n del Jard\u00edn N\u00ba 928","datePublished":"2022-05-10T18:29:54+00:00","dateModified":"2022-05-10T18:43:53+00:00","mainEntityOfPage":{"@id":"https:\/\/experienciadevida.com.ar\/portalurbano\/el-intendente-ezequiel-galli-participo-de-la-inauguracion-del-jardin-no-928\/"},"wordCount":413,"publisher":{"@id":"https:\/\/experienciadevida.com.ar\/portalurbano\/#organization"},"articleSection":["Ciudad","Destacadas"],"inLanguage":"es"},{"@type":"WebPage","@id":"https:\/\/experienciadevida.com.ar\/portalurbano\/el-intendente-ezequiel-galli-participo-de-la-inauguracion-del-jardin-no-928\/","url":"https:\/\/experienciadevida.com.ar\/portalurbano\/el-intendente-ezequiel-galli-participo-de-la-inauguracion-del-jardin-no-928\/","name":"El Intendente Ezequiel Galli particip\u00f3 de la inauguraci\u00f3n del jard\u00edn","isPartOf":{"@id":"https:\/\/experienciadevida.com.ar\/portalurbano\/#website"},"datePublished":"2022-05-10T18:29:54+00:00","dateModified":"2022-05-10T18:43:53+00:00","description":"El intendente Ezequiel Galli particip\u00f3 de la inauguraci\u00f3n del Jard\u00edn N\u00ba 928 en un terreno lindero al espacio en el que funcionaba el jard\u00edn","breadcrumb":{"@id":"https:\/\/experienciadevida.com.ar\/portalurbano\/el-intendente-ezequiel-galli-participo-de-la-inauguracion-del-jardin-no-928\/#breadcrumb"},"inLanguage":"es","potentialAction":[{"@type":"ReadAction","target":["https:\/\/experienciadevida.com.ar\/portalurbano\/el-intendente-ezequiel-galli-participo-de-la-inauguracion-del-jardin-no-928\/"]}]},{"@type":"BreadcrumbList","@id":"https:\/\/experienciadevida.com.ar\/portalurbano\/el-intendente-ezequiel-galli-participo-de-la-inauguracion-del-jardin-no-928\/#breadcrumb","itemListElement":[{"@type":"ListItem","position":1,"name":"Portada","item":"https:\/\/experienciadevida.com.ar\/portalurbano\/"},{"@type":"ListItem","position":2,"name":"El intendente Ezequiel Galli particip\u00f3 de la inauguraci\u00f3n del Jard\u00edn N\u00ba 928"}]},{"@type":"WebSite","@id":"https:\/\/experienciadevida.com.ar\/portalurbano\/#website","url":"https:\/\/experienciadevida.com.ar\/portalurbano\/","name":"","description":"","publisher":{"@id":"https:\/\/experienciadevida.com.ar\/portalurbano\/#organization"},"potentialAction":[{"@type":"SearchAction","target":{"@type":"EntryPoint","urlTemplate":"https:\/\/experienciadevida.com.ar\/portalurbano\/?s={search_term_string}"},"query-input":"required name=search_term_string"}],"inLanguage":"es"},{"@type":"Organization","@id":"https:\/\/experienciadevida.com.ar\/portalurbano\/#organization","name":"Portal Urbano","url":"https:\/\/experienciadevida.com.ar\/portalurbano\/","logo":{"@type":"ImageObject","inLanguage":"es","@id":"https:\/\/experienciadevida.com.ar\/portalurbano\/#\/schema\/logo\/image\/","url":"https:\/\/experienciadevida.com.ar\/portalurbano\/wp-content\/uploads\/2019\/09\/Logo-Original.png","contentUrl":"https:\/\/experienciadevida.com.ar\/portalurbano\/wp-content\/uploads\/2019\/09\/Logo-Original.png","width":2236,"height":1216,"caption":"Portal Urbano"},"image":{"@id":"https:\/\/experienciadevida.com.ar\/portalurbano\/#\/schema\/logo\/image\/"},"sameAs":["https:\/\/www.facebook.com\/Portal-Urbano-171542830093757\/","https:\/\/twitter.com\/portalurbanook","https:\/\/www.instagram.com\/_portalurbano\/","https:\/\/www.youtube.com\/channel\/UCXhagIfszH8KxFiOok79zbA?view_as=subscriber"]},{"@type":"Person","@id":"https:\/\/experienciadevida.com.ar\/portalurbano\/#\/schema\/person\/02dd326b1c4b056e9cc972486934a3a7","name":"admpu17wp","image":{"@type":"ImageObject","inLanguage":"es","@id":"https:\/\/experienciadevida.com.ar\/portalurbano\/#\/schema\/person\/image\/","url":"https:\/\/secure.gravatar.com\/avatar\/830d4c57adaae6630765e449a6908047?s=96&d=mm&r=g","contentUrl":"https:\/\/secure.gravatar.com\/avatar\/830d4c57adaae6630765e449a6908047?s=96&d=mm&r=g","caption":"admpu17wp"}}]}},"featured_image_urls":{"full":["https:\/\/experienciadevida.com.ar\/portalurbano\/wp-content\/uploads\/2022\/05\/El-intendente-Ezequiel-Galli.jpg",2560,1711,false],"thumbnail":["https:\/\/experienciadevida.com.ar\/portalurbano\/wp-content\/uploads\/2022\/05\/El-intendente-Ezequiel-Galli-150x150.jpg",150,150,true],"medium":["https:\/\/experienciadevida.com.ar\/portalurbano\/wp-content\/uploads\/2022\/05\/El-intendente-Ezequiel-Galli-300x201.jpg",300,201,true],"medium_large":["https:\/\/experienciadevida.com.ar\/portalurbano\/wp-content\/uploads\/2022\/05\/El-intendente-Ezequiel-Galli-768x513.jpg",640,428,true],"large":["https:\/\/experienciadevida.com.ar\/portalurbano\/wp-content\/uploads\/2022\/05\/El-intendente-Ezequiel-Galli-1024x684.jpg",640,428,true],"ug_big":["https:\/\/experienciadevida.com.ar\/portalurbano\/wp-content\/uploads\/2022\/05\/El-intendente-Ezequiel-Galli-768x513.jpg",768,513,true],"1536x1536":["https:\/\/experienciadevida.com.ar\/portalurbano\/wp-content\/uploads\/2022\/05\/El-intendente-Ezequiel-Galli-1536x1027.jpg",1536,1027,true],"2048x2048":["https:\/\/experienciadevida.com.ar\/portalurbano\/wp-content\/uploads\/2022\/05\/El-intendente-Ezequiel-Galli-2048x1369.jpg",2048,1369,true],"newsever-slider-full":["https:\/\/experienciadevida.com.ar\/portalurbano\/wp-content\/uploads\/2022\/05\/El-intendente-Ezequiel-Galli.jpg",1264,845,false],"newsever-featured":["https:\/\/experienciadevida.com.ar\/portalurbano\/wp-content\/uploads\/2022\/05\/El-intendente-Ezequiel-Galli.jpg",1024,684,false],"newsever-medium":["https:\/\/experienciadevida.com.ar\/portalurbano\/wp-content\/uploads\/2022\/05\/El-intendente-Ezequiel-Galli.jpg",711,475,false],"web-stories-poster-portrait":["https:\/\/experienciadevida.com.ar\/portalurbano\/wp-content\/uploads\/2022\/05\/El-intendente-Ezequiel-Galli.jpg",640,428,false],"web-stories-publisher-logo":["https:\/\/experienciadevida.com.ar\/portalurbano\/wp-content\/uploads\/2022\/05\/El-intendente-Ezequiel-Galli.jpg",96,64,false],"web-stories-thumbnail":["https:\/\/experienciadevida.com.ar\/portalurbano\/wp-content\/uploads\/2022\/05\/El-intendente-Ezequiel-Galli.jpg",150,100,false]},"author_info":{"display_name":"admpu17wp","author_link":"https:\/\/experienciadevida.com.ar\/portalurbano\/author\/admpu17wp\/"},"category_info":"<a href=\"https:\/\/experienciadevida.com.ar\/portalurbano\/category\/ciudad\/\" rel=\"category tag\">Ciudad<\/a> <a href=\"https:\/\/experienciadevida.com.ar\/portalurbano\/category\/destacadas\/\" rel=\"category tag\">Destacadas<\/a>","tag_info":"Destacadas","comment_count":"0","amp_enabled":true,"_links":{"self":[{"href":"https:\/\/experienciadevida.com.ar\/portalurbano\/wp-json\/wp\/v2\/posts\/167465"}],"collection":[{"href":"https:\/\/experienciadevida.com.ar\/portalurbano\/wp-json\/wp\/v2\/posts"}],"about":[{"href":"https:\/\/experienciadevida.com.ar\/portalurbano\/wp-json\/wp\/v2\/types\/post"}],"author":[{"embeddable":true,"href":"https:\/\/experienciadevida.com.ar\/portalurbano\/wp-json\/wp\/v2\/users\/1"}],"replies":[{"embeddable":true,"href":"https:\/\/experienciadevida.com.ar\/portalurbano\/wp-json\/wp\/v2\/comments?post=167465"}],"version-history":[{"count":4,"href":"https:\/\/experienciadevida.com.ar\/portalurbano\/wp-json\/wp\/v2\/posts\/167465\/revisions"}],"predecessor-version":[{"id":167476,"href":"https:\/\/experienciadevida.com.ar\/portalurbano\/wp-json\/wp\/v2\/posts\/167465\/revisions\/167476"}],"wp:featuredmedia":[{"embeddable":true,"href":"https:\/\/experienciadevida.com.ar\/portalurbano\/wp-json\/wp\/v2\/media\/167467"}],"wp:attachment":[{"href":"https:\/\/experienciadevida.com.ar\/portalurbano\/wp-json\/wp\/v2\/media?parent=167465"}],"wp:term":[{"taxonomy":"category","embeddable":true,"href":"https:\/\/experienciadevida.com.ar\/portalurbano\/wp-json\/wp\/v2\/categories?post=167465"},{"taxonomy":"post_tag","embeddable":true,"href":"https:\/\/experienciadevida.com.ar\/portalurbano\/wp-json\/wp\/v2\/tags?post=167465"}],"curies":[{"name":"wp","href":"https:\/\/api.w.org\/{rel}","templated":true}]}}