{"id":167464,"date":"2022-05-10T17:49:40","date_gmt":"2022-05-10T20:49:40","guid":{"rendered":"https:\/\/experienciadevida.com.ar\/portalurbano\/?p=167464"},"modified":"2022-05-10T17:56:45","modified_gmt":"2022-05-10T20:56:45","slug":"sileoni-la-politica-tiene-una-tarea-que-es-estar-al-servicio-de-la-gente","status":"publish","type":"post","link":"https:\/\/experienciadevida.com.ar\/portalurbano\/sileoni-la-politica-tiene-una-tarea-que-es-estar-al-servicio-de-la-gente\/","title":{"rendered":"Sileoni &#8220;La pol\u00edtica tiene una tarea que es estar al servicio de la gente&#8221;"},"content":{"rendered":"<p>Sileoni &#8220;La <a href=\"https:\/\/experienciadevida.com.ar\/portalurbano\/sileoni-la-politica-tiene-una-tarea-que-es-estar-al-servicio-de-la-gente\/dsc_0041-4\/\" rel=\"attachment wp-att-167487\"><img decoding=\"async\" class=\"alignnone size-full wp-image-167487\" src=\"https:\/\/experienciadevida.com.ar\/portalurbano\/wp-content\/uploads\/2022\/05\/DSC_0041-1.jpg\" alt=\"\" width=\"765\" height=\"510\" srcset=\"https:\/\/experienciadevida.com.ar\/portalurbano\/wp-content\/uploads\/2022\/05\/DSC_0041-1.jpg 765w, https:\/\/experienciadevida.com.ar\/portalurbano\/wp-content\/uploads\/2022\/05\/DSC_0041-1-300x200.jpg 300w\" sizes=\"(max-width: 765px) 100vw, 765px\" \/><\/a>pol\u00edtica tiene una tarea que es estar al servicio de la gente&#8221;, as\u00ed lo mencion\u00f3 el Ministro de Cultura y Educaci\u00f3n de la provincia de Buenos Aires, Alberto Sileoni, luego de inaugurar el jard\u00edn 928 ubicado en el barrio AOMA habl\u00f3 con los medios de comunicaci\u00f3n presentes en el lugar sobre la hora extra de clases, sobre cu\u00e1ndo se evaluar\u00e1 en forma num\u00e9rica, paritarias y hasta de medios de comunicaci\u00f3n.<\/p>\n<p>&#8220;Ya hay evaluaciones en forma num\u00e9rica y en el secundario estamos dejando ese momento de excepci\u00f3n prescripto por la pandemia y hemos vuelto al r\u00e9gimen anterior, consideramos que esos contenidos prioritarios que llevamos en la pandemia eran necesarios y sosten\u00edan las modalidades de evaluaci\u00f3n que ten\u00edan pero ahora estamos trabajando de nuevo con la curricular anterior, trabajando mucho en el secundario con nuevos lineamientos, con nuevas formas de evaluaci\u00f3n, con estados de avance, en estos d\u00edas estamos haciendo reuniones con los directores, la semana que viene hay una reuni\u00f3n de 300 directores en Tecn\u00f3polis estamos discutiendo los dise\u00f1os curriculares de superior, hoy estuvimos con C\u00e9sar con nuestros rectores de la regi\u00f3n, estamos discutiendo los dise\u00f1os curriculares de adultos estamos trabajando en ese sentido&#8221;.<\/p>\n<p><a href=\"https:\/\/experienciadevida.com.ar\/portalurbano\/sileoni-la-politica-tiene-una-tarea-que-es-estar-al-servicio-de-la-gente\/dsc_0042-2\/\" rel=\"attachment wp-att-167488\"><img decoding=\"async\" class=\"alignnone size-full wp-image-167488\" src=\"https:\/\/experienciadevida.com.ar\/portalurbano\/wp-content\/uploads\/2022\/05\/DSC_0042-1.jpg\" alt=\"\" width=\"765\" height=\"510\" srcset=\"https:\/\/experienciadevida.com.ar\/portalurbano\/wp-content\/uploads\/2022\/05\/DSC_0042-1.jpg 765w, https:\/\/experienciadevida.com.ar\/portalurbano\/wp-content\/uploads\/2022\/05\/DSC_0042-1-300x200.jpg 300w\" sizes=\"(max-width: 765px) 100vw, 765px\" \/><\/a><\/p>\n<p>Luego sobre la hora extra de clase dijo que &#8220;es algo muy bienvenido como idea y a la vez de muy dif\u00edcil implementaci\u00f3n, pero que sea dif\u00edcil no significa que haya sido descartada todo lo contrario, creemos que una hora m\u00e1s es necesario pero no puede haber sufrimiento institucional, no puede haber p\u00e9rdida de derechos para los docentes, ya tenemos 20 escuelas en toda la provincia que est\u00e1n en condiciones de convertirse en jornada completa por el propio pedido de ellas que viene desde mucho tiempo y estamos viendo otras posibilidades pero es un proyecto que est\u00e1 instalado, lo vamos a seguir y tiene sus tiempos evidentemente no es de hoy para ma\u00f1ana pero tiene sus tiempos, en algunos casos estas 20 escuelas de doble jornada ya van a poder funcionar en el segundo semestre y vamos de a poco con el resto porque primero hay que sensibilizar a las comunidades hay que lograr el acuerdo de las comunidades, sabemos que hay alteraciones en el funcionamiento pero queremos transmitir a los padres que es mucho mejor que sus hijos est\u00e9n cinco horas por d\u00eda en clase y no cuatro\u00a0 y eso es el valor de este proyecto&#8221;<\/p>\n<p>En cuanto a la vuelta de utilizaci\u00f3n del barbijo en los ni\u00f1os en las escuelas coment\u00f3 &#8220;Cuando fui Ministro nacional opinaba sobre las 24 jurisdicciones ahora soy ministro de esta provincia y opino sobre mi provincia y nosotros en t\u00e9rminos sanitarios estamos siguiendo la prescripci\u00f3n de nuestro ministerio de salud&#8221;.<\/p>\n<p>Luego aclar\u00f3 la frase que dio en su discurso en la apertura sobre los medios de comunicaci\u00f3n &#8220;Con respecto a la frase de los medios de comunicaci\u00f3n tiene que ver con denuncias en jardines por supuestos abusos, lo primero que hace la direcci\u00f3n general de escuelas es estar a derecho y estar al lado de la justicia allanado todos los caminos y poni\u00e9ndonos justamente a disposici\u00f3n de la justicia no se puede poner en tela de juicio la honorabilidad de tantas maestras que dejan la vida, que ense\u00f1an, y hay algunos medios de prensa de alcance nacional que incentivan a las comunidades con sospechas que no son fundadas y hay l\u00edmites, la sociedad debe tener l\u00edmites&#8221;<\/p>\n<p>Por otro lado, y con respecto a la paritaria dijo que\u00a0 &#8220;la decisi\u00f3n que hace dos a\u00f1os lleva adelante el gobernador Kicillof nunca por debajo de la inflaci\u00f3n, los docentes estuvieron el a\u00f1o pasado 3.9 arriba de la inflaci\u00f3n, y tambi\u00e9n este es el compromiso que tiene el gobernador con el gremio docente, junto con el anuncio de hoy viene un monitoreo porque la inflaci\u00f3n tiene un comportamiento que todav\u00eda no lo podemos regular\u00a0 no es competencia de la educaci\u00f3n hacerlo hay otros que tienen esa competencia entonces solo veo la decisi\u00f3n de la provincia es que los docentes al cabo del a\u00f1o est\u00e9n algunos puntos arriba de la inflaci\u00f3n,\u00a0 hay un anuncio entorno al 60 pero sigue abierto el monitoreo respecto al comportamiento del porcentaje&#8221;.<\/p>\n<p>&#8220;La pandemia cuando se retir\u00f3 deja muchos dolores,\u00a0 la pandemia en alg\u00fan punto nos hab\u00eda desvinculado alrededor de la escuela alrededor de 280 mil chicos ese n\u00famero lo bajamos por un programa muy consistente que se llam\u00f3 acompa\u00f1amiento a las trayectorias y revinculaci\u00f3n, y hoy el n\u00famero es de 30 mil chicos, el programa tuvo \u00e9xito pero 30 mil chicos es un n\u00famero de una densidad dram\u00e1tica que exige que sigamos trabajando para nosotros no hay pibes perdidos ni hay desatendidos por el estado, asique vamos\u00a0 a seguir trabajando para revincularlos para irlos a buscar pero vamos a seguir haciendo esa tarea&#8221;.<\/p>\n<p>Para finalizar remarc\u00f3 que &#8220;La pol\u00edtica tiene una tarea que es estar al servicio de la gente&#8221;.<\/p>\n","protected":false},"excerpt":{"rendered":"<p>Sileoni &#8220;La pol\u00edtica tiene una tarea que es estar al servicio de la gente&#8221;, as\u00ed&#8230;<\/p>\n","protected":false},"author":1,"featured_media":167483,"comment_status":"closed","ping_status":"closed","sticky":false,"template":"","format":"standard","meta":{"content-type":""},"categories":[27,64],"tags":[],"nelio_content":{"isAutoShareEnabled":false,"autoShareEndMode":"default","automationSources":{"useContentSentences":true,"useSocialTemplates":true,"useCustomSentences":false,"customSentences":[]},"followers":[1],"suggestedReferences":[],"includedReferences":[],"efiUrl":"","efiAlt":"","highlights":[]},"yoast_head":"<!-- This site is optimized with the Yoast SEO plugin v20.7 - https:\/\/yoast.com\/wordpress\/plugins\/seo\/ -->\n<title>Sileoni: &quot;La pol\u00edtica tiene una tarea que es estar al servicio de la gente&quot;<\/title>\n<meta name=\"description\" content=\"Sileoni &quot;La pol\u00edtica tiene una tarea que es estar al servicio de la gente&quot;, as\u00ed lo mencion\u00f3 el Ministro de Cultura y Educaci\u00f3n\" \/>\n<meta name=\"robots\" content=\"index, follow, max-snippet:-1, max-image-preview:large, max-video-preview:-1\" \/>\n<link rel=\"canonical\" href=\"https:\/\/experienciadevida.com.ar\/portalurbano\/sileoni-la-politica-tiene-una-tarea-que-es-estar-al-servicio-de-la-gente\/\" \/>\n<meta property=\"og:locale\" content=\"es_ES\" \/>\n<meta property=\"og:type\" content=\"article\" \/>\n<meta property=\"og:title\" content=\"Sileoni: &quot;La pol\u00edtica tiene una tarea que es estar al servicio de la gente&quot;\" \/>\n<meta property=\"og:description\" content=\"Sileoni &quot;La pol\u00edtica tiene una tarea que es estar al servicio de la gente&quot;, as\u00ed lo mencion\u00f3 el Ministro de Cultura y Educaci\u00f3n\" \/>\n<meta property=\"og:url\" content=\"https:\/\/experienciadevida.com.ar\/portalurbano\/sileoni-la-politica-tiene-una-tarea-que-es-estar-al-servicio-de-la-gente\/\" \/>\n<meta property=\"article:publisher\" content=\"https:\/\/www.facebook.com\/Portal-Urbano-171542830093757\/\" \/>\n<meta property=\"article:published_time\" content=\"2022-05-10T20:49:40+00:00\" \/>\n<meta property=\"article:modified_time\" content=\"2022-05-10T20:56:45+00:00\" \/>\n<meta property=\"og:image\" content=\"https:\/\/experienciadevida.com.ar\/portalurbano\/wp-content\/uploads\/2022\/05\/Sileoni.jpg\" \/>\n\t<meta property=\"og:image:width\" content=\"765\" \/>\n\t<meta property=\"og:image:height\" content=\"510\" \/>\n\t<meta property=\"og:image:type\" content=\"image\/jpeg\" \/>\n<meta name=\"author\" content=\"admpu17wp\" \/>\n<meta name=\"twitter:card\" content=\"summary_large_image\" \/>\n<meta name=\"twitter:creator\" content=\"@portalurbanook\" \/>\n<meta name=\"twitter:site\" content=\"@portalurbanook\" \/>\n<meta name=\"twitter:label1\" content=\"Escrito por\" \/>\n\t<meta name=\"twitter:data1\" content=\"admpu17wp\" \/>\n\t<meta name=\"twitter:label2\" content=\"Tiempo de lectura\" \/>\n\t<meta name=\"twitter:data2\" content=\"5 minutos\" \/>\n<script type=\"application\/ld+json\" class=\"yoast-schema-graph\">{\"@context\":\"https:\/\/schema.org\",\"@graph\":[{\"@type\":\"Article\",\"@id\":\"https:\/\/experienciadevida.com.ar\/portalurbano\/sileoni-la-politica-tiene-una-tarea-que-es-estar-al-servicio-de-la-gente\/#article\",\"isPartOf\":{\"@id\":\"https:\/\/experienciadevida.com.ar\/portalurbano\/sileoni-la-politica-tiene-una-tarea-que-es-estar-al-servicio-de-la-gente\/\"},\"author\":{\"name\":\"admpu17wp\",\"@id\":\"https:\/\/experienciadevida.com.ar\/portalurbano\/#\/schema\/person\/02dd326b1c4b056e9cc972486934a3a7\"},\"headline\":\"Sileoni &#8220;La pol\u00edtica tiene una tarea que es estar al servicio de la gente&#8221;\",\"datePublished\":\"2022-05-10T20:49:40+00:00\",\"dateModified\":\"2022-05-10T20:56:45+00:00\",\"mainEntityOfPage\":{\"@id\":\"https:\/\/experienciadevida.com.ar\/portalurbano\/sileoni-la-politica-tiene-una-tarea-que-es-estar-al-servicio-de-la-gente\/\"},\"wordCount\":872,\"publisher\":{\"@id\":\"https:\/\/experienciadevida.com.ar\/portalurbano\/#organization\"},\"articleSection\":[\"Ciudad\",\"Destacadas 2\"],\"inLanguage\":\"es\"},{\"@type\":\"WebPage\",\"@id\":\"https:\/\/experienciadevida.com.ar\/portalurbano\/sileoni-la-politica-tiene-una-tarea-que-es-estar-al-servicio-de-la-gente\/\",\"url\":\"https:\/\/experienciadevida.com.ar\/portalurbano\/sileoni-la-politica-tiene-una-tarea-que-es-estar-al-servicio-de-la-gente\/\",\"name\":\"Sileoni: \\\"La pol\u00edtica tiene una tarea que es estar al servicio de la gente\\\"\",\"isPartOf\":{\"@id\":\"https:\/\/experienciadevida.com.ar\/portalurbano\/#website\"},\"datePublished\":\"2022-05-10T20:49:40+00:00\",\"dateModified\":\"2022-05-10T20:56:45+00:00\",\"description\":\"Sileoni \\\"La pol\u00edtica tiene una tarea que es estar al servicio de la gente\\\", as\u00ed lo mencion\u00f3 el Ministro de Cultura y Educaci\u00f3n\",\"breadcrumb\":{\"@id\":\"https:\/\/experienciadevida.com.ar\/portalurbano\/sileoni-la-politica-tiene-una-tarea-que-es-estar-al-servicio-de-la-gente\/#breadcrumb\"},\"inLanguage\":\"es\",\"potentialAction\":[{\"@type\":\"ReadAction\",\"target\":[\"https:\/\/experienciadevida.com.ar\/portalurbano\/sileoni-la-politica-tiene-una-tarea-que-es-estar-al-servicio-de-la-gente\/\"]}]},{\"@type\":\"BreadcrumbList\",\"@id\":\"https:\/\/experienciadevida.com.ar\/portalurbano\/sileoni-la-politica-tiene-una-tarea-que-es-estar-al-servicio-de-la-gente\/#breadcrumb\",\"itemListElement\":[{\"@type\":\"ListItem\",\"position\":1,\"name\":\"Portada\",\"item\":\"https:\/\/experienciadevida.com.ar\/portalurbano\/\"},{\"@type\":\"ListItem\",\"position\":2,\"name\":\"Sileoni \u00abLa pol\u00edtica tiene una tarea que es estar al servicio de la gente\u00bb\"}]},{\"@type\":\"WebSite\",\"@id\":\"https:\/\/experienciadevida.com.ar\/portalurbano\/#website\",\"url\":\"https:\/\/experienciadevida.com.ar\/portalurbano\/\",\"name\":\"\",\"description\":\"\",\"publisher\":{\"@id\":\"https:\/\/experienciadevida.com.ar\/portalurbano\/#organization\"},\"potentialAction\":[{\"@type\":\"SearchAction\",\"target\":{\"@type\":\"EntryPoint\",\"urlTemplate\":\"https:\/\/experienciadevida.com.ar\/portalurbano\/?s={search_term_string}\"},\"query-input\":\"required name=search_term_string\"}],\"inLanguage\":\"es\"},{\"@type\":\"Organization\",\"@id\":\"https:\/\/experienciadevida.com.ar\/portalurbano\/#organization\",\"name\":\"Portal Urbano\",\"url\":\"https:\/\/experienciadevida.com.ar\/portalurbano\/\",\"logo\":{\"@type\":\"ImageObject\",\"inLanguage\":\"es\",\"@id\":\"https:\/\/experienciadevida.com.ar\/portalurbano\/#\/schema\/logo\/image\/\",\"url\":\"https:\/\/experienciadevida.com.ar\/portalurbano\/wp-content\/uploads\/2019\/09\/Logo-Original.png\",\"contentUrl\":\"https:\/\/experienciadevida.com.ar\/portalurbano\/wp-content\/uploads\/2019\/09\/Logo-Original.png\",\"width\":2236,\"height\":1216,\"caption\":\"Portal Urbano\"},\"image\":{\"@id\":\"https:\/\/experienciadevida.com.ar\/portalurbano\/#\/schema\/logo\/image\/\"},\"sameAs\":[\"https:\/\/www.facebook.com\/Portal-Urbano-171542830093757\/\",\"https:\/\/twitter.com\/portalurbanook\",\"https:\/\/www.instagram.com\/_portalurbano\/\",\"https:\/\/www.youtube.com\/channel\/UCXhagIfszH8KxFiOok79zbA?view_as=subscriber\"]},{\"@type\":\"Person\",\"@id\":\"https:\/\/experienciadevida.com.ar\/portalurbano\/#\/schema\/person\/02dd326b1c4b056e9cc972486934a3a7\",\"name\":\"admpu17wp\",\"image\":{\"@type\":\"ImageObject\",\"inLanguage\":\"es\",\"@id\":\"https:\/\/experienciadevida.com.ar\/portalurbano\/#\/schema\/person\/image\/\",\"url\":\"https:\/\/secure.gravatar.com\/avatar\/830d4c57adaae6630765e449a6908047?s=96&d=mm&r=g\",\"contentUrl\":\"https:\/\/secure.gravatar.com\/avatar\/830d4c57adaae6630765e449a6908047?s=96&d=mm&r=g\",\"caption\":\"admpu17wp\"}}]}<\/script>\n<!-- \/ Yoast SEO plugin. -->","yoast_head_json":{"title":"Sileoni: \"La pol\u00edtica tiene una tarea que es estar al servicio de la gente\"","description":"Sileoni \"La pol\u00edtica tiene una tarea que es estar al servicio de la gente\", as\u00ed lo mencion\u00f3 el Ministro de Cultura y Educaci\u00f3n","robots":{"index":"index","follow":"follow","max-snippet":"max-snippet:-1","max-image-preview":"max-image-preview:large","max-video-preview":"max-video-preview:-1"},"canonical":"https:\/\/experienciadevida.com.ar\/portalurbano\/sileoni-la-politica-tiene-una-tarea-que-es-estar-al-servicio-de-la-gente\/","og_locale":"es_ES","og_type":"article","og_title":"Sileoni: \"La pol\u00edtica tiene una tarea que es estar al servicio de la gente\"","og_description":"Sileoni \"La pol\u00edtica tiene una tarea que es estar al servicio de la gente\", as\u00ed lo mencion\u00f3 el Ministro de Cultura y Educaci\u00f3n","og_url":"https:\/\/experienciadevida.com.ar\/portalurbano\/sileoni-la-politica-tiene-una-tarea-que-es-estar-al-servicio-de-la-gente\/","article_publisher":"https:\/\/www.facebook.com\/Portal-Urbano-171542830093757\/","article_published_time":"2022-05-10T20:49:40+00:00","article_modified_time":"2022-05-10T20:56:45+00:00","og_image":[{"width":765,"height":510,"url":"https:\/\/experienciadevida.com.ar\/portalurbano\/wp-content\/uploads\/2022\/05\/Sileoni.jpg","type":"image\/jpeg"}],"author":"admpu17wp","twitter_card":"summary_large_image","twitter_creator":"@portalurbanook","twitter_site":"@portalurbanook","twitter_misc":{"Escrito por":"admpu17wp","Tiempo de lectura":"5 minutos"},"schema":{"@context":"https:\/\/schema.org","@graph":[{"@type":"Article","@id":"https:\/\/experienciadevida.com.ar\/portalurbano\/sileoni-la-politica-tiene-una-tarea-que-es-estar-al-servicio-de-la-gente\/#article","isPartOf":{"@id":"https:\/\/experienciadevida.com.ar\/portalurbano\/sileoni-la-politica-tiene-una-tarea-que-es-estar-al-servicio-de-la-gente\/"},"author":{"name":"admpu17wp","@id":"https:\/\/experienciadevida.com.ar\/portalurbano\/#\/schema\/person\/02dd326b1c4b056e9cc972486934a3a7"},"headline":"Sileoni &#8220;La pol\u00edtica tiene una tarea que es estar al servicio de la gente&#8221;","datePublished":"2022-05-10T20:49:40+00:00","dateModified":"2022-05-10T20:56:45+00:00","mainEntityOfPage":{"@id":"https:\/\/experienciadevida.com.ar\/portalurbano\/sileoni-la-politica-tiene-una-tarea-que-es-estar-al-servicio-de-la-gente\/"},"wordCount":872,"publisher":{"@id":"https:\/\/experienciadevida.com.ar\/portalurbano\/#organization"},"articleSection":["Ciudad","Destacadas 2"],"inLanguage":"es"},{"@type":"WebPage","@id":"https:\/\/experienciadevida.com.ar\/portalurbano\/sileoni-la-politica-tiene-una-tarea-que-es-estar-al-servicio-de-la-gente\/","url":"https:\/\/experienciadevida.com.ar\/portalurbano\/sileoni-la-politica-tiene-una-tarea-que-es-estar-al-servicio-de-la-gente\/","name":"Sileoni: \"La pol\u00edtica tiene una tarea que es estar al servicio de la gente\"","isPartOf":{"@id":"https:\/\/experienciadevida.com.ar\/portalurbano\/#website"},"datePublished":"2022-05-10T20:49:40+00:00","dateModified":"2022-05-10T20:56:45+00:00","description":"Sileoni \"La pol\u00edtica tiene una tarea que es estar al servicio de la gente\", as\u00ed lo mencion\u00f3 el Ministro de Cultura y Educaci\u00f3n","breadcrumb":{"@id":"https:\/\/experienciadevida.com.ar\/portalurbano\/sileoni-la-politica-tiene-una-tarea-que-es-estar-al-servicio-de-la-gente\/#breadcrumb"},"inLanguage":"es","potentialAction":[{"@type":"ReadAction","target":["https:\/\/experienciadevida.com.ar\/portalurbano\/sileoni-la-politica-tiene-una-tarea-que-es-estar-al-servicio-de-la-gente\/"]}]},{"@type":"BreadcrumbList","@id":"https:\/\/experienciadevida.com.ar\/portalurbano\/sileoni-la-politica-tiene-una-tarea-que-es-estar-al-servicio-de-la-gente\/#breadcrumb","itemListElement":[{"@type":"ListItem","position":1,"name":"Portada","item":"https:\/\/experienciadevida.com.ar\/portalurbano\/"},{"@type":"ListItem","position":2,"name":"Sileoni \u00abLa pol\u00edtica tiene una tarea que es estar al servicio de la gente\u00bb"}]},{"@type":"WebSite","@id":"https:\/\/experienciadevida.com.ar\/portalurbano\/#website","url":"https:\/\/experienciadevida.com.ar\/portalurbano\/","name":"","description":"","publisher":{"@id":"https:\/\/experienciadevida.com.ar\/portalurbano\/#organization"},"potentialAction":[{"@type":"SearchAction","target":{"@type":"EntryPoint","urlTemplate":"https:\/\/experienciadevida.com.ar\/portalurbano\/?s={search_term_string}"},"query-input":"required name=search_term_string"}],"inLanguage":"es"},{"@type":"Organization","@id":"https:\/\/experienciadevida.com.ar\/portalurbano\/#organization","name":"Portal Urbano","url":"https:\/\/experienciadevida.com.ar\/portalurbano\/","logo":{"@type":"ImageObject","inLanguage":"es","@id":"https:\/\/experienciadevida.com.ar\/portalurbano\/#\/schema\/logo\/image\/","url":"https:\/\/experienciadevida.com.ar\/portalurbano\/wp-content\/uploads\/2019\/09\/Logo-Original.png","contentUrl":"https:\/\/experienciadevida.com.ar\/portalurbano\/wp-content\/uploads\/2019\/09\/Logo-Original.png","width":2236,"height":1216,"caption":"Portal Urbano"},"image":{"@id":"https:\/\/experienciadevida.com.ar\/portalurbano\/#\/schema\/logo\/image\/"},"sameAs":["https:\/\/www.facebook.com\/Portal-Urbano-171542830093757\/","https:\/\/twitter.com\/portalurbanook","https:\/\/www.instagram.com\/_portalurbano\/","https:\/\/www.youtube.com\/channel\/UCXhagIfszH8KxFiOok79zbA?view_as=subscriber"]},{"@type":"Person","@id":"https:\/\/experienciadevida.com.ar\/portalurbano\/#\/schema\/person\/02dd326b1c4b056e9cc972486934a3a7","name":"admpu17wp","image":{"@type":"ImageObject","inLanguage":"es","@id":"https:\/\/experienciadevida.com.ar\/portalurbano\/#\/schema\/person\/image\/","url":"https:\/\/secure.gravatar.com\/avatar\/830d4c57adaae6630765e449a6908047?s=96&d=mm&r=g","contentUrl":"https:\/\/secure.gravatar.com\/avatar\/830d4c57adaae6630765e449a6908047?s=96&d=mm&r=g","caption":"admpu17wp"}}]}},"featured_image_urls":{"full":["https:\/\/experienciadevida.com.ar\/portalurbano\/wp-content\/uploads\/2022\/05\/Sileoni.jpg",765,510,false],"thumbnail":["https:\/\/experienciadevida.com.ar\/portalurbano\/wp-content\/uploads\/2022\/05\/Sileoni-150x150.jpg",150,150,true],"medium":["https:\/\/experienciadevida.com.ar\/portalurbano\/wp-content\/uploads\/2022\/05\/Sileoni-300x200.jpg",300,200,true],"medium_large":["https:\/\/experienciadevida.com.ar\/portalurbano\/wp-content\/uploads\/2022\/05\/Sileoni.jpg",640,427,false],"large":["https:\/\/experienciadevida.com.ar\/portalurbano\/wp-content\/uploads\/2022\/05\/Sileoni.jpg",640,427,false],"ug_big":["https:\/\/experienciadevida.com.ar\/portalurbano\/wp-content\/uploads\/2022\/05\/Sileoni.jpg",765,510,false],"1536x1536":["https:\/\/experienciadevida.com.ar\/portalurbano\/wp-content\/uploads\/2022\/05\/Sileoni.jpg",765,510,false],"2048x2048":["https:\/\/experienciadevida.com.ar\/portalurbano\/wp-content\/uploads\/2022\/05\/Sileoni.jpg",765,510,false],"newsever-slider-full":["https:\/\/experienciadevida.com.ar\/portalurbano\/wp-content\/uploads\/2022\/05\/Sileoni.jpg",765,510,false],"newsever-featured":["https:\/\/experienciadevida.com.ar\/portalurbano\/wp-content\/uploads\/2022\/05\/Sileoni.jpg",765,510,false],"newsever-medium":["https:\/\/experienciadevida.com.ar\/portalurbano\/wp-content\/uploads\/2022\/05\/Sileoni.jpg",713,475,false],"web-stories-poster-portrait":["https:\/\/experienciadevida.com.ar\/portalurbano\/wp-content\/uploads\/2022\/05\/Sileoni.jpg",640,427,false],"web-stories-publisher-logo":["https:\/\/experienciadevida.com.ar\/portalurbano\/wp-content\/uploads\/2022\/05\/Sileoni.jpg",96,64,false],"web-stories-thumbnail":["https:\/\/experienciadevida.com.ar\/portalurbano\/wp-content\/uploads\/2022\/05\/Sileoni.jpg",150,100,false]},"author_info":{"display_name":"admpu17wp","author_link":"https:\/\/experienciadevida.com.ar\/portalurbano\/author\/admpu17wp\/"},"category_info":"<a href=\"https:\/\/experienciadevida.com.ar\/portalurbano\/category\/ciudad\/\" rel=\"category tag\">Ciudad<\/a> <a href=\"https:\/\/experienciadevida.com.ar\/portalurbano\/category\/destacadas-2\/\" rel=\"category tag\">Destacadas 2<\/a>","tag_info":"Destacadas 2","comment_count":"0","amp_enabled":true,"_links":{"self":[{"href":"https:\/\/experienciadevida.com.ar\/portalurbano\/wp-json\/wp\/v2\/posts\/167464"}],"collection":[{"href":"https:\/\/experienciadevida.com.ar\/portalurbano\/wp-json\/wp\/v2\/posts"}],"about":[{"href":"https:\/\/experienciadevida.com.ar\/portalurbano\/wp-json\/wp\/v2\/types\/post"}],"author":[{"embeddable":true,"href":"https:\/\/experienciadevida.com.ar\/portalurbano\/wp-json\/wp\/v2\/users\/1"}],"replies":[{"embeddable":true,"href":"https:\/\/experienciadevida.com.ar\/portalurbano\/wp-json\/wp\/v2\/comments?post=167464"}],"version-history":[{"count":5,"href":"https:\/\/experienciadevida.com.ar\/portalurbano\/wp-json\/wp\/v2\/posts\/167464\/revisions"}],"predecessor-version":[{"id":167489,"href":"https:\/\/experienciadevida.com.ar\/portalurbano\/wp-json\/wp\/v2\/posts\/167464\/revisions\/167489"}],"wp:featuredmedia":[{"embeddable":true,"href":"https:\/\/experienciadevida.com.ar\/portalurbano\/wp-json\/wp\/v2\/media\/167483"}],"wp:attachment":[{"href":"https:\/\/experienciadevida.com.ar\/portalurbano\/wp-json\/wp\/v2\/media?parent=167464"}],"wp:term":[{"taxonomy":"category","embeddable":true,"href":"https:\/\/experienciadevida.com.ar\/portalurbano\/wp-json\/wp\/v2\/categories?post=167464"},{"taxonomy":"post_tag","embeddable":true,"href":"https:\/\/experienciadevida.com.ar\/portalurbano\/wp-json\/wp\/v2\/tags?post=167464"}],"curies":[{"name":"wp","href":"https:\/\/api.w.org\/{rel}","templated":true}]}}