{"id":167460,"date":"2022-05-10T14:57:14","date_gmt":"2022-05-10T17:57:14","guid":{"rendered":"https:\/\/experienciadevida.com.ar\/portalurbano\/?p=167460"},"modified":"2022-05-10T14:57:56","modified_gmt":"2022-05-10T17:57:56","slug":"en-el-centro-cultural-universitario-se-estreno-el-documental-obras-que-narran","status":"publish","type":"post","link":"https:\/\/experienciadevida.com.ar\/portalurbano\/en-el-centro-cultural-universitario-se-estreno-el-documental-obras-que-narran\/","title":{"rendered":"En el Centro Cultural Universitario se estren\u00f3 el documental \u201cObras que narran\u201d"},"content":{"rendered":"<p>En el Centro Cultural Universitario se estren\u00f3 el documental \u201cObras que narran\u201d, con un importante marco de p\u00fablico, el viernes 6 de mayo se present\u00f3 \u201cObras que narran. El patrimonio olavarriense desde expresiones art\u00edsticas locales\u201d, un documental creado a trav\u00e9s del Programa PATRIMONIA (INCUAPA-UNICEN) y el Observatorio de Patrimonio Cultural de la Facultad de Ciencias Sociales.<\/p>\n<p>\u201cObras que narran\u201d es una propuesta que busca reconocer la puesta en valor del patrimonio local a partir de las creaciones y significados que construyen cuatro artistas de reconocida trayectoria p\u00fablica que basan su obra, principalmente, en reivindicar la identidad, la memoria y la historia del Partido de Olavarr\u00eda. Se trata de Daniel Fitte, Mauricio D\u2019Amico, Nora Sarazola y Juan Ignacio Cardiello.<\/p>\n<p>El documental se estren\u00f3 en el Centro Cultural Universitario, y la presentaci\u00f3n fue encabezada por la Dra. Mar\u00eda Vanesa Giacomasso, docente e investigadora de la FACSO. Precisamente la propuesta audiovisual forma parte de un proyecto de investigaci\u00f3n m\u00e1s amplio dirigido por la Dra. Giacomasso y desarrollado en el marco de la convocatoria para J\u00f3venes Investigadores (2021) de la Secretar\u00eda de Arte, Ciencia y Tecnolog\u00eda de la UNICEN (SECAT).<\/p>\n<p>Asimismo dio cuenta de la producci\u00f3n y creaci\u00f3n del documental su director, el T\u00e9cnico en Narraci\u00f3n Audiovisual Patricio Marino, quien coordina la productora audiovisual FACSO Producciones.<\/p>\n<p>En el evento estuvieron presentes autoridades de la Facultad de Ciencias Sociales, la Decana Lic. Gabriela Gamberini y la Vicedecana Dra. Mar\u00eda Luz Endere, quien adem\u00e1s como directora del equipo PATRIMONIA y del Observatorio de Patrimonio Cultural se refiri\u00f3 al programa de la SECAT y al proyecto original del cual se desprende el documental. Tambi\u00e9n acompa\u00f1\u00f3 el estreno el Secretario de Extensi\u00f3n, Bienestar y Transferencia, Lic. Nicol\u00e1s Casado y por la Municipalidad de Olavarr\u00eda la Directora de Gesti\u00f3n Cultural, Lic. Agustina Marino.<\/p>\n<p>Luego de la reproducci\u00f3n del documental, los cuatro artistas protagonistas compartieron sus experiencias y reflexiones acerca de sus obras en relaci\u00f3n con el patrimonio de Olavarr\u00eda, haciendo especial \u00e9nfasis en su conexi\u00f3n con el paisaje local.<\/p>\n<p>El documental ya est\u00e1 disponible en los canales de YouTube de la productora FACSO Producciones, as\u00ed como tambi\u00e9n en la red social Instagram del Observatorio de Patrimonio Cultural (@Obser.Pat.Cultural-FACSO). A trav\u00e9s de su divulgaci\u00f3n y comunicaci\u00f3n se espera que pueda llegar a un p\u00fablico amplio y diverso y sirva de insumo para reflexionar y dialogar sobre dos ejes fundamentales de la cultural local como son el arte y el patrimonio.<\/p>\n","protected":false},"excerpt":{"rendered":"<p>En el Centro Cultural Universitario se estren\u00f3 el documental \u201cObras que narran\u201d, con un importante&#8230;<\/p>\n","protected":false},"author":1,"featured_media":167461,"comment_status":"closed","ping_status":"closed","sticky":false,"template":"","format":"standard","meta":{"content-type":""},"categories":[27],"tags":[],"nelio_content":{"isAutoShareEnabled":false,"autoShareEndMode":"default","automationSources":{"useContentSentences":true,"useSocialTemplates":true,"useCustomSentences":false,"customSentences":[]},"followers":[1],"suggestedReferences":[],"includedReferences":[],"efiUrl":"","efiAlt":"","highlights":[]},"yoast_head":"<!-- This site is optimized with the Yoast SEO plugin v20.7 - https:\/\/yoast.com\/wordpress\/plugins\/seo\/ -->\n<title>En el centro cultural universitario se estren\u00f3 el documental obras<\/title>\n<meta name=\"description\" content=\"En el Centro Cultural Universitario se estren\u00f3 el documental \u201cObras que narran\u201d, con un importante marco de p\u00fablico\" \/>\n<meta name=\"robots\" content=\"index, follow, max-snippet:-1, max-image-preview:large, max-video-preview:-1\" \/>\n<link rel=\"canonical\" href=\"https:\/\/experienciadevida.com.ar\/portalurbano\/en-el-centro-cultural-universitario-se-estreno-el-documental-obras-que-narran\/\" \/>\n<meta property=\"og:locale\" content=\"es_ES\" \/>\n<meta property=\"og:type\" content=\"article\" \/>\n<meta property=\"og:title\" content=\"En el centro cultural universitario se estren\u00f3 el documental obras\" \/>\n<meta property=\"og:description\" content=\"En el Centro Cultural Universitario se estren\u00f3 el documental \u201cObras que narran\u201d, con un importante marco de p\u00fablico\" \/>\n<meta property=\"og:url\" content=\"https:\/\/experienciadevida.com.ar\/portalurbano\/en-el-centro-cultural-universitario-se-estreno-el-documental-obras-que-narran\/\" \/>\n<meta property=\"article:publisher\" content=\"https:\/\/www.facebook.com\/Portal-Urbano-171542830093757\/\" \/>\n<meta property=\"article:published_time\" content=\"2022-05-10T17:57:14+00:00\" \/>\n<meta property=\"article:modified_time\" content=\"2022-05-10T17:57:56+00:00\" \/>\n<meta property=\"og:image\" content=\"https:\/\/experienciadevida.com.ar\/portalurbano\/wp-content\/uploads\/2022\/05\/En-el-Centro-Cultural.jpg\" \/>\n\t<meta property=\"og:image:width\" content=\"1000\" \/>\n\t<meta property=\"og:image:height\" content=\"573\" \/>\n\t<meta property=\"og:image:type\" content=\"image\/jpeg\" \/>\n<meta name=\"author\" content=\"admpu17wp\" \/>\n<meta name=\"twitter:card\" content=\"summary_large_image\" \/>\n<meta name=\"twitter:creator\" content=\"@portalurbanook\" \/>\n<meta name=\"twitter:site\" content=\"@portalurbanook\" \/>\n<meta name=\"twitter:label1\" content=\"Escrito por\" \/>\n\t<meta name=\"twitter:data1\" content=\"admpu17wp\" \/>\n\t<meta name=\"twitter:label2\" content=\"Tiempo de lectura\" \/>\n\t<meta name=\"twitter:data2\" content=\"2 minutos\" \/>\n<script type=\"application\/ld+json\" class=\"yoast-schema-graph\">{\"@context\":\"https:\/\/schema.org\",\"@graph\":[{\"@type\":\"Article\",\"@id\":\"https:\/\/experienciadevida.com.ar\/portalurbano\/en-el-centro-cultural-universitario-se-estreno-el-documental-obras-que-narran\/#article\",\"isPartOf\":{\"@id\":\"https:\/\/experienciadevida.com.ar\/portalurbano\/en-el-centro-cultural-universitario-se-estreno-el-documental-obras-que-narran\/\"},\"author\":{\"name\":\"admpu17wp\",\"@id\":\"https:\/\/experienciadevida.com.ar\/portalurbano\/#\/schema\/person\/02dd326b1c4b056e9cc972486934a3a7\"},\"headline\":\"En el Centro Cultural Universitario se estren\u00f3 el documental \u201cObras que narran\u201d\",\"datePublished\":\"2022-05-10T17:57:14+00:00\",\"dateModified\":\"2022-05-10T17:57:56+00:00\",\"mainEntityOfPage\":{\"@id\":\"https:\/\/experienciadevida.com.ar\/portalurbano\/en-el-centro-cultural-universitario-se-estreno-el-documental-obras-que-narran\/\"},\"wordCount\":445,\"publisher\":{\"@id\":\"https:\/\/experienciadevida.com.ar\/portalurbano\/#organization\"},\"articleSection\":[\"Ciudad\"],\"inLanguage\":\"es\"},{\"@type\":\"WebPage\",\"@id\":\"https:\/\/experienciadevida.com.ar\/portalurbano\/en-el-centro-cultural-universitario-se-estreno-el-documental-obras-que-narran\/\",\"url\":\"https:\/\/experienciadevida.com.ar\/portalurbano\/en-el-centro-cultural-universitario-se-estreno-el-documental-obras-que-narran\/\",\"name\":\"En el centro cultural universitario se estren\u00f3 el documental obras\",\"isPartOf\":{\"@id\":\"https:\/\/experienciadevida.com.ar\/portalurbano\/#website\"},\"datePublished\":\"2022-05-10T17:57:14+00:00\",\"dateModified\":\"2022-05-10T17:57:56+00:00\",\"description\":\"En el Centro Cultural Universitario se estren\u00f3 el documental \u201cObras que narran\u201d, con un importante marco de p\u00fablico\",\"breadcrumb\":{\"@id\":\"https:\/\/experienciadevida.com.ar\/portalurbano\/en-el-centro-cultural-universitario-se-estreno-el-documental-obras-que-narran\/#breadcrumb\"},\"inLanguage\":\"es\",\"potentialAction\":[{\"@type\":\"ReadAction\",\"target\":[\"https:\/\/experienciadevida.com.ar\/portalurbano\/en-el-centro-cultural-universitario-se-estreno-el-documental-obras-que-narran\/\"]}]},{\"@type\":\"BreadcrumbList\",\"@id\":\"https:\/\/experienciadevida.com.ar\/portalurbano\/en-el-centro-cultural-universitario-se-estreno-el-documental-obras-que-narran\/#breadcrumb\",\"itemListElement\":[{\"@type\":\"ListItem\",\"position\":1,\"name\":\"Portada\",\"item\":\"https:\/\/experienciadevida.com.ar\/portalurbano\/\"},{\"@type\":\"ListItem\",\"position\":2,\"name\":\"En el Centro Cultural Universitario se estren\u00f3 el documental \u201cObras que narran\u201d\"}]},{\"@type\":\"WebSite\",\"@id\":\"https:\/\/experienciadevida.com.ar\/portalurbano\/#website\",\"url\":\"https:\/\/experienciadevida.com.ar\/portalurbano\/\",\"name\":\"\",\"description\":\"\",\"publisher\":{\"@id\":\"https:\/\/experienciadevida.com.ar\/portalurbano\/#organization\"},\"potentialAction\":[{\"@type\":\"SearchAction\",\"target\":{\"@type\":\"EntryPoint\",\"urlTemplate\":\"https:\/\/experienciadevida.com.ar\/portalurbano\/?s={search_term_string}\"},\"query-input\":\"required name=search_term_string\"}],\"inLanguage\":\"es\"},{\"@type\":\"Organization\",\"@id\":\"https:\/\/experienciadevida.com.ar\/portalurbano\/#organization\",\"name\":\"Portal Urbano\",\"url\":\"https:\/\/experienciadevida.com.ar\/portalurbano\/\",\"logo\":{\"@type\":\"ImageObject\",\"inLanguage\":\"es\",\"@id\":\"https:\/\/experienciadevida.com.ar\/portalurbano\/#\/schema\/logo\/image\/\",\"url\":\"https:\/\/experienciadevida.com.ar\/portalurbano\/wp-content\/uploads\/2019\/09\/Logo-Original.png\",\"contentUrl\":\"https:\/\/experienciadevida.com.ar\/portalurbano\/wp-content\/uploads\/2019\/09\/Logo-Original.png\",\"width\":2236,\"height\":1216,\"caption\":\"Portal Urbano\"},\"image\":{\"@id\":\"https:\/\/experienciadevida.com.ar\/portalurbano\/#\/schema\/logo\/image\/\"},\"sameAs\":[\"https:\/\/www.facebook.com\/Portal-Urbano-171542830093757\/\",\"https:\/\/twitter.com\/portalurbanook\",\"https:\/\/www.instagram.com\/_portalurbano\/\",\"https:\/\/www.youtube.com\/channel\/UCXhagIfszH8KxFiOok79zbA?view_as=subscriber\"]},{\"@type\":\"Person\",\"@id\":\"https:\/\/experienciadevida.com.ar\/portalurbano\/#\/schema\/person\/02dd326b1c4b056e9cc972486934a3a7\",\"name\":\"admpu17wp\",\"image\":{\"@type\":\"ImageObject\",\"inLanguage\":\"es\",\"@id\":\"https:\/\/experienciadevida.com.ar\/portalurbano\/#\/schema\/person\/image\/\",\"url\":\"https:\/\/secure.gravatar.com\/avatar\/830d4c57adaae6630765e449a6908047?s=96&d=mm&r=g\",\"contentUrl\":\"https:\/\/secure.gravatar.com\/avatar\/830d4c57adaae6630765e449a6908047?s=96&d=mm&r=g\",\"caption\":\"admpu17wp\"}}]}<\/script>\n<!-- \/ Yoast SEO plugin. -->","yoast_head_json":{"title":"En el centro cultural universitario se estren\u00f3 el documental obras","description":"En el Centro Cultural Universitario se estren\u00f3 el documental \u201cObras que narran\u201d, con un importante marco de p\u00fablico","robots":{"index":"index","follow":"follow","max-snippet":"max-snippet:-1","max-image-preview":"max-image-preview:large","max-video-preview":"max-video-preview:-1"},"canonical":"https:\/\/experienciadevida.com.ar\/portalurbano\/en-el-centro-cultural-universitario-se-estreno-el-documental-obras-que-narran\/","og_locale":"es_ES","og_type":"article","og_title":"En el centro cultural universitario se estren\u00f3 el documental obras","og_description":"En el Centro Cultural Universitario se estren\u00f3 el documental \u201cObras que narran\u201d, con un importante marco de p\u00fablico","og_url":"https:\/\/experienciadevida.com.ar\/portalurbano\/en-el-centro-cultural-universitario-se-estreno-el-documental-obras-que-narran\/","article_publisher":"https:\/\/www.facebook.com\/Portal-Urbano-171542830093757\/","article_published_time":"2022-05-10T17:57:14+00:00","article_modified_time":"2022-05-10T17:57:56+00:00","og_image":[{"width":1000,"height":573,"url":"https:\/\/experienciadevida.com.ar\/portalurbano\/wp-content\/uploads\/2022\/05\/En-el-Centro-Cultural.jpg","type":"image\/jpeg"}],"author":"admpu17wp","twitter_card":"summary_large_image","twitter_creator":"@portalurbanook","twitter_site":"@portalurbanook","twitter_misc":{"Escrito por":"admpu17wp","Tiempo de lectura":"2 minutos"},"schema":{"@context":"https:\/\/schema.org","@graph":[{"@type":"Article","@id":"https:\/\/experienciadevida.com.ar\/portalurbano\/en-el-centro-cultural-universitario-se-estreno-el-documental-obras-que-narran\/#article","isPartOf":{"@id":"https:\/\/experienciadevida.com.ar\/portalurbano\/en-el-centro-cultural-universitario-se-estreno-el-documental-obras-que-narran\/"},"author":{"name":"admpu17wp","@id":"https:\/\/experienciadevida.com.ar\/portalurbano\/#\/schema\/person\/02dd326b1c4b056e9cc972486934a3a7"},"headline":"En el Centro Cultural Universitario se estren\u00f3 el documental \u201cObras que narran\u201d","datePublished":"2022-05-10T17:57:14+00:00","dateModified":"2022-05-10T17:57:56+00:00","mainEntityOfPage":{"@id":"https:\/\/experienciadevida.com.ar\/portalurbano\/en-el-centro-cultural-universitario-se-estreno-el-documental-obras-que-narran\/"},"wordCount":445,"publisher":{"@id":"https:\/\/experienciadevida.com.ar\/portalurbano\/#organization"},"articleSection":["Ciudad"],"inLanguage":"es"},{"@type":"WebPage","@id":"https:\/\/experienciadevida.com.ar\/portalurbano\/en-el-centro-cultural-universitario-se-estreno-el-documental-obras-que-narran\/","url":"https:\/\/experienciadevida.com.ar\/portalurbano\/en-el-centro-cultural-universitario-se-estreno-el-documental-obras-que-narran\/","name":"En el centro cultural universitario se estren\u00f3 el documental obras","isPartOf":{"@id":"https:\/\/experienciadevida.com.ar\/portalurbano\/#website"},"datePublished":"2022-05-10T17:57:14+00:00","dateModified":"2022-05-10T17:57:56+00:00","description":"En el Centro Cultural Universitario se estren\u00f3 el documental \u201cObras que narran\u201d, con un importante marco de p\u00fablico","breadcrumb":{"@id":"https:\/\/experienciadevida.com.ar\/portalurbano\/en-el-centro-cultural-universitario-se-estreno-el-documental-obras-que-narran\/#breadcrumb"},"inLanguage":"es","potentialAction":[{"@type":"ReadAction","target":["https:\/\/experienciadevida.com.ar\/portalurbano\/en-el-centro-cultural-universitario-se-estreno-el-documental-obras-que-narran\/"]}]},{"@type":"BreadcrumbList","@id":"https:\/\/experienciadevida.com.ar\/portalurbano\/en-el-centro-cultural-universitario-se-estreno-el-documental-obras-que-narran\/#breadcrumb","itemListElement":[{"@type":"ListItem","position":1,"name":"Portada","item":"https:\/\/experienciadevida.com.ar\/portalurbano\/"},{"@type":"ListItem","position":2,"name":"En el Centro Cultural Universitario se estren\u00f3 el documental \u201cObras que narran\u201d"}]},{"@type":"WebSite","@id":"https:\/\/experienciadevida.com.ar\/portalurbano\/#website","url":"https:\/\/experienciadevida.com.ar\/portalurbano\/","name":"","description":"","publisher":{"@id":"https:\/\/experienciadevida.com.ar\/portalurbano\/#organization"},"potentialAction":[{"@type":"SearchAction","target":{"@type":"EntryPoint","urlTemplate":"https:\/\/experienciadevida.com.ar\/portalurbano\/?s={search_term_string}"},"query-input":"required name=search_term_string"}],"inLanguage":"es"},{"@type":"Organization","@id":"https:\/\/experienciadevida.com.ar\/portalurbano\/#organization","name":"Portal Urbano","url":"https:\/\/experienciadevida.com.ar\/portalurbano\/","logo":{"@type":"ImageObject","inLanguage":"es","@id":"https:\/\/experienciadevida.com.ar\/portalurbano\/#\/schema\/logo\/image\/","url":"https:\/\/experienciadevida.com.ar\/portalurbano\/wp-content\/uploads\/2019\/09\/Logo-Original.png","contentUrl":"https:\/\/experienciadevida.com.ar\/portalurbano\/wp-content\/uploads\/2019\/09\/Logo-Original.png","width":2236,"height":1216,"caption":"Portal Urbano"},"image":{"@id":"https:\/\/experienciadevida.com.ar\/portalurbano\/#\/schema\/logo\/image\/"},"sameAs":["https:\/\/www.facebook.com\/Portal-Urbano-171542830093757\/","https:\/\/twitter.com\/portalurbanook","https:\/\/www.instagram.com\/_portalurbano\/","https:\/\/www.youtube.com\/channel\/UCXhagIfszH8KxFiOok79zbA?view_as=subscriber"]},{"@type":"Person","@id":"https:\/\/experienciadevida.com.ar\/portalurbano\/#\/schema\/person\/02dd326b1c4b056e9cc972486934a3a7","name":"admpu17wp","image":{"@type":"ImageObject","inLanguage":"es","@id":"https:\/\/experienciadevida.com.ar\/portalurbano\/#\/schema\/person\/image\/","url":"https:\/\/secure.gravatar.com\/avatar\/830d4c57adaae6630765e449a6908047?s=96&d=mm&r=g","contentUrl":"https:\/\/secure.gravatar.com\/avatar\/830d4c57adaae6630765e449a6908047?s=96&d=mm&r=g","caption":"admpu17wp"}}]}},"featured_image_urls":{"full":["https:\/\/experienciadevida.com.ar\/portalurbano\/wp-content\/uploads\/2022\/05\/En-el-Centro-Cultural.jpg",1000,573,false],"thumbnail":["https:\/\/experienciadevida.com.ar\/portalurbano\/wp-content\/uploads\/2022\/05\/En-el-Centro-Cultural-150x150.jpg",150,150,true],"medium":["https:\/\/experienciadevida.com.ar\/portalurbano\/wp-content\/uploads\/2022\/05\/En-el-Centro-Cultural-300x172.jpg",300,172,true],"medium_large":["https:\/\/experienciadevida.com.ar\/portalurbano\/wp-content\/uploads\/2022\/05\/En-el-Centro-Cultural-768x440.jpg",640,367,true],"large":["https:\/\/experienciadevida.com.ar\/portalurbano\/wp-content\/uploads\/2022\/05\/En-el-Centro-Cultural.jpg",640,367,false],"ug_big":["https:\/\/experienciadevida.com.ar\/portalurbano\/wp-content\/uploads\/2022\/05\/En-el-Centro-Cultural-768x440.jpg",768,440,true],"1536x1536":["https:\/\/experienciadevida.com.ar\/portalurbano\/wp-content\/uploads\/2022\/05\/En-el-Centro-Cultural.jpg",1000,573,false],"2048x2048":["https:\/\/experienciadevida.com.ar\/portalurbano\/wp-content\/uploads\/2022\/05\/En-el-Centro-Cultural.jpg",1000,573,false],"newsever-slider-full":["https:\/\/experienciadevida.com.ar\/portalurbano\/wp-content\/uploads\/2022\/05\/En-el-Centro-Cultural.jpg",1000,573,false],"newsever-featured":["https:\/\/experienciadevida.com.ar\/portalurbano\/wp-content\/uploads\/2022\/05\/En-el-Centro-Cultural.jpg",1000,573,false],"newsever-medium":["https:\/\/experienciadevida.com.ar\/portalurbano\/wp-content\/uploads\/2022\/05\/En-el-Centro-Cultural.jpg",720,413,false],"web-stories-poster-portrait":["https:\/\/experienciadevida.com.ar\/portalurbano\/wp-content\/uploads\/2022\/05\/En-el-Centro-Cultural.jpg",640,367,false],"web-stories-publisher-logo":["https:\/\/experienciadevida.com.ar\/portalurbano\/wp-content\/uploads\/2022\/05\/En-el-Centro-Cultural.jpg",96,55,false],"web-stories-thumbnail":["https:\/\/experienciadevida.com.ar\/portalurbano\/wp-content\/uploads\/2022\/05\/En-el-Centro-Cultural.jpg",150,86,false]},"author_info":{"display_name":"admpu17wp","author_link":"https:\/\/experienciadevida.com.ar\/portalurbano\/author\/admpu17wp\/"},"category_info":"<a href=\"https:\/\/experienciadevida.com.ar\/portalurbano\/category\/ciudad\/\" rel=\"category tag\">Ciudad<\/a>","tag_info":"Ciudad","comment_count":"0","amp_enabled":true,"_links":{"self":[{"href":"https:\/\/experienciadevida.com.ar\/portalurbano\/wp-json\/wp\/v2\/posts\/167460"}],"collection":[{"href":"https:\/\/experienciadevida.com.ar\/portalurbano\/wp-json\/wp\/v2\/posts"}],"about":[{"href":"https:\/\/experienciadevida.com.ar\/portalurbano\/wp-json\/wp\/v2\/types\/post"}],"author":[{"embeddable":true,"href":"https:\/\/experienciadevida.com.ar\/portalurbano\/wp-json\/wp\/v2\/users\/1"}],"replies":[{"embeddable":true,"href":"https:\/\/experienciadevida.com.ar\/portalurbano\/wp-json\/wp\/v2\/comments?post=167460"}],"version-history":[{"count":1,"href":"https:\/\/experienciadevida.com.ar\/portalurbano\/wp-json\/wp\/v2\/posts\/167460\/revisions"}],"predecessor-version":[{"id":167463,"href":"https:\/\/experienciadevida.com.ar\/portalurbano\/wp-json\/wp\/v2\/posts\/167460\/revisions\/167463"}],"wp:featuredmedia":[{"embeddable":true,"href":"https:\/\/experienciadevida.com.ar\/portalurbano\/wp-json\/wp\/v2\/media\/167461"}],"wp:attachment":[{"href":"https:\/\/experienciadevida.com.ar\/portalurbano\/wp-json\/wp\/v2\/media?parent=167460"}],"wp:term":[{"taxonomy":"category","embeddable":true,"href":"https:\/\/experienciadevida.com.ar\/portalurbano\/wp-json\/wp\/v2\/categories?post=167460"},{"taxonomy":"post_tag","embeddable":true,"href":"https:\/\/experienciadevida.com.ar\/portalurbano\/wp-json\/wp\/v2\/tags?post=167460"}],"curies":[{"name":"wp","href":"https:\/\/api.w.org\/{rel}","templated":true}]}}