{"id":167457,"date":"2022-05-10T12:15:23","date_gmt":"2022-05-10T15:15:23","guid":{"rendered":"https:\/\/experienciadevida.com.ar\/portalurbano\/?p=167457"},"modified":"2022-05-10T12:15:48","modified_gmt":"2022-05-10T15:15:48","slug":"hoy-comienza-la-marcha-federal-desde-los-extremos-mas-distantes-del-pais","status":"publish","type":"post","link":"https:\/\/experienciadevida.com.ar\/portalurbano\/hoy-comienza-la-marcha-federal-desde-los-extremos-mas-distantes-del-pais\/","title":{"rendered":"&#8220;Hoy comienza la marcha federal desde los extremos m\u00e1s distantes del pa\u00eds&#8221;"},"content":{"rendered":"<p>&#8220;Hoy comienza la marcha federal desde los extremos m\u00e1s distantes del pa\u00eds&#8221;, a las 16:30hs habr\u00e1 un acto en la plaza central.<\/p>\n<p>Durante los d\u00edas 10, 11 y 12 de mayo, trabajadores desocupados y ocupados ganan las calles contra el ajuste y el FMI. Desde tempranas horas de la ma\u00f1ana de este martes, son miles los trabajadores que se concentran en La Quiaca, Ushuaia y los distintos puntos pactados para el comienzo de la Marcha Federal contra el ajuste y el FMI, convocada por la Unidad Piquetera.<\/p>\n<p>Las actividades se desenvuelven desde todos los extremos del territorio nacional, convergiendo hacia la Ciudad de Buenos Aires, con actos y caravanas en las distintas ciudades: en La Quiaca, provincia de Jujuy, San Salvador (Jujuy), Resistencia (Chaco), Tucum\u00e1n, Misiones, Mendoza, San Juan, San Luis, Santa Cruz, Chubut, Neuqu\u00e9n, R\u00edo Negro, La Pampa y actividades en el interior de la Provincia de Buenos Aires, como Mar del Plata, San Nicol\u00e1s y tambi\u00e9n Olavarr\u00eda.<\/p>\n<p>En coincidencia con el inicio de la Marcha, el Polo Obrero de nuestra ciudad convoca a concentrarse hoy a las 16.30 hs frente a la municipalidad en el Paseo Jes\u00fas Mend\u00eda. El pr\u00f3ximo jueves 12, una delegaci\u00f3n de olavarrienses se unir\u00e1 a compa\u00f1eros y compa\u00f1eras que vienen desde Bah\u00eda Blanca para dirigirse a la Ciudad de Buenos Aires. Ese d\u00eda, las columnas obreras y piqueteras se dirigir\u00e1n al centro del poder pol\u00edtico, a Plaza de Mayo, para realizar un acto de denuncia pol\u00edtica contra los responsables del ajuste que sufren los trabajadores y del pacto ruinoso y entreguista<br \/>\ncon el FMI.<\/p>\n<p>&#8220;Hoy comienza la marcha federal desde los extremos m\u00e1s distantes del pa\u00eds&#8221;, la marcha federal es resultado de la profundizaci\u00f3n del plan de lucha votado en el Plenario Piquetero, por trabajo genuino, seguro universal al desocupado y alimentos, y se ha convertido en un punto de encuentro con distintos sectores en lucha del movimiento obrero, como el Sutna (sindicato del neum\u00e1tico), los Sutebas Multicolores, la seccional oeste de la Uni\u00f3n<br \/>\nFerroviaria, seccionales combativas de estatales y distintas representaciones sindicales. Adem\u00e1s de diversos sectores del movimiento estudiantil.<\/p>\n<p>De esta forma resulta la \u00fanica iniciativa, independiente y combativa, que enfrenta la pol\u00edtica de ajuste del gobierno nacional, la oposici\u00f3n patronal y el FMI, ante la par\u00e1lisis y complicidad de la burocracia sindical de las tres centrales obreras, la burocracia de las organizaciones sociales oficialistas y la burocracia al frente de las principales federaciones estudiantiles.<\/p>\n<p>El avance de las columnas con miles de manifestantes es la muestra m\u00e1s palpable de que existe una clara manifestaci\u00f3n de rechazo a la pobreza y el hambre producidas por las pol\u00edticas oficiales, en un cuadro de recorte del<br \/>\ngasto p\u00fablico, crecimiento del desempleo y precarizaci\u00f3n laboral, ca\u00edda del poder adquisitivo de los salarios y de orientaci\u00f3n de los recursos nacionales para el pago de la usurera e ileg\u00edtima deuda externa.<\/p>\n","protected":false},"excerpt":{"rendered":"<p>&#8220;Hoy comienza la marcha federal desde los extremos m\u00e1s distantes del pa\u00eds&#8221;, a las 16:30hs&#8230;<\/p>\n","protected":false},"author":1,"featured_media":167458,"comment_status":"closed","ping_status":"closed","sticky":false,"template":"","format":"standard","meta":{"content-type":""},"categories":[27],"tags":[],"nelio_content":{"isAutoShareEnabled":false,"autoShareEndMode":"default","automationSources":{"useContentSentences":true,"useSocialTemplates":true,"useCustomSentences":false,"customSentences":[]},"followers":[1],"suggestedReferences":[],"includedReferences":[],"efiUrl":"","efiAlt":"","highlights":[]},"yoast_head":"<!-- This site is optimized with the Yoast SEO plugin v20.7 - https:\/\/yoast.com\/wordpress\/plugins\/seo\/ -->\n<title>&quot;Hoy comienza la marcha federal desde los extremos&quot;<\/title>\n<meta name=\"description\" content=\"&quot;Hoy comienza la marcha federal desde los extremos m\u00e1s distantes del pa\u00eds&quot;, a las 16:30hs habr\u00e1 un acto en la plaza central.\" \/>\n<meta name=\"robots\" content=\"index, follow, max-snippet:-1, max-image-preview:large, max-video-preview:-1\" \/>\n<link rel=\"canonical\" href=\"https:\/\/experienciadevida.com.ar\/portalurbano\/hoy-comienza-la-marcha-federal-desde-los-extremos-mas-distantes-del-pais\/\" \/>\n<meta property=\"og:locale\" content=\"es_ES\" \/>\n<meta property=\"og:type\" content=\"article\" \/>\n<meta property=\"og:title\" content=\"&quot;Hoy comienza la marcha federal desde los extremos&quot;\" \/>\n<meta property=\"og:description\" content=\"&quot;Hoy comienza la marcha federal desde los extremos m\u00e1s distantes del pa\u00eds&quot;, a las 16:30hs habr\u00e1 un acto en la plaza central.\" \/>\n<meta property=\"og:url\" content=\"https:\/\/experienciadevida.com.ar\/portalurbano\/hoy-comienza-la-marcha-federal-desde-los-extremos-mas-distantes-del-pais\/\" \/>\n<meta property=\"article:publisher\" content=\"https:\/\/www.facebook.com\/Portal-Urbano-171542830093757\/\" \/>\n<meta property=\"article:published_time\" content=\"2022-05-10T15:15:23+00:00\" \/>\n<meta property=\"article:modified_time\" content=\"2022-05-10T15:15:48+00:00\" \/>\n<meta property=\"og:image\" content=\"https:\/\/experienciadevida.com.ar\/portalurbano\/wp-content\/uploads\/2022\/05\/Hoy-comienza-la-marcha.jpeg\" \/>\n\t<meta property=\"og:image:width\" content=\"767\" \/>\n\t<meta property=\"og:image:height\" content=\"959\" \/>\n\t<meta property=\"og:image:type\" content=\"image\/jpeg\" \/>\n<meta name=\"author\" content=\"admpu17wp\" \/>\n<meta name=\"twitter:card\" content=\"summary_large_image\" \/>\n<meta name=\"twitter:creator\" content=\"@portalurbanook\" \/>\n<meta name=\"twitter:site\" content=\"@portalurbanook\" \/>\n<meta name=\"twitter:label1\" content=\"Escrito por\" \/>\n\t<meta name=\"twitter:data1\" content=\"admpu17wp\" \/>\n\t<meta name=\"twitter:label2\" content=\"Tiempo de lectura\" \/>\n\t<meta name=\"twitter:data2\" content=\"3 minutos\" \/>\n<script type=\"application\/ld+json\" class=\"yoast-schema-graph\">{\"@context\":\"https:\/\/schema.org\",\"@graph\":[{\"@type\":\"Article\",\"@id\":\"https:\/\/experienciadevida.com.ar\/portalurbano\/hoy-comienza-la-marcha-federal-desde-los-extremos-mas-distantes-del-pais\/#article\",\"isPartOf\":{\"@id\":\"https:\/\/experienciadevida.com.ar\/portalurbano\/hoy-comienza-la-marcha-federal-desde-los-extremos-mas-distantes-del-pais\/\"},\"author\":{\"name\":\"admpu17wp\",\"@id\":\"https:\/\/experienciadevida.com.ar\/portalurbano\/#\/schema\/person\/02dd326b1c4b056e9cc972486934a3a7\"},\"headline\":\"&#8220;Hoy comienza la marcha federal desde los extremos m\u00e1s distantes del pa\u00eds&#8221;\",\"datePublished\":\"2022-05-10T15:15:23+00:00\",\"dateModified\":\"2022-05-10T15:15:48+00:00\",\"mainEntityOfPage\":{\"@id\":\"https:\/\/experienciadevida.com.ar\/portalurbano\/hoy-comienza-la-marcha-federal-desde-los-extremos-mas-distantes-del-pais\/\"},\"wordCount\":520,\"publisher\":{\"@id\":\"https:\/\/experienciadevida.com.ar\/portalurbano\/#organization\"},\"articleSection\":[\"Ciudad\"],\"inLanguage\":\"es\"},{\"@type\":\"WebPage\",\"@id\":\"https:\/\/experienciadevida.com.ar\/portalurbano\/hoy-comienza-la-marcha-federal-desde-los-extremos-mas-distantes-del-pais\/\",\"url\":\"https:\/\/experienciadevida.com.ar\/portalurbano\/hoy-comienza-la-marcha-federal-desde-los-extremos-mas-distantes-del-pais\/\",\"name\":\"\\\"Hoy comienza la marcha federal desde los extremos\\\"\",\"isPartOf\":{\"@id\":\"https:\/\/experienciadevida.com.ar\/portalurbano\/#website\"},\"datePublished\":\"2022-05-10T15:15:23+00:00\",\"dateModified\":\"2022-05-10T15:15:48+00:00\",\"description\":\"\\\"Hoy comienza la marcha federal desde los extremos m\u00e1s distantes del pa\u00eds\\\", a las 16:30hs habr\u00e1 un acto en la plaza central.\",\"breadcrumb\":{\"@id\":\"https:\/\/experienciadevida.com.ar\/portalurbano\/hoy-comienza-la-marcha-federal-desde-los-extremos-mas-distantes-del-pais\/#breadcrumb\"},\"inLanguage\":\"es\",\"potentialAction\":[{\"@type\":\"ReadAction\",\"target\":[\"https:\/\/experienciadevida.com.ar\/portalurbano\/hoy-comienza-la-marcha-federal-desde-los-extremos-mas-distantes-del-pais\/\"]}]},{\"@type\":\"BreadcrumbList\",\"@id\":\"https:\/\/experienciadevida.com.ar\/portalurbano\/hoy-comienza-la-marcha-federal-desde-los-extremos-mas-distantes-del-pais\/#breadcrumb\",\"itemListElement\":[{\"@type\":\"ListItem\",\"position\":1,\"name\":\"Portada\",\"item\":\"https:\/\/experienciadevida.com.ar\/portalurbano\/\"},{\"@type\":\"ListItem\",\"position\":2,\"name\":\"\u00abHoy comienza la marcha federal desde los extremos m\u00e1s distantes del pa\u00eds\u00bb\"}]},{\"@type\":\"WebSite\",\"@id\":\"https:\/\/experienciadevida.com.ar\/portalurbano\/#website\",\"url\":\"https:\/\/experienciadevida.com.ar\/portalurbano\/\",\"name\":\"\",\"description\":\"\",\"publisher\":{\"@id\":\"https:\/\/experienciadevida.com.ar\/portalurbano\/#organization\"},\"potentialAction\":[{\"@type\":\"SearchAction\",\"target\":{\"@type\":\"EntryPoint\",\"urlTemplate\":\"https:\/\/experienciadevida.com.ar\/portalurbano\/?s={search_term_string}\"},\"query-input\":\"required name=search_term_string\"}],\"inLanguage\":\"es\"},{\"@type\":\"Organization\",\"@id\":\"https:\/\/experienciadevida.com.ar\/portalurbano\/#organization\",\"name\":\"Portal Urbano\",\"url\":\"https:\/\/experienciadevida.com.ar\/portalurbano\/\",\"logo\":{\"@type\":\"ImageObject\",\"inLanguage\":\"es\",\"@id\":\"https:\/\/experienciadevida.com.ar\/portalurbano\/#\/schema\/logo\/image\/\",\"url\":\"https:\/\/experienciadevida.com.ar\/portalurbano\/wp-content\/uploads\/2019\/09\/Logo-Original.png\",\"contentUrl\":\"https:\/\/experienciadevida.com.ar\/portalurbano\/wp-content\/uploads\/2019\/09\/Logo-Original.png\",\"width\":2236,\"height\":1216,\"caption\":\"Portal Urbano\"},\"image\":{\"@id\":\"https:\/\/experienciadevida.com.ar\/portalurbano\/#\/schema\/logo\/image\/\"},\"sameAs\":[\"https:\/\/www.facebook.com\/Portal-Urbano-171542830093757\/\",\"https:\/\/twitter.com\/portalurbanook\",\"https:\/\/www.instagram.com\/_portalurbano\/\",\"https:\/\/www.youtube.com\/channel\/UCXhagIfszH8KxFiOok79zbA?view_as=subscriber\"]},{\"@type\":\"Person\",\"@id\":\"https:\/\/experienciadevida.com.ar\/portalurbano\/#\/schema\/person\/02dd326b1c4b056e9cc972486934a3a7\",\"name\":\"admpu17wp\",\"image\":{\"@type\":\"ImageObject\",\"inLanguage\":\"es\",\"@id\":\"https:\/\/experienciadevida.com.ar\/portalurbano\/#\/schema\/person\/image\/\",\"url\":\"https:\/\/secure.gravatar.com\/avatar\/830d4c57adaae6630765e449a6908047?s=96&d=mm&r=g\",\"contentUrl\":\"https:\/\/secure.gravatar.com\/avatar\/830d4c57adaae6630765e449a6908047?s=96&d=mm&r=g\",\"caption\":\"admpu17wp\"}}]}<\/script>\n<!-- \/ Yoast SEO plugin. -->","yoast_head_json":{"title":"\"Hoy comienza la marcha federal desde los extremos\"","description":"\"Hoy comienza la marcha federal desde los extremos m\u00e1s distantes del pa\u00eds\", a las 16:30hs habr\u00e1 un acto en la plaza central.","robots":{"index":"index","follow":"follow","max-snippet":"max-snippet:-1","max-image-preview":"max-image-preview:large","max-video-preview":"max-video-preview:-1"},"canonical":"https:\/\/experienciadevida.com.ar\/portalurbano\/hoy-comienza-la-marcha-federal-desde-los-extremos-mas-distantes-del-pais\/","og_locale":"es_ES","og_type":"article","og_title":"\"Hoy comienza la marcha federal desde los extremos\"","og_description":"\"Hoy comienza la marcha federal desde los extremos m\u00e1s distantes del pa\u00eds\", a las 16:30hs habr\u00e1 un acto en la plaza central.","og_url":"https:\/\/experienciadevida.com.ar\/portalurbano\/hoy-comienza-la-marcha-federal-desde-los-extremos-mas-distantes-del-pais\/","article_publisher":"https:\/\/www.facebook.com\/Portal-Urbano-171542830093757\/","article_published_time":"2022-05-10T15:15:23+00:00","article_modified_time":"2022-05-10T15:15:48+00:00","og_image":[{"width":767,"height":959,"url":"https:\/\/experienciadevida.com.ar\/portalurbano\/wp-content\/uploads\/2022\/05\/Hoy-comienza-la-marcha.jpeg","type":"image\/jpeg"}],"author":"admpu17wp","twitter_card":"summary_large_image","twitter_creator":"@portalurbanook","twitter_site":"@portalurbanook","twitter_misc":{"Escrito por":"admpu17wp","Tiempo de lectura":"3 minutos"},"schema":{"@context":"https:\/\/schema.org","@graph":[{"@type":"Article","@id":"https:\/\/experienciadevida.com.ar\/portalurbano\/hoy-comienza-la-marcha-federal-desde-los-extremos-mas-distantes-del-pais\/#article","isPartOf":{"@id":"https:\/\/experienciadevida.com.ar\/portalurbano\/hoy-comienza-la-marcha-federal-desde-los-extremos-mas-distantes-del-pais\/"},"author":{"name":"admpu17wp","@id":"https:\/\/experienciadevida.com.ar\/portalurbano\/#\/schema\/person\/02dd326b1c4b056e9cc972486934a3a7"},"headline":"&#8220;Hoy comienza la marcha federal desde los extremos m\u00e1s distantes del pa\u00eds&#8221;","datePublished":"2022-05-10T15:15:23+00:00","dateModified":"2022-05-10T15:15:48+00:00","mainEntityOfPage":{"@id":"https:\/\/experienciadevida.com.ar\/portalurbano\/hoy-comienza-la-marcha-federal-desde-los-extremos-mas-distantes-del-pais\/"},"wordCount":520,"publisher":{"@id":"https:\/\/experienciadevida.com.ar\/portalurbano\/#organization"},"articleSection":["Ciudad"],"inLanguage":"es"},{"@type":"WebPage","@id":"https:\/\/experienciadevida.com.ar\/portalurbano\/hoy-comienza-la-marcha-federal-desde-los-extremos-mas-distantes-del-pais\/","url":"https:\/\/experienciadevida.com.ar\/portalurbano\/hoy-comienza-la-marcha-federal-desde-los-extremos-mas-distantes-del-pais\/","name":"\"Hoy comienza la marcha federal desde los extremos\"","isPartOf":{"@id":"https:\/\/experienciadevida.com.ar\/portalurbano\/#website"},"datePublished":"2022-05-10T15:15:23+00:00","dateModified":"2022-05-10T15:15:48+00:00","description":"\"Hoy comienza la marcha federal desde los extremos m\u00e1s distantes del pa\u00eds\", a las 16:30hs habr\u00e1 un acto en la plaza central.","breadcrumb":{"@id":"https:\/\/experienciadevida.com.ar\/portalurbano\/hoy-comienza-la-marcha-federal-desde-los-extremos-mas-distantes-del-pais\/#breadcrumb"},"inLanguage":"es","potentialAction":[{"@type":"ReadAction","target":["https:\/\/experienciadevida.com.ar\/portalurbano\/hoy-comienza-la-marcha-federal-desde-los-extremos-mas-distantes-del-pais\/"]}]},{"@type":"BreadcrumbList","@id":"https:\/\/experienciadevida.com.ar\/portalurbano\/hoy-comienza-la-marcha-federal-desde-los-extremos-mas-distantes-del-pais\/#breadcrumb","itemListElement":[{"@type":"ListItem","position":1,"name":"Portada","item":"https:\/\/experienciadevida.com.ar\/portalurbano\/"},{"@type":"ListItem","position":2,"name":"\u00abHoy comienza la marcha federal desde los extremos m\u00e1s distantes del pa\u00eds\u00bb"}]},{"@type":"WebSite","@id":"https:\/\/experienciadevida.com.ar\/portalurbano\/#website","url":"https:\/\/experienciadevida.com.ar\/portalurbano\/","name":"","description":"","publisher":{"@id":"https:\/\/experienciadevida.com.ar\/portalurbano\/#organization"},"potentialAction":[{"@type":"SearchAction","target":{"@type":"EntryPoint","urlTemplate":"https:\/\/experienciadevida.com.ar\/portalurbano\/?s={search_term_string}"},"query-input":"required name=search_term_string"}],"inLanguage":"es"},{"@type":"Organization","@id":"https:\/\/experienciadevida.com.ar\/portalurbano\/#organization","name":"Portal Urbano","url":"https:\/\/experienciadevida.com.ar\/portalurbano\/","logo":{"@type":"ImageObject","inLanguage":"es","@id":"https:\/\/experienciadevida.com.ar\/portalurbano\/#\/schema\/logo\/image\/","url":"https:\/\/experienciadevida.com.ar\/portalurbano\/wp-content\/uploads\/2019\/09\/Logo-Original.png","contentUrl":"https:\/\/experienciadevida.com.ar\/portalurbano\/wp-content\/uploads\/2019\/09\/Logo-Original.png","width":2236,"height":1216,"caption":"Portal Urbano"},"image":{"@id":"https:\/\/experienciadevida.com.ar\/portalurbano\/#\/schema\/logo\/image\/"},"sameAs":["https:\/\/www.facebook.com\/Portal-Urbano-171542830093757\/","https:\/\/twitter.com\/portalurbanook","https:\/\/www.instagram.com\/_portalurbano\/","https:\/\/www.youtube.com\/channel\/UCXhagIfszH8KxFiOok79zbA?view_as=subscriber"]},{"@type":"Person","@id":"https:\/\/experienciadevida.com.ar\/portalurbano\/#\/schema\/person\/02dd326b1c4b056e9cc972486934a3a7","name":"admpu17wp","image":{"@type":"ImageObject","inLanguage":"es","@id":"https:\/\/experienciadevida.com.ar\/portalurbano\/#\/schema\/person\/image\/","url":"https:\/\/secure.gravatar.com\/avatar\/830d4c57adaae6630765e449a6908047?s=96&d=mm&r=g","contentUrl":"https:\/\/secure.gravatar.com\/avatar\/830d4c57adaae6630765e449a6908047?s=96&d=mm&r=g","caption":"admpu17wp"}}]}},"featured_image_urls":{"full":["https:\/\/experienciadevida.com.ar\/portalurbano\/wp-content\/uploads\/2022\/05\/Hoy-comienza-la-marcha.jpeg",767,959,false],"thumbnail":["https:\/\/experienciadevida.com.ar\/portalurbano\/wp-content\/uploads\/2022\/05\/Hoy-comienza-la-marcha-150x150.jpeg",150,150,true],"medium":["https:\/\/experienciadevida.com.ar\/portalurbano\/wp-content\/uploads\/2022\/05\/Hoy-comienza-la-marcha-240x300.jpeg",240,300,true],"medium_large":["https:\/\/experienciadevida.com.ar\/portalurbano\/wp-content\/uploads\/2022\/05\/Hoy-comienza-la-marcha.jpeg",640,800,false],"large":["https:\/\/experienciadevida.com.ar\/portalurbano\/wp-content\/uploads\/2022\/05\/Hoy-comienza-la-marcha.jpeg",640,800,false],"ug_big":["https:\/\/experienciadevida.com.ar\/portalurbano\/wp-content\/uploads\/2022\/05\/Hoy-comienza-la-marcha-614x768.jpeg",614,768,true],"1536x1536":["https:\/\/experienciadevida.com.ar\/portalurbano\/wp-content\/uploads\/2022\/05\/Hoy-comienza-la-marcha.jpeg",767,959,false],"2048x2048":["https:\/\/experienciadevida.com.ar\/portalurbano\/wp-content\/uploads\/2022\/05\/Hoy-comienza-la-marcha.jpeg",767,959,false],"newsever-slider-full":["https:\/\/experienciadevida.com.ar\/portalurbano\/wp-content\/uploads\/2022\/05\/Hoy-comienza-la-marcha.jpeg",676,845,false],"newsever-featured":["https:\/\/experienciadevida.com.ar\/portalurbano\/wp-content\/uploads\/2022\/05\/Hoy-comienza-la-marcha.jpeg",767,959,false],"newsever-medium":["https:\/\/experienciadevida.com.ar\/portalurbano\/wp-content\/uploads\/2022\/05\/Hoy-comienza-la-marcha.jpeg",380,475,false],"web-stories-poster-portrait":["https:\/\/experienciadevida.com.ar\/portalurbano\/wp-content\/uploads\/2022\/05\/Hoy-comienza-la-marcha.jpeg",640,800,false],"web-stories-publisher-logo":["https:\/\/experienciadevida.com.ar\/portalurbano\/wp-content\/uploads\/2022\/05\/Hoy-comienza-la-marcha.jpeg",77,96,false],"web-stories-thumbnail":["https:\/\/experienciadevida.com.ar\/portalurbano\/wp-content\/uploads\/2022\/05\/Hoy-comienza-la-marcha.jpeg",150,188,false]},"author_info":{"display_name":"admpu17wp","author_link":"https:\/\/experienciadevida.com.ar\/portalurbano\/author\/admpu17wp\/"},"category_info":"<a href=\"https:\/\/experienciadevida.com.ar\/portalurbano\/category\/ciudad\/\" rel=\"category tag\">Ciudad<\/a>","tag_info":"Ciudad","comment_count":"0","amp_enabled":true,"_links":{"self":[{"href":"https:\/\/experienciadevida.com.ar\/portalurbano\/wp-json\/wp\/v2\/posts\/167457"}],"collection":[{"href":"https:\/\/experienciadevida.com.ar\/portalurbano\/wp-json\/wp\/v2\/posts"}],"about":[{"href":"https:\/\/experienciadevida.com.ar\/portalurbano\/wp-json\/wp\/v2\/types\/post"}],"author":[{"embeddable":true,"href":"https:\/\/experienciadevida.com.ar\/portalurbano\/wp-json\/wp\/v2\/users\/1"}],"replies":[{"embeddable":true,"href":"https:\/\/experienciadevida.com.ar\/portalurbano\/wp-json\/wp\/v2\/comments?post=167457"}],"version-history":[{"count":1,"href":"https:\/\/experienciadevida.com.ar\/portalurbano\/wp-json\/wp\/v2\/posts\/167457\/revisions"}],"predecessor-version":[{"id":167459,"href":"https:\/\/experienciadevida.com.ar\/portalurbano\/wp-json\/wp\/v2\/posts\/167457\/revisions\/167459"}],"wp:featuredmedia":[{"embeddable":true,"href":"https:\/\/experienciadevida.com.ar\/portalurbano\/wp-json\/wp\/v2\/media\/167458"}],"wp:attachment":[{"href":"https:\/\/experienciadevida.com.ar\/portalurbano\/wp-json\/wp\/v2\/media?parent=167457"}],"wp:term":[{"taxonomy":"category","embeddable":true,"href":"https:\/\/experienciadevida.com.ar\/portalurbano\/wp-json\/wp\/v2\/categories?post=167457"},{"taxonomy":"post_tag","embeddable":true,"href":"https:\/\/experienciadevida.com.ar\/portalurbano\/wp-json\/wp\/v2\/tags?post=167457"}],"curies":[{"name":"wp","href":"https:\/\/api.w.org\/{rel}","templated":true}]}}