{"id":167428,"date":"2022-05-10T09:39:47","date_gmt":"2022-05-10T12:39:47","guid":{"rendered":"https:\/\/experienciadevida.com.ar\/portalurbano\/?p=167428"},"modified":"2022-05-10T09:42:30","modified_gmt":"2022-05-10T12:42:30","slug":"se-aprobo-un-proyecto-solicitando-al-dem-dejar-sin-efecto-el-convenio-con-adjudicatarios-del-programa-tuvi","status":"publish","type":"post","link":"https:\/\/experienciadevida.com.ar\/portalurbano\/se-aprobo-un-proyecto-solicitando-al-dem-dejar-sin-efecto-el-convenio-con-adjudicatarios-del-programa-tuvi\/","title":{"rendered":"Se aprob\u00f3 un proyecto solicitando al DEM dejar sin efecto el convenio con adjudicatarios del programa TUVI"},"content":{"rendered":"<p>Se aprob\u00f3 un proyecto solicitando al DEM dejar sin efecto el convenio con adjudicatarios del programa TUVI. La aprobaci\u00f3n de este proyecto de resoluci\u00f3n ocurri\u00f3 en el d\u00eda de ayer en la sesi\u00f3n, proyecto impulsado por el interbloque del Frente de Todos.<\/p>\n<p>La primera en tomar la palabra fue <a href=\"https:\/\/www.instagram.com\/landivar_mercedes\/?hl=es-la\">Landivar<\/a> quien dijo &#8220;el convenio que se firm\u00f3 de manera tard\u00eda con cada uno de los adjudicatarios, el mismo convenio menciona que hace referencia\u00a0 a una ordenanza, norma de este plan de viviendas municipal y el decreto, el mismo convenio hace referencia a esas dos normativas pero sin embargo no cumple con la normativa porque la ordenanza que nosotros trabajamos y aprobamos en este cuerpo menciona que en el mismo acto en que se efectivice el pago dispuesto en el art\u00edculo precedente cosa que ac\u00e1 no sucedi\u00f3 se celebrar\u00e1 un contrato entre el Municipio y el adjudicatario el que contendr\u00e1 como m\u00ednimo caracter\u00edsticas de la vivienda, ubicaci\u00f3n, valor final, n\u00famero de cuotas y plan de amortizaci\u00f3n, plazo de iniciaci\u00f3n y finalizaci\u00f3n de obra hay dos cuestiones fundamentales que deber\u00edan estar\u00a0 dentro del convenio se les entreg\u00f3 la memoria descriptiva pero para que tenga validez tiene que estar firmada por el Municipio y por el adjudicatario pero se entrego solo una copia junto con el convenio no cumple con los requisitos&#8221;.<\/p>\n<p>&#8220;Lo mismo con el plazo de iniciaci\u00f3n y finalizaci\u00f3n de obra que tampoco se encuentra mencionado en el convenio, lo que nosotros estamos solicitando es simplemente que se deje sin efecto este convenio y que se redacte uno nuevo que re\u00fana los requisitos que establece la norma y se vuelva a charlar con los adjudicatarios para que tengan el documento correspondiente con los requisitos legales que establece la ordenanza&#8221;.<\/p>\n<p>Luego <a href=\"https:\/\/www.instagram.com\/belenvergel\/?hl=es-la\">Vergel<\/a> tom\u00f3 la palabra adelantando que no acompa\u00f1ar\u00edan el proyecto y pidiendo una moci\u00f3n en el mismo, &#8220;no vamos a estar acompa\u00f1ando que se deje sin efecto un convenio firmado entre las partes porque creemos que esto generar\u00eda mayor inseguridad jur\u00eddica a los adjudicatarios dej\u00e1ndolos sin el marco de lo que firmaron y al cual el DEM se comprometi\u00f3 a dar soluci\u00f3n buscando la incorporaci\u00f3n de otro \u00edtem en el mismo convenio en la cual conste la memoria descriptiva, por medio de la cual quede establecido cada uno de estos puntos sin llegar al punto de decidir que todos los convenios firmados queden sin efecto.\u00a0 Creemos que eso puede llegar a ocasionar un perjuicio mayor a los adjudicatarios&#8221;.<\/p>\n<p>&#8220;Solicitamos al ejecutivo que a la brevedad agregue este \u00edtem completo y se agregue la memoria descriptiva que como se mencion\u00f3\u00a0 se entreg\u00f3 en mano para que sea firmado por los adjudicatarios&#8221;.<\/p>\n<p>Para finalizar Juan S\u00e1nchez aclar\u00f3 que &#8220;no estamos buscando mantener al adjudicatario en una incertidumbre jur\u00eddica, en el momento de dejar sin efecto sino lo que pretendemos es dejar sin efecto e inmediatamente firmar el otro convenio, esta explicaci\u00f3n del porque buscamos eso es porque creemos como lo que se busca es readecuar ese convenio con las faltantes que no est\u00e1n, es una soluci\u00f3n alternativa que cuando hay buena voluntad de las partes\u00a0 y en pos de cumplimentar lo que efectivamente se norm\u00f3 y se vot\u00f3 en este concejo, es una sugerencia que podemos aceptar modificar y realizar para que se llegue a buen t\u00e9rmino esta resoluci\u00f3n&#8221;.<\/p>\n<p>El proyecto fue aprobado por unanimidad.<\/p>\n","protected":false},"excerpt":{"rendered":"<p>Se aprob\u00f3 un proyecto solicitando al DEM dejar sin efecto el convenio con adjudicatarios del&#8230;<\/p>\n","protected":false},"author":1,"featured_media":167429,"comment_status":"closed","ping_status":"closed","sticky":false,"template":"","format":"standard","meta":{"content-type":""},"categories":[27,51],"tags":[],"nelio_content":{"isAutoShareEnabled":false,"autoShareEndMode":"default","automationSources":{"useContentSentences":true,"useSocialTemplates":true,"useCustomSentences":false,"customSentences":[]},"followers":[1],"suggestedReferences":[],"includedReferences":["https:\/\/www.instagram.com\/landivar_mercedes\/?hl=es-la"],"efiUrl":"","efiAlt":"","highlights":[]},"yoast_head":"<!-- This site is optimized with the Yoast SEO plugin v20.7 - https:\/\/yoast.com\/wordpress\/plugins\/seo\/ -->\n<title>Se aprob\u00f3 un proyecto solicitando al DEM dejar sin efecto convenio<\/title>\n<meta name=\"description\" content=\"Se aprob\u00f3 un proyecto solicitando al DEM dejar sin efecto el convenio con adjudicatarios del programa TUVI en el d\u00eda de ayer en sesi\u00f3n\" \/>\n<meta name=\"robots\" content=\"index, follow, max-snippet:-1, max-image-preview:large, max-video-preview:-1\" \/>\n<link rel=\"canonical\" href=\"https:\/\/experienciadevida.com.ar\/portalurbano\/se-aprobo-un-proyecto-solicitando-al-dem-dejar-sin-efecto-el-convenio-con-adjudicatarios-del-programa-tuvi\/\" \/>\n<meta property=\"og:locale\" content=\"es_ES\" \/>\n<meta property=\"og:type\" content=\"article\" \/>\n<meta property=\"og:title\" content=\"Se aprob\u00f3 un proyecto solicitando al DEM dejar sin efecto convenio\" \/>\n<meta property=\"og:description\" content=\"Se aprob\u00f3 un proyecto solicitando al DEM dejar sin efecto el convenio con adjudicatarios del programa TUVI en el d\u00eda de ayer en sesi\u00f3n\" \/>\n<meta property=\"og:url\" content=\"https:\/\/experienciadevida.com.ar\/portalurbano\/se-aprobo-un-proyecto-solicitando-al-dem-dejar-sin-efecto-el-convenio-con-adjudicatarios-del-programa-tuvi\/\" \/>\n<meta property=\"article:publisher\" content=\"https:\/\/www.facebook.com\/Portal-Urbano-171542830093757\/\" \/>\n<meta property=\"article:published_time\" content=\"2022-05-10T12:39:47+00:00\" \/>\n<meta property=\"article:modified_time\" content=\"2022-05-10T12:42:30+00:00\" \/>\n<meta property=\"og:image\" content=\"https:\/\/experienciadevida.com.ar\/portalurbano\/wp-content\/uploads\/2022\/05\/Se-aprobo-un-proyecto.png\" \/>\n\t<meta property=\"og:image:width\" content=\"840\" \/>\n\t<meta property=\"og:image:height\" content=\"451\" \/>\n\t<meta property=\"og:image:type\" content=\"image\/png\" \/>\n<meta name=\"author\" content=\"admpu17wp\" \/>\n<meta name=\"twitter:card\" content=\"summary_large_image\" \/>\n<meta name=\"twitter:creator\" content=\"@portalurbanook\" \/>\n<meta name=\"twitter:site\" content=\"@portalurbanook\" \/>\n<meta name=\"twitter:label1\" content=\"Escrito por\" \/>\n\t<meta name=\"twitter:data1\" content=\"admpu17wp\" \/>\n\t<meta name=\"twitter:label2\" content=\"Tiempo de lectura\" \/>\n\t<meta name=\"twitter:data2\" content=\"3 minutos\" \/>\n<script type=\"application\/ld+json\" class=\"yoast-schema-graph\">{\"@context\":\"https:\/\/schema.org\",\"@graph\":[{\"@type\":\"Article\",\"@id\":\"https:\/\/experienciadevida.com.ar\/portalurbano\/se-aprobo-un-proyecto-solicitando-al-dem-dejar-sin-efecto-el-convenio-con-adjudicatarios-del-programa-tuvi\/#article\",\"isPartOf\":{\"@id\":\"https:\/\/experienciadevida.com.ar\/portalurbano\/se-aprobo-un-proyecto-solicitando-al-dem-dejar-sin-efecto-el-convenio-con-adjudicatarios-del-programa-tuvi\/\"},\"author\":{\"name\":\"admpu17wp\",\"@id\":\"https:\/\/experienciadevida.com.ar\/portalurbano\/#\/schema\/person\/02dd326b1c4b056e9cc972486934a3a7\"},\"headline\":\"Se aprob\u00f3 un proyecto solicitando al DEM dejar sin efecto el convenio con adjudicatarios del programa TUVI\",\"datePublished\":\"2022-05-10T12:39:47+00:00\",\"dateModified\":\"2022-05-10T12:42:30+00:00\",\"mainEntityOfPage\":{\"@id\":\"https:\/\/experienciadevida.com.ar\/portalurbano\/se-aprobo-un-proyecto-solicitando-al-dem-dejar-sin-efecto-el-convenio-con-adjudicatarios-del-programa-tuvi\/\"},\"wordCount\":602,\"publisher\":{\"@id\":\"https:\/\/experienciadevida.com.ar\/portalurbano\/#organization\"},\"articleSection\":[\"Ciudad\",\"Destacadas\"],\"inLanguage\":\"es\"},{\"@type\":\"WebPage\",\"@id\":\"https:\/\/experienciadevida.com.ar\/portalurbano\/se-aprobo-un-proyecto-solicitando-al-dem-dejar-sin-efecto-el-convenio-con-adjudicatarios-del-programa-tuvi\/\",\"url\":\"https:\/\/experienciadevida.com.ar\/portalurbano\/se-aprobo-un-proyecto-solicitando-al-dem-dejar-sin-efecto-el-convenio-con-adjudicatarios-del-programa-tuvi\/\",\"name\":\"Se aprob\u00f3 un proyecto solicitando al DEM dejar sin efecto convenio\",\"isPartOf\":{\"@id\":\"https:\/\/experienciadevida.com.ar\/portalurbano\/#website\"},\"datePublished\":\"2022-05-10T12:39:47+00:00\",\"dateModified\":\"2022-05-10T12:42:30+00:00\",\"description\":\"Se aprob\u00f3 un proyecto solicitando al DEM dejar sin efecto el convenio con adjudicatarios del programa TUVI en el d\u00eda de ayer en sesi\u00f3n\",\"breadcrumb\":{\"@id\":\"https:\/\/experienciadevida.com.ar\/portalurbano\/se-aprobo-un-proyecto-solicitando-al-dem-dejar-sin-efecto-el-convenio-con-adjudicatarios-del-programa-tuvi\/#breadcrumb\"},\"inLanguage\":\"es\",\"potentialAction\":[{\"@type\":\"ReadAction\",\"target\":[\"https:\/\/experienciadevida.com.ar\/portalurbano\/se-aprobo-un-proyecto-solicitando-al-dem-dejar-sin-efecto-el-convenio-con-adjudicatarios-del-programa-tuvi\/\"]}]},{\"@type\":\"BreadcrumbList\",\"@id\":\"https:\/\/experienciadevida.com.ar\/portalurbano\/se-aprobo-un-proyecto-solicitando-al-dem-dejar-sin-efecto-el-convenio-con-adjudicatarios-del-programa-tuvi\/#breadcrumb\",\"itemListElement\":[{\"@type\":\"ListItem\",\"position\":1,\"name\":\"Portada\",\"item\":\"https:\/\/experienciadevida.com.ar\/portalurbano\/\"},{\"@type\":\"ListItem\",\"position\":2,\"name\":\"Se aprob\u00f3 un proyecto solicitando al DEM dejar sin efecto el convenio con adjudicatarios del programa TUVI\"}]},{\"@type\":\"WebSite\",\"@id\":\"https:\/\/experienciadevida.com.ar\/portalurbano\/#website\",\"url\":\"https:\/\/experienciadevida.com.ar\/portalurbano\/\",\"name\":\"\",\"description\":\"\",\"publisher\":{\"@id\":\"https:\/\/experienciadevida.com.ar\/portalurbano\/#organization\"},\"potentialAction\":[{\"@type\":\"SearchAction\",\"target\":{\"@type\":\"EntryPoint\",\"urlTemplate\":\"https:\/\/experienciadevida.com.ar\/portalurbano\/?s={search_term_string}\"},\"query-input\":\"required name=search_term_string\"}],\"inLanguage\":\"es\"},{\"@type\":\"Organization\",\"@id\":\"https:\/\/experienciadevida.com.ar\/portalurbano\/#organization\",\"name\":\"Portal Urbano\",\"url\":\"https:\/\/experienciadevida.com.ar\/portalurbano\/\",\"logo\":{\"@type\":\"ImageObject\",\"inLanguage\":\"es\",\"@id\":\"https:\/\/experienciadevida.com.ar\/portalurbano\/#\/schema\/logo\/image\/\",\"url\":\"https:\/\/experienciadevida.com.ar\/portalurbano\/wp-content\/uploads\/2019\/09\/Logo-Original.png\",\"contentUrl\":\"https:\/\/experienciadevida.com.ar\/portalurbano\/wp-content\/uploads\/2019\/09\/Logo-Original.png\",\"width\":2236,\"height\":1216,\"caption\":\"Portal Urbano\"},\"image\":{\"@id\":\"https:\/\/experienciadevida.com.ar\/portalurbano\/#\/schema\/logo\/image\/\"},\"sameAs\":[\"https:\/\/www.facebook.com\/Portal-Urbano-171542830093757\/\",\"https:\/\/twitter.com\/portalurbanook\",\"https:\/\/www.instagram.com\/_portalurbano\/\",\"https:\/\/www.youtube.com\/channel\/UCXhagIfszH8KxFiOok79zbA?view_as=subscriber\"]},{\"@type\":\"Person\",\"@id\":\"https:\/\/experienciadevida.com.ar\/portalurbano\/#\/schema\/person\/02dd326b1c4b056e9cc972486934a3a7\",\"name\":\"admpu17wp\",\"image\":{\"@type\":\"ImageObject\",\"inLanguage\":\"es\",\"@id\":\"https:\/\/experienciadevida.com.ar\/portalurbano\/#\/schema\/person\/image\/\",\"url\":\"https:\/\/secure.gravatar.com\/avatar\/830d4c57adaae6630765e449a6908047?s=96&d=mm&r=g\",\"contentUrl\":\"https:\/\/secure.gravatar.com\/avatar\/830d4c57adaae6630765e449a6908047?s=96&d=mm&r=g\",\"caption\":\"admpu17wp\"}}]}<\/script>\n<!-- \/ Yoast SEO plugin. -->","yoast_head_json":{"title":"Se aprob\u00f3 un proyecto solicitando al DEM dejar sin efecto convenio","description":"Se aprob\u00f3 un proyecto solicitando al DEM dejar sin efecto el convenio con adjudicatarios del programa TUVI en el d\u00eda de ayer en sesi\u00f3n","robots":{"index":"index","follow":"follow","max-snippet":"max-snippet:-1","max-image-preview":"max-image-preview:large","max-video-preview":"max-video-preview:-1"},"canonical":"https:\/\/experienciadevida.com.ar\/portalurbano\/se-aprobo-un-proyecto-solicitando-al-dem-dejar-sin-efecto-el-convenio-con-adjudicatarios-del-programa-tuvi\/","og_locale":"es_ES","og_type":"article","og_title":"Se aprob\u00f3 un proyecto solicitando al DEM dejar sin efecto convenio","og_description":"Se aprob\u00f3 un proyecto solicitando al DEM dejar sin efecto el convenio con adjudicatarios del programa TUVI en el d\u00eda de ayer en sesi\u00f3n","og_url":"https:\/\/experienciadevida.com.ar\/portalurbano\/se-aprobo-un-proyecto-solicitando-al-dem-dejar-sin-efecto-el-convenio-con-adjudicatarios-del-programa-tuvi\/","article_publisher":"https:\/\/www.facebook.com\/Portal-Urbano-171542830093757\/","article_published_time":"2022-05-10T12:39:47+00:00","article_modified_time":"2022-05-10T12:42:30+00:00","og_image":[{"width":840,"height":451,"url":"https:\/\/experienciadevida.com.ar\/portalurbano\/wp-content\/uploads\/2022\/05\/Se-aprobo-un-proyecto.png","type":"image\/png"}],"author":"admpu17wp","twitter_card":"summary_large_image","twitter_creator":"@portalurbanook","twitter_site":"@portalurbanook","twitter_misc":{"Escrito por":"admpu17wp","Tiempo de lectura":"3 minutos"},"schema":{"@context":"https:\/\/schema.org","@graph":[{"@type":"Article","@id":"https:\/\/experienciadevida.com.ar\/portalurbano\/se-aprobo-un-proyecto-solicitando-al-dem-dejar-sin-efecto-el-convenio-con-adjudicatarios-del-programa-tuvi\/#article","isPartOf":{"@id":"https:\/\/experienciadevida.com.ar\/portalurbano\/se-aprobo-un-proyecto-solicitando-al-dem-dejar-sin-efecto-el-convenio-con-adjudicatarios-del-programa-tuvi\/"},"author":{"name":"admpu17wp","@id":"https:\/\/experienciadevida.com.ar\/portalurbano\/#\/schema\/person\/02dd326b1c4b056e9cc972486934a3a7"},"headline":"Se aprob\u00f3 un proyecto solicitando al DEM dejar sin efecto el convenio con adjudicatarios del programa TUVI","datePublished":"2022-05-10T12:39:47+00:00","dateModified":"2022-05-10T12:42:30+00:00","mainEntityOfPage":{"@id":"https:\/\/experienciadevida.com.ar\/portalurbano\/se-aprobo-un-proyecto-solicitando-al-dem-dejar-sin-efecto-el-convenio-con-adjudicatarios-del-programa-tuvi\/"},"wordCount":602,"publisher":{"@id":"https:\/\/experienciadevida.com.ar\/portalurbano\/#organization"},"articleSection":["Ciudad","Destacadas"],"inLanguage":"es"},{"@type":"WebPage","@id":"https:\/\/experienciadevida.com.ar\/portalurbano\/se-aprobo-un-proyecto-solicitando-al-dem-dejar-sin-efecto-el-convenio-con-adjudicatarios-del-programa-tuvi\/","url":"https:\/\/experienciadevida.com.ar\/portalurbano\/se-aprobo-un-proyecto-solicitando-al-dem-dejar-sin-efecto-el-convenio-con-adjudicatarios-del-programa-tuvi\/","name":"Se aprob\u00f3 un proyecto solicitando al DEM dejar sin efecto convenio","isPartOf":{"@id":"https:\/\/experienciadevida.com.ar\/portalurbano\/#website"},"datePublished":"2022-05-10T12:39:47+00:00","dateModified":"2022-05-10T12:42:30+00:00","description":"Se aprob\u00f3 un proyecto solicitando al DEM dejar sin efecto el convenio con adjudicatarios del programa TUVI en el d\u00eda de ayer en sesi\u00f3n","breadcrumb":{"@id":"https:\/\/experienciadevida.com.ar\/portalurbano\/se-aprobo-un-proyecto-solicitando-al-dem-dejar-sin-efecto-el-convenio-con-adjudicatarios-del-programa-tuvi\/#breadcrumb"},"inLanguage":"es","potentialAction":[{"@type":"ReadAction","target":["https:\/\/experienciadevida.com.ar\/portalurbano\/se-aprobo-un-proyecto-solicitando-al-dem-dejar-sin-efecto-el-convenio-con-adjudicatarios-del-programa-tuvi\/"]}]},{"@type":"BreadcrumbList","@id":"https:\/\/experienciadevida.com.ar\/portalurbano\/se-aprobo-un-proyecto-solicitando-al-dem-dejar-sin-efecto-el-convenio-con-adjudicatarios-del-programa-tuvi\/#breadcrumb","itemListElement":[{"@type":"ListItem","position":1,"name":"Portada","item":"https:\/\/experienciadevida.com.ar\/portalurbano\/"},{"@type":"ListItem","position":2,"name":"Se aprob\u00f3 un proyecto solicitando al DEM dejar sin efecto el convenio con adjudicatarios del programa TUVI"}]},{"@type":"WebSite","@id":"https:\/\/experienciadevida.com.ar\/portalurbano\/#website","url":"https:\/\/experienciadevida.com.ar\/portalurbano\/","name":"","description":"","publisher":{"@id":"https:\/\/experienciadevida.com.ar\/portalurbano\/#organization"},"potentialAction":[{"@type":"SearchAction","target":{"@type":"EntryPoint","urlTemplate":"https:\/\/experienciadevida.com.ar\/portalurbano\/?s={search_term_string}"},"query-input":"required name=search_term_string"}],"inLanguage":"es"},{"@type":"Organization","@id":"https:\/\/experienciadevida.com.ar\/portalurbano\/#organization","name":"Portal Urbano","url":"https:\/\/experienciadevida.com.ar\/portalurbano\/","logo":{"@type":"ImageObject","inLanguage":"es","@id":"https:\/\/experienciadevida.com.ar\/portalurbano\/#\/schema\/logo\/image\/","url":"https:\/\/experienciadevida.com.ar\/portalurbano\/wp-content\/uploads\/2019\/09\/Logo-Original.png","contentUrl":"https:\/\/experienciadevida.com.ar\/portalurbano\/wp-content\/uploads\/2019\/09\/Logo-Original.png","width":2236,"height":1216,"caption":"Portal Urbano"},"image":{"@id":"https:\/\/experienciadevida.com.ar\/portalurbano\/#\/schema\/logo\/image\/"},"sameAs":["https:\/\/www.facebook.com\/Portal-Urbano-171542830093757\/","https:\/\/twitter.com\/portalurbanook","https:\/\/www.instagram.com\/_portalurbano\/","https:\/\/www.youtube.com\/channel\/UCXhagIfszH8KxFiOok79zbA?view_as=subscriber"]},{"@type":"Person","@id":"https:\/\/experienciadevida.com.ar\/portalurbano\/#\/schema\/person\/02dd326b1c4b056e9cc972486934a3a7","name":"admpu17wp","image":{"@type":"ImageObject","inLanguage":"es","@id":"https:\/\/experienciadevida.com.ar\/portalurbano\/#\/schema\/person\/image\/","url":"https:\/\/secure.gravatar.com\/avatar\/830d4c57adaae6630765e449a6908047?s=96&d=mm&r=g","contentUrl":"https:\/\/secure.gravatar.com\/avatar\/830d4c57adaae6630765e449a6908047?s=96&d=mm&r=g","caption":"admpu17wp"}}]}},"featured_image_urls":{"full":["https:\/\/experienciadevida.com.ar\/portalurbano\/wp-content\/uploads\/2022\/05\/Se-aprobo-un-proyecto.png",840,451,false],"thumbnail":["https:\/\/experienciadevida.com.ar\/portalurbano\/wp-content\/uploads\/2022\/05\/Se-aprobo-un-proyecto-150x150.png",150,150,true],"medium":["https:\/\/experienciadevida.com.ar\/portalurbano\/wp-content\/uploads\/2022\/05\/Se-aprobo-un-proyecto-300x161.png",300,161,true],"medium_large":["https:\/\/experienciadevida.com.ar\/portalurbano\/wp-content\/uploads\/2022\/05\/Se-aprobo-un-proyecto-768x412.png",640,343,true],"large":["https:\/\/experienciadevida.com.ar\/portalurbano\/wp-content\/uploads\/2022\/05\/Se-aprobo-un-proyecto.png",640,344,false],"ug_big":["https:\/\/experienciadevida.com.ar\/portalurbano\/wp-content\/uploads\/2022\/05\/Se-aprobo-un-proyecto-768x412.png",768,412,true],"1536x1536":["https:\/\/experienciadevida.com.ar\/portalurbano\/wp-content\/uploads\/2022\/05\/Se-aprobo-un-proyecto.png",840,451,false],"2048x2048":["https:\/\/experienciadevida.com.ar\/portalurbano\/wp-content\/uploads\/2022\/05\/Se-aprobo-un-proyecto.png",840,451,false],"newsever-slider-full":["https:\/\/experienciadevida.com.ar\/portalurbano\/wp-content\/uploads\/2022\/05\/Se-aprobo-un-proyecto.png",840,451,false],"newsever-featured":["https:\/\/experienciadevida.com.ar\/portalurbano\/wp-content\/uploads\/2022\/05\/Se-aprobo-un-proyecto.png",840,451,false],"newsever-medium":["https:\/\/experienciadevida.com.ar\/portalurbano\/wp-content\/uploads\/2022\/05\/Se-aprobo-un-proyecto.png",720,387,false],"web-stories-poster-portrait":["https:\/\/experienciadevida.com.ar\/portalurbano\/wp-content\/uploads\/2022\/05\/Se-aprobo-un-proyecto.png",640,344,false],"web-stories-publisher-logo":["https:\/\/experienciadevida.com.ar\/portalurbano\/wp-content\/uploads\/2022\/05\/Se-aprobo-un-proyecto.png",96,52,false],"web-stories-thumbnail":["https:\/\/experienciadevida.com.ar\/portalurbano\/wp-content\/uploads\/2022\/05\/Se-aprobo-un-proyecto.png",150,81,false]},"author_info":{"display_name":"admpu17wp","author_link":"https:\/\/experienciadevida.com.ar\/portalurbano\/author\/admpu17wp\/"},"category_info":"<a href=\"https:\/\/experienciadevida.com.ar\/portalurbano\/category\/ciudad\/\" rel=\"category tag\">Ciudad<\/a> <a href=\"https:\/\/experienciadevida.com.ar\/portalurbano\/category\/destacadas\/\" rel=\"category tag\">Destacadas<\/a>","tag_info":"Destacadas","comment_count":"0","amp_enabled":true,"_links":{"self":[{"href":"https:\/\/experienciadevida.com.ar\/portalurbano\/wp-json\/wp\/v2\/posts\/167428"}],"collection":[{"href":"https:\/\/experienciadevida.com.ar\/portalurbano\/wp-json\/wp\/v2\/posts"}],"about":[{"href":"https:\/\/experienciadevida.com.ar\/portalurbano\/wp-json\/wp\/v2\/types\/post"}],"author":[{"embeddable":true,"href":"https:\/\/experienciadevida.com.ar\/portalurbano\/wp-json\/wp\/v2\/users\/1"}],"replies":[{"embeddable":true,"href":"https:\/\/experienciadevida.com.ar\/portalurbano\/wp-json\/wp\/v2\/comments?post=167428"}],"version-history":[{"count":2,"href":"https:\/\/experienciadevida.com.ar\/portalurbano\/wp-json\/wp\/v2\/posts\/167428\/revisions"}],"predecessor-version":[{"id":167431,"href":"https:\/\/experienciadevida.com.ar\/portalurbano\/wp-json\/wp\/v2\/posts\/167428\/revisions\/167431"}],"wp:featuredmedia":[{"embeddable":true,"href":"https:\/\/experienciadevida.com.ar\/portalurbano\/wp-json\/wp\/v2\/media\/167429"}],"wp:attachment":[{"href":"https:\/\/experienciadevida.com.ar\/portalurbano\/wp-json\/wp\/v2\/media?parent=167428"}],"wp:term":[{"taxonomy":"category","embeddable":true,"href":"https:\/\/experienciadevida.com.ar\/portalurbano\/wp-json\/wp\/v2\/categories?post=167428"},{"taxonomy":"post_tag","embeddable":true,"href":"https:\/\/experienciadevida.com.ar\/portalurbano\/wp-json\/wp\/v2\/tags?post=167428"}],"curies":[{"name":"wp","href":"https:\/\/api.w.org\/{rel}","templated":true}]}}