{"id":167424,"date":"2022-05-10T09:17:21","date_gmt":"2022-05-10T12:17:21","guid":{"rendered":"https:\/\/experienciadevida.com.ar\/portalurbano\/?p=167424"},"modified":"2022-05-10T09:18:04","modified_gmt":"2022-05-10T12:18:04","slug":"se-aprobo-pedido-de-informes-sobre-infraestructura-e-inspecciones-de-obra-del-programa-tuvi","status":"publish","type":"post","link":"https:\/\/experienciadevida.com.ar\/portalurbano\/se-aprobo-pedido-de-informes-sobre-infraestructura-e-inspecciones-de-obra-del-programa-tuvi\/","title":{"rendered":"Se aprob\u00f3 pedido de informes sobre infraestructura e inspecciones de obra del programa TUVI"},"content":{"rendered":"<p>Se aprob\u00f3 pedido de informes sobre infraestructura e inspecciones de obra del programa TUVI fue en la sesi\u00f3n que se desarroll\u00f3 en el d\u00eda de ayer, tambi\u00e9n se aprob\u00f3 una moci\u00f3n planteada por el edil Sarachu. El Pedido fue impulsado por el interbloque del Frente de Todos.<\/p>\n<p>La primera en tomar la palabra fue <a href=\"https:\/\/www.instagram.com\/landivar_mercedes\/?hl=es-la\">Mercedes Landivar<\/a> donde mencion\u00f3 &#8220;hay varios puntos que nos muestran la necesidad de plantear este pedido de informes puntos que tienen contradicciones, inconsistencias y algunas situaciones, tambi\u00e9n casos en los que se acredita lo expuesto por los adjudicatarios o ex empleados.\u00a0 Al iniciarse la adjudicaci\u00f3n que hacen el dep\u00f3sito de m\u00e1s de un mill\u00f3n de pesos no se entrega un recibo oficial, en enero lo reclaman los adjudicatarios, no se firm\u00f3 boleto de compraventa, el convenio correspondiente, los adjudicatarios no conoc\u00edan qu\u00e9 caracter\u00edsticas ten\u00eda esa vivienda c\u00f3mo iba a ser la modalidad del convenio no ten\u00edan nada reci\u00e9n en el mes de abril, es un incumplimiento grave que tuvieron que salir a reclamar los adjudicatarios&#8221;.<\/p>\n<p>&#8220;Mediados de marzo se dio a conocer por parte del municipio que hab\u00eda un retraso de 60 d\u00edas, el 26 de marzo sali\u00f3 una nota de un ex empleado donde se sumaba a los dichos de algunos adjudicatarios que ve\u00eda deficiencias en la construcci\u00f3n, denunciaba c\u00f3mo la madera se hab\u00eda mojado, tambi\u00e9n mencionaba irregularidades registrales y laborales&#8221;.<\/p>\n<p>A su vez &#8220;Tres meses despu\u00e9s de todo esto nadie escuchaba nada, reci\u00e9n en el mes de abril reci\u00e9n ah\u00ed fueron escuchados donde se generaron m\u00e1s dudas en la reuni\u00f3n, porque la realidad es que la representante t\u00e9cnica\u00a0 y el due\u00f1o de la empresa manifestaron que los empleados que hab\u00edan contratado al principio de la obra, no los de ahora no ten\u00edan experiencia, que no estaban capacitados para afrontar esta modalidad y esto hizo que se generara una demora de un mes y medio, en la misma reuni\u00f3n cuando se le pregunt\u00f3 que experiencia ten\u00eda la empresa no se contest\u00f3. El 3 de mayo da una nota el subsecretario de obras p\u00fablicas Ortiz que es abogado, despu\u00e9s de que sale una adjudicataria\u00a0 a contar su testimonio y en sus expresiones fue peri\u00f3dicamente se han reunido con los adjudicatarios pero no es as\u00ed, tambi\u00e9n dice que la recorrida fue consensuada pero no fue as\u00ed, se puso una fecha despu\u00e9s de varios pedidos de los adjudicatarios y una carta documento que no fue contestada, hoy contamos con tres informes acercados por los adjudicatarios\u00a0 y profesionales que constatan las mismas irregularidades&#8221;.<\/p>\n<p>&#8220;Nunca pudimos tener una charla con el inspector para que nos cuente sobre la obra, hoy no sabemos cuantos adjudicatarios hay, el secretario de obras p\u00fablicas dijo que es un juego pol\u00edtico, tambi\u00e9n dijo que est\u00e1n para mejorarle la calidad de vida a la gente pero que tengan una vivienda digna, ac\u00e1 nadie quiere que esto se suspenda, lo que queremos es que cada adjudicatario tenga lo que le corresponde y pueda estar tranquilo de que las cosas se est\u00e1n haciendo bien y hoy no lo est\u00e1n haciendo bien&#8221;.<\/p>\n<p>Para finalizar <a href=\"https:\/\/www.instagram.com\/gastonsarachu\/?hl=es-la\">Sarachu<\/a> dijo &#8220;otra vez nos perdimos la posibilidad de aplicar el sentido com\u00fan, se cae siempre en el argumento o en la idea de que todo es pol\u00edtico, nuestra funci\u00f3n como concejales es velar por los intereses de todos los ciudadanos y sobre todo cuando las cosas no salen bien porque hay dudas, los adjudicatarios ser\u00e1n recibidos pero ahora despu\u00e9s de un reclamo que quieren ir a conocer su obra su casa&#8221;.<\/p>\n<p>El pedido fue aprobado por unanimidad<\/p>\n","protected":false},"excerpt":{"rendered":"<p>Se aprob\u00f3 pedido de informes sobre infraestructura e inspecciones de obra del programa TUVI fue&#8230;<\/p>\n","protected":false},"author":1,"featured_media":167425,"comment_status":"closed","ping_status":"closed","sticky":false,"template":"","format":"standard","meta":{"content-type":""},"categories":[27,64],"tags":[],"nelio_content":{"isAutoShareEnabled":false,"autoShareEndMode":"default","automationSources":{"useContentSentences":true,"useSocialTemplates":true,"useCustomSentences":false,"customSentences":[]},"followers":[1],"suggestedReferences":[],"includedReferences":["https:\/\/www.instagram.com\/landivar_mercedes\/?hl=es-la","https:\/\/www.instagram.com\/gastonsarachu\/?hl=es-la"],"efiUrl":"","efiAlt":"","highlights":[]},"yoast_head":"<!-- This site is optimized with the Yoast SEO plugin v20.7 - https:\/\/yoast.com\/wordpress\/plugins\/seo\/ -->\n<title>Se aprob\u00f3 pedido de informes sobre infraestructura e inspecciones<\/title>\n<meta name=\"description\" content=\"Se aprob\u00f3 pedido de informes sobre infraestructura e inspecciones de obra del programa TUVI fue en la sesi\u00f3n que se desarroll\u00f3 ayer\" \/>\n<meta name=\"robots\" content=\"index, follow, max-snippet:-1, max-image-preview:large, max-video-preview:-1\" \/>\n<link rel=\"canonical\" href=\"https:\/\/experienciadevida.com.ar\/portalurbano\/se-aprobo-pedido-de-informes-sobre-infraestructura-e-inspecciones-de-obra-del-programa-tuvi\/\" \/>\n<meta property=\"og:locale\" content=\"es_ES\" \/>\n<meta property=\"og:type\" content=\"article\" \/>\n<meta property=\"og:title\" content=\"Se aprob\u00f3 pedido de informes sobre infraestructura e inspecciones\" \/>\n<meta property=\"og:description\" content=\"Se aprob\u00f3 pedido de informes sobre infraestructura e inspecciones de obra del programa TUVI fue en la sesi\u00f3n que se desarroll\u00f3 ayer\" \/>\n<meta property=\"og:url\" content=\"https:\/\/experienciadevida.com.ar\/portalurbano\/se-aprobo-pedido-de-informes-sobre-infraestructura-e-inspecciones-de-obra-del-programa-tuvi\/\" \/>\n<meta property=\"article:publisher\" content=\"https:\/\/www.facebook.com\/Portal-Urbano-171542830093757\/\" \/>\n<meta property=\"article:published_time\" content=\"2022-05-10T12:17:21+00:00\" \/>\n<meta property=\"article:modified_time\" content=\"2022-05-10T12:18:04+00:00\" \/>\n<meta property=\"og:image\" content=\"https:\/\/experienciadevida.com.ar\/portalurbano\/wp-content\/uploads\/2022\/05\/Se-aprobo-pedido-de.png\" \/>\n\t<meta property=\"og:image:width\" content=\"843\" \/>\n\t<meta property=\"og:image:height\" content=\"451\" \/>\n\t<meta property=\"og:image:type\" content=\"image\/png\" \/>\n<meta name=\"author\" content=\"admpu17wp\" \/>\n<meta name=\"twitter:card\" content=\"summary_large_image\" \/>\n<meta name=\"twitter:creator\" content=\"@portalurbanook\" \/>\n<meta name=\"twitter:site\" content=\"@portalurbanook\" \/>\n<meta name=\"twitter:label1\" content=\"Escrito por\" \/>\n\t<meta name=\"twitter:data1\" content=\"admpu17wp\" \/>\n\t<meta name=\"twitter:label2\" content=\"Tiempo de lectura\" \/>\n\t<meta name=\"twitter:data2\" content=\"3 minutos\" \/>\n<script type=\"application\/ld+json\" class=\"yoast-schema-graph\">{\"@context\":\"https:\/\/schema.org\",\"@graph\":[{\"@type\":\"Article\",\"@id\":\"https:\/\/experienciadevida.com.ar\/portalurbano\/se-aprobo-pedido-de-informes-sobre-infraestructura-e-inspecciones-de-obra-del-programa-tuvi\/#article\",\"isPartOf\":{\"@id\":\"https:\/\/experienciadevida.com.ar\/portalurbano\/se-aprobo-pedido-de-informes-sobre-infraestructura-e-inspecciones-de-obra-del-programa-tuvi\/\"},\"author\":{\"name\":\"admpu17wp\",\"@id\":\"https:\/\/experienciadevida.com.ar\/portalurbano\/#\/schema\/person\/02dd326b1c4b056e9cc972486934a3a7\"},\"headline\":\"Se aprob\u00f3 pedido de informes sobre infraestructura e inspecciones de obra del programa TUVI\",\"datePublished\":\"2022-05-10T12:17:21+00:00\",\"dateModified\":\"2022-05-10T12:18:04+00:00\",\"mainEntityOfPage\":{\"@id\":\"https:\/\/experienciadevida.com.ar\/portalurbano\/se-aprobo-pedido-de-informes-sobre-infraestructura-e-inspecciones-de-obra-del-programa-tuvi\/\"},\"wordCount\":643,\"publisher\":{\"@id\":\"https:\/\/experienciadevida.com.ar\/portalurbano\/#organization\"},\"articleSection\":[\"Ciudad\",\"Destacadas 2\"],\"inLanguage\":\"es\"},{\"@type\":\"WebPage\",\"@id\":\"https:\/\/experienciadevida.com.ar\/portalurbano\/se-aprobo-pedido-de-informes-sobre-infraestructura-e-inspecciones-de-obra-del-programa-tuvi\/\",\"url\":\"https:\/\/experienciadevida.com.ar\/portalurbano\/se-aprobo-pedido-de-informes-sobre-infraestructura-e-inspecciones-de-obra-del-programa-tuvi\/\",\"name\":\"Se aprob\u00f3 pedido de informes sobre infraestructura e inspecciones\",\"isPartOf\":{\"@id\":\"https:\/\/experienciadevida.com.ar\/portalurbano\/#website\"},\"datePublished\":\"2022-05-10T12:17:21+00:00\",\"dateModified\":\"2022-05-10T12:18:04+00:00\",\"description\":\"Se aprob\u00f3 pedido de informes sobre infraestructura e inspecciones de obra del programa TUVI fue en la sesi\u00f3n que se desarroll\u00f3 ayer\",\"breadcrumb\":{\"@id\":\"https:\/\/experienciadevida.com.ar\/portalurbano\/se-aprobo-pedido-de-informes-sobre-infraestructura-e-inspecciones-de-obra-del-programa-tuvi\/#breadcrumb\"},\"inLanguage\":\"es\",\"potentialAction\":[{\"@type\":\"ReadAction\",\"target\":[\"https:\/\/experienciadevida.com.ar\/portalurbano\/se-aprobo-pedido-de-informes-sobre-infraestructura-e-inspecciones-de-obra-del-programa-tuvi\/\"]}]},{\"@type\":\"BreadcrumbList\",\"@id\":\"https:\/\/experienciadevida.com.ar\/portalurbano\/se-aprobo-pedido-de-informes-sobre-infraestructura-e-inspecciones-de-obra-del-programa-tuvi\/#breadcrumb\",\"itemListElement\":[{\"@type\":\"ListItem\",\"position\":1,\"name\":\"Portada\",\"item\":\"https:\/\/experienciadevida.com.ar\/portalurbano\/\"},{\"@type\":\"ListItem\",\"position\":2,\"name\":\"Se aprob\u00f3 pedido de informes sobre infraestructura e inspecciones de obra del programa TUVI\"}]},{\"@type\":\"WebSite\",\"@id\":\"https:\/\/experienciadevida.com.ar\/portalurbano\/#website\",\"url\":\"https:\/\/experienciadevida.com.ar\/portalurbano\/\",\"name\":\"\",\"description\":\"\",\"publisher\":{\"@id\":\"https:\/\/experienciadevida.com.ar\/portalurbano\/#organization\"},\"potentialAction\":[{\"@type\":\"SearchAction\",\"target\":{\"@type\":\"EntryPoint\",\"urlTemplate\":\"https:\/\/experienciadevida.com.ar\/portalurbano\/?s={search_term_string}\"},\"query-input\":\"required name=search_term_string\"}],\"inLanguage\":\"es\"},{\"@type\":\"Organization\",\"@id\":\"https:\/\/experienciadevida.com.ar\/portalurbano\/#organization\",\"name\":\"Portal Urbano\",\"url\":\"https:\/\/experienciadevida.com.ar\/portalurbano\/\",\"logo\":{\"@type\":\"ImageObject\",\"inLanguage\":\"es\",\"@id\":\"https:\/\/experienciadevida.com.ar\/portalurbano\/#\/schema\/logo\/image\/\",\"url\":\"https:\/\/experienciadevida.com.ar\/portalurbano\/wp-content\/uploads\/2019\/09\/Logo-Original.png\",\"contentUrl\":\"https:\/\/experienciadevida.com.ar\/portalurbano\/wp-content\/uploads\/2019\/09\/Logo-Original.png\",\"width\":2236,\"height\":1216,\"caption\":\"Portal Urbano\"},\"image\":{\"@id\":\"https:\/\/experienciadevida.com.ar\/portalurbano\/#\/schema\/logo\/image\/\"},\"sameAs\":[\"https:\/\/www.facebook.com\/Portal-Urbano-171542830093757\/\",\"https:\/\/twitter.com\/portalurbanook\",\"https:\/\/www.instagram.com\/_portalurbano\/\",\"https:\/\/www.youtube.com\/channel\/UCXhagIfszH8KxFiOok79zbA?view_as=subscriber\"]},{\"@type\":\"Person\",\"@id\":\"https:\/\/experienciadevida.com.ar\/portalurbano\/#\/schema\/person\/02dd326b1c4b056e9cc972486934a3a7\",\"name\":\"admpu17wp\",\"image\":{\"@type\":\"ImageObject\",\"inLanguage\":\"es\",\"@id\":\"https:\/\/experienciadevida.com.ar\/portalurbano\/#\/schema\/person\/image\/\",\"url\":\"https:\/\/secure.gravatar.com\/avatar\/830d4c57adaae6630765e449a6908047?s=96&d=mm&r=g\",\"contentUrl\":\"https:\/\/secure.gravatar.com\/avatar\/830d4c57adaae6630765e449a6908047?s=96&d=mm&r=g\",\"caption\":\"admpu17wp\"}}]}<\/script>\n<!-- \/ Yoast SEO plugin. -->","yoast_head_json":{"title":"Se aprob\u00f3 pedido de informes sobre infraestructura e inspecciones","description":"Se aprob\u00f3 pedido de informes sobre infraestructura e inspecciones de obra del programa TUVI fue en la sesi\u00f3n que se desarroll\u00f3 ayer","robots":{"index":"index","follow":"follow","max-snippet":"max-snippet:-1","max-image-preview":"max-image-preview:large","max-video-preview":"max-video-preview:-1"},"canonical":"https:\/\/experienciadevida.com.ar\/portalurbano\/se-aprobo-pedido-de-informes-sobre-infraestructura-e-inspecciones-de-obra-del-programa-tuvi\/","og_locale":"es_ES","og_type":"article","og_title":"Se aprob\u00f3 pedido de informes sobre infraestructura e inspecciones","og_description":"Se aprob\u00f3 pedido de informes sobre infraestructura e inspecciones de obra del programa TUVI fue en la sesi\u00f3n que se desarroll\u00f3 ayer","og_url":"https:\/\/experienciadevida.com.ar\/portalurbano\/se-aprobo-pedido-de-informes-sobre-infraestructura-e-inspecciones-de-obra-del-programa-tuvi\/","article_publisher":"https:\/\/www.facebook.com\/Portal-Urbano-171542830093757\/","article_published_time":"2022-05-10T12:17:21+00:00","article_modified_time":"2022-05-10T12:18:04+00:00","og_image":[{"width":843,"height":451,"url":"https:\/\/experienciadevida.com.ar\/portalurbano\/wp-content\/uploads\/2022\/05\/Se-aprobo-pedido-de.png","type":"image\/png"}],"author":"admpu17wp","twitter_card":"summary_large_image","twitter_creator":"@portalurbanook","twitter_site":"@portalurbanook","twitter_misc":{"Escrito por":"admpu17wp","Tiempo de lectura":"3 minutos"},"schema":{"@context":"https:\/\/schema.org","@graph":[{"@type":"Article","@id":"https:\/\/experienciadevida.com.ar\/portalurbano\/se-aprobo-pedido-de-informes-sobre-infraestructura-e-inspecciones-de-obra-del-programa-tuvi\/#article","isPartOf":{"@id":"https:\/\/experienciadevida.com.ar\/portalurbano\/se-aprobo-pedido-de-informes-sobre-infraestructura-e-inspecciones-de-obra-del-programa-tuvi\/"},"author":{"name":"admpu17wp","@id":"https:\/\/experienciadevida.com.ar\/portalurbano\/#\/schema\/person\/02dd326b1c4b056e9cc972486934a3a7"},"headline":"Se aprob\u00f3 pedido de informes sobre infraestructura e inspecciones de obra del programa TUVI","datePublished":"2022-05-10T12:17:21+00:00","dateModified":"2022-05-10T12:18:04+00:00","mainEntityOfPage":{"@id":"https:\/\/experienciadevida.com.ar\/portalurbano\/se-aprobo-pedido-de-informes-sobre-infraestructura-e-inspecciones-de-obra-del-programa-tuvi\/"},"wordCount":643,"publisher":{"@id":"https:\/\/experienciadevida.com.ar\/portalurbano\/#organization"},"articleSection":["Ciudad","Destacadas 2"],"inLanguage":"es"},{"@type":"WebPage","@id":"https:\/\/experienciadevida.com.ar\/portalurbano\/se-aprobo-pedido-de-informes-sobre-infraestructura-e-inspecciones-de-obra-del-programa-tuvi\/","url":"https:\/\/experienciadevida.com.ar\/portalurbano\/se-aprobo-pedido-de-informes-sobre-infraestructura-e-inspecciones-de-obra-del-programa-tuvi\/","name":"Se aprob\u00f3 pedido de informes sobre infraestructura e inspecciones","isPartOf":{"@id":"https:\/\/experienciadevida.com.ar\/portalurbano\/#website"},"datePublished":"2022-05-10T12:17:21+00:00","dateModified":"2022-05-10T12:18:04+00:00","description":"Se aprob\u00f3 pedido de informes sobre infraestructura e inspecciones de obra del programa TUVI fue en la sesi\u00f3n que se desarroll\u00f3 ayer","breadcrumb":{"@id":"https:\/\/experienciadevida.com.ar\/portalurbano\/se-aprobo-pedido-de-informes-sobre-infraestructura-e-inspecciones-de-obra-del-programa-tuvi\/#breadcrumb"},"inLanguage":"es","potentialAction":[{"@type":"ReadAction","target":["https:\/\/experienciadevida.com.ar\/portalurbano\/se-aprobo-pedido-de-informes-sobre-infraestructura-e-inspecciones-de-obra-del-programa-tuvi\/"]}]},{"@type":"BreadcrumbList","@id":"https:\/\/experienciadevida.com.ar\/portalurbano\/se-aprobo-pedido-de-informes-sobre-infraestructura-e-inspecciones-de-obra-del-programa-tuvi\/#breadcrumb","itemListElement":[{"@type":"ListItem","position":1,"name":"Portada","item":"https:\/\/experienciadevida.com.ar\/portalurbano\/"},{"@type":"ListItem","position":2,"name":"Se aprob\u00f3 pedido de informes sobre infraestructura e inspecciones de obra del programa TUVI"}]},{"@type":"WebSite","@id":"https:\/\/experienciadevida.com.ar\/portalurbano\/#website","url":"https:\/\/experienciadevida.com.ar\/portalurbano\/","name":"","description":"","publisher":{"@id":"https:\/\/experienciadevida.com.ar\/portalurbano\/#organization"},"potentialAction":[{"@type":"SearchAction","target":{"@type":"EntryPoint","urlTemplate":"https:\/\/experienciadevida.com.ar\/portalurbano\/?s={search_term_string}"},"query-input":"required name=search_term_string"}],"inLanguage":"es"},{"@type":"Organization","@id":"https:\/\/experienciadevida.com.ar\/portalurbano\/#organization","name":"Portal Urbano","url":"https:\/\/experienciadevida.com.ar\/portalurbano\/","logo":{"@type":"ImageObject","inLanguage":"es","@id":"https:\/\/experienciadevida.com.ar\/portalurbano\/#\/schema\/logo\/image\/","url":"https:\/\/experienciadevida.com.ar\/portalurbano\/wp-content\/uploads\/2019\/09\/Logo-Original.png","contentUrl":"https:\/\/experienciadevida.com.ar\/portalurbano\/wp-content\/uploads\/2019\/09\/Logo-Original.png","width":2236,"height":1216,"caption":"Portal Urbano"},"image":{"@id":"https:\/\/experienciadevida.com.ar\/portalurbano\/#\/schema\/logo\/image\/"},"sameAs":["https:\/\/www.facebook.com\/Portal-Urbano-171542830093757\/","https:\/\/twitter.com\/portalurbanook","https:\/\/www.instagram.com\/_portalurbano\/","https:\/\/www.youtube.com\/channel\/UCXhagIfszH8KxFiOok79zbA?view_as=subscriber"]},{"@type":"Person","@id":"https:\/\/experienciadevida.com.ar\/portalurbano\/#\/schema\/person\/02dd326b1c4b056e9cc972486934a3a7","name":"admpu17wp","image":{"@type":"ImageObject","inLanguage":"es","@id":"https:\/\/experienciadevida.com.ar\/portalurbano\/#\/schema\/person\/image\/","url":"https:\/\/secure.gravatar.com\/avatar\/830d4c57adaae6630765e449a6908047?s=96&d=mm&r=g","contentUrl":"https:\/\/secure.gravatar.com\/avatar\/830d4c57adaae6630765e449a6908047?s=96&d=mm&r=g","caption":"admpu17wp"}}]}},"featured_image_urls":{"full":["https:\/\/experienciadevida.com.ar\/portalurbano\/wp-content\/uploads\/2022\/05\/Se-aprobo-pedido-de.png",843,451,false],"thumbnail":["https:\/\/experienciadevida.com.ar\/portalurbano\/wp-content\/uploads\/2022\/05\/Se-aprobo-pedido-de-150x150.png",150,150,true],"medium":["https:\/\/experienciadevida.com.ar\/portalurbano\/wp-content\/uploads\/2022\/05\/Se-aprobo-pedido-de-300x160.png",300,160,true],"medium_large":["https:\/\/experienciadevida.com.ar\/portalurbano\/wp-content\/uploads\/2022\/05\/Se-aprobo-pedido-de-768x411.png",640,343,true],"large":["https:\/\/experienciadevida.com.ar\/portalurbano\/wp-content\/uploads\/2022\/05\/Se-aprobo-pedido-de.png",640,342,false],"ug_big":["https:\/\/experienciadevida.com.ar\/portalurbano\/wp-content\/uploads\/2022\/05\/Se-aprobo-pedido-de-768x411.png",768,411,true],"1536x1536":["https:\/\/experienciadevida.com.ar\/portalurbano\/wp-content\/uploads\/2022\/05\/Se-aprobo-pedido-de.png",843,451,false],"2048x2048":["https:\/\/experienciadevida.com.ar\/portalurbano\/wp-content\/uploads\/2022\/05\/Se-aprobo-pedido-de.png",843,451,false],"newsever-slider-full":["https:\/\/experienciadevida.com.ar\/portalurbano\/wp-content\/uploads\/2022\/05\/Se-aprobo-pedido-de.png",843,451,false],"newsever-featured":["https:\/\/experienciadevida.com.ar\/portalurbano\/wp-content\/uploads\/2022\/05\/Se-aprobo-pedido-de.png",843,451,false],"newsever-medium":["https:\/\/experienciadevida.com.ar\/portalurbano\/wp-content\/uploads\/2022\/05\/Se-aprobo-pedido-de.png",720,385,false],"web-stories-poster-portrait":["https:\/\/experienciadevida.com.ar\/portalurbano\/wp-content\/uploads\/2022\/05\/Se-aprobo-pedido-de.png",640,342,false],"web-stories-publisher-logo":["https:\/\/experienciadevida.com.ar\/portalurbano\/wp-content\/uploads\/2022\/05\/Se-aprobo-pedido-de.png",96,51,false],"web-stories-thumbnail":["https:\/\/experienciadevida.com.ar\/portalurbano\/wp-content\/uploads\/2022\/05\/Se-aprobo-pedido-de.png",150,80,false]},"author_info":{"display_name":"admpu17wp","author_link":"https:\/\/experienciadevida.com.ar\/portalurbano\/author\/admpu17wp\/"},"category_info":"<a href=\"https:\/\/experienciadevida.com.ar\/portalurbano\/category\/ciudad\/\" rel=\"category tag\">Ciudad<\/a> <a href=\"https:\/\/experienciadevida.com.ar\/portalurbano\/category\/destacadas-2\/\" rel=\"category tag\">Destacadas 2<\/a>","tag_info":"Destacadas 2","comment_count":"0","amp_enabled":true,"_links":{"self":[{"href":"https:\/\/experienciadevida.com.ar\/portalurbano\/wp-json\/wp\/v2\/posts\/167424"}],"collection":[{"href":"https:\/\/experienciadevida.com.ar\/portalurbano\/wp-json\/wp\/v2\/posts"}],"about":[{"href":"https:\/\/experienciadevida.com.ar\/portalurbano\/wp-json\/wp\/v2\/types\/post"}],"author":[{"embeddable":true,"href":"https:\/\/experienciadevida.com.ar\/portalurbano\/wp-json\/wp\/v2\/users\/1"}],"replies":[{"embeddable":true,"href":"https:\/\/experienciadevida.com.ar\/portalurbano\/wp-json\/wp\/v2\/comments?post=167424"}],"version-history":[{"count":2,"href":"https:\/\/experienciadevida.com.ar\/portalurbano\/wp-json\/wp\/v2\/posts\/167424\/revisions"}],"predecessor-version":[{"id":167427,"href":"https:\/\/experienciadevida.com.ar\/portalurbano\/wp-json\/wp\/v2\/posts\/167424\/revisions\/167427"}],"wp:featuredmedia":[{"embeddable":true,"href":"https:\/\/experienciadevida.com.ar\/portalurbano\/wp-json\/wp\/v2\/media\/167425"}],"wp:attachment":[{"href":"https:\/\/experienciadevida.com.ar\/portalurbano\/wp-json\/wp\/v2\/media?parent=167424"}],"wp:term":[{"taxonomy":"category","embeddable":true,"href":"https:\/\/experienciadevida.com.ar\/portalurbano\/wp-json\/wp\/v2\/categories?post=167424"},{"taxonomy":"post_tag","embeddable":true,"href":"https:\/\/experienciadevida.com.ar\/portalurbano\/wp-json\/wp\/v2\/tags?post=167424"}],"curies":[{"name":"wp","href":"https:\/\/api.w.org\/{rel}","templated":true}]}}