{"id":167402,"date":"2022-05-09T17:40:49","date_gmt":"2022-05-09T20:40:49","guid":{"rendered":"https:\/\/experienciadevida.com.ar\/portalurbano\/?p=167402"},"modified":"2022-05-09T17:50:41","modified_gmt":"2022-05-09T20:50:41","slug":"cambiemos-no-acepto-que-los-adjudicatarios-ingresen-periodicamente-a-la-obra-tuvi","status":"publish","type":"post","link":"https:\/\/experienciadevida.com.ar\/portalurbano\/cambiemos-no-acepto-que-los-adjudicatarios-ingresen-periodicamente-a-la-obra-tuvi\/","title":{"rendered":"Cambiemos no acept\u00f3 que los adjudicatarios ingresen peri\u00f3dicamente a la Obra TUVI"},"content":{"rendered":"<p>Cambiemos no acept\u00f3 que los adjudicatarios ingresen peri\u00f3dicamente a la Obra TUVI, durante la sesi\u00f3n especial que se concret\u00f3 este lunes para tratar diferentes proyectos sobre el programa de viviendas municipal, ante la preocupaci\u00f3n de los propios adjudicatarios, la bancada de Cambiemos vot\u00f3 en contra del pedido de informes sobre los antecedentes de la empresa y se opusieron a una modificaci\u00f3n para que los adjudicatarios puedan ingresar peri\u00f3dicamente a inspeccionar las obras.<\/p>\n<p>Desde el inicio de la sesi\u00f3n la oposici\u00f3n aclar\u00f3 que se hab\u00edan agotado todas las instancias previas de di\u00e1logo y ante la falta de respuestas se opt\u00f3 por una sesi\u00f3n especial para llevar informaci\u00f3n y tranquilidad a los adjudicatarios.<\/p>\n<p>A lo largo de las exposiciones se hizo especial hincapi\u00e9 en las irregularidades del expediente, los retrasos de la obra, la falta de respuesta por parte del Secretario de Mantenimiento y obras P\u00fablicas Julio Ferraro, la calidad de los materiales y los antecedentes de la empresa adjudicataria.<\/p>\n<p>\u201c\u00bfSi no tenemos nada que ocultar porque no venir, exponer y hacerlo de cara a la comunidad? Con solo no mentir se avanza, con solo respetar, con solo exigir el cumplimiento de lo que se firma y est\u00e1 normado. Mintieron, dijeron una cosa e hicieron otra y no cumplieron lo normado por una ordenanza votada por unanimidad\u201d comenz\u00f3 diciendo Juan S\u00e1nchez.<\/p>\n<p>Durante la sesi\u00f3n Landivar afirm\u00f3 que son 14 las viviendas que se est\u00e1n realizando, no 20, sobre esto y la falta de di\u00e1logo la concejala describi\u00f3: \u201cEl 26 de marzo, en un medio de comunicaci\u00f3n, sali\u00f3 una nota de un ex empleado de la obra que se sumaba a los dichos de un adjudicatario que ve\u00eda deficiencias en la construcci\u00f3n. Se constat\u00f3 lo que se ven\u00eda investigando. Lo vuelvo a decir, ac\u00e1 hay una realidad concreta. Tres meses despu\u00e9s reci\u00e9n fueron escuchados los adjudicatarios, y no es real que se fueron contentos de ese encuentro, no pudieron aclarar todo, se fueron con m\u00e1s dudas. \u00bfHay 20 convenios firmados?\u201d.<\/p>\n<p>En la misma l\u00ednea el concejal Gast\u00f3n Sarachu hizo referencia a la falta de sentido com\u00fan ante la negativa de brindar informaci\u00f3n y describi\u00f3 las particularidades de este tipo de construcci\u00f3n y lo que esta caracter\u00edstica de obra implica.<\/p>\n<p>\u201cTardaron 7 a\u00f1os en concretar este plan. Un municipio con el presupuesto que tiene Olavarr\u00eda, no solo por el impuesto a la piedra. Nosotros estamos a favor de hacer viviendas, much\u00edsimas m\u00e1s, si este es el puntapi\u00e9 principal tenemos que hacerlo bien. Queremos que termine bien, que termine bien para los adjudicatarios, para los trabajadores\u201d, agreg\u00f3 S\u00e1nchez.<\/p>\n<p>Durante el transcurso final de la sesi\u00f3n, desde la oposici\u00f3n pidieron modificar el proyecto presentado que solicitaba parar la obra por 10 d\u00edas para que los adjudicatarios puedan ingresar peri\u00f3dicamente a recorrer las viviendas, ya que hasta el momento no han podido hacerlo, pidieron cambios para permitirles el ingreso de los adjudicatarios y de un profesional entendido de la materia. Sin embargo Cambiemos se opuso a este punto y finalmente por unanimidad se rechaz\u00f3 el proyecto original.<\/p>\n<p>Cabe destacar que durante la sesi\u00f3n el propio Carlos Coscia asumi\u00f3 haber ingresado junto a Mujica para \u201cver\u201d la construcci\u00f3n, al mismo tiempo que rechazaron la moci\u00f3n para que los adjudicatarios puedan ingresar las veces que sea necesario.<\/p>\n","protected":false},"excerpt":{"rendered":"<p>Cambiemos no acept\u00f3 que los adjudicatarios ingresen peri\u00f3dicamente a la Obra TUVI, durante la sesi\u00f3n&#8230;<\/p>\n","protected":false},"author":1,"featured_media":167403,"comment_status":"closed","ping_status":"closed","sticky":false,"template":"","format":"standard","meta":{"content-type":""},"categories":[27],"tags":[],"nelio_content":{"isAutoShareEnabled":false,"autoShareEndMode":"default","automationSources":{"useContentSentences":true,"useSocialTemplates":true,"useCustomSentences":false,"customSentences":[]},"followers":[1],"suggestedReferences":[],"includedReferences":[],"efiUrl":"","efiAlt":"","highlights":[]},"yoast_head":"<!-- This site is optimized with the Yoast SEO plugin v20.7 - https:\/\/yoast.com\/wordpress\/plugins\/seo\/ -->\n<title>Cambiemos no acept\u00f3 que los adjudicatarios ingresen<\/title>\n<meta name=\"description\" content=\"Cambiemos no acept\u00f3 que los adjudicatarios ingresen peri\u00f3dicamente a la Obra TUVI, durante la sesi\u00f3n especial de este lunes\" \/>\n<meta name=\"robots\" content=\"index, follow, max-snippet:-1, max-image-preview:large, max-video-preview:-1\" \/>\n<link rel=\"canonical\" href=\"https:\/\/experienciadevida.com.ar\/portalurbano\/cambiemos-no-acepto-que-los-adjudicatarios-ingresen-periodicamente-a-la-obra-tuvi\/\" \/>\n<meta property=\"og:locale\" content=\"es_ES\" \/>\n<meta property=\"og:type\" content=\"article\" \/>\n<meta property=\"og:title\" content=\"Cambiemos no acept\u00f3 que los adjudicatarios ingresen\" \/>\n<meta property=\"og:description\" content=\"Cambiemos no acept\u00f3 que los adjudicatarios ingresen peri\u00f3dicamente a la Obra TUVI, durante la sesi\u00f3n especial de este lunes\" \/>\n<meta property=\"og:url\" content=\"https:\/\/experienciadevida.com.ar\/portalurbano\/cambiemos-no-acepto-que-los-adjudicatarios-ingresen-periodicamente-a-la-obra-tuvi\/\" \/>\n<meta property=\"article:publisher\" content=\"https:\/\/www.facebook.com\/Portal-Urbano-171542830093757\/\" \/>\n<meta property=\"article:published_time\" content=\"2022-05-09T20:40:49+00:00\" \/>\n<meta property=\"article:modified_time\" content=\"2022-05-09T20:50:41+00:00\" \/>\n<meta property=\"og:image\" content=\"https:\/\/experienciadevida.com.ar\/portalurbano\/wp-content\/uploads\/2022\/05\/Cambiemos-no-acepto-que.jpg\" \/>\n\t<meta property=\"og:image:width\" content=\"1280\" \/>\n\t<meta property=\"og:image:height\" content=\"852\" \/>\n\t<meta property=\"og:image:type\" content=\"image\/jpeg\" \/>\n<meta name=\"author\" content=\"admpu17wp\" \/>\n<meta name=\"twitter:card\" content=\"summary_large_image\" \/>\n<meta name=\"twitter:creator\" content=\"@portalurbanook\" \/>\n<meta name=\"twitter:site\" content=\"@portalurbanook\" \/>\n<meta name=\"twitter:label1\" content=\"Escrito por\" \/>\n\t<meta name=\"twitter:data1\" content=\"admpu17wp\" \/>\n\t<meta name=\"twitter:label2\" content=\"Tiempo de lectura\" \/>\n\t<meta name=\"twitter:data2\" content=\"3 minutos\" \/>\n<script type=\"application\/ld+json\" class=\"yoast-schema-graph\">{\"@context\":\"https:\/\/schema.org\",\"@graph\":[{\"@type\":\"Article\",\"@id\":\"https:\/\/experienciadevida.com.ar\/portalurbano\/cambiemos-no-acepto-que-los-adjudicatarios-ingresen-periodicamente-a-la-obra-tuvi\/#article\",\"isPartOf\":{\"@id\":\"https:\/\/experienciadevida.com.ar\/portalurbano\/cambiemos-no-acepto-que-los-adjudicatarios-ingresen-periodicamente-a-la-obra-tuvi\/\"},\"author\":{\"name\":\"admpu17wp\",\"@id\":\"https:\/\/experienciadevida.com.ar\/portalurbano\/#\/schema\/person\/02dd326b1c4b056e9cc972486934a3a7\"},\"headline\":\"Cambiemos no acept\u00f3 que los adjudicatarios ingresen peri\u00f3dicamente a la Obra TUVI\",\"datePublished\":\"2022-05-09T20:40:49+00:00\",\"dateModified\":\"2022-05-09T20:50:41+00:00\",\"mainEntityOfPage\":{\"@id\":\"https:\/\/experienciadevida.com.ar\/portalurbano\/cambiemos-no-acepto-que-los-adjudicatarios-ingresen-periodicamente-a-la-obra-tuvi\/\"},\"wordCount\":586,\"publisher\":{\"@id\":\"https:\/\/experienciadevida.com.ar\/portalurbano\/#organization\"},\"articleSection\":[\"Ciudad\"],\"inLanguage\":\"es\"},{\"@type\":\"WebPage\",\"@id\":\"https:\/\/experienciadevida.com.ar\/portalurbano\/cambiemos-no-acepto-que-los-adjudicatarios-ingresen-periodicamente-a-la-obra-tuvi\/\",\"url\":\"https:\/\/experienciadevida.com.ar\/portalurbano\/cambiemos-no-acepto-que-los-adjudicatarios-ingresen-periodicamente-a-la-obra-tuvi\/\",\"name\":\"Cambiemos no acept\u00f3 que los adjudicatarios ingresen\",\"isPartOf\":{\"@id\":\"https:\/\/experienciadevida.com.ar\/portalurbano\/#website\"},\"datePublished\":\"2022-05-09T20:40:49+00:00\",\"dateModified\":\"2022-05-09T20:50:41+00:00\",\"description\":\"Cambiemos no acept\u00f3 que los adjudicatarios ingresen peri\u00f3dicamente a la Obra TUVI, durante la sesi\u00f3n especial de este lunes\",\"breadcrumb\":{\"@id\":\"https:\/\/experienciadevida.com.ar\/portalurbano\/cambiemos-no-acepto-que-los-adjudicatarios-ingresen-periodicamente-a-la-obra-tuvi\/#breadcrumb\"},\"inLanguage\":\"es\",\"potentialAction\":[{\"@type\":\"ReadAction\",\"target\":[\"https:\/\/experienciadevida.com.ar\/portalurbano\/cambiemos-no-acepto-que-los-adjudicatarios-ingresen-periodicamente-a-la-obra-tuvi\/\"]}]},{\"@type\":\"BreadcrumbList\",\"@id\":\"https:\/\/experienciadevida.com.ar\/portalurbano\/cambiemos-no-acepto-que-los-adjudicatarios-ingresen-periodicamente-a-la-obra-tuvi\/#breadcrumb\",\"itemListElement\":[{\"@type\":\"ListItem\",\"position\":1,\"name\":\"Portada\",\"item\":\"https:\/\/experienciadevida.com.ar\/portalurbano\/\"},{\"@type\":\"ListItem\",\"position\":2,\"name\":\"Cambiemos no acept\u00f3 que los adjudicatarios ingresen peri\u00f3dicamente a la Obra TUVI\"}]},{\"@type\":\"WebSite\",\"@id\":\"https:\/\/experienciadevida.com.ar\/portalurbano\/#website\",\"url\":\"https:\/\/experienciadevida.com.ar\/portalurbano\/\",\"name\":\"\",\"description\":\"\",\"publisher\":{\"@id\":\"https:\/\/experienciadevida.com.ar\/portalurbano\/#organization\"},\"potentialAction\":[{\"@type\":\"SearchAction\",\"target\":{\"@type\":\"EntryPoint\",\"urlTemplate\":\"https:\/\/experienciadevida.com.ar\/portalurbano\/?s={search_term_string}\"},\"query-input\":\"required name=search_term_string\"}],\"inLanguage\":\"es\"},{\"@type\":\"Organization\",\"@id\":\"https:\/\/experienciadevida.com.ar\/portalurbano\/#organization\",\"name\":\"Portal Urbano\",\"url\":\"https:\/\/experienciadevida.com.ar\/portalurbano\/\",\"logo\":{\"@type\":\"ImageObject\",\"inLanguage\":\"es\",\"@id\":\"https:\/\/experienciadevida.com.ar\/portalurbano\/#\/schema\/logo\/image\/\",\"url\":\"https:\/\/experienciadevida.com.ar\/portalurbano\/wp-content\/uploads\/2019\/09\/Logo-Original.png\",\"contentUrl\":\"https:\/\/experienciadevida.com.ar\/portalurbano\/wp-content\/uploads\/2019\/09\/Logo-Original.png\",\"width\":2236,\"height\":1216,\"caption\":\"Portal Urbano\"},\"image\":{\"@id\":\"https:\/\/experienciadevida.com.ar\/portalurbano\/#\/schema\/logo\/image\/\"},\"sameAs\":[\"https:\/\/www.facebook.com\/Portal-Urbano-171542830093757\/\",\"https:\/\/twitter.com\/portalurbanook\",\"https:\/\/www.instagram.com\/_portalurbano\/\",\"https:\/\/www.youtube.com\/channel\/UCXhagIfszH8KxFiOok79zbA?view_as=subscriber\"]},{\"@type\":\"Person\",\"@id\":\"https:\/\/experienciadevida.com.ar\/portalurbano\/#\/schema\/person\/02dd326b1c4b056e9cc972486934a3a7\",\"name\":\"admpu17wp\",\"image\":{\"@type\":\"ImageObject\",\"inLanguage\":\"es\",\"@id\":\"https:\/\/experienciadevida.com.ar\/portalurbano\/#\/schema\/person\/image\/\",\"url\":\"https:\/\/secure.gravatar.com\/avatar\/830d4c57adaae6630765e449a6908047?s=96&d=mm&r=g\",\"contentUrl\":\"https:\/\/secure.gravatar.com\/avatar\/830d4c57adaae6630765e449a6908047?s=96&d=mm&r=g\",\"caption\":\"admpu17wp\"}}]}<\/script>\n<!-- \/ Yoast SEO plugin. -->","yoast_head_json":{"title":"Cambiemos no acept\u00f3 que los adjudicatarios ingresen","description":"Cambiemos no acept\u00f3 que los adjudicatarios ingresen peri\u00f3dicamente a la Obra TUVI, durante la sesi\u00f3n especial de este lunes","robots":{"index":"index","follow":"follow","max-snippet":"max-snippet:-1","max-image-preview":"max-image-preview:large","max-video-preview":"max-video-preview:-1"},"canonical":"https:\/\/experienciadevida.com.ar\/portalurbano\/cambiemos-no-acepto-que-los-adjudicatarios-ingresen-periodicamente-a-la-obra-tuvi\/","og_locale":"es_ES","og_type":"article","og_title":"Cambiemos no acept\u00f3 que los adjudicatarios ingresen","og_description":"Cambiemos no acept\u00f3 que los adjudicatarios ingresen peri\u00f3dicamente a la Obra TUVI, durante la sesi\u00f3n especial de este lunes","og_url":"https:\/\/experienciadevida.com.ar\/portalurbano\/cambiemos-no-acepto-que-los-adjudicatarios-ingresen-periodicamente-a-la-obra-tuvi\/","article_publisher":"https:\/\/www.facebook.com\/Portal-Urbano-171542830093757\/","article_published_time":"2022-05-09T20:40:49+00:00","article_modified_time":"2022-05-09T20:50:41+00:00","og_image":[{"width":1280,"height":852,"url":"https:\/\/experienciadevida.com.ar\/portalurbano\/wp-content\/uploads\/2022\/05\/Cambiemos-no-acepto-que.jpg","type":"image\/jpeg"}],"author":"admpu17wp","twitter_card":"summary_large_image","twitter_creator":"@portalurbanook","twitter_site":"@portalurbanook","twitter_misc":{"Escrito por":"admpu17wp","Tiempo de lectura":"3 minutos"},"schema":{"@context":"https:\/\/schema.org","@graph":[{"@type":"Article","@id":"https:\/\/experienciadevida.com.ar\/portalurbano\/cambiemos-no-acepto-que-los-adjudicatarios-ingresen-periodicamente-a-la-obra-tuvi\/#article","isPartOf":{"@id":"https:\/\/experienciadevida.com.ar\/portalurbano\/cambiemos-no-acepto-que-los-adjudicatarios-ingresen-periodicamente-a-la-obra-tuvi\/"},"author":{"name":"admpu17wp","@id":"https:\/\/experienciadevida.com.ar\/portalurbano\/#\/schema\/person\/02dd326b1c4b056e9cc972486934a3a7"},"headline":"Cambiemos no acept\u00f3 que los adjudicatarios ingresen peri\u00f3dicamente a la Obra TUVI","datePublished":"2022-05-09T20:40:49+00:00","dateModified":"2022-05-09T20:50:41+00:00","mainEntityOfPage":{"@id":"https:\/\/experienciadevida.com.ar\/portalurbano\/cambiemos-no-acepto-que-los-adjudicatarios-ingresen-periodicamente-a-la-obra-tuvi\/"},"wordCount":586,"publisher":{"@id":"https:\/\/experienciadevida.com.ar\/portalurbano\/#organization"},"articleSection":["Ciudad"],"inLanguage":"es"},{"@type":"WebPage","@id":"https:\/\/experienciadevida.com.ar\/portalurbano\/cambiemos-no-acepto-que-los-adjudicatarios-ingresen-periodicamente-a-la-obra-tuvi\/","url":"https:\/\/experienciadevida.com.ar\/portalurbano\/cambiemos-no-acepto-que-los-adjudicatarios-ingresen-periodicamente-a-la-obra-tuvi\/","name":"Cambiemos no acept\u00f3 que los adjudicatarios ingresen","isPartOf":{"@id":"https:\/\/experienciadevida.com.ar\/portalurbano\/#website"},"datePublished":"2022-05-09T20:40:49+00:00","dateModified":"2022-05-09T20:50:41+00:00","description":"Cambiemos no acept\u00f3 que los adjudicatarios ingresen peri\u00f3dicamente a la Obra TUVI, durante la sesi\u00f3n especial de este lunes","breadcrumb":{"@id":"https:\/\/experienciadevida.com.ar\/portalurbano\/cambiemos-no-acepto-que-los-adjudicatarios-ingresen-periodicamente-a-la-obra-tuvi\/#breadcrumb"},"inLanguage":"es","potentialAction":[{"@type":"ReadAction","target":["https:\/\/experienciadevida.com.ar\/portalurbano\/cambiemos-no-acepto-que-los-adjudicatarios-ingresen-periodicamente-a-la-obra-tuvi\/"]}]},{"@type":"BreadcrumbList","@id":"https:\/\/experienciadevida.com.ar\/portalurbano\/cambiemos-no-acepto-que-los-adjudicatarios-ingresen-periodicamente-a-la-obra-tuvi\/#breadcrumb","itemListElement":[{"@type":"ListItem","position":1,"name":"Portada","item":"https:\/\/experienciadevida.com.ar\/portalurbano\/"},{"@type":"ListItem","position":2,"name":"Cambiemos no acept\u00f3 que los adjudicatarios ingresen peri\u00f3dicamente a la Obra TUVI"}]},{"@type":"WebSite","@id":"https:\/\/experienciadevida.com.ar\/portalurbano\/#website","url":"https:\/\/experienciadevida.com.ar\/portalurbano\/","name":"","description":"","publisher":{"@id":"https:\/\/experienciadevida.com.ar\/portalurbano\/#organization"},"potentialAction":[{"@type":"SearchAction","target":{"@type":"EntryPoint","urlTemplate":"https:\/\/experienciadevida.com.ar\/portalurbano\/?s={search_term_string}"},"query-input":"required name=search_term_string"}],"inLanguage":"es"},{"@type":"Organization","@id":"https:\/\/experienciadevida.com.ar\/portalurbano\/#organization","name":"Portal Urbano","url":"https:\/\/experienciadevida.com.ar\/portalurbano\/","logo":{"@type":"ImageObject","inLanguage":"es","@id":"https:\/\/experienciadevida.com.ar\/portalurbano\/#\/schema\/logo\/image\/","url":"https:\/\/experienciadevida.com.ar\/portalurbano\/wp-content\/uploads\/2019\/09\/Logo-Original.png","contentUrl":"https:\/\/experienciadevida.com.ar\/portalurbano\/wp-content\/uploads\/2019\/09\/Logo-Original.png","width":2236,"height":1216,"caption":"Portal Urbano"},"image":{"@id":"https:\/\/experienciadevida.com.ar\/portalurbano\/#\/schema\/logo\/image\/"},"sameAs":["https:\/\/www.facebook.com\/Portal-Urbano-171542830093757\/","https:\/\/twitter.com\/portalurbanook","https:\/\/www.instagram.com\/_portalurbano\/","https:\/\/www.youtube.com\/channel\/UCXhagIfszH8KxFiOok79zbA?view_as=subscriber"]},{"@type":"Person","@id":"https:\/\/experienciadevida.com.ar\/portalurbano\/#\/schema\/person\/02dd326b1c4b056e9cc972486934a3a7","name":"admpu17wp","image":{"@type":"ImageObject","inLanguage":"es","@id":"https:\/\/experienciadevida.com.ar\/portalurbano\/#\/schema\/person\/image\/","url":"https:\/\/secure.gravatar.com\/avatar\/830d4c57adaae6630765e449a6908047?s=96&d=mm&r=g","contentUrl":"https:\/\/secure.gravatar.com\/avatar\/830d4c57adaae6630765e449a6908047?s=96&d=mm&r=g","caption":"admpu17wp"}}]}},"featured_image_urls":{"full":["https:\/\/experienciadevida.com.ar\/portalurbano\/wp-content\/uploads\/2022\/05\/Cambiemos-no-acepto-que.jpg",1280,852,false],"thumbnail":["https:\/\/experienciadevida.com.ar\/portalurbano\/wp-content\/uploads\/2022\/05\/Cambiemos-no-acepto-que-150x150.jpg",150,150,true],"medium":["https:\/\/experienciadevida.com.ar\/portalurbano\/wp-content\/uploads\/2022\/05\/Cambiemos-no-acepto-que-300x200.jpg",300,200,true],"medium_large":["https:\/\/experienciadevida.com.ar\/portalurbano\/wp-content\/uploads\/2022\/05\/Cambiemos-no-acepto-que-768x511.jpg",640,426,true],"large":["https:\/\/experienciadevida.com.ar\/portalurbano\/wp-content\/uploads\/2022\/05\/Cambiemos-no-acepto-que-1024x682.jpg",640,426,true],"ug_big":["https:\/\/experienciadevida.com.ar\/portalurbano\/wp-content\/uploads\/2022\/05\/Cambiemos-no-acepto-que-768x511.jpg",768,511,true],"1536x1536":["https:\/\/experienciadevida.com.ar\/portalurbano\/wp-content\/uploads\/2022\/05\/Cambiemos-no-acepto-que.jpg",1280,852,false],"2048x2048":["https:\/\/experienciadevida.com.ar\/portalurbano\/wp-content\/uploads\/2022\/05\/Cambiemos-no-acepto-que.jpg",1280,852,false],"newsever-slider-full":["https:\/\/experienciadevida.com.ar\/portalurbano\/wp-content\/uploads\/2022\/05\/Cambiemos-no-acepto-que.jpg",1269,845,false],"newsever-featured":["https:\/\/experienciadevida.com.ar\/portalurbano\/wp-content\/uploads\/2022\/05\/Cambiemos-no-acepto-que.jpg",1024,682,false],"newsever-medium":["https:\/\/experienciadevida.com.ar\/portalurbano\/wp-content\/uploads\/2022\/05\/Cambiemos-no-acepto-que.jpg",714,475,false],"web-stories-poster-portrait":["https:\/\/experienciadevida.com.ar\/portalurbano\/wp-content\/uploads\/2022\/05\/Cambiemos-no-acepto-que.jpg",640,426,false],"web-stories-publisher-logo":["https:\/\/experienciadevida.com.ar\/portalurbano\/wp-content\/uploads\/2022\/05\/Cambiemos-no-acepto-que.jpg",96,64,false],"web-stories-thumbnail":["https:\/\/experienciadevida.com.ar\/portalurbano\/wp-content\/uploads\/2022\/05\/Cambiemos-no-acepto-que.jpg",150,100,false]},"author_info":{"display_name":"admpu17wp","author_link":"https:\/\/experienciadevida.com.ar\/portalurbano\/author\/admpu17wp\/"},"category_info":"<a href=\"https:\/\/experienciadevida.com.ar\/portalurbano\/category\/ciudad\/\" rel=\"category tag\">Ciudad<\/a>","tag_info":"Ciudad","comment_count":"0","amp_enabled":true,"_links":{"self":[{"href":"https:\/\/experienciadevida.com.ar\/portalurbano\/wp-json\/wp\/v2\/posts\/167402"}],"collection":[{"href":"https:\/\/experienciadevida.com.ar\/portalurbano\/wp-json\/wp\/v2\/posts"}],"about":[{"href":"https:\/\/experienciadevida.com.ar\/portalurbano\/wp-json\/wp\/v2\/types\/post"}],"author":[{"embeddable":true,"href":"https:\/\/experienciadevida.com.ar\/portalurbano\/wp-json\/wp\/v2\/users\/1"}],"replies":[{"embeddable":true,"href":"https:\/\/experienciadevida.com.ar\/portalurbano\/wp-json\/wp\/v2\/comments?post=167402"}],"version-history":[{"count":1,"href":"https:\/\/experienciadevida.com.ar\/portalurbano\/wp-json\/wp\/v2\/posts\/167402\/revisions"}],"predecessor-version":[{"id":167404,"href":"https:\/\/experienciadevida.com.ar\/portalurbano\/wp-json\/wp\/v2\/posts\/167402\/revisions\/167404"}],"wp:featuredmedia":[{"embeddable":true,"href":"https:\/\/experienciadevida.com.ar\/portalurbano\/wp-json\/wp\/v2\/media\/167403"}],"wp:attachment":[{"href":"https:\/\/experienciadevida.com.ar\/portalurbano\/wp-json\/wp\/v2\/media?parent=167402"}],"wp:term":[{"taxonomy":"category","embeddable":true,"href":"https:\/\/experienciadevida.com.ar\/portalurbano\/wp-json\/wp\/v2\/categories?post=167402"},{"taxonomy":"post_tag","embeddable":true,"href":"https:\/\/experienciadevida.com.ar\/portalurbano\/wp-json\/wp\/v2\/tags?post=167402"}],"curies":[{"name":"wp","href":"https:\/\/api.w.org\/{rel}","templated":true}]}}