{"id":167388,"date":"2022-05-09T15:00:10","date_gmt":"2022-05-09T18:00:10","guid":{"rendered":"https:\/\/experienciadevida.com.ar\/portalurbano\/?p=167388"},"modified":"2022-05-09T15:00:39","modified_gmt":"2022-05-09T18:00:39","slug":"se-dispondra-un-stand-informativo-sobre-el-programa-giro-en-la-plaza-manuel-belgrano","status":"publish","type":"post","link":"https:\/\/experienciadevida.com.ar\/portalurbano\/se-dispondra-un-stand-informativo-sobre-el-programa-giro-en-la-plaza-manuel-belgrano\/","title":{"rendered":"Se dispondr\u00e1 un stand informativo sobre el programa GIRO en la plaza \u201cManuel Belgrano\u201d"},"content":{"rendered":"<p>Se dispondr\u00e1 un stand informativo sobre el programa <a href=\"https:\/\/www.facebook.com\/giro.olavarria\">GIRO<\/a> en la plaza \u201cManuel Belgrano\u201d, as\u00ed lo informaron desde la Direcci\u00f3n de Desarrollo Sustentable de la Municipalidad de Olavarr\u00eda se inform\u00f3 que se desarrollar\u00e1n dos \u201cjornadas did\u00e1cticas\u201d sobre el programa GIRO (Gesti\u00f3n Integral de Residuos de Olavarr\u00eda, que tendr\u00e1n como punto de encuentro la plaza \u201cManuel Belgrano\u201d, ubicada en la calle Rivadavia entre Buchardo y Azopardo, en el barrio San Vicente.<\/p>\n<p>Se detall\u00f3 que ser\u00e1 este martes 10 de mayo de 16 a 18 horas, y el jueves 12, de 10 a 13 horas. Durante cada uno de esos d\u00edas, con el objetivo de seguir acompa\u00f1ando a la comunidad, integrantes del programa GIRO ofrecer\u00e1n jornadas informativas en un stand que ser\u00e1 dispuesto para la ocasi\u00f3n.<\/p>\n<p>A la par, se ofrecer\u00e1 material did\u00e1ctico para compartir entre quienes se acerquen. Adem\u00e1s, se entregar\u00e1n stickers, folletos, imanes con el nuevo calendario de recolecci\u00f3n y bolsas reutilizables de GIRO, entre otros elementos de inter\u00e9s.<\/p>\n<p>Cabe destacar que cada jornada fue ideada en base al sistema de recolecci\u00f3n. De esta manera, el martes habr\u00e1 una intervenci\u00f3n espec\u00edfica para tratar los residuos reciclables y el jueves el equipo ense\u00f1ar\u00e1 c\u00f3mo separar los residuos org\u00e1nicos (compostables); lo interesante de este \u00faltimo d\u00eda es que los vecinos podr\u00e1n observar de primera mano un proceso de compostaje casero.<\/p>\n<p>Para m\u00e1s informaci\u00f3n pueden comunicarse con la Direcci\u00f3n de Desarrollo Sustentable de la Secretar\u00eda de Desarrollo Econ\u00f3mico al tel\u00e9fono 412600, o bien por correo electr\u00f3nico, a trav\u00e9s de gestionambiental@olavarria.gov.ar. Redes sociales: @desarrollosustentableolavarria \u2013 @giro.olavarria.<\/p>\n","protected":false},"excerpt":{"rendered":"<p>Se dispondr\u00e1 un stand informativo sobre el programa GIRO en la plaza \u201cManuel Belgrano\u201d, as\u00ed&#8230;<\/p>\n","protected":false},"author":1,"featured_media":156927,"comment_status":"closed","ping_status":"closed","sticky":false,"template":"","format":"standard","meta":{"content-type":""},"categories":[27],"tags":[],"nelio_content":{"isAutoShareEnabled":false,"autoShareEndMode":"default","automationSources":{"useContentSentences":true,"useSocialTemplates":true,"useCustomSentences":false,"customSentences":[]},"followers":[1],"suggestedReferences":[],"includedReferences":[],"efiUrl":"","efiAlt":"","highlights":[]},"yoast_head":"<!-- This site is optimized with the Yoast SEO plugin v20.7 - https:\/\/yoast.com\/wordpress\/plugins\/seo\/ -->\n<title>Se dispondr\u00e1 un stand informativo sobre el programa GIRO en la plaza<\/title>\n<meta name=\"description\" content=\"Se dispondr\u00e1 un stand informativo sobre el programa GIRO en la plaza \u201cManuel Belgrano\u201d, as\u00ed lo informaron desde la Desarrollo Sustentable\" \/>\n<meta name=\"robots\" content=\"index, follow, max-snippet:-1, max-image-preview:large, max-video-preview:-1\" \/>\n<link rel=\"canonical\" href=\"https:\/\/experienciadevida.com.ar\/portalurbano\/se-dispondra-un-stand-informativo-sobre-el-programa-giro-en-la-plaza-manuel-belgrano\/\" \/>\n<meta property=\"og:locale\" content=\"es_ES\" \/>\n<meta property=\"og:type\" content=\"article\" \/>\n<meta property=\"og:title\" content=\"Se dispondr\u00e1 un stand informativo sobre el programa GIRO en la plaza\" \/>\n<meta property=\"og:description\" content=\"Se dispondr\u00e1 un stand informativo sobre el programa GIRO en la plaza \u201cManuel Belgrano\u201d, as\u00ed lo informaron desde la Desarrollo Sustentable\" \/>\n<meta property=\"og:url\" content=\"https:\/\/experienciadevida.com.ar\/portalurbano\/se-dispondra-un-stand-informativo-sobre-el-programa-giro-en-la-plaza-manuel-belgrano\/\" \/>\n<meta property=\"article:publisher\" content=\"https:\/\/www.facebook.com\/Portal-Urbano-171542830093757\/\" \/>\n<meta property=\"article:published_time\" content=\"2022-05-09T18:00:10+00:00\" \/>\n<meta property=\"article:modified_time\" content=\"2022-05-09T18:00:39+00:00\" \/>\n<meta property=\"og:image\" content=\"https:\/\/experienciadevida.com.ar\/portalurbano\/wp-content\/uploads\/2021\/11\/El-equipo-de-GIRO.jpg\" \/>\n\t<meta property=\"og:image:width\" content=\"564\" \/>\n\t<meta property=\"og:image:height\" content=\"372\" \/>\n\t<meta property=\"og:image:type\" content=\"image\/jpeg\" \/>\n<meta name=\"author\" content=\"admpu17wp\" \/>\n<meta name=\"twitter:card\" content=\"summary_large_image\" \/>\n<meta name=\"twitter:creator\" content=\"@portalurbanook\" \/>\n<meta name=\"twitter:site\" content=\"@portalurbanook\" \/>\n<meta name=\"twitter:label1\" content=\"Escrito por\" \/>\n\t<meta name=\"twitter:data1\" content=\"admpu17wp\" \/>\n\t<meta name=\"twitter:label2\" content=\"Tiempo de lectura\" \/>\n\t<meta name=\"twitter:data2\" content=\"2 minutos\" \/>\n<script type=\"application\/ld+json\" class=\"yoast-schema-graph\">{\"@context\":\"https:\/\/schema.org\",\"@graph\":[{\"@type\":\"Article\",\"@id\":\"https:\/\/experienciadevida.com.ar\/portalurbano\/se-dispondra-un-stand-informativo-sobre-el-programa-giro-en-la-plaza-manuel-belgrano\/#article\",\"isPartOf\":{\"@id\":\"https:\/\/experienciadevida.com.ar\/portalurbano\/se-dispondra-un-stand-informativo-sobre-el-programa-giro-en-la-plaza-manuel-belgrano\/\"},\"author\":{\"name\":\"admpu17wp\",\"@id\":\"https:\/\/experienciadevida.com.ar\/portalurbano\/#\/schema\/person\/02dd326b1c4b056e9cc972486934a3a7\"},\"headline\":\"Se dispondr\u00e1 un stand informativo sobre el programa GIRO en la plaza \u201cManuel Belgrano\u201d\",\"datePublished\":\"2022-05-09T18:00:10+00:00\",\"dateModified\":\"2022-05-09T18:00:39+00:00\",\"mainEntityOfPage\":{\"@id\":\"https:\/\/experienciadevida.com.ar\/portalurbano\/se-dispondra-un-stand-informativo-sobre-el-programa-giro-en-la-plaza-manuel-belgrano\/\"},\"wordCount\":294,\"publisher\":{\"@id\":\"https:\/\/experienciadevida.com.ar\/portalurbano\/#organization\"},\"articleSection\":[\"Ciudad\"],\"inLanguage\":\"es\"},{\"@type\":\"WebPage\",\"@id\":\"https:\/\/experienciadevida.com.ar\/portalurbano\/se-dispondra-un-stand-informativo-sobre-el-programa-giro-en-la-plaza-manuel-belgrano\/\",\"url\":\"https:\/\/experienciadevida.com.ar\/portalurbano\/se-dispondra-un-stand-informativo-sobre-el-programa-giro-en-la-plaza-manuel-belgrano\/\",\"name\":\"Se dispondr\u00e1 un stand informativo sobre el programa GIRO en la plaza\",\"isPartOf\":{\"@id\":\"https:\/\/experienciadevida.com.ar\/portalurbano\/#website\"},\"datePublished\":\"2022-05-09T18:00:10+00:00\",\"dateModified\":\"2022-05-09T18:00:39+00:00\",\"description\":\"Se dispondr\u00e1 un stand informativo sobre el programa GIRO en la plaza \u201cManuel Belgrano\u201d, as\u00ed lo informaron desde la Desarrollo Sustentable\",\"breadcrumb\":{\"@id\":\"https:\/\/experienciadevida.com.ar\/portalurbano\/se-dispondra-un-stand-informativo-sobre-el-programa-giro-en-la-plaza-manuel-belgrano\/#breadcrumb\"},\"inLanguage\":\"es\",\"potentialAction\":[{\"@type\":\"ReadAction\",\"target\":[\"https:\/\/experienciadevida.com.ar\/portalurbano\/se-dispondra-un-stand-informativo-sobre-el-programa-giro-en-la-plaza-manuel-belgrano\/\"]}]},{\"@type\":\"BreadcrumbList\",\"@id\":\"https:\/\/experienciadevida.com.ar\/portalurbano\/se-dispondra-un-stand-informativo-sobre-el-programa-giro-en-la-plaza-manuel-belgrano\/#breadcrumb\",\"itemListElement\":[{\"@type\":\"ListItem\",\"position\":1,\"name\":\"Portada\",\"item\":\"https:\/\/experienciadevida.com.ar\/portalurbano\/\"},{\"@type\":\"ListItem\",\"position\":2,\"name\":\"Se dispondr\u00e1 un stand informativo sobre el programa GIRO en la plaza \u201cManuel Belgrano\u201d\"}]},{\"@type\":\"WebSite\",\"@id\":\"https:\/\/experienciadevida.com.ar\/portalurbano\/#website\",\"url\":\"https:\/\/experienciadevida.com.ar\/portalurbano\/\",\"name\":\"\",\"description\":\"\",\"publisher\":{\"@id\":\"https:\/\/experienciadevida.com.ar\/portalurbano\/#organization\"},\"potentialAction\":[{\"@type\":\"SearchAction\",\"target\":{\"@type\":\"EntryPoint\",\"urlTemplate\":\"https:\/\/experienciadevida.com.ar\/portalurbano\/?s={search_term_string}\"},\"query-input\":\"required name=search_term_string\"}],\"inLanguage\":\"es\"},{\"@type\":\"Organization\",\"@id\":\"https:\/\/experienciadevida.com.ar\/portalurbano\/#organization\",\"name\":\"Portal Urbano\",\"url\":\"https:\/\/experienciadevida.com.ar\/portalurbano\/\",\"logo\":{\"@type\":\"ImageObject\",\"inLanguage\":\"es\",\"@id\":\"https:\/\/experienciadevida.com.ar\/portalurbano\/#\/schema\/logo\/image\/\",\"url\":\"https:\/\/experienciadevida.com.ar\/portalurbano\/wp-content\/uploads\/2019\/09\/Logo-Original.png\",\"contentUrl\":\"https:\/\/experienciadevida.com.ar\/portalurbano\/wp-content\/uploads\/2019\/09\/Logo-Original.png\",\"width\":2236,\"height\":1216,\"caption\":\"Portal Urbano\"},\"image\":{\"@id\":\"https:\/\/experienciadevida.com.ar\/portalurbano\/#\/schema\/logo\/image\/\"},\"sameAs\":[\"https:\/\/www.facebook.com\/Portal-Urbano-171542830093757\/\",\"https:\/\/twitter.com\/portalurbanook\",\"https:\/\/www.instagram.com\/_portalurbano\/\",\"https:\/\/www.youtube.com\/channel\/UCXhagIfszH8KxFiOok79zbA?view_as=subscriber\"]},{\"@type\":\"Person\",\"@id\":\"https:\/\/experienciadevida.com.ar\/portalurbano\/#\/schema\/person\/02dd326b1c4b056e9cc972486934a3a7\",\"name\":\"admpu17wp\",\"image\":{\"@type\":\"ImageObject\",\"inLanguage\":\"es\",\"@id\":\"https:\/\/experienciadevida.com.ar\/portalurbano\/#\/schema\/person\/image\/\",\"url\":\"https:\/\/secure.gravatar.com\/avatar\/830d4c57adaae6630765e449a6908047?s=96&d=mm&r=g\",\"contentUrl\":\"https:\/\/secure.gravatar.com\/avatar\/830d4c57adaae6630765e449a6908047?s=96&d=mm&r=g\",\"caption\":\"admpu17wp\"}}]}<\/script>\n<!-- \/ Yoast SEO plugin. -->","yoast_head_json":{"title":"Se dispondr\u00e1 un stand informativo sobre el programa GIRO en la plaza","description":"Se dispondr\u00e1 un stand informativo sobre el programa GIRO en la plaza \u201cManuel Belgrano\u201d, as\u00ed lo informaron desde la Desarrollo Sustentable","robots":{"index":"index","follow":"follow","max-snippet":"max-snippet:-1","max-image-preview":"max-image-preview:large","max-video-preview":"max-video-preview:-1"},"canonical":"https:\/\/experienciadevida.com.ar\/portalurbano\/se-dispondra-un-stand-informativo-sobre-el-programa-giro-en-la-plaza-manuel-belgrano\/","og_locale":"es_ES","og_type":"article","og_title":"Se dispondr\u00e1 un stand informativo sobre el programa GIRO en la plaza","og_description":"Se dispondr\u00e1 un stand informativo sobre el programa GIRO en la plaza \u201cManuel Belgrano\u201d, as\u00ed lo informaron desde la Desarrollo Sustentable","og_url":"https:\/\/experienciadevida.com.ar\/portalurbano\/se-dispondra-un-stand-informativo-sobre-el-programa-giro-en-la-plaza-manuel-belgrano\/","article_publisher":"https:\/\/www.facebook.com\/Portal-Urbano-171542830093757\/","article_published_time":"2022-05-09T18:00:10+00:00","article_modified_time":"2022-05-09T18:00:39+00:00","og_image":[{"width":564,"height":372,"url":"https:\/\/experienciadevida.com.ar\/portalurbano\/wp-content\/uploads\/2021\/11\/El-equipo-de-GIRO.jpg","type":"image\/jpeg"}],"author":"admpu17wp","twitter_card":"summary_large_image","twitter_creator":"@portalurbanook","twitter_site":"@portalurbanook","twitter_misc":{"Escrito por":"admpu17wp","Tiempo de lectura":"2 minutos"},"schema":{"@context":"https:\/\/schema.org","@graph":[{"@type":"Article","@id":"https:\/\/experienciadevida.com.ar\/portalurbano\/se-dispondra-un-stand-informativo-sobre-el-programa-giro-en-la-plaza-manuel-belgrano\/#article","isPartOf":{"@id":"https:\/\/experienciadevida.com.ar\/portalurbano\/se-dispondra-un-stand-informativo-sobre-el-programa-giro-en-la-plaza-manuel-belgrano\/"},"author":{"name":"admpu17wp","@id":"https:\/\/experienciadevida.com.ar\/portalurbano\/#\/schema\/person\/02dd326b1c4b056e9cc972486934a3a7"},"headline":"Se dispondr\u00e1 un stand informativo sobre el programa GIRO en la plaza \u201cManuel Belgrano\u201d","datePublished":"2022-05-09T18:00:10+00:00","dateModified":"2022-05-09T18:00:39+00:00","mainEntityOfPage":{"@id":"https:\/\/experienciadevida.com.ar\/portalurbano\/se-dispondra-un-stand-informativo-sobre-el-programa-giro-en-la-plaza-manuel-belgrano\/"},"wordCount":294,"publisher":{"@id":"https:\/\/experienciadevida.com.ar\/portalurbano\/#organization"},"articleSection":["Ciudad"],"inLanguage":"es"},{"@type":"WebPage","@id":"https:\/\/experienciadevida.com.ar\/portalurbano\/se-dispondra-un-stand-informativo-sobre-el-programa-giro-en-la-plaza-manuel-belgrano\/","url":"https:\/\/experienciadevida.com.ar\/portalurbano\/se-dispondra-un-stand-informativo-sobre-el-programa-giro-en-la-plaza-manuel-belgrano\/","name":"Se dispondr\u00e1 un stand informativo sobre el programa GIRO en la plaza","isPartOf":{"@id":"https:\/\/experienciadevida.com.ar\/portalurbano\/#website"},"datePublished":"2022-05-09T18:00:10+00:00","dateModified":"2022-05-09T18:00:39+00:00","description":"Se dispondr\u00e1 un stand informativo sobre el programa GIRO en la plaza \u201cManuel Belgrano\u201d, as\u00ed lo informaron desde la Desarrollo Sustentable","breadcrumb":{"@id":"https:\/\/experienciadevida.com.ar\/portalurbano\/se-dispondra-un-stand-informativo-sobre-el-programa-giro-en-la-plaza-manuel-belgrano\/#breadcrumb"},"inLanguage":"es","potentialAction":[{"@type":"ReadAction","target":["https:\/\/experienciadevida.com.ar\/portalurbano\/se-dispondra-un-stand-informativo-sobre-el-programa-giro-en-la-plaza-manuel-belgrano\/"]}]},{"@type":"BreadcrumbList","@id":"https:\/\/experienciadevida.com.ar\/portalurbano\/se-dispondra-un-stand-informativo-sobre-el-programa-giro-en-la-plaza-manuel-belgrano\/#breadcrumb","itemListElement":[{"@type":"ListItem","position":1,"name":"Portada","item":"https:\/\/experienciadevida.com.ar\/portalurbano\/"},{"@type":"ListItem","position":2,"name":"Se dispondr\u00e1 un stand informativo sobre el programa GIRO en la plaza \u201cManuel Belgrano\u201d"}]},{"@type":"WebSite","@id":"https:\/\/experienciadevida.com.ar\/portalurbano\/#website","url":"https:\/\/experienciadevida.com.ar\/portalurbano\/","name":"","description":"","publisher":{"@id":"https:\/\/experienciadevida.com.ar\/portalurbano\/#organization"},"potentialAction":[{"@type":"SearchAction","target":{"@type":"EntryPoint","urlTemplate":"https:\/\/experienciadevida.com.ar\/portalurbano\/?s={search_term_string}"},"query-input":"required name=search_term_string"}],"inLanguage":"es"},{"@type":"Organization","@id":"https:\/\/experienciadevida.com.ar\/portalurbano\/#organization","name":"Portal Urbano","url":"https:\/\/experienciadevida.com.ar\/portalurbano\/","logo":{"@type":"ImageObject","inLanguage":"es","@id":"https:\/\/experienciadevida.com.ar\/portalurbano\/#\/schema\/logo\/image\/","url":"https:\/\/experienciadevida.com.ar\/portalurbano\/wp-content\/uploads\/2019\/09\/Logo-Original.png","contentUrl":"https:\/\/experienciadevida.com.ar\/portalurbano\/wp-content\/uploads\/2019\/09\/Logo-Original.png","width":2236,"height":1216,"caption":"Portal Urbano"},"image":{"@id":"https:\/\/experienciadevida.com.ar\/portalurbano\/#\/schema\/logo\/image\/"},"sameAs":["https:\/\/www.facebook.com\/Portal-Urbano-171542830093757\/","https:\/\/twitter.com\/portalurbanook","https:\/\/www.instagram.com\/_portalurbano\/","https:\/\/www.youtube.com\/channel\/UCXhagIfszH8KxFiOok79zbA?view_as=subscriber"]},{"@type":"Person","@id":"https:\/\/experienciadevida.com.ar\/portalurbano\/#\/schema\/person\/02dd326b1c4b056e9cc972486934a3a7","name":"admpu17wp","image":{"@type":"ImageObject","inLanguage":"es","@id":"https:\/\/experienciadevida.com.ar\/portalurbano\/#\/schema\/person\/image\/","url":"https:\/\/secure.gravatar.com\/avatar\/830d4c57adaae6630765e449a6908047?s=96&d=mm&r=g","contentUrl":"https:\/\/secure.gravatar.com\/avatar\/830d4c57adaae6630765e449a6908047?s=96&d=mm&r=g","caption":"admpu17wp"}}]}},"featured_image_urls":{"full":["https:\/\/experienciadevida.com.ar\/portalurbano\/wp-content\/uploads\/2021\/11\/El-equipo-de-GIRO.jpg",564,372,false],"thumbnail":["https:\/\/experienciadevida.com.ar\/portalurbano\/wp-content\/uploads\/2021\/11\/El-equipo-de-GIRO-150x150.jpg",150,150,true],"medium":["https:\/\/experienciadevida.com.ar\/portalurbano\/wp-content\/uploads\/2021\/11\/El-equipo-de-GIRO-300x198.jpg",300,198,true],"medium_large":["https:\/\/experienciadevida.com.ar\/portalurbano\/wp-content\/uploads\/2021\/11\/El-equipo-de-GIRO.jpg",564,372,false],"large":["https:\/\/experienciadevida.com.ar\/portalurbano\/wp-content\/uploads\/2021\/11\/El-equipo-de-GIRO.jpg",564,372,false],"ug_big":["https:\/\/experienciadevida.com.ar\/portalurbano\/wp-content\/uploads\/2021\/11\/El-equipo-de-GIRO.jpg",564,372,false],"1536x1536":["https:\/\/experienciadevida.com.ar\/portalurbano\/wp-content\/uploads\/2021\/11\/El-equipo-de-GIRO.jpg",564,372,false],"2048x2048":["https:\/\/experienciadevida.com.ar\/portalurbano\/wp-content\/uploads\/2021\/11\/El-equipo-de-GIRO.jpg",564,372,false],"newsever-slider-full":["https:\/\/experienciadevida.com.ar\/portalurbano\/wp-content\/uploads\/2021\/11\/El-equipo-de-GIRO.jpg",564,372,false],"newsever-featured":["https:\/\/experienciadevida.com.ar\/portalurbano\/wp-content\/uploads\/2021\/11\/El-equipo-de-GIRO.jpg",564,372,false],"newsever-medium":["https:\/\/experienciadevida.com.ar\/portalurbano\/wp-content\/uploads\/2021\/11\/El-equipo-de-GIRO.jpg",564,372,false],"web-stories-poster-portrait":["https:\/\/experienciadevida.com.ar\/portalurbano\/wp-content\/uploads\/2021\/11\/El-equipo-de-GIRO.jpg",564,372,false],"web-stories-publisher-logo":["https:\/\/experienciadevida.com.ar\/portalurbano\/wp-content\/uploads\/2021\/11\/El-equipo-de-GIRO.jpg",96,63,false],"web-stories-thumbnail":["https:\/\/experienciadevida.com.ar\/portalurbano\/wp-content\/uploads\/2021\/11\/El-equipo-de-GIRO.jpg",150,99,false]},"author_info":{"display_name":"admpu17wp","author_link":"https:\/\/experienciadevida.com.ar\/portalurbano\/author\/admpu17wp\/"},"category_info":"<a href=\"https:\/\/experienciadevida.com.ar\/portalurbano\/category\/ciudad\/\" rel=\"category tag\">Ciudad<\/a>","tag_info":"Ciudad","comment_count":"0","amp_enabled":true,"_links":{"self":[{"href":"https:\/\/experienciadevida.com.ar\/portalurbano\/wp-json\/wp\/v2\/posts\/167388"}],"collection":[{"href":"https:\/\/experienciadevida.com.ar\/portalurbano\/wp-json\/wp\/v2\/posts"}],"about":[{"href":"https:\/\/experienciadevida.com.ar\/portalurbano\/wp-json\/wp\/v2\/types\/post"}],"author":[{"embeddable":true,"href":"https:\/\/experienciadevida.com.ar\/portalurbano\/wp-json\/wp\/v2\/users\/1"}],"replies":[{"embeddable":true,"href":"https:\/\/experienciadevida.com.ar\/portalurbano\/wp-json\/wp\/v2\/comments?post=167388"}],"version-history":[{"count":3,"href":"https:\/\/experienciadevida.com.ar\/portalurbano\/wp-json\/wp\/v2\/posts\/167388\/revisions"}],"predecessor-version":[{"id":167391,"href":"https:\/\/experienciadevida.com.ar\/portalurbano\/wp-json\/wp\/v2\/posts\/167388\/revisions\/167391"}],"wp:featuredmedia":[{"embeddable":true,"href":"https:\/\/experienciadevida.com.ar\/portalurbano\/wp-json\/wp\/v2\/media\/156927"}],"wp:attachment":[{"href":"https:\/\/experienciadevida.com.ar\/portalurbano\/wp-json\/wp\/v2\/media?parent=167388"}],"wp:term":[{"taxonomy":"category","embeddable":true,"href":"https:\/\/experienciadevida.com.ar\/portalurbano\/wp-json\/wp\/v2\/categories?post=167388"},{"taxonomy":"post_tag","embeddable":true,"href":"https:\/\/experienciadevida.com.ar\/portalurbano\/wp-json\/wp\/v2\/tags?post=167388"}],"curies":[{"name":"wp","href":"https:\/\/api.w.org\/{rel}","templated":true}]}}